{"id":23277,"date":"2023-11-21T09:11:37","date_gmt":"2023-11-21T08:11:37","guid":{"rendered":"https:\/\/www.organisator.ch\/?p=23277"},"modified":"2023-12-04T16:23:51","modified_gmt":"2023-12-04T15:23:51","slug":"wertschaetzen-mit-einer-schweizer-app-fuer-mitarbeitende","status":"publish","type":"post","link":"https:\/\/www.organisator.ch\/it\/human-resources\/2023-11-21\/wertschaetzen-mit-einer-schweizer-app-fuer-mitarbeitende\/","title":{"rendered":"Apprezzamento con un'applicazione svizzera per i dipendenti"},"content":{"rendered":"<figure id=\"attachment_23279\" aria-describedby=\"caption-attachment-23279\" style=\"width: 680px\" class=\"wp-caption alignnone\"><img loading=\"lazy\" decoding=\"async\" class=\"size-full wp-image-23279\" src=\"https:\/\/www.organisator.ch\/wp-content\/uploads\/2023\/11\/Wertschaetzungs-Karten-auf-der-Involve-App_Bild1_ps.jpg\" alt=\"\" width=\"680\" height=\"404\" srcset=\"https:\/\/www.organisator.ch\/wp-content\/uploads\/2023\/11\/Wertschaetzungs-Karten-auf-der-Involve-App_Bild1_ps.jpg 680w, https:\/\/www.organisator.ch\/wp-content\/uploads\/2023\/11\/Wertschaetzungs-Karten-auf-der-Involve-App_Bild1_ps-18x12.jpg 18w, https:\/\/www.organisator.ch\/wp-content\/uploads\/2023\/11\/Wertschaetzungs-Karten-auf-der-Involve-App_Bild1_ps-375x223.jpg 375w, https:\/\/www.organisator.ch\/wp-content\/uploads\/2023\/11\/Wertschaetzungs-Karten-auf-der-Involve-App_Bild1_ps-589x350.jpg 589w\" sizes=\"auto, (max-width: 680px) 100vw, 680px\" \/><figcaption id=\"caption-attachment-23279\" class=\"wp-caption-text\">Biglietti di apprezzamento sull'app Involve. (Immagine: www.involve.ch)<\/figcaption><\/figure>\n<p>L'apprezzamento aumenta la soddisfazione e la fedelt\u00e0 dei dipendenti del 67 %. Questo dato, tratto da uno studio Gallup, dimostra chiaramente che i dipendenti apprezzati si sentono meglio, sono felici di fare di pi\u00f9 e sono pi\u00f9 fedeli all'azienda.<\/p>\n<p>Come pu\u00f2 un'azienda mostrare apprezzamento ai propri dipendenti? Se i dipendenti sono coinvolti nelle decisioni e possono partecipare agli eventi correnti, sperimentano il riconoscimento in modo semplice e diretto. \u00c8 qui che entra in gioco Involve AG come partner ideale. L'azienda svizzera ha sviluppato un'app per i dipendenti che rende la comunicazione interna e la dimostrazione di apprezzamento davvero divertenti.<\/p>\n<h3><strong>Comunicazione diretta e standardizzata per tutto il team<\/strong><\/h3>\n<p>Che sia in produzione, in una casa di cura o in un cantiere, l'app Involve tiene informato l'intero team su tutti i livelli funzionali in modo simultaneo e diretto. Il design intuitivo, l'elevato livello di facilit\u00e0 d'uso, la funzione di traduzione integrata e il funzionamento facile da usare ispirano i numerosi clienti dei settori pi\u00f9 disparati. Inoltre, le funzioni interattive promuovono la coesione del team. Ad esempio, \u00e8 possibile effettuare sondaggi per coinvolgere i dipendenti nelle decisioni. Nelle chat di gruppo si possono scambiare idee o documenti importanti.<\/p>\n<h3><strong>Novit\u00e0: i biglietti di ringraziamento regalano un sorriso<\/strong><\/h3>\n<p>I biglietti di apprezzamento digitali sono un modo del tutto nuovo per sottolineare i risultati speciali raggiunti all'interno del team. L'espressione reciproca di riconoscimento, rispetto e interesse contribuisce a creare un ambiente di lavoro positivo e produttivo.<\/p>\n<h3><strong>Molti clienti entusiasti da tutta la Svizzera<\/strong><\/h3>\n<p>Numerose aziende in tutta la Svizzera stanno gi\u00e0 sperimentando quotidianamente l'impatto positivo dell'app Involve sulla soddisfazione dei team. Il Gruppo Elicotteri Svizzeri, ad esempio: \"Laddove si dimostra apprezzamento, il datore di lavoro mantiene i propri dipendenti\", afferma con convinzione Bj\u00f6rn Gerhard, membro della Direzione generale. Rolf Krucker, responsabile della comunicazione e del marketing del servizio ambulanze del KSW Kantonsspital Winterthur, \u00e8 dello stesso parere: \"La comunicazione tramite l'app per i dipendenti Involve promuove la nostra attrattiva come datore di lavoro. L'app con il marchio rafforza ulteriormente l'identificazione dei dipendenti con il loro servizio di soccorso\", riassume l'uso dell'app Involve.<\/p>\n<figure id=\"attachment_23278\" aria-describedby=\"caption-attachment-23278\" style=\"width: 680px\" class=\"wp-caption alignnone\"><img loading=\"lazy\" decoding=\"async\" class=\"size-full wp-image-23278\" src=\"https:\/\/www.organisator.ch\/wp-content\/uploads\/2023\/11\/Bjoern-Gerhard_Swiss-Helicopter_Involve_Bild2_ps.jpg\" alt=\"\" width=\"680\" height=\"383\" srcset=\"https:\/\/www.organisator.ch\/wp-content\/uploads\/2023\/11\/Bjoern-Gerhard_Swiss-Helicopter_Involve_Bild2_ps.jpg 680w, https:\/\/www.organisator.ch\/wp-content\/uploads\/2023\/11\/Bjoern-Gerhard_Swiss-Helicopter_Involve_Bild2_ps-18x10.jpg 18w, https:\/\/www.organisator.ch\/wp-content\/uploads\/2023\/11\/Bjoern-Gerhard_Swiss-Helicopter_Involve_Bild2_ps-375x211.jpg 375w, https:\/\/www.organisator.ch\/wp-content\/uploads\/2023\/11\/Bjoern-Gerhard_Swiss-Helicopter_Involve_Bild2_ps-621x350.jpg 621w\" sizes=\"auto, (max-width: 680px) 100vw, 680px\" \/><figcaption id=\"caption-attachment-23278\" class=\"wp-caption-text\">Bj\u00f6rn Gerhard - Membro del Comitato esecutivo e responsabile delle risorse umane e della comunicazione di Swiss Helicopter Group. (Immagine: www.involve.ch)<\/figcaption><\/figure>\n<h3><strong>L'app svizzera per i dipendenti: Coinvolgere <\/strong><\/h3>\n<p>Il processo di implementazione \u00e8 semplice come l'applicazione stessa. I clienti ricevono un'assistenza personalizzata da Involve AG, che li accompagna in poche ore. Involve \u00e8 un'azienda svizzera gestita dal proprietario al 100 % con uffici a Sursee, D\u00fcbendorf e Murten. L'applicazione \u00e8 sviluppata in Svizzera e i dati sono archiviati su server svizzeri certificati. Le aziende che desiderano semplificare la comunicazione interna tra i dipendenti e coinvolgere maggiormente i membri del proprio team nell'azienda possono testare senza impegno l'app svizzera per i dipendenti all'indirizzo <a href=\"https:\/\/www.involve.ch\/app-testen\">involve.ch\/app-testing<\/a>.<\/p>\n<p><em>Fonte: <a href=\"https:\/\/www.involve.ch\/\">www.involve.ch\u00a0<\/a><\/em><\/p>","protected":false},"excerpt":{"rendered":"<p>Una comunicazione interna trasparente contribuisce in modo significativo all'apprezzamento e quindi alla soddisfazione all'interno dell'azienda. Il coinvolgimento attivo dei dipendenti rafforza il loro legame con il datore di lavoro e aumenta la fedelt\u00e0 del team. Involve supporta le aziende nel percorso verso un maggiore apprezzamento all'interno del team con l'app svizzera per i dipendenti e ora con i biglietti di apprezzamento digitali. <\/p>","protected":false},"author":58,"featured_media":23279,"comment_status":"closed","ping_status":"closed","sticky":false,"template":"","format":"standard","meta":{"_acf_changed":false,"_yoast_wpseo_focuskw":"Schweizer App","_yoast_wpseo_metadesc":"Involve unterst\u00fctzt Unternehmen auf dem Weg zu mehr Wertsch\u00e4tzung im Team mit der Schweizer App f\u00fcr Mitarbeitende und Wertsch\u00e4tzungs-Karten.","articlekey":"","footnotes":""},"categories":[579],"tags":[156,424,492,496],"class_list":["post-23277","post","type-post","status-publish","format-standard","has-post-thumbnail","hentry","category-human-resources","tag-digitalisierung","tag-schweiz","tag-unternehmen","tag-unternehmensfuehrung"],"acf":[],"yoast_head":"<!-- This site is optimized with the Yoast SEO plugin v27.4 - https:\/\/yoast.com\/product\/yoast-seo-wordpress\/ -->\n<title>Wertsch\u00e4tzen mit einer Schweizer App f\u00fcr Mitarbeitende - Organisator<\/title>\n<meta name=\"description\" content=\"Involve unterst\u00fctzt Unternehmen auf dem Weg zu mehr Wertsch\u00e4tzung im Team mit der Schweizer App f\u00fcr Mitarbeitende und Wertsch\u00e4tzungs-Karten.\" \/>\n<meta name=\"robots\" content=\"index, follow, max-snippet:-1, max-image-preview:large, max-video-preview:-1\" \/>\n<link rel=\"canonical\" href=\"https:\/\/www.organisator.ch\/it\/risorse-umane\/2023-11-21\/wertschaetzen-mit-einer-schweizer-app-fuer-mitarbeitende\/\" \/>\n<meta property=\"og:locale\" content=\"it_IT\" \/>\n<meta property=\"og:type\" content=\"article\" \/>\n<meta property=\"og:title\" content=\"Wertsch\u00e4tzen mit einer Schweizer App f\u00fcr Mitarbeitende\" \/>\n<meta property=\"og:description\" content=\"Involve unterst\u00fctzt Unternehmen auf dem Weg zu mehr Wertsch\u00e4tzung im Team mit der Schweizer App f\u00fcr Mitarbeitende und Wertsch\u00e4tzungs-Karten.\" \/>\n<meta property=\"og:url\" content=\"https:\/\/www.organisator.ch\/it\/risorse-umane\/2023-11-21\/wertschaetzen-mit-einer-schweizer-app-fuer-mitarbeitende\/\" \/>\n<meta property=\"og:site_name\" content=\"Organisator\" \/>\n<meta property=\"article:publisher\" content=\"https:\/\/www.facebook.com\/OrganisatorFachmagazin\" \/>\n<meta property=\"article:published_time\" content=\"2023-11-21T08:11:37+00:00\" \/>\n<meta property=\"article:modified_time\" content=\"2023-12-04T15:23:51+00:00\" \/>\n<meta property=\"og:image\" content=\"https:\/\/www.organisator.ch\/wp-content\/uploads\/2023\/11\/Wertschaetzungs-Karten-auf-der-Involve-App_Bild1_ps.jpg\" \/>\n\t<meta property=\"og:image:width\" content=\"680\" \/>\n\t<meta property=\"og:image:height\" content=\"404\" \/>\n\t<meta property=\"og:image:type\" content=\"image\/jpeg\" \/>\n<meta name=\"author\" content=\"Adelisa Kalajdzini\" \/>\n<meta name=\"twitter:card\" content=\"summary_large_image\" \/>\n<meta name=\"twitter:title\" content=\"Wertsch\u00e4tzen mit einer Schweizer App f\u00fcr Mitarbeitende\" \/>\n<meta name=\"twitter:description\" content=\"#Involve unterst\u00fctzt #Unternehmen auf dem Weg zu mehr #Wertsch\u00e4tzung im Team mit der Schweizer App f\u00fcr Mitarbeitende und #Wertsch\u00e4tzungs-Karten.\" \/>\n<meta name=\"twitter:image\" content=\"https:\/\/www.organisator.ch\/wp-content\/uploads\/2023\/11\/Wertschaetzungs-Karten-auf-der-Involve-App_Bild1_ps.jpg\" \/>\n<script type=\"application\/ld+json\" class=\"yoast-schema-graph\">{\"@context\":\"https:\\\/\\\/schema.org\",\"@graph\":[{\"@type\":\"Article\",\"@id\":\"https:\\\/\\\/www.organisator.ch\\\/human-resources\\\/2023-11-21\\\/wertschaetzen-mit-einer-schweizer-app-fuer-mitarbeitende\\\/#article\",\"isPartOf\":{\"@id\":\"https:\\\/\\\/www.organisator.ch\\\/human-resources\\\/2023-11-21\\\/wertschaetzen-mit-einer-schweizer-app-fuer-mitarbeitende\\\/\"},\"author\":{\"name\":\"Adelisa Kalajdzini\",\"@id\":\"https:\\\/\\\/www.organisator.ch\\\/#\\\/schema\\\/person\\\/2e1314a2172123f874db408d8911d3f3\"},\"headline\":\"Wertsch\u00e4tzen mit einer Schweizer App f\u00fcr Mitarbeitende\",\"datePublished\":\"2023-11-21T08:11:37+00:00\",\"dateModified\":\"2023-12-04T15:23:51+00:00\",\"mainEntityOfPage\":{\"@id\":\"https:\\\/\\\/www.organisator.ch\\\/human-resources\\\/2023-11-21\\\/wertschaetzen-mit-einer-schweizer-app-fuer-mitarbeitende\\\/\"},\"wordCount\":484,\"publisher\":{\"@id\":\"https:\\\/\\\/www.organisator.ch\\\/#organization\"},\"image\":{\"@id\":\"https:\\\/\\\/www.organisator.ch\\\/human-resources\\\/2023-11-21\\\/wertschaetzen-mit-einer-schweizer-app-fuer-mitarbeitende\\\/#primaryimage\"},\"thumbnailUrl\":\"https:\\\/\\\/www.organisator.ch\\\/wp-content\\\/uploads\\\/2023\\\/11\\\/Wertschaetzungs-Karten-auf-der-Involve-App_Bild1_ps.jpg\",\"keywords\":[\"Digitalisierung\",\"Schweiz\",\"Unternehmen\",\"Unternehmensf\u00fchrung\"],\"articleSection\":[\"HUMAN RESOURCES\"],\"inLanguage\":\"it-IT\"},{\"@type\":\"WebPage\",\"@id\":\"https:\\\/\\\/www.organisator.ch\\\/human-resources\\\/2023-11-21\\\/wertschaetzen-mit-einer-schweizer-app-fuer-mitarbeitende\\\/\",\"url\":\"https:\\\/\\\/www.organisator.ch\\\/human-resources\\\/2023-11-21\\\/wertschaetzen-mit-einer-schweizer-app-fuer-mitarbeitende\\\/\",\"name\":\"Wertsch\u00e4tzen mit einer Schweizer App f\u00fcr Mitarbeitende - Organisator\",\"isPartOf\":{\"@id\":\"https:\\\/\\\/www.organisator.ch\\\/#website\"},\"primaryImageOfPage\":{\"@id\":\"https:\\\/\\\/www.organisator.ch\\\/human-resources\\\/2023-11-21\\\/wertschaetzen-mit-einer-schweizer-app-fuer-mitarbeitende\\\/#primaryimage\"},\"image\":{\"@id\":\"https:\\\/\\\/www.organisator.ch\\\/human-resources\\\/2023-11-21\\\/wertschaetzen-mit-einer-schweizer-app-fuer-mitarbeitende\\\/#primaryimage\"},\"thumbnailUrl\":\"https:\\\/\\\/www.organisator.ch\\\/wp-content\\\/uploads\\\/2023\\\/11\\\/Wertschaetzungs-Karten-auf-der-Involve-App_Bild1_ps.jpg\",\"datePublished\":\"2023-11-21T08:11:37+00:00\",\"dateModified\":\"2023-12-04T15:23:51+00:00\",\"description\":\"Involve unterst\u00fctzt Unternehmen auf dem Weg zu mehr Wertsch\u00e4tzung im Team mit der Schweizer App f\u00fcr Mitarbeitende und Wertsch\u00e4tzungs-Karten.\",\"breadcrumb\":{\"@id\":\"https:\\\/\\\/www.organisator.ch\\\/human-resources\\\/2023-11-21\\\/wertschaetzen-mit-einer-schweizer-app-fuer-mitarbeitende\\\/#breadcrumb\"},\"inLanguage\":\"it-IT\",\"potentialAction\":[{\"@type\":\"ReadAction\",\"target\":[\"https:\\\/\\\/www.organisator.ch\\\/human-resources\\\/2023-11-21\\\/wertschaetzen-mit-einer-schweizer-app-fuer-mitarbeitende\\\/\"]}]},{\"@type\":\"ImageObject\",\"inLanguage\":\"it-IT\",\"@id\":\"https:\\\/\\\/www.organisator.ch\\\/human-resources\\\/2023-11-21\\\/wertschaetzen-mit-einer-schweizer-app-fuer-mitarbeitende\\\/#primaryimage\",\"url\":\"https:\\\/\\\/www.organisator.ch\\\/wp-content\\\/uploads\\\/2023\\\/11\\\/Wertschaetzungs-Karten-auf-der-Involve-App_Bild1_ps.jpg\",\"contentUrl\":\"https:\\\/\\\/www.organisator.ch\\\/wp-content\\\/uploads\\\/2023\\\/11\\\/Wertschaetzungs-Karten-auf-der-Involve-App_Bild1_ps.jpg\",\"width\":680,\"height\":404,\"caption\":\"Wertsch\u00e4tzungs-Karten auf der Involve App. (Bild: www.involve.ch)\"},{\"@type\":\"BreadcrumbList\",\"@id\":\"https:\\\/\\\/www.organisator.ch\\\/human-resources\\\/2023-11-21\\\/wertschaetzen-mit-einer-schweizer-app-fuer-mitarbeitende\\\/#breadcrumb\",\"itemListElement\":[{\"@type\":\"ListItem\",\"position\":1,\"name\":\"Home\",\"item\":\"https:\\\/\\\/www.organisator.ch\\\/\"},{\"@type\":\"ListItem\",\"position\":2,\"name\":\"Wertsch\u00e4tzen mit einer Schweizer App f\u00fcr Mitarbeitende\"}]},{\"@type\":\"WebSite\",\"@id\":\"https:\\\/\\\/www.organisator.ch\\\/#website\",\"url\":\"https:\\\/\\\/www.organisator.ch\\\/\",\"name\":\"Organisator\",\"description\":\"Kompetent. Praxisnah. Der ORGANISATOR bereitet in 10 Ausgaben pro Jahr die wesentlichen Themen f\u00fcr F\u00fchrungskr\u00e4fte von KMU auf.\",\"publisher\":{\"@id\":\"https:\\\/\\\/www.organisator.ch\\\/#organization\"},\"potentialAction\":[{\"@type\":\"SearchAction\",\"target\":{\"@type\":\"EntryPoint\",\"urlTemplate\":\"https:\\\/\\\/www.organisator.ch\\\/?s={search_term_string}\"},\"query-input\":{\"@type\":\"PropertyValueSpecification\",\"valueRequired\":true,\"valueName\":\"search_term_string\"}}],\"inLanguage\":\"it-IT\"},{\"@type\":\"Organization\",\"@id\":\"https:\\\/\\\/www.organisator.ch\\\/#organization\",\"name\":\"Organisator\",\"url\":\"https:\\\/\\\/www.organisator.ch\\\/\",\"logo\":{\"@type\":\"ImageObject\",\"inLanguage\":\"it-IT\",\"@id\":\"https:\\\/\\\/www.organisator.ch\\\/#\\\/schema\\\/logo\\\/image\\\/\",\"url\":\"https:\\\/\\\/www.organisator.ch\\\/wp-content\\\/uploads\\\/2022\\\/01\\\/Logo_Organisator_Website.png\",\"contentUrl\":\"https:\\\/\\\/www.organisator.ch\\\/wp-content\\\/uploads\\\/2022\\\/01\\\/Logo_Organisator_Website.png\",\"width\":800,\"height\":77,\"caption\":\"Organisator\"},\"image\":{\"@id\":\"https:\\\/\\\/www.organisator.ch\\\/#\\\/schema\\\/logo\\\/image\\\/\"},\"sameAs\":[\"https:\\\/\\\/www.facebook.com\\\/OrganisatorFachmagazin\",\"https:\\\/\\\/www.linkedin.com\\\/showcase\\\/organisator-das-magazin-fr-kmu\",\"https:\\\/\\\/www.xing.com\\\/news\\\/pages\\\/organisator-ch-695\",\"https:\\\/\\\/www.youtube.com\\\/channel\\\/UCGP2Sq0iWaZwT3BdIAQFYpw\"]},{\"@type\":\"Person\",\"@id\":\"https:\\\/\\\/www.organisator.ch\\\/#\\\/schema\\\/person\\\/2e1314a2172123f874db408d8911d3f3\",\"name\":\"Adelisa Kalajdzini\",\"image\":{\"@type\":\"ImageObject\",\"inLanguage\":\"it-IT\",\"@id\":\"https:\\\/\\\/secure.gravatar.com\\\/avatar\\\/09a397c22ac58cad6f160ee8306348599df9df58a8ede73696226897b9fa4b24?s=96&d=mm&r=g\",\"url\":\"https:\\\/\\\/secure.gravatar.com\\\/avatar\\\/09a397c22ac58cad6f160ee8306348599df9df58a8ede73696226897b9fa4b24?s=96&d=mm&r=g\",\"contentUrl\":\"https:\\\/\\\/secure.gravatar.com\\\/avatar\\\/09a397c22ac58cad6f160ee8306348599df9df58a8ede73696226897b9fa4b24?s=96&d=mm&r=g\",\"caption\":\"Adelisa Kalajdzini\"},\"url\":\"https:\\\/\\\/www.organisator.ch\\\/it\\\/author\\\/adelisa-kalajdzini\\\/\"}]}<\/script>\n<!-- \/ Yoast SEO plugin. -->","yoast_head_json":{"title":"Apprezzare con un'applicazione svizzera per i dipendenti - Organiser","description":"Involve supporta le aziende nel loro percorso verso un maggiore apprezzamento all'interno del team con l'app svizzera per i dipendenti e i biglietti di apprezzamento.","robots":{"index":"index","follow":"follow","max-snippet":"max-snippet:-1","max-image-preview":"max-image-preview:large","max-video-preview":"max-video-preview:-1"},"canonical":"https:\/\/www.organisator.ch\/it\/risorse-umane\/2023-11-21\/wertschaetzen-mit-einer-schweizer-app-fuer-mitarbeitende\/","og_locale":"it_IT","og_type":"article","og_title":"Wertsch\u00e4tzen mit einer Schweizer App f\u00fcr Mitarbeitende","og_description":"Involve unterst\u00fctzt Unternehmen auf dem Weg zu mehr Wertsch\u00e4tzung im Team mit der Schweizer App f\u00fcr Mitarbeitende und Wertsch\u00e4tzungs-Karten.","og_url":"https:\/\/www.organisator.ch\/it\/risorse-umane\/2023-11-21\/wertschaetzen-mit-einer-schweizer-app-fuer-mitarbeitende\/","og_site_name":"Organisator","article_publisher":"https:\/\/www.facebook.com\/OrganisatorFachmagazin","article_published_time":"2023-11-21T08:11:37+00:00","article_modified_time":"2023-12-04T15:23:51+00:00","og_image":[{"width":680,"height":404,"url":"https:\/\/www.organisator.ch\/wp-content\/uploads\/2023\/11\/Wertschaetzungs-Karten-auf-der-Involve-App_Bild1_ps.jpg","type":"image\/jpeg"}],"author":"Adelisa Kalajdzini","twitter_card":"summary_large_image","twitter_title":"Wertsch\u00e4tzen mit einer Schweizer App f\u00fcr Mitarbeitende","twitter_description":"#Involve unterst\u00fctzt #Unternehmen auf dem Weg zu mehr #Wertsch\u00e4tzung im Team mit der Schweizer App f\u00fcr Mitarbeitende und #Wertsch\u00e4tzungs-Karten.","twitter_image":"https:\/\/www.organisator.ch\/wp-content\/uploads\/2023\/11\/Wertschaetzungs-Karten-auf-der-Involve-App_Bild1_ps.jpg","schema":{"@context":"https:\/\/schema.org","@graph":[{"@type":"Article","@id":"https:\/\/www.organisator.ch\/human-resources\/2023-11-21\/wertschaetzen-mit-einer-schweizer-app-fuer-mitarbeitende\/#article","isPartOf":{"@id":"https:\/\/www.organisator.ch\/human-resources\/2023-11-21\/wertschaetzen-mit-einer-schweizer-app-fuer-mitarbeitende\/"},"author":{"name":"Adelisa Kalajdzini","@id":"https:\/\/www.organisator.ch\/#\/schema\/person\/2e1314a2172123f874db408d8911d3f3"},"headline":"Wertsch\u00e4tzen mit einer Schweizer App f\u00fcr Mitarbeitende","datePublished":"2023-11-21T08:11:37+00:00","dateModified":"2023-12-04T15:23:51+00:00","mainEntityOfPage":{"@id":"https:\/\/www.organisator.ch\/human-resources\/2023-11-21\/wertschaetzen-mit-einer-schweizer-app-fuer-mitarbeitende\/"},"wordCount":484,"publisher":{"@id":"https:\/\/www.organisator.ch\/#organization"},"image":{"@id":"https:\/\/www.organisator.ch\/human-resources\/2023-11-21\/wertschaetzen-mit-einer-schweizer-app-fuer-mitarbeitende\/#primaryimage"},"thumbnailUrl":"https:\/\/www.organisator.ch\/wp-content\/uploads\/2023\/11\/Wertschaetzungs-Karten-auf-der-Involve-App_Bild1_ps.jpg","keywords":["Digitalisierung","Schweiz","Unternehmen","Unternehmensf\u00fchrung"],"articleSection":["HUMAN RESOURCES"],"inLanguage":"it-IT"},{"@type":"WebPage","@id":"https:\/\/www.organisator.ch\/human-resources\/2023-11-21\/wertschaetzen-mit-einer-schweizer-app-fuer-mitarbeitende\/","url":"https:\/\/www.organisator.ch\/human-resources\/2023-11-21\/wertschaetzen-mit-einer-schweizer-app-fuer-mitarbeitende\/","name":"Apprezzare con un'applicazione svizzera per i dipendenti - Organiser","isPartOf":{"@id":"https:\/\/www.organisator.ch\/#website"},"primaryImageOfPage":{"@id":"https:\/\/www.organisator.ch\/human-resources\/2023-11-21\/wertschaetzen-mit-einer-schweizer-app-fuer-mitarbeitende\/#primaryimage"},"image":{"@id":"https:\/\/www.organisator.ch\/human-resources\/2023-11-21\/wertschaetzen-mit-einer-schweizer-app-fuer-mitarbeitende\/#primaryimage"},"thumbnailUrl":"https:\/\/www.organisator.ch\/wp-content\/uploads\/2023\/11\/Wertschaetzungs-Karten-auf-der-Involve-App_Bild1_ps.jpg","datePublished":"2023-11-21T08:11:37+00:00","dateModified":"2023-12-04T15:23:51+00:00","description":"Involve supporta le aziende nel loro percorso verso un maggiore apprezzamento all'interno del team con l'app svizzera per i dipendenti e i biglietti di apprezzamento.","breadcrumb":{"@id":"https:\/\/www.organisator.ch\/human-resources\/2023-11-21\/wertschaetzen-mit-einer-schweizer-app-fuer-mitarbeitende\/#breadcrumb"},"inLanguage":"it-IT","potentialAction":[{"@type":"ReadAction","target":["https:\/\/www.organisator.ch\/human-resources\/2023-11-21\/wertschaetzen-mit-einer-schweizer-app-fuer-mitarbeitende\/"]}]},{"@type":"ImageObject","inLanguage":"it-IT","@id":"https:\/\/www.organisator.ch\/human-resources\/2023-11-21\/wertschaetzen-mit-einer-schweizer-app-fuer-mitarbeitende\/#primaryimage","url":"https:\/\/www.organisator.ch\/wp-content\/uploads\/2023\/11\/Wertschaetzungs-Karten-auf-der-Involve-App_Bild1_ps.jpg","contentUrl":"https:\/\/www.organisator.ch\/wp-content\/uploads\/2023\/11\/Wertschaetzungs-Karten-auf-der-Involve-App_Bild1_ps.jpg","width":680,"height":404,"caption":"Wertsch\u00e4tzungs-Karten auf der Involve App. (Bild: www.involve.ch)"},{"@type":"BreadcrumbList","@id":"https:\/\/www.organisator.ch\/human-resources\/2023-11-21\/wertschaetzen-mit-einer-schweizer-app-fuer-mitarbeitende\/#breadcrumb","itemListElement":[{"@type":"ListItem","position":1,"name":"Home","item":"https:\/\/www.organisator.ch\/"},{"@type":"ListItem","position":2,"name":"Wertsch\u00e4tzen mit einer Schweizer App f\u00fcr Mitarbeitende"}]},{"@type":"WebSite","@id":"https:\/\/www.organisator.ch\/#website","url":"https:\/\/www.organisator.ch\/","name":"Organizzatore","description":"Competente. Pratico. In 10 numeri all'anno, ORGANISATOR presenta i temi essenziali per i manager delle PMI.","publisher":{"@id":"https:\/\/www.organisator.ch\/#organization"},"potentialAction":[{"@type":"SearchAction","target":{"@type":"EntryPoint","urlTemplate":"https:\/\/www.organisator.ch\/?s={search_term_string}"},"query-input":{"@type":"PropertyValueSpecification","valueRequired":true,"valueName":"search_term_string"}}],"inLanguage":"it-IT"},{"@type":"Organization","@id":"https:\/\/www.organisator.ch\/#organization","name":"Organizzatore","url":"https:\/\/www.organisator.ch\/","logo":{"@type":"ImageObject","inLanguage":"it-IT","@id":"https:\/\/www.organisator.ch\/#\/schema\/logo\/image\/","url":"https:\/\/www.organisator.ch\/wp-content\/uploads\/2022\/01\/Logo_Organisator_Website.png","contentUrl":"https:\/\/www.organisator.ch\/wp-content\/uploads\/2022\/01\/Logo_Organisator_Website.png","width":800,"height":77,"caption":"Organisator"},"image":{"@id":"https:\/\/www.organisator.ch\/#\/schema\/logo\/image\/"},"sameAs":["https:\/\/www.facebook.com\/OrganisatorFachmagazin","https:\/\/www.linkedin.com\/showcase\/organisator-das-magazin-fr-kmu","https:\/\/www.xing.com\/news\/pages\/organisator-ch-695","https:\/\/www.youtube.com\/channel\/UCGP2Sq0iWaZwT3BdIAQFYpw"]},{"@type":"Person","@id":"https:\/\/www.organisator.ch\/#\/schema\/person\/2e1314a2172123f874db408d8911d3f3","name":"Adelisa Kalajdzini","image":{"@type":"ImageObject","inLanguage":"it-IT","@id":"https:\/\/secure.gravatar.com\/avatar\/09a397c22ac58cad6f160ee8306348599df9df58a8ede73696226897b9fa4b24?s=96&d=mm&r=g","url":"https:\/\/secure.gravatar.com\/avatar\/09a397c22ac58cad6f160ee8306348599df9df58a8ede73696226897b9fa4b24?s=96&d=mm&r=g","contentUrl":"https:\/\/secure.gravatar.com\/avatar\/09a397c22ac58cad6f160ee8306348599df9df58a8ede73696226897b9fa4b24?s=96&d=mm&r=g","caption":"Adelisa Kalajdzini"},"url":"https:\/\/www.organisator.ch\/it\/author\/adelisa-kalajdzini\/"}]}},"_links":{"self":[{"href":"https:\/\/www.organisator.ch\/it\/wp-json\/wp\/v2\/posts\/23277","targetHints":{"allow":["GET"]}}],"collection":[{"href":"https:\/\/www.organisator.ch\/it\/wp-json\/wp\/v2\/posts"}],"about":[{"href":"https:\/\/www.organisator.ch\/it\/wp-json\/wp\/v2\/types\/post"}],"author":[{"embeddable":true,"href":"https:\/\/www.organisator.ch\/it\/wp-json\/wp\/v2\/users\/58"}],"replies":[{"embeddable":true,"href":"https:\/\/www.organisator.ch\/it\/wp-json\/wp\/v2\/comments?post=23277"}],"version-history":[{"count":1,"href":"https:\/\/www.organisator.ch\/it\/wp-json\/wp\/v2\/posts\/23277\/revisions"}],"predecessor-version":[{"id":23280,"href":"https:\/\/www.organisator.ch\/it\/wp-json\/wp\/v2\/posts\/23277\/revisions\/23280"}],"wp:featuredmedia":[{"embeddable":true,"href":"https:\/\/www.organisator.ch\/it\/wp-json\/wp\/v2\/media\/23279"}],"wp:attachment":[{"href":"https:\/\/www.organisator.ch\/it\/wp-json\/wp\/v2\/media?parent=23277"}],"wp:term":[{"taxonomy":"category","embeddable":true,"href":"https:\/\/www.organisator.ch\/it\/wp-json\/wp\/v2\/categories?post=23277"},{"taxonomy":"post_tag","embeddable":true,"href":"https:\/\/www.organisator.ch\/it\/wp-json\/wp\/v2\/tags?post=23277"}],"curies":[{"name":"wp","href":"https:\/\/api.w.org\/{rel}","templated":true}]}}