{"id":23303,"date":"2023-11-22T10:15:51","date_gmt":"2023-11-22T09:15:51","guid":{"rendered":"https:\/\/www.organisator.ch\/?p=23303"},"modified":"2023-11-22T10:29:17","modified_gmt":"2023-11-22T09:29:17","slug":"robert-half-veroeffentlicht-gehaltsuebersicht-2024","status":"publish","type":"post","link":"https:\/\/www.organisator.ch\/it\/human-resources\/2023-11-22\/robert-half-veroeffentlicht-gehaltsuebersicht-2024\/","title":{"rendered":"Robert Half pubblica la panoramica dei salari 2024"},"content":{"rendered":"<figure id=\"attachment_23306\" aria-describedby=\"caption-attachment-23306\" style=\"width: 680px\" class=\"wp-caption alignnone\"><img loading=\"lazy\" decoding=\"async\" class=\"wp-image-23306 size-full\" src=\"https:\/\/www.organisator.ch\/wp-content\/uploads\/2023\/11\/Roberthalf_Bild1_ps.jpg\" alt=\"\" width=\"680\" height=\"470\" srcset=\"https:\/\/www.organisator.ch\/wp-content\/uploads\/2023\/11\/Roberthalf_Bild1_ps.jpg 680w, https:\/\/www.organisator.ch\/wp-content\/uploads\/2023\/11\/Roberthalf_Bild1_ps-18x12.jpg 18w, https:\/\/www.organisator.ch\/wp-content\/uploads\/2023\/11\/Roberthalf_Bild1_ps-375x259.jpg 375w, https:\/\/www.organisator.ch\/wp-content\/uploads\/2023\/11\/Roberthalf_Bild1_ps-506x350.jpg 506w\" sizes=\"auto, (max-width: 680px) 100vw, 680px\" \/><figcaption id=\"caption-attachment-23306\" class=\"wp-caption-text\">Robert Half pubblica l'indagine salariale 2024 per la Svizzera. (Immagine: www.pixabay.com)<\/figcaption><\/figure>\n<h3><strong>Prospettive di mercato: Il sentimento rimane positivo<\/strong><\/h3>\n<p>Nonostante l'incertezza economica e le molteplici crisi globali, la stragrande maggioranza delle aziende di tutti i settori intervistati vuole ancora assumere nuovi dipendenti o almeno mantenere i livelli di organico. Le aziende devono anche affrontare la sfida di attrarre nuovi dipendenti per le spese future. L'80% dei datori di lavoro intervistati e l'83% dei dipendenti delle aziende sono preoccupati che ci\u00f2 sia possibile nel 2024.<\/p>\n<p>Oltre allo stipendio, i dipendenti si concentrano sempre pi\u00f9 sui benefit e sui servizi aggiuntivi, nonch\u00e9 sulle opportunit\u00e0 di formazione. Una delle tante opzioni preferite \u00e8 il distacco temporaneo presso clienti o partner commerciali per acquisire nuove conoscenze e stimoli.<\/p>\n<p>Gli stipendi nel settore IT, nel settore commerciale e in quello finanziario e contabile sono per la maggior parte gi\u00e0 superiori a 100.000 franchi svizzeri, in alcune posizioni anche al 25\u00b0 percentile: se i dipendenti hanno i requisiti, i certificati e le qualifiche necessarie, possono guadagnare stipendi annuali a sei cifre quando iniziano a ricoprire una posizione, tre esempi:<\/p>\n<ul>\n<li>Helpdesk (1\u00b0, 2\u00b0 livello) -&gt; 110.000 franchi svizzeri (25\u00b0 percentile)<\/li>\n<li>Analista aziendale -&gt; 102.000 franchi svizzeri (25\u00b0 percentile)<\/li>\n<li>HR Manager -&gt; 103.250 franchi svizzeri (25\u00b0 percentile)<\/li>\n<\/ul>\n<p>Nel settore IT, gli stipendi annuali superiori a 100.000 franchi svizzeri saranno comuni a tutte le posizioni nel 2023.<\/p>\n<p>La carenza di personale, in particolare nel settore IT, sta aggravando notevolmente la situazione e la competizione per i migliori specialisti. Per alcune posizioni vengono gi\u00e0 pagati stipendi iniziali di 100.000 franchi svizzeri:<\/p>\n<ul>\n<li>Ingegnere di sistemi -&gt; 100.500 franchi svizzeri pi\u00f9<\/li>\n<li>Data Scientist -&gt; 100.000 franchi svizzeri pi\u00f9<\/li>\n<li>Sviluppatore software (Java, C#\/C++, . Net, Python) -&gt; 101.500 franchi svizzeri pi\u00f9<\/li>\n<\/ul>\n<p>\"La pressione sui responsabili delle risorse umane nel settore IT \u00e8 immensa, con molti posti vacanti e poco personale disponibile. Gli stipendi pagati in Svizzera sono il riflesso di questo sviluppo\", afferma Renata von Gottberg, Direttore e Branch Manager Zurich di Robert Half Switzerland. L'importanza dell'IT continuer\u00e0 ad aumentare nei prossimi anni e, soprattutto, porter\u00e0 a una specializzazione dei settori che devono trovare e assumere questi esperti. \"\u00c8 chiaro inoltre che l'intera area della sicurezza informatica avr\u00e0 un ruolo centrale, soprattutto ora che le prime nuove tecnologie in termini di automazione o intelligenza artificiale stanno trovando spazio nelle aziende.\"<\/p>\n<h3><strong>L'importanza della contabilit\u00e0 si riflette in un aumento significativo degli stipendi.<\/strong><\/h3>\n<p>Oltre ai compiti tradizionali, il settore finanziario e contabile si trova sempre pi\u00f9 spesso ad affrontare le sfide legate ai crescenti requisiti normativi. Per i dipendenti, ci\u00f2 significa livelli salariali significativamente pi\u00f9 elevati e, di converso, una gamma di compiti pi\u00f9 complessa.<\/p>\n<ul>\n<li>Accounting Manager -&gt; 153.000 franchi svizzeri pi\u00f9 (75\u00b0 percentile)<\/li>\n<li>Compliance Manager -&gt; 168.000 franchi svizzeri pi\u00f9 (75\u00b0 percentile)<\/li>\n<li>Contabile paghe -&gt; 132.500 franchi svizzeri pi\u00f9 (75\u00b0 percentile)<\/li>\n<\/ul>\n<p>\"La carenza di manodopera qualificata, cos\u00ec come le esigenze delle aziende in termini di cifre e reportistica, stanno catapultando gli stipendi dell'intero reparto contabile in nuove sfere\", afferma Eva Mahoney, Director Permanent di Robert Half in Svizzera. \"Non sono solo le normative in costante aumento e pi\u00f9 complesse, ma anche l'utilizzo dei pi\u00f9 recenti strumenti tecnologici a spingere la richiesta di nuovi specialisti ed esperti nei dipartimenti.\"<\/p>\n<h3><strong>L'area commerciale sta vivendo una nuova importanza nelle aziende<\/strong><\/h3>\n<p>Gli stipendi di importanti posizioni chiave nel settore commerciale saranno significativamente pi\u00f9 alti nel 2023 rispetto al 2022. In particolare, le posizioni vicine alla direzione o al consiglio di amministrazione o direttamente responsabili del reclutamento di nuovi dipendenti vedranno un aumento significativo degli stipendi.<\/p>\n<ul>\n<li>Assistente personale\/esecutivo -&gt; 115.250 franchi svizzeri pi\u00f9 (75\u00b0 percentile)<\/li>\n<li>HR Business Partner -&gt; 142.750 franchi svizzeri pi\u00f9 (75\u00b0 percentile)<\/li>\n<li>HR Specialist -&gt; 122.500 franchi svizzeri (75\u00b0 percentile)<\/li>\n<\/ul>\n<figure id=\"attachment_23307\" aria-describedby=\"caption-attachment-23307\" style=\"width: 680px\" class=\"wp-caption alignnone\"><img loading=\"lazy\" decoding=\"async\" class=\"wp-image-23307 size-full\" src=\"https:\/\/www.organisator.ch\/wp-content\/uploads\/2023\/11\/Roberhalf_Bild2_ps.jpg\" alt=\"\" width=\"680\" height=\"681\" srcset=\"https:\/\/www.organisator.ch\/wp-content\/uploads\/2023\/11\/Roberhalf_Bild2_ps.jpg 680w, https:\/\/www.organisator.ch\/wp-content\/uploads\/2023\/11\/Roberhalf_Bild2_ps-150x150.jpg 150w, https:\/\/www.organisator.ch\/wp-content\/uploads\/2023\/11\/Roberhalf_Bild2_ps-12x12.jpg 12w, https:\/\/www.organisator.ch\/wp-content\/uploads\/2023\/11\/Roberhalf_Bild2_ps-300x300.jpg 300w, https:\/\/www.organisator.ch\/wp-content\/uploads\/2023\/11\/Roberhalf_Bild2_ps-349x350.jpg 349w, https:\/\/www.organisator.ch\/wp-content\/uploads\/2023\/11\/Roberhalf_Bild2_ps-250x250.jpg 250w\" sizes=\"auto, (max-width: 680px) 100vw, 680px\" \/><figcaption id=\"caption-attachment-23307\" class=\"wp-caption-text\">Julia Meir Lawi - Direttore e Branch Manager Ginevra di Robert Half Svizzera. (Immagine: www.roberthalf.ch)<\/figcaption><\/figure>\n<p>\"Il reclutamento di nuova manodopera qualificata \u00e8 in cima all'agenda dei decisori delle aziende. Questo ha un impatto diretto su coloro che nelle organizzazioni hanno il compito di trovare questo personale. Essi stessi sono diventati esperti rari e sono anche pagati di pi\u00f9 rispetto a un anno fa\", afferma Julia Meir Lawi, Direttore e Branch Manager Ginevra di Robert Half Svizzera.<\/p>\n<h3><strong>I benefit e le opzioni aggiuntive stanno diventando sempre pi\u00f9 importanti<\/strong><\/h3>\n<p>Nel complesso, \u00e8 chiaro che i benefit e i servizi aggiuntivi continuano ad acquisire importanza e che l'offerta e la domanda non sono ancora completamente sincronizzate. Ad esempio, le aziende offrono principalmente formazione interna, mentre il personale vuole avere la possibilit\u00e0 di acquisire nuove prospettive ed esperienze presso la sede del cliente o in altri reparti.<\/p>\n<p><em>Fonte: <a href=\"https:\/\/www.roberthalf.ch\/de\">www.roberthalf.ch\u00a0<\/a><\/em><\/p>","protected":false},"excerpt":{"rendered":"<p>La societ\u00e0 internazionale di consulenza per il reclutamento Robert Half ha pubblicato l'indagine salariale 2024 per la Svizzera. Il sondaggio mostra gli attuali livelli salariali per le posizioni nei settori finanziario e contabile, commerciale e informatico. Inoltre, l'indagine salariale fornisce approfondimenti sui benefit e sui servizi aggiuntivi pi\u00f9 richiesti dai dipendenti, sulle opportunit\u00e0 di formazione continua e sulla valutazione dell'impatto di una maggiore trasparenza salariale sulla cultura aziendale.<\/p>","protected":false},"author":58,"featured_media":23306,"comment_status":"closed","ping_status":"closed","sticky":false,"template":"","format":"standard","meta":{"_acf_changed":false,"_yoast_wpseo_focuskw":"Gehalts\u00fcbersicht","_yoast_wpseo_metadesc":"Die internationale Personalberatung Robert Half ver\u00f6ffentlicht ihre Gehalts\u00fcbersicht 2024 f\u00fcr die Schweiz.","articlekey":"","footnotes":""},"categories":[579],"tags":[228,3506,424,492],"class_list":["post-23303","post","type-post","status-publish","format-standard","has-post-thumbnail","hentry","category-human-resources","tag-gehalt","tag-human-resources","tag-schweiz","tag-unternehmen"],"acf":[],"yoast_head":"<!-- This site is optimized with the Yoast SEO plugin v27.4 - https:\/\/yoast.com\/product\/yoast-seo-wordpress\/ -->\n<title>Robert Half ver\u00f6ffentlicht Gehalts\u00fcbersicht 2024 - Organisator<\/title>\n<meta name=\"description\" content=\"Die internationale Personalberatung Robert Half ver\u00f6ffentlicht ihre Gehalts\u00fcbersicht 2024 f\u00fcr die Schweiz.\" \/>\n<meta name=\"robots\" content=\"index, follow, max-snippet:-1, max-image-preview:large, max-video-preview:-1\" \/>\n<link rel=\"canonical\" href=\"https:\/\/www.organisator.ch\/it\/risorse-umane\/2023-11-22\/robert-half-veroeffentlicht-gehaltsuebersicht-2024\/\" \/>\n<meta property=\"og:locale\" content=\"it_IT\" \/>\n<meta property=\"og:type\" content=\"article\" \/>\n<meta property=\"og:title\" content=\"Robert Half ver\u00f6ffentlicht Gehalts\u00fcbersicht 2024\" \/>\n<meta property=\"og:description\" content=\"Die internationale Personalberatung Robert Half ver\u00f6ffentlicht ihre Gehalts\u00fcbersicht 2024 f\u00fcr die Schweiz.\" \/>\n<meta property=\"og:url\" content=\"https:\/\/www.organisator.ch\/it\/risorse-umane\/2023-11-22\/robert-half-veroeffentlicht-gehaltsuebersicht-2024\/\" \/>\n<meta property=\"og:site_name\" content=\"Organisator\" \/>\n<meta property=\"article:publisher\" content=\"https:\/\/www.facebook.com\/OrganisatorFachmagazin\" \/>\n<meta property=\"article:published_time\" content=\"2023-11-22T09:15:51+00:00\" \/>\n<meta property=\"article:modified_time\" content=\"2023-11-22T09:29:17+00:00\" \/>\n<meta property=\"og:image\" content=\"https:\/\/www.organisator.ch\/wp-content\/uploads\/2023\/11\/Roberthalf_Bild1_ps.jpg\" \/>\n\t<meta property=\"og:image:width\" content=\"680\" \/>\n\t<meta property=\"og:image:height\" content=\"470\" \/>\n\t<meta property=\"og:image:type\" content=\"image\/jpeg\" \/>\n<meta name=\"author\" content=\"Adelisa Kalajdzini\" \/>\n<meta name=\"twitter:card\" content=\"summary_large_image\" \/>\n<meta name=\"twitter:title\" content=\"Robert Half ver\u00f6ffentlicht Gehalts\u00fcbersicht 2024\" \/>\n<meta name=\"twitter:description\" content=\"Die internationale Personalberatung #Robert Half ver\u00f6ffentlicht ihre #Gehalts\u00fcbersicht 2024 f\u00fcr die #Schweiz.\" \/>\n<meta name=\"twitter:image\" content=\"https:\/\/www.organisator.ch\/wp-content\/uploads\/2023\/11\/Roberthalf_Bild1_ps.jpg\" \/>\n<script type=\"application\/ld+json\" class=\"yoast-schema-graph\">{\"@context\":\"https:\\\/\\\/schema.org\",\"@graph\":[{\"@type\":\"Article\",\"@id\":\"https:\\\/\\\/www.organisator.ch\\\/human-resources\\\/2023-11-22\\\/robert-half-veroeffentlicht-gehaltsuebersicht-2024\\\/#article\",\"isPartOf\":{\"@id\":\"https:\\\/\\\/www.organisator.ch\\\/human-resources\\\/2023-11-22\\\/robert-half-veroeffentlicht-gehaltsuebersicht-2024\\\/\"},\"author\":{\"name\":\"Adelisa Kalajdzini\",\"@id\":\"https:\\\/\\\/www.organisator.ch\\\/#\\\/schema\\\/person\\\/2e1314a2172123f874db408d8911d3f3\"},\"headline\":\"Robert Half ver\u00f6ffentlicht Gehalts\u00fcbersicht 2024\",\"datePublished\":\"2023-11-22T09:15:51+00:00\",\"dateModified\":\"2023-11-22T09:29:17+00:00\",\"mainEntityOfPage\":{\"@id\":\"https:\\\/\\\/www.organisator.ch\\\/human-resources\\\/2023-11-22\\\/robert-half-veroeffentlicht-gehaltsuebersicht-2024\\\/\"},\"wordCount\":773,\"publisher\":{\"@id\":\"https:\\\/\\\/www.organisator.ch\\\/#organization\"},\"image\":{\"@id\":\"https:\\\/\\\/www.organisator.ch\\\/human-resources\\\/2023-11-22\\\/robert-half-veroeffentlicht-gehaltsuebersicht-2024\\\/#primaryimage\"},\"thumbnailUrl\":\"https:\\\/\\\/www.organisator.ch\\\/wp-content\\\/uploads\\\/2023\\\/11\\\/Roberthalf_Bild1_ps.jpg\",\"keywords\":[\"Gehalt\",\"Human Resources\",\"Schweiz\",\"Unternehmen\"],\"articleSection\":[\"HUMAN RESOURCES\"],\"inLanguage\":\"it-IT\"},{\"@type\":\"WebPage\",\"@id\":\"https:\\\/\\\/www.organisator.ch\\\/human-resources\\\/2023-11-22\\\/robert-half-veroeffentlicht-gehaltsuebersicht-2024\\\/\",\"url\":\"https:\\\/\\\/www.organisator.ch\\\/human-resources\\\/2023-11-22\\\/robert-half-veroeffentlicht-gehaltsuebersicht-2024\\\/\",\"name\":\"Robert Half ver\u00f6ffentlicht Gehalts\u00fcbersicht 2024 - Organisator\",\"isPartOf\":{\"@id\":\"https:\\\/\\\/www.organisator.ch\\\/#website\"},\"primaryImageOfPage\":{\"@id\":\"https:\\\/\\\/www.organisator.ch\\\/human-resources\\\/2023-11-22\\\/robert-half-veroeffentlicht-gehaltsuebersicht-2024\\\/#primaryimage\"},\"image\":{\"@id\":\"https:\\\/\\\/www.organisator.ch\\\/human-resources\\\/2023-11-22\\\/robert-half-veroeffentlicht-gehaltsuebersicht-2024\\\/#primaryimage\"},\"thumbnailUrl\":\"https:\\\/\\\/www.organisator.ch\\\/wp-content\\\/uploads\\\/2023\\\/11\\\/Roberthalf_Bild1_ps.jpg\",\"datePublished\":\"2023-11-22T09:15:51+00:00\",\"dateModified\":\"2023-11-22T09:29:17+00:00\",\"description\":\"Die internationale Personalberatung Robert Half ver\u00f6ffentlicht ihre Gehalts\u00fcbersicht 2024 f\u00fcr die Schweiz.\",\"breadcrumb\":{\"@id\":\"https:\\\/\\\/www.organisator.ch\\\/human-resources\\\/2023-11-22\\\/robert-half-veroeffentlicht-gehaltsuebersicht-2024\\\/#breadcrumb\"},\"inLanguage\":\"it-IT\",\"potentialAction\":[{\"@type\":\"ReadAction\",\"target\":[\"https:\\\/\\\/www.organisator.ch\\\/human-resources\\\/2023-11-22\\\/robert-half-veroeffentlicht-gehaltsuebersicht-2024\\\/\"]}]},{\"@type\":\"ImageObject\",\"inLanguage\":\"it-IT\",\"@id\":\"https:\\\/\\\/www.organisator.ch\\\/human-resources\\\/2023-11-22\\\/robert-half-veroeffentlicht-gehaltsuebersicht-2024\\\/#primaryimage\",\"url\":\"https:\\\/\\\/www.organisator.ch\\\/wp-content\\\/uploads\\\/2023\\\/11\\\/Roberthalf_Bild1_ps.jpg\",\"contentUrl\":\"https:\\\/\\\/www.organisator.ch\\\/wp-content\\\/uploads\\\/2023\\\/11\\\/Roberthalf_Bild1_ps.jpg\",\"width\":680,\"height\":470,\"caption\":\"Robert Half ver\u00f6ffentlicht ihre Gehalts\u00fcbersicht 2024 f\u00fcr die Schweiz. (Bild: www.pixabay.com)\"},{\"@type\":\"BreadcrumbList\",\"@id\":\"https:\\\/\\\/www.organisator.ch\\\/human-resources\\\/2023-11-22\\\/robert-half-veroeffentlicht-gehaltsuebersicht-2024\\\/#breadcrumb\",\"itemListElement\":[{\"@type\":\"ListItem\",\"position\":1,\"name\":\"Home\",\"item\":\"https:\\\/\\\/www.organisator.ch\\\/\"},{\"@type\":\"ListItem\",\"position\":2,\"name\":\"Robert Half ver\u00f6ffentlicht Gehalts\u00fcbersicht 2024\"}]},{\"@type\":\"WebSite\",\"@id\":\"https:\\\/\\\/www.organisator.ch\\\/#website\",\"url\":\"https:\\\/\\\/www.organisator.ch\\\/\",\"name\":\"Organisator\",\"description\":\"Kompetent. Praxisnah. Der ORGANISATOR bereitet in 10 Ausgaben pro Jahr die wesentlichen Themen f\u00fcr F\u00fchrungskr\u00e4fte von KMU auf.\",\"publisher\":{\"@id\":\"https:\\\/\\\/www.organisator.ch\\\/#organization\"},\"potentialAction\":[{\"@type\":\"SearchAction\",\"target\":{\"@type\":\"EntryPoint\",\"urlTemplate\":\"https:\\\/\\\/www.organisator.ch\\\/?s={search_term_string}\"},\"query-input\":{\"@type\":\"PropertyValueSpecification\",\"valueRequired\":true,\"valueName\":\"search_term_string\"}}],\"inLanguage\":\"it-IT\"},{\"@type\":\"Organization\",\"@id\":\"https:\\\/\\\/www.organisator.ch\\\/#organization\",\"name\":\"Organisator\",\"url\":\"https:\\\/\\\/www.organisator.ch\\\/\",\"logo\":{\"@type\":\"ImageObject\",\"inLanguage\":\"it-IT\",\"@id\":\"https:\\\/\\\/www.organisator.ch\\\/#\\\/schema\\\/logo\\\/image\\\/\",\"url\":\"https:\\\/\\\/www.organisator.ch\\\/wp-content\\\/uploads\\\/2022\\\/01\\\/Logo_Organisator_Website.png\",\"contentUrl\":\"https:\\\/\\\/www.organisator.ch\\\/wp-content\\\/uploads\\\/2022\\\/01\\\/Logo_Organisator_Website.png\",\"width\":800,\"height\":77,\"caption\":\"Organisator\"},\"image\":{\"@id\":\"https:\\\/\\\/www.organisator.ch\\\/#\\\/schema\\\/logo\\\/image\\\/\"},\"sameAs\":[\"https:\\\/\\\/www.facebook.com\\\/OrganisatorFachmagazin\",\"https:\\\/\\\/www.linkedin.com\\\/showcase\\\/organisator-das-magazin-fr-kmu\",\"https:\\\/\\\/www.xing.com\\\/news\\\/pages\\\/organisator-ch-695\",\"https:\\\/\\\/www.youtube.com\\\/channel\\\/UCGP2Sq0iWaZwT3BdIAQFYpw\"]},{\"@type\":\"Person\",\"@id\":\"https:\\\/\\\/www.organisator.ch\\\/#\\\/schema\\\/person\\\/2e1314a2172123f874db408d8911d3f3\",\"name\":\"Adelisa Kalajdzini\",\"image\":{\"@type\":\"ImageObject\",\"inLanguage\":\"it-IT\",\"@id\":\"https:\\\/\\\/secure.gravatar.com\\\/avatar\\\/09a397c22ac58cad6f160ee8306348599df9df58a8ede73696226897b9fa4b24?s=96&d=mm&r=g\",\"url\":\"https:\\\/\\\/secure.gravatar.com\\\/avatar\\\/09a397c22ac58cad6f160ee8306348599df9df58a8ede73696226897b9fa4b24?s=96&d=mm&r=g\",\"contentUrl\":\"https:\\\/\\\/secure.gravatar.com\\\/avatar\\\/09a397c22ac58cad6f160ee8306348599df9df58a8ede73696226897b9fa4b24?s=96&d=mm&r=g\",\"caption\":\"Adelisa Kalajdzini\"},\"url\":\"https:\\\/\\\/www.organisator.ch\\\/it\\\/author\\\/adelisa-kalajdzini\\\/\"}]}<\/script>\n<!-- \/ Yoast SEO plugin. -->","yoast_head_json":{"title":"Robert Half pubblica la panoramica dei salari 2024 - Organizzatore","description":"La societ\u00e0 internazionale di consulenza per il reclutamento Robert Half pubblica il sondaggio salariale 2024 per la Svizzera.","robots":{"index":"index","follow":"follow","max-snippet":"max-snippet:-1","max-image-preview":"max-image-preview:large","max-video-preview":"max-video-preview:-1"},"canonical":"https:\/\/www.organisator.ch\/it\/risorse-umane\/2023-11-22\/robert-half-veroeffentlicht-gehaltsuebersicht-2024\/","og_locale":"it_IT","og_type":"article","og_title":"Robert Half ver\u00f6ffentlicht Gehalts\u00fcbersicht 2024","og_description":"Die internationale Personalberatung Robert Half ver\u00f6ffentlicht ihre Gehalts\u00fcbersicht 2024 f\u00fcr die Schweiz.","og_url":"https:\/\/www.organisator.ch\/it\/risorse-umane\/2023-11-22\/robert-half-veroeffentlicht-gehaltsuebersicht-2024\/","og_site_name":"Organisator","article_publisher":"https:\/\/www.facebook.com\/OrganisatorFachmagazin","article_published_time":"2023-11-22T09:15:51+00:00","article_modified_time":"2023-11-22T09:29:17+00:00","og_image":[{"width":680,"height":470,"url":"https:\/\/www.organisator.ch\/wp-content\/uploads\/2023\/11\/Roberthalf_Bild1_ps.jpg","type":"image\/jpeg"}],"author":"Adelisa Kalajdzini","twitter_card":"summary_large_image","twitter_title":"Robert Half ver\u00f6ffentlicht Gehalts\u00fcbersicht 2024","twitter_description":"Die internationale Personalberatung #Robert Half ver\u00f6ffentlicht ihre #Gehalts\u00fcbersicht 2024 f\u00fcr die #Schweiz.","twitter_image":"https:\/\/www.organisator.ch\/wp-content\/uploads\/2023\/11\/Roberthalf_Bild1_ps.jpg","schema":{"@context":"https:\/\/schema.org","@graph":[{"@type":"Article","@id":"https:\/\/www.organisator.ch\/human-resources\/2023-11-22\/robert-half-veroeffentlicht-gehaltsuebersicht-2024\/#article","isPartOf":{"@id":"https:\/\/www.organisator.ch\/human-resources\/2023-11-22\/robert-half-veroeffentlicht-gehaltsuebersicht-2024\/"},"author":{"name":"Adelisa Kalajdzini","@id":"https:\/\/www.organisator.ch\/#\/schema\/person\/2e1314a2172123f874db408d8911d3f3"},"headline":"Robert Half ver\u00f6ffentlicht Gehalts\u00fcbersicht 2024","datePublished":"2023-11-22T09:15:51+00:00","dateModified":"2023-11-22T09:29:17+00:00","mainEntityOfPage":{"@id":"https:\/\/www.organisator.ch\/human-resources\/2023-11-22\/robert-half-veroeffentlicht-gehaltsuebersicht-2024\/"},"wordCount":773,"publisher":{"@id":"https:\/\/www.organisator.ch\/#organization"},"image":{"@id":"https:\/\/www.organisator.ch\/human-resources\/2023-11-22\/robert-half-veroeffentlicht-gehaltsuebersicht-2024\/#primaryimage"},"thumbnailUrl":"https:\/\/www.organisator.ch\/wp-content\/uploads\/2023\/11\/Roberthalf_Bild1_ps.jpg","keywords":["Gehalt","Human Resources","Schweiz","Unternehmen"],"articleSection":["HUMAN RESOURCES"],"inLanguage":"it-IT"},{"@type":"WebPage","@id":"https:\/\/www.organisator.ch\/human-resources\/2023-11-22\/robert-half-veroeffentlicht-gehaltsuebersicht-2024\/","url":"https:\/\/www.organisator.ch\/human-resources\/2023-11-22\/robert-half-veroeffentlicht-gehaltsuebersicht-2024\/","name":"Robert Half pubblica la panoramica dei salari 2024 - Organizzatore","isPartOf":{"@id":"https:\/\/www.organisator.ch\/#website"},"primaryImageOfPage":{"@id":"https:\/\/www.organisator.ch\/human-resources\/2023-11-22\/robert-half-veroeffentlicht-gehaltsuebersicht-2024\/#primaryimage"},"image":{"@id":"https:\/\/www.organisator.ch\/human-resources\/2023-11-22\/robert-half-veroeffentlicht-gehaltsuebersicht-2024\/#primaryimage"},"thumbnailUrl":"https:\/\/www.organisator.ch\/wp-content\/uploads\/2023\/11\/Roberthalf_Bild1_ps.jpg","datePublished":"2023-11-22T09:15:51+00:00","dateModified":"2023-11-22T09:29:17+00:00","description":"La societ\u00e0 internazionale di consulenza per il reclutamento Robert Half pubblica il sondaggio salariale 2024 per la Svizzera.","breadcrumb":{"@id":"https:\/\/www.organisator.ch\/human-resources\/2023-11-22\/robert-half-veroeffentlicht-gehaltsuebersicht-2024\/#breadcrumb"},"inLanguage":"it-IT","potentialAction":[{"@type":"ReadAction","target":["https:\/\/www.organisator.ch\/human-resources\/2023-11-22\/robert-half-veroeffentlicht-gehaltsuebersicht-2024\/"]}]},{"@type":"ImageObject","inLanguage":"it-IT","@id":"https:\/\/www.organisator.ch\/human-resources\/2023-11-22\/robert-half-veroeffentlicht-gehaltsuebersicht-2024\/#primaryimage","url":"https:\/\/www.organisator.ch\/wp-content\/uploads\/2023\/11\/Roberthalf_Bild1_ps.jpg","contentUrl":"https:\/\/www.organisator.ch\/wp-content\/uploads\/2023\/11\/Roberthalf_Bild1_ps.jpg","width":680,"height":470,"caption":"Robert Half ver\u00f6ffentlicht ihre Gehalts\u00fcbersicht 2024 f\u00fcr die Schweiz. (Bild: www.pixabay.com)"},{"@type":"BreadcrumbList","@id":"https:\/\/www.organisator.ch\/human-resources\/2023-11-22\/robert-half-veroeffentlicht-gehaltsuebersicht-2024\/#breadcrumb","itemListElement":[{"@type":"ListItem","position":1,"name":"Home","item":"https:\/\/www.organisator.ch\/"},{"@type":"ListItem","position":2,"name":"Robert Half ver\u00f6ffentlicht Gehalts\u00fcbersicht 2024"}]},{"@type":"WebSite","@id":"https:\/\/www.organisator.ch\/#website","url":"https:\/\/www.organisator.ch\/","name":"Organizzatore","description":"Competente. Pratico. In 10 numeri all'anno, ORGANISATOR presenta i temi essenziali per i manager delle PMI.","publisher":{"@id":"https:\/\/www.organisator.ch\/#organization"},"potentialAction":[{"@type":"SearchAction","target":{"@type":"EntryPoint","urlTemplate":"https:\/\/www.organisator.ch\/?s={search_term_string}"},"query-input":{"@type":"PropertyValueSpecification","valueRequired":true,"valueName":"search_term_string"}}],"inLanguage":"it-IT"},{"@type":"Organization","@id":"https:\/\/www.organisator.ch\/#organization","name":"Organizzatore","url":"https:\/\/www.organisator.ch\/","logo":{"@type":"ImageObject","inLanguage":"it-IT","@id":"https:\/\/www.organisator.ch\/#\/schema\/logo\/image\/","url":"https:\/\/www.organisator.ch\/wp-content\/uploads\/2022\/01\/Logo_Organisator_Website.png","contentUrl":"https:\/\/www.organisator.ch\/wp-content\/uploads\/2022\/01\/Logo_Organisator_Website.png","width":800,"height":77,"caption":"Organisator"},"image":{"@id":"https:\/\/www.organisator.ch\/#\/schema\/logo\/image\/"},"sameAs":["https:\/\/www.facebook.com\/OrganisatorFachmagazin","https:\/\/www.linkedin.com\/showcase\/organisator-das-magazin-fr-kmu","https:\/\/www.xing.com\/news\/pages\/organisator-ch-695","https:\/\/www.youtube.com\/channel\/UCGP2Sq0iWaZwT3BdIAQFYpw"]},{"@type":"Person","@id":"https:\/\/www.organisator.ch\/#\/schema\/person\/2e1314a2172123f874db408d8911d3f3","name":"Adelisa Kalajdzini","image":{"@type":"ImageObject","inLanguage":"it-IT","@id":"https:\/\/secure.gravatar.com\/avatar\/09a397c22ac58cad6f160ee8306348599df9df58a8ede73696226897b9fa4b24?s=96&d=mm&r=g","url":"https:\/\/secure.gravatar.com\/avatar\/09a397c22ac58cad6f160ee8306348599df9df58a8ede73696226897b9fa4b24?s=96&d=mm&r=g","contentUrl":"https:\/\/secure.gravatar.com\/avatar\/09a397c22ac58cad6f160ee8306348599df9df58a8ede73696226897b9fa4b24?s=96&d=mm&r=g","caption":"Adelisa Kalajdzini"},"url":"https:\/\/www.organisator.ch\/it\/author\/adelisa-kalajdzini\/"}]}},"_links":{"self":[{"href":"https:\/\/www.organisator.ch\/it\/wp-json\/wp\/v2\/posts\/23303","targetHints":{"allow":["GET"]}}],"collection":[{"href":"https:\/\/www.organisator.ch\/it\/wp-json\/wp\/v2\/posts"}],"about":[{"href":"https:\/\/www.organisator.ch\/it\/wp-json\/wp\/v2\/types\/post"}],"author":[{"embeddable":true,"href":"https:\/\/www.organisator.ch\/it\/wp-json\/wp\/v2\/users\/58"}],"replies":[{"embeddable":true,"href":"https:\/\/www.organisator.ch\/it\/wp-json\/wp\/v2\/comments?post=23303"}],"version-history":[{"count":10,"href":"https:\/\/www.organisator.ch\/it\/wp-json\/wp\/v2\/posts\/23303\/revisions"}],"predecessor-version":[{"id":23315,"href":"https:\/\/www.organisator.ch\/it\/wp-json\/wp\/v2\/posts\/23303\/revisions\/23315"}],"wp:featuredmedia":[{"embeddable":true,"href":"https:\/\/www.organisator.ch\/it\/wp-json\/wp\/v2\/media\/23306"}],"wp:attachment":[{"href":"https:\/\/www.organisator.ch\/it\/wp-json\/wp\/v2\/media?parent=23303"}],"wp:term":[{"taxonomy":"category","embeddable":true,"href":"https:\/\/www.organisator.ch\/it\/wp-json\/wp\/v2\/categories?post=23303"},{"taxonomy":"post_tag","embeddable":true,"href":"https:\/\/www.organisator.ch\/it\/wp-json\/wp\/v2\/tags?post=23303"}],"curies":[{"name":"wp","href":"https:\/\/api.w.org\/{rel}","templated":true}]}}