{"id":2332,"date":"2019-07-25T12:48:15","date_gmt":"2019-07-25T10:48:15","guid":{"rendered":"https:\/\/www.umweltperspektiven.ch\/?p=2332"},"modified":"2019-07-25T12:48:15","modified_gmt":"2019-07-25T10:48:15","slug":"alar-jost-neuer-bim-verantwortlicher-bei-pomconsulting-ag","status":"publish","type":"post","link":"https:\/\/www.organisator.ch\/it\/allgemein\/2019-07-25\/alar-jost-neuer-bim-verantwortlicher-bei-pomconsulting-ag\/","title":{"rendered":"Alar Jost nuovo responsabile BIM alla pom+Consulting AG"},"content":{"rendered":"<figure id=\"attachment_2333\" aria-describedby=\"caption-attachment-2333\" style=\"width: 680px\" class=\"wp-caption alignnone\"><img loading=\"lazy\" decoding=\"async\" class=\"size-medium wp-image-2333\" src=\"\/\/www.umweltperspektiven.ch\/wp-content\/uploads\/2019\/07\/pom-alarjost-up-umwelt-perspektiven.jpg\" alt=\"\" width=\"680\" height=\"424\" srcset=\"https:\/\/www.organisator.ch\/wp-content\/uploads\/2019\/07\/pom-alarjost-up-umwelt-perspektiven.jpg 756w, https:\/\/www.organisator.ch\/wp-content\/uploads\/2019\/07\/pom-alarjost-up-umwelt-perspektiven-680x424.jpg 680w, https:\/\/www.organisator.ch\/wp-content\/uploads\/2019\/07\/pom-alarjost-up-umwelt-perspektiven-18x12.jpg 18w, https:\/\/www.organisator.ch\/wp-content\/uploads\/2019\/07\/pom-alarjost-up-umwelt-perspektiven-281x175.jpg 281w, https:\/\/www.organisator.ch\/wp-content\/uploads\/2019\/07\/pom-alarjost-up-umwelt-perspektiven-562x350.jpg 562w, https:\/\/www.organisator.ch\/wp-content\/uploads\/2019\/07\/pom-alarjost-up-umwelt-perspektiven-300x187.jpg 300w\" sizes=\"auto, (max-width: 680px) 100vw, 680px\" \/><figcaption id=\"caption-attachment-2333\" class=\"wp-caption-text\">Alar Jost, nuovo BIM manager di pom+ Alar Jost. (Immagine: zVg)<\/figcaption><\/figure>\n<p class=\"bodytext\">Fin dall'inizio, pom+Consulting AG ha supportato i propri clienti nella fornitura e nella gestione dei dati corrispondenti durante l'intero ciclo di vita, dall'idea iniziale fino alla decostruzione o all'ulteriore sviluppo degli immobili. Nel corso della digitalizzazione, l'importanza dei dati e di metodi come il BIM sta crescendo enormemente. pom+ si sta quindi concentrando sull'espansione strategica di questo settore.<\/p>\n<div>\n<p><strong>\"Uomo esperto\"<\/strong><\/p>\n<p>Alar Jost, esperto di BIM e di gestione dei dati del ciclo di vita, guider\u00e0 il team pom+BIM dal 1\u00b0 settembre 2019. Alar Jost \u00e8 laureato in architettura, membro del consiglio di amministrazione di Bauen digital Schweiz e vicepresidente di buildingSMART Switzerland. In questa funzione, insieme a un team, sviluppa il \"Piano passo dopo passo Svizzera\". Grazie al suo coinvolgimento in grandi progetti come \"The World Dubai\" nel 2006, ha maturato molti anni di esperienza nella pianificazione e realizzazione integrata digitale e nella gestione.<\/p>\n<\/div>\n<div>\n<p class=\"bodytext\">Prima di entrare in pom+, Alar Jost ha guidato un team internazionale presso Implenia Schweiz AG come responsabile BIM. Parallelamente alle sue attivit\u00e0 professionali, dal 2001 ha ricoperto vari incarichi di insegnamento presso l'Universit\u00e0 di East London, la TU di Monaco e il Politecnico di Zurigo. \"Il BIM e la gestione dei dati del ciclo di vita cambieranno completamente l'industria edilizia e immobiliare nei prossimi anni\", spiega Alar Jost. \"Con il mio pom+team voglio contribuire a rendere questi cambiamenti un'opportunit\u00e0 per le aziende, aprendo nuovi campi di business\".<\/p>\n<p>Adrian Wildenauer, ex responsabile BIM, lascer\u00e0 pom+ il 31 luglio 2019.<\/p>\n<\/div>\n<p><a href=\"\/\/www.pom.ch\">http:\/\/www.pom.ch<\/a><\/p>","protected":false},"excerpt":{"rendered":"<p>pom+Consulting AG unterst\u00fctzt seine Kunden seit Beginn in der Bereitstellung und Bewirtschaftung der entsprechenden Daten im ganzen Lebenszyklus \u2013 von der ersten Idee bis zum R\u00fcckbau oder zur Weiterentwicklung von Immobilien. Im Zuge der Digitalisierung w\u00e4chst die Bedeutung von Daten und Methoden wie BIM enorm. pom+ setzt daher auf den strategischen Ausbau dieses Bereichs. &#8222;Erfahrener [&hellip;]<\/p>\n","protected":false},"author":5,"featured_media":2333,"comment_status":"open","ping_status":"open","sticky":false,"template":"","format":"standard","meta":{"_acf_changed":false,"_yoast_wpseo_focuskw":"pom+Consulting AG","_yoast_wpseo_metadesc":"pom+Consulting AG, ein f\u00fcr Immobilien, Infrastrukturen und Organisationen t\u00e4tiges Schweizer Beratungsunternehmen, verst\u00e4rkt sein BIM Team mit Alar Jost.","articlekey":"","footnotes":""},"categories":[1],"tags":[816,1251,1732,381],"class_list":["post-2332","post","type-post","status-publish","format-standard","has-post-thumbnail","hentry","category-allgemein","tag-bim","tag-gebaeudeplanung","tag-modelle","tag-personalia"],"acf":[],"yoast_head":"<!-- This site is optimized with the Yoast SEO plugin v27.4 - https:\/\/yoast.com\/product\/yoast-seo-wordpress\/ -->\n<title>Alar Jost neuer BIM-Verantwortlicher bei pom+Consulting AG - Organisator<\/title>\n<meta name=\"description\" content=\"pom+Consulting AG, ein f\u00fcr Immobilien, Infrastrukturen und Organisationen t\u00e4tiges Schweizer Beratungsunternehmen, verst\u00e4rkt sein BIM Team mit Alar Jost.\" \/>\n<meta name=\"robots\" content=\"index, follow, max-snippet:-1, max-image-preview:large, max-video-preview:-1\" \/>\n<link rel=\"canonical\" href=\"https:\/\/www.organisator.ch\/it\/generale\/2019-07-25\/alar-jost-neuer-bim-verantwortlicher-bei-pomconsulting-ag\/\" \/>\n<meta property=\"og:locale\" content=\"it_IT\" \/>\n<meta property=\"og:type\" content=\"article\" \/>\n<meta property=\"og:title\" content=\"Alar Jost neuer BIM-Verantwortlicher bei pom+Consulting AG - Organisator\" \/>\n<meta property=\"og:description\" content=\"pom+Consulting AG, ein f\u00fcr Immobilien, Infrastrukturen und Organisationen t\u00e4tiges Schweizer Beratungsunternehmen, verst\u00e4rkt sein BIM Team mit Alar Jost.\" \/>\n<meta property=\"og:url\" content=\"https:\/\/www.organisator.ch\/it\/generale\/2019-07-25\/alar-jost-neuer-bim-verantwortlicher-bei-pomconsulting-ag\/\" \/>\n<meta property=\"og:site_name\" content=\"Organisator\" \/>\n<meta property=\"article:publisher\" content=\"https:\/\/www.facebook.com\/OrganisatorFachmagazin\" \/>\n<meta property=\"article:published_time\" content=\"2019-07-25T10:48:15+00:00\" \/>\n<meta property=\"og:image\" content=\"https:\/\/www.organisator.ch\/wp-content\/uploads\/2019\/07\/pom-alarjost-up-umwelt-perspektiven.jpg\" \/>\n\t<meta property=\"og:image:width\" content=\"756\" \/>\n\t<meta property=\"og:image:height\" content=\"471\" \/>\n\t<meta property=\"og:image:type\" content=\"image\/jpeg\" \/>\n<meta name=\"author\" content=\"michael.merz\" \/>\n<meta name=\"twitter:card\" content=\"summary_large_image\" \/>\n<script type=\"application\/ld+json\" class=\"yoast-schema-graph\">{\"@context\":\"https:\\\/\\\/schema.org\",\"@graph\":[{\"@type\":\"Article\",\"@id\":\"https:\\\/\\\/www.organisator.ch\\\/de\\\/allgemein\\\/2019-07-25\\\/alar-jost-neuer-bim-verantwortlicher-bei-pomconsulting-ag\\\/#article\",\"isPartOf\":{\"@id\":\"https:\\\/\\\/www.organisator.ch\\\/de\\\/allgemein\\\/2019-07-25\\\/alar-jost-neuer-bim-verantwortlicher-bei-pomconsulting-ag\\\/\"},\"author\":{\"name\":\"michael.merz\",\"@id\":\"https:\\\/\\\/www.organisator.ch\\\/#\\\/schema\\\/person\\\/134708ca9321c57b0362cceb7948ffbd\"},\"headline\":\"Alar Jost neuer BIM-Verantwortlicher bei pom+Consulting AG\",\"datePublished\":\"2019-07-25T10:48:15+00:00\",\"mainEntityOfPage\":{\"@id\":\"https:\\\/\\\/www.organisator.ch\\\/de\\\/allgemein\\\/2019-07-25\\\/alar-jost-neuer-bim-verantwortlicher-bei-pomconsulting-ag\\\/\"},\"wordCount\":267,\"commentCount\":0,\"publisher\":{\"@id\":\"https:\\\/\\\/www.organisator.ch\\\/#organization\"},\"image\":{\"@id\":\"https:\\\/\\\/www.organisator.ch\\\/de\\\/allgemein\\\/2019-07-25\\\/alar-jost-neuer-bim-verantwortlicher-bei-pomconsulting-ag\\\/#primaryimage\"},\"thumbnailUrl\":\"https:\\\/\\\/www.organisator.ch\\\/wp-content\\\/uploads\\\/2019\\\/07\\\/pom-alarjost-up-umwelt-perspektiven.jpg\",\"keywords\":[\"BIM\",\"Geb\u00e4udeplanung\",\"Modelle\",\"Personalia\"],\"articleSection\":[\"Allgemein\"],\"inLanguage\":\"it-IT\"},{\"@type\":\"WebPage\",\"@id\":\"https:\\\/\\\/www.organisator.ch\\\/de\\\/allgemein\\\/2019-07-25\\\/alar-jost-neuer-bim-verantwortlicher-bei-pomconsulting-ag\\\/\",\"url\":\"https:\\\/\\\/www.organisator.ch\\\/de\\\/allgemein\\\/2019-07-25\\\/alar-jost-neuer-bim-verantwortlicher-bei-pomconsulting-ag\\\/\",\"name\":\"Alar Jost neuer BIM-Verantwortlicher bei pom+Consulting AG - Organisator\",\"isPartOf\":{\"@id\":\"https:\\\/\\\/www.organisator.ch\\\/#website\"},\"primaryImageOfPage\":{\"@id\":\"https:\\\/\\\/www.organisator.ch\\\/de\\\/allgemein\\\/2019-07-25\\\/alar-jost-neuer-bim-verantwortlicher-bei-pomconsulting-ag\\\/#primaryimage\"},\"image\":{\"@id\":\"https:\\\/\\\/www.organisator.ch\\\/de\\\/allgemein\\\/2019-07-25\\\/alar-jost-neuer-bim-verantwortlicher-bei-pomconsulting-ag\\\/#primaryimage\"},\"thumbnailUrl\":\"https:\\\/\\\/www.organisator.ch\\\/wp-content\\\/uploads\\\/2019\\\/07\\\/pom-alarjost-up-umwelt-perspektiven.jpg\",\"datePublished\":\"2019-07-25T10:48:15+00:00\",\"description\":\"pom+Consulting AG, ein f\u00fcr Immobilien, Infrastrukturen und Organisationen t\u00e4tiges Schweizer Beratungsunternehmen, verst\u00e4rkt sein BIM Team mit Alar Jost.\",\"breadcrumb\":{\"@id\":\"https:\\\/\\\/www.organisator.ch\\\/de\\\/allgemein\\\/2019-07-25\\\/alar-jost-neuer-bim-verantwortlicher-bei-pomconsulting-ag\\\/#breadcrumb\"},\"inLanguage\":\"it-IT\",\"potentialAction\":[{\"@type\":\"ReadAction\",\"target\":[\"https:\\\/\\\/www.organisator.ch\\\/de\\\/allgemein\\\/2019-07-25\\\/alar-jost-neuer-bim-verantwortlicher-bei-pomconsulting-ag\\\/\"]}]},{\"@type\":\"ImageObject\",\"inLanguage\":\"it-IT\",\"@id\":\"https:\\\/\\\/www.organisator.ch\\\/de\\\/allgemein\\\/2019-07-25\\\/alar-jost-neuer-bim-verantwortlicher-bei-pomconsulting-ag\\\/#primaryimage\",\"url\":\"https:\\\/\\\/www.organisator.ch\\\/wp-content\\\/uploads\\\/2019\\\/07\\\/pom-alarjost-up-umwelt-perspektiven.jpg\",\"contentUrl\":\"https:\\\/\\\/www.organisator.ch\\\/wp-content\\\/uploads\\\/2019\\\/07\\\/pom-alarjost-up-umwelt-perspektiven.jpg\",\"width\":756,\"height\":471,\"caption\":\"Auch BIM Modelle setzen richtige und qualitativ hochwertige Daten voraus, ist der neue BIM-Verantwortliche von pom+ Alar Jost \u00fcberzeugt. (Bild: zVg)\"},{\"@type\":\"BreadcrumbList\",\"@id\":\"https:\\\/\\\/www.organisator.ch\\\/de\\\/allgemein\\\/2019-07-25\\\/alar-jost-neuer-bim-verantwortlicher-bei-pomconsulting-ag\\\/#breadcrumb\",\"itemListElement\":[{\"@type\":\"ListItem\",\"position\":1,\"name\":\"Home\",\"item\":\"https:\\\/\\\/www.organisator.ch\\\/\"},{\"@type\":\"ListItem\",\"position\":2,\"name\":\"Alar Jost neuer BIM-Verantwortlicher bei pom+Consulting AG\"}]},{\"@type\":\"WebSite\",\"@id\":\"https:\\\/\\\/www.organisator.ch\\\/#website\",\"url\":\"https:\\\/\\\/www.organisator.ch\\\/\",\"name\":\"Organisator\",\"description\":\"Kompetent. Praxisnah. Der ORGANISATOR bereitet in 10 Ausgaben pro Jahr die wesentlichen Themen f\u00fcr F\u00fchrungskr\u00e4fte von KMU auf.\",\"publisher\":{\"@id\":\"https:\\\/\\\/www.organisator.ch\\\/#organization\"},\"potentialAction\":[{\"@type\":\"SearchAction\",\"target\":{\"@type\":\"EntryPoint\",\"urlTemplate\":\"https:\\\/\\\/www.organisator.ch\\\/?s={search_term_string}\"},\"query-input\":{\"@type\":\"PropertyValueSpecification\",\"valueRequired\":true,\"valueName\":\"search_term_string\"}}],\"inLanguage\":\"it-IT\"},{\"@type\":\"Organization\",\"@id\":\"https:\\\/\\\/www.organisator.ch\\\/#organization\",\"name\":\"Organisator\",\"url\":\"https:\\\/\\\/www.organisator.ch\\\/\",\"logo\":{\"@type\":\"ImageObject\",\"inLanguage\":\"it-IT\",\"@id\":\"https:\\\/\\\/www.organisator.ch\\\/#\\\/schema\\\/logo\\\/image\\\/\",\"url\":\"https:\\\/\\\/www.organisator.ch\\\/wp-content\\\/uploads\\\/2022\\\/01\\\/Logo_Organisator_Website.png\",\"contentUrl\":\"https:\\\/\\\/www.organisator.ch\\\/wp-content\\\/uploads\\\/2022\\\/01\\\/Logo_Organisator_Website.png\",\"width\":800,\"height\":77,\"caption\":\"Organisator\"},\"image\":{\"@id\":\"https:\\\/\\\/www.organisator.ch\\\/#\\\/schema\\\/logo\\\/image\\\/\"},\"sameAs\":[\"https:\\\/\\\/www.facebook.com\\\/OrganisatorFachmagazin\",\"https:\\\/\\\/www.linkedin.com\\\/showcase\\\/organisator-das-magazin-fr-kmu\",\"https:\\\/\\\/www.xing.com\\\/news\\\/pages\\\/organisator-ch-695\",\"https:\\\/\\\/www.youtube.com\\\/channel\\\/UCGP2Sq0iWaZwT3BdIAQFYpw\"]},{\"@type\":\"Person\",\"@id\":\"https:\\\/\\\/www.organisator.ch\\\/#\\\/schema\\\/person\\\/134708ca9321c57b0362cceb7948ffbd\",\"name\":\"michael.merz\",\"image\":{\"@type\":\"ImageObject\",\"inLanguage\":\"it-IT\",\"@id\":\"https:\\\/\\\/secure.gravatar.com\\\/avatar\\\/?s=96&d=mm&r=g\",\"url\":\"https:\\\/\\\/secure.gravatar.com\\\/avatar\\\/?s=96&d=mm&r=g\",\"contentUrl\":\"https:\\\/\\\/secure.gravatar.com\\\/avatar\\\/?s=96&d=mm&r=g\",\"caption\":\"michael.merz\"},\"url\":\"https:\\\/\\\/www.organisator.ch\\\/it\\\/author\\\/michael-merz\\\/\"}]}<\/script>\n<!-- \/ Yoast SEO plugin. -->","yoast_head_json":{"title":"Alar Jost nuovo BIM manager presso pom+Consulting AG - Organizzatore","description":"pom+Consulting AG, societ\u00e0 svizzera di consulenza immobiliare, infrastrutturale e organizzativa, rafforza il proprio team BIM con Alar Jost.","robots":{"index":"index","follow":"follow","max-snippet":"max-snippet:-1","max-image-preview":"max-image-preview:large","max-video-preview":"max-video-preview:-1"},"canonical":"https:\/\/www.organisator.ch\/it\/generale\/2019-07-25\/alar-jost-neuer-bim-verantwortlicher-bei-pomconsulting-ag\/","og_locale":"it_IT","og_type":"article","og_title":"Alar Jost neuer BIM-Verantwortlicher bei pom+Consulting AG - Organisator","og_description":"pom+Consulting AG, ein f\u00fcr Immobilien, Infrastrukturen und Organisationen t\u00e4tiges Schweizer Beratungsunternehmen, verst\u00e4rkt sein BIM Team mit Alar Jost.","og_url":"https:\/\/www.organisator.ch\/it\/generale\/2019-07-25\/alar-jost-neuer-bim-verantwortlicher-bei-pomconsulting-ag\/","og_site_name":"Organisator","article_publisher":"https:\/\/www.facebook.com\/OrganisatorFachmagazin","article_published_time":"2019-07-25T10:48:15+00:00","og_image":[{"width":756,"height":471,"url":"https:\/\/www.organisator.ch\/wp-content\/uploads\/2019\/07\/pom-alarjost-up-umwelt-perspektiven.jpg","type":"image\/jpeg"}],"author":"michael.merz","twitter_card":"summary_large_image","schema":{"@context":"https:\/\/schema.org","@graph":[{"@type":"Article","@id":"https:\/\/www.organisator.ch\/de\/allgemein\/2019-07-25\/alar-jost-neuer-bim-verantwortlicher-bei-pomconsulting-ag\/#article","isPartOf":{"@id":"https:\/\/www.organisator.ch\/de\/allgemein\/2019-07-25\/alar-jost-neuer-bim-verantwortlicher-bei-pomconsulting-ag\/"},"author":{"name":"michael.merz","@id":"https:\/\/www.organisator.ch\/#\/schema\/person\/134708ca9321c57b0362cceb7948ffbd"},"headline":"Alar Jost neuer BIM-Verantwortlicher bei pom+Consulting AG","datePublished":"2019-07-25T10:48:15+00:00","mainEntityOfPage":{"@id":"https:\/\/www.organisator.ch\/de\/allgemein\/2019-07-25\/alar-jost-neuer-bim-verantwortlicher-bei-pomconsulting-ag\/"},"wordCount":267,"commentCount":0,"publisher":{"@id":"https:\/\/www.organisator.ch\/#organization"},"image":{"@id":"https:\/\/www.organisator.ch\/de\/allgemein\/2019-07-25\/alar-jost-neuer-bim-verantwortlicher-bei-pomconsulting-ag\/#primaryimage"},"thumbnailUrl":"https:\/\/www.organisator.ch\/wp-content\/uploads\/2019\/07\/pom-alarjost-up-umwelt-perspektiven.jpg","keywords":["BIM","Geb\u00e4udeplanung","Modelle","Personalia"],"articleSection":["Allgemein"],"inLanguage":"it-IT"},{"@type":"WebPage","@id":"https:\/\/www.organisator.ch\/de\/allgemein\/2019-07-25\/alar-jost-neuer-bim-verantwortlicher-bei-pomconsulting-ag\/","url":"https:\/\/www.organisator.ch\/de\/allgemein\/2019-07-25\/alar-jost-neuer-bim-verantwortlicher-bei-pomconsulting-ag\/","name":"Alar Jost nuovo BIM manager presso pom+Consulting AG - Organizzatore","isPartOf":{"@id":"https:\/\/www.organisator.ch\/#website"},"primaryImageOfPage":{"@id":"https:\/\/www.organisator.ch\/de\/allgemein\/2019-07-25\/alar-jost-neuer-bim-verantwortlicher-bei-pomconsulting-ag\/#primaryimage"},"image":{"@id":"https:\/\/www.organisator.ch\/de\/allgemein\/2019-07-25\/alar-jost-neuer-bim-verantwortlicher-bei-pomconsulting-ag\/#primaryimage"},"thumbnailUrl":"https:\/\/www.organisator.ch\/wp-content\/uploads\/2019\/07\/pom-alarjost-up-umwelt-perspektiven.jpg","datePublished":"2019-07-25T10:48:15+00:00","description":"pom+Consulting AG, societ\u00e0 svizzera di consulenza immobiliare, infrastrutturale e organizzativa, rafforza il proprio team BIM con Alar Jost.","breadcrumb":{"@id":"https:\/\/www.organisator.ch\/de\/allgemein\/2019-07-25\/alar-jost-neuer-bim-verantwortlicher-bei-pomconsulting-ag\/#breadcrumb"},"inLanguage":"it-IT","potentialAction":[{"@type":"ReadAction","target":["https:\/\/www.organisator.ch\/de\/allgemein\/2019-07-25\/alar-jost-neuer-bim-verantwortlicher-bei-pomconsulting-ag\/"]}]},{"@type":"ImageObject","inLanguage":"it-IT","@id":"https:\/\/www.organisator.ch\/de\/allgemein\/2019-07-25\/alar-jost-neuer-bim-verantwortlicher-bei-pomconsulting-ag\/#primaryimage","url":"https:\/\/www.organisator.ch\/wp-content\/uploads\/2019\/07\/pom-alarjost-up-umwelt-perspektiven.jpg","contentUrl":"https:\/\/www.organisator.ch\/wp-content\/uploads\/2019\/07\/pom-alarjost-up-umwelt-perspektiven.jpg","width":756,"height":471,"caption":"Auch BIM Modelle setzen richtige und qualitativ hochwertige Daten voraus, ist der neue BIM-Verantwortliche von pom+ Alar Jost \u00fcberzeugt. (Bild: zVg)"},{"@type":"BreadcrumbList","@id":"https:\/\/www.organisator.ch\/de\/allgemein\/2019-07-25\/alar-jost-neuer-bim-verantwortlicher-bei-pomconsulting-ag\/#breadcrumb","itemListElement":[{"@type":"ListItem","position":1,"name":"Home","item":"https:\/\/www.organisator.ch\/"},{"@type":"ListItem","position":2,"name":"Alar Jost neuer BIM-Verantwortlicher bei pom+Consulting AG"}]},{"@type":"WebSite","@id":"https:\/\/www.organisator.ch\/#website","url":"https:\/\/www.organisator.ch\/","name":"Organizzatore","description":"Competente. Pratico. In 10 numeri all'anno, ORGANISATOR presenta i temi essenziali per i manager delle PMI.","publisher":{"@id":"https:\/\/www.organisator.ch\/#organization"},"potentialAction":[{"@type":"SearchAction","target":{"@type":"EntryPoint","urlTemplate":"https:\/\/www.organisator.ch\/?s={search_term_string}"},"query-input":{"@type":"PropertyValueSpecification","valueRequired":true,"valueName":"search_term_string"}}],"inLanguage":"it-IT"},{"@type":"Organization","@id":"https:\/\/www.organisator.ch\/#organization","name":"Organizzatore","url":"https:\/\/www.organisator.ch\/","logo":{"@type":"ImageObject","inLanguage":"it-IT","@id":"https:\/\/www.organisator.ch\/#\/schema\/logo\/image\/","url":"https:\/\/www.organisator.ch\/wp-content\/uploads\/2022\/01\/Logo_Organisator_Website.png","contentUrl":"https:\/\/www.organisator.ch\/wp-content\/uploads\/2022\/01\/Logo_Organisator_Website.png","width":800,"height":77,"caption":"Organisator"},"image":{"@id":"https:\/\/www.organisator.ch\/#\/schema\/logo\/image\/"},"sameAs":["https:\/\/www.facebook.com\/OrganisatorFachmagazin","https:\/\/www.linkedin.com\/showcase\/organisator-das-magazin-fr-kmu","https:\/\/www.xing.com\/news\/pages\/organisator-ch-695","https:\/\/www.youtube.com\/channel\/UCGP2Sq0iWaZwT3BdIAQFYpw"]},{"@type":"Person","@id":"https:\/\/www.organisator.ch\/#\/schema\/person\/134708ca9321c57b0362cceb7948ffbd","name":"michael.merz","image":{"@type":"ImageObject","inLanguage":"it-IT","@id":"https:\/\/secure.gravatar.com\/avatar\/?s=96&d=mm&r=g","url":"https:\/\/secure.gravatar.com\/avatar\/?s=96&d=mm&r=g","contentUrl":"https:\/\/secure.gravatar.com\/avatar\/?s=96&d=mm&r=g","caption":"michael.merz"},"url":"https:\/\/www.organisator.ch\/it\/author\/michael-merz\/"}]}},"_links":{"self":[{"href":"https:\/\/www.organisator.ch\/it\/wp-json\/wp\/v2\/posts\/2332","targetHints":{"allow":["GET"]}}],"collection":[{"href":"https:\/\/www.organisator.ch\/it\/wp-json\/wp\/v2\/posts"}],"about":[{"href":"https:\/\/www.organisator.ch\/it\/wp-json\/wp\/v2\/types\/post"}],"author":[{"embeddable":true,"href":"https:\/\/www.organisator.ch\/it\/wp-json\/wp\/v2\/users\/5"}],"replies":[{"embeddable":true,"href":"https:\/\/www.organisator.ch\/it\/wp-json\/wp\/v2\/comments?post=2332"}],"version-history":[{"count":0,"href":"https:\/\/www.organisator.ch\/it\/wp-json\/wp\/v2\/posts\/2332\/revisions"}],"wp:featuredmedia":[{"embeddable":true,"href":"https:\/\/www.organisator.ch\/it\/wp-json\/wp\/v2\/media\/2333"}],"wp:attachment":[{"href":"https:\/\/www.organisator.ch\/it\/wp-json\/wp\/v2\/media?parent=2332"}],"wp:term":[{"taxonomy":"category","embeddable":true,"href":"https:\/\/www.organisator.ch\/it\/wp-json\/wp\/v2\/categories?post=2332"},{"taxonomy":"post_tag","embeddable":true,"href":"https:\/\/www.organisator.ch\/it\/wp-json\/wp\/v2\/tags?post=2332"}],"curies":[{"name":"wp","href":"https:\/\/api.w.org\/{rel}","templated":true}]}}