{"id":23348,"date":"2023-11-24T05:47:47","date_gmt":"2023-11-24T04:47:47","guid":{"rendered":"https:\/\/www.organisator.ch\/?p=23348"},"modified":"2023-11-23T09:48:01","modified_gmt":"2023-11-23T08:48:01","slug":"kmu-mem-branche-unter-druck","status":"publish","type":"post","link":"https:\/\/www.organisator.ch\/it\/management\/2023-11-24\/kmu-mem-branche-unter-druck\/","title":{"rendered":"Settore MEM PMI sotto pressione"},"content":{"rendered":"<figure id=\"attachment_23353\" aria-describedby=\"caption-attachment-23353\" style=\"width: 680px\" class=\"wp-caption alignnone\"><img loading=\"lazy\" decoding=\"async\" class=\"size-full wp-image-23353\" src=\"https:\/\/www.organisator.ch\/wp-content\/uploads\/2023\/11\/Swissmechanic_Bild1_ps.jpg\" alt=\"\" width=\"680\" height=\"383\" srcset=\"https:\/\/www.organisator.ch\/wp-content\/uploads\/2023\/11\/Swissmechanic_Bild1_ps.jpg 680w, https:\/\/www.organisator.ch\/wp-content\/uploads\/2023\/11\/Swissmechanic_Bild1_ps-18x10.jpg 18w, https:\/\/www.organisator.ch\/wp-content\/uploads\/2023\/11\/Swissmechanic_Bild1_ps-375x211.jpg 375w, https:\/\/www.organisator.ch\/wp-content\/uploads\/2023\/11\/Swissmechanic_Bild1_ps-621x350.jpg 621w\" sizes=\"auto, (max-width: 680px) 100vw, 680px\" \/><figcaption id=\"caption-attachment-23353\" class=\"wp-caption-text\">Swissmechanic Business Climate Index: la situazione tesa degli ordini pesa sulle PMI dell'industria MEM. (Immagine: www.pixabay.com)<\/figcaption><\/figure>\n<p>Quattro volte all'anno, Swissmechanic Svizzera, l'associazione dei datori di lavoro delle PMI MEM, conduce un sondaggio sulla situazione economica delle aziende associate. Lo Swissmechanic Business Climate Index che ne deriva \u00e8 redatto in collaborazione con l'istituto di ricerca economica BAK Economics e consente un monitoraggio significativo del settore MEM.<\/p>\n<h3><strong>Il forte calo degli ordini in entrata \u00e8 fonte di preoccupazione per le PMI MEM <\/strong><\/h3>\n<p>L'ultima indagine mostra chiaramente che le PMI MEM sono sempre pi\u00f9 sotto pressione. Nell'ottobre 2023, per la prima volta in tre anni, l'indice del clima aziendale di Swissmechanic ha subito un calo significativo per due volte di seguito ed \u00e8 ora chiaramente in rosso.<\/p>\n<figure id=\"attachment_23350\" aria-describedby=\"caption-attachment-23350\" style=\"width: 680px\" class=\"wp-caption alignnone\"><img loading=\"lazy\" decoding=\"async\" class=\"size-full wp-image-23350\" src=\"https:\/\/www.organisator.ch\/wp-content\/uploads\/2023\/11\/Abbildung-1-SwissmecMU-MEM-Betriebe_PS.jpg\" alt=\"\" width=\"680\" height=\"515\" srcset=\"https:\/\/www.organisator.ch\/wp-content\/uploads\/2023\/11\/Abbildung-1-SwissmecMU-MEM-Betriebe_PS.jpg 680w, https:\/\/www.organisator.ch\/wp-content\/uploads\/2023\/11\/Abbildung-1-SwissmecMU-MEM-Betriebe_PS-16x12.jpg 16w, https:\/\/www.organisator.ch\/wp-content\/uploads\/2023\/11\/Abbildung-1-SwissmecMU-MEM-Betriebe_PS-375x284.jpg 375w, https:\/\/www.organisator.ch\/wp-content\/uploads\/2023\/11\/Abbildung-1-SwissmecMU-MEM-Betriebe_PS-462x350.jpg 462w\" sizes=\"auto, (max-width: 680px) 100vw, 680px\" \/><figcaption id=\"caption-attachment-23350\" class=\"wp-caption-text\">(Immagine: www.swissmechanic.ch)<\/figcaption><\/figure>\n<p>\"Quasi il 75% delle PMI intervistate giudica attualmente il clima aziendale sfavorevole. Per la prima volta quest'anno, le PMI MEM citano la mancanza di ordini come la sfida pi\u00f9 grande. Quasi un'azienda su quattro non ha pi\u00f9 ordini sufficienti per un mese\", spiega J\u00fcrg Marti, direttore di Swissmechanic. Rispetto allo stesso trimestre dell'anno precedente, il 63 % delle aziende intervistate ha registrato un calo degli ordini in entrata. Al contrario, solo 13 % hanno segnalato un aumento. In linea con la debolezza degli ordini, l'utilizzo della capacit\u00e0 produttiva \u00e8 attualmente in calo e si attesta a 86 %.<\/p>\n<figure id=\"attachment_23351\" aria-describedby=\"caption-attachment-23351\" style=\"width: 680px\" class=\"wp-caption alignnone\"><img loading=\"lazy\" decoding=\"async\" class=\"size-full wp-image-23351\" src=\"https:\/\/www.organisator.ch\/wp-content\/uploads\/2023\/11\/Abbildung-2-Auslastuionskapazitaeten_PS.jpg\" alt=\"\" width=\"680\" height=\"481\" srcset=\"https:\/\/www.organisator.ch\/wp-content\/uploads\/2023\/11\/Abbildung-2-Auslastuionskapazitaeten_PS.jpg 680w, https:\/\/www.organisator.ch\/wp-content\/uploads\/2023\/11\/Abbildung-2-Auslastuionskapazitaeten_PS-18x12.jpg 18w, https:\/\/www.organisator.ch\/wp-content\/uploads\/2023\/11\/Abbildung-2-Auslastuionskapazitaeten_PS-375x265.jpg 375w, https:\/\/www.organisator.ch\/wp-content\/uploads\/2023\/11\/Abbildung-2-Auslastuionskapazitaeten_PS-495x350.jpg 495w\" sizes=\"auto, (max-width: 680px) 100vw, 680px\" \/><figcaption id=\"caption-attachment-23351\" class=\"wp-caption-text\">(Immagine: www.swissmechanic.ch)<\/figcaption><\/figure>\n<h3>\u00a0<strong>Le incertezze geopolitiche e la politica monetaria restrittiva pesano sul clima imprenditoriale <\/strong><\/h3>\n<p>\"I risultati possono essere attribuiti a una combinazione di diversi fattori negativi. Tuttavia, l'attuale incertezza della situazione geopolitica ha sicuramente un'influenza importante\", ha sottolineato Marti. Le industrie MEM stanno attualmente vivendo un rallentamento economico. Manca l'impulso economico esterno a causa della debolezza della crescita dei principali partner commerciali, come l'Eurozona, gli Stati Uniti e la Cina. Anche l'inflazione e la politica monetaria restrittiva pesano sul clima degli investimenti. L'apprezzamento del franco svizzero sta portando a una perdita di competitivit\u00e0 dei prodotti delle industrie MEM, che deve essere compensata sacrificando i margini.<\/p>\n<h3><strong>Leggera attenuazione prevista per il 2024 <\/strong><\/h3>\n<p>Anche le prospettive per il quarto trimestre del 2023 sono fosche. Pi\u00f9 della met\u00e0 delle PMI intervistate prevede un ulteriore calo degli ordini in entrata, del fatturato e dei margini a causa dell'attuale difficile contesto economico. Un lato positivo all'orizzonte: anche per il 2024 si prevede un contesto economico altrettanto debole. Tuttavia, ci sar\u00e0 una leggera attenuazione di alcuni fattori negativi. I prezzi dell'energia e delle materie prime si sono stabilizzati (a un livello elevato) e la pressione inflazionistica si sta leggermente attenuando sia a livello globale che in Svizzera. \u00c8 quindi probabile che la politica monetaria di molte banche centrali venga allentata e si prevede un corrispondente stimolo alla crescita dell'economia reale.<\/p>\n<p><em>Fonte:<a href=\"https:\/\/www.swissmechanic.ch\/\"> www.swissmechanic.ch<\/a><\/em><\/p>","protected":false},"excerpt":{"rendered":"<p>Gli alti tassi di interesse, l'indebolimento delle esportazioni e l'incertezza della situazione geopolitica stanno mettendo sotto pressione le PMI MEM. Tre quarti di esse valutano attualmente il clima aziendale come sfavorevole. Questo secondo l'ultimo indice del clima aziendale di Swissmechanic. La situazione degli ordini, in particolare, pesa sulle PMI dell'industria MEM: quasi un'azienda su quattro non ha pi\u00f9 ordini sufficienti per un mese.<\/p>","protected":false},"author":58,"featured_media":23353,"comment_status":"closed","ping_status":"closed","sticky":false,"template":"","format":"standard","meta":{"_acf_changed":false,"_yoast_wpseo_focuskw":"KMU","_yoast_wpseo_metadesc":"Hohe Zinsen, die schw\u00e4chelnde Exportwirtschaft und die unsichere geopolitische Lage setzen die KMU-MEM unter Druck.","articlekey":"","footnotes":""},"categories":[28],"tags":[795,334,335,492],"class_list":["post-23348","post","type-post","status-publish","format-standard","has-post-thumbnail","hentry","category-management","tag-befragung","tag-management","tag-management-und-unternehmensfuehrung","tag-unternehmen"],"acf":[],"yoast_head":"<!-- This site is optimized with the Yoast SEO plugin v27.4 - https:\/\/yoast.com\/product\/yoast-seo-wordpress\/ -->\n<title>KMU-MEM-Branche unter Druck - Organisator<\/title>\n<meta name=\"description\" content=\"Hohe Zinsen, die schw\u00e4chelnde Exportwirtschaft und die unsichere geopolitische Lage setzen die KMU-MEM unter Druck.\" \/>\n<meta name=\"robots\" content=\"index, follow, max-snippet:-1, max-image-preview:large, max-video-preview:-1\" \/>\n<link rel=\"canonical\" href=\"https:\/\/www.organisator.ch\/it\/gestione-2\/2023-11-24\/kmu-mem-branche-unter-druck\/\" \/>\n<meta property=\"og:locale\" content=\"it_IT\" \/>\n<meta property=\"og:type\" content=\"article\" \/>\n<meta property=\"og:title\" content=\"KMU-MEM-Branche unter Druck\" \/>\n<meta property=\"og:description\" content=\"Hohe Zinsen, die schw\u00e4chelnde Exportwirtschaft und die unsichere geopolitische Lage setzen die KMU-MEM unter Druck.\" \/>\n<meta property=\"og:url\" content=\"https:\/\/www.organisator.ch\/it\/gestione-2\/2023-11-24\/kmu-mem-branche-unter-druck\/\" \/>\n<meta property=\"og:site_name\" content=\"Organisator\" \/>\n<meta property=\"article:publisher\" content=\"https:\/\/www.facebook.com\/OrganisatorFachmagazin\" \/>\n<meta property=\"article:published_time\" content=\"2023-11-24T04:47:47+00:00\" \/>\n<meta property=\"og:image\" content=\"https:\/\/www.organisator.ch\/wp-content\/uploads\/2023\/11\/Swissmechanic_Bild1_ps.jpg\" \/>\n\t<meta property=\"og:image:width\" content=\"680\" \/>\n\t<meta property=\"og:image:height\" content=\"383\" \/>\n\t<meta property=\"og:image:type\" content=\"image\/jpeg\" \/>\n<meta name=\"author\" content=\"Adelisa Kalajdzini\" \/>\n<meta name=\"twitter:card\" content=\"summary_large_image\" \/>\n<meta name=\"twitter:title\" content=\"KMU-MEM-Branche unter Druck\" \/>\n<meta name=\"twitter:description\" content=\"Hohe Zinsen, die schw\u00e4chelnde Exportwirtschaft und die unsichere geopolitische Lage setzen die #KMU-MEM #unter #Druck.\" \/>\n<meta name=\"twitter:image\" content=\"https:\/\/www.organisator.ch\/wp-content\/uploads\/2023\/11\/Swissmechanic_Bild1_ps.jpg\" \/>\n<script type=\"application\/ld+json\" class=\"yoast-schema-graph\">{\"@context\":\"https:\\\/\\\/schema.org\",\"@graph\":[{\"@type\":\"Article\",\"@id\":\"https:\\\/\\\/www.organisator.ch\\\/management\\\/2023-11-24\\\/kmu-mem-branche-unter-druck\\\/#article\",\"isPartOf\":{\"@id\":\"https:\\\/\\\/www.organisator.ch\\\/management\\\/2023-11-24\\\/kmu-mem-branche-unter-druck\\\/\"},\"author\":{\"name\":\"Adelisa Kalajdzini\",\"@id\":\"https:\\\/\\\/www.organisator.ch\\\/#\\\/schema\\\/person\\\/2e1314a2172123f874db408d8911d3f3\"},\"headline\":\"KMU-MEM-Branche unter Druck\",\"datePublished\":\"2023-11-24T04:47:47+00:00\",\"mainEntityOfPage\":{\"@id\":\"https:\\\/\\\/www.organisator.ch\\\/management\\\/2023-11-24\\\/kmu-mem-branche-unter-druck\\\/\"},\"wordCount\":410,\"publisher\":{\"@id\":\"https:\\\/\\\/www.organisator.ch\\\/#organization\"},\"image\":{\"@id\":\"https:\\\/\\\/www.organisator.ch\\\/management\\\/2023-11-24\\\/kmu-mem-branche-unter-druck\\\/#primaryimage\"},\"thumbnailUrl\":\"https:\\\/\\\/www.organisator.ch\\\/wp-content\\\/uploads\\\/2023\\\/11\\\/Swissmechanic_Bild1_ps.jpg\",\"keywords\":[\"Befragung\",\"Management\",\"Management und Unternehmensf\u00fchrung\",\"Unternehmen\"],\"articleSection\":[\"MANAGEMENT\"],\"inLanguage\":\"it-IT\"},{\"@type\":\"WebPage\",\"@id\":\"https:\\\/\\\/www.organisator.ch\\\/management\\\/2023-11-24\\\/kmu-mem-branche-unter-druck\\\/\",\"url\":\"https:\\\/\\\/www.organisator.ch\\\/management\\\/2023-11-24\\\/kmu-mem-branche-unter-druck\\\/\",\"name\":\"KMU-MEM-Branche unter Druck - Organisator\",\"isPartOf\":{\"@id\":\"https:\\\/\\\/www.organisator.ch\\\/#website\"},\"primaryImageOfPage\":{\"@id\":\"https:\\\/\\\/www.organisator.ch\\\/management\\\/2023-11-24\\\/kmu-mem-branche-unter-druck\\\/#primaryimage\"},\"image\":{\"@id\":\"https:\\\/\\\/www.organisator.ch\\\/management\\\/2023-11-24\\\/kmu-mem-branche-unter-druck\\\/#primaryimage\"},\"thumbnailUrl\":\"https:\\\/\\\/www.organisator.ch\\\/wp-content\\\/uploads\\\/2023\\\/11\\\/Swissmechanic_Bild1_ps.jpg\",\"datePublished\":\"2023-11-24T04:47:47+00:00\",\"description\":\"Hohe Zinsen, die schw\u00e4chelnde Exportwirtschaft und die unsichere geopolitische Lage setzen die KMU-MEM unter Druck.\",\"breadcrumb\":{\"@id\":\"https:\\\/\\\/www.organisator.ch\\\/management\\\/2023-11-24\\\/kmu-mem-branche-unter-druck\\\/#breadcrumb\"},\"inLanguage\":\"it-IT\",\"potentialAction\":[{\"@type\":\"ReadAction\",\"target\":[\"https:\\\/\\\/www.organisator.ch\\\/management\\\/2023-11-24\\\/kmu-mem-branche-unter-druck\\\/\"]}]},{\"@type\":\"ImageObject\",\"inLanguage\":\"it-IT\",\"@id\":\"https:\\\/\\\/www.organisator.ch\\\/management\\\/2023-11-24\\\/kmu-mem-branche-unter-druck\\\/#primaryimage\",\"url\":\"https:\\\/\\\/www.organisator.ch\\\/wp-content\\\/uploads\\\/2023\\\/11\\\/Swissmechanic_Bild1_ps.jpg\",\"contentUrl\":\"https:\\\/\\\/www.organisator.ch\\\/wp-content\\\/uploads\\\/2023\\\/11\\\/Swissmechanic_Bild1_ps.jpg\",\"width\":680,\"height\":383,\"caption\":\"Swissmechanic-Gesch\u00e4ftsklimaindex: Die angespannte Auftragslage belastet die KMU der MEM-Branche. (Bild: www.pixabay.com)\"},{\"@type\":\"BreadcrumbList\",\"@id\":\"https:\\\/\\\/www.organisator.ch\\\/management\\\/2023-11-24\\\/kmu-mem-branche-unter-druck\\\/#breadcrumb\",\"itemListElement\":[{\"@type\":\"ListItem\",\"position\":1,\"name\":\"Home\",\"item\":\"https:\\\/\\\/www.organisator.ch\\\/\"},{\"@type\":\"ListItem\",\"position\":2,\"name\":\"KMU-MEM-Branche unter Druck\"}]},{\"@type\":\"WebSite\",\"@id\":\"https:\\\/\\\/www.organisator.ch\\\/#website\",\"url\":\"https:\\\/\\\/www.organisator.ch\\\/\",\"name\":\"Organisator\",\"description\":\"Kompetent. Praxisnah. Der ORGANISATOR bereitet in 10 Ausgaben pro Jahr die wesentlichen Themen f\u00fcr F\u00fchrungskr\u00e4fte von KMU auf.\",\"publisher\":{\"@id\":\"https:\\\/\\\/www.organisator.ch\\\/#organization\"},\"potentialAction\":[{\"@type\":\"SearchAction\",\"target\":{\"@type\":\"EntryPoint\",\"urlTemplate\":\"https:\\\/\\\/www.organisator.ch\\\/?s={search_term_string}\"},\"query-input\":{\"@type\":\"PropertyValueSpecification\",\"valueRequired\":true,\"valueName\":\"search_term_string\"}}],\"inLanguage\":\"it-IT\"},{\"@type\":\"Organization\",\"@id\":\"https:\\\/\\\/www.organisator.ch\\\/#organization\",\"name\":\"Organisator\",\"url\":\"https:\\\/\\\/www.organisator.ch\\\/\",\"logo\":{\"@type\":\"ImageObject\",\"inLanguage\":\"it-IT\",\"@id\":\"https:\\\/\\\/www.organisator.ch\\\/#\\\/schema\\\/logo\\\/image\\\/\",\"url\":\"https:\\\/\\\/www.organisator.ch\\\/wp-content\\\/uploads\\\/2022\\\/01\\\/Logo_Organisator_Website.png\",\"contentUrl\":\"https:\\\/\\\/www.organisator.ch\\\/wp-content\\\/uploads\\\/2022\\\/01\\\/Logo_Organisator_Website.png\",\"width\":800,\"height\":77,\"caption\":\"Organisator\"},\"image\":{\"@id\":\"https:\\\/\\\/www.organisator.ch\\\/#\\\/schema\\\/logo\\\/image\\\/\"},\"sameAs\":[\"https:\\\/\\\/www.facebook.com\\\/OrganisatorFachmagazin\",\"https:\\\/\\\/www.linkedin.com\\\/showcase\\\/organisator-das-magazin-fr-kmu\",\"https:\\\/\\\/www.xing.com\\\/news\\\/pages\\\/organisator-ch-695\",\"https:\\\/\\\/www.youtube.com\\\/channel\\\/UCGP2Sq0iWaZwT3BdIAQFYpw\"]},{\"@type\":\"Person\",\"@id\":\"https:\\\/\\\/www.organisator.ch\\\/#\\\/schema\\\/person\\\/2e1314a2172123f874db408d8911d3f3\",\"name\":\"Adelisa Kalajdzini\",\"image\":{\"@type\":\"ImageObject\",\"inLanguage\":\"it-IT\",\"@id\":\"https:\\\/\\\/secure.gravatar.com\\\/avatar\\\/09a397c22ac58cad6f160ee8306348599df9df58a8ede73696226897b9fa4b24?s=96&d=mm&r=g\",\"url\":\"https:\\\/\\\/secure.gravatar.com\\\/avatar\\\/09a397c22ac58cad6f160ee8306348599df9df58a8ede73696226897b9fa4b24?s=96&d=mm&r=g\",\"contentUrl\":\"https:\\\/\\\/secure.gravatar.com\\\/avatar\\\/09a397c22ac58cad6f160ee8306348599df9df58a8ede73696226897b9fa4b24?s=96&d=mm&r=g\",\"caption\":\"Adelisa Kalajdzini\"},\"url\":\"https:\\\/\\\/www.organisator.ch\\\/it\\\/author\\\/adelisa-kalajdzini\\\/\"}]}<\/script>\n<!-- \/ Yoast SEO plugin. -->","yoast_head_json":{"title":"Settore MEM PMI sotto pressione - Organizzatore","description":"Gli alti tassi di interesse, l'indebolimento dell'economia delle esportazioni e l'incertezza della situazione geopolitica stanno mettendo sotto pressione le PMI MEM.","robots":{"index":"index","follow":"follow","max-snippet":"max-snippet:-1","max-image-preview":"max-image-preview:large","max-video-preview":"max-video-preview:-1"},"canonical":"https:\/\/www.organisator.ch\/it\/gestione-2\/2023-11-24\/kmu-mem-branche-unter-druck\/","og_locale":"it_IT","og_type":"article","og_title":"KMU-MEM-Branche unter Druck","og_description":"Hohe Zinsen, die schw\u00e4chelnde Exportwirtschaft und die unsichere geopolitische Lage setzen die KMU-MEM unter Druck.","og_url":"https:\/\/www.organisator.ch\/it\/gestione-2\/2023-11-24\/kmu-mem-branche-unter-druck\/","og_site_name":"Organisator","article_publisher":"https:\/\/www.facebook.com\/OrganisatorFachmagazin","article_published_time":"2023-11-24T04:47:47+00:00","og_image":[{"width":680,"height":383,"url":"https:\/\/www.organisator.ch\/wp-content\/uploads\/2023\/11\/Swissmechanic_Bild1_ps.jpg","type":"image\/jpeg"}],"author":"Adelisa Kalajdzini","twitter_card":"summary_large_image","twitter_title":"KMU-MEM-Branche unter Druck","twitter_description":"Hohe Zinsen, die schw\u00e4chelnde Exportwirtschaft und die unsichere geopolitische Lage setzen die #KMU-MEM #unter #Druck.","twitter_image":"https:\/\/www.organisator.ch\/wp-content\/uploads\/2023\/11\/Swissmechanic_Bild1_ps.jpg","schema":{"@context":"https:\/\/schema.org","@graph":[{"@type":"Article","@id":"https:\/\/www.organisator.ch\/management\/2023-11-24\/kmu-mem-branche-unter-druck\/#article","isPartOf":{"@id":"https:\/\/www.organisator.ch\/management\/2023-11-24\/kmu-mem-branche-unter-druck\/"},"author":{"name":"Adelisa Kalajdzini","@id":"https:\/\/www.organisator.ch\/#\/schema\/person\/2e1314a2172123f874db408d8911d3f3"},"headline":"KMU-MEM-Branche unter Druck","datePublished":"2023-11-24T04:47:47+00:00","mainEntityOfPage":{"@id":"https:\/\/www.organisator.ch\/management\/2023-11-24\/kmu-mem-branche-unter-druck\/"},"wordCount":410,"publisher":{"@id":"https:\/\/www.organisator.ch\/#organization"},"image":{"@id":"https:\/\/www.organisator.ch\/management\/2023-11-24\/kmu-mem-branche-unter-druck\/#primaryimage"},"thumbnailUrl":"https:\/\/www.organisator.ch\/wp-content\/uploads\/2023\/11\/Swissmechanic_Bild1_ps.jpg","keywords":["Befragung","Management","Management und Unternehmensf\u00fchrung","Unternehmen"],"articleSection":["MANAGEMENT"],"inLanguage":"it-IT"},{"@type":"WebPage","@id":"https:\/\/www.organisator.ch\/management\/2023-11-24\/kmu-mem-branche-unter-druck\/","url":"https:\/\/www.organisator.ch\/management\/2023-11-24\/kmu-mem-branche-unter-druck\/","name":"Settore MEM PMI sotto pressione - Organizzatore","isPartOf":{"@id":"https:\/\/www.organisator.ch\/#website"},"primaryImageOfPage":{"@id":"https:\/\/www.organisator.ch\/management\/2023-11-24\/kmu-mem-branche-unter-druck\/#primaryimage"},"image":{"@id":"https:\/\/www.organisator.ch\/management\/2023-11-24\/kmu-mem-branche-unter-druck\/#primaryimage"},"thumbnailUrl":"https:\/\/www.organisator.ch\/wp-content\/uploads\/2023\/11\/Swissmechanic_Bild1_ps.jpg","datePublished":"2023-11-24T04:47:47+00:00","description":"Gli alti tassi di interesse, l'indebolimento dell'economia delle esportazioni e l'incertezza della situazione geopolitica stanno mettendo sotto pressione le PMI MEM.","breadcrumb":{"@id":"https:\/\/www.organisator.ch\/management\/2023-11-24\/kmu-mem-branche-unter-druck\/#breadcrumb"},"inLanguage":"it-IT","potentialAction":[{"@type":"ReadAction","target":["https:\/\/www.organisator.ch\/management\/2023-11-24\/kmu-mem-branche-unter-druck\/"]}]},{"@type":"ImageObject","inLanguage":"it-IT","@id":"https:\/\/www.organisator.ch\/management\/2023-11-24\/kmu-mem-branche-unter-druck\/#primaryimage","url":"https:\/\/www.organisator.ch\/wp-content\/uploads\/2023\/11\/Swissmechanic_Bild1_ps.jpg","contentUrl":"https:\/\/www.organisator.ch\/wp-content\/uploads\/2023\/11\/Swissmechanic_Bild1_ps.jpg","width":680,"height":383,"caption":"Swissmechanic-Gesch\u00e4ftsklimaindex: Die angespannte Auftragslage belastet die KMU der MEM-Branche. (Bild: www.pixabay.com)"},{"@type":"BreadcrumbList","@id":"https:\/\/www.organisator.ch\/management\/2023-11-24\/kmu-mem-branche-unter-druck\/#breadcrumb","itemListElement":[{"@type":"ListItem","position":1,"name":"Home","item":"https:\/\/www.organisator.ch\/"},{"@type":"ListItem","position":2,"name":"KMU-MEM-Branche unter Druck"}]},{"@type":"WebSite","@id":"https:\/\/www.organisator.ch\/#website","url":"https:\/\/www.organisator.ch\/","name":"Organizzatore","description":"Competente. Pratico. In 10 numeri all'anno, ORGANISATOR presenta i temi essenziali per i manager delle PMI.","publisher":{"@id":"https:\/\/www.organisator.ch\/#organization"},"potentialAction":[{"@type":"SearchAction","target":{"@type":"EntryPoint","urlTemplate":"https:\/\/www.organisator.ch\/?s={search_term_string}"},"query-input":{"@type":"PropertyValueSpecification","valueRequired":true,"valueName":"search_term_string"}}],"inLanguage":"it-IT"},{"@type":"Organization","@id":"https:\/\/www.organisator.ch\/#organization","name":"Organizzatore","url":"https:\/\/www.organisator.ch\/","logo":{"@type":"ImageObject","inLanguage":"it-IT","@id":"https:\/\/www.organisator.ch\/#\/schema\/logo\/image\/","url":"https:\/\/www.organisator.ch\/wp-content\/uploads\/2022\/01\/Logo_Organisator_Website.png","contentUrl":"https:\/\/www.organisator.ch\/wp-content\/uploads\/2022\/01\/Logo_Organisator_Website.png","width":800,"height":77,"caption":"Organisator"},"image":{"@id":"https:\/\/www.organisator.ch\/#\/schema\/logo\/image\/"},"sameAs":["https:\/\/www.facebook.com\/OrganisatorFachmagazin","https:\/\/www.linkedin.com\/showcase\/organisator-das-magazin-fr-kmu","https:\/\/www.xing.com\/news\/pages\/organisator-ch-695","https:\/\/www.youtube.com\/channel\/UCGP2Sq0iWaZwT3BdIAQFYpw"]},{"@type":"Person","@id":"https:\/\/www.organisator.ch\/#\/schema\/person\/2e1314a2172123f874db408d8911d3f3","name":"Adelisa Kalajdzini","image":{"@type":"ImageObject","inLanguage":"it-IT","@id":"https:\/\/secure.gravatar.com\/avatar\/09a397c22ac58cad6f160ee8306348599df9df58a8ede73696226897b9fa4b24?s=96&d=mm&r=g","url":"https:\/\/secure.gravatar.com\/avatar\/09a397c22ac58cad6f160ee8306348599df9df58a8ede73696226897b9fa4b24?s=96&d=mm&r=g","contentUrl":"https:\/\/secure.gravatar.com\/avatar\/09a397c22ac58cad6f160ee8306348599df9df58a8ede73696226897b9fa4b24?s=96&d=mm&r=g","caption":"Adelisa Kalajdzini"},"url":"https:\/\/www.organisator.ch\/it\/author\/adelisa-kalajdzini\/"}]}},"_links":{"self":[{"href":"https:\/\/www.organisator.ch\/it\/wp-json\/wp\/v2\/posts\/23348","targetHints":{"allow":["GET"]}}],"collection":[{"href":"https:\/\/www.organisator.ch\/it\/wp-json\/wp\/v2\/posts"}],"about":[{"href":"https:\/\/www.organisator.ch\/it\/wp-json\/wp\/v2\/types\/post"}],"author":[{"embeddable":true,"href":"https:\/\/www.organisator.ch\/it\/wp-json\/wp\/v2\/users\/58"}],"replies":[{"embeddable":true,"href":"https:\/\/www.organisator.ch\/it\/wp-json\/wp\/v2\/comments?post=23348"}],"version-history":[{"count":3,"href":"https:\/\/www.organisator.ch\/it\/wp-json\/wp\/v2\/posts\/23348\/revisions"}],"predecessor-version":[{"id":23354,"href":"https:\/\/www.organisator.ch\/it\/wp-json\/wp\/v2\/posts\/23348\/revisions\/23354"}],"wp:featuredmedia":[{"embeddable":true,"href":"https:\/\/www.organisator.ch\/it\/wp-json\/wp\/v2\/media\/23353"}],"wp:attachment":[{"href":"https:\/\/www.organisator.ch\/it\/wp-json\/wp\/v2\/media?parent=23348"}],"wp:term":[{"taxonomy":"category","embeddable":true,"href":"https:\/\/www.organisator.ch\/it\/wp-json\/wp\/v2\/categories?post=23348"},{"taxonomy":"post_tag","embeddable":true,"href":"https:\/\/www.organisator.ch\/it\/wp-json\/wp\/v2\/tags?post=23348"}],"curies":[{"name":"wp","href":"https:\/\/api.w.org\/{rel}","templated":true}]}}