{"id":23440,"date":"2023-12-04T21:25:56","date_gmt":"2023-12-04T20:25:56","guid":{"rendered":"https:\/\/www.organisator.ch\/de\/?p=23440"},"modified":"2023-12-04T08:30:23","modified_gmt":"2023-12-04T07:30:23","slug":"beginnt-das-zeitalter-der-mittelmaessigkeit","status":"publish","type":"post","link":"https:\/\/www.organisator.ch\/it\/management\/2023-12-04\/beginnt-das-zeitalter-der-mittelmaessigkeit\/","title":{"rendered":"Sta nascendo l'era della mediocrit\u00e0?"},"content":{"rendered":"<div class=\"swpm-post-not-logged-in-msg\">Devi eseguire l&#039;accesso per visualizzare questo contenuto. Avrete bisogno di <a class=\"swpm-login-link\" href=\"https:\/\/www.organisator.ch\/login\/\">Accedi<\/a>. Non sei un membro? <a href=\"https:\/\/www.organisator.ch\/shop\/\">Registrati<\/a><\/div>","protected":false},"excerpt":{"rendered":"<p>Sempre pi\u00f9 aziende creative utilizzano l'intelligenza artificiale per creare i loro prodotti e stanno lentamente ma inesorabilmente sprofondando nella mediocrit\u00e0 creativa. Questo perch\u00e9 gli algoritmi non sono in grado di creare nulla di nuovo. Questa \u00e8 una delle conclusioni di Accenture Life Trends 2024, che abbiamo chiesto a un esperto.<\/p>","protected":false},"author":1,"featured_media":23439,"comment_status":"closed","ping_status":"closed","sticky":false,"template":"","format":"standard","meta":{"_acf_changed":false,"_yoast_wpseo_focuskw":"Mittelm\u00e4ssigkeit","_yoast_wpseo_metadesc":"Immer mehr Kreativunternehmen nutzen KI bei der Schaffung ihrer Produkte und versinken dabei langsam in der kreativen Mittelm\u00e4ssigkeit...","articlekey":"74134","footnotes":""},"categories":[578,28],"tags":[4027,319,339],"class_list":["post-23440","post","type-post","status-publish","format-standard","has-post-thumbnail","hentry","category-abo","category-management","tag-kreativitaet","tag-kuenstliche-intelligenz","tag-marketing"],"acf":[],"yoast_head":"<!-- This site is optimized with the Yoast SEO plugin v27.5 - https:\/\/yoast.com\/product\/yoast-seo-wordpress\/ -->\n<title>Beginnt das Zeitalter der Mittelm\u00e4ssigkeit? - Organisator<\/title>\n<meta name=\"description\" content=\"Immer mehr Kreativunternehmen nutzen KI bei der Schaffung ihrer Produkte und versinken dabei langsam in der kreativen Mittelm\u00e4ssigkeit...\" \/>\n<meta name=\"robots\" content=\"index, follow, max-snippet:-1, max-image-preview:large, max-video-preview:-1\" \/>\n<link rel=\"canonical\" href=\"https:\/\/www.organisator.ch\/it\/gestione-2\/2023-12-04\/beginnt-das-zeitalter-der-mittelmaessigkeit\/\" \/>\n<meta property=\"og:locale\" content=\"it_IT\" \/>\n<meta property=\"og:type\" content=\"article\" \/>\n<meta property=\"og:title\" content=\"Beginnt das Zeitalter der Mittelm\u00e4ssigkeit? - Organisator\" \/>\n<meta property=\"og:description\" content=\"Immer mehr Kreativunternehmen nutzen KI bei der Schaffung ihrer Produkte und versinken dabei langsam in der kreativen Mittelm\u00e4ssigkeit...\" \/>\n<meta property=\"og:url\" content=\"https:\/\/www.organisator.ch\/it\/gestione-2\/2023-12-04\/beginnt-das-zeitalter-der-mittelmaessigkeit\/\" \/>\n<meta property=\"og:site_name\" content=\"Organisator\" \/>\n<meta property=\"article:publisher\" content=\"https:\/\/www.facebook.com\/OrganisatorFachmagazin\" \/>\n<meta property=\"article:published_time\" content=\"2023-12-04T20:25:56+00:00\" \/>\n<meta property=\"og:image\" content=\"https:\/\/www.organisator.ch\/wp-content\/uploads\/2023\/11\/Management_Tueck_Bild_organisator_74135.jpg\" \/>\n\t<meta property=\"og:image:width\" content=\"829\" \/>\n\t<meta property=\"og:image:height\" content=\"779\" \/>\n\t<meta property=\"og:image:type\" content=\"image\/jpeg\" \/>\n<meta name=\"author\" content=\"admin\" \/>\n<meta name=\"twitter:card\" content=\"summary_large_image\" \/>\n<script type=\"application\/ld+json\" class=\"yoast-schema-graph\">{\"@context\":\"https:\\\/\\\/schema.org\",\"@graph\":[{\"@type\":\"Article\",\"@id\":\"https:\\\/\\\/www.organisator.ch\\\/management\\\/2023-12-04\\\/beginnt-das-zeitalter-der-mittelmaessigkeit\\\/#article\",\"isPartOf\":{\"@id\":\"https:\\\/\\\/www.organisator.ch\\\/management\\\/2023-12-04\\\/beginnt-das-zeitalter-der-mittelmaessigkeit\\\/\"},\"author\":{\"name\":\"admin\",\"@id\":\"https:\\\/\\\/www.organisator.ch\\\/#\\\/schema\\\/person\\\/aa2bace6c5c5aad60102004a50c4eb1c\"},\"headline\":\"Beginnt das Zeitalter der Mittelm\u00e4ssigkeit?\",\"datePublished\":\"2023-12-04T20:25:56+00:00\",\"mainEntityOfPage\":{\"@id\":\"https:\\\/\\\/www.organisator.ch\\\/management\\\/2023-12-04\\\/beginnt-das-zeitalter-der-mittelmaessigkeit\\\/\"},\"wordCount\":1316,\"publisher\":{\"@id\":\"https:\\\/\\\/www.organisator.ch\\\/#organization\"},\"image\":{\"@id\":\"https:\\\/\\\/www.organisator.ch\\\/management\\\/2023-12-04\\\/beginnt-das-zeitalter-der-mittelmaessigkeit\\\/#primaryimage\"},\"thumbnailUrl\":\"https:\\\/\\\/www.organisator.ch\\\/wp-content\\\/uploads\\\/2023\\\/11\\\/Management_Tueck_Bild_organisator_74135.jpg\",\"keywords\":[\"Kreativit\u00e4t\",\"K\u00fcnstliche Intelligenz\",\"Marketing\"],\"articleSection\":[\"ABO+\",\"MANAGEMENT\"],\"inLanguage\":\"it-IT\"},{\"@type\":\"WebPage\",\"@id\":\"https:\\\/\\\/www.organisator.ch\\\/management\\\/2023-12-04\\\/beginnt-das-zeitalter-der-mittelmaessigkeit\\\/\",\"url\":\"https:\\\/\\\/www.organisator.ch\\\/management\\\/2023-12-04\\\/beginnt-das-zeitalter-der-mittelmaessigkeit\\\/\",\"name\":\"Beginnt das Zeitalter der Mittelm\u00e4ssigkeit? - Organisator\",\"isPartOf\":{\"@id\":\"https:\\\/\\\/www.organisator.ch\\\/#website\"},\"primaryImageOfPage\":{\"@id\":\"https:\\\/\\\/www.organisator.ch\\\/management\\\/2023-12-04\\\/beginnt-das-zeitalter-der-mittelmaessigkeit\\\/#primaryimage\"},\"image\":{\"@id\":\"https:\\\/\\\/www.organisator.ch\\\/management\\\/2023-12-04\\\/beginnt-das-zeitalter-der-mittelmaessigkeit\\\/#primaryimage\"},\"thumbnailUrl\":\"https:\\\/\\\/www.organisator.ch\\\/wp-content\\\/uploads\\\/2023\\\/11\\\/Management_Tueck_Bild_organisator_74135.jpg\",\"datePublished\":\"2023-12-04T20:25:56+00:00\",\"description\":\"Immer mehr Kreativunternehmen nutzen KI bei der Schaffung ihrer Produkte und versinken dabei langsam in der kreativen Mittelm\u00e4ssigkeit...\",\"breadcrumb\":{\"@id\":\"https:\\\/\\\/www.organisator.ch\\\/management\\\/2023-12-04\\\/beginnt-das-zeitalter-der-mittelmaessigkeit\\\/#breadcrumb\"},\"inLanguage\":\"it-IT\",\"potentialAction\":[{\"@type\":\"ReadAction\",\"target\":[\"https:\\\/\\\/www.organisator.ch\\\/management\\\/2023-12-04\\\/beginnt-das-zeitalter-der-mittelmaessigkeit\\\/\"]}]},{\"@type\":\"ImageObject\",\"inLanguage\":\"it-IT\",\"@id\":\"https:\\\/\\\/www.organisator.ch\\\/management\\\/2023-12-04\\\/beginnt-das-zeitalter-der-mittelmaessigkeit\\\/#primaryimage\",\"url\":\"https:\\\/\\\/www.organisator.ch\\\/wp-content\\\/uploads\\\/2023\\\/11\\\/Management_Tueck_Bild_organisator_74135.jpg\",\"contentUrl\":\"https:\\\/\\\/www.organisator.ch\\\/wp-content\\\/uploads\\\/2023\\\/11\\\/Management_Tueck_Bild_organisator_74135.jpg\",\"width\":829,\"height\":779,\"caption\":\"Benjamin T\u00fcck \u00a9 zVg \\\/ Accenture\"},{\"@type\":\"BreadcrumbList\",\"@id\":\"https:\\\/\\\/www.organisator.ch\\\/management\\\/2023-12-04\\\/beginnt-das-zeitalter-der-mittelmaessigkeit\\\/#breadcrumb\",\"itemListElement\":[{\"@type\":\"ListItem\",\"position\":1,\"name\":\"Home\",\"item\":\"https:\\\/\\\/www.organisator.ch\\\/\"},{\"@type\":\"ListItem\",\"position\":2,\"name\":\"Beginnt das Zeitalter der Mittelm\u00e4ssigkeit?\"}]},{\"@type\":\"WebSite\",\"@id\":\"https:\\\/\\\/www.organisator.ch\\\/#website\",\"url\":\"https:\\\/\\\/www.organisator.ch\\\/\",\"name\":\"Organisator\",\"description\":\"Kompetent. Praxisnah. Der ORGANISATOR bereitet in 10 Ausgaben pro Jahr die wesentlichen Themen f\u00fcr F\u00fchrungskr\u00e4fte von KMU auf.\",\"publisher\":{\"@id\":\"https:\\\/\\\/www.organisator.ch\\\/#organization\"},\"potentialAction\":[{\"@type\":\"SearchAction\",\"target\":{\"@type\":\"EntryPoint\",\"urlTemplate\":\"https:\\\/\\\/www.organisator.ch\\\/?s={search_term_string}\"},\"query-input\":{\"@type\":\"PropertyValueSpecification\",\"valueRequired\":true,\"valueName\":\"search_term_string\"}}],\"inLanguage\":\"it-IT\"},{\"@type\":\"Organization\",\"@id\":\"https:\\\/\\\/www.organisator.ch\\\/#organization\",\"name\":\"Organisator\",\"url\":\"https:\\\/\\\/www.organisator.ch\\\/\",\"logo\":{\"@type\":\"ImageObject\",\"inLanguage\":\"it-IT\",\"@id\":\"https:\\\/\\\/www.organisator.ch\\\/#\\\/schema\\\/logo\\\/image\\\/\",\"url\":\"https:\\\/\\\/www.organisator.ch\\\/wp-content\\\/uploads\\\/2022\\\/01\\\/Logo_Organisator_Website.png\",\"contentUrl\":\"https:\\\/\\\/www.organisator.ch\\\/wp-content\\\/uploads\\\/2022\\\/01\\\/Logo_Organisator_Website.png\",\"width\":800,\"height\":77,\"caption\":\"Organisator\"},\"image\":{\"@id\":\"https:\\\/\\\/www.organisator.ch\\\/#\\\/schema\\\/logo\\\/image\\\/\"},\"sameAs\":[\"https:\\\/\\\/www.facebook.com\\\/OrganisatorFachmagazin\",\"https:\\\/\\\/www.linkedin.com\\\/showcase\\\/organisator-das-magazin-fr-kmu\",\"https:\\\/\\\/www.xing.com\\\/news\\\/pages\\\/organisator-ch-695\",\"https:\\\/\\\/www.youtube.com\\\/channel\\\/UCGP2Sq0iWaZwT3BdIAQFYpw\"]},{\"@type\":\"Person\",\"@id\":\"https:\\\/\\\/www.organisator.ch\\\/#\\\/schema\\\/person\\\/aa2bace6c5c5aad60102004a50c4eb1c\",\"name\":\"admin\",\"image\":{\"@type\":\"ImageObject\",\"inLanguage\":\"it-IT\",\"@id\":\"https:\\\/\\\/secure.gravatar.com\\\/avatar\\\/ae2f4d718e6c49043e314ce431e7e645d646302a24a5ef5a8bc8e3f5a032e319?s=96&d=mm&r=g\",\"url\":\"https:\\\/\\\/secure.gravatar.com\\\/avatar\\\/ae2f4d718e6c49043e314ce431e7e645d646302a24a5ef5a8bc8e3f5a032e319?s=96&d=mm&r=g\",\"contentUrl\":\"https:\\\/\\\/secure.gravatar.com\\\/avatar\\\/ae2f4d718e6c49043e314ce431e7e645d646302a24a5ef5a8bc8e3f5a032e319?s=96&d=mm&r=g\",\"caption\":\"admin\"},\"sameAs\":[\"https:\\\/\\\/www.organisator.ch\"],\"url\":\"https:\\\/\\\/www.organisator.ch\\\/it\\\/author\\\/admin\\\/\"}]}<\/script>\n<!-- \/ Yoast SEO plugin. -->","yoast_head_json":{"title":"Sta nascendo l'era della mediocrit\u00e0? - Organizzatore","description":"Sempre pi\u00f9 aziende creative utilizzano l'IA per creare i loro prodotti e stanno lentamente sprofondando nella mediocrit\u00e0 creativa...","robots":{"index":"index","follow":"follow","max-snippet":"max-snippet:-1","max-image-preview":"max-image-preview:large","max-video-preview":"max-video-preview:-1"},"canonical":"https:\/\/www.organisator.ch\/it\/gestione-2\/2023-12-04\/beginnt-das-zeitalter-der-mittelmaessigkeit\/","og_locale":"it_IT","og_type":"article","og_title":"Beginnt das Zeitalter der Mittelm\u00e4ssigkeit? - Organisator","og_description":"Immer mehr Kreativunternehmen nutzen KI bei der Schaffung ihrer Produkte und versinken dabei langsam in der kreativen Mittelm\u00e4ssigkeit...","og_url":"https:\/\/www.organisator.ch\/it\/gestione-2\/2023-12-04\/beginnt-das-zeitalter-der-mittelmaessigkeit\/","og_site_name":"Organisator","article_publisher":"https:\/\/www.facebook.com\/OrganisatorFachmagazin","article_published_time":"2023-12-04T20:25:56+00:00","og_image":[{"width":829,"height":779,"url":"https:\/\/www.organisator.ch\/wp-content\/uploads\/2023\/11\/Management_Tueck_Bild_organisator_74135.jpg","type":"image\/jpeg"}],"author":"admin","twitter_card":"summary_large_image","schema":{"@context":"https:\/\/schema.org","@graph":[{"@type":"Article","@id":"https:\/\/www.organisator.ch\/management\/2023-12-04\/beginnt-das-zeitalter-der-mittelmaessigkeit\/#article","isPartOf":{"@id":"https:\/\/www.organisator.ch\/management\/2023-12-04\/beginnt-das-zeitalter-der-mittelmaessigkeit\/"},"author":{"name":"admin","@id":"https:\/\/www.organisator.ch\/#\/schema\/person\/aa2bace6c5c5aad60102004a50c4eb1c"},"headline":"Beginnt das Zeitalter der Mittelm\u00e4ssigkeit?","datePublished":"2023-12-04T20:25:56+00:00","mainEntityOfPage":{"@id":"https:\/\/www.organisator.ch\/management\/2023-12-04\/beginnt-das-zeitalter-der-mittelmaessigkeit\/"},"wordCount":1316,"publisher":{"@id":"https:\/\/www.organisator.ch\/#organization"},"image":{"@id":"https:\/\/www.organisator.ch\/management\/2023-12-04\/beginnt-das-zeitalter-der-mittelmaessigkeit\/#primaryimage"},"thumbnailUrl":"https:\/\/www.organisator.ch\/wp-content\/uploads\/2023\/11\/Management_Tueck_Bild_organisator_74135.jpg","keywords":["Kreativit\u00e4t","K\u00fcnstliche Intelligenz","Marketing"],"articleSection":["ABO+","MANAGEMENT"],"inLanguage":"it-IT"},{"@type":"WebPage","@id":"https:\/\/www.organisator.ch\/management\/2023-12-04\/beginnt-das-zeitalter-der-mittelmaessigkeit\/","url":"https:\/\/www.organisator.ch\/management\/2023-12-04\/beginnt-das-zeitalter-der-mittelmaessigkeit\/","name":"Sta nascendo l'era della mediocrit\u00e0? - Organizzatore","isPartOf":{"@id":"https:\/\/www.organisator.ch\/#website"},"primaryImageOfPage":{"@id":"https:\/\/www.organisator.ch\/management\/2023-12-04\/beginnt-das-zeitalter-der-mittelmaessigkeit\/#primaryimage"},"image":{"@id":"https:\/\/www.organisator.ch\/management\/2023-12-04\/beginnt-das-zeitalter-der-mittelmaessigkeit\/#primaryimage"},"thumbnailUrl":"https:\/\/www.organisator.ch\/wp-content\/uploads\/2023\/11\/Management_Tueck_Bild_organisator_74135.jpg","datePublished":"2023-12-04T20:25:56+00:00","description":"Sempre pi\u00f9 aziende creative utilizzano l'IA per creare i loro prodotti e stanno lentamente sprofondando nella mediocrit\u00e0 creativa...","breadcrumb":{"@id":"https:\/\/www.organisator.ch\/management\/2023-12-04\/beginnt-das-zeitalter-der-mittelmaessigkeit\/#breadcrumb"},"inLanguage":"it-IT","potentialAction":[{"@type":"ReadAction","target":["https:\/\/www.organisator.ch\/management\/2023-12-04\/beginnt-das-zeitalter-der-mittelmaessigkeit\/"]}]},{"@type":"ImageObject","inLanguage":"it-IT","@id":"https:\/\/www.organisator.ch\/management\/2023-12-04\/beginnt-das-zeitalter-der-mittelmaessigkeit\/#primaryimage","url":"https:\/\/www.organisator.ch\/wp-content\/uploads\/2023\/11\/Management_Tueck_Bild_organisator_74135.jpg","contentUrl":"https:\/\/www.organisator.ch\/wp-content\/uploads\/2023\/11\/Management_Tueck_Bild_organisator_74135.jpg","width":829,"height":779,"caption":"Benjamin T\u00fcck \u00a9 zVg \/ Accenture"},{"@type":"BreadcrumbList","@id":"https:\/\/www.organisator.ch\/management\/2023-12-04\/beginnt-das-zeitalter-der-mittelmaessigkeit\/#breadcrumb","itemListElement":[{"@type":"ListItem","position":1,"name":"Home","item":"https:\/\/www.organisator.ch\/"},{"@type":"ListItem","position":2,"name":"Beginnt das Zeitalter der Mittelm\u00e4ssigkeit?"}]},{"@type":"WebSite","@id":"https:\/\/www.organisator.ch\/#website","url":"https:\/\/www.organisator.ch\/","name":"Organizzatore","description":"Competente. Pratico. In 10 numeri all'anno, ORGANISATOR presenta i temi essenziali per i manager delle PMI.","publisher":{"@id":"https:\/\/www.organisator.ch\/#organization"},"potentialAction":[{"@type":"SearchAction","target":{"@type":"EntryPoint","urlTemplate":"https:\/\/www.organisator.ch\/?s={search_term_string}"},"query-input":{"@type":"PropertyValueSpecification","valueRequired":true,"valueName":"search_term_string"}}],"inLanguage":"it-IT"},{"@type":"Organization","@id":"https:\/\/www.organisator.ch\/#organization","name":"Organizzatore","url":"https:\/\/www.organisator.ch\/","logo":{"@type":"ImageObject","inLanguage":"it-IT","@id":"https:\/\/www.organisator.ch\/#\/schema\/logo\/image\/","url":"https:\/\/www.organisator.ch\/wp-content\/uploads\/2022\/01\/Logo_Organisator_Website.png","contentUrl":"https:\/\/www.organisator.ch\/wp-content\/uploads\/2022\/01\/Logo_Organisator_Website.png","width":800,"height":77,"caption":"Organisator"},"image":{"@id":"https:\/\/www.organisator.ch\/#\/schema\/logo\/image\/"},"sameAs":["https:\/\/www.facebook.com\/OrganisatorFachmagazin","https:\/\/www.linkedin.com\/showcase\/organisator-das-magazin-fr-kmu","https:\/\/www.xing.com\/news\/pages\/organisator-ch-695","https:\/\/www.youtube.com\/channel\/UCGP2Sq0iWaZwT3BdIAQFYpw"]},{"@type":"Person","@id":"https:\/\/www.organisator.ch\/#\/schema\/person\/aa2bace6c5c5aad60102004a50c4eb1c","name":"amministratore","image":{"@type":"ImageObject","inLanguage":"it-IT","@id":"https:\/\/secure.gravatar.com\/avatar\/ae2f4d718e6c49043e314ce431e7e645d646302a24a5ef5a8bc8e3f5a032e319?s=96&d=mm&r=g","url":"https:\/\/secure.gravatar.com\/avatar\/ae2f4d718e6c49043e314ce431e7e645d646302a24a5ef5a8bc8e3f5a032e319?s=96&d=mm&r=g","contentUrl":"https:\/\/secure.gravatar.com\/avatar\/ae2f4d718e6c49043e314ce431e7e645d646302a24a5ef5a8bc8e3f5a032e319?s=96&d=mm&r=g","caption":"admin"},"sameAs":["https:\/\/www.organisator.ch"],"url":"https:\/\/www.organisator.ch\/it\/author\/admin\/"}]}},"_links":{"self":[{"href":"https:\/\/www.organisator.ch\/it\/wp-json\/wp\/v2\/posts\/23440","targetHints":{"allow":["GET"]}}],"collection":[{"href":"https:\/\/www.organisator.ch\/it\/wp-json\/wp\/v2\/posts"}],"about":[{"href":"https:\/\/www.organisator.ch\/it\/wp-json\/wp\/v2\/types\/post"}],"author":[{"embeddable":true,"href":"https:\/\/www.organisator.ch\/it\/wp-json\/wp\/v2\/users\/1"}],"replies":[{"embeddable":true,"href":"https:\/\/www.organisator.ch\/it\/wp-json\/wp\/v2\/comments?post=23440"}],"version-history":[{"count":2,"href":"https:\/\/www.organisator.ch\/it\/wp-json\/wp\/v2\/posts\/23440\/revisions"}],"predecessor-version":[{"id":23680,"href":"https:\/\/www.organisator.ch\/it\/wp-json\/wp\/v2\/posts\/23440\/revisions\/23680"}],"wp:featuredmedia":[{"embeddable":true,"href":"https:\/\/www.organisator.ch\/it\/wp-json\/wp\/v2\/media\/23439"}],"wp:attachment":[{"href":"https:\/\/www.organisator.ch\/it\/wp-json\/wp\/v2\/media?parent=23440"}],"wp:term":[{"taxonomy":"category","embeddable":true,"href":"https:\/\/www.organisator.ch\/it\/wp-json\/wp\/v2\/categories?post=23440"},{"taxonomy":"post_tag","embeddable":true,"href":"https:\/\/www.organisator.ch\/it\/wp-json\/wp\/v2\/tags?post=23440"}],"curies":[{"name":"wp","href":"https:\/\/api.w.org\/{rel}","templated":true}]}}