{"id":23537,"date":"2023-12-04T22:17:01","date_gmt":"2023-12-04T21:17:01","guid":{"rendered":"https:\/\/www.organisator.ch\/?p=23537"},"modified":"2023-11-29T13:41:51","modified_gmt":"2023-11-29T12:41:51","slug":"kompetenzentwicklung-ist-auch-unternehmensentwicklung","status":"publish","type":"post","link":"https:\/\/www.organisator.ch\/it\/human-resources\/2023-12-04\/kompetenzentwicklung-ist-auch-unternehmensentwicklung\/","title":{"rendered":"\"Lo sviluppo delle competenze \u00e8 anche sviluppo aziendale\""},"content":{"rendered":"<div class=\"swpm-post-not-logged-in-msg\">Devi eseguire l&#039;accesso per visualizzare questo contenuto. Avrete bisogno di <a class=\"swpm-login-link\" href=\"https:\/\/www.organisator.ch\/login\/\">Accedi<\/a>. Non sei un membro? <a href=\"https:\/\/www.organisator.ch\/shop\/\">Registrati<\/a><\/div>","protected":false},"excerpt":{"rendered":"<p>Gli specialisti devono aggiornare regolarmente le loro conoscenze per rimanere al passo con il dinamico mondo degli affari. Oltre allo sviluppo delle competenze professionali, sono pi\u00f9 che mai necessarie anche le soft skills e le qualit\u00e0 di leadership. Diversi enti di formazione offrono corsi e programmi di formazione pertinenti.<\/p>","protected":false},"author":1,"featured_media":23541,"comment_status":"closed","ping_status":"closed","sticky":false,"template":"","format":"standard","meta":{"_acf_changed":false,"_yoast_wpseo_focuskw":"Kompetenzentwicklung","_yoast_wpseo_metadesc":"Zur fachlichen Kompetenzentwicklung hinzu kommen mehr denn je auch Soft Skills und Leadership-Eigenschaften.","articlekey":"","footnotes":""},"categories":[578,579],"tags":[62,294,4016,320],"class_list":["post-23537","post","type-post","status-publish","format-standard","has-post-thumbnail","hentry","category-abo","category-human-resources","tag-aus-weiterbildung","tag-karriere","tag-kompetenzentwicklung","tag-leadership"],"acf":[],"yoast_head":"<!-- This site is optimized with the Yoast SEO plugin v27.5 - https:\/\/yoast.com\/product\/yoast-seo-wordpress\/ -->\n<title>\u00abKompetenzentwicklung ist auch Unternehmensentwicklung\u00bb - Organisator<\/title>\n<meta name=\"description\" content=\"Zur fachlichen Kompetenzentwicklung hinzu kommen mehr denn je auch Soft Skills und Leadership-Eigenschaften.\" \/>\n<meta name=\"robots\" content=\"index, follow, max-snippet:-1, max-image-preview:large, max-video-preview:-1\" \/>\n<link rel=\"canonical\" href=\"https:\/\/www.organisator.ch\/it\/abbonamento\/2023-12-04\/kompetenzentwicklung-ist-auch-unternehmensentwicklung\/\" \/>\n<meta property=\"og:locale\" content=\"it_IT\" \/>\n<meta property=\"og:type\" content=\"article\" \/>\n<meta property=\"og:title\" content=\"\u00abKompetenzentwicklung ist auch Unternehmensentwicklung\u00bb - Organisator\" \/>\n<meta property=\"og:description\" content=\"Zur fachlichen Kompetenzentwicklung hinzu kommen mehr denn je auch Soft Skills und Leadership-Eigenschaften.\" \/>\n<meta property=\"og:url\" content=\"https:\/\/www.organisator.ch\/it\/abbonamento\/2023-12-04\/kompetenzentwicklung-ist-auch-unternehmensentwicklung\/\" \/>\n<meta property=\"og:site_name\" content=\"Organisator\" \/>\n<meta property=\"article:publisher\" content=\"https:\/\/www.facebook.com\/OrganisatorFachmagazin\" \/>\n<meta property=\"article:published_time\" content=\"2023-12-04T21:17:01+00:00\" \/>\n<meta property=\"og:image\" content=\"https:\/\/www.organisator.ch\/wp-content\/uploads\/2023\/11\/HRM_Mollet_Bild2_organisator_73581-scaled.jpg\" \/>\n\t<meta property=\"og:image:width\" content=\"1400\" \/>\n\t<meta property=\"og:image:height\" content=\"1159\" \/>\n\t<meta property=\"og:image:type\" content=\"image\/jpeg\" \/>\n<meta name=\"author\" content=\"admin\" \/>\n<meta name=\"twitter:card\" content=\"summary_large_image\" \/>\n<script type=\"application\/ld+json\" class=\"yoast-schema-graph\">{\"@context\":\"https:\\\/\\\/schema.org\",\"@graph\":[{\"@type\":\"Article\",\"@id\":\"https:\\\/\\\/www.organisator.ch\\\/abo\\\/2023-12-04\\\/kompetenzentwicklung-ist-auch-unternehmensentwicklung\\\/#article\",\"isPartOf\":{\"@id\":\"https:\\\/\\\/www.organisator.ch\\\/abo\\\/2023-12-04\\\/kompetenzentwicklung-ist-auch-unternehmensentwicklung\\\/\"},\"author\":{\"name\":\"admin\",\"@id\":\"https:\\\/\\\/www.organisator.ch\\\/#\\\/schema\\\/person\\\/aa2bace6c5c5aad60102004a50c4eb1c\"},\"headline\":\"\u00abKompetenzentwicklung ist auch Unternehmensentwicklung\u00bb\",\"datePublished\":\"2023-12-04T21:17:01+00:00\",\"mainEntityOfPage\":{\"@id\":\"https:\\\/\\\/www.organisator.ch\\\/abo\\\/2023-12-04\\\/kompetenzentwicklung-ist-auch-unternehmensentwicklung\\\/\"},\"wordCount\":2184,\"publisher\":{\"@id\":\"https:\\\/\\\/www.organisator.ch\\\/#organization\"},\"image\":{\"@id\":\"https:\\\/\\\/www.organisator.ch\\\/abo\\\/2023-12-04\\\/kompetenzentwicklung-ist-auch-unternehmensentwicklung\\\/#primaryimage\"},\"thumbnailUrl\":\"https:\\\/\\\/www.organisator.ch\\\/wp-content\\\/uploads\\\/2023\\\/11\\\/HRM_Mollet_Bild2_organisator_73581-scaled.jpg\",\"keywords\":[\"Aus-\\\/Weiterbildung\",\"Karriere\",\"Kompetenzentwicklung\",\"Leadership\"],\"articleSection\":[\"ABO+\",\"HUMAN RESOURCES\"],\"inLanguage\":\"it-IT\"},{\"@type\":\"WebPage\",\"@id\":\"https:\\\/\\\/www.organisator.ch\\\/abo\\\/2023-12-04\\\/kompetenzentwicklung-ist-auch-unternehmensentwicklung\\\/\",\"url\":\"https:\\\/\\\/www.organisator.ch\\\/abo\\\/2023-12-04\\\/kompetenzentwicklung-ist-auch-unternehmensentwicklung\\\/\",\"name\":\"\u00abKompetenzentwicklung ist auch Unternehmensentwicklung\u00bb - Organisator\",\"isPartOf\":{\"@id\":\"https:\\\/\\\/www.organisator.ch\\\/#website\"},\"primaryImageOfPage\":{\"@id\":\"https:\\\/\\\/www.organisator.ch\\\/abo\\\/2023-12-04\\\/kompetenzentwicklung-ist-auch-unternehmensentwicklung\\\/#primaryimage\"},\"image\":{\"@id\":\"https:\\\/\\\/www.organisator.ch\\\/abo\\\/2023-12-04\\\/kompetenzentwicklung-ist-auch-unternehmensentwicklung\\\/#primaryimage\"},\"thumbnailUrl\":\"https:\\\/\\\/www.organisator.ch\\\/wp-content\\\/uploads\\\/2023\\\/11\\\/HRM_Mollet_Bild2_organisator_73581-scaled.jpg\",\"datePublished\":\"2023-12-04T21:17:01+00:00\",\"description\":\"Zur fachlichen Kompetenzentwicklung hinzu kommen mehr denn je auch Soft Skills und Leadership-Eigenschaften.\",\"breadcrumb\":{\"@id\":\"https:\\\/\\\/www.organisator.ch\\\/abo\\\/2023-12-04\\\/kompetenzentwicklung-ist-auch-unternehmensentwicklung\\\/#breadcrumb\"},\"inLanguage\":\"it-IT\",\"potentialAction\":[{\"@type\":\"ReadAction\",\"target\":[\"https:\\\/\\\/www.organisator.ch\\\/abo\\\/2023-12-04\\\/kompetenzentwicklung-ist-auch-unternehmensentwicklung\\\/\"]}]},{\"@type\":\"ImageObject\",\"inLanguage\":\"it-IT\",\"@id\":\"https:\\\/\\\/www.organisator.ch\\\/abo\\\/2023-12-04\\\/kompetenzentwicklung-ist-auch-unternehmensentwicklung\\\/#primaryimage\",\"url\":\"https:\\\/\\\/www.organisator.ch\\\/wp-content\\\/uploads\\\/2023\\\/11\\\/HRM_Mollet_Bild2_organisator_73581-scaled.jpg\",\"contentUrl\":\"https:\\\/\\\/www.organisator.ch\\\/wp-content\\\/uploads\\\/2023\\\/11\\\/HRM_Mollet_Bild2_organisator_73581-scaled.jpg\",\"width\":1400,\"height\":1159},{\"@type\":\"BreadcrumbList\",\"@id\":\"https:\\\/\\\/www.organisator.ch\\\/abo\\\/2023-12-04\\\/kompetenzentwicklung-ist-auch-unternehmensentwicklung\\\/#breadcrumb\",\"itemListElement\":[{\"@type\":\"ListItem\",\"position\":1,\"name\":\"Home\",\"item\":\"https:\\\/\\\/www.organisator.ch\\\/\"},{\"@type\":\"ListItem\",\"position\":2,\"name\":\"\u00abKompetenzentwicklung ist auch Unternehmensentwicklung\u00bb\"}]},{\"@type\":\"WebSite\",\"@id\":\"https:\\\/\\\/www.organisator.ch\\\/#website\",\"url\":\"https:\\\/\\\/www.organisator.ch\\\/\",\"name\":\"Organisator\",\"description\":\"Kompetent. Praxisnah. Der ORGANISATOR bereitet in 10 Ausgaben pro Jahr die wesentlichen Themen f\u00fcr F\u00fchrungskr\u00e4fte von KMU auf.\",\"publisher\":{\"@id\":\"https:\\\/\\\/www.organisator.ch\\\/#organization\"},\"potentialAction\":[{\"@type\":\"SearchAction\",\"target\":{\"@type\":\"EntryPoint\",\"urlTemplate\":\"https:\\\/\\\/www.organisator.ch\\\/?s={search_term_string}\"},\"query-input\":{\"@type\":\"PropertyValueSpecification\",\"valueRequired\":true,\"valueName\":\"search_term_string\"}}],\"inLanguage\":\"it-IT\"},{\"@type\":\"Organization\",\"@id\":\"https:\\\/\\\/www.organisator.ch\\\/#organization\",\"name\":\"Organisator\",\"url\":\"https:\\\/\\\/www.organisator.ch\\\/\",\"logo\":{\"@type\":\"ImageObject\",\"inLanguage\":\"it-IT\",\"@id\":\"https:\\\/\\\/www.organisator.ch\\\/#\\\/schema\\\/logo\\\/image\\\/\",\"url\":\"https:\\\/\\\/www.organisator.ch\\\/wp-content\\\/uploads\\\/2022\\\/01\\\/Logo_Organisator_Website.png\",\"contentUrl\":\"https:\\\/\\\/www.organisator.ch\\\/wp-content\\\/uploads\\\/2022\\\/01\\\/Logo_Organisator_Website.png\",\"width\":800,\"height\":77,\"caption\":\"Organisator\"},\"image\":{\"@id\":\"https:\\\/\\\/www.organisator.ch\\\/#\\\/schema\\\/logo\\\/image\\\/\"},\"sameAs\":[\"https:\\\/\\\/www.facebook.com\\\/OrganisatorFachmagazin\",\"https:\\\/\\\/www.linkedin.com\\\/showcase\\\/organisator-das-magazin-fr-kmu\",\"https:\\\/\\\/www.xing.com\\\/news\\\/pages\\\/organisator-ch-695\",\"https:\\\/\\\/www.youtube.com\\\/channel\\\/UCGP2Sq0iWaZwT3BdIAQFYpw\"]},{\"@type\":\"Person\",\"@id\":\"https:\\\/\\\/www.organisator.ch\\\/#\\\/schema\\\/person\\\/aa2bace6c5c5aad60102004a50c4eb1c\",\"name\":\"admin\",\"image\":{\"@type\":\"ImageObject\",\"inLanguage\":\"it-IT\",\"@id\":\"https:\\\/\\\/secure.gravatar.com\\\/avatar\\\/ae2f4d718e6c49043e314ce431e7e645d646302a24a5ef5a8bc8e3f5a032e319?s=96&d=mm&r=g\",\"url\":\"https:\\\/\\\/secure.gravatar.com\\\/avatar\\\/ae2f4d718e6c49043e314ce431e7e645d646302a24a5ef5a8bc8e3f5a032e319?s=96&d=mm&r=g\",\"contentUrl\":\"https:\\\/\\\/secure.gravatar.com\\\/avatar\\\/ae2f4d718e6c49043e314ce431e7e645d646302a24a5ef5a8bc8e3f5a032e319?s=96&d=mm&r=g\",\"caption\":\"admin\"},\"sameAs\":[\"https:\\\/\\\/www.organisator.ch\"],\"url\":\"https:\\\/\\\/www.organisator.ch\\\/it\\\/author\\\/admin\\\/\"}]}<\/script>\n<!-- \/ Yoast SEO plugin. -->","yoast_head_json":{"title":"\"Lo sviluppo delle competenze \u00e8 anche sviluppo aziendale\" - Organizzatore","description":"Allo sviluppo delle competenze professionali si aggiungono pi\u00f9 che mai le soft skills e le qualit\u00e0 di leadership.","robots":{"index":"index","follow":"follow","max-snippet":"max-snippet:-1","max-image-preview":"max-image-preview:large","max-video-preview":"max-video-preview:-1"},"canonical":"https:\/\/www.organisator.ch\/it\/abbonamento\/2023-12-04\/kompetenzentwicklung-ist-auch-unternehmensentwicklung\/","og_locale":"it_IT","og_type":"article","og_title":"\u00abKompetenzentwicklung ist auch Unternehmensentwicklung\u00bb - Organisator","og_description":"Zur fachlichen Kompetenzentwicklung hinzu kommen mehr denn je auch Soft Skills und Leadership-Eigenschaften.","og_url":"https:\/\/www.organisator.ch\/it\/abbonamento\/2023-12-04\/kompetenzentwicklung-ist-auch-unternehmensentwicklung\/","og_site_name":"Organisator","article_publisher":"https:\/\/www.facebook.com\/OrganisatorFachmagazin","article_published_time":"2023-12-04T21:17:01+00:00","og_image":[{"width":1400,"height":1159,"url":"https:\/\/www.organisator.ch\/wp-content\/uploads\/2023\/11\/HRM_Mollet_Bild2_organisator_73581-scaled.jpg","type":"image\/jpeg"}],"author":"admin","twitter_card":"summary_large_image","schema":{"@context":"https:\/\/schema.org","@graph":[{"@type":"Article","@id":"https:\/\/www.organisator.ch\/abo\/2023-12-04\/kompetenzentwicklung-ist-auch-unternehmensentwicklung\/#article","isPartOf":{"@id":"https:\/\/www.organisator.ch\/abo\/2023-12-04\/kompetenzentwicklung-ist-auch-unternehmensentwicklung\/"},"author":{"name":"admin","@id":"https:\/\/www.organisator.ch\/#\/schema\/person\/aa2bace6c5c5aad60102004a50c4eb1c"},"headline":"\u00abKompetenzentwicklung ist auch Unternehmensentwicklung\u00bb","datePublished":"2023-12-04T21:17:01+00:00","mainEntityOfPage":{"@id":"https:\/\/www.organisator.ch\/abo\/2023-12-04\/kompetenzentwicklung-ist-auch-unternehmensentwicklung\/"},"wordCount":2184,"publisher":{"@id":"https:\/\/www.organisator.ch\/#organization"},"image":{"@id":"https:\/\/www.organisator.ch\/abo\/2023-12-04\/kompetenzentwicklung-ist-auch-unternehmensentwicklung\/#primaryimage"},"thumbnailUrl":"https:\/\/www.organisator.ch\/wp-content\/uploads\/2023\/11\/HRM_Mollet_Bild2_organisator_73581-scaled.jpg","keywords":["Aus-\/Weiterbildung","Karriere","Kompetenzentwicklung","Leadership"],"articleSection":["ABO+","HUMAN RESOURCES"],"inLanguage":"it-IT"},{"@type":"WebPage","@id":"https:\/\/www.organisator.ch\/abo\/2023-12-04\/kompetenzentwicklung-ist-auch-unternehmensentwicklung\/","url":"https:\/\/www.organisator.ch\/abo\/2023-12-04\/kompetenzentwicklung-ist-auch-unternehmensentwicklung\/","name":"\"Lo sviluppo delle competenze \u00e8 anche sviluppo aziendale\" - Organizzatore","isPartOf":{"@id":"https:\/\/www.organisator.ch\/#website"},"primaryImageOfPage":{"@id":"https:\/\/www.organisator.ch\/abo\/2023-12-04\/kompetenzentwicklung-ist-auch-unternehmensentwicklung\/#primaryimage"},"image":{"@id":"https:\/\/www.organisator.ch\/abo\/2023-12-04\/kompetenzentwicklung-ist-auch-unternehmensentwicklung\/#primaryimage"},"thumbnailUrl":"https:\/\/www.organisator.ch\/wp-content\/uploads\/2023\/11\/HRM_Mollet_Bild2_organisator_73581-scaled.jpg","datePublished":"2023-12-04T21:17:01+00:00","description":"Allo sviluppo delle competenze professionali si aggiungono pi\u00f9 che mai le soft skills e le qualit\u00e0 di leadership.","breadcrumb":{"@id":"https:\/\/www.organisator.ch\/abo\/2023-12-04\/kompetenzentwicklung-ist-auch-unternehmensentwicklung\/#breadcrumb"},"inLanguage":"it-IT","potentialAction":[{"@type":"ReadAction","target":["https:\/\/www.organisator.ch\/abo\/2023-12-04\/kompetenzentwicklung-ist-auch-unternehmensentwicklung\/"]}]},{"@type":"ImageObject","inLanguage":"it-IT","@id":"https:\/\/www.organisator.ch\/abo\/2023-12-04\/kompetenzentwicklung-ist-auch-unternehmensentwicklung\/#primaryimage","url":"https:\/\/www.organisator.ch\/wp-content\/uploads\/2023\/11\/HRM_Mollet_Bild2_organisator_73581-scaled.jpg","contentUrl":"https:\/\/www.organisator.ch\/wp-content\/uploads\/2023\/11\/HRM_Mollet_Bild2_organisator_73581-scaled.jpg","width":1400,"height":1159},{"@type":"BreadcrumbList","@id":"https:\/\/www.organisator.ch\/abo\/2023-12-04\/kompetenzentwicklung-ist-auch-unternehmensentwicklung\/#breadcrumb","itemListElement":[{"@type":"ListItem","position":1,"name":"Home","item":"https:\/\/www.organisator.ch\/"},{"@type":"ListItem","position":2,"name":"\u00abKompetenzentwicklung ist auch Unternehmensentwicklung\u00bb"}]},{"@type":"WebSite","@id":"https:\/\/www.organisator.ch\/#website","url":"https:\/\/www.organisator.ch\/","name":"Organizzatore","description":"Competente. Pratico. In 10 numeri all'anno, ORGANISATOR presenta i temi essenziali per i manager delle PMI.","publisher":{"@id":"https:\/\/www.organisator.ch\/#organization"},"potentialAction":[{"@type":"SearchAction","target":{"@type":"EntryPoint","urlTemplate":"https:\/\/www.organisator.ch\/?s={search_term_string}"},"query-input":{"@type":"PropertyValueSpecification","valueRequired":true,"valueName":"search_term_string"}}],"inLanguage":"it-IT"},{"@type":"Organization","@id":"https:\/\/www.organisator.ch\/#organization","name":"Organizzatore","url":"https:\/\/www.organisator.ch\/","logo":{"@type":"ImageObject","inLanguage":"it-IT","@id":"https:\/\/www.organisator.ch\/#\/schema\/logo\/image\/","url":"https:\/\/www.organisator.ch\/wp-content\/uploads\/2022\/01\/Logo_Organisator_Website.png","contentUrl":"https:\/\/www.organisator.ch\/wp-content\/uploads\/2022\/01\/Logo_Organisator_Website.png","width":800,"height":77,"caption":"Organisator"},"image":{"@id":"https:\/\/www.organisator.ch\/#\/schema\/logo\/image\/"},"sameAs":["https:\/\/www.facebook.com\/OrganisatorFachmagazin","https:\/\/www.linkedin.com\/showcase\/organisator-das-magazin-fr-kmu","https:\/\/www.xing.com\/news\/pages\/organisator-ch-695","https:\/\/www.youtube.com\/channel\/UCGP2Sq0iWaZwT3BdIAQFYpw"]},{"@type":"Person","@id":"https:\/\/www.organisator.ch\/#\/schema\/person\/aa2bace6c5c5aad60102004a50c4eb1c","name":"amministratore","image":{"@type":"ImageObject","inLanguage":"it-IT","@id":"https:\/\/secure.gravatar.com\/avatar\/ae2f4d718e6c49043e314ce431e7e645d646302a24a5ef5a8bc8e3f5a032e319?s=96&d=mm&r=g","url":"https:\/\/secure.gravatar.com\/avatar\/ae2f4d718e6c49043e314ce431e7e645d646302a24a5ef5a8bc8e3f5a032e319?s=96&d=mm&r=g","contentUrl":"https:\/\/secure.gravatar.com\/avatar\/ae2f4d718e6c49043e314ce431e7e645d646302a24a5ef5a8bc8e3f5a032e319?s=96&d=mm&r=g","caption":"admin"},"sameAs":["https:\/\/www.organisator.ch"],"url":"https:\/\/www.organisator.ch\/it\/author\/admin\/"}]}},"_links":{"self":[{"href":"https:\/\/www.organisator.ch\/it\/wp-json\/wp\/v2\/posts\/23537","targetHints":{"allow":["GET"]}}],"collection":[{"href":"https:\/\/www.organisator.ch\/it\/wp-json\/wp\/v2\/posts"}],"about":[{"href":"https:\/\/www.organisator.ch\/it\/wp-json\/wp\/v2\/types\/post"}],"author":[{"embeddable":true,"href":"https:\/\/www.organisator.ch\/it\/wp-json\/wp\/v2\/users\/1"}],"replies":[{"embeddable":true,"href":"https:\/\/www.organisator.ch\/it\/wp-json\/wp\/v2\/comments?post=23537"}],"version-history":[{"count":5,"href":"https:\/\/www.organisator.ch\/it\/wp-json\/wp\/v2\/posts\/23537\/revisions"}],"predecessor-version":[{"id":23561,"href":"https:\/\/www.organisator.ch\/it\/wp-json\/wp\/v2\/posts\/23537\/revisions\/23561"}],"wp:featuredmedia":[{"embeddable":true,"href":"https:\/\/www.organisator.ch\/it\/wp-json\/wp\/v2\/media\/23541"}],"wp:attachment":[{"href":"https:\/\/www.organisator.ch\/it\/wp-json\/wp\/v2\/media?parent=23537"}],"wp:term":[{"taxonomy":"category","embeddable":true,"href":"https:\/\/www.organisator.ch\/it\/wp-json\/wp\/v2\/categories?post=23537"},{"taxonomy":"post_tag","embeddable":true,"href":"https:\/\/www.organisator.ch\/it\/wp-json\/wp\/v2\/tags?post=23537"}],"curies":[{"name":"wp","href":"https:\/\/api.w.org\/{rel}","templated":true}]}}