{"id":23610,"date":"2023-11-30T10:27:59","date_gmt":"2023-11-30T09:27:59","guid":{"rendered":"https:\/\/www.organisator.ch\/?p=23610"},"modified":"2023-11-30T09:28:08","modified_gmt":"2023-11-30T08:28:08","slug":"ausbildende-arbeiten-meist-teilzeit-und-auf-mandatsbasis","status":"publish","type":"post","link":"https:\/\/www.organisator.ch\/it\/weiterbildung\/2023-11-30\/ausbildende-arbeiten-meist-teilzeit-und-auf-mandatsbasis\/","title":{"rendered":"I formatori lavorano solitamente a tempo parziale e su mandato."},"content":{"rendered":"<figure id=\"attachment_23611\" aria-describedby=\"caption-attachment-23611\" style=\"width: 680px\" class=\"wp-caption alignnone\"><img loading=\"lazy\" decoding=\"async\" class=\"wp-image-23611 size-full\" src=\"https:\/\/www.organisator.ch\/wp-content\/uploads\/2023\/11\/Focus_Bild1_ps.jpg\" alt=\"\" width=\"680\" height=\"453\" srcset=\"https:\/\/www.organisator.ch\/wp-content\/uploads\/2023\/11\/Focus_Bild1_ps.jpg 680w, https:\/\/www.organisator.ch\/wp-content\/uploads\/2023\/11\/Focus_Bild1_ps-18x12.jpg 18w, https:\/\/www.organisator.ch\/wp-content\/uploads\/2023\/11\/Focus_Bild1_ps-375x250.jpg 375w, https:\/\/www.organisator.ch\/wp-content\/uploads\/2023\/11\/Focus_Bild1_ps-525x350.jpg 525w\" sizes=\"auto, (max-width: 680px) 100vw, 680px\" \/><figcaption id=\"caption-attachment-23611\" class=\"wp-caption-text\">Focus sulla formazione continua 2023: Per il 65% delle organizzazioni, la formazione continua \u00e8 lo scopo principale e per il 35% \u00e8 lo scopo secondario. (Immagine: www.unsplash.com)<\/figcaption><\/figure>\n<p>Ogni primavera, la SVEB conduce un sondaggio tra gli istituti di formazione professionale svizzeri su diversi temi chiave. L'indagine di quest'anno si \u00e8 svolta tra aprile e maggio 2023 e ha visto la partecipazione di 447 fornitori di tutte e tre le regioni linguistiche. La formazione continua \u00e8 lo scopo principale del 65% delle organizzazioni e uno scopo secondario per il 35%.<\/p>\n<h3><strong>La maggior parte dei formatori lavora su mandato<\/strong><\/h3>\n<p>I formatori rappresentano circa due terzi del personale delle organizzazioni di formazione continua. Una caratteristica importante del settore \u00e8 il gran numero di mandati in cui i fornitori pagano i formatori solo per un incarico specifico. In media, le organizzazioni impiegano circa un terzo di personale permanente e due terzi di personale su mandato.\u00a0<\/p>\n<p>La percentuale di formatori incaricati \u00e8 pi\u00f9 alta tra i grandi provider che tra quelli pi\u00f9 piccoli. Gli enti della Svizzera tedesca lavorano pi\u00f9 spesso con formatori incaricati rispetto a quelli delle altre regioni linguistiche. Anche i fornitori di formazione professionale e di formazione continua generale lavorano con una percentuale maggiore di formatori incaricati rispetto ai fornitori di lingue straniere e di competenze di base.<\/p>\n<h3><strong>Molti lavorano part-time<\/strong><\/h3>\n<p>Anche il lavoro di formatore \u00e8 un lavoro part-time per la maggior parte dei dipendenti a tempo indeterminato, a volte con un mini-carico di lavoro inferiore al 20%. Quasi la met\u00e0 dei fornitori non ha formatori a tempo pieno. Esiste anche un'ampia gamma di livelli salariali: mentre alcuni formatori guadagnano tra i 20 e i 30 franchi all'ora, altri guadagnano oltre 140 franchi. I salari tendono a essere bassi nei settori delle lingue straniere e della formazione continua generale\/culturale.<\/p>\n<h3><strong>Eterogeneit\u00e0 delle condizioni di impiego<\/strong><\/h3>\n<p>I risultati pubblicati su Focus Formazione Continua chiariscono che il lavoro di formatore \u00e8 ancora principalmente un lavoro part-time, ma che le condizioni di impiego nella formazione continua sono molto eterogenee. L'opportunit\u00e0 di lavorare a tempo parziale e con carichi di lavoro molto ridotti presenta sia vantaggi che svantaggi: da un lato, favorisce condizioni potenzialmente precarie associate al lavoro serale e nei fine settimana, mentre dall'altro lato il lavoro nella formazione continua consente di combinarlo con un altro lavoro principale e\/o con la famiglia. Ad esempio, lavorare nello sviluppo professionale continuo su mandato pu\u00f2 essere un'attivit\u00e0 secondaria redditizia. Tuttavia, pu\u00f2 essere difficile ottenere un reddito familiare sicuro solo con questo lavoro.<\/p>\n<p><em>Fonte: <a href=\"https:\/\/alice.ch\/de\/\">www.alice.ch\u00a0<\/a><\/em><\/p>","protected":false},"excerpt":{"rendered":"<p>Il Focus on Continuing Education 2023 dello SVEB analizza le condizioni di lavoro del personale della formazione continua. Lo studio si basa sui risultati di un'indagine annuale condotta tra i fornitori di formazione continua svizzeri. Mostra un quadro eterogeneo, in particolare tra i formatori, che rappresentano circa i due terzi del personale delle organizzazioni di formazione continua svizzere.<\/p>","protected":false},"author":58,"featured_media":23611,"comment_status":"closed","ping_status":"closed","sticky":false,"template":"","format":"standard","meta":{"_acf_changed":false,"_yoast_wpseo_focuskw":"Ausbildende","_yoast_wpseo_metadesc":"Der Focus Weiterbildung 2023 des SVEB befasst sich mit den Anstellungsbedingungen des Personals in der Weiterbildung.","articlekey":"","footnotes":""},"categories":[30],"tags":[62,424,459,487,492],"class_list":["post-23610","post","type-post","status-publish","format-standard","has-post-thumbnail","hentry","category-weiterbildung","tag-aus-weiterbildung","tag-schweiz","tag-studie","tag-umfrage","tag-unternehmen"],"acf":[],"yoast_head":"<!-- This site is optimized with the Yoast SEO plugin v27.5 - https:\/\/yoast.com\/product\/yoast-seo-wordpress\/ -->\n<title>Ausbildende arbeiten meist Teilzeit und auf Mandatsbasis - Organisator<\/title>\n<meta name=\"description\" content=\"Der Focus Weiterbildung 2023 des SVEB befasst sich mit den Anstellungsbedingungen des Personals in der Weiterbildung.\" \/>\n<meta name=\"robots\" content=\"index, follow, max-snippet:-1, max-image-preview:large, max-video-preview:-1\" \/>\n<link rel=\"canonical\" href=\"https:\/\/www.organisator.ch\/it\/formazione-continua\/2023-11-30\/ausbildende-arbeiten-meist-teilzeit-und-auf-mandatsbasis\/\" \/>\n<meta property=\"og:locale\" content=\"it_IT\" \/>\n<meta property=\"og:type\" content=\"article\" \/>\n<meta property=\"og:title\" content=\"Ausbildende arbeiten meist Teilzeit und auf Mandatsbasis\" \/>\n<meta property=\"og:description\" content=\"Der Focus Weiterbildung 2023 des SVEB befasst sich mit den Anstellungsbedingungen des Personals in der Weiterbildung.\" \/>\n<meta property=\"og:url\" content=\"https:\/\/www.organisator.ch\/it\/formazione-continua\/2023-11-30\/ausbildende-arbeiten-meist-teilzeit-und-auf-mandatsbasis\/\" \/>\n<meta property=\"og:site_name\" content=\"Organisator\" \/>\n<meta property=\"article:publisher\" content=\"https:\/\/www.facebook.com\/OrganisatorFachmagazin\" \/>\n<meta property=\"article:published_time\" content=\"2023-11-30T09:27:59+00:00\" \/>\n<meta property=\"og:image\" content=\"https:\/\/www.organisator.ch\/wp-content\/uploads\/2023\/11\/Focus_Bild1_ps.jpg\" \/>\n\t<meta property=\"og:image:width\" content=\"680\" \/>\n\t<meta property=\"og:image:height\" content=\"453\" \/>\n\t<meta property=\"og:image:type\" content=\"image\/jpeg\" \/>\n<meta name=\"author\" content=\"Adelisa Kalajdzini\" \/>\n<meta name=\"twitter:card\" content=\"summary_large_image\" \/>\n<meta name=\"twitter:title\" content=\"Ausbildende arbeiten meist Teilzeit und auf Mandatsbasis\" \/>\n<meta name=\"twitter:description\" content=\"Der #Focus #Weiterbildung 2023 des #SVEB befasst sich mit den #Anstellungsbedingungen des Personals in der Weiterbildung.\" \/>\n<meta name=\"twitter:image\" content=\"https:\/\/www.organisator.ch\/wp-content\/uploads\/2023\/11\/Focus_Bild1_ps.jpg\" \/>\n<script type=\"application\/ld+json\" class=\"yoast-schema-graph\">{\"@context\":\"https:\\\/\\\/schema.org\",\"@graph\":[{\"@type\":\"Article\",\"@id\":\"https:\\\/\\\/www.organisator.ch\\\/weiterbildung\\\/2023-11-30\\\/ausbildende-arbeiten-meist-teilzeit-und-auf-mandatsbasis\\\/#article\",\"isPartOf\":{\"@id\":\"https:\\\/\\\/www.organisator.ch\\\/weiterbildung\\\/2023-11-30\\\/ausbildende-arbeiten-meist-teilzeit-und-auf-mandatsbasis\\\/\"},\"author\":{\"name\":\"Adelisa Kalajdzini\",\"@id\":\"https:\\\/\\\/www.organisator.ch\\\/#\\\/schema\\\/person\\\/2e1314a2172123f874db408d8911d3f3\"},\"headline\":\"Ausbildende arbeiten meist Teilzeit und auf Mandatsbasis\",\"datePublished\":\"2023-11-30T09:27:59+00:00\",\"mainEntityOfPage\":{\"@id\":\"https:\\\/\\\/www.organisator.ch\\\/weiterbildung\\\/2023-11-30\\\/ausbildende-arbeiten-meist-teilzeit-und-auf-mandatsbasis\\\/\"},\"wordCount\":389,\"publisher\":{\"@id\":\"https:\\\/\\\/www.organisator.ch\\\/#organization\"},\"image\":{\"@id\":\"https:\\\/\\\/www.organisator.ch\\\/weiterbildung\\\/2023-11-30\\\/ausbildende-arbeiten-meist-teilzeit-und-auf-mandatsbasis\\\/#primaryimage\"},\"thumbnailUrl\":\"https:\\\/\\\/www.organisator.ch\\\/wp-content\\\/uploads\\\/2023\\\/11\\\/Focus_Bild1_ps.jpg\",\"keywords\":[\"Aus-\\\/Weiterbildung\",\"Schweiz\",\"Studie\",\"Umfrage\",\"Unternehmen\"],\"articleSection\":[\"WEITERBILDUNG\"],\"inLanguage\":\"it-IT\"},{\"@type\":\"WebPage\",\"@id\":\"https:\\\/\\\/www.organisator.ch\\\/weiterbildung\\\/2023-11-30\\\/ausbildende-arbeiten-meist-teilzeit-und-auf-mandatsbasis\\\/\",\"url\":\"https:\\\/\\\/www.organisator.ch\\\/weiterbildung\\\/2023-11-30\\\/ausbildende-arbeiten-meist-teilzeit-und-auf-mandatsbasis\\\/\",\"name\":\"Ausbildende arbeiten meist Teilzeit und auf Mandatsbasis - Organisator\",\"isPartOf\":{\"@id\":\"https:\\\/\\\/www.organisator.ch\\\/#website\"},\"primaryImageOfPage\":{\"@id\":\"https:\\\/\\\/www.organisator.ch\\\/weiterbildung\\\/2023-11-30\\\/ausbildende-arbeiten-meist-teilzeit-und-auf-mandatsbasis\\\/#primaryimage\"},\"image\":{\"@id\":\"https:\\\/\\\/www.organisator.ch\\\/weiterbildung\\\/2023-11-30\\\/ausbildende-arbeiten-meist-teilzeit-und-auf-mandatsbasis\\\/#primaryimage\"},\"thumbnailUrl\":\"https:\\\/\\\/www.organisator.ch\\\/wp-content\\\/uploads\\\/2023\\\/11\\\/Focus_Bild1_ps.jpg\",\"datePublished\":\"2023-11-30T09:27:59+00:00\",\"description\":\"Der Focus Weiterbildung 2023 des SVEB befasst sich mit den Anstellungsbedingungen des Personals in der Weiterbildung.\",\"breadcrumb\":{\"@id\":\"https:\\\/\\\/www.organisator.ch\\\/weiterbildung\\\/2023-11-30\\\/ausbildende-arbeiten-meist-teilzeit-und-auf-mandatsbasis\\\/#breadcrumb\"},\"inLanguage\":\"it-IT\",\"potentialAction\":[{\"@type\":\"ReadAction\",\"target\":[\"https:\\\/\\\/www.organisator.ch\\\/weiterbildung\\\/2023-11-30\\\/ausbildende-arbeiten-meist-teilzeit-und-auf-mandatsbasis\\\/\"]}]},{\"@type\":\"ImageObject\",\"inLanguage\":\"it-IT\",\"@id\":\"https:\\\/\\\/www.organisator.ch\\\/weiterbildung\\\/2023-11-30\\\/ausbildende-arbeiten-meist-teilzeit-und-auf-mandatsbasis\\\/#primaryimage\",\"url\":\"https:\\\/\\\/www.organisator.ch\\\/wp-content\\\/uploads\\\/2023\\\/11\\\/Focus_Bild1_ps.jpg\",\"contentUrl\":\"https:\\\/\\\/www.organisator.ch\\\/wp-content\\\/uploads\\\/2023\\\/11\\\/Focus_Bild1_ps.jpg\",\"width\":680,\"height\":453,\"caption\":\"Focus Weiterbildung 2023: Bei 65 Prozent der Organisationen ist Weiterbildung ihr Hauptzweck und bei 35 Prozent ihr Nebenzweck.\"},{\"@type\":\"BreadcrumbList\",\"@id\":\"https:\\\/\\\/www.organisator.ch\\\/weiterbildung\\\/2023-11-30\\\/ausbildende-arbeiten-meist-teilzeit-und-auf-mandatsbasis\\\/#breadcrumb\",\"itemListElement\":[{\"@type\":\"ListItem\",\"position\":1,\"name\":\"Home\",\"item\":\"https:\\\/\\\/www.organisator.ch\\\/\"},{\"@type\":\"ListItem\",\"position\":2,\"name\":\"Ausbildende arbeiten meist Teilzeit und auf Mandatsbasis\"}]},{\"@type\":\"WebSite\",\"@id\":\"https:\\\/\\\/www.organisator.ch\\\/#website\",\"url\":\"https:\\\/\\\/www.organisator.ch\\\/\",\"name\":\"Organisator\",\"description\":\"Kompetent. Praxisnah. Der ORGANISATOR bereitet in 10 Ausgaben pro Jahr die wesentlichen Themen f\u00fcr F\u00fchrungskr\u00e4fte von KMU auf.\",\"publisher\":{\"@id\":\"https:\\\/\\\/www.organisator.ch\\\/#organization\"},\"potentialAction\":[{\"@type\":\"SearchAction\",\"target\":{\"@type\":\"EntryPoint\",\"urlTemplate\":\"https:\\\/\\\/www.organisator.ch\\\/?s={search_term_string}\"},\"query-input\":{\"@type\":\"PropertyValueSpecification\",\"valueRequired\":true,\"valueName\":\"search_term_string\"}}],\"inLanguage\":\"it-IT\"},{\"@type\":\"Organization\",\"@id\":\"https:\\\/\\\/www.organisator.ch\\\/#organization\",\"name\":\"Organisator\",\"url\":\"https:\\\/\\\/www.organisator.ch\\\/\",\"logo\":{\"@type\":\"ImageObject\",\"inLanguage\":\"it-IT\",\"@id\":\"https:\\\/\\\/www.organisator.ch\\\/#\\\/schema\\\/logo\\\/image\\\/\",\"url\":\"https:\\\/\\\/www.organisator.ch\\\/wp-content\\\/uploads\\\/2022\\\/01\\\/Logo_Organisator_Website.png\",\"contentUrl\":\"https:\\\/\\\/www.organisator.ch\\\/wp-content\\\/uploads\\\/2022\\\/01\\\/Logo_Organisator_Website.png\",\"width\":800,\"height\":77,\"caption\":\"Organisator\"},\"image\":{\"@id\":\"https:\\\/\\\/www.organisator.ch\\\/#\\\/schema\\\/logo\\\/image\\\/\"},\"sameAs\":[\"https:\\\/\\\/www.facebook.com\\\/OrganisatorFachmagazin\",\"https:\\\/\\\/www.linkedin.com\\\/showcase\\\/organisator-das-magazin-fr-kmu\",\"https:\\\/\\\/www.xing.com\\\/news\\\/pages\\\/organisator-ch-695\",\"https:\\\/\\\/www.youtube.com\\\/channel\\\/UCGP2Sq0iWaZwT3BdIAQFYpw\"]},{\"@type\":\"Person\",\"@id\":\"https:\\\/\\\/www.organisator.ch\\\/#\\\/schema\\\/person\\\/2e1314a2172123f874db408d8911d3f3\",\"name\":\"Adelisa Kalajdzini\",\"image\":{\"@type\":\"ImageObject\",\"inLanguage\":\"it-IT\",\"@id\":\"https:\\\/\\\/secure.gravatar.com\\\/avatar\\\/09a397c22ac58cad6f160ee8306348599df9df58a8ede73696226897b9fa4b24?s=96&d=mm&r=g\",\"url\":\"https:\\\/\\\/secure.gravatar.com\\\/avatar\\\/09a397c22ac58cad6f160ee8306348599df9df58a8ede73696226897b9fa4b24?s=96&d=mm&r=g\",\"contentUrl\":\"https:\\\/\\\/secure.gravatar.com\\\/avatar\\\/09a397c22ac58cad6f160ee8306348599df9df58a8ede73696226897b9fa4b24?s=96&d=mm&r=g\",\"caption\":\"Adelisa Kalajdzini\"},\"url\":\"https:\\\/\\\/www.organisator.ch\\\/it\\\/author\\\/adelisa-kalajdzini\\\/\"}]}<\/script>\n<!-- \/ Yoast SEO plugin. -->","yoast_head_json":{"title":"I formatori lavorano solitamente a tempo parziale e su mandato - Organizzatore","description":"Il Focus Formazione Continua 2023 dello SVEB riguarda le condizioni di impiego del personale della formazione continua.","robots":{"index":"index","follow":"follow","max-snippet":"max-snippet:-1","max-image-preview":"max-image-preview:large","max-video-preview":"max-video-preview:-1"},"canonical":"https:\/\/www.organisator.ch\/it\/formazione-continua\/2023-11-30\/ausbildende-arbeiten-meist-teilzeit-und-auf-mandatsbasis\/","og_locale":"it_IT","og_type":"article","og_title":"Ausbildende arbeiten meist Teilzeit und auf Mandatsbasis","og_description":"Der Focus Weiterbildung 2023 des SVEB befasst sich mit den Anstellungsbedingungen des Personals in der Weiterbildung.","og_url":"https:\/\/www.organisator.ch\/it\/formazione-continua\/2023-11-30\/ausbildende-arbeiten-meist-teilzeit-und-auf-mandatsbasis\/","og_site_name":"Organisator","article_publisher":"https:\/\/www.facebook.com\/OrganisatorFachmagazin","article_published_time":"2023-11-30T09:27:59+00:00","og_image":[{"width":680,"height":453,"url":"https:\/\/www.organisator.ch\/wp-content\/uploads\/2023\/11\/Focus_Bild1_ps.jpg","type":"image\/jpeg"}],"author":"Adelisa Kalajdzini","twitter_card":"summary_large_image","twitter_title":"Ausbildende arbeiten meist Teilzeit und auf Mandatsbasis","twitter_description":"Der #Focus #Weiterbildung 2023 des #SVEB befasst sich mit den #Anstellungsbedingungen des Personals in der Weiterbildung.","twitter_image":"https:\/\/www.organisator.ch\/wp-content\/uploads\/2023\/11\/Focus_Bild1_ps.jpg","schema":{"@context":"https:\/\/schema.org","@graph":[{"@type":"Article","@id":"https:\/\/www.organisator.ch\/weiterbildung\/2023-11-30\/ausbildende-arbeiten-meist-teilzeit-und-auf-mandatsbasis\/#article","isPartOf":{"@id":"https:\/\/www.organisator.ch\/weiterbildung\/2023-11-30\/ausbildende-arbeiten-meist-teilzeit-und-auf-mandatsbasis\/"},"author":{"name":"Adelisa Kalajdzini","@id":"https:\/\/www.organisator.ch\/#\/schema\/person\/2e1314a2172123f874db408d8911d3f3"},"headline":"Ausbildende arbeiten meist Teilzeit und auf Mandatsbasis","datePublished":"2023-11-30T09:27:59+00:00","mainEntityOfPage":{"@id":"https:\/\/www.organisator.ch\/weiterbildung\/2023-11-30\/ausbildende-arbeiten-meist-teilzeit-und-auf-mandatsbasis\/"},"wordCount":389,"publisher":{"@id":"https:\/\/www.organisator.ch\/#organization"},"image":{"@id":"https:\/\/www.organisator.ch\/weiterbildung\/2023-11-30\/ausbildende-arbeiten-meist-teilzeit-und-auf-mandatsbasis\/#primaryimage"},"thumbnailUrl":"https:\/\/www.organisator.ch\/wp-content\/uploads\/2023\/11\/Focus_Bild1_ps.jpg","keywords":["Aus-\/Weiterbildung","Schweiz","Studie","Umfrage","Unternehmen"],"articleSection":["WEITERBILDUNG"],"inLanguage":"it-IT"},{"@type":"WebPage","@id":"https:\/\/www.organisator.ch\/weiterbildung\/2023-11-30\/ausbildende-arbeiten-meist-teilzeit-und-auf-mandatsbasis\/","url":"https:\/\/www.organisator.ch\/weiterbildung\/2023-11-30\/ausbildende-arbeiten-meist-teilzeit-und-auf-mandatsbasis\/","name":"I formatori lavorano solitamente a tempo parziale e su mandato - Organizzatore","isPartOf":{"@id":"https:\/\/www.organisator.ch\/#website"},"primaryImageOfPage":{"@id":"https:\/\/www.organisator.ch\/weiterbildung\/2023-11-30\/ausbildende-arbeiten-meist-teilzeit-und-auf-mandatsbasis\/#primaryimage"},"image":{"@id":"https:\/\/www.organisator.ch\/weiterbildung\/2023-11-30\/ausbildende-arbeiten-meist-teilzeit-und-auf-mandatsbasis\/#primaryimage"},"thumbnailUrl":"https:\/\/www.organisator.ch\/wp-content\/uploads\/2023\/11\/Focus_Bild1_ps.jpg","datePublished":"2023-11-30T09:27:59+00:00","description":"Il Focus Formazione Continua 2023 dello SVEB riguarda le condizioni di impiego del personale della formazione continua.","breadcrumb":{"@id":"https:\/\/www.organisator.ch\/weiterbildung\/2023-11-30\/ausbildende-arbeiten-meist-teilzeit-und-auf-mandatsbasis\/#breadcrumb"},"inLanguage":"it-IT","potentialAction":[{"@type":"ReadAction","target":["https:\/\/www.organisator.ch\/weiterbildung\/2023-11-30\/ausbildende-arbeiten-meist-teilzeit-und-auf-mandatsbasis\/"]}]},{"@type":"ImageObject","inLanguage":"it-IT","@id":"https:\/\/www.organisator.ch\/weiterbildung\/2023-11-30\/ausbildende-arbeiten-meist-teilzeit-und-auf-mandatsbasis\/#primaryimage","url":"https:\/\/www.organisator.ch\/wp-content\/uploads\/2023\/11\/Focus_Bild1_ps.jpg","contentUrl":"https:\/\/www.organisator.ch\/wp-content\/uploads\/2023\/11\/Focus_Bild1_ps.jpg","width":680,"height":453,"caption":"Focus Weiterbildung 2023: Bei 65 Prozent der Organisationen ist Weiterbildung ihr Hauptzweck und bei 35 Prozent ihr Nebenzweck."},{"@type":"BreadcrumbList","@id":"https:\/\/www.organisator.ch\/weiterbildung\/2023-11-30\/ausbildende-arbeiten-meist-teilzeit-und-auf-mandatsbasis\/#breadcrumb","itemListElement":[{"@type":"ListItem","position":1,"name":"Home","item":"https:\/\/www.organisator.ch\/"},{"@type":"ListItem","position":2,"name":"Ausbildende arbeiten meist Teilzeit und auf Mandatsbasis"}]},{"@type":"WebSite","@id":"https:\/\/www.organisator.ch\/#website","url":"https:\/\/www.organisator.ch\/","name":"Organizzatore","description":"Competente. Pratico. In 10 numeri all'anno, ORGANISATOR presenta i temi essenziali per i manager delle PMI.","publisher":{"@id":"https:\/\/www.organisator.ch\/#organization"},"potentialAction":[{"@type":"SearchAction","target":{"@type":"EntryPoint","urlTemplate":"https:\/\/www.organisator.ch\/?s={search_term_string}"},"query-input":{"@type":"PropertyValueSpecification","valueRequired":true,"valueName":"search_term_string"}}],"inLanguage":"it-IT"},{"@type":"Organization","@id":"https:\/\/www.organisator.ch\/#organization","name":"Organizzatore","url":"https:\/\/www.organisator.ch\/","logo":{"@type":"ImageObject","inLanguage":"it-IT","@id":"https:\/\/www.organisator.ch\/#\/schema\/logo\/image\/","url":"https:\/\/www.organisator.ch\/wp-content\/uploads\/2022\/01\/Logo_Organisator_Website.png","contentUrl":"https:\/\/www.organisator.ch\/wp-content\/uploads\/2022\/01\/Logo_Organisator_Website.png","width":800,"height":77,"caption":"Organisator"},"image":{"@id":"https:\/\/www.organisator.ch\/#\/schema\/logo\/image\/"},"sameAs":["https:\/\/www.facebook.com\/OrganisatorFachmagazin","https:\/\/www.linkedin.com\/showcase\/organisator-das-magazin-fr-kmu","https:\/\/www.xing.com\/news\/pages\/organisator-ch-695","https:\/\/www.youtube.com\/channel\/UCGP2Sq0iWaZwT3BdIAQFYpw"]},{"@type":"Person","@id":"https:\/\/www.organisator.ch\/#\/schema\/person\/2e1314a2172123f874db408d8911d3f3","name":"Adelisa Kalajdzini","image":{"@type":"ImageObject","inLanguage":"it-IT","@id":"https:\/\/secure.gravatar.com\/avatar\/09a397c22ac58cad6f160ee8306348599df9df58a8ede73696226897b9fa4b24?s=96&d=mm&r=g","url":"https:\/\/secure.gravatar.com\/avatar\/09a397c22ac58cad6f160ee8306348599df9df58a8ede73696226897b9fa4b24?s=96&d=mm&r=g","contentUrl":"https:\/\/secure.gravatar.com\/avatar\/09a397c22ac58cad6f160ee8306348599df9df58a8ede73696226897b9fa4b24?s=96&d=mm&r=g","caption":"Adelisa Kalajdzini"},"url":"https:\/\/www.organisator.ch\/it\/author\/adelisa-kalajdzini\/"}]}},"_links":{"self":[{"href":"https:\/\/www.organisator.ch\/it\/wp-json\/wp\/v2\/posts\/23610","targetHints":{"allow":["GET"]}}],"collection":[{"href":"https:\/\/www.organisator.ch\/it\/wp-json\/wp\/v2\/posts"}],"about":[{"href":"https:\/\/www.organisator.ch\/it\/wp-json\/wp\/v2\/types\/post"}],"author":[{"embeddable":true,"href":"https:\/\/www.organisator.ch\/it\/wp-json\/wp\/v2\/users\/58"}],"replies":[{"embeddable":true,"href":"https:\/\/www.organisator.ch\/it\/wp-json\/wp\/v2\/comments?post=23610"}],"version-history":[{"count":2,"href":"https:\/\/www.organisator.ch\/it\/wp-json\/wp\/v2\/posts\/23610\/revisions"}],"predecessor-version":[{"id":23613,"href":"https:\/\/www.organisator.ch\/it\/wp-json\/wp\/v2\/posts\/23610\/revisions\/23613"}],"wp:featuredmedia":[{"embeddable":true,"href":"https:\/\/www.organisator.ch\/it\/wp-json\/wp\/v2\/media\/23611"}],"wp:attachment":[{"href":"https:\/\/www.organisator.ch\/it\/wp-json\/wp\/v2\/media?parent=23610"}],"wp:term":[{"taxonomy":"category","embeddable":true,"href":"https:\/\/www.organisator.ch\/it\/wp-json\/wp\/v2\/categories?post=23610"},{"taxonomy":"post_tag","embeddable":true,"href":"https:\/\/www.organisator.ch\/it\/wp-json\/wp\/v2\/tags?post=23610"}],"curies":[{"name":"wp","href":"https:\/\/api.w.org\/{rel}","templated":true}]}}