{"id":2362,"date":"2017-08-28T14:25:50","date_gmt":"2017-08-28T12:25:50","guid":{"rendered":"https:\/\/www.organisator.ch\/?p=2362"},"modified":"2017-08-28T14:25:50","modified_gmt":"2017-08-28T12:25:50","slug":"auch-arbeitnehmerverbaende-fordern-flexibleres-arbeitsgesetz","status":"publish","type":"post","link":"https:\/\/www.organisator.ch\/it\/management\/finanzen_recht\/2017-08-28\/auch-arbeitnehmerverbaende-fordern-flexibleres-arbeitsgesetz\/","title":{"rendered":"Anche le associazioni dei lavoratori chiedono un diritto del lavoro pi\u00f9 flessibile"},"content":{"rendered":"<figure id=\"attachment_2363\" aria-describedby=\"caption-attachment-2363\" style=\"width: 640px\" class=\"wp-caption alignnone\"><img loading=\"lazy\" decoding=\"async\" class=\"size-full wp-image-2363\" src=\"https:\/\/www.organisator.ch\/wp-content\/uploads\/2017\/08\/Auch-Arbeitnehmerverbaende-fordern-flexibleres-Arbeitsgesetz_Organisator.jpg\" alt=\"\" width=\"640\" height=\"480\" srcset=\"https:\/\/www.organisator.ch\/wp-content\/uploads\/2017\/08\/Auch-Arbeitnehmerverbaende-fordern-flexibleres-Arbeitsgesetz_Organisator.jpg 640w, https:\/\/www.organisator.ch\/wp-content\/uploads\/2017\/08\/Auch-Arbeitnehmerverbaende-fordern-flexibleres-Arbeitsgesetz_Organisator-16x12.jpg 16w, https:\/\/www.organisator.ch\/wp-content\/uploads\/2017\/08\/Auch-Arbeitnehmerverbaende-fordern-flexibleres-Arbeitsgesetz_Organisator-233x175.jpg 233w, https:\/\/www.organisator.ch\/wp-content\/uploads\/2017\/08\/Auch-Arbeitnehmerverbaende-fordern-flexibleres-Arbeitsgesetz_Organisator-467x350.jpg 467w, https:\/\/www.organisator.ch\/wp-content\/uploads\/2017\/08\/Auch-Arbeitnehmerverbaende-fordern-flexibleres-Arbeitsgesetz_Organisator-300x225.jpg 300w\" sizes=\"auto, (max-width: 640px) 100vw, 640px\" \/><figcaption id=\"caption-attachment-2363\" class=\"wp-caption-text\">Orari di lavoro pi\u00f9 flessibili sono solo una delle tante richieste che varie associazioni di lavoratori stanno facendo per una nuova legge sul lavoro. (Immagine: Gerd Altmann - pixelio.de)<\/figcaption><\/figure>\n<p>Secondo molti datori di lavoro, l'attuale Codice del Lavoro necessita da tempo di una riforma. Sono in cantiere diverse iniziative politiche per una gestione pi\u00f9 flessibile degli orari di lavoro. D'altra parte, diversi sindacati hanno gi\u00e0 annunciato resistenza. Ma non tutti i rappresentanti dei lavoratori sono completamente contrari a una riforma del Codice del lavoro. Il Codice del Lavoro deve essere adattato alla realt\u00e0 del mondo del lavoro, dice, ad esempio, il <em>piattaforma<\/em>L'associazione rappresenta gli interessi delle associazioni dei lavoratori Angestellte Schweiz, Kaufm\u00e4nnischer Verband (kfmv), Schweizer Kader Organisation SKO e Z\u00fcrcher Gesellschaft f\u00fcr Personal-Management (ZGP) nei confronti dei politici e dell'opinione pubblica. Insieme, queste associazioni rappresentano le preoccupazioni di circa 8.000 membri su questioni di politica educativa, economica e occupazionale.<\/p>\n<p>Il <em>piattaforma<\/em> chiede ora la modernizzazione del Codice del Lavoro. La flessibilizzazione del lavoro, che \u00e8 una realt\u00e0 per molti dipendenti, deve essere regolamentata anche nel Codice del lavoro, secondo un comunicato stampa inviato ai media il 28 agosto. Con l'avanzare della digitalizzazione, la libera organizzazione del lavoro sta assumendo un'importanza sempre maggiore; occorre migliorare la compatibilit\u00e0 tra lavoro, famiglia e attivit\u00e0 extra-lavorative. Per i dipendenti con autonomia di orario, che possono organizzare liberamente il proprio orario di lavoro, le disposizioni dell'attuale Codice del Lavoro sono quindi insufficienti. Per questo motivo sono necessari degli aggiustamenti per questo gruppo di lavoratori, sostiene l'associazione.<em> piattaforma<\/em>.<\/p>\n<p>Il <em>piattaforma<\/em> richiede un modello di orario di lavoro annuale ancorato alla legge che definisca a quali dipendenti si applica la flessibilizzazione. Allo stesso tempo, l'espressione \"dipendenti che esercitano un'attivit\u00e0 manageriale superiore\" deve essere spiegata in modo pi\u00f9 preciso. La flessibilizzazione deve essere accompagnata da misure efficaci di protezione della salute. La prevenzione dei rischi psicosociali \u00e8 in primo piano. La proposta dell'associazione dei lavoratori citata nella <em>piattaforma<\/em> Le federazioni organizzate dei lavoratori prevedono i seguenti punti in dettaglio:<\/p>\n<ul>\n<li>Il gruppo target \u00e8 costituito da dipendenti con la maggior parte dell'autonomia lavorativa, vale a dire dipendenti con autonomia organizzativa che possono determinare da soli almeno 50% del loro tempo di lavoro e di retribuzione.<\/li>\n<li>L'orario di lavoro deve essere definito in collaborazione e su base paritaria con il datore di lavoro nell'ambito di un modello contrattuale di orario di lavoro annuale.<\/li>\n<li>Nessuna modifica dell'orario di lavoro massimo annuale (52 x 45 ore).<\/li>\n<li>Nessuna variazione per gli straordinari annuali (170 ore).<\/li>\n<li>Possibilit\u00e0 di un aumento limitato nel tempo dell'orario massimo di lavoro settimanale a 60 ore. Gli straordinari e le ore di lavoro straordinario sono inclusi in questi tempi. \u2192 Regolamento semplificato, in quanto vengono omesse le norme sul lavoro straordinario giornaliero.<\/li>\n<li>Semplificazione delle norme sul riposo e sull'orario di lavoro: Estensione del periodo di lavoro giornaliero a 15 ore e conseguente possibile riduzione del periodo di riposo a 9 ore (ma 11 ore in media su 4 settimane).<\/li>\n<li>Diritto alla flessibilit\u00e0 locale (ad es. sede di lavoro), in particolare per quanto riguarda gli straordinari.<\/li>\n<li>Suddivisione flessibile del lavoro nell'arco della settimana lavorativa.<\/li>\n<li>Le misure di protezione della salute sono obbligatorie in questo modello di orario di lavoro annuale.<\/li>\n<\/ul>\n<p>Le associazioni del <em>piattaforma<\/em> prendere posizione sull'attuale attivit\u00e0 parlamentare relativa al Codice del lavoro e sostenere questa proposta nelle ulteriori consultazioni politiche nell'interesse dei propri iscritti.<\/p>\n<p><em>Ulteriori informazioni: <a href=\"http:\/\/www.kfmv.ch\">www.kfmv.ch<\/a>, <a href=\"http:\/\/www.sko.ch\">www.sko.ch<\/a><\/em><\/p>","protected":false},"excerpt":{"rendered":"<p>In der Sicht vieler\u00a0Arbeitgeber ist das gegenw\u00e4rtige Arbeitsgesetz schon lange reformbed\u00fcrftig. Diverse politische Vorst\u00f6sse f\u00fcr eine flexiblere Handhabung von Arbeitszeiten sind in der Pipeline. Auf der anderen Seite haben diverse Gewerkschaften schon jetzt Widerstand angek\u00fcndigt. Doch nicht alle Arbeitnehmervertreter sind partout gegen eine Reform des Arbeitsgesetzes. Das Arbeitsgesetz m\u00fcsse der Realit\u00e4t der Arbeitswelt angepasst werden, [&hellip;]<\/p>\n","protected":false},"author":4,"featured_media":2363,"comment_status":"open","ping_status":"open","sticky":false,"template":"","format":"standard","meta":{"_acf_changed":false,"_yoast_wpseo_focuskw":"Arbeitnehmerverb\u00e4nde","_yoast_wpseo_metadesc":"Verschiedene Arbeitnehmerverb\u00e4nde fordern die Modernisierung des Arbeitsgesetzes f\u00fcr Arbeitnehmende mit hoher Arbeitszeitautonomie.","articlekey":"","footnotes":""},"categories":[24],"tags":[51,202,254,531],"class_list":["post-2362","post","type-post","status-publish","format-standard","has-post-thumbnail","hentry","category-finanzen_recht","tag-arbeitsplatzgestaltung","tag-finanzenrecht","tag-hrm","tag-wirtschaftspolitik"],"acf":[],"yoast_head":"<!-- This site is optimized with the Yoast SEO plugin v27.5 - https:\/\/yoast.com\/product\/yoast-seo-wordpress\/ -->\n<title>Auch Arbeitnehmerverb\u00e4nde fordern flexibleres Arbeitsgesetz - Organisator<\/title>\n<meta name=\"description\" content=\"Verschiedene Arbeitnehmerverb\u00e4nde fordern die Modernisierung des Arbeitsgesetzes f\u00fcr Arbeitnehmende mit hoher Arbeitszeitautonomie.\" \/>\n<meta name=\"robots\" content=\"index, follow, max-snippet:-1, max-image-preview:large, max-video-preview:-1\" \/>\n<link rel=\"canonical\" href=\"https:\/\/www.organisator.ch\/it\/gestione-2\/finanzen_recht\/2017-08-28\/auch-arbeitnehmerverbaende-fordern-flexibleres-arbeitsgesetz\/\" \/>\n<meta property=\"og:locale\" content=\"it_IT\" \/>\n<meta property=\"og:type\" content=\"article\" \/>\n<meta property=\"og:title\" content=\"Auch Arbeitnehmerverb\u00e4nde fordern flexibleres Arbeitsgesetz\" \/>\n<meta property=\"og:description\" content=\"Die #Arbeitnehmerverb\u00e4nde Angestellte Schweiz, Kaufm\u00e4nnischer Verband, Schweizer Kader Organisation #SKO und der Z\u00fcrcher Gesellschaft f\u00fcr Personal-Management (ZGP) fordert die Modernisierung des Arbeitsgesetzes f\u00fcr #Arbeitnehmende mit hoher Arbeitszeitautonomie.\" \/>\n<meta property=\"og:url\" content=\"https:\/\/www.organisator.ch\/it\/gestione-2\/finanzen_recht\/2017-08-28\/auch-arbeitnehmerverbaende-fordern-flexibleres-arbeitsgesetz\/\" \/>\n<meta property=\"og:site_name\" content=\"Organisator\" \/>\n<meta property=\"article:publisher\" content=\"https:\/\/www.facebook.com\/OrganisatorFachmagazin\" \/>\n<meta property=\"article:published_time\" content=\"2017-08-28T12:25:50+00:00\" \/>\n<meta property=\"og:image\" content=\"https:\/\/www.organisator.ch\/wp-content\/uploads\/2017\/08\/Auch-Arbeitnehmerverbaende-fordern-flexibleres-Arbeitsgesetz_Organisator.jpg\" \/>\n\t<meta property=\"og:image:width\" content=\"640\" \/>\n\t<meta property=\"og:image:height\" content=\"480\" \/>\n\t<meta property=\"og:image:type\" content=\"image\/jpeg\" \/>\n<meta name=\"author\" content=\"thomas.berner\" \/>\n<meta name=\"twitter:card\" content=\"summary_large_image\" \/>\n<meta name=\"twitter:title\" content=\"Auch #Arbeitnehmerverb\u00e4nde fordern flexibleres #Arbeitsgesetz\" \/>\n<meta name=\"twitter:description\" content=\"Die #Arbeitnehmerverb\u00e4nde Angestellte Schweiz, Kaufm\u00e4nnischer Verband, Schweizer Kader Organisation #SKO und der Z\u00fcrcher Gesellschaft f\u00fcr Personal-Management (ZGP) fordert die Modernisierung des Arbeitsgesetzes f\u00fcr #Arbeitnehmende mit hoher Arbeitszeitautonomie.\" \/>\n<script type=\"application\/ld+json\" class=\"yoast-schema-graph\">{\"@context\":\"https:\\\/\\\/schema.org\",\"@graph\":[{\"@type\":\"Article\",\"@id\":\"https:\\\/\\\/www.organisator.ch\\\/management\\\/finanzen_recht\\\/2017-08-28\\\/auch-arbeitnehmerverbaende-fordern-flexibleres-arbeitsgesetz\\\/#article\",\"isPartOf\":{\"@id\":\"https:\\\/\\\/www.organisator.ch\\\/management\\\/finanzen_recht\\\/2017-08-28\\\/auch-arbeitnehmerverbaende-fordern-flexibleres-arbeitsgesetz\\\/\"},\"author\":{\"name\":\"thomas.berner\",\"@id\":\"https:\\\/\\\/www.organisator.ch\\\/#\\\/schema\\\/person\\\/6f650f90b2842cd4c0cc334b4e36f67e\"},\"headline\":\"Auch Arbeitnehmerverb\u00e4nde fordern flexibleres Arbeitsgesetz\",\"datePublished\":\"2017-08-28T12:25:50+00:00\",\"mainEntityOfPage\":{\"@id\":\"https:\\\/\\\/www.organisator.ch\\\/management\\\/finanzen_recht\\\/2017-08-28\\\/auch-arbeitnehmerverbaende-fordern-flexibleres-arbeitsgesetz\\\/\"},\"wordCount\":495,\"commentCount\":0,\"publisher\":{\"@id\":\"https:\\\/\\\/www.organisator.ch\\\/#organization\"},\"image\":{\"@id\":\"https:\\\/\\\/www.organisator.ch\\\/management\\\/finanzen_recht\\\/2017-08-28\\\/auch-arbeitnehmerverbaende-fordern-flexibleres-arbeitsgesetz\\\/#primaryimage\"},\"thumbnailUrl\":\"https:\\\/\\\/www.organisator.ch\\\/wp-content\\\/uploads\\\/2017\\\/08\\\/Auch-Arbeitnehmerverbaende-fordern-flexibleres-Arbeitsgesetz_Organisator.jpg\",\"keywords\":[\"Arbeitsplatzgestaltung\",\"Finanzen\\\/Recht\",\"HRM\",\"Wirtschaftspolitik\"],\"articleSection\":[\"FINANZEN\\\/RECHT\"],\"inLanguage\":\"it-IT\"},{\"@type\":\"WebPage\",\"@id\":\"https:\\\/\\\/www.organisator.ch\\\/management\\\/finanzen_recht\\\/2017-08-28\\\/auch-arbeitnehmerverbaende-fordern-flexibleres-arbeitsgesetz\\\/\",\"url\":\"https:\\\/\\\/www.organisator.ch\\\/management\\\/finanzen_recht\\\/2017-08-28\\\/auch-arbeitnehmerverbaende-fordern-flexibleres-arbeitsgesetz\\\/\",\"name\":\"Auch Arbeitnehmerverb\u00e4nde fordern flexibleres Arbeitsgesetz - Organisator\",\"isPartOf\":{\"@id\":\"https:\\\/\\\/www.organisator.ch\\\/#website\"},\"primaryImageOfPage\":{\"@id\":\"https:\\\/\\\/www.organisator.ch\\\/management\\\/finanzen_recht\\\/2017-08-28\\\/auch-arbeitnehmerverbaende-fordern-flexibleres-arbeitsgesetz\\\/#primaryimage\"},\"image\":{\"@id\":\"https:\\\/\\\/www.organisator.ch\\\/management\\\/finanzen_recht\\\/2017-08-28\\\/auch-arbeitnehmerverbaende-fordern-flexibleres-arbeitsgesetz\\\/#primaryimage\"},\"thumbnailUrl\":\"https:\\\/\\\/www.organisator.ch\\\/wp-content\\\/uploads\\\/2017\\\/08\\\/Auch-Arbeitnehmerverbaende-fordern-flexibleres-Arbeitsgesetz_Organisator.jpg\",\"datePublished\":\"2017-08-28T12:25:50+00:00\",\"description\":\"Verschiedene Arbeitnehmerverb\u00e4nde fordern die Modernisierung des Arbeitsgesetzes f\u00fcr Arbeitnehmende mit hoher Arbeitszeitautonomie.\",\"breadcrumb\":{\"@id\":\"https:\\\/\\\/www.organisator.ch\\\/management\\\/finanzen_recht\\\/2017-08-28\\\/auch-arbeitnehmerverbaende-fordern-flexibleres-arbeitsgesetz\\\/#breadcrumb\"},\"inLanguage\":\"it-IT\",\"potentialAction\":[{\"@type\":\"ReadAction\",\"target\":[\"https:\\\/\\\/www.organisator.ch\\\/management\\\/finanzen_recht\\\/2017-08-28\\\/auch-arbeitnehmerverbaende-fordern-flexibleres-arbeitsgesetz\\\/\"]}]},{\"@type\":\"ImageObject\",\"inLanguage\":\"it-IT\",\"@id\":\"https:\\\/\\\/www.organisator.ch\\\/management\\\/finanzen_recht\\\/2017-08-28\\\/auch-arbeitnehmerverbaende-fordern-flexibleres-arbeitsgesetz\\\/#primaryimage\",\"url\":\"https:\\\/\\\/www.organisator.ch\\\/wp-content\\\/uploads\\\/2017\\\/08\\\/Auch-Arbeitnehmerverbaende-fordern-flexibleres-Arbeitsgesetz_Organisator.jpg\",\"contentUrl\":\"https:\\\/\\\/www.organisator.ch\\\/wp-content\\\/uploads\\\/2017\\\/08\\\/Auch-Arbeitnehmerverbaende-fordern-flexibleres-Arbeitsgesetz_Organisator.jpg\",\"width\":640,\"height\":480,\"caption\":\"Flexiblere Arbeitszeiten sind nur eine von vielen Anforderungen von Arbeitnehmerverb\u00e4nden an ein neues Arbeitsgesetz. (Bild: Gerd Altmann - pixelio.de)\"},{\"@type\":\"BreadcrumbList\",\"@id\":\"https:\\\/\\\/www.organisator.ch\\\/management\\\/finanzen_recht\\\/2017-08-28\\\/auch-arbeitnehmerverbaende-fordern-flexibleres-arbeitsgesetz\\\/#breadcrumb\",\"itemListElement\":[{\"@type\":\"ListItem\",\"position\":1,\"name\":\"Home\",\"item\":\"https:\\\/\\\/www.organisator.ch\\\/\"},{\"@type\":\"ListItem\",\"position\":2,\"name\":\"Auch Arbeitnehmerverb\u00e4nde fordern flexibleres Arbeitsgesetz\"}]},{\"@type\":\"WebSite\",\"@id\":\"https:\\\/\\\/www.organisator.ch\\\/#website\",\"url\":\"https:\\\/\\\/www.organisator.ch\\\/\",\"name\":\"Organisator\",\"description\":\"Kompetent. Praxisnah. Der ORGANISATOR bereitet in 10 Ausgaben pro Jahr die wesentlichen Themen f\u00fcr F\u00fchrungskr\u00e4fte von KMU auf.\",\"publisher\":{\"@id\":\"https:\\\/\\\/www.organisator.ch\\\/#organization\"},\"potentialAction\":[{\"@type\":\"SearchAction\",\"target\":{\"@type\":\"EntryPoint\",\"urlTemplate\":\"https:\\\/\\\/www.organisator.ch\\\/?s={search_term_string}\"},\"query-input\":{\"@type\":\"PropertyValueSpecification\",\"valueRequired\":true,\"valueName\":\"search_term_string\"}}],\"inLanguage\":\"it-IT\"},{\"@type\":\"Organization\",\"@id\":\"https:\\\/\\\/www.organisator.ch\\\/#organization\",\"name\":\"Organisator\",\"url\":\"https:\\\/\\\/www.organisator.ch\\\/\",\"logo\":{\"@type\":\"ImageObject\",\"inLanguage\":\"it-IT\",\"@id\":\"https:\\\/\\\/www.organisator.ch\\\/#\\\/schema\\\/logo\\\/image\\\/\",\"url\":\"https:\\\/\\\/www.organisator.ch\\\/wp-content\\\/uploads\\\/2022\\\/01\\\/Logo_Organisator_Website.png\",\"contentUrl\":\"https:\\\/\\\/www.organisator.ch\\\/wp-content\\\/uploads\\\/2022\\\/01\\\/Logo_Organisator_Website.png\",\"width\":800,\"height\":77,\"caption\":\"Organisator\"},\"image\":{\"@id\":\"https:\\\/\\\/www.organisator.ch\\\/#\\\/schema\\\/logo\\\/image\\\/\"},\"sameAs\":[\"https:\\\/\\\/www.facebook.com\\\/OrganisatorFachmagazin\",\"https:\\\/\\\/www.linkedin.com\\\/showcase\\\/organisator-das-magazin-fr-kmu\",\"https:\\\/\\\/www.xing.com\\\/news\\\/pages\\\/organisator-ch-695\",\"https:\\\/\\\/www.youtube.com\\\/channel\\\/UCGP2Sq0iWaZwT3BdIAQFYpw\"]},{\"@type\":\"Person\",\"@id\":\"https:\\\/\\\/www.organisator.ch\\\/#\\\/schema\\\/person\\\/6f650f90b2842cd4c0cc334b4e36f67e\",\"name\":\"thomas.berner\",\"image\":{\"@type\":\"ImageObject\",\"inLanguage\":\"it-IT\",\"@id\":\"https:\\\/\\\/secure.gravatar.com\\\/avatar\\\/ac5001d2a36cb6c6cd3e50789007ffca834b477b74a2144564522e944eabff61?s=96&d=mm&r=g\",\"url\":\"https:\\\/\\\/secure.gravatar.com\\\/avatar\\\/ac5001d2a36cb6c6cd3e50789007ffca834b477b74a2144564522e944eabff61?s=96&d=mm&r=g\",\"contentUrl\":\"https:\\\/\\\/secure.gravatar.com\\\/avatar\\\/ac5001d2a36cb6c6cd3e50789007ffca834b477b74a2144564522e944eabff61?s=96&d=mm&r=g\",\"caption\":\"thomas.berner\"},\"url\":\"https:\\\/\\\/www.organisator.ch\\\/it\\\/author\\\/thomas-berner\\\/\"}]}<\/script>\n<!-- \/ Yoast SEO plugin. -->","yoast_head_json":{"title":"Anche le associazioni dei lavoratori chiedono un diritto del lavoro pi\u00f9 flessibile - Organiser","description":"Diverse associazioni di lavoratori chiedono la modernizzazione del Codice del Lavoro per i lavoratori con un alto grado di autonomia dell'orario di lavoro.","robots":{"index":"index","follow":"follow","max-snippet":"max-snippet:-1","max-image-preview":"max-image-preview:large","max-video-preview":"max-video-preview:-1"},"canonical":"https:\/\/www.organisator.ch\/it\/gestione-2\/finanzen_recht\/2017-08-28\/auch-arbeitnehmerverbaende-fordern-flexibleres-arbeitsgesetz\/","og_locale":"it_IT","og_type":"article","og_title":"Auch Arbeitnehmerverb\u00e4nde fordern flexibleres Arbeitsgesetz","og_description":"Die #Arbeitnehmerverb\u00e4nde Angestellte Schweiz, Kaufm\u00e4nnischer Verband, Schweizer Kader Organisation #SKO und der Z\u00fcrcher Gesellschaft f\u00fcr Personal-Management (ZGP) fordert die Modernisierung des Arbeitsgesetzes f\u00fcr #Arbeitnehmende mit hoher Arbeitszeitautonomie.","og_url":"https:\/\/www.organisator.ch\/it\/gestione-2\/finanzen_recht\/2017-08-28\/auch-arbeitnehmerverbaende-fordern-flexibleres-arbeitsgesetz\/","og_site_name":"Organisator","article_publisher":"https:\/\/www.facebook.com\/OrganisatorFachmagazin","article_published_time":"2017-08-28T12:25:50+00:00","og_image":[{"width":640,"height":480,"url":"https:\/\/www.organisator.ch\/wp-content\/uploads\/2017\/08\/Auch-Arbeitnehmerverbaende-fordern-flexibleres-Arbeitsgesetz_Organisator.jpg","type":"image\/jpeg"}],"author":"thomas.berner","twitter_card":"summary_large_image","twitter_title":"Auch #Arbeitnehmerverb\u00e4nde fordern flexibleres #Arbeitsgesetz","twitter_description":"Die #Arbeitnehmerverb\u00e4nde Angestellte Schweiz, Kaufm\u00e4nnischer Verband, Schweizer Kader Organisation #SKO und der Z\u00fcrcher Gesellschaft f\u00fcr Personal-Management (ZGP) fordert die Modernisierung des Arbeitsgesetzes f\u00fcr #Arbeitnehmende mit hoher Arbeitszeitautonomie.","schema":{"@context":"https:\/\/schema.org","@graph":[{"@type":"Article","@id":"https:\/\/www.organisator.ch\/management\/finanzen_recht\/2017-08-28\/auch-arbeitnehmerverbaende-fordern-flexibleres-arbeitsgesetz\/#article","isPartOf":{"@id":"https:\/\/www.organisator.ch\/management\/finanzen_recht\/2017-08-28\/auch-arbeitnehmerverbaende-fordern-flexibleres-arbeitsgesetz\/"},"author":{"name":"thomas.berner","@id":"https:\/\/www.organisator.ch\/#\/schema\/person\/6f650f90b2842cd4c0cc334b4e36f67e"},"headline":"Auch Arbeitnehmerverb\u00e4nde fordern flexibleres Arbeitsgesetz","datePublished":"2017-08-28T12:25:50+00:00","mainEntityOfPage":{"@id":"https:\/\/www.organisator.ch\/management\/finanzen_recht\/2017-08-28\/auch-arbeitnehmerverbaende-fordern-flexibleres-arbeitsgesetz\/"},"wordCount":495,"commentCount":0,"publisher":{"@id":"https:\/\/www.organisator.ch\/#organization"},"image":{"@id":"https:\/\/www.organisator.ch\/management\/finanzen_recht\/2017-08-28\/auch-arbeitnehmerverbaende-fordern-flexibleres-arbeitsgesetz\/#primaryimage"},"thumbnailUrl":"https:\/\/www.organisator.ch\/wp-content\/uploads\/2017\/08\/Auch-Arbeitnehmerverbaende-fordern-flexibleres-Arbeitsgesetz_Organisator.jpg","keywords":["Arbeitsplatzgestaltung","Finanzen\/Recht","HRM","Wirtschaftspolitik"],"articleSection":["FINANZEN\/RECHT"],"inLanguage":"it-IT"},{"@type":"WebPage","@id":"https:\/\/www.organisator.ch\/management\/finanzen_recht\/2017-08-28\/auch-arbeitnehmerverbaende-fordern-flexibleres-arbeitsgesetz\/","url":"https:\/\/www.organisator.ch\/management\/finanzen_recht\/2017-08-28\/auch-arbeitnehmerverbaende-fordern-flexibleres-arbeitsgesetz\/","name":"Anche le associazioni dei lavoratori chiedono un diritto del lavoro pi\u00f9 flessibile - Organiser","isPartOf":{"@id":"https:\/\/www.organisator.ch\/#website"},"primaryImageOfPage":{"@id":"https:\/\/www.organisator.ch\/management\/finanzen_recht\/2017-08-28\/auch-arbeitnehmerverbaende-fordern-flexibleres-arbeitsgesetz\/#primaryimage"},"image":{"@id":"https:\/\/www.organisator.ch\/management\/finanzen_recht\/2017-08-28\/auch-arbeitnehmerverbaende-fordern-flexibleres-arbeitsgesetz\/#primaryimage"},"thumbnailUrl":"https:\/\/www.organisator.ch\/wp-content\/uploads\/2017\/08\/Auch-Arbeitnehmerverbaende-fordern-flexibleres-Arbeitsgesetz_Organisator.jpg","datePublished":"2017-08-28T12:25:50+00:00","description":"Diverse associazioni di lavoratori chiedono la modernizzazione del Codice del Lavoro per i lavoratori con un alto grado di autonomia dell'orario di lavoro.","breadcrumb":{"@id":"https:\/\/www.organisator.ch\/management\/finanzen_recht\/2017-08-28\/auch-arbeitnehmerverbaende-fordern-flexibleres-arbeitsgesetz\/#breadcrumb"},"inLanguage":"it-IT","potentialAction":[{"@type":"ReadAction","target":["https:\/\/www.organisator.ch\/management\/finanzen_recht\/2017-08-28\/auch-arbeitnehmerverbaende-fordern-flexibleres-arbeitsgesetz\/"]}]},{"@type":"ImageObject","inLanguage":"it-IT","@id":"https:\/\/www.organisator.ch\/management\/finanzen_recht\/2017-08-28\/auch-arbeitnehmerverbaende-fordern-flexibleres-arbeitsgesetz\/#primaryimage","url":"https:\/\/www.organisator.ch\/wp-content\/uploads\/2017\/08\/Auch-Arbeitnehmerverbaende-fordern-flexibleres-Arbeitsgesetz_Organisator.jpg","contentUrl":"https:\/\/www.organisator.ch\/wp-content\/uploads\/2017\/08\/Auch-Arbeitnehmerverbaende-fordern-flexibleres-Arbeitsgesetz_Organisator.jpg","width":640,"height":480,"caption":"Flexiblere Arbeitszeiten sind nur eine von vielen Anforderungen von Arbeitnehmerverb\u00e4nden an ein neues Arbeitsgesetz. (Bild: Gerd Altmann - pixelio.de)"},{"@type":"BreadcrumbList","@id":"https:\/\/www.organisator.ch\/management\/finanzen_recht\/2017-08-28\/auch-arbeitnehmerverbaende-fordern-flexibleres-arbeitsgesetz\/#breadcrumb","itemListElement":[{"@type":"ListItem","position":1,"name":"Home","item":"https:\/\/www.organisator.ch\/"},{"@type":"ListItem","position":2,"name":"Auch Arbeitnehmerverb\u00e4nde fordern flexibleres Arbeitsgesetz"}]},{"@type":"WebSite","@id":"https:\/\/www.organisator.ch\/#website","url":"https:\/\/www.organisator.ch\/","name":"Organizzatore","description":"Competente. Pratico. In 10 numeri all'anno, ORGANISATOR presenta i temi essenziali per i manager delle PMI.","publisher":{"@id":"https:\/\/www.organisator.ch\/#organization"},"potentialAction":[{"@type":"SearchAction","target":{"@type":"EntryPoint","urlTemplate":"https:\/\/www.organisator.ch\/?s={search_term_string}"},"query-input":{"@type":"PropertyValueSpecification","valueRequired":true,"valueName":"search_term_string"}}],"inLanguage":"it-IT"},{"@type":"Organization","@id":"https:\/\/www.organisator.ch\/#organization","name":"Organizzatore","url":"https:\/\/www.organisator.ch\/","logo":{"@type":"ImageObject","inLanguage":"it-IT","@id":"https:\/\/www.organisator.ch\/#\/schema\/logo\/image\/","url":"https:\/\/www.organisator.ch\/wp-content\/uploads\/2022\/01\/Logo_Organisator_Website.png","contentUrl":"https:\/\/www.organisator.ch\/wp-content\/uploads\/2022\/01\/Logo_Organisator_Website.png","width":800,"height":77,"caption":"Organisator"},"image":{"@id":"https:\/\/www.organisator.ch\/#\/schema\/logo\/image\/"},"sameAs":["https:\/\/www.facebook.com\/OrganisatorFachmagazin","https:\/\/www.linkedin.com\/showcase\/organisator-das-magazin-fr-kmu","https:\/\/www.xing.com\/news\/pages\/organisator-ch-695","https:\/\/www.youtube.com\/channel\/UCGP2Sq0iWaZwT3BdIAQFYpw"]},{"@type":"Person","@id":"https:\/\/www.organisator.ch\/#\/schema\/person\/6f650f90b2842cd4c0cc334b4e36f67e","name":"Tommaso.berner","image":{"@type":"ImageObject","inLanguage":"it-IT","@id":"https:\/\/secure.gravatar.com\/avatar\/ac5001d2a36cb6c6cd3e50789007ffca834b477b74a2144564522e944eabff61?s=96&d=mm&r=g","url":"https:\/\/secure.gravatar.com\/avatar\/ac5001d2a36cb6c6cd3e50789007ffca834b477b74a2144564522e944eabff61?s=96&d=mm&r=g","contentUrl":"https:\/\/secure.gravatar.com\/avatar\/ac5001d2a36cb6c6cd3e50789007ffca834b477b74a2144564522e944eabff61?s=96&d=mm&r=g","caption":"thomas.berner"},"url":"https:\/\/www.organisator.ch\/it\/author\/thomas-berner\/"}]}},"_links":{"self":[{"href":"https:\/\/www.organisator.ch\/it\/wp-json\/wp\/v2\/posts\/2362","targetHints":{"allow":["GET"]}}],"collection":[{"href":"https:\/\/www.organisator.ch\/it\/wp-json\/wp\/v2\/posts"}],"about":[{"href":"https:\/\/www.organisator.ch\/it\/wp-json\/wp\/v2\/types\/post"}],"author":[{"embeddable":true,"href":"https:\/\/www.organisator.ch\/it\/wp-json\/wp\/v2\/users\/4"}],"replies":[{"embeddable":true,"href":"https:\/\/www.organisator.ch\/it\/wp-json\/wp\/v2\/comments?post=2362"}],"version-history":[{"count":0,"href":"https:\/\/www.organisator.ch\/it\/wp-json\/wp\/v2\/posts\/2362\/revisions"}],"wp:featuredmedia":[{"embeddable":true,"href":"https:\/\/www.organisator.ch\/it\/wp-json\/wp\/v2\/media\/2363"}],"wp:attachment":[{"href":"https:\/\/www.organisator.ch\/it\/wp-json\/wp\/v2\/media?parent=2362"}],"wp:term":[{"taxonomy":"category","embeddable":true,"href":"https:\/\/www.organisator.ch\/it\/wp-json\/wp\/v2\/categories?post=2362"},{"taxonomy":"post_tag","embeddable":true,"href":"https:\/\/www.organisator.ch\/it\/wp-json\/wp\/v2\/tags?post=2362"}],"curies":[{"name":"wp","href":"https:\/\/api.w.org\/{rel}","templated":true}]}}