{"id":2369,"date":"2019-08-12T11:31:33","date_gmt":"2019-08-12T09:31:33","guid":{"rendered":"https:\/\/www.umweltperspektiven.ch\/?p=2369"},"modified":"2019-08-12T11:31:33","modified_gmt":"2019-08-12T09:31:33","slug":"scientifica-wenn-wissenschaftliche-fakten-auf-science-fiction-treffen","status":"publish","type":"post","link":"https:\/\/www.organisator.ch\/it\/allgemein\/2019-08-12\/scientifica-wenn-wissenschaftliche-fakten-auf-science-fiction-treffen\/","title":{"rendered":"\"Scientifica\": quando i fatti scientifici incontrano la fantascienza"},"content":{"rendered":"<figure id=\"attachment_2370\" aria-describedby=\"caption-attachment-2370\" style=\"width: 440px\" class=\"wp-caption alignnone\"><img loading=\"lazy\" decoding=\"async\" class=\"size-full wp-image-2370\" src=\"\/\/www.umweltperspektiven.ch\/wp-content\/uploads\/2019\/08\/kosmos.jpg\" alt=\"\" width=\"440\" height=\"280\" srcset=\"https:\/\/www.organisator.ch\/wp-content\/uploads\/2019\/08\/kosmos.jpg 440w, https:\/\/www.organisator.ch\/wp-content\/uploads\/2019\/08\/kosmos-18x12.jpg 18w, https:\/\/www.organisator.ch\/wp-content\/uploads\/2019\/08\/kosmos-275x175.jpg 275w, https:\/\/www.organisator.ch\/wp-content\/uploads\/2019\/08\/kosmos-300x191.jpg 300w\" sizes=\"auto, (max-width: 440px) 100vw, 440px\" \/><figcaption id=\"caption-attachment-2370\" class=\"wp-caption-text\">Fantascienza classica o storia della scienza? Durante le Giornate scientifiche di Zurigo \"Scientifica\", anche i non addetti ai lavori possono approfondire i temi della ricerca contemporanea dopo emozionanti proiezioni di film. (Immagine: zVg)<\/figcaption><\/figure>\n<p>Durante le Giornate della Scienza dell'Universit\u00e0 di Zurigo e del Politecnico di Zurigo, tutto ruota intorno a \"Scientifica\", alla fantascienza e alle ultime tendenze scientifiche. A tal fine, l'Universit\u00e0 di Zurigo e il Politecnico di Zurigo proietteranno anche alcuni classici della fantascienza al cinema Kosmos.<\/p>\n<p>I ricercatori di entrambe le istituzioni desiderano fornire una prospettiva scientifica su argomenti come l'intelligenza artificiale, la vita extraterrestre o i viaggi nel tempo e rispondere alle voci del pubblico dopo le proiezioni dei film.<\/p>\n<p><strong>Fantascienza o scienza?<\/strong><\/p>\n<p>Ad esempio, il film \"Imitation Game\" di Morten Tyldum (2014, E\/d) viene proiettato alla fine del \"film\".<span class=\"lead\">Scientifica\". In realt\u00e0, non si tratta di un k<\/span>Il comunicato stampa dello spettacolo scientifico afferma che si tratta di \"una storia romanzata della scienza\". Imitation Game\" \u00e8 incentrato sul drammatico sviluppo della prima macchina intelligente da parte di Alan Turing. Nel 1953, Turing svilupp\u00f2 uno dei primi sistemi di <a title=\"Programma di scacchi\" href=\"\/\/de.wikipedia.org\/wiki\/Schachprogramm\">Programmi di scacchi<\/a>i cui calcoli ha dovuto fare per mancanza di <a title=\"Hardware\" href=\"\/\/de.wikipedia.org\/wiki\/Hardware\">Hardware<\/a> stesso. A lui sono intitolate le <a title=\"Premio Turing\" href=\"\/\/de.wikipedia.org\/wiki\/Turing_Award\">Premio Turing<\/a>, il pi\u00f9 importante premio nel campo dell'informatica, e il <a title=\"Test di Turing\" href=\"\/\/de.wikipedia.org\/wiki\/Turing-Test\">Test di Turing<\/a> per verificare la presenza di <a title=\"Intelligenza artificiale\" href=\"\/\/de.wikipedia.org\/wiki\/K%C3%BCnstliche_Intelligenz\">intelligenza artificiale<\/a> (Fonte: Wikipedia). La vita stessa di Turing fu determinata da una rigida professione medica britannica.<\/p>\n<p>Il test di Turing \u00e8 ancora utile oggi per distinguere tra intelligenza artificiale e naturale? Dopo il toccante film su Turing, il dottor Markus Kneer, filosofo (borsista del FNS Ambizione, Centro di Etica e Iniziativa per la Societ\u00e0 Digitale) dell'UZH offre spunti molto interessanti sulla scienza attuale, ad esempio il 28 agosto 2019.<\/p>\n<p><strong>Altri film come \"riscaldamento fantascientifico per la scienza\".<\/strong><\/p>\n<p><b>Gio. 22.8: Black Panther<\/b> di Ryan Coogler, 2017. Discussione con l'economista dello sviluppo Adina Rom, l'esperta di Africa Mary Uyoga e gli scienziati dei materiali Firehiwot Nesro Kedir e Gnanli Landrou, ETH.<br \/>\n<b>Ven 23 agosto: Brasile<\/b> di Terry Gilliam, 1985. Esperto: scienziato della comunicazione Dr. Moritz B\u00fcchi, UZH.<br \/>\n<b>Sab. 24 agosto: The Martian<\/b> di Ridley Scott, 2015. Esperto: scienziata ambientale Grace Crain, ETH.<br \/>\n<b>Dom. 25.8: Alieno<\/b> di Ridley Scott, 1979. Esperto: astrofisico Prof. Ben Moore, UZH.<br \/>\n<b>Lun. 26 agosto: Blade Runner - Il taglio finale<\/b> di Ridley Scott, 2007. Esperto: Neuropsicologo Prof. Lutz J\u00e4ncke, UZH.<br \/>\n<b>Mar 27 agosto: Ritorno al futuro<\/b> di Robert Zemekis, 1985. Esperto: filosofo Prof. Norman Sieroka, ETH.<\/p>\n<p><a href=\"\/\/www.scientifica.ch\/events\/warm-up-im-kosmos\/the-imitation-game\/\"><strong>Mer 28.8 Imitation Game <\/strong>diMorten Tyldum, 2014, E\/d: Esperto Dr Markus Kneer, Filosofo, Borsista SNSF Ambizione, Centro Etico e Iniziativa Societ\u00e0 Digitale, UZH<\/a><\/p>\n<p>Le Giornate della Scienza di Zurigo <a href=\"\/\/newsletter.uzh.ch\/goto.php?l=5c2w6z.695kot,u=4372f9d6e156655bda9a3115eacf4a54,n=20v0v.12fcjnc,art_id=20v0w.hj1mm5\" rel=\"id_5d5123c052c98\">\"Scientifica\"<\/a> si svolger\u00e0 dal 30 agosto al 1\u00b0 settembre sui terreni dell'UZH e dell'ETH.<\/p>\n<p><em>In collaborazione con le Giornate della Scienza di Zurigo <a href=\"\/\/www.scientifica.ch\" target=\"_blank\" rel=\"noopener\">Scientifica<\/a> (dal 30 agosto al 1\u00b0 settembre), una selezione di classici della fantascienza sar\u00e0 proiettata dal 22 al 28 agosto. In concomitanza con i film, i ricercatori dell'ETH e dell'Universit\u00e0 di Zurigo analizzeranno scientificamente temi come i viaggi nel tempo, l'intelligenza artificiale o la vita extraterrestre e risponderanno alle domande del pubblico.<\/em><\/p>\n<p><a href=\"\/\/www.kosmos.ch\">www.kosmos.ch<\/a><\/p>\n<p>&nbsp;<\/p>\n<p>&nbsp;<\/p>\n<p>&nbsp;<\/p>\n<p>&nbsp;<\/p>","protected":false},"excerpt":{"rendered":"<p>W\u00e4hrend der Wissenschafttagen der Universit\u00e4t Z\u00fcrich und die ETH Z\u00fcrich dreht sich alles um &#8222;Scientifica&#8220;, um Science-Fiction und um neuste wissenschaftliche Str\u00f6mungen. Hierzu zeigen die Universit\u00e4t Z\u00fcrich und die ETH Z\u00fcrich auch im Kino Kosmos ausgew\u00e4hlte Science-Fiction-Klassiker. Forschende beider Institutionen m\u00f6chten dabei einen wissenschaftlichen Blick auf Themen wie k\u00fcnstliche Intelligenz, ausserirdisches Leben oder Zeitreisen geben [&hellip;]<\/p>\n","protected":false},"author":5,"featured_media":2370,"comment_status":"open","ping_status":"open","sticky":false,"template":"","format":"standard","meta":{"_acf_changed":false,"_yoast_wpseo_focuskw":"Scientifica","_yoast_wpseo_metadesc":"Als Auftakt zu den Z\u00fcrcher Wissenschaftstagen \u00abScientifica\u00bb zum Thema \u00abScience Fiction \u2013 Science Facts\u00bb werden spannende Filme vorgef\u00fchrt und diskutiert.","articlekey":"","footnotes":""},"categories":[1],"tags":[1167,1170,218,1492,319,2096,2338,533],"class_list":["post-2369","post","type-post","status-publish","format-standard","has-post-thumbnail","hentry","category-allgemein","tag-festival","tag-film","tag-forschung","tag-kino","tag-kuenstliche-intelligenz","tag-science-fiction","tag-turing","tag-wissenschaft"],"acf":[],"yoast_head":"<!-- This site is optimized with the Yoast SEO plugin v27.4 - https:\/\/yoast.com\/product\/yoast-seo-wordpress\/ -->\n<title>&quot;Scientifica&quot;: Wenn wissenschaftliche Fakten auf Science Fiction treffen - Organisator<\/title>\n<meta name=\"description\" content=\"Als Auftakt zu den Z\u00fcrcher Wissenschaftstagen \u00abScientifica\u00bb zum Thema \u00abScience Fiction \u2013 Science Facts\u00bb werden spannende Filme vorgef\u00fchrt und diskutiert.\" \/>\n<meta name=\"robots\" content=\"index, follow, max-snippet:-1, max-image-preview:large, max-video-preview:-1\" \/>\n<link rel=\"canonical\" href=\"https:\/\/www.organisator.ch\/it\/generale\/2019-08-12\/scientifica-wenn-wissenschaftliche-fakten-auf-science-fiction-treffen\/\" \/>\n<meta property=\"og:locale\" content=\"it_IT\" \/>\n<meta property=\"og:type\" content=\"article\" \/>\n<meta property=\"og:title\" content=\"&quot;Scientifica&quot;: Wenn wissenschaftliche Fakten auf Science Fiction treffen - Organisator\" \/>\n<meta property=\"og:description\" content=\"Als Auftakt zu den Z\u00fcrcher Wissenschaftstagen \u00abScientifica\u00bb zum Thema \u00abScience Fiction \u2013 Science Facts\u00bb werden spannende Filme vorgef\u00fchrt und diskutiert.\" \/>\n<meta property=\"og:url\" content=\"https:\/\/www.organisator.ch\/it\/generale\/2019-08-12\/scientifica-wenn-wissenschaftliche-fakten-auf-science-fiction-treffen\/\" \/>\n<meta property=\"og:site_name\" content=\"Organisator\" \/>\n<meta property=\"article:publisher\" content=\"https:\/\/www.facebook.com\/OrganisatorFachmagazin\" \/>\n<meta property=\"article:published_time\" content=\"2019-08-12T09:31:33+00:00\" \/>\n<meta property=\"og:image\" content=\"https:\/\/www.organisator.ch\/wp-content\/uploads\/2019\/08\/kosmos.jpg\" \/>\n\t<meta property=\"og:image:width\" content=\"440\" \/>\n\t<meta property=\"og:image:height\" content=\"280\" \/>\n\t<meta property=\"og:image:type\" content=\"image\/jpeg\" \/>\n<meta name=\"author\" content=\"michael.merz\" \/>\n<meta name=\"twitter:card\" content=\"summary_large_image\" \/>\n<script type=\"application\/ld+json\" class=\"yoast-schema-graph\">{\"@context\":\"https:\\\/\\\/schema.org\",\"@graph\":[{\"@type\":\"Article\",\"@id\":\"https:\\\/\\\/www.organisator.ch\\\/fr\\\/general\\\/2019-08-12\\\/scientifica-wenn-wissenschaftliche-fakten-auf-science-fiction-treffen\\\/#article\",\"isPartOf\":{\"@id\":\"https:\\\/\\\/www.organisator.ch\\\/fr\\\/general\\\/2019-08-12\\\/scientifica-wenn-wissenschaftliche-fakten-auf-science-fiction-treffen\\\/\"},\"author\":{\"name\":\"michael.merz\",\"@id\":\"https:\\\/\\\/www.organisator.ch\\\/#\\\/schema\\\/person\\\/134708ca9321c57b0362cceb7948ffbd\"},\"headline\":\"&#8222;Scientifica&#8220;: Wenn wissenschaftliche Fakten auf Science Fiction treffen\",\"datePublished\":\"2019-08-12T09:31:33+00:00\",\"mainEntityOfPage\":{\"@id\":\"https:\\\/\\\/www.organisator.ch\\\/fr\\\/general\\\/2019-08-12\\\/scientifica-wenn-wissenschaftliche-fakten-auf-science-fiction-treffen\\\/\"},\"wordCount\":463,\"commentCount\":0,\"publisher\":{\"@id\":\"https:\\\/\\\/www.organisator.ch\\\/#organization\"},\"image\":{\"@id\":\"https:\\\/\\\/www.organisator.ch\\\/fr\\\/general\\\/2019-08-12\\\/scientifica-wenn-wissenschaftliche-fakten-auf-science-fiction-treffen\\\/#primaryimage\"},\"thumbnailUrl\":\"https:\\\/\\\/www.organisator.ch\\\/wp-content\\\/uploads\\\/2019\\\/08\\\/kosmos.jpg\",\"keywords\":[\"Festival\",\"Film\",\"Forschung\",\"Kino\",\"K\u00fcnstliche Intelligenz\",\"Science Fiction\",\"Turing\",\"Wissenschaft\"],\"articleSection\":[\"Allgemein\"],\"inLanguage\":\"it-IT\"},{\"@type\":\"WebPage\",\"@id\":\"https:\\\/\\\/www.organisator.ch\\\/fr\\\/general\\\/2019-08-12\\\/scientifica-wenn-wissenschaftliche-fakten-auf-science-fiction-treffen\\\/\",\"url\":\"https:\\\/\\\/www.organisator.ch\\\/fr\\\/general\\\/2019-08-12\\\/scientifica-wenn-wissenschaftliche-fakten-auf-science-fiction-treffen\\\/\",\"name\":\"\\\"Scientifica\\\": Wenn wissenschaftliche Fakten auf Science Fiction treffen - Organisator\",\"isPartOf\":{\"@id\":\"https:\\\/\\\/www.organisator.ch\\\/#website\"},\"primaryImageOfPage\":{\"@id\":\"https:\\\/\\\/www.organisator.ch\\\/fr\\\/general\\\/2019-08-12\\\/scientifica-wenn-wissenschaftliche-fakten-auf-science-fiction-treffen\\\/#primaryimage\"},\"image\":{\"@id\":\"https:\\\/\\\/www.organisator.ch\\\/fr\\\/general\\\/2019-08-12\\\/scientifica-wenn-wissenschaftliche-fakten-auf-science-fiction-treffen\\\/#primaryimage\"},\"thumbnailUrl\":\"https:\\\/\\\/www.organisator.ch\\\/wp-content\\\/uploads\\\/2019\\\/08\\\/kosmos.jpg\",\"datePublished\":\"2019-08-12T09:31:33+00:00\",\"description\":\"Als Auftakt zu den Z\u00fcrcher Wissenschaftstagen \u00abScientifica\u00bb zum Thema \u00abScience Fiction \u2013 Science Facts\u00bb werden spannende Filme vorgef\u00fchrt und diskutiert.\",\"breadcrumb\":{\"@id\":\"https:\\\/\\\/www.organisator.ch\\\/fr\\\/general\\\/2019-08-12\\\/scientifica-wenn-wissenschaftliche-fakten-auf-science-fiction-treffen\\\/#breadcrumb\"},\"inLanguage\":\"it-IT\",\"potentialAction\":[{\"@type\":\"ReadAction\",\"target\":[\"https:\\\/\\\/www.organisator.ch\\\/fr\\\/general\\\/2019-08-12\\\/scientifica-wenn-wissenschaftliche-fakten-auf-science-fiction-treffen\\\/\"]}]},{\"@type\":\"ImageObject\",\"inLanguage\":\"it-IT\",\"@id\":\"https:\\\/\\\/www.organisator.ch\\\/fr\\\/general\\\/2019-08-12\\\/scientifica-wenn-wissenschaftliche-fakten-auf-science-fiction-treffen\\\/#primaryimage\",\"url\":\"https:\\\/\\\/www.organisator.ch\\\/wp-content\\\/uploads\\\/2019\\\/08\\\/kosmos.jpg\",\"contentUrl\":\"https:\\\/\\\/www.organisator.ch\\\/wp-content\\\/uploads\\\/2019\\\/08\\\/kosmos.jpg\",\"width\":440,\"height\":280,\"caption\":\"Klassischer Science-Fiction oder Wissenschaftsgeschichte? W\u00e4hrend der Z\u00fcrcher Wissenschaftstage \u00abScientifica\u00bb k\u00f6nnen auch Laien nach spannenden Filmvorf\u00fchrungen zeitgem\u00e4ssen Forschungsthemen nachgehen. (Bild: zVg)\"},{\"@type\":\"BreadcrumbList\",\"@id\":\"https:\\\/\\\/www.organisator.ch\\\/fr\\\/general\\\/2019-08-12\\\/scientifica-wenn-wissenschaftliche-fakten-auf-science-fiction-treffen\\\/#breadcrumb\",\"itemListElement\":[{\"@type\":\"ListItem\",\"position\":1,\"name\":\"Home\",\"item\":\"https:\\\/\\\/www.organisator.ch\\\/\"},{\"@type\":\"ListItem\",\"position\":2,\"name\":\"&#8222;Scientifica&#8220;: Wenn wissenschaftliche Fakten auf Science Fiction treffen\"}]},{\"@type\":\"WebSite\",\"@id\":\"https:\\\/\\\/www.organisator.ch\\\/#website\",\"url\":\"https:\\\/\\\/www.organisator.ch\\\/\",\"name\":\"Organisator\",\"description\":\"Kompetent. Praxisnah. Der ORGANISATOR bereitet in 10 Ausgaben pro Jahr die wesentlichen Themen f\u00fcr F\u00fchrungskr\u00e4fte von KMU auf.\",\"publisher\":{\"@id\":\"https:\\\/\\\/www.organisator.ch\\\/#organization\"},\"potentialAction\":[{\"@type\":\"SearchAction\",\"target\":{\"@type\":\"EntryPoint\",\"urlTemplate\":\"https:\\\/\\\/www.organisator.ch\\\/?s={search_term_string}\"},\"query-input\":{\"@type\":\"PropertyValueSpecification\",\"valueRequired\":true,\"valueName\":\"search_term_string\"}}],\"inLanguage\":\"it-IT\"},{\"@type\":\"Organization\",\"@id\":\"https:\\\/\\\/www.organisator.ch\\\/#organization\",\"name\":\"Organisator\",\"url\":\"https:\\\/\\\/www.organisator.ch\\\/\",\"logo\":{\"@type\":\"ImageObject\",\"inLanguage\":\"it-IT\",\"@id\":\"https:\\\/\\\/www.organisator.ch\\\/#\\\/schema\\\/logo\\\/image\\\/\",\"url\":\"https:\\\/\\\/www.organisator.ch\\\/wp-content\\\/uploads\\\/2022\\\/01\\\/Logo_Organisator_Website.png\",\"contentUrl\":\"https:\\\/\\\/www.organisator.ch\\\/wp-content\\\/uploads\\\/2022\\\/01\\\/Logo_Organisator_Website.png\",\"width\":800,\"height\":77,\"caption\":\"Organisator\"},\"image\":{\"@id\":\"https:\\\/\\\/www.organisator.ch\\\/#\\\/schema\\\/logo\\\/image\\\/\"},\"sameAs\":[\"https:\\\/\\\/www.facebook.com\\\/OrganisatorFachmagazin\",\"https:\\\/\\\/www.linkedin.com\\\/showcase\\\/organisator-das-magazin-fr-kmu\",\"https:\\\/\\\/www.xing.com\\\/news\\\/pages\\\/organisator-ch-695\",\"https:\\\/\\\/www.youtube.com\\\/channel\\\/UCGP2Sq0iWaZwT3BdIAQFYpw\"]},{\"@type\":\"Person\",\"@id\":\"https:\\\/\\\/www.organisator.ch\\\/#\\\/schema\\\/person\\\/134708ca9321c57b0362cceb7948ffbd\",\"name\":\"michael.merz\",\"image\":{\"@type\":\"ImageObject\",\"inLanguage\":\"it-IT\",\"@id\":\"https:\\\/\\\/secure.gravatar.com\\\/avatar\\\/?s=96&d=mm&r=g\",\"url\":\"https:\\\/\\\/secure.gravatar.com\\\/avatar\\\/?s=96&d=mm&r=g\",\"contentUrl\":\"https:\\\/\\\/secure.gravatar.com\\\/avatar\\\/?s=96&d=mm&r=g\",\"caption\":\"michael.merz\"},\"url\":\"https:\\\/\\\/www.organisator.ch\\\/it\\\/author\\\/michael-merz\\\/\"}]}<\/script>\n<!-- \/ Yoast SEO plugin. -->","yoast_head_json":{"title":"\"Scientifica\": quando i fatti scientifici incontrano la fantascienza - Organizzatore","description":"Come preludio alle Giornate scientifiche di Zurigo \"Scientifica\" sul tema \"Fantascienza - Fatti di scienza\", verranno proiettati e discussi film emozionanti.","robots":{"index":"index","follow":"follow","max-snippet":"max-snippet:-1","max-image-preview":"max-image-preview:large","max-video-preview":"max-video-preview:-1"},"canonical":"https:\/\/www.organisator.ch\/it\/generale\/2019-08-12\/scientifica-wenn-wissenschaftliche-fakten-auf-science-fiction-treffen\/","og_locale":"it_IT","og_type":"article","og_title":"\"Scientifica\": Wenn wissenschaftliche Fakten auf Science Fiction treffen - Organisator","og_description":"Als Auftakt zu den Z\u00fcrcher Wissenschaftstagen \u00abScientifica\u00bb zum Thema \u00abScience Fiction \u2013 Science Facts\u00bb werden spannende Filme vorgef\u00fchrt und diskutiert.","og_url":"https:\/\/www.organisator.ch\/it\/generale\/2019-08-12\/scientifica-wenn-wissenschaftliche-fakten-auf-science-fiction-treffen\/","og_site_name":"Organisator","article_publisher":"https:\/\/www.facebook.com\/OrganisatorFachmagazin","article_published_time":"2019-08-12T09:31:33+00:00","og_image":[{"width":440,"height":280,"url":"https:\/\/www.organisator.ch\/wp-content\/uploads\/2019\/08\/kosmos.jpg","type":"image\/jpeg"}],"author":"michael.merz","twitter_card":"summary_large_image","schema":{"@context":"https:\/\/schema.org","@graph":[{"@type":"Article","@id":"https:\/\/www.organisator.ch\/fr\/general\/2019-08-12\/scientifica-wenn-wissenschaftliche-fakten-auf-science-fiction-treffen\/#article","isPartOf":{"@id":"https:\/\/www.organisator.ch\/fr\/general\/2019-08-12\/scientifica-wenn-wissenschaftliche-fakten-auf-science-fiction-treffen\/"},"author":{"name":"michael.merz","@id":"https:\/\/www.organisator.ch\/#\/schema\/person\/134708ca9321c57b0362cceb7948ffbd"},"headline":"&#8222;Scientifica&#8220;: Wenn wissenschaftliche Fakten auf Science Fiction treffen","datePublished":"2019-08-12T09:31:33+00:00","mainEntityOfPage":{"@id":"https:\/\/www.organisator.ch\/fr\/general\/2019-08-12\/scientifica-wenn-wissenschaftliche-fakten-auf-science-fiction-treffen\/"},"wordCount":463,"commentCount":0,"publisher":{"@id":"https:\/\/www.organisator.ch\/#organization"},"image":{"@id":"https:\/\/www.organisator.ch\/fr\/general\/2019-08-12\/scientifica-wenn-wissenschaftliche-fakten-auf-science-fiction-treffen\/#primaryimage"},"thumbnailUrl":"https:\/\/www.organisator.ch\/wp-content\/uploads\/2019\/08\/kosmos.jpg","keywords":["Festival","Film","Forschung","Kino","K\u00fcnstliche Intelligenz","Science Fiction","Turing","Wissenschaft"],"articleSection":["Allgemein"],"inLanguage":"it-IT"},{"@type":"WebPage","@id":"https:\/\/www.organisator.ch\/fr\/general\/2019-08-12\/scientifica-wenn-wissenschaftliche-fakten-auf-science-fiction-treffen\/","url":"https:\/\/www.organisator.ch\/fr\/general\/2019-08-12\/scientifica-wenn-wissenschaftliche-fakten-auf-science-fiction-treffen\/","name":"\"Scientifica\": quando i fatti scientifici incontrano la fantascienza - Organizzatore","isPartOf":{"@id":"https:\/\/www.organisator.ch\/#website"},"primaryImageOfPage":{"@id":"https:\/\/www.organisator.ch\/fr\/general\/2019-08-12\/scientifica-wenn-wissenschaftliche-fakten-auf-science-fiction-treffen\/#primaryimage"},"image":{"@id":"https:\/\/www.organisator.ch\/fr\/general\/2019-08-12\/scientifica-wenn-wissenschaftliche-fakten-auf-science-fiction-treffen\/#primaryimage"},"thumbnailUrl":"https:\/\/www.organisator.ch\/wp-content\/uploads\/2019\/08\/kosmos.jpg","datePublished":"2019-08-12T09:31:33+00:00","description":"Come preludio alle Giornate scientifiche di Zurigo \"Scientifica\" sul tema \"Fantascienza - Fatti di scienza\", verranno proiettati e discussi film emozionanti.","breadcrumb":{"@id":"https:\/\/www.organisator.ch\/fr\/general\/2019-08-12\/scientifica-wenn-wissenschaftliche-fakten-auf-science-fiction-treffen\/#breadcrumb"},"inLanguage":"it-IT","potentialAction":[{"@type":"ReadAction","target":["https:\/\/www.organisator.ch\/fr\/general\/2019-08-12\/scientifica-wenn-wissenschaftliche-fakten-auf-science-fiction-treffen\/"]}]},{"@type":"ImageObject","inLanguage":"it-IT","@id":"https:\/\/www.organisator.ch\/fr\/general\/2019-08-12\/scientifica-wenn-wissenschaftliche-fakten-auf-science-fiction-treffen\/#primaryimage","url":"https:\/\/www.organisator.ch\/wp-content\/uploads\/2019\/08\/kosmos.jpg","contentUrl":"https:\/\/www.organisator.ch\/wp-content\/uploads\/2019\/08\/kosmos.jpg","width":440,"height":280,"caption":"Klassischer Science-Fiction oder Wissenschaftsgeschichte? W\u00e4hrend der Z\u00fcrcher Wissenschaftstage \u00abScientifica\u00bb k\u00f6nnen auch Laien nach spannenden Filmvorf\u00fchrungen zeitgem\u00e4ssen Forschungsthemen nachgehen. (Bild: zVg)"},{"@type":"BreadcrumbList","@id":"https:\/\/www.organisator.ch\/fr\/general\/2019-08-12\/scientifica-wenn-wissenschaftliche-fakten-auf-science-fiction-treffen\/#breadcrumb","itemListElement":[{"@type":"ListItem","position":1,"name":"Home","item":"https:\/\/www.organisator.ch\/"},{"@type":"ListItem","position":2,"name":"&#8222;Scientifica&#8220;: Wenn wissenschaftliche Fakten auf Science Fiction treffen"}]},{"@type":"WebSite","@id":"https:\/\/www.organisator.ch\/#website","url":"https:\/\/www.organisator.ch\/","name":"Organizzatore","description":"Competente. Pratico. In 10 numeri all'anno, ORGANISATOR presenta i temi essenziali per i manager delle PMI.","publisher":{"@id":"https:\/\/www.organisator.ch\/#organization"},"potentialAction":[{"@type":"SearchAction","target":{"@type":"EntryPoint","urlTemplate":"https:\/\/www.organisator.ch\/?s={search_term_string}"},"query-input":{"@type":"PropertyValueSpecification","valueRequired":true,"valueName":"search_term_string"}}],"inLanguage":"it-IT"},{"@type":"Organization","@id":"https:\/\/www.organisator.ch\/#organization","name":"Organizzatore","url":"https:\/\/www.organisator.ch\/","logo":{"@type":"ImageObject","inLanguage":"it-IT","@id":"https:\/\/www.organisator.ch\/#\/schema\/logo\/image\/","url":"https:\/\/www.organisator.ch\/wp-content\/uploads\/2022\/01\/Logo_Organisator_Website.png","contentUrl":"https:\/\/www.organisator.ch\/wp-content\/uploads\/2022\/01\/Logo_Organisator_Website.png","width":800,"height":77,"caption":"Organisator"},"image":{"@id":"https:\/\/www.organisator.ch\/#\/schema\/logo\/image\/"},"sameAs":["https:\/\/www.facebook.com\/OrganisatorFachmagazin","https:\/\/www.linkedin.com\/showcase\/organisator-das-magazin-fr-kmu","https:\/\/www.xing.com\/news\/pages\/organisator-ch-695","https:\/\/www.youtube.com\/channel\/UCGP2Sq0iWaZwT3BdIAQFYpw"]},{"@type":"Person","@id":"https:\/\/www.organisator.ch\/#\/schema\/person\/134708ca9321c57b0362cceb7948ffbd","name":"michael.merz","image":{"@type":"ImageObject","inLanguage":"it-IT","@id":"https:\/\/secure.gravatar.com\/avatar\/?s=96&d=mm&r=g","url":"https:\/\/secure.gravatar.com\/avatar\/?s=96&d=mm&r=g","contentUrl":"https:\/\/secure.gravatar.com\/avatar\/?s=96&d=mm&r=g","caption":"michael.merz"},"url":"https:\/\/www.organisator.ch\/it\/author\/michael-merz\/"}]}},"_links":{"self":[{"href":"https:\/\/www.organisator.ch\/it\/wp-json\/wp\/v2\/posts\/2369","targetHints":{"allow":["GET"]}}],"collection":[{"href":"https:\/\/www.organisator.ch\/it\/wp-json\/wp\/v2\/posts"}],"about":[{"href":"https:\/\/www.organisator.ch\/it\/wp-json\/wp\/v2\/types\/post"}],"author":[{"embeddable":true,"href":"https:\/\/www.organisator.ch\/it\/wp-json\/wp\/v2\/users\/5"}],"replies":[{"embeddable":true,"href":"https:\/\/www.organisator.ch\/it\/wp-json\/wp\/v2\/comments?post=2369"}],"version-history":[{"count":0,"href":"https:\/\/www.organisator.ch\/it\/wp-json\/wp\/v2\/posts\/2369\/revisions"}],"wp:featuredmedia":[{"embeddable":true,"href":"https:\/\/www.organisator.ch\/it\/wp-json\/wp\/v2\/media\/2370"}],"wp:attachment":[{"href":"https:\/\/www.organisator.ch\/it\/wp-json\/wp\/v2\/media?parent=2369"}],"wp:term":[{"taxonomy":"category","embeddable":true,"href":"https:\/\/www.organisator.ch\/it\/wp-json\/wp\/v2\/categories?post=2369"},{"taxonomy":"post_tag","embeddable":true,"href":"https:\/\/www.organisator.ch\/it\/wp-json\/wp\/v2\/tags?post=2369"}],"curies":[{"name":"wp","href":"https:\/\/api.w.org\/{rel}","templated":true}]}}