{"id":23690,"date":"2023-12-04T09:18:10","date_gmt":"2023-12-04T08:18:10","guid":{"rendered":"https:\/\/www.organisator.ch\/?p=23690"},"modified":"2023-12-13T11:35:02","modified_gmt":"2023-12-13T10:35:02","slug":"digitale-wettbewerbsfaehigkeit-die-schweiz-bleibt-auf-platz-5","status":"publish","type":"post","link":"https:\/\/www.organisator.ch\/it\/operational-excellence\/2023-12-04\/digitale-wettbewerbsfaehigkeit-die-schweiz-bleibt-auf-platz-5\/","title":{"rendered":"Competitivit\u00e0 digitale: la Svizzera resta al 5\u00b0 posto"},"content":{"rendered":"<figure id=\"attachment_23694\" aria-describedby=\"caption-attachment-23694\" style=\"width: 680px\" class=\"wp-caption alignnone\"><img loading=\"lazy\" decoding=\"async\" class=\"size-full wp-image-23694\" src=\"https:\/\/www.organisator.ch\/wp-content\/uploads\/2023\/12\/Digitale_Bild1_ps.jpg\" alt=\"\" width=\"680\" height=\"453\" srcset=\"https:\/\/www.organisator.ch\/wp-content\/uploads\/2023\/12\/Digitale_Bild1_ps.jpg 680w, https:\/\/www.organisator.ch\/wp-content\/uploads\/2023\/12\/Digitale_Bild1_ps-18x12.jpg 18w, https:\/\/www.organisator.ch\/wp-content\/uploads\/2023\/12\/Digitale_Bild1_ps-375x250.jpg 375w, https:\/\/www.organisator.ch\/wp-content\/uploads\/2023\/12\/Digitale_Bild1_ps-525x350.jpg 525w\" sizes=\"auto, (max-width: 680px) 100vw, 680px\" \/><figcaption id=\"caption-attachment-23694\" class=\"wp-caption-text\">Classifica mondiale sulla \"Competitivit\u00e0 digitale\": la Svizzera si aggiudica per la seconda volta consecutiva il 5\u00b0 posto su 64 Paesi analizzati. (Immagine: www.pixabay.com)<\/figcaption><\/figure>\n<p>Dopo essere stati superati dalla Danimarca nel 2022, gli Stati Uniti sono tornati in cima alla classifica nel 2023. La Danimarca, invece, \u00e8 scesa di tre posizioni al 4\u00b0 posto. I Paesi Bassi sono saliti al secondo posto (dal 6\u00b0), mentre Singapore \u00e8 migliorata di un posto (3\u00b0).<\/p>\n<h3><strong>La Svizzera sta facendo progressi<\/strong><\/h3>\n<p>La classifica mondiale sulla \"Competitivit\u00e0 digitale\" valuta la capacit\u00e0 e la volont\u00e0 di un'economia di utilizzare ed esplorare le tecnologie digitali come motore chiave del cambiamento economico nelle imprese, nel governo e nella societ\u00e0 in generale. I ricercatori valutano la competitivit\u00e0 digitale in base a tre categorie o fattori principali: Conoscenza, Preparazione al futuro e Tecnologia. La solida posizione della Svizzera nella classifica \u00e8 dovuta al suo eccellente punteggio nel fattore conoscenza. Il Centro Mondiale della Competitivit\u00e0 lo definisce come \"il know-how necessario per scoprire, comprendere e sviluppare nuove tecnologie\". Nelle altre due categorie, la Svizzera \u00e8 riuscita a migliorare leggermente rispetto all'anno precedente, anche se c'\u00e8 ancora del potenziale.<\/p>\n<h3><strong>Il primo posto nella classifica delle conoscenze<\/strong><\/h3>\n<p>La Svizzera si colloca nella top 10 in tutte le sottocategorie dell'area della conoscenza, soprattutto in termini di talento, dove occupa il secondo posto. L'esperienza internazionale della forza lavoro e la percentuale di talenti altamente qualificati provenienti da Paesi terzi contribuiscono a questa classifica. In termini di concentrazione scientifica, la Svizzera \u00e8 ora al 10\u00b0 posto (2022: 8\u00b0 posto) e nell'area dell'istruzione e della formazione al 7\u00b0 posto (2022: 8\u00b0 posto). Nel settore della tecnologia, la Svizzera sale al 10\u00b0 posto (2022: 12\u00b0 posto). Ci\u00f2 \u00e8 dovuto principalmente ai miglioramenti del quadro normativo - la Svizzera \u00e8 al 4\u00b0 posto in questo sottofattore (2022: 8\u00b0 posto).<\/p>\n<p>\"Da molti anni la missione di digitalswitzerland \u00e8 quella di trasformare la Svizzera in una nazione digitale all'avanguardia. L'atteggiamento della popolazione nei confronti della tecnologia \u00e8 una componente cruciale in questo senso. Vogliamo sensibilizzare e incoraggiare la popolazione ad abbracciare e utilizzare le innovazioni digitali. \u00c8 fondamentale concentrarsi sull'istruzione e sulla formazione, soprattutto nell'ambito delle competenze digitali. Questo dovrebbe - pi\u00f9 che mai - iniziare in giovane et\u00e0 per creare un'ampia base di competenze digitali\", afferma Marc Walder, fondatore di digitalswitzerland.<\/p>\n<h3><strong>La domanda repressa della Svizzera e le opportunit\u00e0 mancate<\/strong><\/h3>\n<p>Secondo il rapporto, c'\u00e8 anche un grande potenziale di miglioramento nell'atteggiamento della popolazione nei confronti della tecnologia. La Svizzera si colloca al 16\u00b0 posto. Il Prof. Arturo Bris, Direttore del Centro per la Competitivit\u00e0 Mondiale dell'IMD, spiega: \"La Svizzera ha rifiutato la legge sull'e-ID; l'uso dell'applicazione online COVID \u00e8 stato molto basso; le preoccupazioni per la protezione dei dati sono elevate e il digital banking non \u00e8 sviluppato come in molti altri Paesi. Ci\u00f2 riflette la cultura svizzera dell'adozione della tecnologia a livello individuale, che \u00e8 molto pi\u00f9 bassa che in altri Paesi.<\/p>\n<p>paesi, anche se la Svizzera dispone di un'eccellente infrastruttura digitale, di una solida regolamentazione e di talenti digitali, e le aziende sono anche molto agili quando si tratta di attuare la trasformazione digitale.\"<\/p>\n<p>La Svizzera deve migliorare anche nelle categorie della cybersicurezza (20\u00b0 posto) e delle capacit\u00e0 statali di cybersicurezza (28\u00b0 posto): In seguito alla pandemia, l'uso delle tecnologie digitali \u00e8 aumentato, ma non \u00e8 stato possibile osservare un miglioramento analogo nell'area della cybersicurezza. Ci\u00f2 \u00e8 particolarmente pericoloso alla luce del numero sempre crescente di attacchi informatici a imprese e privati.<\/p>\n<p>\"Siamo davvero a un bivio quando si tratta di accettare la tecnologia. Nel caso della Svizzera, trovo particolarmente preoccupante la scarsa offerta di e-government e di e-participation. \u00c8 ora di affrontare la questione ai massimi livelli\", afferma Sascha Zahnd, presidente di digitalswitzerland.<\/p>\n<h3><strong>L'IA generativa definisce l'indice di competitivit\u00e0 delle imprese e quindi <\/strong><strong>di paesi nuovi<\/strong><\/h3>\n<p>Ulteriori approfondimenti sono stati forniti da una tavola rotonda al \"World Digital Competitiveness Forum\", ospitato da digitalswitzerland, IMD e EPFL il 30 novembre. Gli ospiti hanno discusso le seguenti domande: \"Le ultime tecnologie digitali dirompenti, come l'IA generativa, segnano un salto di qualit\u00e0 nel settore della formazione continua? Che impatto avr\u00e0 sul mondo del lavoro - e di conseguenza su ognuno di noi?\".<\/p>\n<p>Partenariati come questo tra digitalswitzerland, EPFL e IMD ci condurranno con successo nell'era dell'IA generativa\". Il prossimo passo di questa partnership \u00e8 un libro bianco completo sullo stato dell'IA generativa in Svizzera, che sar\u00e0 pubblicato la prossima settimana. Siamo solo all'inizio in termini di raccolta di dati e stiamo appena iniziando a capire cosa ci aspetta\" - con queste parole Sarah Toms, Chief Learning Innovation Officer dell'IMD, si congeda dai partecipanti al World Digital Competitiveness Forum.<\/p>\n<p><em>Fonte: <a href=\"https:\/\/digitalswitzerland.com\/de\/\">www.digitalswitzerland.com\u00a0<\/a><\/em><\/p>","protected":false},"excerpt":{"rendered":"<p>L'Istituto per lo sviluppo manageriale di Losanna (IMD) ha pubblicato la scorsa settimana la classifica globale della \"Competitivit\u00e0 digitale\". Per la seconda volta consecutiva, la Svizzera si \u00e8 aggiudicata il 5\u00b0 posto su 64 Paesi analizzati. I risultati per la Svizzera sono stati illustrati in dettaglio il 30 novembre in occasione del Forum mondiale sulla competitivit\u00e0 digitale 2023, organizzato da digitalswitzerland, IMD e EPFL presso il Centro Congressi SwissTech dell'EPFL. <\/p>","protected":false},"author":58,"featured_media":23694,"comment_status":"closed","ping_status":"closed","sticky":false,"template":"","format":"standard","meta":{"_acf_changed":false,"_yoast_wpseo_focuskw":"Schweiz","_yoast_wpseo_metadesc":"Das Institute for Management Development (IMD), ver\u00f6ffentlichte letzte Woche seine Weltrangliste zur \u201cDigitalen Wettbewerbsf\u00e4higkeit\u201d.","articlekey":"","footnotes":""},"categories":[582],"tags":[156,319,424,492,522],"class_list":["post-23690","post","type-post","status-publish","format-standard","has-post-thumbnail","hentry","category-operational-excellence","tag-digitalisierung","tag-kuenstliche-intelligenz","tag-schweiz","tag-unternehmen","tag-wettbewerb"],"acf":[],"yoast_head":"<!-- This site is optimized with the Yoast SEO plugin v27.5 - https:\/\/yoast.com\/product\/yoast-seo-wordpress\/ -->\n<title>Digitale Wettbewerbsf\u00e4higkeit: Die Schweiz bleibt auf Platz 5 - Organisator<\/title>\n<meta name=\"description\" content=\"Das Institute for Management Development (IMD), ver\u00f6ffentlichte letzte Woche seine Weltrangliste zur \u201cDigitalen Wettbewerbsf\u00e4higkeit\u201d.\" \/>\n<meta name=\"robots\" content=\"index, follow, max-snippet:-1, max-image-preview:large, max-video-preview:-1\" \/>\n<link rel=\"canonical\" href=\"https:\/\/www.organisator.ch\/it\/eccellenza-operativa\/2023-12-04\/digitale-wettbewerbsfaehigkeit-die-schweiz-bleibt-auf-platz-5\/\" \/>\n<meta property=\"og:locale\" content=\"it_IT\" \/>\n<meta property=\"og:type\" content=\"article\" \/>\n<meta property=\"og:title\" content=\"Digitale Wettbewerbsf\u00e4higkeit: Die Schweiz bleibt auf Platz 5\" \/>\n<meta property=\"og:description\" content=\"Das Institute for Management Development (IMD), ver\u00f6ffentlichte letzte Woche seine Weltrangliste zur \u201cDigitalen Wettbewerbsf\u00e4higkeit\u201d.\" \/>\n<meta property=\"og:url\" content=\"https:\/\/www.organisator.ch\/it\/eccellenza-operativa\/2023-12-04\/digitale-wettbewerbsfaehigkeit-die-schweiz-bleibt-auf-platz-5\/\" \/>\n<meta property=\"og:site_name\" content=\"Organisator\" \/>\n<meta property=\"article:publisher\" content=\"https:\/\/www.facebook.com\/OrganisatorFachmagazin\" \/>\n<meta property=\"article:published_time\" content=\"2023-12-04T08:18:10+00:00\" \/>\n<meta property=\"article:modified_time\" content=\"2023-12-13T10:35:02+00:00\" \/>\n<meta property=\"og:image\" content=\"https:\/\/www.organisator.ch\/wp-content\/uploads\/2023\/12\/Digitale_Bild1_ps.jpg\" \/>\n\t<meta property=\"og:image:width\" content=\"680\" \/>\n\t<meta property=\"og:image:height\" content=\"453\" \/>\n\t<meta property=\"og:image:type\" content=\"image\/jpeg\" \/>\n<meta name=\"author\" content=\"Adelisa Kalajdzini\" \/>\n<meta name=\"twitter:card\" content=\"summary_large_image\" \/>\n<meta name=\"twitter:title\" content=\"Digitale Wettbewerbsf\u00e4higkeit: Die Schweiz bleibt auf Platz 5\" \/>\n<meta name=\"twitter:description\" content=\"Das Institute for Management Development #(IMD), ver\u00f6ffentlichte letzte Woche seine #Weltrangliste zur #\u201cDigitalen Wettbewerbsf\u00e4higkeit\u201d.\" \/>\n<meta name=\"twitter:image\" content=\"https:\/\/www.organisator.ch\/wp-content\/uploads\/2023\/12\/Digitale_Bild1_ps.jpg\" \/>\n<script type=\"application\/ld+json\" class=\"yoast-schema-graph\">{\"@context\":\"https:\\\/\\\/schema.org\",\"@graph\":[{\"@type\":\"Article\",\"@id\":\"https:\\\/\\\/www.organisator.ch\\\/operational-excellence\\\/2023-12-04\\\/digitale-wettbewerbsfaehigkeit-die-schweiz-bleibt-auf-platz-5\\\/#article\",\"isPartOf\":{\"@id\":\"https:\\\/\\\/www.organisator.ch\\\/operational-excellence\\\/2023-12-04\\\/digitale-wettbewerbsfaehigkeit-die-schweiz-bleibt-auf-platz-5\\\/\"},\"author\":{\"name\":\"Adelisa Kalajdzini\",\"@id\":\"https:\\\/\\\/www.organisator.ch\\\/#\\\/schema\\\/person\\\/2e1314a2172123f874db408d8911d3f3\"},\"headline\":\"Digitale Wettbewerbsf\u00e4higkeit: Die Schweiz bleibt auf Platz 5\",\"datePublished\":\"2023-12-04T08:18:10+00:00\",\"dateModified\":\"2023-12-13T10:35:02+00:00\",\"mainEntityOfPage\":{\"@id\":\"https:\\\/\\\/www.organisator.ch\\\/operational-excellence\\\/2023-12-04\\\/digitale-wettbewerbsfaehigkeit-die-schweiz-bleibt-auf-platz-5\\\/\"},\"wordCount\":779,\"publisher\":{\"@id\":\"https:\\\/\\\/www.organisator.ch\\\/#organization\"},\"image\":{\"@id\":\"https:\\\/\\\/www.organisator.ch\\\/operational-excellence\\\/2023-12-04\\\/digitale-wettbewerbsfaehigkeit-die-schweiz-bleibt-auf-platz-5\\\/#primaryimage\"},\"thumbnailUrl\":\"https:\\\/\\\/www.organisator.ch\\\/wp-content\\\/uploads\\\/2023\\\/12\\\/Digitale_Bild1_ps.jpg\",\"keywords\":[\"Digitalisierung\",\"K\u00fcnstliche Intelligenz\",\"Schweiz\",\"Unternehmen\",\"Wettbewerb\"],\"articleSection\":[\"OPERATIONAL EXCELLENCE\"],\"inLanguage\":\"it-IT\"},{\"@type\":\"WebPage\",\"@id\":\"https:\\\/\\\/www.organisator.ch\\\/operational-excellence\\\/2023-12-04\\\/digitale-wettbewerbsfaehigkeit-die-schweiz-bleibt-auf-platz-5\\\/\",\"url\":\"https:\\\/\\\/www.organisator.ch\\\/operational-excellence\\\/2023-12-04\\\/digitale-wettbewerbsfaehigkeit-die-schweiz-bleibt-auf-platz-5\\\/\",\"name\":\"Digitale Wettbewerbsf\u00e4higkeit: Die Schweiz bleibt auf Platz 5 - Organisator\",\"isPartOf\":{\"@id\":\"https:\\\/\\\/www.organisator.ch\\\/#website\"},\"primaryImageOfPage\":{\"@id\":\"https:\\\/\\\/www.organisator.ch\\\/operational-excellence\\\/2023-12-04\\\/digitale-wettbewerbsfaehigkeit-die-schweiz-bleibt-auf-platz-5\\\/#primaryimage\"},\"image\":{\"@id\":\"https:\\\/\\\/www.organisator.ch\\\/operational-excellence\\\/2023-12-04\\\/digitale-wettbewerbsfaehigkeit-die-schweiz-bleibt-auf-platz-5\\\/#primaryimage\"},\"thumbnailUrl\":\"https:\\\/\\\/www.organisator.ch\\\/wp-content\\\/uploads\\\/2023\\\/12\\\/Digitale_Bild1_ps.jpg\",\"datePublished\":\"2023-12-04T08:18:10+00:00\",\"dateModified\":\"2023-12-13T10:35:02+00:00\",\"description\":\"Das Institute for Management Development (IMD), ver\u00f6ffentlichte letzte Woche seine Weltrangliste zur \u201cDigitalen Wettbewerbsf\u00e4higkeit\u201d.\",\"breadcrumb\":{\"@id\":\"https:\\\/\\\/www.organisator.ch\\\/operational-excellence\\\/2023-12-04\\\/digitale-wettbewerbsfaehigkeit-die-schweiz-bleibt-auf-platz-5\\\/#breadcrumb\"},\"inLanguage\":\"it-IT\",\"potentialAction\":[{\"@type\":\"ReadAction\",\"target\":[\"https:\\\/\\\/www.organisator.ch\\\/operational-excellence\\\/2023-12-04\\\/digitale-wettbewerbsfaehigkeit-die-schweiz-bleibt-auf-platz-5\\\/\"]}]},{\"@type\":\"ImageObject\",\"inLanguage\":\"it-IT\",\"@id\":\"https:\\\/\\\/www.organisator.ch\\\/operational-excellence\\\/2023-12-04\\\/digitale-wettbewerbsfaehigkeit-die-schweiz-bleibt-auf-platz-5\\\/#primaryimage\",\"url\":\"https:\\\/\\\/www.organisator.ch\\\/wp-content\\\/uploads\\\/2023\\\/12\\\/Digitale_Bild1_ps.jpg\",\"contentUrl\":\"https:\\\/\\\/www.organisator.ch\\\/wp-content\\\/uploads\\\/2023\\\/12\\\/Digitale_Bild1_ps.jpg\",\"width\":680,\"height\":453,\"caption\":\"Weltrangliste zur \u201cDigitalen Wettbewerbsf\u00e4higkeit\u201d: Die Schweiz sichert sich zum zweiten Mal in Folge Platz 5 von 64 untersuchten L\u00e4ndern. (Bild: www.pixabay.com)\"},{\"@type\":\"BreadcrumbList\",\"@id\":\"https:\\\/\\\/www.organisator.ch\\\/operational-excellence\\\/2023-12-04\\\/digitale-wettbewerbsfaehigkeit-die-schweiz-bleibt-auf-platz-5\\\/#breadcrumb\",\"itemListElement\":[{\"@type\":\"ListItem\",\"position\":1,\"name\":\"Home\",\"item\":\"https:\\\/\\\/www.organisator.ch\\\/\"},{\"@type\":\"ListItem\",\"position\":2,\"name\":\"Digitale Wettbewerbsf\u00e4higkeit: Die Schweiz bleibt auf Platz 5\"}]},{\"@type\":\"WebSite\",\"@id\":\"https:\\\/\\\/www.organisator.ch\\\/#website\",\"url\":\"https:\\\/\\\/www.organisator.ch\\\/\",\"name\":\"Organisator\",\"description\":\"Kompetent. Praxisnah. Der ORGANISATOR bereitet in 10 Ausgaben pro Jahr die wesentlichen Themen f\u00fcr F\u00fchrungskr\u00e4fte von KMU auf.\",\"publisher\":{\"@id\":\"https:\\\/\\\/www.organisator.ch\\\/#organization\"},\"potentialAction\":[{\"@type\":\"SearchAction\",\"target\":{\"@type\":\"EntryPoint\",\"urlTemplate\":\"https:\\\/\\\/www.organisator.ch\\\/?s={search_term_string}\"},\"query-input\":{\"@type\":\"PropertyValueSpecification\",\"valueRequired\":true,\"valueName\":\"search_term_string\"}}],\"inLanguage\":\"it-IT\"},{\"@type\":\"Organization\",\"@id\":\"https:\\\/\\\/www.organisator.ch\\\/#organization\",\"name\":\"Organisator\",\"url\":\"https:\\\/\\\/www.organisator.ch\\\/\",\"logo\":{\"@type\":\"ImageObject\",\"inLanguage\":\"it-IT\",\"@id\":\"https:\\\/\\\/www.organisator.ch\\\/#\\\/schema\\\/logo\\\/image\\\/\",\"url\":\"https:\\\/\\\/www.organisator.ch\\\/wp-content\\\/uploads\\\/2022\\\/01\\\/Logo_Organisator_Website.png\",\"contentUrl\":\"https:\\\/\\\/www.organisator.ch\\\/wp-content\\\/uploads\\\/2022\\\/01\\\/Logo_Organisator_Website.png\",\"width\":800,\"height\":77,\"caption\":\"Organisator\"},\"image\":{\"@id\":\"https:\\\/\\\/www.organisator.ch\\\/#\\\/schema\\\/logo\\\/image\\\/\"},\"sameAs\":[\"https:\\\/\\\/www.facebook.com\\\/OrganisatorFachmagazin\",\"https:\\\/\\\/www.linkedin.com\\\/showcase\\\/organisator-das-magazin-fr-kmu\",\"https:\\\/\\\/www.xing.com\\\/news\\\/pages\\\/organisator-ch-695\",\"https:\\\/\\\/www.youtube.com\\\/channel\\\/UCGP2Sq0iWaZwT3BdIAQFYpw\"]},{\"@type\":\"Person\",\"@id\":\"https:\\\/\\\/www.organisator.ch\\\/#\\\/schema\\\/person\\\/2e1314a2172123f874db408d8911d3f3\",\"name\":\"Adelisa Kalajdzini\",\"image\":{\"@type\":\"ImageObject\",\"inLanguage\":\"it-IT\",\"@id\":\"https:\\\/\\\/secure.gravatar.com\\\/avatar\\\/09a397c22ac58cad6f160ee8306348599df9df58a8ede73696226897b9fa4b24?s=96&d=mm&r=g\",\"url\":\"https:\\\/\\\/secure.gravatar.com\\\/avatar\\\/09a397c22ac58cad6f160ee8306348599df9df58a8ede73696226897b9fa4b24?s=96&d=mm&r=g\",\"contentUrl\":\"https:\\\/\\\/secure.gravatar.com\\\/avatar\\\/09a397c22ac58cad6f160ee8306348599df9df58a8ede73696226897b9fa4b24?s=96&d=mm&r=g\",\"caption\":\"Adelisa Kalajdzini\"},\"url\":\"https:\\\/\\\/www.organisator.ch\\\/it\\\/author\\\/adelisa-kalajdzini\\\/\"}]}<\/script>\n<!-- \/ Yoast SEO plugin. -->","yoast_head_json":{"title":"Competitivit\u00e0 digitale: la Svizzera resta al 5\u00b0 posto - Organizzatore","description":"L'Institute for Management Development (IMD) ha pubblicato la scorsa settimana la classifica globale della \"Competitivit\u00e0 digitale\".","robots":{"index":"index","follow":"follow","max-snippet":"max-snippet:-1","max-image-preview":"max-image-preview:large","max-video-preview":"max-video-preview:-1"},"canonical":"https:\/\/www.organisator.ch\/it\/eccellenza-operativa\/2023-12-04\/digitale-wettbewerbsfaehigkeit-die-schweiz-bleibt-auf-platz-5\/","og_locale":"it_IT","og_type":"article","og_title":"Digitale Wettbewerbsf\u00e4higkeit: Die Schweiz bleibt auf Platz 5","og_description":"Das Institute for Management Development (IMD), ver\u00f6ffentlichte letzte Woche seine Weltrangliste zur \u201cDigitalen Wettbewerbsf\u00e4higkeit\u201d.","og_url":"https:\/\/www.organisator.ch\/it\/eccellenza-operativa\/2023-12-04\/digitale-wettbewerbsfaehigkeit-die-schweiz-bleibt-auf-platz-5\/","og_site_name":"Organisator","article_publisher":"https:\/\/www.facebook.com\/OrganisatorFachmagazin","article_published_time":"2023-12-04T08:18:10+00:00","article_modified_time":"2023-12-13T10:35:02+00:00","og_image":[{"width":680,"height":453,"url":"https:\/\/www.organisator.ch\/wp-content\/uploads\/2023\/12\/Digitale_Bild1_ps.jpg","type":"image\/jpeg"}],"author":"Adelisa Kalajdzini","twitter_card":"summary_large_image","twitter_title":"Digitale Wettbewerbsf\u00e4higkeit: Die Schweiz bleibt auf Platz 5","twitter_description":"Das Institute for Management Development #(IMD), ver\u00f6ffentlichte letzte Woche seine #Weltrangliste zur #\u201cDigitalen Wettbewerbsf\u00e4higkeit\u201d.","twitter_image":"https:\/\/www.organisator.ch\/wp-content\/uploads\/2023\/12\/Digitale_Bild1_ps.jpg","schema":{"@context":"https:\/\/schema.org","@graph":[{"@type":"Article","@id":"https:\/\/www.organisator.ch\/operational-excellence\/2023-12-04\/digitale-wettbewerbsfaehigkeit-die-schweiz-bleibt-auf-platz-5\/#article","isPartOf":{"@id":"https:\/\/www.organisator.ch\/operational-excellence\/2023-12-04\/digitale-wettbewerbsfaehigkeit-die-schweiz-bleibt-auf-platz-5\/"},"author":{"name":"Adelisa Kalajdzini","@id":"https:\/\/www.organisator.ch\/#\/schema\/person\/2e1314a2172123f874db408d8911d3f3"},"headline":"Digitale Wettbewerbsf\u00e4higkeit: Die Schweiz bleibt auf Platz 5","datePublished":"2023-12-04T08:18:10+00:00","dateModified":"2023-12-13T10:35:02+00:00","mainEntityOfPage":{"@id":"https:\/\/www.organisator.ch\/operational-excellence\/2023-12-04\/digitale-wettbewerbsfaehigkeit-die-schweiz-bleibt-auf-platz-5\/"},"wordCount":779,"publisher":{"@id":"https:\/\/www.organisator.ch\/#organization"},"image":{"@id":"https:\/\/www.organisator.ch\/operational-excellence\/2023-12-04\/digitale-wettbewerbsfaehigkeit-die-schweiz-bleibt-auf-platz-5\/#primaryimage"},"thumbnailUrl":"https:\/\/www.organisator.ch\/wp-content\/uploads\/2023\/12\/Digitale_Bild1_ps.jpg","keywords":["Digitalisierung","K\u00fcnstliche Intelligenz","Schweiz","Unternehmen","Wettbewerb"],"articleSection":["OPERATIONAL EXCELLENCE"],"inLanguage":"it-IT"},{"@type":"WebPage","@id":"https:\/\/www.organisator.ch\/operational-excellence\/2023-12-04\/digitale-wettbewerbsfaehigkeit-die-schweiz-bleibt-auf-platz-5\/","url":"https:\/\/www.organisator.ch\/operational-excellence\/2023-12-04\/digitale-wettbewerbsfaehigkeit-die-schweiz-bleibt-auf-platz-5\/","name":"Competitivit\u00e0 digitale: la Svizzera resta al 5\u00b0 posto - Organizzatore","isPartOf":{"@id":"https:\/\/www.organisator.ch\/#website"},"primaryImageOfPage":{"@id":"https:\/\/www.organisator.ch\/operational-excellence\/2023-12-04\/digitale-wettbewerbsfaehigkeit-die-schweiz-bleibt-auf-platz-5\/#primaryimage"},"image":{"@id":"https:\/\/www.organisator.ch\/operational-excellence\/2023-12-04\/digitale-wettbewerbsfaehigkeit-die-schweiz-bleibt-auf-platz-5\/#primaryimage"},"thumbnailUrl":"https:\/\/www.organisator.ch\/wp-content\/uploads\/2023\/12\/Digitale_Bild1_ps.jpg","datePublished":"2023-12-04T08:18:10+00:00","dateModified":"2023-12-13T10:35:02+00:00","description":"L'Institute for Management Development (IMD) ha pubblicato la scorsa settimana la classifica globale della \"Competitivit\u00e0 digitale\".","breadcrumb":{"@id":"https:\/\/www.organisator.ch\/operational-excellence\/2023-12-04\/digitale-wettbewerbsfaehigkeit-die-schweiz-bleibt-auf-platz-5\/#breadcrumb"},"inLanguage":"it-IT","potentialAction":[{"@type":"ReadAction","target":["https:\/\/www.organisator.ch\/operational-excellence\/2023-12-04\/digitale-wettbewerbsfaehigkeit-die-schweiz-bleibt-auf-platz-5\/"]}]},{"@type":"ImageObject","inLanguage":"it-IT","@id":"https:\/\/www.organisator.ch\/operational-excellence\/2023-12-04\/digitale-wettbewerbsfaehigkeit-die-schweiz-bleibt-auf-platz-5\/#primaryimage","url":"https:\/\/www.organisator.ch\/wp-content\/uploads\/2023\/12\/Digitale_Bild1_ps.jpg","contentUrl":"https:\/\/www.organisator.ch\/wp-content\/uploads\/2023\/12\/Digitale_Bild1_ps.jpg","width":680,"height":453,"caption":"Weltrangliste zur \u201cDigitalen Wettbewerbsf\u00e4higkeit\u201d: Die Schweiz sichert sich zum zweiten Mal in Folge Platz 5 von 64 untersuchten L\u00e4ndern. (Bild: www.pixabay.com)"},{"@type":"BreadcrumbList","@id":"https:\/\/www.organisator.ch\/operational-excellence\/2023-12-04\/digitale-wettbewerbsfaehigkeit-die-schweiz-bleibt-auf-platz-5\/#breadcrumb","itemListElement":[{"@type":"ListItem","position":1,"name":"Home","item":"https:\/\/www.organisator.ch\/"},{"@type":"ListItem","position":2,"name":"Digitale Wettbewerbsf\u00e4higkeit: Die Schweiz bleibt auf Platz 5"}]},{"@type":"WebSite","@id":"https:\/\/www.organisator.ch\/#website","url":"https:\/\/www.organisator.ch\/","name":"Organizzatore","description":"Competente. Pratico. In 10 numeri all'anno, ORGANISATOR presenta i temi essenziali per i manager delle PMI.","publisher":{"@id":"https:\/\/www.organisator.ch\/#organization"},"potentialAction":[{"@type":"SearchAction","target":{"@type":"EntryPoint","urlTemplate":"https:\/\/www.organisator.ch\/?s={search_term_string}"},"query-input":{"@type":"PropertyValueSpecification","valueRequired":true,"valueName":"search_term_string"}}],"inLanguage":"it-IT"},{"@type":"Organization","@id":"https:\/\/www.organisator.ch\/#organization","name":"Organizzatore","url":"https:\/\/www.organisator.ch\/","logo":{"@type":"ImageObject","inLanguage":"it-IT","@id":"https:\/\/www.organisator.ch\/#\/schema\/logo\/image\/","url":"https:\/\/www.organisator.ch\/wp-content\/uploads\/2022\/01\/Logo_Organisator_Website.png","contentUrl":"https:\/\/www.organisator.ch\/wp-content\/uploads\/2022\/01\/Logo_Organisator_Website.png","width":800,"height":77,"caption":"Organisator"},"image":{"@id":"https:\/\/www.organisator.ch\/#\/schema\/logo\/image\/"},"sameAs":["https:\/\/www.facebook.com\/OrganisatorFachmagazin","https:\/\/www.linkedin.com\/showcase\/organisator-das-magazin-fr-kmu","https:\/\/www.xing.com\/news\/pages\/organisator-ch-695","https:\/\/www.youtube.com\/channel\/UCGP2Sq0iWaZwT3BdIAQFYpw"]},{"@type":"Person","@id":"https:\/\/www.organisator.ch\/#\/schema\/person\/2e1314a2172123f874db408d8911d3f3","name":"Adelisa Kalajdzini","image":{"@type":"ImageObject","inLanguage":"it-IT","@id":"https:\/\/secure.gravatar.com\/avatar\/09a397c22ac58cad6f160ee8306348599df9df58a8ede73696226897b9fa4b24?s=96&d=mm&r=g","url":"https:\/\/secure.gravatar.com\/avatar\/09a397c22ac58cad6f160ee8306348599df9df58a8ede73696226897b9fa4b24?s=96&d=mm&r=g","contentUrl":"https:\/\/secure.gravatar.com\/avatar\/09a397c22ac58cad6f160ee8306348599df9df58a8ede73696226897b9fa4b24?s=96&d=mm&r=g","caption":"Adelisa Kalajdzini"},"url":"https:\/\/www.organisator.ch\/it\/author\/adelisa-kalajdzini\/"}]}},"_links":{"self":[{"href":"https:\/\/www.organisator.ch\/it\/wp-json\/wp\/v2\/posts\/23690","targetHints":{"allow":["GET"]}}],"collection":[{"href":"https:\/\/www.organisator.ch\/it\/wp-json\/wp\/v2\/posts"}],"about":[{"href":"https:\/\/www.organisator.ch\/it\/wp-json\/wp\/v2\/types\/post"}],"author":[{"embeddable":true,"href":"https:\/\/www.organisator.ch\/it\/wp-json\/wp\/v2\/users\/58"}],"replies":[{"embeddable":true,"href":"https:\/\/www.organisator.ch\/it\/wp-json\/wp\/v2\/comments?post=23690"}],"version-history":[{"count":4,"href":"https:\/\/www.organisator.ch\/it\/wp-json\/wp\/v2\/posts\/23690\/revisions"}],"predecessor-version":[{"id":23695,"href":"https:\/\/www.organisator.ch\/it\/wp-json\/wp\/v2\/posts\/23690\/revisions\/23695"}],"wp:featuredmedia":[{"embeddable":true,"href":"https:\/\/www.organisator.ch\/it\/wp-json\/wp\/v2\/media\/23694"}],"wp:attachment":[{"href":"https:\/\/www.organisator.ch\/it\/wp-json\/wp\/v2\/media?parent=23690"}],"wp:term":[{"taxonomy":"category","embeddable":true,"href":"https:\/\/www.organisator.ch\/it\/wp-json\/wp\/v2\/categories?post=23690"},{"taxonomy":"post_tag","embeddable":true,"href":"https:\/\/www.organisator.ch\/it\/wp-json\/wp\/v2\/tags?post=23690"}],"curies":[{"name":"wp","href":"https:\/\/api.w.org\/{rel}","templated":true}]}}