{"id":23702,"date":"2023-12-04T14:13:58","date_gmt":"2023-12-04T13:13:58","guid":{"rendered":"https:\/\/www.organisator.ch\/?p=23702"},"modified":"2023-12-04T14:13:58","modified_gmt":"2023-12-04T13:13:58","slug":"unternehmen-muessen-glaubwuerdiger-werden","status":"publish","type":"post","link":"https:\/\/www.organisator.ch\/it\/operational-excellence\/2023-12-04\/unternehmen-muessen-glaubwuerdiger-werden\/","title":{"rendered":"Le aziende devono diventare pi\u00f9 credibili"},"content":{"rendered":"<figure id=\"attachment_23703\" aria-describedby=\"caption-attachment-23703\" style=\"width: 680px\" class=\"wp-caption alignnone\"><img loading=\"lazy\" decoding=\"async\" class=\"size-full wp-image-23703\" src=\"https:\/\/www.organisator.ch\/wp-content\/uploads\/2023\/12\/DEF_Bild1_ps.jpg\" alt=\"\" width=\"680\" height=\"454\" srcset=\"https:\/\/www.organisator.ch\/wp-content\/uploads\/2023\/12\/DEF_Bild1_ps.jpg 680w, https:\/\/www.organisator.ch\/wp-content\/uploads\/2023\/12\/DEF_Bild1_ps-18x12.jpg 18w, https:\/\/www.organisator.ch\/wp-content\/uploads\/2023\/12\/DEF_Bild1_ps-375x250.jpg 375w, https:\/\/www.organisator.ch\/wp-content\/uploads\/2023\/12\/DEF_Bild1_ps-524x350.jpg 524w\" sizes=\"auto, (max-width: 680px) 100vw, 680px\" \/><figcaption id=\"caption-attachment-23703\" class=\"wp-caption-text\">Il 30 novembre si \u00e8 svolto il terzo FS Digital Executive Forum. (Immagine: www.digitalexecutiveforum.ch)<\/figcaption><\/figure>\n<p>Per una volta, non sono stati musicisti e appassionati di musica a riunirsi nella ZKO-Haus all'ora di pranzo, ma oltre 200 decisori invitati provenienti dal mondo economico e scientifico che stanno plasmando e vogliono plasmare il futuro digitale delle aziende svizzere. L'occasione \u00e8 stata la terza edizione del FS Digital Executive Forum, un evento lanciato tre anni fa da FS Partners AG e che da allora ha riscosso grande interesse nell'industria manifatturiera e non solo.<\/p>\n<p>Durante il pomeriggio e la sera, numerose tavole rotonde e discorsi programmatici hanno affrontato temi di trasformazione di grande attualit\u00e0 e messo in luce casi d'uso. Il programma \u00e8 stato accompagnato dall'acrobata vocale e artista del loop choir Martin O., che ha ripreso il tema con le sue performance e ha fornito un accompagnamento musicale. Patrick Comboeuf, Direttore degli Studi dell'HWZ e membro del Consiglio di Amministrazione di FS Partners AG, ha condotto l'evento in modo divertente e informativo. Un tema si \u00e8 ripetuto come tenore di base: La credibilit\u00e0 sta diventando sempre pi\u00f9 importante come fattore di successo per le aziende svizzere, soprattutto a seguito degli sviluppi attuali. Invece di parlare di credibilit\u00e0 solo quando \u00e8 gi\u00e0 stata danneggiata, durante il forum sono state discusse molte prospettive e possibili soluzioni.<\/p>\n<p>L'evento si \u00e8 concluso con un intermezzo musicale di tre musicisti dell'Orchestra da Camera di Zurigo, seguito da una stimolante Fireside Chat aperta a Simone Wyss Fedele, CEO dell'organizzazione svizzera per il commercio estero SGE - Switzerland Global Enterprise.<strong>, <\/strong>sui fattori chiave per un futuro di successo delle aziende svizzere, come il coinvolgimento dei dipendenti, l'eccellenza operativa, la trasformazione digitale e la sostenibilit\u00e0 del modello aziendale.<\/p>\n<p>\"Le richieste alle aziende svizzere sono aumentate enormemente a causa di questioni come la carenza di lavoratori qualificati e la sostenibilit\u00e0, ma soprattutto a causa del rapido sviluppo nel campo della digitalizzazione e quest'anno in particolare dell'intelligenza artificiale. La pressione ad agire \u00e8 evidente anche nelle aziende consolidate. Ecco perch\u00e9 eventi come il FS Digital Executive Forum sono necessari per imparare gli uni dagli altri attraverso lo scambio reciproco con i colleghi e per poter affrontare con coraggio il cambiamento necessario\", afferma Patrick Comboeuf. \"Ecco perch\u00e9 offriamo questa piattaforma per un dialogo importante e per la condivisione delle conoscenze - e speriamo che sia anche il punto di partenza di molti progetti entusiasmanti per aiutare gli imprenditori svizzeri ad andare avanti.\"<\/p>\n<p><em>Fonte: <a href=\"https:\/\/digitalexecutiveforum.ch\/\">www.digitalexecutiveforum.ch\u00a0<\/a><\/em><\/p>","protected":false},"excerpt":{"rendered":"<p>Gioved\u00ec scorso, 30 novembre, si \u00e8 svolto il terzo FS Digital Executive Forum, un evento orientato al futuro sul tema della credibilit\u00e0 e della fiducia nel contesto aziendale. In un'epoca di cambiamenti digitali e di nuove tecnologie come l'intelligenza artificiale, che pongono nuove sfide ai decisori delle aziende svizzere, \u00e8 chiaro che non \u00e8 pi\u00f9 sufficiente costruire un'azienda solo sui numeri. Le aziende devono tornare a essere pi\u00f9 credibili.<\/p>","protected":false},"author":58,"featured_media":23703,"comment_status":"closed","ping_status":"closed","sticky":false,"template":"","format":"standard","meta":{"_acf_changed":false,"_yoast_wpseo_focuskw":"Unternehmen","_yoast_wpseo_metadesc":"Am 30. November, fand das dritte FS Digital Executive Forum statt. Ein zukunftsorientierter Anlass zum Thema Glaubw\u00fcrdigkeit und Vertrauen im Unternehmenskontext.","articlekey":"","footnotes":""},"categories":[582],"tags":[156,194,221,424,492],"class_list":["post-23702","post","type-post","status-publish","format-standard","has-post-thumbnail","hentry","category-operational-excellence","tag-digitalisierung","tag-fachkraeftemangel","tag-forum","tag-schweiz","tag-unternehmen"],"acf":[],"yoast_head":"<!-- This site is optimized with the Yoast SEO plugin v27.5 - https:\/\/yoast.com\/product\/yoast-seo-wordpress\/ -->\n<title>Unternehmen m\u00fcssen glaubw\u00fcrdiger werden - Organisator<\/title>\n<meta name=\"description\" content=\"Am 30. November, fand das dritte FS Digital Executive Forum statt. Ein zukunftsorientierter Anlass zum Thema Glaubw\u00fcrdigkeit und Vertrauen im Unternehmenskontext.\" \/>\n<meta name=\"robots\" content=\"index, follow, max-snippet:-1, max-image-preview:large, max-video-preview:-1\" \/>\n<link rel=\"canonical\" href=\"https:\/\/www.organisator.ch\/it\/eccellenza-operativa\/2023-12-04\/unternehmen-muessen-glaubwuerdiger-werden\/\" \/>\n<meta property=\"og:locale\" content=\"it_IT\" \/>\n<meta property=\"og:type\" content=\"article\" \/>\n<meta property=\"og:title\" content=\"Unternehmen m\u00fcssen glaubw\u00fcrdiger werden\" \/>\n<meta property=\"og:description\" content=\"Am 30. November, fand das dritte FS Digital Executive Forum statt. Ein zukunftsorientierter Anlass zum Thema Glaubw\u00fcrdigkeit und Vertrauen im Unternehmenskontext.\" \/>\n<meta property=\"og:url\" content=\"https:\/\/www.organisator.ch\/it\/eccellenza-operativa\/2023-12-04\/unternehmen-muessen-glaubwuerdiger-werden\/\" \/>\n<meta property=\"og:site_name\" content=\"Organisator\" \/>\n<meta property=\"article:publisher\" content=\"https:\/\/www.facebook.com\/OrganisatorFachmagazin\" \/>\n<meta property=\"article:published_time\" content=\"2023-12-04T13:13:58+00:00\" \/>\n<meta property=\"og:image\" content=\"https:\/\/www.organisator.ch\/wp-content\/uploads\/2023\/12\/DEF_Bild1_ps.jpg\" \/>\n\t<meta property=\"og:image:width\" content=\"680\" \/>\n\t<meta property=\"og:image:height\" content=\"454\" \/>\n\t<meta property=\"og:image:type\" content=\"image\/jpeg\" \/>\n<meta name=\"author\" content=\"Adelisa Kalajdzini\" \/>\n<meta name=\"twitter:card\" content=\"summary_large_image\" \/>\n<meta name=\"twitter:title\" content=\"Unternehmen m\u00fcssen glaubw\u00fcrdiger werden\" \/>\n<meta name=\"twitter:description\" content=\"Am 30. November, fand das dritte #FS Digital Executive Forum statt. Ein zukunftsorientierter #Anlass zum Thema #Glaubw\u00fcrdigkeit und #Vertrauen im #Unternehmenskontext.\" \/>\n<meta name=\"twitter:image\" content=\"https:\/\/www.organisator.ch\/wp-content\/uploads\/2023\/12\/DEF_Bild1_ps.jpg\" \/>\n<script type=\"application\/ld+json\" class=\"yoast-schema-graph\">{\"@context\":\"https:\\\/\\\/schema.org\",\"@graph\":[{\"@type\":\"Article\",\"@id\":\"https:\\\/\\\/www.organisator.ch\\\/operational-excellence\\\/2023-12-04\\\/unternehmen-muessen-glaubwuerdiger-werden\\\/#article\",\"isPartOf\":{\"@id\":\"https:\\\/\\\/www.organisator.ch\\\/operational-excellence\\\/2023-12-04\\\/unternehmen-muessen-glaubwuerdiger-werden\\\/\"},\"author\":{\"name\":\"Adelisa Kalajdzini\",\"@id\":\"https:\\\/\\\/www.organisator.ch\\\/#\\\/schema\\\/person\\\/2e1314a2172123f874db408d8911d3f3\"},\"headline\":\"Unternehmen m\u00fcssen glaubw\u00fcrdiger werden\",\"datePublished\":\"2023-12-04T13:13:58+00:00\",\"mainEntityOfPage\":{\"@id\":\"https:\\\/\\\/www.organisator.ch\\\/operational-excellence\\\/2023-12-04\\\/unternehmen-muessen-glaubwuerdiger-werden\\\/\"},\"wordCount\":389,\"publisher\":{\"@id\":\"https:\\\/\\\/www.organisator.ch\\\/#organization\"},\"image\":{\"@id\":\"https:\\\/\\\/www.organisator.ch\\\/operational-excellence\\\/2023-12-04\\\/unternehmen-muessen-glaubwuerdiger-werden\\\/#primaryimage\"},\"thumbnailUrl\":\"https:\\\/\\\/www.organisator.ch\\\/wp-content\\\/uploads\\\/2023\\\/12\\\/DEF_Bild1_ps.jpg\",\"keywords\":[\"Digitalisierung\",\"Fachkr\u00e4ftemangel\",\"Forum\",\"Schweiz\",\"Unternehmen\"],\"articleSection\":[\"OPERATIONAL EXCELLENCE\"],\"inLanguage\":\"it-IT\"},{\"@type\":\"WebPage\",\"@id\":\"https:\\\/\\\/www.organisator.ch\\\/operational-excellence\\\/2023-12-04\\\/unternehmen-muessen-glaubwuerdiger-werden\\\/\",\"url\":\"https:\\\/\\\/www.organisator.ch\\\/operational-excellence\\\/2023-12-04\\\/unternehmen-muessen-glaubwuerdiger-werden\\\/\",\"name\":\"Unternehmen m\u00fcssen glaubw\u00fcrdiger werden - Organisator\",\"isPartOf\":{\"@id\":\"https:\\\/\\\/www.organisator.ch\\\/#website\"},\"primaryImageOfPage\":{\"@id\":\"https:\\\/\\\/www.organisator.ch\\\/operational-excellence\\\/2023-12-04\\\/unternehmen-muessen-glaubwuerdiger-werden\\\/#primaryimage\"},\"image\":{\"@id\":\"https:\\\/\\\/www.organisator.ch\\\/operational-excellence\\\/2023-12-04\\\/unternehmen-muessen-glaubwuerdiger-werden\\\/#primaryimage\"},\"thumbnailUrl\":\"https:\\\/\\\/www.organisator.ch\\\/wp-content\\\/uploads\\\/2023\\\/12\\\/DEF_Bild1_ps.jpg\",\"datePublished\":\"2023-12-04T13:13:58+00:00\",\"description\":\"Am 30. November, fand das dritte FS Digital Executive Forum statt. Ein zukunftsorientierter Anlass zum Thema Glaubw\u00fcrdigkeit und Vertrauen im Unternehmenskontext.\",\"breadcrumb\":{\"@id\":\"https:\\\/\\\/www.organisator.ch\\\/operational-excellence\\\/2023-12-04\\\/unternehmen-muessen-glaubwuerdiger-werden\\\/#breadcrumb\"},\"inLanguage\":\"it-IT\",\"potentialAction\":[{\"@type\":\"ReadAction\",\"target\":[\"https:\\\/\\\/www.organisator.ch\\\/operational-excellence\\\/2023-12-04\\\/unternehmen-muessen-glaubwuerdiger-werden\\\/\"]}]},{\"@type\":\"ImageObject\",\"inLanguage\":\"it-IT\",\"@id\":\"https:\\\/\\\/www.organisator.ch\\\/operational-excellence\\\/2023-12-04\\\/unternehmen-muessen-glaubwuerdiger-werden\\\/#primaryimage\",\"url\":\"https:\\\/\\\/www.organisator.ch\\\/wp-content\\\/uploads\\\/2023\\\/12\\\/DEF_Bild1_ps.jpg\",\"contentUrl\":\"https:\\\/\\\/www.organisator.ch\\\/wp-content\\\/uploads\\\/2023\\\/12\\\/DEF_Bild1_ps.jpg\",\"width\":680,\"height\":454,\"caption\":\"Am 30. November, fand das dritte FS Digital Executive Forum statt. (Bild: www.digitalexecutiveforum.ch)\"},{\"@type\":\"BreadcrumbList\",\"@id\":\"https:\\\/\\\/www.organisator.ch\\\/operational-excellence\\\/2023-12-04\\\/unternehmen-muessen-glaubwuerdiger-werden\\\/#breadcrumb\",\"itemListElement\":[{\"@type\":\"ListItem\",\"position\":1,\"name\":\"Home\",\"item\":\"https:\\\/\\\/www.organisator.ch\\\/\"},{\"@type\":\"ListItem\",\"position\":2,\"name\":\"Unternehmen m\u00fcssen glaubw\u00fcrdiger werden\"}]},{\"@type\":\"WebSite\",\"@id\":\"https:\\\/\\\/www.organisator.ch\\\/#website\",\"url\":\"https:\\\/\\\/www.organisator.ch\\\/\",\"name\":\"Organisator\",\"description\":\"Kompetent. Praxisnah. Der ORGANISATOR bereitet in 10 Ausgaben pro Jahr die wesentlichen Themen f\u00fcr F\u00fchrungskr\u00e4fte von KMU auf.\",\"publisher\":{\"@id\":\"https:\\\/\\\/www.organisator.ch\\\/#organization\"},\"potentialAction\":[{\"@type\":\"SearchAction\",\"target\":{\"@type\":\"EntryPoint\",\"urlTemplate\":\"https:\\\/\\\/www.organisator.ch\\\/?s={search_term_string}\"},\"query-input\":{\"@type\":\"PropertyValueSpecification\",\"valueRequired\":true,\"valueName\":\"search_term_string\"}}],\"inLanguage\":\"it-IT\"},{\"@type\":\"Organization\",\"@id\":\"https:\\\/\\\/www.organisator.ch\\\/#organization\",\"name\":\"Organisator\",\"url\":\"https:\\\/\\\/www.organisator.ch\\\/\",\"logo\":{\"@type\":\"ImageObject\",\"inLanguage\":\"it-IT\",\"@id\":\"https:\\\/\\\/www.organisator.ch\\\/#\\\/schema\\\/logo\\\/image\\\/\",\"url\":\"https:\\\/\\\/www.organisator.ch\\\/wp-content\\\/uploads\\\/2022\\\/01\\\/Logo_Organisator_Website.png\",\"contentUrl\":\"https:\\\/\\\/www.organisator.ch\\\/wp-content\\\/uploads\\\/2022\\\/01\\\/Logo_Organisator_Website.png\",\"width\":800,\"height\":77,\"caption\":\"Organisator\"},\"image\":{\"@id\":\"https:\\\/\\\/www.organisator.ch\\\/#\\\/schema\\\/logo\\\/image\\\/\"},\"sameAs\":[\"https:\\\/\\\/www.facebook.com\\\/OrganisatorFachmagazin\",\"https:\\\/\\\/www.linkedin.com\\\/showcase\\\/organisator-das-magazin-fr-kmu\",\"https:\\\/\\\/www.xing.com\\\/news\\\/pages\\\/organisator-ch-695\",\"https:\\\/\\\/www.youtube.com\\\/channel\\\/UCGP2Sq0iWaZwT3BdIAQFYpw\"]},{\"@type\":\"Person\",\"@id\":\"https:\\\/\\\/www.organisator.ch\\\/#\\\/schema\\\/person\\\/2e1314a2172123f874db408d8911d3f3\",\"name\":\"Adelisa Kalajdzini\",\"image\":{\"@type\":\"ImageObject\",\"inLanguage\":\"it-IT\",\"@id\":\"https:\\\/\\\/secure.gravatar.com\\\/avatar\\\/09a397c22ac58cad6f160ee8306348599df9df58a8ede73696226897b9fa4b24?s=96&d=mm&r=g\",\"url\":\"https:\\\/\\\/secure.gravatar.com\\\/avatar\\\/09a397c22ac58cad6f160ee8306348599df9df58a8ede73696226897b9fa4b24?s=96&d=mm&r=g\",\"contentUrl\":\"https:\\\/\\\/secure.gravatar.com\\\/avatar\\\/09a397c22ac58cad6f160ee8306348599df9df58a8ede73696226897b9fa4b24?s=96&d=mm&r=g\",\"caption\":\"Adelisa Kalajdzini\"},\"url\":\"https:\\\/\\\/www.organisator.ch\\\/it\\\/author\\\/adelisa-kalajdzini\\\/\"}]}<\/script>\n<!-- \/ Yoast SEO plugin. -->","yoast_head_json":{"title":"Le aziende devono diventare pi\u00f9 credibili - Organizzatore","description":"Il 30 novembre si \u00e8 svolto il terzo FS Digital Executive Forum. Un evento orientato al futuro sul tema della credibilit\u00e0 e della fiducia nel contesto aziendale.","robots":{"index":"index","follow":"follow","max-snippet":"max-snippet:-1","max-image-preview":"max-image-preview:large","max-video-preview":"max-video-preview:-1"},"canonical":"https:\/\/www.organisator.ch\/it\/eccellenza-operativa\/2023-12-04\/unternehmen-muessen-glaubwuerdiger-werden\/","og_locale":"it_IT","og_type":"article","og_title":"Unternehmen m\u00fcssen glaubw\u00fcrdiger werden","og_description":"Am 30. November, fand das dritte FS Digital Executive Forum statt. Ein zukunftsorientierter Anlass zum Thema Glaubw\u00fcrdigkeit und Vertrauen im Unternehmenskontext.","og_url":"https:\/\/www.organisator.ch\/it\/eccellenza-operativa\/2023-12-04\/unternehmen-muessen-glaubwuerdiger-werden\/","og_site_name":"Organisator","article_publisher":"https:\/\/www.facebook.com\/OrganisatorFachmagazin","article_published_time":"2023-12-04T13:13:58+00:00","og_image":[{"width":680,"height":454,"url":"https:\/\/www.organisator.ch\/wp-content\/uploads\/2023\/12\/DEF_Bild1_ps.jpg","type":"image\/jpeg"}],"author":"Adelisa Kalajdzini","twitter_card":"summary_large_image","twitter_title":"Unternehmen m\u00fcssen glaubw\u00fcrdiger werden","twitter_description":"Am 30. November, fand das dritte #FS Digital Executive Forum statt. Ein zukunftsorientierter #Anlass zum Thema #Glaubw\u00fcrdigkeit und #Vertrauen im #Unternehmenskontext.","twitter_image":"https:\/\/www.organisator.ch\/wp-content\/uploads\/2023\/12\/DEF_Bild1_ps.jpg","schema":{"@context":"https:\/\/schema.org","@graph":[{"@type":"Article","@id":"https:\/\/www.organisator.ch\/operational-excellence\/2023-12-04\/unternehmen-muessen-glaubwuerdiger-werden\/#article","isPartOf":{"@id":"https:\/\/www.organisator.ch\/operational-excellence\/2023-12-04\/unternehmen-muessen-glaubwuerdiger-werden\/"},"author":{"name":"Adelisa Kalajdzini","@id":"https:\/\/www.organisator.ch\/#\/schema\/person\/2e1314a2172123f874db408d8911d3f3"},"headline":"Unternehmen m\u00fcssen glaubw\u00fcrdiger werden","datePublished":"2023-12-04T13:13:58+00:00","mainEntityOfPage":{"@id":"https:\/\/www.organisator.ch\/operational-excellence\/2023-12-04\/unternehmen-muessen-glaubwuerdiger-werden\/"},"wordCount":389,"publisher":{"@id":"https:\/\/www.organisator.ch\/#organization"},"image":{"@id":"https:\/\/www.organisator.ch\/operational-excellence\/2023-12-04\/unternehmen-muessen-glaubwuerdiger-werden\/#primaryimage"},"thumbnailUrl":"https:\/\/www.organisator.ch\/wp-content\/uploads\/2023\/12\/DEF_Bild1_ps.jpg","keywords":["Digitalisierung","Fachkr\u00e4ftemangel","Forum","Schweiz","Unternehmen"],"articleSection":["OPERATIONAL EXCELLENCE"],"inLanguage":"it-IT"},{"@type":"WebPage","@id":"https:\/\/www.organisator.ch\/operational-excellence\/2023-12-04\/unternehmen-muessen-glaubwuerdiger-werden\/","url":"https:\/\/www.organisator.ch\/operational-excellence\/2023-12-04\/unternehmen-muessen-glaubwuerdiger-werden\/","name":"Le aziende devono diventare pi\u00f9 credibili - Organizzatore","isPartOf":{"@id":"https:\/\/www.organisator.ch\/#website"},"primaryImageOfPage":{"@id":"https:\/\/www.organisator.ch\/operational-excellence\/2023-12-04\/unternehmen-muessen-glaubwuerdiger-werden\/#primaryimage"},"image":{"@id":"https:\/\/www.organisator.ch\/operational-excellence\/2023-12-04\/unternehmen-muessen-glaubwuerdiger-werden\/#primaryimage"},"thumbnailUrl":"https:\/\/www.organisator.ch\/wp-content\/uploads\/2023\/12\/DEF_Bild1_ps.jpg","datePublished":"2023-12-04T13:13:58+00:00","description":"Il 30 novembre si \u00e8 svolto il terzo FS Digital Executive Forum. Un evento orientato al futuro sul tema della credibilit\u00e0 e della fiducia nel contesto aziendale.","breadcrumb":{"@id":"https:\/\/www.organisator.ch\/operational-excellence\/2023-12-04\/unternehmen-muessen-glaubwuerdiger-werden\/#breadcrumb"},"inLanguage":"it-IT","potentialAction":[{"@type":"ReadAction","target":["https:\/\/www.organisator.ch\/operational-excellence\/2023-12-04\/unternehmen-muessen-glaubwuerdiger-werden\/"]}]},{"@type":"ImageObject","inLanguage":"it-IT","@id":"https:\/\/www.organisator.ch\/operational-excellence\/2023-12-04\/unternehmen-muessen-glaubwuerdiger-werden\/#primaryimage","url":"https:\/\/www.organisator.ch\/wp-content\/uploads\/2023\/12\/DEF_Bild1_ps.jpg","contentUrl":"https:\/\/www.organisator.ch\/wp-content\/uploads\/2023\/12\/DEF_Bild1_ps.jpg","width":680,"height":454,"caption":"Am 30. November, fand das dritte FS Digital Executive Forum statt. (Bild: www.digitalexecutiveforum.ch)"},{"@type":"BreadcrumbList","@id":"https:\/\/www.organisator.ch\/operational-excellence\/2023-12-04\/unternehmen-muessen-glaubwuerdiger-werden\/#breadcrumb","itemListElement":[{"@type":"ListItem","position":1,"name":"Home","item":"https:\/\/www.organisator.ch\/"},{"@type":"ListItem","position":2,"name":"Unternehmen m\u00fcssen glaubw\u00fcrdiger werden"}]},{"@type":"WebSite","@id":"https:\/\/www.organisator.ch\/#website","url":"https:\/\/www.organisator.ch\/","name":"Organizzatore","description":"Competente. Pratico. In 10 numeri all'anno, ORGANISATOR presenta i temi essenziali per i manager delle PMI.","publisher":{"@id":"https:\/\/www.organisator.ch\/#organization"},"potentialAction":[{"@type":"SearchAction","target":{"@type":"EntryPoint","urlTemplate":"https:\/\/www.organisator.ch\/?s={search_term_string}"},"query-input":{"@type":"PropertyValueSpecification","valueRequired":true,"valueName":"search_term_string"}}],"inLanguage":"it-IT"},{"@type":"Organization","@id":"https:\/\/www.organisator.ch\/#organization","name":"Organizzatore","url":"https:\/\/www.organisator.ch\/","logo":{"@type":"ImageObject","inLanguage":"it-IT","@id":"https:\/\/www.organisator.ch\/#\/schema\/logo\/image\/","url":"https:\/\/www.organisator.ch\/wp-content\/uploads\/2022\/01\/Logo_Organisator_Website.png","contentUrl":"https:\/\/www.organisator.ch\/wp-content\/uploads\/2022\/01\/Logo_Organisator_Website.png","width":800,"height":77,"caption":"Organisator"},"image":{"@id":"https:\/\/www.organisator.ch\/#\/schema\/logo\/image\/"},"sameAs":["https:\/\/www.facebook.com\/OrganisatorFachmagazin","https:\/\/www.linkedin.com\/showcase\/organisator-das-magazin-fr-kmu","https:\/\/www.xing.com\/news\/pages\/organisator-ch-695","https:\/\/www.youtube.com\/channel\/UCGP2Sq0iWaZwT3BdIAQFYpw"]},{"@type":"Person","@id":"https:\/\/www.organisator.ch\/#\/schema\/person\/2e1314a2172123f874db408d8911d3f3","name":"Adelisa Kalajdzini","image":{"@type":"ImageObject","inLanguage":"it-IT","@id":"https:\/\/secure.gravatar.com\/avatar\/09a397c22ac58cad6f160ee8306348599df9df58a8ede73696226897b9fa4b24?s=96&d=mm&r=g","url":"https:\/\/secure.gravatar.com\/avatar\/09a397c22ac58cad6f160ee8306348599df9df58a8ede73696226897b9fa4b24?s=96&d=mm&r=g","contentUrl":"https:\/\/secure.gravatar.com\/avatar\/09a397c22ac58cad6f160ee8306348599df9df58a8ede73696226897b9fa4b24?s=96&d=mm&r=g","caption":"Adelisa Kalajdzini"},"url":"https:\/\/www.organisator.ch\/it\/author\/adelisa-kalajdzini\/"}]}},"_links":{"self":[{"href":"https:\/\/www.organisator.ch\/it\/wp-json\/wp\/v2\/posts\/23702","targetHints":{"allow":["GET"]}}],"collection":[{"href":"https:\/\/www.organisator.ch\/it\/wp-json\/wp\/v2\/posts"}],"about":[{"href":"https:\/\/www.organisator.ch\/it\/wp-json\/wp\/v2\/types\/post"}],"author":[{"embeddable":true,"href":"https:\/\/www.organisator.ch\/it\/wp-json\/wp\/v2\/users\/58"}],"replies":[{"embeddable":true,"href":"https:\/\/www.organisator.ch\/it\/wp-json\/wp\/v2\/comments?post=23702"}],"version-history":[{"count":5,"href":"https:\/\/www.organisator.ch\/it\/wp-json\/wp\/v2\/posts\/23702\/revisions"}],"predecessor-version":[{"id":23708,"href":"https:\/\/www.organisator.ch\/it\/wp-json\/wp\/v2\/posts\/23702\/revisions\/23708"}],"wp:featuredmedia":[{"embeddable":true,"href":"https:\/\/www.organisator.ch\/it\/wp-json\/wp\/v2\/media\/23703"}],"wp:attachment":[{"href":"https:\/\/www.organisator.ch\/it\/wp-json\/wp\/v2\/media?parent=23702"}],"wp:term":[{"taxonomy":"category","embeddable":true,"href":"https:\/\/www.organisator.ch\/it\/wp-json\/wp\/v2\/categories?post=23702"},{"taxonomy":"post_tag","embeddable":true,"href":"https:\/\/www.organisator.ch\/it\/wp-json\/wp\/v2\/tags?post=23702"}],"curies":[{"name":"wp","href":"https:\/\/api.w.org\/{rel}","templated":true}]}}