{"id":2375,"date":"2019-08-13T17:58:03","date_gmt":"2019-08-13T15:58:03","guid":{"rendered":"https:\/\/www.umweltperspektiven.ch\/?p=2375"},"modified":"2022-02-09T11:06:52","modified_gmt":"2022-02-09T10:06:52","slug":"neue-sensorik-soll-die-luftqualitaet-in-staedten-verbessern","status":"publish","type":"post","link":"https:\/\/www.organisator.ch\/it\/sustainability\/2019-08-13\/neue-sensorik-soll-die-luftqualitaet-in-staedten-verbessern\/","title":{"rendered":"Una nuova tecnologia di sensori per migliorare la qualit\u00e0 dell'aria nelle citt\u00e0"},"content":{"rendered":"<figure id=\"attachment_2376\" aria-describedby=\"caption-attachment-2376\" style=\"width: 640px\" class=\"wp-caption alignnone\"><img loading=\"lazy\" decoding=\"async\" class=\"wp-image-2376 size-full\" src=\"\/\/www.umweltperspektiven.ch\/wp-content\/uploads\/2019\/08\/Co2_Grossstaedte.jpg\" alt=\"\" width=\"640\" height=\"427\" \/><figcaption id=\"caption-attachment-2376\" class=\"wp-caption-text\">Un nuovo progetto Horizon sta sviluppando sensori che possono rilevare i veicoli che passano sul lato della strada, sulle barriere antiurto o direttamente sui segnali stradali in pochi secondi. (Immagine simbolo: Unsplash)<\/figcaption><\/figure>\n<p>Cosa si intende per qualit\u00e0 dell'aria in un progetto di ricerca a livello europeo? In concreto, i ricercatori vogliono sviluppare nuovi sensori nel quadro del progetto di ricerca Horizon 2020 CARES (nuovi sensori che sono attaccati al bordo della strada, alle barriere antiurto o ai segnali stradali e rilevano i veicoli di passaggio in pochi secondi.<\/p>\n<p>\"Vogliamo monitorare le emissioni dei veicoli nelle citt\u00e0 e nelle zone ambientali in condizioni reali senza dover intervenire nel traffico a flusso libero\", spiega Alexander Bergmann, capo dell'Istituto per i sistemi di sensori elettronici alla TU Graz. Nel progetto, lui e il suo team sono principalmente responsabili di tutti gli aspetti della misurazione delle particelle - un'area in cui l'istituto \u00e8 una delle istituzioni leader a livello mondiale.<\/p>\n<p><strong>Molteplici opzioni per la regolazione del traffico<\/strong><\/p>\n<p>\"L'obiettivo \u00e8 quello di utilizzare le misurazioni per determinare la classe di emissioni di ogni singolo veicolo\", spiega Bergmann. Le citt\u00e0 potrebbero, per esempio, introdurre una tassa di congestione basata sulle emissioni: pi\u00f9 alte sono le emissioni di scarico dell'auto, pi\u00f9 alta \u00e8 la tassa da pagare. I permessi di ingresso nelle zone ambientali potrebbero anche essere monitorati automaticamente, con barriere automatiche che si aprono solo se le emissioni inquinanti dell'auto che si avvicina sono all'interno della gamma normale. Infine, il sistema di sensori potrebbe essere utilizzato per identificare e rimuovere dalla circolazione quei veicoli in cui le prestazioni del motore e quindi le emissioni inquinanti sono state aumentate da filtri antiparticolato manipolati o dal chip tuning.<\/p>\n<p><strong>Diapason come misuratori di particelle<\/strong><\/p>\n<p>Bergmann si aspetta che i sensori remoti a basso costo per la misurazione delle emissioni saranno pronti per la produzione in serie al pi\u00f9 tardi dopo la fine del progetto nel 2022. Tuttavia, si riferisce gi\u00e0 ai primi test promettenti presso l'Istituto, in cui vengono utilizzati diapason convenzionali. Questi sono messi in vibrazione da impulsi laser. Le particelle situate tra i rebbi del diapason sono stimolate dalla vibrazione e cominciano a \"cantare\" nel vero senso della parola. Ogni singola particella emette segnali acustici che vengono raccolti e riprodotti dal diapason. Pi\u00f9 particelle ci sono, pi\u00f9 forte \u00e8 il suono. Il volume pu\u00f2 quindi essere utilizzato per determinare quante particelle sono presenti nell'ambiente.<\/p>\n<p>La tecnica \u00e8 gi\u00e0 utilizzata con successo per le misurazioni di gas. \"Il nostro istituto \u00e8 stato ora in grado di dimostrare per la prima volta che questo funziona anche per le particelle e potrebbe essere una possibilit\u00e0 per un sensore a basso costo\", dice Bergmann. I ricercatori della TU Graz sperano che il metodo di misurazione si riveli anche nelle metropoli di Milano, Praga e Cracovia, dove le indagini vengono effettuate in funzione reale nell'ambito del progetto CARES.<\/p>\n<p>Il progetto di ricerca CARES \u00e8 finanziato nell'ambito del programma di ricerca e innovazione Horizon 2020 dell'Unione Europea con 3.326.735,50 EUR ed \u00e8 ancorato nel campo di competenza \"Information, Communication &amp; Computing\", una delle cinque aree di interesse strategico della TU Graz.<\/p>\n<p>Partner di cooperazione:<\/p>\n<ul>\n<li>Ivl Svenska Miljoeinstitutet (Lead Partner; SE)<\/li>\n<li>TU Graz (Istituto per i sistemi di sensori elettronici; Istituto per motori a combustione e termodinamica AT)<\/li>\n<li>Airyx Gmbh (DE)<\/li>\n<li>AMAT (Agenzia Mobilita' Ambiente E Territorio; IT)<\/li>\n<li>AUTh (Universit\u00e0 Aristotele di Salonicco; GR)<\/li>\n<li>CTU (Universit\u00e0 tecnica ceca di Praga; CZ)<\/li>\n<li>CULS (Universit\u00e0 Ceca di Scienze della Vita di Praga; CZ)<\/li>\n<li>EMPA (Laboratori federali svizzeri per la prova dei materiali e la ricerca; CH)<\/li>\n<li>ICCT (Consiglio internazionale per il trasporto pulito; IT)<\/li>\n<li>IIASA (Istituto internazionale per l'analisi dei sistemi applicati; AT)<\/li>\n<li>Innovhub - Stazioni Sperimentali Per L'industria (IT)<\/li>\n<li>Allarme Krakowski Smogowy (PL)<\/li>\n<li>TNO (Organizzazione olandese per la ricerca scientifica applicata; NL)<\/li>\n<li>Universit\u00e0 di Heidelberg (DE)<\/li>\n<li>Universit\u00e0 di Leeds (GB)<\/li>\n<li>Universit\u00e0 di York (GB)<\/li>\n<\/ul>\n<p><a href=\"\/\/ies.tugraz.at\">http:\/\/ies.tugraz.at<\/a><\/p>\n<p>&nbsp;<\/p>","protected":false},"excerpt":{"rendered":"<p>Was wird unter Luftqualit\u00e4t in einem europaweiten Forschungsprojekt verstanden? Konkret wollen die Forschenden Im Rahmen des Horizon 2020-Forschungsprojekts CARES (neue Sensoren entwickeln, die am Strassenrand, auf Leitplanken, oder Verkehrsschildern angebracht werden und vorbeifahrende Fahrzeuge in Sekundenschnelle detektieren. \u201eWir wollen die Fahrzeugemissionen in St\u00e4dten und Umweltzonen unter realen Bedingungen \u00fcberwachen, ohne in den frei fliessenden Verkehr [&hellip;]<\/p>\n","protected":false},"author":5,"featured_media":9627,"comment_status":"open","ping_status":"open","sticky":false,"template":"","format":"standard","meta":{"_acf_changed":false,"_yoast_wpseo_focuskw":"Luftqualit\u00e4t","_yoast_wpseo_metadesc":"Die Luftqualit\u00e4t in europ\u00e4ischen St\u00e4dten ist heute eine der gr\u00f6ssten Herausforderungen, unterstreicht das 2020-Forschungsprojekts CARES.","articlekey":"","footnotes":""},"categories":[580],"tags":[1138,1220,1649,2111,2184],"class_list":["post-2375","post","type-post","status-publish","format-standard","has-post-thumbnail","hentry","category-sustainability","tag-europa","tag-forschungsprojekt","tag-luftqualitaet","tag-sensorik","tag-staedte"],"acf":[],"yoast_head":"<!-- This site is optimized with the Yoast SEO plugin v27.5 - https:\/\/yoast.com\/product\/yoast-seo-wordpress\/ -->\n<title>Neue Sensorik soll die Luftqualit\u00e4t in St\u00e4dten verbessern - Organisator<\/title>\n<meta name=\"description\" content=\"Die Luftqualit\u00e4t in europ\u00e4ischen St\u00e4dten ist heute eine der gr\u00f6ssten Herausforderungen, unterstreicht das 2020-Forschungsprojekts CARES.\" \/>\n<meta name=\"robots\" content=\"index, follow, max-snippet:-1, max-image-preview:large, max-video-preview:-1\" \/>\n<link rel=\"canonical\" href=\"https:\/\/www.organisator.ch\/it\/sostenibilita\/2019-08-13\/neue-sensorik-soll-die-luftqualitaet-in-staedten-verbessern\/\" \/>\n<meta property=\"og:locale\" content=\"it_IT\" \/>\n<meta property=\"og:type\" content=\"article\" \/>\n<meta property=\"og:title\" content=\"Neue Sensorik soll die Luftqualit\u00e4t in St\u00e4dten verbessern - Organisator\" \/>\n<meta property=\"og:description\" content=\"Die Luftqualit\u00e4t in europ\u00e4ischen St\u00e4dten ist heute eine der gr\u00f6ssten Herausforderungen, unterstreicht das 2020-Forschungsprojekts CARES.\" \/>\n<meta property=\"og:url\" content=\"https:\/\/www.organisator.ch\/it\/sostenibilita\/2019-08-13\/neue-sensorik-soll-die-luftqualitaet-in-staedten-verbessern\/\" \/>\n<meta property=\"og:site_name\" content=\"Organisator\" \/>\n<meta property=\"article:publisher\" content=\"https:\/\/www.facebook.com\/OrganisatorFachmagazin\" \/>\n<meta property=\"article:published_time\" content=\"2019-08-13T15:58:03+00:00\" \/>\n<meta property=\"article:modified_time\" content=\"2022-02-09T10:06:52+00:00\" \/>\n<meta property=\"og:image\" content=\"https:\/\/www.organisator.ch\/wp-content\/uploads\/2019\/08\/Co2_Grossstaedte.jpg\" \/>\n\t<meta property=\"og:image:width\" content=\"640\" \/>\n\t<meta property=\"og:image:height\" content=\"427\" \/>\n\t<meta property=\"og:image:type\" content=\"image\/jpeg\" \/>\n<meta name=\"author\" content=\"michael.merz\" \/>\n<meta name=\"twitter:card\" content=\"summary_large_image\" \/>\n<script type=\"application\/ld+json\" class=\"yoast-schema-graph\">{\"@context\":\"https:\\\/\\\/schema.org\",\"@graph\":[{\"@type\":\"Article\",\"@id\":\"https:\\\/\\\/www.organisator.ch\\\/sustainability\\\/2019-08-13\\\/neue-sensorik-soll-die-luftqualitaet-in-staedten-verbessern\\\/#article\",\"isPartOf\":{\"@id\":\"https:\\\/\\\/www.organisator.ch\\\/sustainability\\\/2019-08-13\\\/neue-sensorik-soll-die-luftqualitaet-in-staedten-verbessern\\\/\"},\"author\":{\"name\":\"michael.merz\",\"@id\":\"https:\\\/\\\/www.organisator.ch\\\/#\\\/schema\\\/person\\\/134708ca9321c57b0362cceb7948ffbd\"},\"headline\":\"Neue Sensorik soll die Luftqualit\u00e4t in St\u00e4dten verbessern\",\"datePublished\":\"2019-08-13T15:58:03+00:00\",\"dateModified\":\"2022-02-09T10:06:52+00:00\",\"mainEntityOfPage\":{\"@id\":\"https:\\\/\\\/www.organisator.ch\\\/sustainability\\\/2019-08-13\\\/neue-sensorik-soll-die-luftqualitaet-in-staedten-verbessern\\\/\"},\"wordCount\":581,\"commentCount\":0,\"publisher\":{\"@id\":\"https:\\\/\\\/www.organisator.ch\\\/#organization\"},\"image\":{\"@id\":\"https:\\\/\\\/www.organisator.ch\\\/sustainability\\\/2019-08-13\\\/neue-sensorik-soll-die-luftqualitaet-in-staedten-verbessern\\\/#primaryimage\"},\"thumbnailUrl\":\"https:\\\/\\\/www.organisator.ch\\\/wp-content\\\/uploads\\\/2019\\\/08\\\/Co2_Grossstaedte.jpg\",\"keywords\":[\"Europa\",\"Forschungsprojekt\",\"Luftqualit\u00e4t\",\"Sensorik\",\"St\u00e4dte\"],\"articleSection\":[\"SUSTAINABILITY\"],\"inLanguage\":\"it-IT\"},{\"@type\":\"WebPage\",\"@id\":\"https:\\\/\\\/www.organisator.ch\\\/sustainability\\\/2019-08-13\\\/neue-sensorik-soll-die-luftqualitaet-in-staedten-verbessern\\\/\",\"url\":\"https:\\\/\\\/www.organisator.ch\\\/sustainability\\\/2019-08-13\\\/neue-sensorik-soll-die-luftqualitaet-in-staedten-verbessern\\\/\",\"name\":\"Neue Sensorik soll die Luftqualit\u00e4t in St\u00e4dten verbessern - Organisator\",\"isPartOf\":{\"@id\":\"https:\\\/\\\/www.organisator.ch\\\/#website\"},\"primaryImageOfPage\":{\"@id\":\"https:\\\/\\\/www.organisator.ch\\\/sustainability\\\/2019-08-13\\\/neue-sensorik-soll-die-luftqualitaet-in-staedten-verbessern\\\/#primaryimage\"},\"image\":{\"@id\":\"https:\\\/\\\/www.organisator.ch\\\/sustainability\\\/2019-08-13\\\/neue-sensorik-soll-die-luftqualitaet-in-staedten-verbessern\\\/#primaryimage\"},\"thumbnailUrl\":\"https:\\\/\\\/www.organisator.ch\\\/wp-content\\\/uploads\\\/2019\\\/08\\\/Co2_Grossstaedte.jpg\",\"datePublished\":\"2019-08-13T15:58:03+00:00\",\"dateModified\":\"2022-02-09T10:06:52+00:00\",\"description\":\"Die Luftqualit\u00e4t in europ\u00e4ischen St\u00e4dten ist heute eine der gr\u00f6ssten Herausforderungen, unterstreicht das 2020-Forschungsprojekts CARES.\",\"breadcrumb\":{\"@id\":\"https:\\\/\\\/www.organisator.ch\\\/sustainability\\\/2019-08-13\\\/neue-sensorik-soll-die-luftqualitaet-in-staedten-verbessern\\\/#breadcrumb\"},\"inLanguage\":\"it-IT\",\"potentialAction\":[{\"@type\":\"ReadAction\",\"target\":[\"https:\\\/\\\/www.organisator.ch\\\/sustainability\\\/2019-08-13\\\/neue-sensorik-soll-die-luftqualitaet-in-staedten-verbessern\\\/\"]}]},{\"@type\":\"ImageObject\",\"inLanguage\":\"it-IT\",\"@id\":\"https:\\\/\\\/www.organisator.ch\\\/sustainability\\\/2019-08-13\\\/neue-sensorik-soll-die-luftqualitaet-in-staedten-verbessern\\\/#primaryimage\",\"url\":\"https:\\\/\\\/www.organisator.ch\\\/wp-content\\\/uploads\\\/2019\\\/08\\\/Co2_Grossstaedte.jpg\",\"contentUrl\":\"https:\\\/\\\/www.organisator.ch\\\/wp-content\\\/uploads\\\/2019\\\/08\\\/Co2_Grossstaedte.jpg\",\"width\":640,\"height\":427},{\"@type\":\"BreadcrumbList\",\"@id\":\"https:\\\/\\\/www.organisator.ch\\\/sustainability\\\/2019-08-13\\\/neue-sensorik-soll-die-luftqualitaet-in-staedten-verbessern\\\/#breadcrumb\",\"itemListElement\":[{\"@type\":\"ListItem\",\"position\":1,\"name\":\"Home\",\"item\":\"https:\\\/\\\/www.organisator.ch\\\/\"},{\"@type\":\"ListItem\",\"position\":2,\"name\":\"Neue Sensorik soll die Luftqualit\u00e4t in St\u00e4dten verbessern\"}]},{\"@type\":\"WebSite\",\"@id\":\"https:\\\/\\\/www.organisator.ch\\\/#website\",\"url\":\"https:\\\/\\\/www.organisator.ch\\\/\",\"name\":\"Organisator\",\"description\":\"Kompetent. Praxisnah. Der ORGANISATOR bereitet in 10 Ausgaben pro Jahr die wesentlichen Themen f\u00fcr F\u00fchrungskr\u00e4fte von KMU auf.\",\"publisher\":{\"@id\":\"https:\\\/\\\/www.organisator.ch\\\/#organization\"},\"potentialAction\":[{\"@type\":\"SearchAction\",\"target\":{\"@type\":\"EntryPoint\",\"urlTemplate\":\"https:\\\/\\\/www.organisator.ch\\\/?s={search_term_string}\"},\"query-input\":{\"@type\":\"PropertyValueSpecification\",\"valueRequired\":true,\"valueName\":\"search_term_string\"}}],\"inLanguage\":\"it-IT\"},{\"@type\":\"Organization\",\"@id\":\"https:\\\/\\\/www.organisator.ch\\\/#organization\",\"name\":\"Organisator\",\"url\":\"https:\\\/\\\/www.organisator.ch\\\/\",\"logo\":{\"@type\":\"ImageObject\",\"inLanguage\":\"it-IT\",\"@id\":\"https:\\\/\\\/www.organisator.ch\\\/#\\\/schema\\\/logo\\\/image\\\/\",\"url\":\"https:\\\/\\\/www.organisator.ch\\\/wp-content\\\/uploads\\\/2022\\\/01\\\/Logo_Organisator_Website.png\",\"contentUrl\":\"https:\\\/\\\/www.organisator.ch\\\/wp-content\\\/uploads\\\/2022\\\/01\\\/Logo_Organisator_Website.png\",\"width\":800,\"height\":77,\"caption\":\"Organisator\"},\"image\":{\"@id\":\"https:\\\/\\\/www.organisator.ch\\\/#\\\/schema\\\/logo\\\/image\\\/\"},\"sameAs\":[\"https:\\\/\\\/www.facebook.com\\\/OrganisatorFachmagazin\",\"https:\\\/\\\/www.linkedin.com\\\/showcase\\\/organisator-das-magazin-fr-kmu\",\"https:\\\/\\\/www.xing.com\\\/news\\\/pages\\\/organisator-ch-695\",\"https:\\\/\\\/www.youtube.com\\\/channel\\\/UCGP2Sq0iWaZwT3BdIAQFYpw\"]},{\"@type\":\"Person\",\"@id\":\"https:\\\/\\\/www.organisator.ch\\\/#\\\/schema\\\/person\\\/134708ca9321c57b0362cceb7948ffbd\",\"name\":\"michael.merz\",\"image\":{\"@type\":\"ImageObject\",\"inLanguage\":\"it-IT\",\"@id\":\"https:\\\/\\\/secure.gravatar.com\\\/avatar\\\/?s=96&d=mm&r=g\",\"url\":\"https:\\\/\\\/secure.gravatar.com\\\/avatar\\\/?s=96&d=mm&r=g\",\"contentUrl\":\"https:\\\/\\\/secure.gravatar.com\\\/avatar\\\/?s=96&d=mm&r=g\",\"caption\":\"michael.merz\"},\"url\":\"https:\\\/\\\/www.organisator.ch\\\/it\\\/author\\\/michael-merz\\\/\"}]}<\/script>\n<!-- \/ Yoast SEO plugin. -->","yoast_head_json":{"title":"Una nuova tecnologia di sensori per migliorare la qualit\u00e0 dell'aria nelle citt\u00e0 - Organizzatore","description":"La qualit\u00e0 dell'aria nelle citt\u00e0 europee \u00e8 una delle maggiori sfide attuali, sottolinea il progetto di ricerca 2020 CARES.","robots":{"index":"index","follow":"follow","max-snippet":"max-snippet:-1","max-image-preview":"max-image-preview:large","max-video-preview":"max-video-preview:-1"},"canonical":"https:\/\/www.organisator.ch\/it\/sostenibilita\/2019-08-13\/neue-sensorik-soll-die-luftqualitaet-in-staedten-verbessern\/","og_locale":"it_IT","og_type":"article","og_title":"Neue Sensorik soll die Luftqualit\u00e4t in St\u00e4dten verbessern - Organisator","og_description":"Die Luftqualit\u00e4t in europ\u00e4ischen St\u00e4dten ist heute eine der gr\u00f6ssten Herausforderungen, unterstreicht das 2020-Forschungsprojekts CARES.","og_url":"https:\/\/www.organisator.ch\/it\/sostenibilita\/2019-08-13\/neue-sensorik-soll-die-luftqualitaet-in-staedten-verbessern\/","og_site_name":"Organisator","article_publisher":"https:\/\/www.facebook.com\/OrganisatorFachmagazin","article_published_time":"2019-08-13T15:58:03+00:00","article_modified_time":"2022-02-09T10:06:52+00:00","og_image":[{"width":640,"height":427,"url":"https:\/\/www.organisator.ch\/wp-content\/uploads\/2019\/08\/Co2_Grossstaedte.jpg","type":"image\/jpeg"}],"author":"michael.merz","twitter_card":"summary_large_image","schema":{"@context":"https:\/\/schema.org","@graph":[{"@type":"Article","@id":"https:\/\/www.organisator.ch\/sustainability\/2019-08-13\/neue-sensorik-soll-die-luftqualitaet-in-staedten-verbessern\/#article","isPartOf":{"@id":"https:\/\/www.organisator.ch\/sustainability\/2019-08-13\/neue-sensorik-soll-die-luftqualitaet-in-staedten-verbessern\/"},"author":{"name":"michael.merz","@id":"https:\/\/www.organisator.ch\/#\/schema\/person\/134708ca9321c57b0362cceb7948ffbd"},"headline":"Neue Sensorik soll die Luftqualit\u00e4t in St\u00e4dten verbessern","datePublished":"2019-08-13T15:58:03+00:00","dateModified":"2022-02-09T10:06:52+00:00","mainEntityOfPage":{"@id":"https:\/\/www.organisator.ch\/sustainability\/2019-08-13\/neue-sensorik-soll-die-luftqualitaet-in-staedten-verbessern\/"},"wordCount":581,"commentCount":0,"publisher":{"@id":"https:\/\/www.organisator.ch\/#organization"},"image":{"@id":"https:\/\/www.organisator.ch\/sustainability\/2019-08-13\/neue-sensorik-soll-die-luftqualitaet-in-staedten-verbessern\/#primaryimage"},"thumbnailUrl":"https:\/\/www.organisator.ch\/wp-content\/uploads\/2019\/08\/Co2_Grossstaedte.jpg","keywords":["Europa","Forschungsprojekt","Luftqualit\u00e4t","Sensorik","St\u00e4dte"],"articleSection":["SUSTAINABILITY"],"inLanguage":"it-IT"},{"@type":"WebPage","@id":"https:\/\/www.organisator.ch\/sustainability\/2019-08-13\/neue-sensorik-soll-die-luftqualitaet-in-staedten-verbessern\/","url":"https:\/\/www.organisator.ch\/sustainability\/2019-08-13\/neue-sensorik-soll-die-luftqualitaet-in-staedten-verbessern\/","name":"Una nuova tecnologia di sensori per migliorare la qualit\u00e0 dell'aria nelle citt\u00e0 - Organizzatore","isPartOf":{"@id":"https:\/\/www.organisator.ch\/#website"},"primaryImageOfPage":{"@id":"https:\/\/www.organisator.ch\/sustainability\/2019-08-13\/neue-sensorik-soll-die-luftqualitaet-in-staedten-verbessern\/#primaryimage"},"image":{"@id":"https:\/\/www.organisator.ch\/sustainability\/2019-08-13\/neue-sensorik-soll-die-luftqualitaet-in-staedten-verbessern\/#primaryimage"},"thumbnailUrl":"https:\/\/www.organisator.ch\/wp-content\/uploads\/2019\/08\/Co2_Grossstaedte.jpg","datePublished":"2019-08-13T15:58:03+00:00","dateModified":"2022-02-09T10:06:52+00:00","description":"La qualit\u00e0 dell'aria nelle citt\u00e0 europee \u00e8 una delle maggiori sfide attuali, sottolinea il progetto di ricerca 2020 CARES.","breadcrumb":{"@id":"https:\/\/www.organisator.ch\/sustainability\/2019-08-13\/neue-sensorik-soll-die-luftqualitaet-in-staedten-verbessern\/#breadcrumb"},"inLanguage":"it-IT","potentialAction":[{"@type":"ReadAction","target":["https:\/\/www.organisator.ch\/sustainability\/2019-08-13\/neue-sensorik-soll-die-luftqualitaet-in-staedten-verbessern\/"]}]},{"@type":"ImageObject","inLanguage":"it-IT","@id":"https:\/\/www.organisator.ch\/sustainability\/2019-08-13\/neue-sensorik-soll-die-luftqualitaet-in-staedten-verbessern\/#primaryimage","url":"https:\/\/www.organisator.ch\/wp-content\/uploads\/2019\/08\/Co2_Grossstaedte.jpg","contentUrl":"https:\/\/www.organisator.ch\/wp-content\/uploads\/2019\/08\/Co2_Grossstaedte.jpg","width":640,"height":427},{"@type":"BreadcrumbList","@id":"https:\/\/www.organisator.ch\/sustainability\/2019-08-13\/neue-sensorik-soll-die-luftqualitaet-in-staedten-verbessern\/#breadcrumb","itemListElement":[{"@type":"ListItem","position":1,"name":"Home","item":"https:\/\/www.organisator.ch\/"},{"@type":"ListItem","position":2,"name":"Neue Sensorik soll die Luftqualit\u00e4t in St\u00e4dten verbessern"}]},{"@type":"WebSite","@id":"https:\/\/www.organisator.ch\/#website","url":"https:\/\/www.organisator.ch\/","name":"Organizzatore","description":"Competente. Pratico. In 10 numeri all'anno, ORGANISATOR presenta i temi essenziali per i manager delle PMI.","publisher":{"@id":"https:\/\/www.organisator.ch\/#organization"},"potentialAction":[{"@type":"SearchAction","target":{"@type":"EntryPoint","urlTemplate":"https:\/\/www.organisator.ch\/?s={search_term_string}"},"query-input":{"@type":"PropertyValueSpecification","valueRequired":true,"valueName":"search_term_string"}}],"inLanguage":"it-IT"},{"@type":"Organization","@id":"https:\/\/www.organisator.ch\/#organization","name":"Organizzatore","url":"https:\/\/www.organisator.ch\/","logo":{"@type":"ImageObject","inLanguage":"it-IT","@id":"https:\/\/www.organisator.ch\/#\/schema\/logo\/image\/","url":"https:\/\/www.organisator.ch\/wp-content\/uploads\/2022\/01\/Logo_Organisator_Website.png","contentUrl":"https:\/\/www.organisator.ch\/wp-content\/uploads\/2022\/01\/Logo_Organisator_Website.png","width":800,"height":77,"caption":"Organisator"},"image":{"@id":"https:\/\/www.organisator.ch\/#\/schema\/logo\/image\/"},"sameAs":["https:\/\/www.facebook.com\/OrganisatorFachmagazin","https:\/\/www.linkedin.com\/showcase\/organisator-das-magazin-fr-kmu","https:\/\/www.xing.com\/news\/pages\/organisator-ch-695","https:\/\/www.youtube.com\/channel\/UCGP2Sq0iWaZwT3BdIAQFYpw"]},{"@type":"Person","@id":"https:\/\/www.organisator.ch\/#\/schema\/person\/134708ca9321c57b0362cceb7948ffbd","name":"michael.merz","image":{"@type":"ImageObject","inLanguage":"it-IT","@id":"https:\/\/secure.gravatar.com\/avatar\/?s=96&d=mm&r=g","url":"https:\/\/secure.gravatar.com\/avatar\/?s=96&d=mm&r=g","contentUrl":"https:\/\/secure.gravatar.com\/avatar\/?s=96&d=mm&r=g","caption":"michael.merz"},"url":"https:\/\/www.organisator.ch\/it\/author\/michael-merz\/"}]}},"_links":{"self":[{"href":"https:\/\/www.organisator.ch\/it\/wp-json\/wp\/v2\/posts\/2375","targetHints":{"allow":["GET"]}}],"collection":[{"href":"https:\/\/www.organisator.ch\/it\/wp-json\/wp\/v2\/posts"}],"about":[{"href":"https:\/\/www.organisator.ch\/it\/wp-json\/wp\/v2\/types\/post"}],"author":[{"embeddable":true,"href":"https:\/\/www.organisator.ch\/it\/wp-json\/wp\/v2\/users\/5"}],"replies":[{"embeddable":true,"href":"https:\/\/www.organisator.ch\/it\/wp-json\/wp\/v2\/comments?post=2375"}],"version-history":[{"count":1,"href":"https:\/\/www.organisator.ch\/it\/wp-json\/wp\/v2\/posts\/2375\/revisions"}],"predecessor-version":[{"id":10696,"href":"https:\/\/www.organisator.ch\/it\/wp-json\/wp\/v2\/posts\/2375\/revisions\/10696"}],"wp:featuredmedia":[{"embeddable":true,"href":"https:\/\/www.organisator.ch\/it\/wp-json\/wp\/v2\/media\/9627"}],"wp:attachment":[{"href":"https:\/\/www.organisator.ch\/it\/wp-json\/wp\/v2\/media?parent=2375"}],"wp:term":[{"taxonomy":"category","embeddable":true,"href":"https:\/\/www.organisator.ch\/it\/wp-json\/wp\/v2\/categories?post=2375"},{"taxonomy":"post_tag","embeddable":true,"href":"https:\/\/www.organisator.ch\/it\/wp-json\/wp\/v2\/tags?post=2375"}],"curies":[{"name":"wp","href":"https:\/\/api.w.org\/{rel}","templated":true}]}}