{"id":2379,"date":"2019-08-16T08:00:24","date_gmt":"2019-08-16T06:00:24","guid":{"rendered":"https:\/\/www.umweltperspektiven.ch\/?p=2379"},"modified":"2019-08-16T08:00:24","modified_gmt":"2019-08-16T06:00:24","slug":"fachmesse-holz-2019-eingaberekord","status":"publish","type":"post","link":"https:\/\/www.organisator.ch\/it\/allgemein\/2019-08-16\/fachmesse-holz-2019-eingaberekord\/","title":{"rendered":"Fiera Holz 2019: numero record di iscrizioni"},"content":{"rendered":"<div>\n<figure id=\"attachment_2380\" aria-describedby=\"caption-attachment-2380\" style=\"width: 680px\" class=\"wp-caption alignnone\"><img loading=\"lazy\" decoding=\"async\" class=\"size-medium wp-image-2380\" src=\"\/\/www.umweltperspektiven.ch\/wp-content\/uploads\/2019\/08\/wissen_holz_neu.jpg\" alt=\"\" width=\"680\" height=\"452\" \/><figcaption id=\"caption-attachment-2380\" class=\"wp-caption-text\">Nell'ambito dell'Innovation Award saranno premiate per la quarta volta le innovazioni, le tendenze e gli ulteriori sviluppi lungimiranti nel settore della lavorazione del legno. (Immagine simbolo: zVg)<\/figcaption><\/figure>\n<p>La giuria di esperti guidata da Erich Zeller (membro del comitato consultivo della fiera) ha nominato sei progetti per il Wood Innovation Award 2019 a nome della fiera Holz. Nell'ambito dell'Innovation Award saranno premiate per la quarta volta le innovazioni, le tendenze e gli ulteriori sviluppi lungimiranti nell'industria della lavorazione del legno. I sei progetti nominati hanno convinto la giuria con il loro alto grado di innovazione, i benefici per l'industria e la loro efficienza economica.<\/p>\n<p>Saranno premiati i progetti che offrono un'innovazione tecnologica, di processo o di prodotto sul tema del legno. Le aziende e le organizzazioni che presenteranno le loro innovazioni a Holz 2019 hanno partecipato al concorso. L'obiettivo del premio \u00e8 quello di fornire un palcoscenico adeguato per il legno come materiale e per la forza innovativa dei singoli fornitori, sottolineando cos\u00ec l'importanza economica del settore.<\/p>\n<p><strong>Sei aziende nominate per il Premio Innovazione <\/strong><br \/>\nLa giuria di esperti provenienti dai settori della falegnameria, delle costruzioni in legno, dell'istruzione\/ricerca, del commercio di macchine e utensili, dei materiali e dell'IT\/digitalizzazione ha selezionato una rosa di dieci innovazioni tra il gran numero di candidature, da cui sono stati nominati sei progetti.<\/p>\n<p>I nominati sono (dalla A-Z): <strong><br \/>\n<\/strong><\/p>\n<ul>\n<li>EPUR SAS, Rodome (F), OAKBOT: L'agile fresatrice robotica per la lavorazione del legno<\/li>\n<li>HAWA Sliding Solutions AG, Mettmenstetten (CH), HAWA Suono - per porte scorrevoli fonoisolanti<\/li>\n<li>HM-Spoerri AG \/ Felder-Group, Bachenb\u00fclach (CH), Formato- 4 gluebox - Bordatura PUR senza vaso di colla<\/li>\n<li>Lamello AG, Bubendorf (CH), Cabineo 8, M6, Connettore per carcasse senza usura<\/li>\n<li>SWISS KRONO AG, Menznau (CH), BE.YOND (truciolato) - Come natura vuole<\/li>\n<li>Strutture in legno 3.0 AG, Thun (CH), TS3 - Grandi superfici in legno<\/li>\n<\/ul>\n<p>&nbsp;<\/p>\n<p><strong>Cerimonia di premiazione all'apertura ufficiale dell'Holz <\/strong><br \/>\nI vincitori saranno annunciati durante l'apertura ufficiale di Holz 2019 il primo giorno della fiera, il 15 ottobre 2019. Tre delle innovazioni nominate possono sperare nell'oro, nell'argento o nel bronzo. Per la prima volta, un premio speciale della giuria sar\u00e0 assegnato a progetti eccezionali.<\/p>\n<p><em>La migliore lista delle voci di quest'anno cos\u00ec come i brevi ritratti delle sei aziende nominate si possono trovare su <\/em><a href=\"\/\/www.holz.ch\/innovationspreis\" target=\"_blank\" rel=\"noopener\"><em>www.holz.ch\/innovationspreis<\/em><\/a><\/p>\n<\/div>","protected":false},"excerpt":{"rendered":"<p>Die Fachjury unter der Leitung von Erich Zeller (Mitglied des Messebeirats) hat im Auftrag der Fachmesse Holz sechs Projekte f\u00fcr den Innovationspreis Holz 2019 nominiert. Im Rahmen des Innovationspreises werden zum vierten Mal Neuheiten, Trends und zukunftsweisende Weiterentwicklungen der Holzbearbeitungsbranche pr\u00e4miert. Die sechs nominierten Projekte haben die Jury durch ihren hohen Grad an Innovation, den [&hellip;]<\/p>\n","protected":false},"author":5,"featured_media":9628,"comment_status":"open","ping_status":"open","sticky":false,"template":"","format":"standard","meta":{"_acf_changed":false,"_yoast_wpseo_focuskw":"Fachmesse Holz","_yoast_wpseo_metadesc":"","articlekey":"","footnotes":""},"categories":[1],"tags":[65,1149,1369,424],"class_list":["post-2379","post","type-post","status-publish","format-standard","has-post-thumbnail","hentry","category-allgemein","tag-award","tag-fachmesse","tag-holz","tag-schweiz"],"acf":[],"yoast_head":"<!-- This site is optimized with the Yoast SEO plugin v27.4 - https:\/\/yoast.com\/product\/yoast-seo-wordpress\/ -->\n<title>Fachmesse Holz 2019: Eingaberekord - Organisator<\/title>\n<meta name=\"robots\" content=\"index, follow, max-snippet:-1, max-image-preview:large, max-video-preview:-1\" \/>\n<link rel=\"canonical\" href=\"https:\/\/www.organisator.ch\/it\/generale\/2019-08-16\/fachmesse-holz-2019-eingaberekord\/\" \/>\n<meta property=\"og:locale\" content=\"it_IT\" \/>\n<meta property=\"og:type\" content=\"article\" \/>\n<meta property=\"og:title\" content=\"Fachmesse Holz 2019: Eingaberekord - Organisator\" \/>\n<meta property=\"og:description\" content=\"Die Fachjury unter der Leitung von Erich Zeller (Mitglied des Messebeirats) hat im Auftrag der Fachmesse Holz sechs Projekte f\u00fcr den Innovationspreis Holz 2019 nominiert. Im Rahmen des Innovationspreises werden zum vierten Mal Neuheiten, Trends und zukunftsweisende Weiterentwicklungen der Holzbearbeitungsbranche pr\u00e4miert. Die sechs nominierten Projekte haben die Jury durch ihren hohen Grad an Innovation, den [&hellip;]\" \/>\n<meta property=\"og:url\" content=\"https:\/\/www.organisator.ch\/it\/generale\/2019-08-16\/fachmesse-holz-2019-eingaberekord\/\" \/>\n<meta property=\"og:site_name\" content=\"Organisator\" \/>\n<meta property=\"article:publisher\" content=\"https:\/\/www.facebook.com\/OrganisatorFachmagazin\" \/>\n<meta property=\"article:published_time\" content=\"2019-08-16T06:00:24+00:00\" \/>\n<meta property=\"og:image\" content=\"https:\/\/www.organisator.ch\/wp-content\/uploads\/2019\/08\/wissen_holz_neu-1024x681.jpg\" \/>\n\t<meta property=\"og:image:width\" content=\"1024\" \/>\n\t<meta property=\"og:image:height\" content=\"681\" \/>\n\t<meta property=\"og:image:type\" content=\"image\/jpeg\" \/>\n<meta name=\"author\" content=\"michael.merz\" \/>\n<meta name=\"twitter:card\" content=\"summary_large_image\" \/>\n<script type=\"application\/ld+json\" class=\"yoast-schema-graph\">{\"@context\":\"https:\\\/\\\/schema.org\",\"@graph\":[{\"@type\":\"Article\",\"@id\":\"https:\\\/\\\/www.organisator.ch\\\/en\\\/general\\\/2019-08-16\\\/fachmesse-holz-2019-eingaberekord\\\/#article\",\"isPartOf\":{\"@id\":\"https:\\\/\\\/www.organisator.ch\\\/en\\\/general\\\/2019-08-16\\\/fachmesse-holz-2019-eingaberekord\\\/\"},\"author\":{\"name\":\"michael.merz\",\"@id\":\"https:\\\/\\\/www.organisator.ch\\\/#\\\/schema\\\/person\\\/134708ca9321c57b0362cceb7948ffbd\"},\"headline\":\"Fachmesse Holz 2019: Eingaberekord\",\"datePublished\":\"2019-08-16T06:00:24+00:00\",\"mainEntityOfPage\":{\"@id\":\"https:\\\/\\\/www.organisator.ch\\\/en\\\/general\\\/2019-08-16\\\/fachmesse-holz-2019-eingaberekord\\\/\"},\"wordCount\":342,\"commentCount\":0,\"publisher\":{\"@id\":\"https:\\\/\\\/www.organisator.ch\\\/#organization\"},\"image\":{\"@id\":\"https:\\\/\\\/www.organisator.ch\\\/en\\\/general\\\/2019-08-16\\\/fachmesse-holz-2019-eingaberekord\\\/#primaryimage\"},\"thumbnailUrl\":\"https:\\\/\\\/www.organisator.ch\\\/wp-content\\\/uploads\\\/2019\\\/08\\\/wissen_holz_neu.jpg\",\"keywords\":[\"Award\",\"Fachmesse\",\"Holz\",\"Schweiz\"],\"articleSection\":[\"Allgemein\"],\"inLanguage\":\"it-IT\"},{\"@type\":\"WebPage\",\"@id\":\"https:\\\/\\\/www.organisator.ch\\\/en\\\/general\\\/2019-08-16\\\/fachmesse-holz-2019-eingaberekord\\\/\",\"url\":\"https:\\\/\\\/www.organisator.ch\\\/en\\\/general\\\/2019-08-16\\\/fachmesse-holz-2019-eingaberekord\\\/\",\"name\":\"Fachmesse Holz 2019: Eingaberekord - Organisator\",\"isPartOf\":{\"@id\":\"https:\\\/\\\/www.organisator.ch\\\/#website\"},\"primaryImageOfPage\":{\"@id\":\"https:\\\/\\\/www.organisator.ch\\\/en\\\/general\\\/2019-08-16\\\/fachmesse-holz-2019-eingaberekord\\\/#primaryimage\"},\"image\":{\"@id\":\"https:\\\/\\\/www.organisator.ch\\\/en\\\/general\\\/2019-08-16\\\/fachmesse-holz-2019-eingaberekord\\\/#primaryimage\"},\"thumbnailUrl\":\"https:\\\/\\\/www.organisator.ch\\\/wp-content\\\/uploads\\\/2019\\\/08\\\/wissen_holz_neu.jpg\",\"datePublished\":\"2019-08-16T06:00:24+00:00\",\"breadcrumb\":{\"@id\":\"https:\\\/\\\/www.organisator.ch\\\/en\\\/general\\\/2019-08-16\\\/fachmesse-holz-2019-eingaberekord\\\/#breadcrumb\"},\"inLanguage\":\"it-IT\",\"potentialAction\":[{\"@type\":\"ReadAction\",\"target\":[\"https:\\\/\\\/www.organisator.ch\\\/en\\\/general\\\/2019-08-16\\\/fachmesse-holz-2019-eingaberekord\\\/\"]}]},{\"@type\":\"ImageObject\",\"inLanguage\":\"it-IT\",\"@id\":\"https:\\\/\\\/www.organisator.ch\\\/en\\\/general\\\/2019-08-16\\\/fachmesse-holz-2019-eingaberekord\\\/#primaryimage\",\"url\":\"https:\\\/\\\/www.organisator.ch\\\/wp-content\\\/uploads\\\/2019\\\/08\\\/wissen_holz_neu.jpg\",\"contentUrl\":\"https:\\\/\\\/www.organisator.ch\\\/wp-content\\\/uploads\\\/2019\\\/08\\\/wissen_holz_neu.jpg\",\"width\":2000,\"height\":1330,\"caption\":\"Im Rahmen des Innovationspreises werden zum vierten Mal Neuheiten, Trends und zukunftsweisende Weiterentwicklungen der Holzbearbeitungsbranche pr\u00e4miert. (Symbolbild: zVg)\"},{\"@type\":\"BreadcrumbList\",\"@id\":\"https:\\\/\\\/www.organisator.ch\\\/en\\\/general\\\/2019-08-16\\\/fachmesse-holz-2019-eingaberekord\\\/#breadcrumb\",\"itemListElement\":[{\"@type\":\"ListItem\",\"position\":1,\"name\":\"Home\",\"item\":\"https:\\\/\\\/www.organisator.ch\\\/\"},{\"@type\":\"ListItem\",\"position\":2,\"name\":\"Fachmesse Holz 2019: Eingaberekord\"}]},{\"@type\":\"WebSite\",\"@id\":\"https:\\\/\\\/www.organisator.ch\\\/#website\",\"url\":\"https:\\\/\\\/www.organisator.ch\\\/\",\"name\":\"Organisator\",\"description\":\"Kompetent. Praxisnah. Der ORGANISATOR bereitet in 10 Ausgaben pro Jahr die wesentlichen Themen f\u00fcr F\u00fchrungskr\u00e4fte von KMU auf.\",\"publisher\":{\"@id\":\"https:\\\/\\\/www.organisator.ch\\\/#organization\"},\"potentialAction\":[{\"@type\":\"SearchAction\",\"target\":{\"@type\":\"EntryPoint\",\"urlTemplate\":\"https:\\\/\\\/www.organisator.ch\\\/?s={search_term_string}\"},\"query-input\":{\"@type\":\"PropertyValueSpecification\",\"valueRequired\":true,\"valueName\":\"search_term_string\"}}],\"inLanguage\":\"it-IT\"},{\"@type\":\"Organization\",\"@id\":\"https:\\\/\\\/www.organisator.ch\\\/#organization\",\"name\":\"Organisator\",\"url\":\"https:\\\/\\\/www.organisator.ch\\\/\",\"logo\":{\"@type\":\"ImageObject\",\"inLanguage\":\"it-IT\",\"@id\":\"https:\\\/\\\/www.organisator.ch\\\/#\\\/schema\\\/logo\\\/image\\\/\",\"url\":\"https:\\\/\\\/www.organisator.ch\\\/wp-content\\\/uploads\\\/2022\\\/01\\\/Logo_Organisator_Website.png\",\"contentUrl\":\"https:\\\/\\\/www.organisator.ch\\\/wp-content\\\/uploads\\\/2022\\\/01\\\/Logo_Organisator_Website.png\",\"width\":800,\"height\":77,\"caption\":\"Organisator\"},\"image\":{\"@id\":\"https:\\\/\\\/www.organisator.ch\\\/#\\\/schema\\\/logo\\\/image\\\/\"},\"sameAs\":[\"https:\\\/\\\/www.facebook.com\\\/OrganisatorFachmagazin\",\"https:\\\/\\\/www.linkedin.com\\\/showcase\\\/organisator-das-magazin-fr-kmu\",\"https:\\\/\\\/www.xing.com\\\/news\\\/pages\\\/organisator-ch-695\",\"https:\\\/\\\/www.youtube.com\\\/channel\\\/UCGP2Sq0iWaZwT3BdIAQFYpw\"]},{\"@type\":\"Person\",\"@id\":\"https:\\\/\\\/www.organisator.ch\\\/#\\\/schema\\\/person\\\/134708ca9321c57b0362cceb7948ffbd\",\"name\":\"michael.merz\",\"image\":{\"@type\":\"ImageObject\",\"inLanguage\":\"it-IT\",\"@id\":\"https:\\\/\\\/secure.gravatar.com\\\/avatar\\\/?s=96&d=mm&r=g\",\"url\":\"https:\\\/\\\/secure.gravatar.com\\\/avatar\\\/?s=96&d=mm&r=g\",\"contentUrl\":\"https:\\\/\\\/secure.gravatar.com\\\/avatar\\\/?s=96&d=mm&r=g\",\"caption\":\"michael.merz\"},\"url\":\"https:\\\/\\\/www.organisator.ch\\\/it\\\/author\\\/michael-merz\\\/\"}]}<\/script>\n<!-- \/ Yoast SEO plugin. -->","yoast_head_json":{"title":"Fiera Holz 2019: registrazione delle iscrizioni - Organizzatore","robots":{"index":"index","follow":"follow","max-snippet":"max-snippet:-1","max-image-preview":"max-image-preview:large","max-video-preview":"max-video-preview:-1"},"canonical":"https:\/\/www.organisator.ch\/it\/generale\/2019-08-16\/fachmesse-holz-2019-eingaberekord\/","og_locale":"it_IT","og_type":"article","og_title":"Fachmesse Holz 2019: Eingaberekord - Organisator","og_description":"Die Fachjury unter der Leitung von Erich Zeller (Mitglied des Messebeirats) hat im Auftrag der Fachmesse Holz sechs Projekte f\u00fcr den Innovationspreis Holz 2019 nominiert. Im Rahmen des Innovationspreises werden zum vierten Mal Neuheiten, Trends und zukunftsweisende Weiterentwicklungen der Holzbearbeitungsbranche pr\u00e4miert. Die sechs nominierten Projekte haben die Jury durch ihren hohen Grad an Innovation, den [&hellip;]","og_url":"https:\/\/www.organisator.ch\/it\/generale\/2019-08-16\/fachmesse-holz-2019-eingaberekord\/","og_site_name":"Organisator","article_publisher":"https:\/\/www.facebook.com\/OrganisatorFachmagazin","article_published_time":"2019-08-16T06:00:24+00:00","og_image":[{"width":1024,"height":681,"url":"https:\/\/www.organisator.ch\/wp-content\/uploads\/2019\/08\/wissen_holz_neu-1024x681.jpg","type":"image\/jpeg"}],"author":"michael.merz","twitter_card":"summary_large_image","schema":{"@context":"https:\/\/schema.org","@graph":[{"@type":"Article","@id":"https:\/\/www.organisator.ch\/en\/general\/2019-08-16\/fachmesse-holz-2019-eingaberekord\/#article","isPartOf":{"@id":"https:\/\/www.organisator.ch\/en\/general\/2019-08-16\/fachmesse-holz-2019-eingaberekord\/"},"author":{"name":"michael.merz","@id":"https:\/\/www.organisator.ch\/#\/schema\/person\/134708ca9321c57b0362cceb7948ffbd"},"headline":"Fachmesse Holz 2019: Eingaberekord","datePublished":"2019-08-16T06:00:24+00:00","mainEntityOfPage":{"@id":"https:\/\/www.organisator.ch\/en\/general\/2019-08-16\/fachmesse-holz-2019-eingaberekord\/"},"wordCount":342,"commentCount":0,"publisher":{"@id":"https:\/\/www.organisator.ch\/#organization"},"image":{"@id":"https:\/\/www.organisator.ch\/en\/general\/2019-08-16\/fachmesse-holz-2019-eingaberekord\/#primaryimage"},"thumbnailUrl":"https:\/\/www.organisator.ch\/wp-content\/uploads\/2019\/08\/wissen_holz_neu.jpg","keywords":["Award","Fachmesse","Holz","Schweiz"],"articleSection":["Allgemein"],"inLanguage":"it-IT"},{"@type":"WebPage","@id":"https:\/\/www.organisator.ch\/en\/general\/2019-08-16\/fachmesse-holz-2019-eingaberekord\/","url":"https:\/\/www.organisator.ch\/en\/general\/2019-08-16\/fachmesse-holz-2019-eingaberekord\/","name":"Fiera Holz 2019: registrazione delle iscrizioni - Organizzatore","isPartOf":{"@id":"https:\/\/www.organisator.ch\/#website"},"primaryImageOfPage":{"@id":"https:\/\/www.organisator.ch\/en\/general\/2019-08-16\/fachmesse-holz-2019-eingaberekord\/#primaryimage"},"image":{"@id":"https:\/\/www.organisator.ch\/en\/general\/2019-08-16\/fachmesse-holz-2019-eingaberekord\/#primaryimage"},"thumbnailUrl":"https:\/\/www.organisator.ch\/wp-content\/uploads\/2019\/08\/wissen_holz_neu.jpg","datePublished":"2019-08-16T06:00:24+00:00","breadcrumb":{"@id":"https:\/\/www.organisator.ch\/en\/general\/2019-08-16\/fachmesse-holz-2019-eingaberekord\/#breadcrumb"},"inLanguage":"it-IT","potentialAction":[{"@type":"ReadAction","target":["https:\/\/www.organisator.ch\/en\/general\/2019-08-16\/fachmesse-holz-2019-eingaberekord\/"]}]},{"@type":"ImageObject","inLanguage":"it-IT","@id":"https:\/\/www.organisator.ch\/en\/general\/2019-08-16\/fachmesse-holz-2019-eingaberekord\/#primaryimage","url":"https:\/\/www.organisator.ch\/wp-content\/uploads\/2019\/08\/wissen_holz_neu.jpg","contentUrl":"https:\/\/www.organisator.ch\/wp-content\/uploads\/2019\/08\/wissen_holz_neu.jpg","width":2000,"height":1330,"caption":"Im Rahmen des Innovationspreises werden zum vierten Mal Neuheiten, Trends und zukunftsweisende Weiterentwicklungen der Holzbearbeitungsbranche pr\u00e4miert. (Symbolbild: zVg)"},{"@type":"BreadcrumbList","@id":"https:\/\/www.organisator.ch\/en\/general\/2019-08-16\/fachmesse-holz-2019-eingaberekord\/#breadcrumb","itemListElement":[{"@type":"ListItem","position":1,"name":"Home","item":"https:\/\/www.organisator.ch\/"},{"@type":"ListItem","position":2,"name":"Fachmesse Holz 2019: Eingaberekord"}]},{"@type":"WebSite","@id":"https:\/\/www.organisator.ch\/#website","url":"https:\/\/www.organisator.ch\/","name":"Organizzatore","description":"Competente. Pratico. In 10 numeri all'anno, ORGANISATOR presenta i temi essenziali per i manager delle PMI.","publisher":{"@id":"https:\/\/www.organisator.ch\/#organization"},"potentialAction":[{"@type":"SearchAction","target":{"@type":"EntryPoint","urlTemplate":"https:\/\/www.organisator.ch\/?s={search_term_string}"},"query-input":{"@type":"PropertyValueSpecification","valueRequired":true,"valueName":"search_term_string"}}],"inLanguage":"it-IT"},{"@type":"Organization","@id":"https:\/\/www.organisator.ch\/#organization","name":"Organizzatore","url":"https:\/\/www.organisator.ch\/","logo":{"@type":"ImageObject","inLanguage":"it-IT","@id":"https:\/\/www.organisator.ch\/#\/schema\/logo\/image\/","url":"https:\/\/www.organisator.ch\/wp-content\/uploads\/2022\/01\/Logo_Organisator_Website.png","contentUrl":"https:\/\/www.organisator.ch\/wp-content\/uploads\/2022\/01\/Logo_Organisator_Website.png","width":800,"height":77,"caption":"Organisator"},"image":{"@id":"https:\/\/www.organisator.ch\/#\/schema\/logo\/image\/"},"sameAs":["https:\/\/www.facebook.com\/OrganisatorFachmagazin","https:\/\/www.linkedin.com\/showcase\/organisator-das-magazin-fr-kmu","https:\/\/www.xing.com\/news\/pages\/organisator-ch-695","https:\/\/www.youtube.com\/channel\/UCGP2Sq0iWaZwT3BdIAQFYpw"]},{"@type":"Person","@id":"https:\/\/www.organisator.ch\/#\/schema\/person\/134708ca9321c57b0362cceb7948ffbd","name":"michael.merz","image":{"@type":"ImageObject","inLanguage":"it-IT","@id":"https:\/\/secure.gravatar.com\/avatar\/?s=96&d=mm&r=g","url":"https:\/\/secure.gravatar.com\/avatar\/?s=96&d=mm&r=g","contentUrl":"https:\/\/secure.gravatar.com\/avatar\/?s=96&d=mm&r=g","caption":"michael.merz"},"url":"https:\/\/www.organisator.ch\/it\/author\/michael-merz\/"}]}},"_links":{"self":[{"href":"https:\/\/www.organisator.ch\/it\/wp-json\/wp\/v2\/posts\/2379","targetHints":{"allow":["GET"]}}],"collection":[{"href":"https:\/\/www.organisator.ch\/it\/wp-json\/wp\/v2\/posts"}],"about":[{"href":"https:\/\/www.organisator.ch\/it\/wp-json\/wp\/v2\/types\/post"}],"author":[{"embeddable":true,"href":"https:\/\/www.organisator.ch\/it\/wp-json\/wp\/v2\/users\/5"}],"replies":[{"embeddable":true,"href":"https:\/\/www.organisator.ch\/it\/wp-json\/wp\/v2\/comments?post=2379"}],"version-history":[{"count":0,"href":"https:\/\/www.organisator.ch\/it\/wp-json\/wp\/v2\/posts\/2379\/revisions"}],"wp:featuredmedia":[{"embeddable":true,"href":"https:\/\/www.organisator.ch\/it\/wp-json\/wp\/v2\/media\/9628"}],"wp:attachment":[{"href":"https:\/\/www.organisator.ch\/it\/wp-json\/wp\/v2\/media?parent=2379"}],"wp:term":[{"taxonomy":"category","embeddable":true,"href":"https:\/\/www.organisator.ch\/it\/wp-json\/wp\/v2\/categories?post=2379"},{"taxonomy":"post_tag","embeddable":true,"href":"https:\/\/www.organisator.ch\/it\/wp-json\/wp\/v2\/tags?post=2379"}],"curies":[{"name":"wp","href":"https:\/\/api.w.org\/{rel}","templated":true}]}}