{"id":23874,"date":"2023-12-13T10:55:06","date_gmt":"2023-12-13T09:55:06","guid":{"rendered":"https:\/\/www.organisator.ch\/?p=23874"},"modified":"2023-12-20T07:52:11","modified_gmt":"2023-12-20T06:52:11","slug":"ordnung-power-und-etwas-zug-in-der-hoehle-der-loewen-folge-6-5","status":"publish","type":"post","link":"https:\/\/www.organisator.ch\/it\/management\/2023-12-13\/ordnung-power-und-etwas-zug-in-der-hoehle-der-loewen-folge-6-5\/","title":{"rendered":"Ordine, potere e un po' di trazione nella tana del leone, episodio 6\/5"},"content":{"rendered":"<figure id=\"attachment_23876\" aria-describedby=\"caption-attachment-23876\" style=\"width: 680px\" class=\"wp-caption alignnone\"><img loading=\"lazy\" decoding=\"async\" class=\"size-full wp-image-23876\" src=\"https:\/\/www.organisator.ch\/wp-content\/uploads\/2023\/12\/\u00a9CH-Media_HDL5_Folge-6_Bild1_ps.jpg\" alt=\"\" width=\"680\" height=\"383\" srcset=\"https:\/\/www.organisator.ch\/wp-content\/uploads\/2023\/12\/\u00a9CH-Media_HDL5_Folge-6_Bild1_ps.jpg 680w, https:\/\/www.organisator.ch\/wp-content\/uploads\/2023\/12\/\u00a9CH-Media_HDL5_Folge-6_Bild1_ps-18x10.jpg 18w, https:\/\/www.organisator.ch\/wp-content\/uploads\/2023\/12\/\u00a9CH-Media_HDL5_Folge-6_Bild1_ps-375x211.jpg 375w, https:\/\/www.organisator.ch\/wp-content\/uploads\/2023\/12\/\u00a9CH-Media_HDL5_Folge-6_Bild1_ps-621x350.jpg 621w\" sizes=\"auto, (max-width: 680px) 100vw, 680px\" \/><figcaption id=\"caption-attachment-23876\" class=\"wp-caption-text\">Kira F\u00e4ssler presenta Kiani, abbigliamento sportivo sostenibile per voi e per me. (Immagine: CH Media)<\/figcaption><\/figure>\n<p><strong>\"KIANI - Abbigliamento sportivo sostenibile\"<\/strong> - Il marchio sportivo sangallese Kiani, fondato da Kira F\u00e4ssler, si considera un pioniere dell'abbigliamento sportivo sostenibile. Con il motto \"Sustainable sportswear for you and me\", Kiani si concentra sullo sviluppo e sulla produzione di articoli sportivi di base che siano allo stesso tempo ecologici e alla moda. Questi prodotti sono realizzati in Europa con plastica riciclata e materiale biodegradabile, il che riduce significativamente la loro impronta ecologica.<\/p>\n<p>La fondatrice di Kiani ha lanciato il marchio mentre completava il suo master e lavorava a tempo pieno. La sua visione di Kiani \u00e8 nata da una domanda personale: perch\u00e9 l'abbigliamento sportivo non pu\u00f2 essere sostenibile? Senza alcuna esperienza precedente nel settore dell'abbigliamento sportivo, ha iniziato a creare i propri modelli e a imparare a riciclare e a utilizzare materiali sostenibili. I prodotti Kiani, che hanno fino a 90% di impatto in meno sul riscaldamento globale rispetto ai prodotti convenzionali, sono una testimonianza dell'impegno di Kira per la sostenibilit\u00e0. I materiali utilizzati provengono da rifiuti plastici raccolti, fusi e lavorati provenienti dal mare, dalla produzione industriale e dalle abitazioni private.<\/p>\n<p>La gamma Kiani, che comprende taglie dalla XS alla XXL, \u00e8 pensata per essere accessibile a tutti. La collezione evita volutamente stampe e fantasie per offrire pezzi senza tempo e sempre combinabili tra loro. Tra i capi attualmente pi\u00f9 venduti ci sono i leggings e le T-shirt: i leggings vengono prodotti a 23,95 franchi e venduti a 89 franchi. Nonostante le sfide della fase iniziale, in cui Kira ha gestito tutto da casa, Kiani ha raggiunto un fatturato considerevole dal suo lancio nell'estate del 2021. Nei primi otto mesi, il fatturato ha raggiunto i 20.000 franchi svizzeri, senza grandi investimenti in marketing. Dopo aver reinvestito gli utili nello sviluppo del prodotto e nella produzione di contenuti, il fatturato totale \u00e8 salito a 30.000 franchi.<\/p>\n<p>Alla ricerca di ulteriore sostegno finanziario e di competenze, Kira ha presentato la sua attivit\u00e0 agli investitori del Lion's Den svizzero. Ha offerto il 12,5% delle azioni della societ\u00e0 per 60.000 franchi svizzeri per espandere ulteriormente Kiani e condurre un marketing professionale. Bettina Hein e Nicole B\u00fcttner sono rimaste colpite dall'impegno e dalla visione di Kira, soprattutto per quanto riguarda le esigenze delle donne nel settore della moda, e le hanno offerto 60.000 franchi svizzeri per 20% di azioni della societ\u00e0. Kira ha accettato l'offerta, sperando di far crescere ulteriormente Kiani con partner forti al suo fianco. Kiani non \u00e8 solo sinonimo di sostenibilit\u00e0 ed equit\u00e0, ma anche della convinzione che la moda debba essere accessibile a tutti. Con il nuovo investimento e il nuovo sostegno, Kira \u00e8 un passo pi\u00f9 vicina a realizzare il suo sogno di poter vivere un giorno interamente di Kiani e di affermare il suo marchio come un'opzione sostenibile, senza tempo e accessibile a tutti nel mercato dell'abbigliamento sportivo.<\/p>\n<p><strong>\"storabble - Piattaforma per lo spazio di archiviazione\" - <\/strong>Storabble \u00e8 stata fondata con l'idea di rivoluzionare il concetto di spazio di archiviazione. I fondatori Alessio Sposato, Oliver Meyer, Jan Enderli e David Frehner hanno riconosciuto la crescente domanda di spazio di archiviazione, determinata dall'urbanizzazione, dalla societ\u00e0 dei consumi e dalla crescita demografica. La loro soluzione: una piattaforma centrale per la fornitura di spazi di stoccaggio in Svizzera. L'idea di storabble \u00e8 nata durante i loro studi a tempo pieno. Inizialmente concepita come una piattaforma di condivisione di spazi di stoccaggio, si sono subito resi conto che esistevano gi\u00e0 diverse soluzioni sul mercato, ma che erano disperse e confuse. La soluzione \u00e8 stata quella di raggruppare queste offerte in un'unica piattaforma. Da quando, all'inizio del 2023, si \u00e8 concentrata sulle soluzioni di stoccaggio esistenti, storabble ha fatto notevoli progressi e ora offre 30% di tutti i box self-storage in Svizzera. La piattaforma si rivolge sia ai privati che alle PMI, consentendo loro di confrontare diverse soluzioni di stoccaggio e di prenotare l'unit\u00e0 di stoccaggio giusta. Per i fornitori di servizi di stoccaggio, storabble \u00e8 un modo interessante per raggiungere direttamente il loro gruppo target. Essi pagano un canone mensile per la pubblicit\u00e0 e una commissione di intermediazione.<\/p>\n<p>La giovane azienda ha obiettivi ambiziosi. Entro la fine del 2023, l'azienda punta a stabilirsi in Svizzera e a generare un fatturato di 480.000 franchi. La visione a lungo termine prevede l'espansione in tutta la regione DACH, con un obiettivo di fatturato di 2,5 milioni di franchi entro la fine del 2024. I fondatori avevano abbastanza idee nuove in serbo o no? Alla ricerca di investimenti, i fondatori hanno presentato la loro idea imprenditoriale e hanno chiesto un investimento di 200.000 franchi svizzeri in cambio del 10% delle azioni della societ\u00e0. Dopo un'intensa discussione con e tra i potenziali investitori Lukas Speiser e Roland Brack, Speiser ha deciso di non investire perch\u00e9 riteneva che il mercato svizzero fosse troppo piccolo e non era sicuro che il concetto avrebbe avuto successo anche in Germania. Roland Brack, invece, ha visto il potenziale di storabble e dei giovani imprenditori e ha offerto 200.000 franchi svizzeri per 12% delle azioni della societ\u00e0, un'offerta che i fondatori hanno accettato volentieri. Questo investimento segna un'importante pietra miliare per storabble, che non vede l'ora di realizzare la sua visione di una piattaforma centralizzata, efficiente e facile da usare per le soluzioni di stoccaggio in Svizzera e oltre, come hanno concluso i quattro felici fondatori.<\/p>\n<p><strong>\"skimover.ch - Trasporto sciistico\" - - <\/strong>Skimover.ch, un innovativo sistema di trasporto per sci di Rheinau, fondato da J\u00f6rg e Franziska Mostert, sta rivoluzionando il trasporto dell'attrezzatura da sci. J\u00f6rg Mostert, inventore e sviluppatore del prodotto, ha trovato una soluzione al problema comune del trasporto ingombrante dell'attrezzatura da sci. skimover rende molto pi\u00f9 semplice il trasporto dell'attrezzatura per gli sciatori, soprattutto se utilizzano i mezzi pubblici. \"Direttamente alla stazione sciistica dalla porta di casa con i mezzi pubblici\" \u00e8 lo slogan che skimover ha voluto utilizzare per convincere le persone.<\/p>\n<p>L'azienda offre tre modelli: Speed, Easy e Traveller. I modelli Speed e Easy sono piccoli e maneggevoli, progettati in modo che gli sciatori possano semplicemente arrotolare i loro sci. Questi modelli sono cos\u00ec compatti che possono essere portati nella tasca della giacca mentre si scia. Il modello Traveller, invece, \u00e8 stato progettato appositamente per il trasporto sui mezzi pubblici, dove gli sci possono stare in piedi.<\/p>\n<p>Dalla sua fondazione nel settembre 2019, skimover ha fatto dei passi avanti. In 11 mesi, dall'idea iniziale alla prima serie di pezzi finiti, skimover ha gi\u00e0 venduto oltre 2.300 unit\u00e0 e realizzato un fatturato di oltre 130.000 franchi. Questi successi si riflettono anche nel riconoscimento che il prodotto ha ricevuto in occasione di una presentazione a Lione. I prezzi dei modelli skimover variano: Il modello pi\u00f9 piccolo costa 69 franchi, quello medio 79 franchi e quello pi\u00f9 grande tra 119 e 159 franchi. I monopattini skimover sono magnetici, il che li rende pi\u00f9 facili da maneggiare.<\/p>\n<p>L'obiettivo di skimover \u00e8 sempre stato quello di rendere qualcosa di semplice ancora migliore. Finora il prodotto \u00e8 stato pubblicizzato con un piccolo budget di marketing. Con la ricerca di investitori, nello specifico 100.000 franchi svizzeri per il 10% delle azioni della societ\u00e0, i Mostert intendono ampliare le attivit\u00e0 di marketing e accelerare la crescita dell'azienda, in particolare nel mercato europeo. Nonostante l'interesse di alcuni investitori, come Nicole B\u00fcttner, che ha trovato il prodotto impressionante ma ha pensato che il mercato fosse troppo piccolo, e Roland Brack, che si \u00e8 cancellato come investitore ma ha offerto un canale di distribuzione tramite Brack.ch, non \u00e8 stato concluso alcun accordo di investimento. Tuttavia, i Mosterts hanno accettato l'offerta di Roland Brack e sono stati felici di questa nuova opportunit\u00e0 di distribuzione. skimover.ch \u00e8 quindi a un punto cruciale, pronto a rivoluzionare lo sci semplificando il trasporto dell'attrezzatura e allo stesso tempo ad espandere la sua presenza sul mercato, in particolare in Europa.<\/p>\n<p><strong>\"SimpleTrain - Piattaforma di prenotazione per i viaggi in treno internazionali\" - <\/strong>SimpleTrain, una piattaforma di prenotazione per viaggi internazionali in treno, fondata da Marius Portmann e Saskia Bilang a Wallisellen, mira a semplificare e rendere pi\u00f9 accessibile il viaggio in treno. Con il motto \"Il viaggiatore intelligente viaggia in treno\", i fondatori vogliono rendere pi\u00f9 semplice la prenotazione di biglietti ferroviari internazionali dalla Svizzera verso altri Paesi. La piattaforma SimpleTrain dovrebbe consentire di ordinare biglietti ferroviari per qualsiasi stazione ferroviaria in Europa. La particolarit\u00e0 di SimpleTrain \u00e8 la possibilit\u00e0 di prenotare anche viaggi complicati, come quelli con biciclette o cani, cosa che spesso non \u00e8 possibile fare online. Negli ultimi due anni, la piattaforma ha prenotato oltre 5.000 viaggi in 40 Paesi diversi in Europa, Africa e Asia, il che sottolinea la chiara necessit\u00e0 di un servizio del genere, come hanno spiegato i due fondatori.<\/p>\n<p>SimpleTrain offre una soluzione di facile utilizzo: le prenotazioni si effettuano tramite smartphone o internet, visualizzando i vari collegamenti e selezionando l'opzione pi\u00f9 adatta. Un ulteriore vantaggio \u00e8 rappresentato dalla funzione di chat della piattaforma, che consente una consulenza personalizzata e offerte individuali. I biglietti vengono consegnati in formato digitale dopo la prenotazione.<\/p>\n<p>I fondatori hanno finora costruito la loro piattaforma con fondi propri e ora sono alla ricerca di ulteriori risorse finanziarie. Offrono 10% azioni della societ\u00e0 per 300.000 franchi. Il modello di business si basa sulle commissioni delle ferrovie partner e su una commissione di elaborazione per i clienti. Nel 2022, SimpleTrain ha realizzato un fatturato di 1,3 milioni di franchi, con una commissione di elaborazione di circa 105.000 franchi, pari a circa 8% per prenotazione. L'obiettivo principale di SimpleTrain \u00e8 quello di automatizzare ulteriormente la piattaforma. I fondatori hanno gi\u00e0 collegato cinque grandi compagnie ferroviarie, tra cui SBB, \u00d6BB, DB, Trenitalia e le ferrovie francesi. Nonostante le sfide legate alla scalabilit\u00e0 e all'automazione, soprattutto nei Paesi che non sono ancora automatizzati, SimpleTrain rimane ottimista e ha in programma di andare avanti con ulteriori sviluppi e automazione.<\/p>\n<p>Purtroppo, nella \"tana del leone svizzero\" non \u00e8 stato trovato alcun accordo e il viaggio di SimpleTrain continua senza i leoni e le leonesse. In particolare, a questa piattaforma mancava qualcosa di fondamentalmente nuovo: alcuni leoni facevano riferimento ad altre piattaforme gi\u00e0 esistenti. Anche l'orgogliosa valutazione dell'azienda, pari a 3 milioni di franchi svizzeri, \u00e8 stata citata come motivo per non voler investire. Tuttavia, l'azienda si trova a un punto promettente in termini di semplificazione e accessibilit\u00e0 dei viaggi in treno, un'opzione interessante soprattutto per i viaggiatori attenti all'ambiente.<\/p>\n<p><strong>\"kaffiabo - abbonamento al caff\u00e8 <\/strong>Kaffiabo, fondata nel 2021 da Claudio Sousa e Yanapi Senaud a Stein, \u00e8 una startup di abbonamento al caff\u00e8 dedicata alla variet\u00e0 e alla qualit\u00e0 del caff\u00e8. Insieme all'amico e cofondatore Justin, esperto barista e venditore online sudafricano, i tre giovani imprenditori hanno sviluppato un modello di business unico che sta gi\u00e0 riscuotendo successo in Svizzera.<\/p>\n<p>Roland Brack non pu\u00f2 fare nulla con il caff\u00e8, Felix Bertram non pu\u00f2 fare nulla senza - ma i leoni possono fare qualcosa con l'idea dell'abbonamento? Bene, allora: Il concetto di kaffiabo si basa sulla consegna mensile di caff\u00e8, accuratamente selezionato da esperti. I clienti possono specificare sul sito web il loro preferito e la quantit\u00e0 desiderata. Grazie al modello di abbonamento, kaffiabo garantisce che i chicchi arrivino sempre appena tostati. Nel novembre 2021, l'azienda aveva gi\u00e0 generato oltre 25.000 franchi di vendite e rifornito pi\u00f9 di 60 famiglie.<\/p>\n<p>L'obiettivo di kaffiabo non \u00e8 solo la vendita di caff\u00e8, ma anche la condivisione delle conoscenze e delle storie che stanno dietro a questa bevanda. I fondatori sono motivati a far conoscere il caff\u00e8 in Svizzera e forse presto in tutta Europa. Offrono diverse opzioni di abbonamento, tra cui uno, sei e dodici mesi, con prezzi che variano a seconda del tipo di caff\u00e8. kaffiabo ha stretto una rete di contatti con oltre 25 torrefattori e pone grande enfasi sulla sostenibilit\u00e0, sia nelle proprie operazioni che con i torrefattori da cui si rifornisce di caff\u00e8. L'azienda si distingue per due caratteristiche principali: la garanzia di freschezza e la forte rete di torrefattori.<\/p>\n<p>Alla ricerca di ulteriori investimenti, Sousa e Senaud presentarono la loro attivit\u00e0 nella Tana del Leone. Hanno offerto 18% di azioni della societ\u00e0 per 50.000 franchi svizzeri. Felix Bertram si dimostr\u00f2 interessato all'azienda e ritenne che con il giusto approccio, in particolare attraverso lo storytelling e la fidelizzazione emotiva dei clienti, il modello aziendale avrebbe potuto avere successo. Fece un'offerta di 50.000 franchi, ma per il 25% delle azioni della societ\u00e0. Dopo alcune trattative, Felix Bertram e kaffiabo si accordarono per 50.000 franchi per il 20% delle azioni della societ\u00e0. Con questa nuova partnership e il capitale aggiuntivo, kaffiabo prevede di investire principalmente nel marketing per espandere la propria portata e raggiungere l'obiettivo di crescere come azienda e di impegnarsi pienamente nel proprio sogno. Questo accordo segna un passo importante per kaffiabo per affermarsi in una nicchia in crescita e diffondere l'amore per il caff\u00e8 in Svizzera e oltre.<\/p>\n<figure id=\"attachment_23877\" aria-describedby=\"caption-attachment-23877\" style=\"width: 680px\" class=\"wp-caption alignnone\"><img loading=\"lazy\" decoding=\"async\" class=\"size-full wp-image-23877\" src=\"https:\/\/www.organisator.ch\/wp-content\/uploads\/2023\/12\/\u00a9CH-Media_HDL5_Folge-6_Bild2_ps.jpg\" alt=\"\" width=\"680\" height=\"383\" srcset=\"https:\/\/www.organisator.ch\/wp-content\/uploads\/2023\/12\/\u00a9CH-Media_HDL5_Folge-6_Bild2_ps.jpg 680w, https:\/\/www.organisator.ch\/wp-content\/uploads\/2023\/12\/\u00a9CH-Media_HDL5_Folge-6_Bild2_ps-18x10.jpg 18w, https:\/\/www.organisator.ch\/wp-content\/uploads\/2023\/12\/\u00a9CH-Media_HDL5_Folge-6_Bild2_ps-375x211.jpg 375w, https:\/\/www.organisator.ch\/wp-content\/uploads\/2023\/12\/\u00a9CH-Media_HDL5_Folge-6_Bild2_ps-621x350.jpg 621w\" sizes=\"auto, (max-width: 680px) 100vw, 680px\" \/><figcaption id=\"caption-attachment-23877\" class=\"wp-caption-text\">Felix Bertram non pu\u00f2 fare a meno del caff\u00e8 la mattina, ha trovato l'idea di kaffiabo impressionante e si \u00e8 buttato subito come investitore. (Immagine: CH Media)<\/figcaption><\/figure>\n<p><strong>\"tweaq - maniglie autodisinfettanti per porte\" - <\/strong>Una start-up della Svizzera francese, fondata da Vincent Gauye, Baptiste Danichert e Giovanni Barilla, ha sviluppato un'interessante soluzione a un problema di igiene quotidiana: le maniglie autodisinfettanti delle porte. Il loro prodotto mira a ridurre la diffusione di germi e virus attraverso le maniglie delle porte, un problema particolarmente rilevante nelle aree pubbliche e molto frequentate.<\/p>\n<p>La maniglia della porta di tweaq \u00e8 la prima del suo genere sul mercato che si autodisinfetta e si collega in rete. Il principio di funzionamento \u00e8 semplice ma efficace: ogni volta che qualcuno apre la porta, un liquido viene pompato su un anello della maniglia, che si muove avanti e indietro per disinfettare la superficie. Test di laboratorio confermano l'efficacia del sistema contro germi e virus. Il fulcro del sistema \u00e8 una cartuccia che contiene sia il disinfettante che la batteria. Tweaq offre anche un servizio ecologico, restituendo gratuitamente le cartucce, in modo da ridurre al minimo i rifiuti. Il modello commerciale si basa su un abbonamento che comprende l'hardware, un numero illimitato di cartucce e l'analisi dei dati. Attualmente, tweaq copre la Svizzera e i Paesi del Benelux e sta conducendo test pilota nel Regno Unito e negli Stati Uniti.<\/p>\n<p>I fondatori di tweaq, che non sono ingegneri, hanno aggiunto un CTO al loro team per garantire la competenza tecnica. Il prodotto \u00e8 disponibile al prezzo di 35 franchi al mese per porta, che comprende due maniglie. I costi di produzione per una maniglia sono di 100 franchi e di 200 franchi per una porta completa. I clienti che desiderano acquistare la maniglia pagano 450 franchi una tantum pi\u00f9 25 franchi al mese per l'abbonamento. tweaq ha gi\u00e0 circa 35 clienti in Svizzera, soprattutto uffici, ospedali, industria sanitaria e settore dell'istruzione. Sebbene non disponga di un brevetto per il prodotto, utilizza un \"numero unico\" per differenziarsi sul mercato grigio.<\/p>\n<p>Alla ricerca di investimenti, tweaq ha offerto il 6,5% delle azioni della societ\u00e0 per 500.000 franchi svizzeri. Nonostante l'approccio innovativo e l'ovvia opportunit\u00e0 di mercato per il settore sanitario, i potenziali investitori hanno espresso preoccupazione per la mancanza di un brevetto e per l'elevata valutazione dell'azienda. Felix Bertram, uno degli investitori, ha affermato che, sebbene il settore sanitario potesse trarre vantaggio dall'idea, probabilmente non avrebbe avuto le risorse finanziarie per farlo. Alla fine, la giovane azienda non \u00e8 riuscita ad ottenere un accordo. Nonostante queste sfide, tweaq ha davanti a s\u00e9 un futuro promettente, dato che la consapevolezza dell'igiene e della salute rimane un tema fondamentale negli spazi pubblici e non solo.<\/p>\n<p><em>Maggiori informazioni sui prossimi programmi:\u00a0<\/em><a href=\"https:\/\/www.oneplus.ch\/catalog\/1000604\"><em>www.oneplus.ch\u00a0<\/em><\/a><\/p>","protected":false},"excerpt":{"rendered":"<p>Una vera stella della moda sostenibile ha brillato nella sesta puntata di \"Die H\u00f6hle der L\u00f6wen Schweiz\": Kiani, il visionario marchio di abbigliamento sportivo di San Gallo, fondato dall'imprenditrice Kira F\u00e4ssler. Con il suo credo appassionato \"Abbigliamento sportivo sostenibile per te e per me\", Kira sta fissando nuovi standard nel mondo della moda. In un'epoca in cui moda e responsabilit\u00e0 ambientale vanno di pari passo, Kiani dimostra che stile e consapevolezza ecologica possono formare una simbiosi armoniosa e stimolante.<\/p>","protected":false},"author":58,"featured_media":23876,"comment_status":"closed","ping_status":"closed","sticky":false,"template":"","format":"standard","meta":{"_acf_changed":false,"_yoast_wpseo_focuskw":"Die H\u00f6hle der L\u00f6wen","_yoast_wpseo_metadesc":"In der sechsten Folge von \"Die H\u00f6hle der L\u00f6wen Schweiz\" erstrahlte ein wahrer Stern der nachhaltigen Mode: Kiani, die vision\u00e4re Sportbekleidungsmarke aus St. Gallen.","articlekey":"","footnotes":""},"categories":[28],"tags":[4015,334,424,451,492],"class_list":["post-23874","post","type-post","status-publish","format-standard","has-post-thumbnail","hentry","category-management","tag-die-hoehle-der-loewen-schweiz","tag-management","tag-schweiz","tag-startups","tag-unternehmen"],"acf":[],"yoast_head":"<!-- This site is optimized with the Yoast SEO plugin v27.5 - https:\/\/yoast.com\/product\/yoast-seo-wordpress\/ -->\n<title>Ordnung, Power und etwas Zug in der H\u00f6hle der L\u00f6wen, Folge 6\/5 - Organisator<\/title>\n<meta name=\"description\" content=\"In der sechsten Folge von &quot;Die H\u00f6hle der L\u00f6wen Schweiz&quot; erstrahlte ein wahrer Stern der nachhaltigen Mode: Kiani, die vision\u00e4re Sportbekleidungsmarke aus St. Gallen.\" \/>\n<meta name=\"robots\" content=\"index, follow, max-snippet:-1, max-image-preview:large, max-video-preview:-1\" \/>\n<link rel=\"canonical\" href=\"https:\/\/www.organisator.ch\/it\/gestione-2\/2023-12-13\/ordnung-power-und-etwas-zug-in-der-hoehle-der-loewen-folge-6-5\/\" \/>\n<meta property=\"og:locale\" content=\"it_IT\" \/>\n<meta property=\"og:type\" content=\"article\" \/>\n<meta property=\"og:title\" content=\"Ordnung, Power und etwas Zug in der H\u00f6hle der L\u00f6wen, Folge 6\/5\" \/>\n<meta property=\"og:description\" content=\"In der sechsten Folge von &quot;Die H\u00f6hle der L\u00f6wen Schweiz&quot; erstrahlte ein wahrer Stern der nachhaltigen Mode: Kiani, die vision\u00e4re Sportbekleidungsmarke aus St. Gallen.\" \/>\n<meta property=\"og:url\" content=\"https:\/\/www.organisator.ch\/it\/gestione-2\/2023-12-13\/ordnung-power-und-etwas-zug-in-der-hoehle-der-loewen-folge-6-5\/\" \/>\n<meta property=\"og:site_name\" content=\"Organisator\" \/>\n<meta property=\"article:publisher\" content=\"https:\/\/www.facebook.com\/OrganisatorFachmagazin\" \/>\n<meta property=\"article:published_time\" content=\"2023-12-13T09:55:06+00:00\" \/>\n<meta property=\"article:modified_time\" content=\"2023-12-20T06:52:11+00:00\" \/>\n<meta property=\"og:image\" content=\"https:\/\/www.organisator.ch\/wp-content\/uploads\/2023\/12\/\u00a9CH-Media_HDL5_Folge-6_Bild1_ps.jpg\" \/>\n\t<meta property=\"og:image:width\" content=\"680\" \/>\n\t<meta property=\"og:image:height\" content=\"383\" \/>\n\t<meta property=\"og:image:type\" content=\"image\/jpeg\" \/>\n<meta name=\"author\" content=\"Adelisa Kalajdzini\" \/>\n<meta name=\"twitter:card\" content=\"summary_large_image\" \/>\n<meta name=\"twitter:title\" content=\"Ordnung, Power und etwas Zug in der H\u00f6hle der L\u00f6wen, Folge 6\/5\" \/>\n<meta name=\"twitter:description\" content=\"In der sechsten Folge von #&quot;Die H\u00f6hle der L\u00f6wen Schweiz&quot; erstrahlte ein wahrer Stern der nachhaltigen #Mode: #Kiani, die vision\u00e4re #Sportbeklediungsmarke aus St. Gallen.\" \/>\n<meta name=\"twitter:image\" content=\"https:\/\/www.organisator.ch\/wp-content\/uploads\/2023\/12\/\u00a9CH-Media_HDL5_Folge-6_Bild1_ps.jpg\" \/>\n<script type=\"application\/ld+json\" class=\"yoast-schema-graph\">{\"@context\":\"https:\\\/\\\/schema.org\",\"@graph\":[{\"@type\":\"Article\",\"@id\":\"https:\\\/\\\/www.organisator.ch\\\/management\\\/2023-12-13\\\/ordnung-power-und-etwas-zug-in-der-hoehle-der-loewen-folge-6-5\\\/#article\",\"isPartOf\":{\"@id\":\"https:\\\/\\\/www.organisator.ch\\\/management\\\/2023-12-13\\\/ordnung-power-und-etwas-zug-in-der-hoehle-der-loewen-folge-6-5\\\/\"},\"author\":{\"name\":\"Adelisa Kalajdzini\",\"@id\":\"https:\\\/\\\/www.organisator.ch\\\/#\\\/schema\\\/person\\\/2e1314a2172123f874db408d8911d3f3\"},\"headline\":\"Ordnung, Power und etwas Zug in der H\u00f6hle der L\u00f6wen, Folge 6\\\/5\",\"datePublished\":\"2023-12-13T09:55:06+00:00\",\"dateModified\":\"2023-12-20T06:52:11+00:00\",\"mainEntityOfPage\":{\"@id\":\"https:\\\/\\\/www.organisator.ch\\\/management\\\/2023-12-13\\\/ordnung-power-und-etwas-zug-in-der-hoehle-der-loewen-folge-6-5\\\/\"},\"wordCount\":2574,\"publisher\":{\"@id\":\"https:\\\/\\\/www.organisator.ch\\\/#organization\"},\"image\":{\"@id\":\"https:\\\/\\\/www.organisator.ch\\\/management\\\/2023-12-13\\\/ordnung-power-und-etwas-zug-in-der-hoehle-der-loewen-folge-6-5\\\/#primaryimage\"},\"thumbnailUrl\":\"https:\\\/\\\/www.organisator.ch\\\/wp-content\\\/uploads\\\/2023\\\/12\\\/\u00a9CH-Media_HDL5_Folge-6_Bild1_ps.jpg\",\"keywords\":[\"Die H\u00f6hle der L\u00f6wen Schweiz\",\"Management\",\"Schweiz\",\"Startups\",\"Unternehmen\"],\"articleSection\":[\"MANAGEMENT\"],\"inLanguage\":\"it-IT\"},{\"@type\":\"WebPage\",\"@id\":\"https:\\\/\\\/www.organisator.ch\\\/management\\\/2023-12-13\\\/ordnung-power-und-etwas-zug-in-der-hoehle-der-loewen-folge-6-5\\\/\",\"url\":\"https:\\\/\\\/www.organisator.ch\\\/management\\\/2023-12-13\\\/ordnung-power-und-etwas-zug-in-der-hoehle-der-loewen-folge-6-5\\\/\",\"name\":\"Ordnung, Power und etwas Zug in der H\u00f6hle der L\u00f6wen, Folge 6\\\/5 - Organisator\",\"isPartOf\":{\"@id\":\"https:\\\/\\\/www.organisator.ch\\\/#website\"},\"primaryImageOfPage\":{\"@id\":\"https:\\\/\\\/www.organisator.ch\\\/management\\\/2023-12-13\\\/ordnung-power-und-etwas-zug-in-der-hoehle-der-loewen-folge-6-5\\\/#primaryimage\"},\"image\":{\"@id\":\"https:\\\/\\\/www.organisator.ch\\\/management\\\/2023-12-13\\\/ordnung-power-und-etwas-zug-in-der-hoehle-der-loewen-folge-6-5\\\/#primaryimage\"},\"thumbnailUrl\":\"https:\\\/\\\/www.organisator.ch\\\/wp-content\\\/uploads\\\/2023\\\/12\\\/\u00a9CH-Media_HDL5_Folge-6_Bild1_ps.jpg\",\"datePublished\":\"2023-12-13T09:55:06+00:00\",\"dateModified\":\"2023-12-20T06:52:11+00:00\",\"description\":\"In der sechsten Folge von \\\"Die H\u00f6hle der L\u00f6wen Schweiz\\\" erstrahlte ein wahrer Stern der nachhaltigen Mode: Kiani, die vision\u00e4re Sportbekleidungsmarke aus St. Gallen.\",\"breadcrumb\":{\"@id\":\"https:\\\/\\\/www.organisator.ch\\\/management\\\/2023-12-13\\\/ordnung-power-und-etwas-zug-in-der-hoehle-der-loewen-folge-6-5\\\/#breadcrumb\"},\"inLanguage\":\"it-IT\",\"potentialAction\":[{\"@type\":\"ReadAction\",\"target\":[\"https:\\\/\\\/www.organisator.ch\\\/management\\\/2023-12-13\\\/ordnung-power-und-etwas-zug-in-der-hoehle-der-loewen-folge-6-5\\\/\"]}]},{\"@type\":\"ImageObject\",\"inLanguage\":\"it-IT\",\"@id\":\"https:\\\/\\\/www.organisator.ch\\\/management\\\/2023-12-13\\\/ordnung-power-und-etwas-zug-in-der-hoehle-der-loewen-folge-6-5\\\/#primaryimage\",\"url\":\"https:\\\/\\\/www.organisator.ch\\\/wp-content\\\/uploads\\\/2023\\\/12\\\/\u00a9CH-Media_HDL5_Folge-6_Bild1_ps.jpg\",\"contentUrl\":\"https:\\\/\\\/www.organisator.ch\\\/wp-content\\\/uploads\\\/2023\\\/12\\\/\u00a9CH-Media_HDL5_Folge-6_Bild1_ps.jpg\",\"width\":680,\"height\":383,\"caption\":\"Kira F\u00e4ssler pr\u00e4sentiert Kiani, nachhaltige Sportbekleidung f\u00fcr dich und mich. (Bild: CH Media)\"},{\"@type\":\"BreadcrumbList\",\"@id\":\"https:\\\/\\\/www.organisator.ch\\\/management\\\/2023-12-13\\\/ordnung-power-und-etwas-zug-in-der-hoehle-der-loewen-folge-6-5\\\/#breadcrumb\",\"itemListElement\":[{\"@type\":\"ListItem\",\"position\":1,\"name\":\"Home\",\"item\":\"https:\\\/\\\/www.organisator.ch\\\/\"},{\"@type\":\"ListItem\",\"position\":2,\"name\":\"Ordnung, Power und etwas Zug in der H\u00f6hle der L\u00f6wen, Folge 6\\\/5\"}]},{\"@type\":\"WebSite\",\"@id\":\"https:\\\/\\\/www.organisator.ch\\\/#website\",\"url\":\"https:\\\/\\\/www.organisator.ch\\\/\",\"name\":\"Organisator\",\"description\":\"Kompetent. Praxisnah. Der ORGANISATOR bereitet in 10 Ausgaben pro Jahr die wesentlichen Themen f\u00fcr F\u00fchrungskr\u00e4fte von KMU auf.\",\"publisher\":{\"@id\":\"https:\\\/\\\/www.organisator.ch\\\/#organization\"},\"potentialAction\":[{\"@type\":\"SearchAction\",\"target\":{\"@type\":\"EntryPoint\",\"urlTemplate\":\"https:\\\/\\\/www.organisator.ch\\\/?s={search_term_string}\"},\"query-input\":{\"@type\":\"PropertyValueSpecification\",\"valueRequired\":true,\"valueName\":\"search_term_string\"}}],\"inLanguage\":\"it-IT\"},{\"@type\":\"Organization\",\"@id\":\"https:\\\/\\\/www.organisator.ch\\\/#organization\",\"name\":\"Organisator\",\"url\":\"https:\\\/\\\/www.organisator.ch\\\/\",\"logo\":{\"@type\":\"ImageObject\",\"inLanguage\":\"it-IT\",\"@id\":\"https:\\\/\\\/www.organisator.ch\\\/#\\\/schema\\\/logo\\\/image\\\/\",\"url\":\"https:\\\/\\\/www.organisator.ch\\\/wp-content\\\/uploads\\\/2022\\\/01\\\/Logo_Organisator_Website.png\",\"contentUrl\":\"https:\\\/\\\/www.organisator.ch\\\/wp-content\\\/uploads\\\/2022\\\/01\\\/Logo_Organisator_Website.png\",\"width\":800,\"height\":77,\"caption\":\"Organisator\"},\"image\":{\"@id\":\"https:\\\/\\\/www.organisator.ch\\\/#\\\/schema\\\/logo\\\/image\\\/\"},\"sameAs\":[\"https:\\\/\\\/www.facebook.com\\\/OrganisatorFachmagazin\",\"https:\\\/\\\/www.linkedin.com\\\/showcase\\\/organisator-das-magazin-fr-kmu\",\"https:\\\/\\\/www.xing.com\\\/news\\\/pages\\\/organisator-ch-695\",\"https:\\\/\\\/www.youtube.com\\\/channel\\\/UCGP2Sq0iWaZwT3BdIAQFYpw\"]},{\"@type\":\"Person\",\"@id\":\"https:\\\/\\\/www.organisator.ch\\\/#\\\/schema\\\/person\\\/2e1314a2172123f874db408d8911d3f3\",\"name\":\"Adelisa Kalajdzini\",\"image\":{\"@type\":\"ImageObject\",\"inLanguage\":\"it-IT\",\"@id\":\"https:\\\/\\\/secure.gravatar.com\\\/avatar\\\/09a397c22ac58cad6f160ee8306348599df9df58a8ede73696226897b9fa4b24?s=96&d=mm&r=g\",\"url\":\"https:\\\/\\\/secure.gravatar.com\\\/avatar\\\/09a397c22ac58cad6f160ee8306348599df9df58a8ede73696226897b9fa4b24?s=96&d=mm&r=g\",\"contentUrl\":\"https:\\\/\\\/secure.gravatar.com\\\/avatar\\\/09a397c22ac58cad6f160ee8306348599df9df58a8ede73696226897b9fa4b24?s=96&d=mm&r=g\",\"caption\":\"Adelisa Kalajdzini\"},\"url\":\"https:\\\/\\\/www.organisator.ch\\\/it\\\/author\\\/adelisa-kalajdzini\\\/\"}]}<\/script>\n<!-- \/ Yoast SEO plugin. -->","yoast_head_json":{"title":"Ordine, potere e un po' di trazione nella Fossa dei Leoni, episodio 6\/5 - Organizzatore","description":"Una vera stella della moda sostenibile ha brillato nella sesta puntata di \"Die H\u00f6hle der L\u00f6wen Schweiz\": Kiani, il visionario marchio di abbigliamento sportivo di San Gallo.","robots":{"index":"index","follow":"follow","max-snippet":"max-snippet:-1","max-image-preview":"max-image-preview:large","max-video-preview":"max-video-preview:-1"},"canonical":"https:\/\/www.organisator.ch\/it\/gestione-2\/2023-12-13\/ordnung-power-und-etwas-zug-in-der-hoehle-der-loewen-folge-6-5\/","og_locale":"it_IT","og_type":"article","og_title":"Ordnung, Power und etwas Zug in der H\u00f6hle der L\u00f6wen, Folge 6\/5","og_description":"In der sechsten Folge von \"Die H\u00f6hle der L\u00f6wen Schweiz\" erstrahlte ein wahrer Stern der nachhaltigen Mode: Kiani, die vision\u00e4re Sportbekleidungsmarke aus St. Gallen.","og_url":"https:\/\/www.organisator.ch\/it\/gestione-2\/2023-12-13\/ordnung-power-und-etwas-zug-in-der-hoehle-der-loewen-folge-6-5\/","og_site_name":"Organisator","article_publisher":"https:\/\/www.facebook.com\/OrganisatorFachmagazin","article_published_time":"2023-12-13T09:55:06+00:00","article_modified_time":"2023-12-20T06:52:11+00:00","og_image":[{"width":680,"height":383,"url":"https:\/\/www.organisator.ch\/wp-content\/uploads\/2023\/12\/\u00a9CH-Media_HDL5_Folge-6_Bild1_ps.jpg","type":"image\/jpeg"}],"author":"Adelisa Kalajdzini","twitter_card":"summary_large_image","twitter_title":"Ordnung, Power und etwas Zug in der H\u00f6hle der L\u00f6wen, Folge 6\/5","twitter_description":"In der sechsten Folge von #\"Die H\u00f6hle der L\u00f6wen Schweiz\" erstrahlte ein wahrer Stern der nachhaltigen #Mode: #Kiani, die vision\u00e4re #Sportbeklediungsmarke aus St. Gallen.","twitter_image":"https:\/\/www.organisator.ch\/wp-content\/uploads\/2023\/12\/\u00a9CH-Media_HDL5_Folge-6_Bild1_ps.jpg","schema":{"@context":"https:\/\/schema.org","@graph":[{"@type":"Article","@id":"https:\/\/www.organisator.ch\/management\/2023-12-13\/ordnung-power-und-etwas-zug-in-der-hoehle-der-loewen-folge-6-5\/#article","isPartOf":{"@id":"https:\/\/www.organisator.ch\/management\/2023-12-13\/ordnung-power-und-etwas-zug-in-der-hoehle-der-loewen-folge-6-5\/"},"author":{"name":"Adelisa Kalajdzini","@id":"https:\/\/www.organisator.ch\/#\/schema\/person\/2e1314a2172123f874db408d8911d3f3"},"headline":"Ordnung, Power und etwas Zug in der H\u00f6hle der L\u00f6wen, Folge 6\/5","datePublished":"2023-12-13T09:55:06+00:00","dateModified":"2023-12-20T06:52:11+00:00","mainEntityOfPage":{"@id":"https:\/\/www.organisator.ch\/management\/2023-12-13\/ordnung-power-und-etwas-zug-in-der-hoehle-der-loewen-folge-6-5\/"},"wordCount":2574,"publisher":{"@id":"https:\/\/www.organisator.ch\/#organization"},"image":{"@id":"https:\/\/www.organisator.ch\/management\/2023-12-13\/ordnung-power-und-etwas-zug-in-der-hoehle-der-loewen-folge-6-5\/#primaryimage"},"thumbnailUrl":"https:\/\/www.organisator.ch\/wp-content\/uploads\/2023\/12\/\u00a9CH-Media_HDL5_Folge-6_Bild1_ps.jpg","keywords":["Die H\u00f6hle der L\u00f6wen Schweiz","Management","Schweiz","Startups","Unternehmen"],"articleSection":["MANAGEMENT"],"inLanguage":"it-IT"},{"@type":"WebPage","@id":"https:\/\/www.organisator.ch\/management\/2023-12-13\/ordnung-power-und-etwas-zug-in-der-hoehle-der-loewen-folge-6-5\/","url":"https:\/\/www.organisator.ch\/management\/2023-12-13\/ordnung-power-und-etwas-zug-in-der-hoehle-der-loewen-folge-6-5\/","name":"Ordine, potere e un po' di trazione nella Fossa dei Leoni, episodio 6\/5 - Organizzatore","isPartOf":{"@id":"https:\/\/www.organisator.ch\/#website"},"primaryImageOfPage":{"@id":"https:\/\/www.organisator.ch\/management\/2023-12-13\/ordnung-power-und-etwas-zug-in-der-hoehle-der-loewen-folge-6-5\/#primaryimage"},"image":{"@id":"https:\/\/www.organisator.ch\/management\/2023-12-13\/ordnung-power-und-etwas-zug-in-der-hoehle-der-loewen-folge-6-5\/#primaryimage"},"thumbnailUrl":"https:\/\/www.organisator.ch\/wp-content\/uploads\/2023\/12\/\u00a9CH-Media_HDL5_Folge-6_Bild1_ps.jpg","datePublished":"2023-12-13T09:55:06+00:00","dateModified":"2023-12-20T06:52:11+00:00","description":"Una vera stella della moda sostenibile ha brillato nella sesta puntata di \"Die H\u00f6hle der L\u00f6wen Schweiz\": Kiani, il visionario marchio di abbigliamento sportivo di San Gallo.","breadcrumb":{"@id":"https:\/\/www.organisator.ch\/management\/2023-12-13\/ordnung-power-und-etwas-zug-in-der-hoehle-der-loewen-folge-6-5\/#breadcrumb"},"inLanguage":"it-IT","potentialAction":[{"@type":"ReadAction","target":["https:\/\/www.organisator.ch\/management\/2023-12-13\/ordnung-power-und-etwas-zug-in-der-hoehle-der-loewen-folge-6-5\/"]}]},{"@type":"ImageObject","inLanguage":"it-IT","@id":"https:\/\/www.organisator.ch\/management\/2023-12-13\/ordnung-power-und-etwas-zug-in-der-hoehle-der-loewen-folge-6-5\/#primaryimage","url":"https:\/\/www.organisator.ch\/wp-content\/uploads\/2023\/12\/\u00a9CH-Media_HDL5_Folge-6_Bild1_ps.jpg","contentUrl":"https:\/\/www.organisator.ch\/wp-content\/uploads\/2023\/12\/\u00a9CH-Media_HDL5_Folge-6_Bild1_ps.jpg","width":680,"height":383,"caption":"Kira F\u00e4ssler pr\u00e4sentiert Kiani, nachhaltige Sportbekleidung f\u00fcr dich und mich. (Bild: CH Media)"},{"@type":"BreadcrumbList","@id":"https:\/\/www.organisator.ch\/management\/2023-12-13\/ordnung-power-und-etwas-zug-in-der-hoehle-der-loewen-folge-6-5\/#breadcrumb","itemListElement":[{"@type":"ListItem","position":1,"name":"Home","item":"https:\/\/www.organisator.ch\/"},{"@type":"ListItem","position":2,"name":"Ordnung, Power und etwas Zug in der H\u00f6hle der L\u00f6wen, Folge 6\/5"}]},{"@type":"WebSite","@id":"https:\/\/www.organisator.ch\/#website","url":"https:\/\/www.organisator.ch\/","name":"Organizzatore","description":"Competente. Pratico. In 10 numeri all'anno, ORGANISATOR presenta i temi essenziali per i manager delle PMI.","publisher":{"@id":"https:\/\/www.organisator.ch\/#organization"},"potentialAction":[{"@type":"SearchAction","target":{"@type":"EntryPoint","urlTemplate":"https:\/\/www.organisator.ch\/?s={search_term_string}"},"query-input":{"@type":"PropertyValueSpecification","valueRequired":true,"valueName":"search_term_string"}}],"inLanguage":"it-IT"},{"@type":"Organization","@id":"https:\/\/www.organisator.ch\/#organization","name":"Organizzatore","url":"https:\/\/www.organisator.ch\/","logo":{"@type":"ImageObject","inLanguage":"it-IT","@id":"https:\/\/www.organisator.ch\/#\/schema\/logo\/image\/","url":"https:\/\/www.organisator.ch\/wp-content\/uploads\/2022\/01\/Logo_Organisator_Website.png","contentUrl":"https:\/\/www.organisator.ch\/wp-content\/uploads\/2022\/01\/Logo_Organisator_Website.png","width":800,"height":77,"caption":"Organisator"},"image":{"@id":"https:\/\/www.organisator.ch\/#\/schema\/logo\/image\/"},"sameAs":["https:\/\/www.facebook.com\/OrganisatorFachmagazin","https:\/\/www.linkedin.com\/showcase\/organisator-das-magazin-fr-kmu","https:\/\/www.xing.com\/news\/pages\/organisator-ch-695","https:\/\/www.youtube.com\/channel\/UCGP2Sq0iWaZwT3BdIAQFYpw"]},{"@type":"Person","@id":"https:\/\/www.organisator.ch\/#\/schema\/person\/2e1314a2172123f874db408d8911d3f3","name":"Adelisa Kalajdzini","image":{"@type":"ImageObject","inLanguage":"it-IT","@id":"https:\/\/secure.gravatar.com\/avatar\/09a397c22ac58cad6f160ee8306348599df9df58a8ede73696226897b9fa4b24?s=96&d=mm&r=g","url":"https:\/\/secure.gravatar.com\/avatar\/09a397c22ac58cad6f160ee8306348599df9df58a8ede73696226897b9fa4b24?s=96&d=mm&r=g","contentUrl":"https:\/\/secure.gravatar.com\/avatar\/09a397c22ac58cad6f160ee8306348599df9df58a8ede73696226897b9fa4b24?s=96&d=mm&r=g","caption":"Adelisa Kalajdzini"},"url":"https:\/\/www.organisator.ch\/it\/author\/adelisa-kalajdzini\/"}]}},"_links":{"self":[{"href":"https:\/\/www.organisator.ch\/it\/wp-json\/wp\/v2\/posts\/23874","targetHints":{"allow":["GET"]}}],"collection":[{"href":"https:\/\/www.organisator.ch\/it\/wp-json\/wp\/v2\/posts"}],"about":[{"href":"https:\/\/www.organisator.ch\/it\/wp-json\/wp\/v2\/types\/post"}],"author":[{"embeddable":true,"href":"https:\/\/www.organisator.ch\/it\/wp-json\/wp\/v2\/users\/58"}],"replies":[{"embeddable":true,"href":"https:\/\/www.organisator.ch\/it\/wp-json\/wp\/v2\/comments?post=23874"}],"version-history":[{"count":10,"href":"https:\/\/www.organisator.ch\/it\/wp-json\/wp\/v2\/posts\/23874\/revisions"}],"predecessor-version":[{"id":24020,"href":"https:\/\/www.organisator.ch\/it\/wp-json\/wp\/v2\/posts\/23874\/revisions\/24020"}],"wp:featuredmedia":[{"embeddable":true,"href":"https:\/\/www.organisator.ch\/it\/wp-json\/wp\/v2\/media\/23876"}],"wp:attachment":[{"href":"https:\/\/www.organisator.ch\/it\/wp-json\/wp\/v2\/media?parent=23874"}],"wp:term":[{"taxonomy":"category","embeddable":true,"href":"https:\/\/www.organisator.ch\/it\/wp-json\/wp\/v2\/categories?post=23874"},{"taxonomy":"post_tag","embeddable":true,"href":"https:\/\/www.organisator.ch\/it\/wp-json\/wp\/v2\/tags?post=23874"}],"curies":[{"name":"wp","href":"https:\/\/api.w.org\/{rel}","templated":true}]}}