{"id":23930,"date":"2023-12-18T08:03:23","date_gmt":"2023-12-18T07:03:23","guid":{"rendered":"https:\/\/www.organisator.ch\/?p=23930"},"modified":"2023-12-18T09:03:49","modified_gmt":"2023-12-18T08:03:49","slug":"scsd-von-der-ukraine-zu-quantum-computing-vom-metaverse-in-den-weltraum","status":"publish","type":"post","link":"https:\/\/www.organisator.ch\/it\/operational-excellence\/2023-12-18\/scsd-von-der-ukraine-zu-quantum-computing-vom-metaverse-in-den-weltraum\/","title":{"rendered":"SCSD: Dall'Ucraina all'informatica quantistica, dal metaverso allo spazio"},"content":{"rendered":"<figure id=\"attachment_23932\" class=\"wp-caption alignnone\" style=\"width: 680px;\" aria-describedby=\"caption-attachment-23932\"><img class=\"size-full wp-image-23932\" src=\"https:\/\/www.organisator.ch\/wp-content\/uploads\/2023\/12\/SCSD_Bild1_ps.jpg\" sizes=\"(max-width: 680px) 100vw, 680px\" srcset=\"https:\/\/www.organisator.ch\/wp-content\/uploads\/2023\/12\/SCSD_Bild1_ps.jpg 680w, https:\/\/www.organisator.ch\/wp-content\/uploads\/2023\/12\/SCSD_Bild1_ps-18x12.jpg 18w, https:\/\/www.organisator.ch\/wp-content\/uploads\/2023\/12\/SCSD_Bild1_ps-375x250.jpg 375w, https:\/\/www.organisator.ch\/wp-content\/uploads\/2023\/12\/SCSD_Bild1_ps-525x350.jpg 525w\" alt=\"\" width=\"680\" height=\"453\" \/>\r\n<figcaption id=\"caption-attachment-23932\" class=\"wp-caption-text\">Durante l'SCSD 2024, i relatori mostreranno perch\u00e9 la minaccia del cyberspazio \u00e8 uno dei maggiori pericoli del nostro tempo. (Immagine: www.pexels.com)<\/figcaption>\r\n<\/figure>\r\n<p>Gli Swiss Cyber Security Days (SCSD) si terranno il 20 e 21 febbraio 2024 presso la BERNEXPO di Berna. Sui due palcoscenici principali, relatori nazionali e internazionali di alto livello illustreranno per due giorni i motivi per cui la minaccia del cyberspazio \u00e8 uno dei maggiori pericoli del nostro tempo e l'importanza centrale di societ\u00e0 resilienti dal punto di vista informatico. I relatori provengono dai settori della scienza, della ricerca, della difesa, dell'amministrazione, dell'economia, dei media e della vita civile. Il variegato programma presenter\u00e0, tra l'altro, le ultime scoperte nel campo dell'informatica quantistica, dei robot autonomi e dell'intelligenza artificiale; mostrer\u00e0 inoltre la sicurezza dei nostri satelliti nello spazio, illustrer\u00e0 l'architettura di sicurezza informatica della Svizzera, ci porter\u00e0 in Ucraina e in altri Paesi vicini al confine e spiegher\u00e0, dal punto di vista della NATO, perch\u00e9 le infrastrutture digitali resilienti sono di estrema importanza nazionale.<\/p>\r\n<p>Tra i numerosi punti salienti del programma della fiera figurano le presentazioni di alte personalit\u00e0 nazionali e internazionali come il capo dell'esercito svizzero Thomas S\u00fcssli, l'ex direttore scientifico dell'agenzia spaziale statunitense NASA e attuale direttore dell'ETH Space Prof. Dr. Thomas Zurbuchen, il capo della Cyber Defense della NATO Christian-Marc Lifl\u00e4nder, la presentazione del Metaverse da parte del Dr. Kl\u00f6ss, responsabile del settore Consumer Technology di Bitkom, e il contributo africano del Kenya sul progetto miliare nel campo delle smart city: Konza Technopolis.<\/p>\r\n<p>\"Siamo estremamente soddisfatti del programma: ancora una volta, copre in modo unico le aree pi\u00f9 importanti della sicurezza informatica in questa forma e combina gli attuali sviluppi geopolitici, i dialoghi incentrati sulla rilevanza sociale, gli ultimi risultati della ricerca e le personalit\u00e0 pi\u00f9 interessanti\", afferma Doris Fiala, presidente degli Swiss Cyber Security Days. \"I contributi costituiscono la base perfetta per classificare in modo olistico gli argomenti di rilevanza sociale, affrontare le opportunit\u00e0 e i rischi e svilupparsi ulteriormente come comunit\u00e0\".<\/p>\r\n<h3><strong>Espositori e sponsor rinomati, nonch\u00e9 rappresentanti internazionali<\/strong><\/h3>\r\n<p>Oltre alle partnership con numerose associazioni come la tedesca Bitkom, l'Associazione Svizzera delle Citt\u00e0 SSV e lo Swiss Venture Club, SCSD 2024 pu\u00f2 contare su numerosi espositori e sponsor nazionali e internazionali. Tra questi, l'Agenzia per lo sviluppo economico di Berna, Cisco Systems (Svizzera) GmbH, Kaspersky Labs Switzerland GmbH, Amazon Web Services (AWS), IBM Svizzera, Projekt Kommando Cyber, Suse AG, Dell SA, Trend Micro (Schweiz) AG, Cloudflare GmbH, Sophos Technology GmbH, SailPoint Technologies, Mimecast Germany GmbH, CrowdStrike Switzerland GmbH e Bortoli AG. Un totale di 80 partner ed espositori saranno presenti all'evento di due giorni nella sala eventi che ha registrato il tutto esaurito. \"L'entusiasmante combinazione di forti partnership associative, rappresentanze nazionali e numerosi partner nazionali e internazionali mi rende felice\", afferma Tom Winter, CEO di BERNEXPO AG. \"Con gli Swiss Cyber Security Days, stiamo mettendo insieme un altro pezzo del puzzle che permetter\u00e0 a Berna, come sede di congressi e fiere, di brillare oltre i confini cantonali e nazionali\".<\/p>\r\n<p>Diverse rappresentanze internazionali saranno presenti all'SCSD 2024 per sottolineare la rete globale della sicurezza informatica e l'importanza della cooperazione internazionale. Ad esempio, Portogallo, Ucraina e Pakistan sono stati assicurati come rappresentanti dei Paesi. \"\u00c8 importante per noi dimostrare che, soprattutto quando si tratta di sicurezza informatica, lo scambio al di l\u00e0 dei confini nazionali \u00e8 estremamente importante e che viene promossa la cooperazione internazionale nella lotta contro la criminalit\u00e0 informatica\", afferma Nicolas Mayencourt, direttore del programma dell'SCSD.<\/p>\r\n<p><em>Fonte: <a href=\"http:\/\/www.swisscybersecuritydays.ch\/\">www.swisscybersecuritydays.ch<\/a><\/em><\/p>","protected":false},"excerpt":{"rendered":"<p>Gli Swiss Cyber Security Days (SCSD) si terranno per la prima volta il 20 e 21 febbraio 2024 presso la BERNEXPO di Berna. Oltre a numerose partnership efficaci e strategiche, il programma dell'evento si distingue in modo particolare. <\/p>","protected":false},"author":58,"featured_media":23932,"comment_status":"closed","ping_status":"closed","sticky":false,"template":"","format":"standard","meta":{"_acf_changed":false,"_yoast_wpseo_focuskw":"SCSD","_yoast_wpseo_metadesc":"Die Swiss Cyber Security Days (SCSD) finden am 20. und 21. Februar 2024 zum ersten Mal auf dem BERNEXPO-Gel\u00e4nde in Bern statt.","articlekey":"","footnotes":""},"categories":[582],"tags":[142,608,156,1149,424],"class_list":["post-23930","post","type-post","status-publish","format-standard","has-post-thumbnail","hentry","category-operational-excellence","tag-cyber-crime","tag-cybersicherheit","tag-digitalisierung","tag-fachmesse","tag-schweiz"],"acf":[],"yoast_head":"<!-- This site is optimized with the Yoast SEO plugin v27.5 - https:\/\/yoast.com\/product\/yoast-seo-wordpress\/ -->\n<title>SCSD: Von der Ukraine zu Quantum Computing, vom Metaverse in den Weltraum - Organisator<\/title>\n<meta name=\"description\" content=\"Die Swiss Cyber Security Days (SCSD) finden am 20. und 21. Februar 2024 zum ersten Mal auf dem BERNEXPO-Gel\u00e4nde in Bern statt.\" \/>\n<meta name=\"robots\" content=\"index, follow, max-snippet:-1, max-image-preview:large, max-video-preview:-1\" \/>\n<link rel=\"canonical\" href=\"https:\/\/www.organisator.ch\/it\/eccellenza-operativa\/2023-12-18\/scsd-von-der-ukraine-zu-quantum-computing-vom-metaverse-in-den-weltraum\/\" \/>\n<meta property=\"og:locale\" content=\"it_IT\" \/>\n<meta property=\"og:type\" content=\"article\" \/>\n<meta property=\"og:title\" content=\"SCSD: Von der Ukraine zu Quantum Computing, vom Metaverse in den Weltraum\" \/>\n<meta property=\"og:description\" content=\"Die Swiss Cyber Security Days (SCSD) finden am 20. und 21. Februar 2024 zum ersten Mal auf dem BERNEXPO-Gel\u00e4nde in Bern statt.\" \/>\n<meta property=\"og:url\" content=\"https:\/\/www.organisator.ch\/it\/eccellenza-operativa\/2023-12-18\/scsd-von-der-ukraine-zu-quantum-computing-vom-metaverse-in-den-weltraum\/\" \/>\n<meta property=\"og:site_name\" content=\"Organisator\" \/>\n<meta property=\"article:publisher\" content=\"https:\/\/www.facebook.com\/OrganisatorFachmagazin\" \/>\n<meta property=\"article:published_time\" content=\"2023-12-18T07:03:23+00:00\" \/>\n<meta property=\"article:modified_time\" content=\"2023-12-18T08:03:49+00:00\" \/>\n<meta property=\"og:image\" content=\"https:\/\/www.organisator.ch\/wp-content\/uploads\/2023\/12\/SCSD_Bild1_ps.jpg\" \/>\n\t<meta property=\"og:image:width\" content=\"680\" \/>\n\t<meta property=\"og:image:height\" content=\"453\" \/>\n\t<meta property=\"og:image:type\" content=\"image\/jpeg\" \/>\n<meta name=\"author\" content=\"Adelisa Kalajdzini\" \/>\n<meta name=\"twitter:card\" content=\"summary_large_image\" \/>\n<meta name=\"twitter:title\" content=\"SCSD: Von der Ukraine zu Quantum Computing, vom Metaverse in den Weltraum\" \/>\n<meta name=\"twitter:description\" content=\"Die Swiss Cyber Security Days #(SCSD) finden am 20. und 21. Februar 2024 zum ersten Mal auf dem #BERNEXPO-Gel\u00e4nde in #Bern statt.\" \/>\n<meta name=\"twitter:image\" content=\"https:\/\/www.organisator.ch\/wp-content\/uploads\/2023\/12\/SCSD_Bild1_ps.jpg\" \/>\n<script type=\"application\/ld+json\" class=\"yoast-schema-graph\">{\"@context\":\"https:\\\/\\\/schema.org\",\"@graph\":[{\"@type\":\"Article\",\"@id\":\"https:\\\/\\\/www.organisator.ch\\\/operational-excellence\\\/2023-12-18\\\/scsd-von-der-ukraine-zu-quantum-computing-vom-metaverse-in-den-weltraum\\\/#article\",\"isPartOf\":{\"@id\":\"https:\\\/\\\/www.organisator.ch\\\/operational-excellence\\\/2023-12-18\\\/scsd-von-der-ukraine-zu-quantum-computing-vom-metaverse-in-den-weltraum\\\/\"},\"author\":{\"name\":\"Adelisa Kalajdzini\",\"@id\":\"https:\\\/\\\/www.organisator.ch\\\/#\\\/schema\\\/person\\\/2e1314a2172123f874db408d8911d3f3\"},\"headline\":\"SCSD: Von der Ukraine zu Quantum Computing, vom Metaverse in den Weltraum\",\"datePublished\":\"2023-12-18T07:03:23+00:00\",\"dateModified\":\"2023-12-18T08:03:49+00:00\",\"mainEntityOfPage\":{\"@id\":\"https:\\\/\\\/www.organisator.ch\\\/operational-excellence\\\/2023-12-18\\\/scsd-von-der-ukraine-zu-quantum-computing-vom-metaverse-in-den-weltraum\\\/\"},\"wordCount\":555,\"publisher\":{\"@id\":\"https:\\\/\\\/www.organisator.ch\\\/#organization\"},\"image\":{\"@id\":\"https:\\\/\\\/www.organisator.ch\\\/operational-excellence\\\/2023-12-18\\\/scsd-von-der-ukraine-zu-quantum-computing-vom-metaverse-in-den-weltraum\\\/#primaryimage\"},\"thumbnailUrl\":\"https:\\\/\\\/www.organisator.ch\\\/wp-content\\\/uploads\\\/2023\\\/12\\\/SCSD_Bild1_ps.jpg\",\"keywords\":[\"Cyber-Crime\",\"Cybersicherheit\",\"Digitalisierung\",\"Fachmesse\",\"Schweiz\"],\"articleSection\":[\"OPERATIONAL EXCELLENCE\"],\"inLanguage\":\"it-IT\"},{\"@type\":\"WebPage\",\"@id\":\"https:\\\/\\\/www.organisator.ch\\\/operational-excellence\\\/2023-12-18\\\/scsd-von-der-ukraine-zu-quantum-computing-vom-metaverse-in-den-weltraum\\\/\",\"url\":\"https:\\\/\\\/www.organisator.ch\\\/operational-excellence\\\/2023-12-18\\\/scsd-von-der-ukraine-zu-quantum-computing-vom-metaverse-in-den-weltraum\\\/\",\"name\":\"SCSD: Von der Ukraine zu Quantum Computing, vom Metaverse in den Weltraum - Organisator\",\"isPartOf\":{\"@id\":\"https:\\\/\\\/www.organisator.ch\\\/#website\"},\"primaryImageOfPage\":{\"@id\":\"https:\\\/\\\/www.organisator.ch\\\/operational-excellence\\\/2023-12-18\\\/scsd-von-der-ukraine-zu-quantum-computing-vom-metaverse-in-den-weltraum\\\/#primaryimage\"},\"image\":{\"@id\":\"https:\\\/\\\/www.organisator.ch\\\/operational-excellence\\\/2023-12-18\\\/scsd-von-der-ukraine-zu-quantum-computing-vom-metaverse-in-den-weltraum\\\/#primaryimage\"},\"thumbnailUrl\":\"https:\\\/\\\/www.organisator.ch\\\/wp-content\\\/uploads\\\/2023\\\/12\\\/SCSD_Bild1_ps.jpg\",\"datePublished\":\"2023-12-18T07:03:23+00:00\",\"dateModified\":\"2023-12-18T08:03:49+00:00\",\"description\":\"Die Swiss Cyber Security Days (SCSD) finden am 20. und 21. Februar 2024 zum ersten Mal auf dem BERNEXPO-Gel\u00e4nde in Bern statt.\",\"breadcrumb\":{\"@id\":\"https:\\\/\\\/www.organisator.ch\\\/operational-excellence\\\/2023-12-18\\\/scsd-von-der-ukraine-zu-quantum-computing-vom-metaverse-in-den-weltraum\\\/#breadcrumb\"},\"inLanguage\":\"it-IT\",\"potentialAction\":[{\"@type\":\"ReadAction\",\"target\":[\"https:\\\/\\\/www.organisator.ch\\\/operational-excellence\\\/2023-12-18\\\/scsd-von-der-ukraine-zu-quantum-computing-vom-metaverse-in-den-weltraum\\\/\"]}]},{\"@type\":\"ImageObject\",\"inLanguage\":\"it-IT\",\"@id\":\"https:\\\/\\\/www.organisator.ch\\\/operational-excellence\\\/2023-12-18\\\/scsd-von-der-ukraine-zu-quantum-computing-vom-metaverse-in-den-weltraum\\\/#primaryimage\",\"url\":\"https:\\\/\\\/www.organisator.ch\\\/wp-content\\\/uploads\\\/2023\\\/12\\\/SCSD_Bild1_ps.jpg\",\"contentUrl\":\"https:\\\/\\\/www.organisator.ch\\\/wp-content\\\/uploads\\\/2023\\\/12\\\/SCSD_Bild1_ps.jpg\",\"width\":680,\"height\":453,\"caption\":\"Die Referentinnen und Referenten zeigen, w\u00e4hrend SCSD 2024, warum die Gefahr aus dem Cyberraum eine der gr\u00f6ssten Gefahren unserer Zeit ist. (Bild: www.pexels.com)\"},{\"@type\":\"BreadcrumbList\",\"@id\":\"https:\\\/\\\/www.organisator.ch\\\/operational-excellence\\\/2023-12-18\\\/scsd-von-der-ukraine-zu-quantum-computing-vom-metaverse-in-den-weltraum\\\/#breadcrumb\",\"itemListElement\":[{\"@type\":\"ListItem\",\"position\":1,\"name\":\"Home\",\"item\":\"https:\\\/\\\/www.organisator.ch\\\/\"},{\"@type\":\"ListItem\",\"position\":2,\"name\":\"SCSD: Von der Ukraine zu Quantum Computing, vom Metaverse in den Weltraum\"}]},{\"@type\":\"WebSite\",\"@id\":\"https:\\\/\\\/www.organisator.ch\\\/#website\",\"url\":\"https:\\\/\\\/www.organisator.ch\\\/\",\"name\":\"Organisator\",\"description\":\"Kompetent. Praxisnah. Der ORGANISATOR bereitet in 10 Ausgaben pro Jahr die wesentlichen Themen f\u00fcr F\u00fchrungskr\u00e4fte von KMU auf.\",\"publisher\":{\"@id\":\"https:\\\/\\\/www.organisator.ch\\\/#organization\"},\"potentialAction\":[{\"@type\":\"SearchAction\",\"target\":{\"@type\":\"EntryPoint\",\"urlTemplate\":\"https:\\\/\\\/www.organisator.ch\\\/?s={search_term_string}\"},\"query-input\":{\"@type\":\"PropertyValueSpecification\",\"valueRequired\":true,\"valueName\":\"search_term_string\"}}],\"inLanguage\":\"it-IT\"},{\"@type\":\"Organization\",\"@id\":\"https:\\\/\\\/www.organisator.ch\\\/#organization\",\"name\":\"Organisator\",\"url\":\"https:\\\/\\\/www.organisator.ch\\\/\",\"logo\":{\"@type\":\"ImageObject\",\"inLanguage\":\"it-IT\",\"@id\":\"https:\\\/\\\/www.organisator.ch\\\/#\\\/schema\\\/logo\\\/image\\\/\",\"url\":\"https:\\\/\\\/www.organisator.ch\\\/wp-content\\\/uploads\\\/2022\\\/01\\\/Logo_Organisator_Website.png\",\"contentUrl\":\"https:\\\/\\\/www.organisator.ch\\\/wp-content\\\/uploads\\\/2022\\\/01\\\/Logo_Organisator_Website.png\",\"width\":800,\"height\":77,\"caption\":\"Organisator\"},\"image\":{\"@id\":\"https:\\\/\\\/www.organisator.ch\\\/#\\\/schema\\\/logo\\\/image\\\/\"},\"sameAs\":[\"https:\\\/\\\/www.facebook.com\\\/OrganisatorFachmagazin\",\"https:\\\/\\\/www.linkedin.com\\\/showcase\\\/organisator-das-magazin-fr-kmu\",\"https:\\\/\\\/www.xing.com\\\/news\\\/pages\\\/organisator-ch-695\",\"https:\\\/\\\/www.youtube.com\\\/channel\\\/UCGP2Sq0iWaZwT3BdIAQFYpw\"]},{\"@type\":\"Person\",\"@id\":\"https:\\\/\\\/www.organisator.ch\\\/#\\\/schema\\\/person\\\/2e1314a2172123f874db408d8911d3f3\",\"name\":\"Adelisa Kalajdzini\",\"image\":{\"@type\":\"ImageObject\",\"inLanguage\":\"it-IT\",\"@id\":\"https:\\\/\\\/secure.gravatar.com\\\/avatar\\\/09a397c22ac58cad6f160ee8306348599df9df58a8ede73696226897b9fa4b24?s=96&d=mm&r=g\",\"url\":\"https:\\\/\\\/secure.gravatar.com\\\/avatar\\\/09a397c22ac58cad6f160ee8306348599df9df58a8ede73696226897b9fa4b24?s=96&d=mm&r=g\",\"contentUrl\":\"https:\\\/\\\/secure.gravatar.com\\\/avatar\\\/09a397c22ac58cad6f160ee8306348599df9df58a8ede73696226897b9fa4b24?s=96&d=mm&r=g\",\"caption\":\"Adelisa Kalajdzini\"},\"url\":\"https:\\\/\\\/www.organisator.ch\\\/it\\\/author\\\/adelisa-kalajdzini\\\/\"}]}<\/script>\n<!-- \/ Yoast SEO plugin. -->","yoast_head_json":{"title":"SCSD: Dall'Ucraina al calcolo quantistico, dal metaverso allo spazio - Organizzatore","description":"Gli Swiss Cyber Security Days (SCSD) si terranno per la prima volta il 20 e 21 febbraio 2024 presso la BERNEXPO di Berna.","robots":{"index":"index","follow":"follow","max-snippet":"max-snippet:-1","max-image-preview":"max-image-preview:large","max-video-preview":"max-video-preview:-1"},"canonical":"https:\/\/www.organisator.ch\/it\/eccellenza-operativa\/2023-12-18\/scsd-von-der-ukraine-zu-quantum-computing-vom-metaverse-in-den-weltraum\/","og_locale":"it_IT","og_type":"article","og_title":"SCSD: Von der Ukraine zu Quantum Computing, vom Metaverse in den Weltraum","og_description":"Die Swiss Cyber Security Days (SCSD) finden am 20. und 21. Februar 2024 zum ersten Mal auf dem BERNEXPO-Gel\u00e4nde in Bern statt.","og_url":"https:\/\/www.organisator.ch\/it\/eccellenza-operativa\/2023-12-18\/scsd-von-der-ukraine-zu-quantum-computing-vom-metaverse-in-den-weltraum\/","og_site_name":"Organisator","article_publisher":"https:\/\/www.facebook.com\/OrganisatorFachmagazin","article_published_time":"2023-12-18T07:03:23+00:00","article_modified_time":"2023-12-18T08:03:49+00:00","og_image":[{"width":680,"height":453,"url":"https:\/\/www.organisator.ch\/wp-content\/uploads\/2023\/12\/SCSD_Bild1_ps.jpg","type":"image\/jpeg"}],"author":"Adelisa Kalajdzini","twitter_card":"summary_large_image","twitter_title":"SCSD: Von der Ukraine zu Quantum Computing, vom Metaverse in den Weltraum","twitter_description":"Die Swiss Cyber Security Days #(SCSD) finden am 20. und 21. Februar 2024 zum ersten Mal auf dem #BERNEXPO-Gel\u00e4nde in #Bern statt.","twitter_image":"https:\/\/www.organisator.ch\/wp-content\/uploads\/2023\/12\/SCSD_Bild1_ps.jpg","schema":{"@context":"https:\/\/schema.org","@graph":[{"@type":"Article","@id":"https:\/\/www.organisator.ch\/operational-excellence\/2023-12-18\/scsd-von-der-ukraine-zu-quantum-computing-vom-metaverse-in-den-weltraum\/#article","isPartOf":{"@id":"https:\/\/www.organisator.ch\/operational-excellence\/2023-12-18\/scsd-von-der-ukraine-zu-quantum-computing-vom-metaverse-in-den-weltraum\/"},"author":{"name":"Adelisa Kalajdzini","@id":"https:\/\/www.organisator.ch\/#\/schema\/person\/2e1314a2172123f874db408d8911d3f3"},"headline":"SCSD: Von der Ukraine zu Quantum Computing, vom Metaverse in den Weltraum","datePublished":"2023-12-18T07:03:23+00:00","dateModified":"2023-12-18T08:03:49+00:00","mainEntityOfPage":{"@id":"https:\/\/www.organisator.ch\/operational-excellence\/2023-12-18\/scsd-von-der-ukraine-zu-quantum-computing-vom-metaverse-in-den-weltraum\/"},"wordCount":555,"publisher":{"@id":"https:\/\/www.organisator.ch\/#organization"},"image":{"@id":"https:\/\/www.organisator.ch\/operational-excellence\/2023-12-18\/scsd-von-der-ukraine-zu-quantum-computing-vom-metaverse-in-den-weltraum\/#primaryimage"},"thumbnailUrl":"https:\/\/www.organisator.ch\/wp-content\/uploads\/2023\/12\/SCSD_Bild1_ps.jpg","keywords":["Cyber-Crime","Cybersicherheit","Digitalisierung","Fachmesse","Schweiz"],"articleSection":["OPERATIONAL EXCELLENCE"],"inLanguage":"it-IT"},{"@type":"WebPage","@id":"https:\/\/www.organisator.ch\/operational-excellence\/2023-12-18\/scsd-von-der-ukraine-zu-quantum-computing-vom-metaverse-in-den-weltraum\/","url":"https:\/\/www.organisator.ch\/operational-excellence\/2023-12-18\/scsd-von-der-ukraine-zu-quantum-computing-vom-metaverse-in-den-weltraum\/","name":"SCSD: Dall'Ucraina al calcolo quantistico, dal metaverso allo spazio - Organizzatore","isPartOf":{"@id":"https:\/\/www.organisator.ch\/#website"},"primaryImageOfPage":{"@id":"https:\/\/www.organisator.ch\/operational-excellence\/2023-12-18\/scsd-von-der-ukraine-zu-quantum-computing-vom-metaverse-in-den-weltraum\/#primaryimage"},"image":{"@id":"https:\/\/www.organisator.ch\/operational-excellence\/2023-12-18\/scsd-von-der-ukraine-zu-quantum-computing-vom-metaverse-in-den-weltraum\/#primaryimage"},"thumbnailUrl":"https:\/\/www.organisator.ch\/wp-content\/uploads\/2023\/12\/SCSD_Bild1_ps.jpg","datePublished":"2023-12-18T07:03:23+00:00","dateModified":"2023-12-18T08:03:49+00:00","description":"Gli Swiss Cyber Security Days (SCSD) si terranno per la prima volta il 20 e 21 febbraio 2024 presso la BERNEXPO di Berna.","breadcrumb":{"@id":"https:\/\/www.organisator.ch\/operational-excellence\/2023-12-18\/scsd-von-der-ukraine-zu-quantum-computing-vom-metaverse-in-den-weltraum\/#breadcrumb"},"inLanguage":"it-IT","potentialAction":[{"@type":"ReadAction","target":["https:\/\/www.organisator.ch\/operational-excellence\/2023-12-18\/scsd-von-der-ukraine-zu-quantum-computing-vom-metaverse-in-den-weltraum\/"]}]},{"@type":"ImageObject","inLanguage":"it-IT","@id":"https:\/\/www.organisator.ch\/operational-excellence\/2023-12-18\/scsd-von-der-ukraine-zu-quantum-computing-vom-metaverse-in-den-weltraum\/#primaryimage","url":"https:\/\/www.organisator.ch\/wp-content\/uploads\/2023\/12\/SCSD_Bild1_ps.jpg","contentUrl":"https:\/\/www.organisator.ch\/wp-content\/uploads\/2023\/12\/SCSD_Bild1_ps.jpg","width":680,"height":453,"caption":"Die Referentinnen und Referenten zeigen, w\u00e4hrend SCSD 2024, warum die Gefahr aus dem Cyberraum eine der gr\u00f6ssten Gefahren unserer Zeit ist. (Bild: www.pexels.com)"},{"@type":"BreadcrumbList","@id":"https:\/\/www.organisator.ch\/operational-excellence\/2023-12-18\/scsd-von-der-ukraine-zu-quantum-computing-vom-metaverse-in-den-weltraum\/#breadcrumb","itemListElement":[{"@type":"ListItem","position":1,"name":"Home","item":"https:\/\/www.organisator.ch\/"},{"@type":"ListItem","position":2,"name":"SCSD: Von der Ukraine zu Quantum Computing, vom Metaverse in den Weltraum"}]},{"@type":"WebSite","@id":"https:\/\/www.organisator.ch\/#website","url":"https:\/\/www.organisator.ch\/","name":"Organizzatore","description":"Competente. Pratico. In 10 numeri all'anno, ORGANISATOR presenta i temi essenziali per i manager delle PMI.","publisher":{"@id":"https:\/\/www.organisator.ch\/#organization"},"potentialAction":[{"@type":"SearchAction","target":{"@type":"EntryPoint","urlTemplate":"https:\/\/www.organisator.ch\/?s={search_term_string}"},"query-input":{"@type":"PropertyValueSpecification","valueRequired":true,"valueName":"search_term_string"}}],"inLanguage":"it-IT"},{"@type":"Organization","@id":"https:\/\/www.organisator.ch\/#organization","name":"Organizzatore","url":"https:\/\/www.organisator.ch\/","logo":{"@type":"ImageObject","inLanguage":"it-IT","@id":"https:\/\/www.organisator.ch\/#\/schema\/logo\/image\/","url":"https:\/\/www.organisator.ch\/wp-content\/uploads\/2022\/01\/Logo_Organisator_Website.png","contentUrl":"https:\/\/www.organisator.ch\/wp-content\/uploads\/2022\/01\/Logo_Organisator_Website.png","width":800,"height":77,"caption":"Organisator"},"image":{"@id":"https:\/\/www.organisator.ch\/#\/schema\/logo\/image\/"},"sameAs":["https:\/\/www.facebook.com\/OrganisatorFachmagazin","https:\/\/www.linkedin.com\/showcase\/organisator-das-magazin-fr-kmu","https:\/\/www.xing.com\/news\/pages\/organisator-ch-695","https:\/\/www.youtube.com\/channel\/UCGP2Sq0iWaZwT3BdIAQFYpw"]},{"@type":"Person","@id":"https:\/\/www.organisator.ch\/#\/schema\/person\/2e1314a2172123f874db408d8911d3f3","name":"Adelisa Kalajdzini","image":{"@type":"ImageObject","inLanguage":"it-IT","@id":"https:\/\/secure.gravatar.com\/avatar\/09a397c22ac58cad6f160ee8306348599df9df58a8ede73696226897b9fa4b24?s=96&d=mm&r=g","url":"https:\/\/secure.gravatar.com\/avatar\/09a397c22ac58cad6f160ee8306348599df9df58a8ede73696226897b9fa4b24?s=96&d=mm&r=g","contentUrl":"https:\/\/secure.gravatar.com\/avatar\/09a397c22ac58cad6f160ee8306348599df9df58a8ede73696226897b9fa4b24?s=96&d=mm&r=g","caption":"Adelisa Kalajdzini"},"url":"https:\/\/www.organisator.ch\/it\/author\/adelisa-kalajdzini\/"}]}},"_links":{"self":[{"href":"https:\/\/www.organisator.ch\/it\/wp-json\/wp\/v2\/posts\/23930","targetHints":{"allow":["GET"]}}],"collection":[{"href":"https:\/\/www.organisator.ch\/it\/wp-json\/wp\/v2\/posts"}],"about":[{"href":"https:\/\/www.organisator.ch\/it\/wp-json\/wp\/v2\/types\/post"}],"author":[{"embeddable":true,"href":"https:\/\/www.organisator.ch\/it\/wp-json\/wp\/v2\/users\/58"}],"replies":[{"embeddable":true,"href":"https:\/\/www.organisator.ch\/it\/wp-json\/wp\/v2\/comments?post=23930"}],"version-history":[{"count":8,"href":"https:\/\/www.organisator.ch\/it\/wp-json\/wp\/v2\/posts\/23930\/revisions"}],"predecessor-version":[{"id":23965,"href":"https:\/\/www.organisator.ch\/it\/wp-json\/wp\/v2\/posts\/23930\/revisions\/23965"}],"wp:featuredmedia":[{"embeddable":true,"href":"https:\/\/www.organisator.ch\/it\/wp-json\/wp\/v2\/media\/23932"}],"wp:attachment":[{"href":"https:\/\/www.organisator.ch\/it\/wp-json\/wp\/v2\/media?parent=23930"}],"wp:term":[{"taxonomy":"category","embeddable":true,"href":"https:\/\/www.organisator.ch\/it\/wp-json\/wp\/v2\/categories?post=23930"},{"taxonomy":"post_tag","embeddable":true,"href":"https:\/\/www.organisator.ch\/it\/wp-json\/wp\/v2\/tags?post=23930"}],"curies":[{"name":"wp","href":"https:\/\/api.w.org\/{rel}","templated":true}]}}