{"id":2397,"date":"2019-08-27T17:20:25","date_gmt":"2019-08-27T15:20:25","guid":{"rendered":"https:\/\/www.umweltperspektiven.ch\/?p=2397"},"modified":"2022-02-09T11:06:52","modified_gmt":"2022-02-09T10:06:52","slug":"vernehmlassungsantwort-von-biovision","status":"publish","type":"post","link":"https:\/\/www.organisator.ch\/it\/sustainability\/2019-08-27\/vernehmlassungsantwort-von-biovision\/","title":{"rendered":"La risposta alla consultazione di Biovision"},"content":{"rendered":"<figure id=\"attachment_2398\" aria-describedby=\"caption-attachment-2398\" style=\"width: 640px\" class=\"wp-caption alignnone\"><img loading=\"lazy\" decoding=\"async\" class=\"size-full wp-image-2398\" src=\"\/\/www.umweltperspektiven.ch\/wp-content\/uploads\/2019\/08\/biovision-Schweiz-UP_Umwelt-Perspektiven.jpg\" alt=\"\" width=\"640\" height=\"427\" \/><figcaption id=\"caption-attachment-2398\" class=\"wp-caption-text\">Come paese con una forte rete internazionale, la Svizzera \u00e8 direttamente interessata da sfide complesse come il cambiamento climatico. (Immagine: Unsplash)<\/figcaption><\/figure>\n<p>Biovision esprime le sue opinioni sull'attuazione dell'Agenda 2030 per lo sviluppo sostenibile. Con l'Agenda 2030 come quadro di riferimento centrale, la Svizzera dovrebbe perseguire un approccio sistemico e in rete in cui la lotta contro la fame, la povert\u00e0 e l'alleviamento del bisogno siano prioritari.<\/p>\n<p>In questo modo, la Svizzera pu\u00f2 dare un importante contributo allo sviluppo globale equo e sostenibile.<\/p>\n<p>In qualit\u00e0 di organizzazione di sviluppo con un approccio olistico e un focus sulla sostenibilit\u00e0, il trasferimento di conoscenze e lo sviluppo ecologico, i seguenti punti in particolare sono di importanza strategica per Biovision per la futura cooperazione internazionale della Svizzera:<\/p>\n<ul>\n<li><em>La CI deve essere coerentemente orientata all'attuazione dell'Agenda 2030 per lo sviluppo sostenibile e attuata con un approccio sistemico e in rete. Possibili sinergie e obiettivi conflittuali tra le singole aree tematiche devono essere riconosciuti e utilizzati o evitati nell'interesse della coerenza delle politiche per lo sviluppo sostenibile. Solo se si affrontano le cause - per esempio l'accesso alla terra, alle sementi, le disuguaglianze di conoscenza e di mercato, il cambiamento climatico e la perdita di biodiversit\u00e0, le perdite di cibo - la fame e la povert\u00e0 possono essere eliminate e le persone colpite possono vivere dignitosamente.<\/em><\/li>\n<li><em>Il rapporto speciale del Gruppo intergovernativo sui cambiamenti climatici sul cambiamento climatico e i sistemi terrestri, pubblicato all'inizio di agosto, ha mostrato che la trasformazione dei sistemi alimentari ha un ruolo centrale da svolgere per mitigare la crisi climatica. La Svizzera dovrebbe quindi continuare e ampliare il suo ruolo pionieristico nella diffusione dei metodi agroecologici in tutto il mondo. Inoltre, la ricerca applicata agli approcci agroecologici dovrebbe essere rafforzata stabilendo partnership innovative e processi di apprendimento congiunto tra scienza e pratica nei paesi in via di sviluppo.<\/em><\/li>\n<li><em>L'importanza della cooperazione internazionale della Svizzera deve riflettersi anche in termini finanziari. Biovision chiede quindi al Consiglio federale di aumentare la quota di CI nel reddito nazionale a 0,7% in considerazione delle ripetute eccedenze di miliardi nelle casse federali e del deficit di finanziamento per il raggiungimento degli SDGs.<\/em><\/li>\n<\/ul>\n<p>Come paese con una forte rete internazionale, la Svizzera \u00e8 direttamente interessata da sfide complesse come il cambiamento climatico, il degrado del suolo, la povert\u00e0, i conflitti, le migrazioni e il loro impatto. Pi\u00f9 che mai, la politica, l'economia, la scienza e la societ\u00e0 civile sono chiamati a negoziare percorsi di sviluppo che accelerino il cambiamento verso la sostenibilit\u00e0 - a livello globale, ma anche in Svizzera. L'Agenda 2030 fornisce la bussola necessaria per questo. Raggiungere gli Obiettivi di Sviluppo Sostenibile (SDGs) dell'ONU \u00e8 un imperativo di ragione economica, giustizia sociale e responsabilit\u00e0 ecologica.<\/p>\n<p><em><span style=\"font-size: 10.5pt; font-family: 'Arial','sans-serif';\">Puoi scoprire di pi\u00f9 su Biovision - Fondazione per lo sviluppo ecologico a questo link: <\/span><\/em><span style=\"font-size: 10.5pt; font-family: 'Arial','sans-serif';\"><a href=\"\/\/www.biovision.ch\"><em>www.biovision.ch<\/em><\/a><\/span><\/p>\n<p>&nbsp;<\/p>","protected":false},"excerpt":{"rendered":"<p>Biovision \u00e4ussert sich zur Umsetzung der Agenda 2030 f\u00fcr nachhaltige Entwicklung. Mit der Agenda 2030 als zentralem Referenzrahmen soll die Schweiz einen systemischen und vernetzten Ansatz verfolgen, in welchem der Kampf gegen Hunger, Armut und die Linderung von Not Priorit\u00e4t geniessen. So kann die Schweiz einen wichtigen Beitrag zu einer gerechten und nachhaltigen globalen Entwicklung [&hellip;]<\/p>\n","protected":false},"author":5,"featured_media":9631,"comment_status":"open","ping_status":"open","sticky":false,"template":"","format":"standard","meta":{"_acf_changed":false,"_yoast_wpseo_focuskw":"Biovision","_yoast_wpseo_metadesc":"In ihrer Antwort auf die Botschaft des Bundesrats zur internationalen Zusammenarbeit (IZA) 2021 \u2013 2024 nimmt Biovision Stellung.","articlekey":"","footnotes":""},"categories":[580],"tags":[829,424,2460],"class_list":["post-2397","post","type-post","status-publish","format-standard","has-post-thumbnail","hentry","category-sustainability","tag-biodiversitaet","tag-schweiz","tag-vernehmlassung"],"acf":[],"yoast_head":"<!-- This site is optimized with the Yoast SEO plugin v27.4 - https:\/\/yoast.com\/product\/yoast-seo-wordpress\/ -->\n<title>Vernehmlassungsantwort von Biovision - Organisator<\/title>\n<meta name=\"description\" content=\"In ihrer Antwort auf die Botschaft des Bundesrats zur internationalen Zusammenarbeit (IZA) 2021 \u2013 2024 nimmt Biovision Stellung.\" \/>\n<meta name=\"robots\" content=\"index, follow, max-snippet:-1, max-image-preview:large, max-video-preview:-1\" \/>\n<link rel=\"canonical\" href=\"https:\/\/www.organisator.ch\/it\/sostenibilita\/2019-08-27\/vernehmlassungsantwort-von-biovision\/\" \/>\n<meta property=\"og:locale\" content=\"it_IT\" \/>\n<meta property=\"og:type\" content=\"article\" \/>\n<meta property=\"og:title\" content=\"Vernehmlassungsantwort von Biovision - Organisator\" \/>\n<meta property=\"og:description\" content=\"In ihrer Antwort auf die Botschaft des Bundesrats zur internationalen Zusammenarbeit (IZA) 2021 \u2013 2024 nimmt Biovision Stellung.\" \/>\n<meta property=\"og:url\" content=\"https:\/\/www.organisator.ch\/it\/sostenibilita\/2019-08-27\/vernehmlassungsantwort-von-biovision\/\" \/>\n<meta property=\"og:site_name\" content=\"Organisator\" \/>\n<meta property=\"article:publisher\" content=\"https:\/\/www.facebook.com\/OrganisatorFachmagazin\" \/>\n<meta property=\"article:published_time\" content=\"2019-08-27T15:20:25+00:00\" \/>\n<meta property=\"article:modified_time\" content=\"2022-02-09T10:06:52+00:00\" \/>\n<meta property=\"og:image\" content=\"https:\/\/www.organisator.ch\/wp-content\/uploads\/2019\/08\/biovision-Schweiz-UP_Umwelt-Perspektiven.jpg\" \/>\n\t<meta property=\"og:image:width\" content=\"640\" \/>\n\t<meta property=\"og:image:height\" content=\"427\" \/>\n\t<meta property=\"og:image:type\" content=\"image\/jpeg\" \/>\n<meta name=\"author\" content=\"michael.merz\" \/>\n<meta name=\"twitter:card\" content=\"summary_large_image\" \/>\n<script type=\"application\/ld+json\" class=\"yoast-schema-graph\">{\"@context\":\"https:\\\/\\\/schema.org\",\"@graph\":[{\"@type\":\"Article\",\"@id\":\"https:\\\/\\\/www.organisator.ch\\\/sustainability\\\/2019-08-27\\\/vernehmlassungsantwort-von-biovision\\\/#article\",\"isPartOf\":{\"@id\":\"https:\\\/\\\/www.organisator.ch\\\/sustainability\\\/2019-08-27\\\/vernehmlassungsantwort-von-biovision\\\/\"},\"author\":{\"name\":\"michael.merz\",\"@id\":\"https:\\\/\\\/www.organisator.ch\\\/#\\\/schema\\\/person\\\/134708ca9321c57b0362cceb7948ffbd\"},\"headline\":\"Vernehmlassungsantwort von Biovision\",\"datePublished\":\"2019-08-27T15:20:25+00:00\",\"dateModified\":\"2022-02-09T10:06:52+00:00\",\"mainEntityOfPage\":{\"@id\":\"https:\\\/\\\/www.organisator.ch\\\/sustainability\\\/2019-08-27\\\/vernehmlassungsantwort-von-biovision\\\/\"},\"wordCount\":410,\"commentCount\":0,\"publisher\":{\"@id\":\"https:\\\/\\\/www.organisator.ch\\\/#organization\"},\"image\":{\"@id\":\"https:\\\/\\\/www.organisator.ch\\\/sustainability\\\/2019-08-27\\\/vernehmlassungsantwort-von-biovision\\\/#primaryimage\"},\"thumbnailUrl\":\"https:\\\/\\\/www.organisator.ch\\\/wp-content\\\/uploads\\\/2019\\\/08\\\/biovision-Schweiz-UP_Umwelt-Perspektiven.jpg\",\"keywords\":[\"Biodiversit\u00e4t\",\"Schweiz\",\"Vernehmlassung\"],\"articleSection\":[\"SUSTAINABILITY\"],\"inLanguage\":\"it-IT\"},{\"@type\":\"WebPage\",\"@id\":\"https:\\\/\\\/www.organisator.ch\\\/sustainability\\\/2019-08-27\\\/vernehmlassungsantwort-von-biovision\\\/\",\"url\":\"https:\\\/\\\/www.organisator.ch\\\/sustainability\\\/2019-08-27\\\/vernehmlassungsantwort-von-biovision\\\/\",\"name\":\"Vernehmlassungsantwort von Biovision - Organisator\",\"isPartOf\":{\"@id\":\"https:\\\/\\\/www.organisator.ch\\\/#website\"},\"primaryImageOfPage\":{\"@id\":\"https:\\\/\\\/www.organisator.ch\\\/sustainability\\\/2019-08-27\\\/vernehmlassungsantwort-von-biovision\\\/#primaryimage\"},\"image\":{\"@id\":\"https:\\\/\\\/www.organisator.ch\\\/sustainability\\\/2019-08-27\\\/vernehmlassungsantwort-von-biovision\\\/#primaryimage\"},\"thumbnailUrl\":\"https:\\\/\\\/www.organisator.ch\\\/wp-content\\\/uploads\\\/2019\\\/08\\\/biovision-Schweiz-UP_Umwelt-Perspektiven.jpg\",\"datePublished\":\"2019-08-27T15:20:25+00:00\",\"dateModified\":\"2022-02-09T10:06:52+00:00\",\"description\":\"In ihrer Antwort auf die Botschaft des Bundesrats zur internationalen Zusammenarbeit (IZA) 2021 \u2013 2024 nimmt Biovision Stellung.\",\"breadcrumb\":{\"@id\":\"https:\\\/\\\/www.organisator.ch\\\/sustainability\\\/2019-08-27\\\/vernehmlassungsantwort-von-biovision\\\/#breadcrumb\"},\"inLanguage\":\"it-IT\",\"potentialAction\":[{\"@type\":\"ReadAction\",\"target\":[\"https:\\\/\\\/www.organisator.ch\\\/sustainability\\\/2019-08-27\\\/vernehmlassungsantwort-von-biovision\\\/\"]}]},{\"@type\":\"ImageObject\",\"inLanguage\":\"it-IT\",\"@id\":\"https:\\\/\\\/www.organisator.ch\\\/sustainability\\\/2019-08-27\\\/vernehmlassungsantwort-von-biovision\\\/#primaryimage\",\"url\":\"https:\\\/\\\/www.organisator.ch\\\/wp-content\\\/uploads\\\/2019\\\/08\\\/biovision-Schweiz-UP_Umwelt-Perspektiven.jpg\",\"contentUrl\":\"https:\\\/\\\/www.organisator.ch\\\/wp-content\\\/uploads\\\/2019\\\/08\\\/biovision-Schweiz-UP_Umwelt-Perspektiven.jpg\",\"width\":640,\"height\":427,\"caption\":\"Die Schweiz als international stark vernetztes Land ist von komplexen Herausforderungen wie Klimawandel direkt betroffen. (Bild: Unsplash)\"},{\"@type\":\"BreadcrumbList\",\"@id\":\"https:\\\/\\\/www.organisator.ch\\\/sustainability\\\/2019-08-27\\\/vernehmlassungsantwort-von-biovision\\\/#breadcrumb\",\"itemListElement\":[{\"@type\":\"ListItem\",\"position\":1,\"name\":\"Home\",\"item\":\"https:\\\/\\\/www.organisator.ch\\\/\"},{\"@type\":\"ListItem\",\"position\":2,\"name\":\"Vernehmlassungsantwort von Biovision\"}]},{\"@type\":\"WebSite\",\"@id\":\"https:\\\/\\\/www.organisator.ch\\\/#website\",\"url\":\"https:\\\/\\\/www.organisator.ch\\\/\",\"name\":\"Organisator\",\"description\":\"Kompetent. Praxisnah. Der ORGANISATOR bereitet in 10 Ausgaben pro Jahr die wesentlichen Themen f\u00fcr F\u00fchrungskr\u00e4fte von KMU auf.\",\"publisher\":{\"@id\":\"https:\\\/\\\/www.organisator.ch\\\/#organization\"},\"potentialAction\":[{\"@type\":\"SearchAction\",\"target\":{\"@type\":\"EntryPoint\",\"urlTemplate\":\"https:\\\/\\\/www.organisator.ch\\\/?s={search_term_string}\"},\"query-input\":{\"@type\":\"PropertyValueSpecification\",\"valueRequired\":true,\"valueName\":\"search_term_string\"}}],\"inLanguage\":\"it-IT\"},{\"@type\":\"Organization\",\"@id\":\"https:\\\/\\\/www.organisator.ch\\\/#organization\",\"name\":\"Organisator\",\"url\":\"https:\\\/\\\/www.organisator.ch\\\/\",\"logo\":{\"@type\":\"ImageObject\",\"inLanguage\":\"it-IT\",\"@id\":\"https:\\\/\\\/www.organisator.ch\\\/#\\\/schema\\\/logo\\\/image\\\/\",\"url\":\"https:\\\/\\\/www.organisator.ch\\\/wp-content\\\/uploads\\\/2022\\\/01\\\/Logo_Organisator_Website.png\",\"contentUrl\":\"https:\\\/\\\/www.organisator.ch\\\/wp-content\\\/uploads\\\/2022\\\/01\\\/Logo_Organisator_Website.png\",\"width\":800,\"height\":77,\"caption\":\"Organisator\"},\"image\":{\"@id\":\"https:\\\/\\\/www.organisator.ch\\\/#\\\/schema\\\/logo\\\/image\\\/\"},\"sameAs\":[\"https:\\\/\\\/www.facebook.com\\\/OrganisatorFachmagazin\",\"https:\\\/\\\/www.linkedin.com\\\/showcase\\\/organisator-das-magazin-fr-kmu\",\"https:\\\/\\\/www.xing.com\\\/news\\\/pages\\\/organisator-ch-695\",\"https:\\\/\\\/www.youtube.com\\\/channel\\\/UCGP2Sq0iWaZwT3BdIAQFYpw\"]},{\"@type\":\"Person\",\"@id\":\"https:\\\/\\\/www.organisator.ch\\\/#\\\/schema\\\/person\\\/134708ca9321c57b0362cceb7948ffbd\",\"name\":\"michael.merz\",\"image\":{\"@type\":\"ImageObject\",\"inLanguage\":\"it-IT\",\"@id\":\"https:\\\/\\\/secure.gravatar.com\\\/avatar\\\/?s=96&d=mm&r=g\",\"url\":\"https:\\\/\\\/secure.gravatar.com\\\/avatar\\\/?s=96&d=mm&r=g\",\"contentUrl\":\"https:\\\/\\\/secure.gravatar.com\\\/avatar\\\/?s=96&d=mm&r=g\",\"caption\":\"michael.merz\"},\"url\":\"https:\\\/\\\/www.organisator.ch\\\/it\\\/author\\\/michael-merz\\\/\"}]}<\/script>\n<!-- \/ Yoast SEO plugin. -->","yoast_head_json":{"title":"Risposta alla consultazione da parte di Biovision - Organizzatore","description":"Nella sua risposta al messaggio del Consiglio federale sulla cooperazione internazionale (CI) 2021-2024, Biovision commenta.","robots":{"index":"index","follow":"follow","max-snippet":"max-snippet:-1","max-image-preview":"max-image-preview:large","max-video-preview":"max-video-preview:-1"},"canonical":"https:\/\/www.organisator.ch\/it\/sostenibilita\/2019-08-27\/vernehmlassungsantwort-von-biovision\/","og_locale":"it_IT","og_type":"article","og_title":"Vernehmlassungsantwort von Biovision - Organisator","og_description":"In ihrer Antwort auf die Botschaft des Bundesrats zur internationalen Zusammenarbeit (IZA) 2021 \u2013 2024 nimmt Biovision Stellung.","og_url":"https:\/\/www.organisator.ch\/it\/sostenibilita\/2019-08-27\/vernehmlassungsantwort-von-biovision\/","og_site_name":"Organisator","article_publisher":"https:\/\/www.facebook.com\/OrganisatorFachmagazin","article_published_time":"2019-08-27T15:20:25+00:00","article_modified_time":"2022-02-09T10:06:52+00:00","og_image":[{"width":640,"height":427,"url":"https:\/\/www.organisator.ch\/wp-content\/uploads\/2019\/08\/biovision-Schweiz-UP_Umwelt-Perspektiven.jpg","type":"image\/jpeg"}],"author":"michael.merz","twitter_card":"summary_large_image","schema":{"@context":"https:\/\/schema.org","@graph":[{"@type":"Article","@id":"https:\/\/www.organisator.ch\/sustainability\/2019-08-27\/vernehmlassungsantwort-von-biovision\/#article","isPartOf":{"@id":"https:\/\/www.organisator.ch\/sustainability\/2019-08-27\/vernehmlassungsantwort-von-biovision\/"},"author":{"name":"michael.merz","@id":"https:\/\/www.organisator.ch\/#\/schema\/person\/134708ca9321c57b0362cceb7948ffbd"},"headline":"Vernehmlassungsantwort von Biovision","datePublished":"2019-08-27T15:20:25+00:00","dateModified":"2022-02-09T10:06:52+00:00","mainEntityOfPage":{"@id":"https:\/\/www.organisator.ch\/sustainability\/2019-08-27\/vernehmlassungsantwort-von-biovision\/"},"wordCount":410,"commentCount":0,"publisher":{"@id":"https:\/\/www.organisator.ch\/#organization"},"image":{"@id":"https:\/\/www.organisator.ch\/sustainability\/2019-08-27\/vernehmlassungsantwort-von-biovision\/#primaryimage"},"thumbnailUrl":"https:\/\/www.organisator.ch\/wp-content\/uploads\/2019\/08\/biovision-Schweiz-UP_Umwelt-Perspektiven.jpg","keywords":["Biodiversit\u00e4t","Schweiz","Vernehmlassung"],"articleSection":["SUSTAINABILITY"],"inLanguage":"it-IT"},{"@type":"WebPage","@id":"https:\/\/www.organisator.ch\/sustainability\/2019-08-27\/vernehmlassungsantwort-von-biovision\/","url":"https:\/\/www.organisator.ch\/sustainability\/2019-08-27\/vernehmlassungsantwort-von-biovision\/","name":"Risposta alla consultazione da parte di Biovision - Organizzatore","isPartOf":{"@id":"https:\/\/www.organisator.ch\/#website"},"primaryImageOfPage":{"@id":"https:\/\/www.organisator.ch\/sustainability\/2019-08-27\/vernehmlassungsantwort-von-biovision\/#primaryimage"},"image":{"@id":"https:\/\/www.organisator.ch\/sustainability\/2019-08-27\/vernehmlassungsantwort-von-biovision\/#primaryimage"},"thumbnailUrl":"https:\/\/www.organisator.ch\/wp-content\/uploads\/2019\/08\/biovision-Schweiz-UP_Umwelt-Perspektiven.jpg","datePublished":"2019-08-27T15:20:25+00:00","dateModified":"2022-02-09T10:06:52+00:00","description":"Nella sua risposta al messaggio del Consiglio federale sulla cooperazione internazionale (CI) 2021-2024, Biovision commenta.","breadcrumb":{"@id":"https:\/\/www.organisator.ch\/sustainability\/2019-08-27\/vernehmlassungsantwort-von-biovision\/#breadcrumb"},"inLanguage":"it-IT","potentialAction":[{"@type":"ReadAction","target":["https:\/\/www.organisator.ch\/sustainability\/2019-08-27\/vernehmlassungsantwort-von-biovision\/"]}]},{"@type":"ImageObject","inLanguage":"it-IT","@id":"https:\/\/www.organisator.ch\/sustainability\/2019-08-27\/vernehmlassungsantwort-von-biovision\/#primaryimage","url":"https:\/\/www.organisator.ch\/wp-content\/uploads\/2019\/08\/biovision-Schweiz-UP_Umwelt-Perspektiven.jpg","contentUrl":"https:\/\/www.organisator.ch\/wp-content\/uploads\/2019\/08\/biovision-Schweiz-UP_Umwelt-Perspektiven.jpg","width":640,"height":427,"caption":"Die Schweiz als international stark vernetztes Land ist von komplexen Herausforderungen wie Klimawandel direkt betroffen. (Bild: Unsplash)"},{"@type":"BreadcrumbList","@id":"https:\/\/www.organisator.ch\/sustainability\/2019-08-27\/vernehmlassungsantwort-von-biovision\/#breadcrumb","itemListElement":[{"@type":"ListItem","position":1,"name":"Home","item":"https:\/\/www.organisator.ch\/"},{"@type":"ListItem","position":2,"name":"Vernehmlassungsantwort von Biovision"}]},{"@type":"WebSite","@id":"https:\/\/www.organisator.ch\/#website","url":"https:\/\/www.organisator.ch\/","name":"Organizzatore","description":"Competente. Pratico. In 10 numeri all'anno, ORGANISATOR presenta i temi essenziali per i manager delle PMI.","publisher":{"@id":"https:\/\/www.organisator.ch\/#organization"},"potentialAction":[{"@type":"SearchAction","target":{"@type":"EntryPoint","urlTemplate":"https:\/\/www.organisator.ch\/?s={search_term_string}"},"query-input":{"@type":"PropertyValueSpecification","valueRequired":true,"valueName":"search_term_string"}}],"inLanguage":"it-IT"},{"@type":"Organization","@id":"https:\/\/www.organisator.ch\/#organization","name":"Organizzatore","url":"https:\/\/www.organisator.ch\/","logo":{"@type":"ImageObject","inLanguage":"it-IT","@id":"https:\/\/www.organisator.ch\/#\/schema\/logo\/image\/","url":"https:\/\/www.organisator.ch\/wp-content\/uploads\/2022\/01\/Logo_Organisator_Website.png","contentUrl":"https:\/\/www.organisator.ch\/wp-content\/uploads\/2022\/01\/Logo_Organisator_Website.png","width":800,"height":77,"caption":"Organisator"},"image":{"@id":"https:\/\/www.organisator.ch\/#\/schema\/logo\/image\/"},"sameAs":["https:\/\/www.facebook.com\/OrganisatorFachmagazin","https:\/\/www.linkedin.com\/showcase\/organisator-das-magazin-fr-kmu","https:\/\/www.xing.com\/news\/pages\/organisator-ch-695","https:\/\/www.youtube.com\/channel\/UCGP2Sq0iWaZwT3BdIAQFYpw"]},{"@type":"Person","@id":"https:\/\/www.organisator.ch\/#\/schema\/person\/134708ca9321c57b0362cceb7948ffbd","name":"michael.merz","image":{"@type":"ImageObject","inLanguage":"it-IT","@id":"https:\/\/secure.gravatar.com\/avatar\/?s=96&d=mm&r=g","url":"https:\/\/secure.gravatar.com\/avatar\/?s=96&d=mm&r=g","contentUrl":"https:\/\/secure.gravatar.com\/avatar\/?s=96&d=mm&r=g","caption":"michael.merz"},"url":"https:\/\/www.organisator.ch\/it\/author\/michael-merz\/"}]}},"_links":{"self":[{"href":"https:\/\/www.organisator.ch\/it\/wp-json\/wp\/v2\/posts\/2397","targetHints":{"allow":["GET"]}}],"collection":[{"href":"https:\/\/www.organisator.ch\/it\/wp-json\/wp\/v2\/posts"}],"about":[{"href":"https:\/\/www.organisator.ch\/it\/wp-json\/wp\/v2\/types\/post"}],"author":[{"embeddable":true,"href":"https:\/\/www.organisator.ch\/it\/wp-json\/wp\/v2\/users\/5"}],"replies":[{"embeddable":true,"href":"https:\/\/www.organisator.ch\/it\/wp-json\/wp\/v2\/comments?post=2397"}],"version-history":[{"count":1,"href":"https:\/\/www.organisator.ch\/it\/wp-json\/wp\/v2\/posts\/2397\/revisions"}],"predecessor-version":[{"id":10695,"href":"https:\/\/www.organisator.ch\/it\/wp-json\/wp\/v2\/posts\/2397\/revisions\/10695"}],"wp:featuredmedia":[{"embeddable":true,"href":"https:\/\/www.organisator.ch\/it\/wp-json\/wp\/v2\/media\/9631"}],"wp:attachment":[{"href":"https:\/\/www.organisator.ch\/it\/wp-json\/wp\/v2\/media?parent=2397"}],"wp:term":[{"taxonomy":"category","embeddable":true,"href":"https:\/\/www.organisator.ch\/it\/wp-json\/wp\/v2\/categories?post=2397"},{"taxonomy":"post_tag","embeddable":true,"href":"https:\/\/www.organisator.ch\/it\/wp-json\/wp\/v2\/tags?post=2397"}],"curies":[{"name":"wp","href":"https:\/\/api.w.org\/{rel}","templated":true}]}}