{"id":23988,"date":"2023-12-18T14:09:42","date_gmt":"2023-12-18T13:09:42","guid":{"rendered":"https:\/\/www.organisator.ch\/?p=23988"},"modified":"2023-12-18T14:40:20","modified_gmt":"2023-12-18T13:40:20","slug":"daniel-bloch-wird-schirmherr-des-svc-espace-mittelland","status":"publish","type":"post","link":"https:\/\/www.organisator.ch\/it\/management\/2023-12-18\/daniel-bloch-wird-schirmherr-des-svc-espace-mittelland\/","title":{"rendered":"Daniel Bloch diventa mecenate di SVC Espace Mittelland"},"content":{"rendered":"<figure id=\"attachment_23989\" class=\"wp-caption alignnone\" style=\"width: 680px;\" aria-describedby=\"caption-attachment-23989\"><img class=\"size-full wp-image-23989\" src=\"https:\/\/www.organisator.ch\/wp-content\/uploads\/2023\/12\/Daniel_Bloch_SVC_EM_ps.jpg\" sizes=\"(max-width: 680px) 100vw, 680px\" srcset=\"https:\/\/www.organisator.ch\/wp-content\/uploads\/2023\/12\/Daniel_Bloch_SVC_EM_ps.jpg 680w, https:\/\/www.organisator.ch\/wp-content\/uploads\/2023\/12\/Daniel_Bloch_SVC_EM_ps-16x12.jpg 16w, https:\/\/www.organisator.ch\/wp-content\/uploads\/2023\/12\/Daniel_Bloch_SVC_EM_ps-375x282.jpg 375w, https:\/\/www.organisator.ch\/wp-content\/uploads\/2023\/12\/Daniel_Bloch_SVC_EM_ps-466x350.jpg 466w\" alt=\"\" width=\"680\" height=\"511\" \/>\r\n<figcaption id=\"caption-attachment-23989\" class=\"wp-caption-text\">Nel suo ruolo di patron della SVC Espace Mittelland, Daniel Bloch succede a Rudolf St\u00e4mpfli, ex presidente dell'associazione dei datori di lavoro. (Immagine: www.svc.swiss)<\/figcaption>\r\n<\/figure>\r\n<p>Daniel Bloch, CEO e co-proprietario di Chocolats Camille Bloch SA, si \u00e8 impegnato per molti anni a favore delle PMI e dell'imprenditoria in Svizzera come vicepresidente di Chocosuisse e membro del consiglio di amministrazione di economiesuisse.<\/p>\r\n<p>Daniel Bloch \u00e8 la terza generazione a gestire l'azienda familiare svizzera Chocolats Camille Bloch SA a Courtelary, con i suoi noti marchi Ragusa e Torino. L'imprenditore \u00e8 stato anche finalista del Prix SVC Espace Mittelland: nel 2015 \u00e8 stato premiato come secondo classificato.<\/p>\r\n<p>In qualit\u00e0 di patrocinatore della cerimonia di premiazione, Daniel Bloch succede a Rudolf St\u00e4mpfli dell'omonimo gruppo editoriale e tipografico di Berna.<\/p>\r\n<p>\"Il Prix SVC \u00e8 uno dei premi pi\u00f9 prestigiosi per le PMI. \u00c8 importante che questi risultati imprenditoriali e la forza innovativa della nostra economia siano sempre pi\u00f9 visibili. Sono lieto di sostenere questa buona causa come patrocinatore in futuro\", spiega Daniel Bloch. Nel suo nuovo ruolo, diventer\u00e0 anche membro del Patronato onorario dell'USC.<\/p>\r\n<p><em>Fonte: <a href=\"http:\/\/www.svc.swiss\/\">www.svc.swiss<\/a><\/em><\/p>","protected":false},"excerpt":{"rendered":"<p>Ci sar\u00e0 un cambiamento nel patronato di SVC Espace Mittelland: l'imprenditore del cioccolato Daniel Bloch assumer\u00e0 questa carica onoraria a partire dal 2024. Succede a Rudolf St\u00e4mpfli, ex presidente dell'associazione dei datori di lavoro, che ha ricoperto questa carica per oltre 10 anni.<\/p>","protected":false},"author":58,"featured_media":23989,"comment_status":"closed","ping_status":"closed","sticky":false,"template":"","format":"standard","meta":{"_acf_changed":false,"_yoast_wpseo_focuskw":"Daniel Bloch","_yoast_wpseo_metadesc":"In der Schirmherrschaft des SVC Espace Mittelland kommt es zu einer Rochade: Daniel Bloch wird diese Funktion ab 2024 \u00fcbernehmen.","articlekey":"","footnotes":""},"categories":[28],"tags":[334,391,424,492],"class_list":["post-23988","post","type-post","status-publish","format-standard","has-post-thumbnail","hentry","category-management","tag-management","tag-prix-svc-espace-mittelland","tag-schweiz","tag-unternehmen"],"acf":[],"yoast_head":"<!-- This site is optimized with the Yoast SEO plugin v27.4 - https:\/\/yoast.com\/product\/yoast-seo-wordpress\/ -->\n<title>Daniel Bloch wird Schirmherr des SVC Espace Mittelland - Organisator<\/title>\n<meta name=\"description\" content=\"In der Schirmherrschaft des SVC Espace Mittelland kommt es zu einer Rochade: Daniel Bloch wird diese Funktion ab 2024 \u00fcbernehmen.\" \/>\n<meta name=\"robots\" content=\"index, follow, max-snippet:-1, max-image-preview:large, max-video-preview:-1\" \/>\n<link rel=\"canonical\" href=\"https:\/\/www.organisator.ch\/it\/gestione-2\/2023-12-18\/daniel-bloch-wird-schirmherr-des-svc-espace-mittelland\/\" \/>\n<meta property=\"og:locale\" content=\"it_IT\" \/>\n<meta property=\"og:type\" content=\"article\" \/>\n<meta property=\"og:title\" content=\"Daniel Bloch wird Schirmherr des SVC Espace Mittelland\" \/>\n<meta property=\"og:description\" content=\"In der Schirmherrschaft des SVC Espace Mittelland kommt es zu einer Rochade: Daniel Bloch wird diese Funktion ab 2024 \u00fcbernehmen.\" \/>\n<meta property=\"og:url\" content=\"https:\/\/www.organisator.ch\/it\/gestione-2\/2023-12-18\/daniel-bloch-wird-schirmherr-des-svc-espace-mittelland\/\" \/>\n<meta property=\"og:site_name\" content=\"Organisator\" \/>\n<meta property=\"article:publisher\" content=\"https:\/\/www.facebook.com\/OrganisatorFachmagazin\" \/>\n<meta property=\"article:published_time\" content=\"2023-12-18T13:09:42+00:00\" \/>\n<meta property=\"article:modified_time\" content=\"2023-12-18T13:40:20+00:00\" \/>\n<meta property=\"og:image\" content=\"https:\/\/www.organisator.ch\/wp-content\/uploads\/2023\/12\/Daniel_Bloch_SVC_EM_ps.jpg\" \/>\n\t<meta property=\"og:image:width\" content=\"680\" \/>\n\t<meta property=\"og:image:height\" content=\"511\" \/>\n\t<meta property=\"og:image:type\" content=\"image\/jpeg\" \/>\n<meta name=\"author\" content=\"Adelisa Kalajdzini\" \/>\n<meta name=\"twitter:card\" content=\"summary_large_image\" \/>\n<meta name=\"twitter:title\" content=\"Daniel Bloch wird Schirmherr des SVC Espace Mittelland\" \/>\n<meta name=\"twitter:description\" content=\"In der #Schirmherrschaft des #SVC Espace Mittelland kommt es zu einer Rochade: #Daniel #Bloch wird diese Funktion ab 2024 \u00fcbernehmen.\" \/>\n<meta name=\"twitter:image\" content=\"https:\/\/www.organisator.ch\/wp-content\/uploads\/2023\/12\/Daniel_Bloch_SVC_EM_ps.jpg\" \/>\n<script type=\"application\/ld+json\" class=\"yoast-schema-graph\">{\"@context\":\"https:\\\/\\\/schema.org\",\"@graph\":[{\"@type\":\"Article\",\"@id\":\"https:\\\/\\\/www.organisator.ch\\\/management\\\/2023-12-18\\\/daniel-bloch-wird-schirmherr-des-svc-espace-mittelland\\\/#article\",\"isPartOf\":{\"@id\":\"https:\\\/\\\/www.organisator.ch\\\/management\\\/2023-12-18\\\/daniel-bloch-wird-schirmherr-des-svc-espace-mittelland\\\/\"},\"author\":{\"name\":\"Adelisa Kalajdzini\",\"@id\":\"https:\\\/\\\/www.organisator.ch\\\/#\\\/schema\\\/person\\\/2e1314a2172123f874db408d8911d3f3\"},\"headline\":\"Daniel Bloch wird Schirmherr des SVC Espace Mittelland\",\"datePublished\":\"2023-12-18T13:09:42+00:00\",\"dateModified\":\"2023-12-18T13:40:20+00:00\",\"mainEntityOfPage\":{\"@id\":\"https:\\\/\\\/www.organisator.ch\\\/management\\\/2023-12-18\\\/daniel-bloch-wird-schirmherr-des-svc-espace-mittelland\\\/\"},\"wordCount\":195,\"publisher\":{\"@id\":\"https:\\\/\\\/www.organisator.ch\\\/#organization\"},\"image\":{\"@id\":\"https:\\\/\\\/www.organisator.ch\\\/management\\\/2023-12-18\\\/daniel-bloch-wird-schirmherr-des-svc-espace-mittelland\\\/#primaryimage\"},\"thumbnailUrl\":\"https:\\\/\\\/www.organisator.ch\\\/wp-content\\\/uploads\\\/2023\\\/12\\\/Daniel_Bloch_SVC_EM_ps.jpg\",\"keywords\":[\"Management\",\"Prix SVC Espace Mittelland\",\"Schweiz\",\"Unternehmen\"],\"articleSection\":[\"MANAGEMENT\"],\"inLanguage\":\"it-IT\"},{\"@type\":\"WebPage\",\"@id\":\"https:\\\/\\\/www.organisator.ch\\\/management\\\/2023-12-18\\\/daniel-bloch-wird-schirmherr-des-svc-espace-mittelland\\\/\",\"url\":\"https:\\\/\\\/www.organisator.ch\\\/management\\\/2023-12-18\\\/daniel-bloch-wird-schirmherr-des-svc-espace-mittelland\\\/\",\"name\":\"Daniel Bloch wird Schirmherr des SVC Espace Mittelland - Organisator\",\"isPartOf\":{\"@id\":\"https:\\\/\\\/www.organisator.ch\\\/#website\"},\"primaryImageOfPage\":{\"@id\":\"https:\\\/\\\/www.organisator.ch\\\/management\\\/2023-12-18\\\/daniel-bloch-wird-schirmherr-des-svc-espace-mittelland\\\/#primaryimage\"},\"image\":{\"@id\":\"https:\\\/\\\/www.organisator.ch\\\/management\\\/2023-12-18\\\/daniel-bloch-wird-schirmherr-des-svc-espace-mittelland\\\/#primaryimage\"},\"thumbnailUrl\":\"https:\\\/\\\/www.organisator.ch\\\/wp-content\\\/uploads\\\/2023\\\/12\\\/Daniel_Bloch_SVC_EM_ps.jpg\",\"datePublished\":\"2023-12-18T13:09:42+00:00\",\"dateModified\":\"2023-12-18T13:40:20+00:00\",\"description\":\"In der Schirmherrschaft des SVC Espace Mittelland kommt es zu einer Rochade: Daniel Bloch wird diese Funktion ab 2024 \u00fcbernehmen.\",\"breadcrumb\":{\"@id\":\"https:\\\/\\\/www.organisator.ch\\\/management\\\/2023-12-18\\\/daniel-bloch-wird-schirmherr-des-svc-espace-mittelland\\\/#breadcrumb\"},\"inLanguage\":\"it-IT\",\"potentialAction\":[{\"@type\":\"ReadAction\",\"target\":[\"https:\\\/\\\/www.organisator.ch\\\/management\\\/2023-12-18\\\/daniel-bloch-wird-schirmherr-des-svc-espace-mittelland\\\/\"]}]},{\"@type\":\"ImageObject\",\"inLanguage\":\"it-IT\",\"@id\":\"https:\\\/\\\/www.organisator.ch\\\/management\\\/2023-12-18\\\/daniel-bloch-wird-schirmherr-des-svc-espace-mittelland\\\/#primaryimage\",\"url\":\"https:\\\/\\\/www.organisator.ch\\\/wp-content\\\/uploads\\\/2023\\\/12\\\/Daniel_Bloch_SVC_EM_ps.jpg\",\"contentUrl\":\"https:\\\/\\\/www.organisator.ch\\\/wp-content\\\/uploads\\\/2023\\\/12\\\/Daniel_Bloch_SVC_EM_ps.jpg\",\"width\":680,\"height\":511,\"caption\":\"In der Funktion als Schirmherr des SVC Espace Mittelland folgt Daniel Bloch nun auf Rudolf St\u00e4mpfli, ehemaliger Pr\u00e4sident des Arbeitgeberverbandes. (Bild: www.svc.swiss)\"},{\"@type\":\"BreadcrumbList\",\"@id\":\"https:\\\/\\\/www.organisator.ch\\\/management\\\/2023-12-18\\\/daniel-bloch-wird-schirmherr-des-svc-espace-mittelland\\\/#breadcrumb\",\"itemListElement\":[{\"@type\":\"ListItem\",\"position\":1,\"name\":\"Home\",\"item\":\"https:\\\/\\\/www.organisator.ch\\\/\"},{\"@type\":\"ListItem\",\"position\":2,\"name\":\"Daniel Bloch wird Schirmherr des SVC Espace Mittelland\"}]},{\"@type\":\"WebSite\",\"@id\":\"https:\\\/\\\/www.organisator.ch\\\/#website\",\"url\":\"https:\\\/\\\/www.organisator.ch\\\/\",\"name\":\"Organisator\",\"description\":\"Kompetent. Praxisnah. Der ORGANISATOR bereitet in 10 Ausgaben pro Jahr die wesentlichen Themen f\u00fcr F\u00fchrungskr\u00e4fte von KMU auf.\",\"publisher\":{\"@id\":\"https:\\\/\\\/www.organisator.ch\\\/#organization\"},\"potentialAction\":[{\"@type\":\"SearchAction\",\"target\":{\"@type\":\"EntryPoint\",\"urlTemplate\":\"https:\\\/\\\/www.organisator.ch\\\/?s={search_term_string}\"},\"query-input\":{\"@type\":\"PropertyValueSpecification\",\"valueRequired\":true,\"valueName\":\"search_term_string\"}}],\"inLanguage\":\"it-IT\"},{\"@type\":\"Organization\",\"@id\":\"https:\\\/\\\/www.organisator.ch\\\/#organization\",\"name\":\"Organisator\",\"url\":\"https:\\\/\\\/www.organisator.ch\\\/\",\"logo\":{\"@type\":\"ImageObject\",\"inLanguage\":\"it-IT\",\"@id\":\"https:\\\/\\\/www.organisator.ch\\\/#\\\/schema\\\/logo\\\/image\\\/\",\"url\":\"https:\\\/\\\/www.organisator.ch\\\/wp-content\\\/uploads\\\/2022\\\/01\\\/Logo_Organisator_Website.png\",\"contentUrl\":\"https:\\\/\\\/www.organisator.ch\\\/wp-content\\\/uploads\\\/2022\\\/01\\\/Logo_Organisator_Website.png\",\"width\":800,\"height\":77,\"caption\":\"Organisator\"},\"image\":{\"@id\":\"https:\\\/\\\/www.organisator.ch\\\/#\\\/schema\\\/logo\\\/image\\\/\"},\"sameAs\":[\"https:\\\/\\\/www.facebook.com\\\/OrganisatorFachmagazin\",\"https:\\\/\\\/www.linkedin.com\\\/showcase\\\/organisator-das-magazin-fr-kmu\",\"https:\\\/\\\/www.xing.com\\\/news\\\/pages\\\/organisator-ch-695\",\"https:\\\/\\\/www.youtube.com\\\/channel\\\/UCGP2Sq0iWaZwT3BdIAQFYpw\"]},{\"@type\":\"Person\",\"@id\":\"https:\\\/\\\/www.organisator.ch\\\/#\\\/schema\\\/person\\\/2e1314a2172123f874db408d8911d3f3\",\"name\":\"Adelisa Kalajdzini\",\"image\":{\"@type\":\"ImageObject\",\"inLanguage\":\"it-IT\",\"@id\":\"https:\\\/\\\/secure.gravatar.com\\\/avatar\\\/09a397c22ac58cad6f160ee8306348599df9df58a8ede73696226897b9fa4b24?s=96&d=mm&r=g\",\"url\":\"https:\\\/\\\/secure.gravatar.com\\\/avatar\\\/09a397c22ac58cad6f160ee8306348599df9df58a8ede73696226897b9fa4b24?s=96&d=mm&r=g\",\"contentUrl\":\"https:\\\/\\\/secure.gravatar.com\\\/avatar\\\/09a397c22ac58cad6f160ee8306348599df9df58a8ede73696226897b9fa4b24?s=96&d=mm&r=g\",\"caption\":\"Adelisa Kalajdzini\"},\"url\":\"https:\\\/\\\/www.organisator.ch\\\/it\\\/author\\\/adelisa-kalajdzini\\\/\"}]}<\/script>\n<!-- \/ Yoast SEO plugin. -->","yoast_head_json":{"title":"Daniel Bloch diventa patrono dell'SVC Espace Mittelland - Organizzatore","description":"Ci sar\u00e0 un cambiamento nel patronato di SVC Espace Mittelland: Daniel Bloch assumer\u00e0 questo ruolo a partire dal 2024.","robots":{"index":"index","follow":"follow","max-snippet":"max-snippet:-1","max-image-preview":"max-image-preview:large","max-video-preview":"max-video-preview:-1"},"canonical":"https:\/\/www.organisator.ch\/it\/gestione-2\/2023-12-18\/daniel-bloch-wird-schirmherr-des-svc-espace-mittelland\/","og_locale":"it_IT","og_type":"article","og_title":"Daniel Bloch wird Schirmherr des SVC Espace Mittelland","og_description":"In der Schirmherrschaft des SVC Espace Mittelland kommt es zu einer Rochade: Daniel Bloch wird diese Funktion ab 2024 \u00fcbernehmen.","og_url":"https:\/\/www.organisator.ch\/it\/gestione-2\/2023-12-18\/daniel-bloch-wird-schirmherr-des-svc-espace-mittelland\/","og_site_name":"Organisator","article_publisher":"https:\/\/www.facebook.com\/OrganisatorFachmagazin","article_published_time":"2023-12-18T13:09:42+00:00","article_modified_time":"2023-12-18T13:40:20+00:00","og_image":[{"width":680,"height":511,"url":"https:\/\/www.organisator.ch\/wp-content\/uploads\/2023\/12\/Daniel_Bloch_SVC_EM_ps.jpg","type":"image\/jpeg"}],"author":"Adelisa Kalajdzini","twitter_card":"summary_large_image","twitter_title":"Daniel Bloch wird Schirmherr des SVC Espace Mittelland","twitter_description":"In der #Schirmherrschaft des #SVC Espace Mittelland kommt es zu einer Rochade: #Daniel #Bloch wird diese Funktion ab 2024 \u00fcbernehmen.","twitter_image":"https:\/\/www.organisator.ch\/wp-content\/uploads\/2023\/12\/Daniel_Bloch_SVC_EM_ps.jpg","schema":{"@context":"https:\/\/schema.org","@graph":[{"@type":"Article","@id":"https:\/\/www.organisator.ch\/management\/2023-12-18\/daniel-bloch-wird-schirmherr-des-svc-espace-mittelland\/#article","isPartOf":{"@id":"https:\/\/www.organisator.ch\/management\/2023-12-18\/daniel-bloch-wird-schirmherr-des-svc-espace-mittelland\/"},"author":{"name":"Adelisa Kalajdzini","@id":"https:\/\/www.organisator.ch\/#\/schema\/person\/2e1314a2172123f874db408d8911d3f3"},"headline":"Daniel Bloch wird Schirmherr des SVC Espace Mittelland","datePublished":"2023-12-18T13:09:42+00:00","dateModified":"2023-12-18T13:40:20+00:00","mainEntityOfPage":{"@id":"https:\/\/www.organisator.ch\/management\/2023-12-18\/daniel-bloch-wird-schirmherr-des-svc-espace-mittelland\/"},"wordCount":195,"publisher":{"@id":"https:\/\/www.organisator.ch\/#organization"},"image":{"@id":"https:\/\/www.organisator.ch\/management\/2023-12-18\/daniel-bloch-wird-schirmherr-des-svc-espace-mittelland\/#primaryimage"},"thumbnailUrl":"https:\/\/www.organisator.ch\/wp-content\/uploads\/2023\/12\/Daniel_Bloch_SVC_EM_ps.jpg","keywords":["Management","Prix SVC Espace Mittelland","Schweiz","Unternehmen"],"articleSection":["MANAGEMENT"],"inLanguage":"it-IT"},{"@type":"WebPage","@id":"https:\/\/www.organisator.ch\/management\/2023-12-18\/daniel-bloch-wird-schirmherr-des-svc-espace-mittelland\/","url":"https:\/\/www.organisator.ch\/management\/2023-12-18\/daniel-bloch-wird-schirmherr-des-svc-espace-mittelland\/","name":"Daniel Bloch diventa patrono dell'SVC Espace Mittelland - Organizzatore","isPartOf":{"@id":"https:\/\/www.organisator.ch\/#website"},"primaryImageOfPage":{"@id":"https:\/\/www.organisator.ch\/management\/2023-12-18\/daniel-bloch-wird-schirmherr-des-svc-espace-mittelland\/#primaryimage"},"image":{"@id":"https:\/\/www.organisator.ch\/management\/2023-12-18\/daniel-bloch-wird-schirmherr-des-svc-espace-mittelland\/#primaryimage"},"thumbnailUrl":"https:\/\/www.organisator.ch\/wp-content\/uploads\/2023\/12\/Daniel_Bloch_SVC_EM_ps.jpg","datePublished":"2023-12-18T13:09:42+00:00","dateModified":"2023-12-18T13:40:20+00:00","description":"Ci sar\u00e0 un cambiamento nel patronato di SVC Espace Mittelland: Daniel Bloch assumer\u00e0 questo ruolo a partire dal 2024.","breadcrumb":{"@id":"https:\/\/www.organisator.ch\/management\/2023-12-18\/daniel-bloch-wird-schirmherr-des-svc-espace-mittelland\/#breadcrumb"},"inLanguage":"it-IT","potentialAction":[{"@type":"ReadAction","target":["https:\/\/www.organisator.ch\/management\/2023-12-18\/daniel-bloch-wird-schirmherr-des-svc-espace-mittelland\/"]}]},{"@type":"ImageObject","inLanguage":"it-IT","@id":"https:\/\/www.organisator.ch\/management\/2023-12-18\/daniel-bloch-wird-schirmherr-des-svc-espace-mittelland\/#primaryimage","url":"https:\/\/www.organisator.ch\/wp-content\/uploads\/2023\/12\/Daniel_Bloch_SVC_EM_ps.jpg","contentUrl":"https:\/\/www.organisator.ch\/wp-content\/uploads\/2023\/12\/Daniel_Bloch_SVC_EM_ps.jpg","width":680,"height":511,"caption":"In der Funktion als Schirmherr des SVC Espace Mittelland folgt Daniel Bloch nun auf Rudolf St\u00e4mpfli, ehemaliger Pr\u00e4sident des Arbeitgeberverbandes. (Bild: www.svc.swiss)"},{"@type":"BreadcrumbList","@id":"https:\/\/www.organisator.ch\/management\/2023-12-18\/daniel-bloch-wird-schirmherr-des-svc-espace-mittelland\/#breadcrumb","itemListElement":[{"@type":"ListItem","position":1,"name":"Home","item":"https:\/\/www.organisator.ch\/"},{"@type":"ListItem","position":2,"name":"Daniel Bloch wird Schirmherr des SVC Espace Mittelland"}]},{"@type":"WebSite","@id":"https:\/\/www.organisator.ch\/#website","url":"https:\/\/www.organisator.ch\/","name":"Organizzatore","description":"Competente. Pratico. In 10 numeri all'anno, ORGANISATOR presenta i temi essenziali per i manager delle PMI.","publisher":{"@id":"https:\/\/www.organisator.ch\/#organization"},"potentialAction":[{"@type":"SearchAction","target":{"@type":"EntryPoint","urlTemplate":"https:\/\/www.organisator.ch\/?s={search_term_string}"},"query-input":{"@type":"PropertyValueSpecification","valueRequired":true,"valueName":"search_term_string"}}],"inLanguage":"it-IT"},{"@type":"Organization","@id":"https:\/\/www.organisator.ch\/#organization","name":"Organizzatore","url":"https:\/\/www.organisator.ch\/","logo":{"@type":"ImageObject","inLanguage":"it-IT","@id":"https:\/\/www.organisator.ch\/#\/schema\/logo\/image\/","url":"https:\/\/www.organisator.ch\/wp-content\/uploads\/2022\/01\/Logo_Organisator_Website.png","contentUrl":"https:\/\/www.organisator.ch\/wp-content\/uploads\/2022\/01\/Logo_Organisator_Website.png","width":800,"height":77,"caption":"Organisator"},"image":{"@id":"https:\/\/www.organisator.ch\/#\/schema\/logo\/image\/"},"sameAs":["https:\/\/www.facebook.com\/OrganisatorFachmagazin","https:\/\/www.linkedin.com\/showcase\/organisator-das-magazin-fr-kmu","https:\/\/www.xing.com\/news\/pages\/organisator-ch-695","https:\/\/www.youtube.com\/channel\/UCGP2Sq0iWaZwT3BdIAQFYpw"]},{"@type":"Person","@id":"https:\/\/www.organisator.ch\/#\/schema\/person\/2e1314a2172123f874db408d8911d3f3","name":"Adelisa Kalajdzini","image":{"@type":"ImageObject","inLanguage":"it-IT","@id":"https:\/\/secure.gravatar.com\/avatar\/09a397c22ac58cad6f160ee8306348599df9df58a8ede73696226897b9fa4b24?s=96&d=mm&r=g","url":"https:\/\/secure.gravatar.com\/avatar\/09a397c22ac58cad6f160ee8306348599df9df58a8ede73696226897b9fa4b24?s=96&d=mm&r=g","contentUrl":"https:\/\/secure.gravatar.com\/avatar\/09a397c22ac58cad6f160ee8306348599df9df58a8ede73696226897b9fa4b24?s=96&d=mm&r=g","caption":"Adelisa Kalajdzini"},"url":"https:\/\/www.organisator.ch\/it\/author\/adelisa-kalajdzini\/"}]}},"_links":{"self":[{"href":"https:\/\/www.organisator.ch\/it\/wp-json\/wp\/v2\/posts\/23988","targetHints":{"allow":["GET"]}}],"collection":[{"href":"https:\/\/www.organisator.ch\/it\/wp-json\/wp\/v2\/posts"}],"about":[{"href":"https:\/\/www.organisator.ch\/it\/wp-json\/wp\/v2\/types\/post"}],"author":[{"embeddable":true,"href":"https:\/\/www.organisator.ch\/it\/wp-json\/wp\/v2\/users\/58"}],"replies":[{"embeddable":true,"href":"https:\/\/www.organisator.ch\/it\/wp-json\/wp\/v2\/comments?post=23988"}],"version-history":[{"count":5,"href":"https:\/\/www.organisator.ch\/it\/wp-json\/wp\/v2\/posts\/23988\/revisions"}],"predecessor-version":[{"id":23994,"href":"https:\/\/www.organisator.ch\/it\/wp-json\/wp\/v2\/posts\/23988\/revisions\/23994"}],"wp:featuredmedia":[{"embeddable":true,"href":"https:\/\/www.organisator.ch\/it\/wp-json\/wp\/v2\/media\/23989"}],"wp:attachment":[{"href":"https:\/\/www.organisator.ch\/it\/wp-json\/wp\/v2\/media?parent=23988"}],"wp:term":[{"taxonomy":"category","embeddable":true,"href":"https:\/\/www.organisator.ch\/it\/wp-json\/wp\/v2\/categories?post=23988"},{"taxonomy":"post_tag","embeddable":true,"href":"https:\/\/www.organisator.ch\/it\/wp-json\/wp\/v2\/tags?post=23988"}],"curies":[{"name":"wp","href":"https:\/\/api.w.org\/{rel}","templated":true}]}}