{"id":24035,"date":"2023-12-27T07:22:37","date_gmt":"2023-12-27T06:22:37","guid":{"rendered":"https:\/\/www.organisator.ch\/?p=24035"},"modified":"2024-01-03T08:52:45","modified_gmt":"2024-01-03T07:52:45","slug":"drei-gewohnheiten-die-uns-ungluecklich-machen","status":"publish","type":"post","link":"https:\/\/www.organisator.ch\/it\/management\/2023-12-27\/drei-gewohnheiten-die-uns-ungluecklich-machen\/","title":{"rendered":"Tre abitudini che ci rendono infelici"},"content":{"rendered":"<figure id=\"attachment_24036\" class=\"wp-caption alignnone\" style=\"width: 680px;\" aria-describedby=\"caption-attachment-24036\"><img class=\"size-full wp-image-24036\" src=\"https:\/\/www.organisator.ch\/wp-content\/uploads\/2023\/12\/Drei-Gewohnheiten-die-uns-ungluecklich-machen_Organisator.jpg\" sizes=\"(max-width: 680px) 100vw, 680px\" srcset=\"https:\/\/www.organisator.ch\/wp-content\/uploads\/2023\/12\/Drei-Gewohnheiten-die-uns-ungluecklich-machen_Organisator.jpg 680w, https:\/\/www.organisator.ch\/wp-content\/uploads\/2023\/12\/Drei-Gewohnheiten-die-uns-ungluecklich-machen_Organisator-18x12.jpg 18w, https:\/\/www.organisator.ch\/wp-content\/uploads\/2023\/12\/Drei-Gewohnheiten-die-uns-ungluecklich-machen_Organisator-375x228.jpg 375w, https:\/\/www.organisator.ch\/wp-content\/uploads\/2023\/12\/Drei-Gewohnheiten-die-uns-ungluecklich-machen_Organisator-575x350.jpg 575w\" alt=\"\" width=\"680\" height=\"414\" \/>\r\n<figcaption id=\"caption-attachment-24036\" class=\"wp-caption-text\">Le abitudini vanno bene, ma possono anche renderci infelici. (Immagine: geralt \/ Pixabay.com)<\/figcaption>\r\n<\/figure>\r\n<p>Oh, le nostre care abitudini! Chi mi segue da un po' sa che noi siamo ci\u00f2 che facciamo ogni giorno. Quindi, se vogliamo cambiare qualcosa nella nostra vita (come molti di noi fanno a cavallo dell'anno), dobbiamo cambiare ci\u00f2 che facciamo ogni giorno.<\/p>\r\n<h3>Abitudini installate...<\/h3>\r\n<p>Il nostro cervello ha sviluppato un meccanismo estremamente efficace che elimina dalla nostra coscienza tutto ci\u00f2 che facciamo ripetutamente e lo installa come abitudine. \u00c8 questo che ci rende in grado di sopravvivere, perch\u00e9 altrimenti il nostro cervello sarebbe completamente sovraccarico. (Per saperne di pi\u00f9, leggete l'innovativo libro di Daniel Kahneman \"Pensare velocemente, pensare lentamente\").<\/p>\r\n<p>Ma qui arriva l'enorme svantaggio: il nostro cervello non \u00e8 in grado di capire se una nuova abitudine \u00e8 benefica o dannosa per noi: se la facciamo abbastanza spesso e siamo ancora vivi, deve essere buona per noi - e diventa un'abitudine. E poich\u00e9 quasi nessuna nuova abitudine ci uccide subito, accumuliamo ogni tipo di abitudine che ci fa male anzich\u00e9 bene.<\/p>\r\n<p>Il semplice fatto \u00e8 che le persone particolarmente appagate, felici e produttive accumulano pi\u00f9 abitudini che le avvantaggiano rispetto al resto dell'umanit\u00e0. La buona notizia \u00e8 che tutti possiamo impararlo, se vogliamo cambiare la nostra vita in meglio. Ecco tre esempi di abitudini in cui mi imbatto continuamente e che ci rendono infelici e improduttivi:<\/p>\r\n<h3><strong>Abitudine all'infelicit\u00e0 n. 1: ci si concentra su cose al di fuori del proprio controllo.<\/strong><\/h3>\r\n<p>Secondo me, la maggior parte delle persone potrebbe risparmiare il 30-70% del proprio tempo se non si preoccupasse di ci\u00f2 che non pu\u00f2 o non vuole influenzare. Per i manager, questa cifra \u00e8 forse solo del 10-20%. Ma \u00e8 comunque molto.<\/p>\r\n<p>Concentrandoci meglio su ci\u00f2 che possiamo influenzare (noi stessi e in parte il nostro ambiente), possiamo risparmiare il 10% del nostro tempo. Non \u00e8 poco!<\/p>\r\n<p>E ci rende anche molto pi\u00f9 felici.<\/p>\r\n<h3><strong>Sfortunata abitudine n. 2: si viaggia negli ambienti sbagliati.<\/strong><\/h3>\r\n<p>Un vecchio detto dice: \"Si diventa la media delle 5 persone di cui ci si circonda di pi\u00f9\". Non possiamo evitare che le persone pi\u00f9 vicine esercitino un'enorme influenza su di noi. Pertanto, scegliete con saggezza gli interlocutori e gli influenzatori pi\u00f9 frequenti.<\/p>\r\n<p>Tra l'altro, possiamo anche formare alcuni di questi \"circoli reali\" da associazioni virtuali, ad esempio i mentori. Questo \u00e8 particolarmente utile quando ci risulta molto difficile cambiare il nostro ambiente immediato.<\/p>\r\n<h3><strong>Sfortunata abitudine n. 3: non sapete dire \"no\".<\/strong><\/h3>\r\n<p>S\u00ec, \u00e8 un classico: per abitudine, diciamo troppo spesso \"s\u00ec\" a ogni genere di cose. Il motivo di solito \u00e8 che vogliamo essere apprezzati. Il paradosso, per\u00f2, \u00e8 che di solito non siamo pi\u00f9 apprezzati se diciamo \"s\u00ec\" troppo spesso, anzi. Un \"no\" chiaro \u00e8 quasi sempre molto meglio di un \"s\u00ec\" a met\u00e0, perch\u00e9 crea chiarezza. Altrimenti ci ritroviamo con un sacco di cose che non ci piacciono e che ci frustrano.<\/p>\r\n<h3><strong>Conclusione: cambiare le proprie abitudini<\/strong><\/h3>\r\n<p>Prestate attenzione alle vostre abitudini - e cambiatele - perch\u00e9 determinano la vostra vita. Un pensiero importante, soprattutto a cavallo dell'anno!<\/p>\r\n<p><i><strong>All'autore:<\/strong><br \/>\r\n<\/i><em>Volkmar V\u00f6lzke \u00e8 un massimizzatore di successi. Autore del libro. Consulente. Allenatore. Altoparlante.\u00a0<a href=\"http:\/\/www.volkmarvoelzke.ch\/\">www.volkmarvoelzke.ch<\/a><\/em><\/p>","protected":false},"excerpt":{"rendered":"<p>La fine dell'anno \u00e8 alle porte: un buon momento per cambiare alcune abitudini che ostacolano una vita pi\u00f9 felice. Inoltre, un nuovo impulso per il successo.<\/p>","protected":false},"author":4,"featured_media":24036,"comment_status":"closed","ping_status":"closed","sticky":false,"template":"","format":"standard","meta":{"_acf_changed":false,"_yoast_wpseo_focuskw":"Gewohnheiten","_yoast_wpseo_metadesc":"Der Jahreswechsel steht bevor - ein guter Zeitpunkt, um vielleicht ein paar Gewohnheiten zu \u00e4ndern, die uns im Weg stehen.","articlekey":"","footnotes":""},"categories":[28],"tags":[177,4047,429],"class_list":["post-24035","post","type-post","status-publish","format-standard","has-post-thumbnail","hentry","category-management","tag-erfolgs-impuls","tag-installierte-gewohnheiten","tag-selbstmanagement"],"acf":[],"yoast_head":"<!-- This site is optimized with the Yoast SEO plugin v27.4 - https:\/\/yoast.com\/product\/yoast-seo-wordpress\/ -->\n<title>Drei Gewohnheiten, die uns ungl\u00fccklich machen - Organisator<\/title>\n<meta name=\"description\" content=\"Der Jahreswechsel steht bevor - ein guter Zeitpunkt, um vielleicht ein paar Gewohnheiten zu \u00e4ndern, die uns im Weg stehen.\" \/>\n<meta name=\"robots\" content=\"index, follow, max-snippet:-1, max-image-preview:large, max-video-preview:-1\" \/>\n<link rel=\"canonical\" href=\"https:\/\/www.organisator.ch\/it\/gestione-2\/2023-12-27\/drei-gewohnheiten-die-uns-ungluecklich-machen\/\" \/>\n<meta property=\"og:locale\" content=\"it_IT\" \/>\n<meta property=\"og:type\" content=\"article\" \/>\n<meta property=\"og:title\" content=\"Drei Gewohnheiten, die uns ungl\u00fccklich machen\" \/>\n<meta property=\"og:description\" content=\"Der Jahreswechsel steht bevor - ein guter Zeitpunkt, um vielleicht ein paar Gewohnheiten zu \u00e4ndern, die uns im Weg stehen.\" \/>\n<meta property=\"og:url\" content=\"https:\/\/www.organisator.ch\/it\/gestione-2\/2023-12-27\/drei-gewohnheiten-die-uns-ungluecklich-machen\/\" \/>\n<meta property=\"og:site_name\" content=\"Organisator\" \/>\n<meta property=\"article:publisher\" content=\"https:\/\/www.facebook.com\/OrganisatorFachmagazin\" \/>\n<meta property=\"article:published_time\" content=\"2023-12-27T06:22:37+00:00\" \/>\n<meta property=\"article:modified_time\" content=\"2024-01-03T07:52:45+00:00\" \/>\n<meta property=\"og:image\" content=\"https:\/\/www.organisator.ch\/wp-content\/uploads\/2023\/12\/Drei-Gewohnheiten-die-uns-ungluecklich-machen_Organisator.jpg\" \/>\n\t<meta property=\"og:image:width\" content=\"680\" \/>\n\t<meta property=\"og:image:height\" content=\"414\" \/>\n\t<meta property=\"og:image:type\" content=\"image\/jpeg\" \/>\n<meta name=\"author\" content=\"thomas.berner\" \/>\n<meta name=\"twitter:card\" content=\"summary_large_image\" \/>\n<meta name=\"twitter:title\" content=\"Drei #Gewohnheiten, die uns ungl\u00fccklich machen\" \/>\n<meta name=\"twitter:description\" content=\"Der #Jahreswechsel steht bevor - ein guter #Zeitpunkt, um vielleicht ein paar #Gewohnheiten zu \u00e4ndern, die uns im Weg stehen.\" \/>\n<meta name=\"twitter:image\" content=\"https:\/\/www.organisator.ch\/wp-content\/uploads\/2023\/12\/Drei-Gewohnheiten-die-uns-ungluecklich-machen_Organisator.jpg\" \/>\n<script type=\"application\/ld+json\" class=\"yoast-schema-graph\">{\"@context\":\"https:\\\/\\\/schema.org\",\"@graph\":[{\"@type\":\"Article\",\"@id\":\"https:\\\/\\\/www.organisator.ch\\\/management\\\/2023-12-27\\\/drei-gewohnheiten-die-uns-ungluecklich-machen\\\/#article\",\"isPartOf\":{\"@id\":\"https:\\\/\\\/www.organisator.ch\\\/management\\\/2023-12-27\\\/drei-gewohnheiten-die-uns-ungluecklich-machen\\\/\"},\"author\":{\"name\":\"thomas.berner\",\"@id\":\"https:\\\/\\\/www.organisator.ch\\\/#\\\/schema\\\/person\\\/6f650f90b2842cd4c0cc334b4e36f67e\"},\"headline\":\"Drei Gewohnheiten, die uns ungl\u00fccklich machen\",\"datePublished\":\"2023-12-27T06:22:37+00:00\",\"dateModified\":\"2024-01-03T07:52:45+00:00\",\"mainEntityOfPage\":{\"@id\":\"https:\\\/\\\/www.organisator.ch\\\/management\\\/2023-12-27\\\/drei-gewohnheiten-die-uns-ungluecklich-machen\\\/\"},\"wordCount\":555,\"publisher\":{\"@id\":\"https:\\\/\\\/www.organisator.ch\\\/#organization\"},\"image\":{\"@id\":\"https:\\\/\\\/www.organisator.ch\\\/management\\\/2023-12-27\\\/drei-gewohnheiten-die-uns-ungluecklich-machen\\\/#primaryimage\"},\"thumbnailUrl\":\"https:\\\/\\\/www.organisator.ch\\\/wp-content\\\/uploads\\\/2023\\\/12\\\/Drei-Gewohnheiten-die-uns-ungluecklich-machen_Organisator.jpg\",\"keywords\":[\"Erfolgs-Impuls\",\"Installierte Gewohnheiten\",\"Selbstmanagement\"],\"articleSection\":[\"MANAGEMENT\"],\"inLanguage\":\"it-IT\"},{\"@type\":\"WebPage\",\"@id\":\"https:\\\/\\\/www.organisator.ch\\\/management\\\/2023-12-27\\\/drei-gewohnheiten-die-uns-ungluecklich-machen\\\/\",\"url\":\"https:\\\/\\\/www.organisator.ch\\\/management\\\/2023-12-27\\\/drei-gewohnheiten-die-uns-ungluecklich-machen\\\/\",\"name\":\"Drei Gewohnheiten, die uns ungl\u00fccklich machen - Organisator\",\"isPartOf\":{\"@id\":\"https:\\\/\\\/www.organisator.ch\\\/#website\"},\"primaryImageOfPage\":{\"@id\":\"https:\\\/\\\/www.organisator.ch\\\/management\\\/2023-12-27\\\/drei-gewohnheiten-die-uns-ungluecklich-machen\\\/#primaryimage\"},\"image\":{\"@id\":\"https:\\\/\\\/www.organisator.ch\\\/management\\\/2023-12-27\\\/drei-gewohnheiten-die-uns-ungluecklich-machen\\\/#primaryimage\"},\"thumbnailUrl\":\"https:\\\/\\\/www.organisator.ch\\\/wp-content\\\/uploads\\\/2023\\\/12\\\/Drei-Gewohnheiten-die-uns-ungluecklich-machen_Organisator.jpg\",\"datePublished\":\"2023-12-27T06:22:37+00:00\",\"dateModified\":\"2024-01-03T07:52:45+00:00\",\"description\":\"Der Jahreswechsel steht bevor - ein guter Zeitpunkt, um vielleicht ein paar Gewohnheiten zu \u00e4ndern, die uns im Weg stehen.\",\"breadcrumb\":{\"@id\":\"https:\\\/\\\/www.organisator.ch\\\/management\\\/2023-12-27\\\/drei-gewohnheiten-die-uns-ungluecklich-machen\\\/#breadcrumb\"},\"inLanguage\":\"it-IT\",\"potentialAction\":[{\"@type\":\"ReadAction\",\"target\":[\"https:\\\/\\\/www.organisator.ch\\\/management\\\/2023-12-27\\\/drei-gewohnheiten-die-uns-ungluecklich-machen\\\/\"]}]},{\"@type\":\"ImageObject\",\"inLanguage\":\"it-IT\",\"@id\":\"https:\\\/\\\/www.organisator.ch\\\/management\\\/2023-12-27\\\/drei-gewohnheiten-die-uns-ungluecklich-machen\\\/#primaryimage\",\"url\":\"https:\\\/\\\/www.organisator.ch\\\/wp-content\\\/uploads\\\/2023\\\/12\\\/Drei-Gewohnheiten-die-uns-ungluecklich-machen_Organisator.jpg\",\"contentUrl\":\"https:\\\/\\\/www.organisator.ch\\\/wp-content\\\/uploads\\\/2023\\\/12\\\/Drei-Gewohnheiten-die-uns-ungluecklich-machen_Organisator.jpg\",\"width\":680,\"height\":414,\"caption\":\"Gewohnheiten sind sch\u00f6n und gut - sie k\u00f6nnen uns aber auch ungl\u00fccklich machen. (Bild: geralt \\\/ Pixabay.com)\"},{\"@type\":\"BreadcrumbList\",\"@id\":\"https:\\\/\\\/www.organisator.ch\\\/management\\\/2023-12-27\\\/drei-gewohnheiten-die-uns-ungluecklich-machen\\\/#breadcrumb\",\"itemListElement\":[{\"@type\":\"ListItem\",\"position\":1,\"name\":\"Home\",\"item\":\"https:\\\/\\\/www.organisator.ch\\\/\"},{\"@type\":\"ListItem\",\"position\":2,\"name\":\"Drei Gewohnheiten, die uns ungl\u00fccklich machen\"}]},{\"@type\":\"WebSite\",\"@id\":\"https:\\\/\\\/www.organisator.ch\\\/#website\",\"url\":\"https:\\\/\\\/www.organisator.ch\\\/\",\"name\":\"Organisator\",\"description\":\"Kompetent. Praxisnah. Der ORGANISATOR bereitet in 10 Ausgaben pro Jahr die wesentlichen Themen f\u00fcr F\u00fchrungskr\u00e4fte von KMU auf.\",\"publisher\":{\"@id\":\"https:\\\/\\\/www.organisator.ch\\\/#organization\"},\"potentialAction\":[{\"@type\":\"SearchAction\",\"target\":{\"@type\":\"EntryPoint\",\"urlTemplate\":\"https:\\\/\\\/www.organisator.ch\\\/?s={search_term_string}\"},\"query-input\":{\"@type\":\"PropertyValueSpecification\",\"valueRequired\":true,\"valueName\":\"search_term_string\"}}],\"inLanguage\":\"it-IT\"},{\"@type\":\"Organization\",\"@id\":\"https:\\\/\\\/www.organisator.ch\\\/#organization\",\"name\":\"Organisator\",\"url\":\"https:\\\/\\\/www.organisator.ch\\\/\",\"logo\":{\"@type\":\"ImageObject\",\"inLanguage\":\"it-IT\",\"@id\":\"https:\\\/\\\/www.organisator.ch\\\/#\\\/schema\\\/logo\\\/image\\\/\",\"url\":\"https:\\\/\\\/www.organisator.ch\\\/wp-content\\\/uploads\\\/2022\\\/01\\\/Logo_Organisator_Website.png\",\"contentUrl\":\"https:\\\/\\\/www.organisator.ch\\\/wp-content\\\/uploads\\\/2022\\\/01\\\/Logo_Organisator_Website.png\",\"width\":800,\"height\":77,\"caption\":\"Organisator\"},\"image\":{\"@id\":\"https:\\\/\\\/www.organisator.ch\\\/#\\\/schema\\\/logo\\\/image\\\/\"},\"sameAs\":[\"https:\\\/\\\/www.facebook.com\\\/OrganisatorFachmagazin\",\"https:\\\/\\\/www.linkedin.com\\\/showcase\\\/organisator-das-magazin-fr-kmu\",\"https:\\\/\\\/www.xing.com\\\/news\\\/pages\\\/organisator-ch-695\",\"https:\\\/\\\/www.youtube.com\\\/channel\\\/UCGP2Sq0iWaZwT3BdIAQFYpw\"]},{\"@type\":\"Person\",\"@id\":\"https:\\\/\\\/www.organisator.ch\\\/#\\\/schema\\\/person\\\/6f650f90b2842cd4c0cc334b4e36f67e\",\"name\":\"thomas.berner\",\"image\":{\"@type\":\"ImageObject\",\"inLanguage\":\"it-IT\",\"@id\":\"https:\\\/\\\/secure.gravatar.com\\\/avatar\\\/ac5001d2a36cb6c6cd3e50789007ffca834b477b74a2144564522e944eabff61?s=96&d=mm&r=g\",\"url\":\"https:\\\/\\\/secure.gravatar.com\\\/avatar\\\/ac5001d2a36cb6c6cd3e50789007ffca834b477b74a2144564522e944eabff61?s=96&d=mm&r=g\",\"contentUrl\":\"https:\\\/\\\/secure.gravatar.com\\\/avatar\\\/ac5001d2a36cb6c6cd3e50789007ffca834b477b74a2144564522e944eabff61?s=96&d=mm&r=g\",\"caption\":\"thomas.berner\"},\"url\":\"https:\\\/\\\/www.organisator.ch\\\/it\\\/author\\\/thomas-berner\\\/\"}]}<\/script>\n<!-- \/ Yoast SEO plugin. -->","yoast_head_json":{"title":"Tre abitudini che ci rendono infelici - Organizzatore","description":"La fine dell'anno \u00e8 alle porte: un buon momento per cambiare alcune abitudini che ci ostacolano.","robots":{"index":"index","follow":"follow","max-snippet":"max-snippet:-1","max-image-preview":"max-image-preview:large","max-video-preview":"max-video-preview:-1"},"canonical":"https:\/\/www.organisator.ch\/it\/gestione-2\/2023-12-27\/drei-gewohnheiten-die-uns-ungluecklich-machen\/","og_locale":"it_IT","og_type":"article","og_title":"Drei Gewohnheiten, die uns ungl\u00fccklich machen","og_description":"Der Jahreswechsel steht bevor - ein guter Zeitpunkt, um vielleicht ein paar Gewohnheiten zu \u00e4ndern, die uns im Weg stehen.","og_url":"https:\/\/www.organisator.ch\/it\/gestione-2\/2023-12-27\/drei-gewohnheiten-die-uns-ungluecklich-machen\/","og_site_name":"Organisator","article_publisher":"https:\/\/www.facebook.com\/OrganisatorFachmagazin","article_published_time":"2023-12-27T06:22:37+00:00","article_modified_time":"2024-01-03T07:52:45+00:00","og_image":[{"width":680,"height":414,"url":"https:\/\/www.organisator.ch\/wp-content\/uploads\/2023\/12\/Drei-Gewohnheiten-die-uns-ungluecklich-machen_Organisator.jpg","type":"image\/jpeg"}],"author":"thomas.berner","twitter_card":"summary_large_image","twitter_title":"Drei #Gewohnheiten, die uns ungl\u00fccklich machen","twitter_description":"Der #Jahreswechsel steht bevor - ein guter #Zeitpunkt, um vielleicht ein paar #Gewohnheiten zu \u00e4ndern, die uns im Weg stehen.","twitter_image":"https:\/\/www.organisator.ch\/wp-content\/uploads\/2023\/12\/Drei-Gewohnheiten-die-uns-ungluecklich-machen_Organisator.jpg","schema":{"@context":"https:\/\/schema.org","@graph":[{"@type":"Article","@id":"https:\/\/www.organisator.ch\/management\/2023-12-27\/drei-gewohnheiten-die-uns-ungluecklich-machen\/#article","isPartOf":{"@id":"https:\/\/www.organisator.ch\/management\/2023-12-27\/drei-gewohnheiten-die-uns-ungluecklich-machen\/"},"author":{"name":"thomas.berner","@id":"https:\/\/www.organisator.ch\/#\/schema\/person\/6f650f90b2842cd4c0cc334b4e36f67e"},"headline":"Drei Gewohnheiten, die uns ungl\u00fccklich machen","datePublished":"2023-12-27T06:22:37+00:00","dateModified":"2024-01-03T07:52:45+00:00","mainEntityOfPage":{"@id":"https:\/\/www.organisator.ch\/management\/2023-12-27\/drei-gewohnheiten-die-uns-ungluecklich-machen\/"},"wordCount":555,"publisher":{"@id":"https:\/\/www.organisator.ch\/#organization"},"image":{"@id":"https:\/\/www.organisator.ch\/management\/2023-12-27\/drei-gewohnheiten-die-uns-ungluecklich-machen\/#primaryimage"},"thumbnailUrl":"https:\/\/www.organisator.ch\/wp-content\/uploads\/2023\/12\/Drei-Gewohnheiten-die-uns-ungluecklich-machen_Organisator.jpg","keywords":["Erfolgs-Impuls","Installierte Gewohnheiten","Selbstmanagement"],"articleSection":["MANAGEMENT"],"inLanguage":"it-IT"},{"@type":"WebPage","@id":"https:\/\/www.organisator.ch\/management\/2023-12-27\/drei-gewohnheiten-die-uns-ungluecklich-machen\/","url":"https:\/\/www.organisator.ch\/management\/2023-12-27\/drei-gewohnheiten-die-uns-ungluecklich-machen\/","name":"Tre abitudini che ci rendono infelici - Organizzatore","isPartOf":{"@id":"https:\/\/www.organisator.ch\/#website"},"primaryImageOfPage":{"@id":"https:\/\/www.organisator.ch\/management\/2023-12-27\/drei-gewohnheiten-die-uns-ungluecklich-machen\/#primaryimage"},"image":{"@id":"https:\/\/www.organisator.ch\/management\/2023-12-27\/drei-gewohnheiten-die-uns-ungluecklich-machen\/#primaryimage"},"thumbnailUrl":"https:\/\/www.organisator.ch\/wp-content\/uploads\/2023\/12\/Drei-Gewohnheiten-die-uns-ungluecklich-machen_Organisator.jpg","datePublished":"2023-12-27T06:22:37+00:00","dateModified":"2024-01-03T07:52:45+00:00","description":"La fine dell'anno \u00e8 alle porte: un buon momento per cambiare alcune abitudini che ci ostacolano.","breadcrumb":{"@id":"https:\/\/www.organisator.ch\/management\/2023-12-27\/drei-gewohnheiten-die-uns-ungluecklich-machen\/#breadcrumb"},"inLanguage":"it-IT","potentialAction":[{"@type":"ReadAction","target":["https:\/\/www.organisator.ch\/management\/2023-12-27\/drei-gewohnheiten-die-uns-ungluecklich-machen\/"]}]},{"@type":"ImageObject","inLanguage":"it-IT","@id":"https:\/\/www.organisator.ch\/management\/2023-12-27\/drei-gewohnheiten-die-uns-ungluecklich-machen\/#primaryimage","url":"https:\/\/www.organisator.ch\/wp-content\/uploads\/2023\/12\/Drei-Gewohnheiten-die-uns-ungluecklich-machen_Organisator.jpg","contentUrl":"https:\/\/www.organisator.ch\/wp-content\/uploads\/2023\/12\/Drei-Gewohnheiten-die-uns-ungluecklich-machen_Organisator.jpg","width":680,"height":414,"caption":"Gewohnheiten sind sch\u00f6n und gut - sie k\u00f6nnen uns aber auch ungl\u00fccklich machen. (Bild: geralt \/ Pixabay.com)"},{"@type":"BreadcrumbList","@id":"https:\/\/www.organisator.ch\/management\/2023-12-27\/drei-gewohnheiten-die-uns-ungluecklich-machen\/#breadcrumb","itemListElement":[{"@type":"ListItem","position":1,"name":"Home","item":"https:\/\/www.organisator.ch\/"},{"@type":"ListItem","position":2,"name":"Drei Gewohnheiten, die uns ungl\u00fccklich machen"}]},{"@type":"WebSite","@id":"https:\/\/www.organisator.ch\/#website","url":"https:\/\/www.organisator.ch\/","name":"Organizzatore","description":"Competente. Pratico. In 10 numeri all'anno, ORGANISATOR presenta i temi essenziali per i manager delle PMI.","publisher":{"@id":"https:\/\/www.organisator.ch\/#organization"},"potentialAction":[{"@type":"SearchAction","target":{"@type":"EntryPoint","urlTemplate":"https:\/\/www.organisator.ch\/?s={search_term_string}"},"query-input":{"@type":"PropertyValueSpecification","valueRequired":true,"valueName":"search_term_string"}}],"inLanguage":"it-IT"},{"@type":"Organization","@id":"https:\/\/www.organisator.ch\/#organization","name":"Organizzatore","url":"https:\/\/www.organisator.ch\/","logo":{"@type":"ImageObject","inLanguage":"it-IT","@id":"https:\/\/www.organisator.ch\/#\/schema\/logo\/image\/","url":"https:\/\/www.organisator.ch\/wp-content\/uploads\/2022\/01\/Logo_Organisator_Website.png","contentUrl":"https:\/\/www.organisator.ch\/wp-content\/uploads\/2022\/01\/Logo_Organisator_Website.png","width":800,"height":77,"caption":"Organisator"},"image":{"@id":"https:\/\/www.organisator.ch\/#\/schema\/logo\/image\/"},"sameAs":["https:\/\/www.facebook.com\/OrganisatorFachmagazin","https:\/\/www.linkedin.com\/showcase\/organisator-das-magazin-fr-kmu","https:\/\/www.xing.com\/news\/pages\/organisator-ch-695","https:\/\/www.youtube.com\/channel\/UCGP2Sq0iWaZwT3BdIAQFYpw"]},{"@type":"Person","@id":"https:\/\/www.organisator.ch\/#\/schema\/person\/6f650f90b2842cd4c0cc334b4e36f67e","name":"Tommaso.berner","image":{"@type":"ImageObject","inLanguage":"it-IT","@id":"https:\/\/secure.gravatar.com\/avatar\/ac5001d2a36cb6c6cd3e50789007ffca834b477b74a2144564522e944eabff61?s=96&d=mm&r=g","url":"https:\/\/secure.gravatar.com\/avatar\/ac5001d2a36cb6c6cd3e50789007ffca834b477b74a2144564522e944eabff61?s=96&d=mm&r=g","contentUrl":"https:\/\/secure.gravatar.com\/avatar\/ac5001d2a36cb6c6cd3e50789007ffca834b477b74a2144564522e944eabff61?s=96&d=mm&r=g","caption":"thomas.berner"},"url":"https:\/\/www.organisator.ch\/it\/author\/thomas-berner\/"}]}},"_links":{"self":[{"href":"https:\/\/www.organisator.ch\/it\/wp-json\/wp\/v2\/posts\/24035","targetHints":{"allow":["GET"]}}],"collection":[{"href":"https:\/\/www.organisator.ch\/it\/wp-json\/wp\/v2\/posts"}],"about":[{"href":"https:\/\/www.organisator.ch\/it\/wp-json\/wp\/v2\/types\/post"}],"author":[{"embeddable":true,"href":"https:\/\/www.organisator.ch\/it\/wp-json\/wp\/v2\/users\/4"}],"replies":[{"embeddable":true,"href":"https:\/\/www.organisator.ch\/it\/wp-json\/wp\/v2\/comments?post=24035"}],"version-history":[{"count":7,"href":"https:\/\/www.organisator.ch\/it\/wp-json\/wp\/v2\/posts\/24035\/revisions"}],"predecessor-version":[{"id":24090,"href":"https:\/\/www.organisator.ch\/it\/wp-json\/wp\/v2\/posts\/24035\/revisions\/24090"}],"wp:featuredmedia":[{"embeddable":true,"href":"https:\/\/www.organisator.ch\/it\/wp-json\/wp\/v2\/media\/24036"}],"wp:attachment":[{"href":"https:\/\/www.organisator.ch\/it\/wp-json\/wp\/v2\/media?parent=24035"}],"wp:term":[{"taxonomy":"category","embeddable":true,"href":"https:\/\/www.organisator.ch\/it\/wp-json\/wp\/v2\/categories?post=24035"},{"taxonomy":"post_tag","embeddable":true,"href":"https:\/\/www.organisator.ch\/it\/wp-json\/wp\/v2\/tags?post=24035"}],"curies":[{"name":"wp","href":"https:\/\/api.w.org\/{rel}","templated":true}]}}