{"id":2408,"date":"2019-08-27T17:20:04","date_gmt":"2019-08-27T15:20:04","guid":{"rendered":"https:\/\/www.umweltperspektiven.ch\/?p=2408"},"modified":"2022-02-09T11:10:04","modified_gmt":"2022-02-09T10:10:04","slug":"aktualisierung-der-hochhausrichtlinien-der-stadt-zuerich","status":"publish","type":"post","link":"https:\/\/www.organisator.ch\/it\/sustainability\/2019-08-27\/aktualisierung-der-hochhausrichtlinien-der-stadt-zuerich\/","title":{"rendered":"Aggiornamento delle linee guida per i grattacieli"},"content":{"rendered":"<div id=\"pressrelease_text\" class=\"mod_styledtext\">\n<figure id=\"attachment_2411\" aria-describedby=\"caption-attachment-2411\" style=\"width: 640px\" class=\"wp-caption alignnone\"><img loading=\"lazy\" decoding=\"async\" class=\"wp-image-2411 size-full\" src=\"\/\/www.umweltperspektiven.ch\/wp-content\/uploads\/2019\/08\/Stadt-Z\u00fcrich-Hochhausrichtlinien-UP_Umwelt-perspektiven.jpg\" alt=\"\" width=\"640\" height=\"427\" \/><figcaption id=\"caption-attachment-2411\" class=\"wp-caption-text\">Le attuali linee guida per i grattacieli e le aree per i grattacieli della citt\u00e0 di Zurigo definite nei regolamenti edilizi e urbanistici devono essere riviste e aggiornate alla luce delle attuali previsioni di crescita e delle tendenze di sviluppo. (Immagine: Citt\u00e0 di Zurigo)<\/figcaption><\/figure>\n<p>Da maggio 2019, l'Ufficio di pianificazione urbana sta esaminando le nuove linee guida per i grattacieli in una procedura di studio. Da allora, ha invitato gli esperti a candidarsi su base interdisciplinare (ad esempio, in gruppi di lavoro compositi). Nella prima fase, otto team selezionati svilupperanno idee e tesi sul futuro sviluppo dei grattacieli nella citt\u00e0 di Zurigo. Nella seconda fase, da uno a tre gruppi di lavoro approfondiranno e concretizzeranno le idee.<\/p>\n<p>La procedura di studio sar\u00e0 completata nell'estate del 2020. La definizione delle nuove linee guida e l'adeguamento delle aree ad alta densit\u00e0 di popolazione nel regolamento edilizio e urbanistico (BZO) avverr\u00e0 al termine della procedura di studio.<\/p>\n<p>Le attuali linee guida per i grattacieli urbani risalgono al 2001. La loro revisione, cos\u00ec come la valutazione delle aree per grattacieli definite nei regolamenti edilizi e urbanistici, avviene sullo sfondo degli attuali scenari di crescita e delle tendenze di sviluppo presentate dal <a class=\"icon intern\" href=\"\/\/www.stadt-zuerich.ch\/hbd\/de\/index\/staedtebau\/planung\/richtplanung0\/kommunaler-richtplan.html\">Piano Strutturale Comunale per l'Insediamento, il Paesaggio, gli Edifici Pubblici e le Attrezzature<\/a> prevede.<\/p>\n<h3>Il visore per grattacieli \u00e8 ora disponibile<\/h3>\n<p>In vista di questo processo di aggiornamento, l'Ufficio di pianificazione urbanistica ha sviluppato un sito web <a class=\"icon intern\" href=\"\/\/www.stadt-zuerich.ch\/hbd\/de\/index\/projekte-themen\/planung\/hochhaus.html\">Visore alto<\/a> che mostra una panoramica di tutti i grattacieli esistenti e di quelli previsti. Nell'applicazione \u00e8 possibile interrogare l'anno di costruzione e l'altezza dell'edificio di ciascun grattacielo. La legge cantonale sulla pianificazione e l'edilizia definisce un grattacielo come un edificio di altezza pari o superiore a 25 metri.<\/p>\n<\/div>\n<div class=\"mod_styledtext\">\n<p>Il visualizzatore di grattacieli mostra una panoramica di tutti gli edifici esistenti e di quelli previsti. Secondo la legge cantonale sulla pianificazione e l'edilizia, i grattacieli sono edifici con un'altezza pari o superiore a 25 metri. L'applicazione web comprende uno strumento interattivo di mappa 3D, collegato a un diagramma dell'altezza e dell'anno di costruzione degli edifici.<\/p>\n<p><a class=\"icon extern\" href=\"\/\/hochhaeuser.stadt-zuerich.ch\" target=\"_blank\" rel=\"noopener\">Fare clic qui per il visualizzatore di grattacieli<\/a><\/p>\n<\/div>","protected":false},"excerpt":{"rendered":"<p>Das Amt f\u00fcr St\u00e4dtebau pr\u00fcft seit Mai 2019 in einem Studienverfahren neue Hochhausrichtlinien. Seither ruft Sie Experten auf, sich interdisziplin\u00e4r (z. b in zusammengesetzten Arbeitsgemeinschaften) zu bewerben. In der ersten Stufe werden acht ausgew\u00e4hlte Teams Ideen und Thesen zur zuk\u00fcnftigen Hochhausentwicklung in der Stadt Z\u00fcrich erarbeiten. In der zweiten Stufe sollen ein bis drei Arbeitsgemeinschaften [&hellip;]<\/p>\n","protected":false},"author":5,"featured_media":2411,"comment_status":"open","ping_status":"open","sticky":false,"template":"","format":"standard","meta":{"_acf_changed":false,"_yoast_wpseo_focuskw":"Hochhausrichtlinien","_yoast_wpseo_metadesc":"Das Amt f\u00fcr St\u00e4dtebau sucht f\u00fcr ein Studienverfahren zur \u00dcberpr\u00fcfung und Aktualisierung der Hochhausrichtlinien mehrere interdisziplin\u00e4re Teams","articlekey":"","footnotes":""},"categories":[580],"tags":[647,1251,1364,1915,459],"class_list":["post-2408","post","type-post","status-publish","format-standard","has-post-thumbnail","hentry","category-sustainability","tag-3-d-modellierung","tag-gebaeudeplanung","tag-hochhaus","tag-planer","tag-studie"],"acf":[],"yoast_head":"<!-- This site is optimized with the Yoast SEO plugin v27.5 - https:\/\/yoast.com\/product\/yoast-seo-wordpress\/ -->\n<title>Aktualisierung der Hochhausrichtlinien - Organisator<\/title>\n<meta name=\"description\" content=\"Das Amt f\u00fcr St\u00e4dtebau sucht f\u00fcr ein Studienverfahren zur \u00dcberpr\u00fcfung und Aktualisierung der Hochhausrichtlinien mehrere interdisziplin\u00e4re Teams\" \/>\n<meta name=\"robots\" content=\"index, follow, max-snippet:-1, max-image-preview:large, max-video-preview:-1\" \/>\n<link rel=\"canonical\" href=\"https:\/\/www.organisator.ch\/it\/sostenibilita\/2019-08-27\/aktualisierung-der-hochhausrichtlinien-der-stadt-zuerich\/\" \/>\n<meta property=\"og:locale\" content=\"it_IT\" \/>\n<meta property=\"og:type\" content=\"article\" \/>\n<meta property=\"og:title\" content=\"Aktualisierung der Hochhausrichtlinien - Organisator\" \/>\n<meta property=\"og:description\" content=\"Das Amt f\u00fcr St\u00e4dtebau sucht f\u00fcr ein Studienverfahren zur \u00dcberpr\u00fcfung und Aktualisierung der Hochhausrichtlinien mehrere interdisziplin\u00e4re Teams\" \/>\n<meta property=\"og:url\" content=\"https:\/\/www.organisator.ch\/it\/sostenibilita\/2019-08-27\/aktualisierung-der-hochhausrichtlinien-der-stadt-zuerich\/\" \/>\n<meta property=\"og:site_name\" content=\"Organisator\" \/>\n<meta property=\"article:publisher\" content=\"https:\/\/www.facebook.com\/OrganisatorFachmagazin\" \/>\n<meta property=\"article:published_time\" content=\"2019-08-27T15:20:04+00:00\" \/>\n<meta property=\"article:modified_time\" content=\"2022-02-09T10:10:04+00:00\" \/>\n<meta property=\"og:image\" content=\"https:\/\/www.organisator.ch\/wp-content\/uploads\/2019\/08\/Stadt-Zuerich-Hochhausrichtlinien-UP_Umwelt-perspektiven.jpg\" \/>\n\t<meta property=\"og:image:width\" content=\"640\" \/>\n\t<meta property=\"og:image:height\" content=\"427\" \/>\n\t<meta property=\"og:image:type\" content=\"image\/jpeg\" \/>\n<meta name=\"author\" content=\"michael.merz\" \/>\n<meta name=\"twitter:card\" content=\"summary_large_image\" \/>\n<script type=\"application\/ld+json\" class=\"yoast-schema-graph\">{\"@context\":\"https:\\\/\\\/schema.org\",\"@graph\":[{\"@type\":\"Article\",\"@id\":\"https:\\\/\\\/www.organisator.ch\\\/sustainability\\\/2019-08-27\\\/aktualisierung-der-hochhausrichtlinien-der-stadt-zuerich\\\/#article\",\"isPartOf\":{\"@id\":\"https:\\\/\\\/www.organisator.ch\\\/sustainability\\\/2019-08-27\\\/aktualisierung-der-hochhausrichtlinien-der-stadt-zuerich\\\/\"},\"author\":{\"name\":\"michael.merz\",\"@id\":\"https:\\\/\\\/www.organisator.ch\\\/#\\\/schema\\\/person\\\/134708ca9321c57b0362cceb7948ffbd\"},\"headline\":\"Aktualisierung der Hochhausrichtlinien\",\"datePublished\":\"2019-08-27T15:20:04+00:00\",\"dateModified\":\"2022-02-09T10:10:04+00:00\",\"mainEntityOfPage\":{\"@id\":\"https:\\\/\\\/www.organisator.ch\\\/sustainability\\\/2019-08-27\\\/aktualisierung-der-hochhausrichtlinien-der-stadt-zuerich\\\/\"},\"wordCount\":305,\"commentCount\":0,\"publisher\":{\"@id\":\"https:\\\/\\\/www.organisator.ch\\\/#organization\"},\"image\":{\"@id\":\"https:\\\/\\\/www.organisator.ch\\\/sustainability\\\/2019-08-27\\\/aktualisierung-der-hochhausrichtlinien-der-stadt-zuerich\\\/#primaryimage\"},\"thumbnailUrl\":\"https:\\\/\\\/www.organisator.ch\\\/wp-content\\\/uploads\\\/2019\\\/08\\\/Stadt-Zuerich-Hochhausrichtlinien-UP_Umwelt-perspektiven.jpg\",\"keywords\":[\"3-D-Modellierung\",\"Geb\u00e4udeplanung\",\"Hochhaus\",\"Planer\",\"Studie\"],\"articleSection\":[\"SUSTAINABILITY\"],\"inLanguage\":\"it-IT\"},{\"@type\":\"WebPage\",\"@id\":\"https:\\\/\\\/www.organisator.ch\\\/sustainability\\\/2019-08-27\\\/aktualisierung-der-hochhausrichtlinien-der-stadt-zuerich\\\/\",\"url\":\"https:\\\/\\\/www.organisator.ch\\\/sustainability\\\/2019-08-27\\\/aktualisierung-der-hochhausrichtlinien-der-stadt-zuerich\\\/\",\"name\":\"Aktualisierung der Hochhausrichtlinien - Organisator\",\"isPartOf\":{\"@id\":\"https:\\\/\\\/www.organisator.ch\\\/#website\"},\"primaryImageOfPage\":{\"@id\":\"https:\\\/\\\/www.organisator.ch\\\/sustainability\\\/2019-08-27\\\/aktualisierung-der-hochhausrichtlinien-der-stadt-zuerich\\\/#primaryimage\"},\"image\":{\"@id\":\"https:\\\/\\\/www.organisator.ch\\\/sustainability\\\/2019-08-27\\\/aktualisierung-der-hochhausrichtlinien-der-stadt-zuerich\\\/#primaryimage\"},\"thumbnailUrl\":\"https:\\\/\\\/www.organisator.ch\\\/wp-content\\\/uploads\\\/2019\\\/08\\\/Stadt-Zuerich-Hochhausrichtlinien-UP_Umwelt-perspektiven.jpg\",\"datePublished\":\"2019-08-27T15:20:04+00:00\",\"dateModified\":\"2022-02-09T10:10:04+00:00\",\"description\":\"Das Amt f\u00fcr St\u00e4dtebau sucht f\u00fcr ein Studienverfahren zur \u00dcberpr\u00fcfung und Aktualisierung der Hochhausrichtlinien mehrere interdisziplin\u00e4re Teams\",\"breadcrumb\":{\"@id\":\"https:\\\/\\\/www.organisator.ch\\\/sustainability\\\/2019-08-27\\\/aktualisierung-der-hochhausrichtlinien-der-stadt-zuerich\\\/#breadcrumb\"},\"inLanguage\":\"it-IT\",\"potentialAction\":[{\"@type\":\"ReadAction\",\"target\":[\"https:\\\/\\\/www.organisator.ch\\\/sustainability\\\/2019-08-27\\\/aktualisierung-der-hochhausrichtlinien-der-stadt-zuerich\\\/\"]}]},{\"@type\":\"ImageObject\",\"inLanguage\":\"it-IT\",\"@id\":\"https:\\\/\\\/www.organisator.ch\\\/sustainability\\\/2019-08-27\\\/aktualisierung-der-hochhausrichtlinien-der-stadt-zuerich\\\/#primaryimage\",\"url\":\"https:\\\/\\\/www.organisator.ch\\\/wp-content\\\/uploads\\\/2019\\\/08\\\/Stadt-Zuerich-Hochhausrichtlinien-UP_Umwelt-perspektiven.jpg\",\"contentUrl\":\"https:\\\/\\\/www.organisator.ch\\\/wp-content\\\/uploads\\\/2019\\\/08\\\/Stadt-Zuerich-Hochhausrichtlinien-UP_Umwelt-perspektiven.jpg\",\"width\":640,\"height\":427,\"caption\":\"Die geltenden Hochhausrichtlinien sowie die in der Bau- und Zonenordnung festgelegten Hochhausgebiete sollen vor dem Hintergrund der aktuellen Wachstumsprognosen und Entwicklungstendenzen \u00fcberpr\u00fcft und aktualisiert werden. (Bild: Stadt Z\u00fcrich)\"},{\"@type\":\"BreadcrumbList\",\"@id\":\"https:\\\/\\\/www.organisator.ch\\\/sustainability\\\/2019-08-27\\\/aktualisierung-der-hochhausrichtlinien-der-stadt-zuerich\\\/#breadcrumb\",\"itemListElement\":[{\"@type\":\"ListItem\",\"position\":1,\"name\":\"Home\",\"item\":\"https:\\\/\\\/www.organisator.ch\\\/\"},{\"@type\":\"ListItem\",\"position\":2,\"name\":\"Aktualisierung der Hochhausrichtlinien\"}]},{\"@type\":\"WebSite\",\"@id\":\"https:\\\/\\\/www.organisator.ch\\\/#website\",\"url\":\"https:\\\/\\\/www.organisator.ch\\\/\",\"name\":\"Organisator\",\"description\":\"Kompetent. Praxisnah. Der ORGANISATOR bereitet in 10 Ausgaben pro Jahr die wesentlichen Themen f\u00fcr F\u00fchrungskr\u00e4fte von KMU auf.\",\"publisher\":{\"@id\":\"https:\\\/\\\/www.organisator.ch\\\/#organization\"},\"potentialAction\":[{\"@type\":\"SearchAction\",\"target\":{\"@type\":\"EntryPoint\",\"urlTemplate\":\"https:\\\/\\\/www.organisator.ch\\\/?s={search_term_string}\"},\"query-input\":{\"@type\":\"PropertyValueSpecification\",\"valueRequired\":true,\"valueName\":\"search_term_string\"}}],\"inLanguage\":\"it-IT\"},{\"@type\":\"Organization\",\"@id\":\"https:\\\/\\\/www.organisator.ch\\\/#organization\",\"name\":\"Organisator\",\"url\":\"https:\\\/\\\/www.organisator.ch\\\/\",\"logo\":{\"@type\":\"ImageObject\",\"inLanguage\":\"it-IT\",\"@id\":\"https:\\\/\\\/www.organisator.ch\\\/#\\\/schema\\\/logo\\\/image\\\/\",\"url\":\"https:\\\/\\\/www.organisator.ch\\\/wp-content\\\/uploads\\\/2022\\\/01\\\/Logo_Organisator_Website.png\",\"contentUrl\":\"https:\\\/\\\/www.organisator.ch\\\/wp-content\\\/uploads\\\/2022\\\/01\\\/Logo_Organisator_Website.png\",\"width\":800,\"height\":77,\"caption\":\"Organisator\"},\"image\":{\"@id\":\"https:\\\/\\\/www.organisator.ch\\\/#\\\/schema\\\/logo\\\/image\\\/\"},\"sameAs\":[\"https:\\\/\\\/www.facebook.com\\\/OrganisatorFachmagazin\",\"https:\\\/\\\/www.linkedin.com\\\/showcase\\\/organisator-das-magazin-fr-kmu\",\"https:\\\/\\\/www.xing.com\\\/news\\\/pages\\\/organisator-ch-695\",\"https:\\\/\\\/www.youtube.com\\\/channel\\\/UCGP2Sq0iWaZwT3BdIAQFYpw\"]},{\"@type\":\"Person\",\"@id\":\"https:\\\/\\\/www.organisator.ch\\\/#\\\/schema\\\/person\\\/134708ca9321c57b0362cceb7948ffbd\",\"name\":\"michael.merz\",\"image\":{\"@type\":\"ImageObject\",\"inLanguage\":\"it-IT\",\"@id\":\"https:\\\/\\\/secure.gravatar.com\\\/avatar\\\/?s=96&d=mm&r=g\",\"url\":\"https:\\\/\\\/secure.gravatar.com\\\/avatar\\\/?s=96&d=mm&r=g\",\"contentUrl\":\"https:\\\/\\\/secure.gravatar.com\\\/avatar\\\/?s=96&d=mm&r=g\",\"caption\":\"michael.merz\"},\"url\":\"https:\\\/\\\/www.organisator.ch\\\/it\\\/author\\\/michael-merz\\\/\"}]}<\/script>\n<!-- \/ Yoast SEO plugin. -->","yoast_head_json":{"title":"Aggiornamento delle linee guida per gli edifici alti - Organizzatore","description":"L'Ufficio di pianificazione urbana sta cercando diversi gruppi interdisciplinari per una procedura di studio per la revisione e l'aggiornamento delle linee guida sui grattacieli.","robots":{"index":"index","follow":"follow","max-snippet":"max-snippet:-1","max-image-preview":"max-image-preview:large","max-video-preview":"max-video-preview:-1"},"canonical":"https:\/\/www.organisator.ch\/it\/sostenibilita\/2019-08-27\/aktualisierung-der-hochhausrichtlinien-der-stadt-zuerich\/","og_locale":"it_IT","og_type":"article","og_title":"Aktualisierung der Hochhausrichtlinien - Organisator","og_description":"Das Amt f\u00fcr St\u00e4dtebau sucht f\u00fcr ein Studienverfahren zur \u00dcberpr\u00fcfung und Aktualisierung der Hochhausrichtlinien mehrere interdisziplin\u00e4re Teams","og_url":"https:\/\/www.organisator.ch\/it\/sostenibilita\/2019-08-27\/aktualisierung-der-hochhausrichtlinien-der-stadt-zuerich\/","og_site_name":"Organisator","article_publisher":"https:\/\/www.facebook.com\/OrganisatorFachmagazin","article_published_time":"2019-08-27T15:20:04+00:00","article_modified_time":"2022-02-09T10:10:04+00:00","og_image":[{"width":640,"height":427,"url":"https:\/\/www.organisator.ch\/wp-content\/uploads\/2019\/08\/Stadt-Zuerich-Hochhausrichtlinien-UP_Umwelt-perspektiven.jpg","type":"image\/jpeg"}],"author":"michael.merz","twitter_card":"summary_large_image","schema":{"@context":"https:\/\/schema.org","@graph":[{"@type":"Article","@id":"https:\/\/www.organisator.ch\/sustainability\/2019-08-27\/aktualisierung-der-hochhausrichtlinien-der-stadt-zuerich\/#article","isPartOf":{"@id":"https:\/\/www.organisator.ch\/sustainability\/2019-08-27\/aktualisierung-der-hochhausrichtlinien-der-stadt-zuerich\/"},"author":{"name":"michael.merz","@id":"https:\/\/www.organisator.ch\/#\/schema\/person\/134708ca9321c57b0362cceb7948ffbd"},"headline":"Aktualisierung der Hochhausrichtlinien","datePublished":"2019-08-27T15:20:04+00:00","dateModified":"2022-02-09T10:10:04+00:00","mainEntityOfPage":{"@id":"https:\/\/www.organisator.ch\/sustainability\/2019-08-27\/aktualisierung-der-hochhausrichtlinien-der-stadt-zuerich\/"},"wordCount":305,"commentCount":0,"publisher":{"@id":"https:\/\/www.organisator.ch\/#organization"},"image":{"@id":"https:\/\/www.organisator.ch\/sustainability\/2019-08-27\/aktualisierung-der-hochhausrichtlinien-der-stadt-zuerich\/#primaryimage"},"thumbnailUrl":"https:\/\/www.organisator.ch\/wp-content\/uploads\/2019\/08\/Stadt-Zuerich-Hochhausrichtlinien-UP_Umwelt-perspektiven.jpg","keywords":["3-D-Modellierung","Geb\u00e4udeplanung","Hochhaus","Planer","Studie"],"articleSection":["SUSTAINABILITY"],"inLanguage":"it-IT"},{"@type":"WebPage","@id":"https:\/\/www.organisator.ch\/sustainability\/2019-08-27\/aktualisierung-der-hochhausrichtlinien-der-stadt-zuerich\/","url":"https:\/\/www.organisator.ch\/sustainability\/2019-08-27\/aktualisierung-der-hochhausrichtlinien-der-stadt-zuerich\/","name":"Aggiornamento delle linee guida per gli edifici alti - Organizzatore","isPartOf":{"@id":"https:\/\/www.organisator.ch\/#website"},"primaryImageOfPage":{"@id":"https:\/\/www.organisator.ch\/sustainability\/2019-08-27\/aktualisierung-der-hochhausrichtlinien-der-stadt-zuerich\/#primaryimage"},"image":{"@id":"https:\/\/www.organisator.ch\/sustainability\/2019-08-27\/aktualisierung-der-hochhausrichtlinien-der-stadt-zuerich\/#primaryimage"},"thumbnailUrl":"https:\/\/www.organisator.ch\/wp-content\/uploads\/2019\/08\/Stadt-Zuerich-Hochhausrichtlinien-UP_Umwelt-perspektiven.jpg","datePublished":"2019-08-27T15:20:04+00:00","dateModified":"2022-02-09T10:10:04+00:00","description":"L'Ufficio di pianificazione urbana sta cercando diversi gruppi interdisciplinari per una procedura di studio per la revisione e l'aggiornamento delle linee guida sui grattacieli.","breadcrumb":{"@id":"https:\/\/www.organisator.ch\/sustainability\/2019-08-27\/aktualisierung-der-hochhausrichtlinien-der-stadt-zuerich\/#breadcrumb"},"inLanguage":"it-IT","potentialAction":[{"@type":"ReadAction","target":["https:\/\/www.organisator.ch\/sustainability\/2019-08-27\/aktualisierung-der-hochhausrichtlinien-der-stadt-zuerich\/"]}]},{"@type":"ImageObject","inLanguage":"it-IT","@id":"https:\/\/www.organisator.ch\/sustainability\/2019-08-27\/aktualisierung-der-hochhausrichtlinien-der-stadt-zuerich\/#primaryimage","url":"https:\/\/www.organisator.ch\/wp-content\/uploads\/2019\/08\/Stadt-Zuerich-Hochhausrichtlinien-UP_Umwelt-perspektiven.jpg","contentUrl":"https:\/\/www.organisator.ch\/wp-content\/uploads\/2019\/08\/Stadt-Zuerich-Hochhausrichtlinien-UP_Umwelt-perspektiven.jpg","width":640,"height":427,"caption":"Die geltenden Hochhausrichtlinien sowie die in der Bau- und Zonenordnung festgelegten Hochhausgebiete sollen vor dem Hintergrund der aktuellen Wachstumsprognosen und Entwicklungstendenzen \u00fcberpr\u00fcft und aktualisiert werden. (Bild: Stadt Z\u00fcrich)"},{"@type":"BreadcrumbList","@id":"https:\/\/www.organisator.ch\/sustainability\/2019-08-27\/aktualisierung-der-hochhausrichtlinien-der-stadt-zuerich\/#breadcrumb","itemListElement":[{"@type":"ListItem","position":1,"name":"Home","item":"https:\/\/www.organisator.ch\/"},{"@type":"ListItem","position":2,"name":"Aktualisierung der Hochhausrichtlinien"}]},{"@type":"WebSite","@id":"https:\/\/www.organisator.ch\/#website","url":"https:\/\/www.organisator.ch\/","name":"Organizzatore","description":"Competente. Pratico. In 10 numeri all'anno, ORGANISATOR presenta i temi essenziali per i manager delle PMI.","publisher":{"@id":"https:\/\/www.organisator.ch\/#organization"},"potentialAction":[{"@type":"SearchAction","target":{"@type":"EntryPoint","urlTemplate":"https:\/\/www.organisator.ch\/?s={search_term_string}"},"query-input":{"@type":"PropertyValueSpecification","valueRequired":true,"valueName":"search_term_string"}}],"inLanguage":"it-IT"},{"@type":"Organization","@id":"https:\/\/www.organisator.ch\/#organization","name":"Organizzatore","url":"https:\/\/www.organisator.ch\/","logo":{"@type":"ImageObject","inLanguage":"it-IT","@id":"https:\/\/www.organisator.ch\/#\/schema\/logo\/image\/","url":"https:\/\/www.organisator.ch\/wp-content\/uploads\/2022\/01\/Logo_Organisator_Website.png","contentUrl":"https:\/\/www.organisator.ch\/wp-content\/uploads\/2022\/01\/Logo_Organisator_Website.png","width":800,"height":77,"caption":"Organisator"},"image":{"@id":"https:\/\/www.organisator.ch\/#\/schema\/logo\/image\/"},"sameAs":["https:\/\/www.facebook.com\/OrganisatorFachmagazin","https:\/\/www.linkedin.com\/showcase\/organisator-das-magazin-fr-kmu","https:\/\/www.xing.com\/news\/pages\/organisator-ch-695","https:\/\/www.youtube.com\/channel\/UCGP2Sq0iWaZwT3BdIAQFYpw"]},{"@type":"Person","@id":"https:\/\/www.organisator.ch\/#\/schema\/person\/134708ca9321c57b0362cceb7948ffbd","name":"michael.merz","image":{"@type":"ImageObject","inLanguage":"it-IT","@id":"https:\/\/secure.gravatar.com\/avatar\/?s=96&d=mm&r=g","url":"https:\/\/secure.gravatar.com\/avatar\/?s=96&d=mm&r=g","contentUrl":"https:\/\/secure.gravatar.com\/avatar\/?s=96&d=mm&r=g","caption":"michael.merz"},"url":"https:\/\/www.organisator.ch\/it\/author\/michael-merz\/"}]}},"_links":{"self":[{"href":"https:\/\/www.organisator.ch\/it\/wp-json\/wp\/v2\/posts\/2408","targetHints":{"allow":["GET"]}}],"collection":[{"href":"https:\/\/www.organisator.ch\/it\/wp-json\/wp\/v2\/posts"}],"about":[{"href":"https:\/\/www.organisator.ch\/it\/wp-json\/wp\/v2\/types\/post"}],"author":[{"embeddable":true,"href":"https:\/\/www.organisator.ch\/it\/wp-json\/wp\/v2\/users\/5"}],"replies":[{"embeddable":true,"href":"https:\/\/www.organisator.ch\/it\/wp-json\/wp\/v2\/comments?post=2408"}],"version-history":[{"count":1,"href":"https:\/\/www.organisator.ch\/it\/wp-json\/wp\/v2\/posts\/2408\/revisions"}],"predecessor-version":[{"id":10885,"href":"https:\/\/www.organisator.ch\/it\/wp-json\/wp\/v2\/posts\/2408\/revisions\/10885"}],"wp:featuredmedia":[{"embeddable":true,"href":"https:\/\/www.organisator.ch\/it\/wp-json\/wp\/v2\/media\/2411"}],"wp:attachment":[{"href":"https:\/\/www.organisator.ch\/it\/wp-json\/wp\/v2\/media?parent=2408"}],"wp:term":[{"taxonomy":"category","embeddable":true,"href":"https:\/\/www.organisator.ch\/it\/wp-json\/wp\/v2\/categories?post=2408"},{"taxonomy":"post_tag","embeddable":true,"href":"https:\/\/www.organisator.ch\/it\/wp-json\/wp\/v2\/tags?post=2408"}],"curies":[{"name":"wp","href":"https:\/\/api.w.org\/{rel}","templated":true}]}}