{"id":2419,"date":"2017-09-11T11:08:20","date_gmt":"2017-09-11T09:08:20","guid":{"rendered":"https:\/\/www.organisator.ch\/?p=2419"},"modified":"2017-09-11T11:08:20","modified_gmt":"2017-09-11T09:08:20","slug":"visionaere-stehen-immer-wieder-auf","status":"publish","type":"post","link":"https:\/\/www.organisator.ch\/it\/management\/2017-09-11\/visionaere-stehen-immer-wieder-auf\/","title":{"rendered":"I visionari si rialzano sempre di pi\u00f9"},"content":{"rendered":"<figure id=\"attachment_2421\" aria-describedby=\"caption-attachment-2421\" style=\"width: 640px\" class=\"wp-caption alignnone\"><img loading=\"lazy\" decoding=\"async\" class=\"size-full wp-image-2421\" src=\"https:\/\/www.organisator.ch\/wp-content\/uploads\/2017\/09\/Visionaere-stehen-immer-wieder-auf_Organisator.jpg\" alt=\"\" width=\"640\" height=\"360\" srcset=\"https:\/\/www.organisator.ch\/wp-content\/uploads\/2017\/09\/Visionaere-stehen-immer-wieder-auf_Organisator.jpg 640w, https:\/\/www.organisator.ch\/wp-content\/uploads\/2017\/09\/Visionaere-stehen-immer-wieder-auf_Organisator-16x9.jpg 16w, https:\/\/www.organisator.ch\/wp-content\/uploads\/2017\/09\/Visionaere-stehen-immer-wieder-auf_Organisator-311x175.jpg 311w, https:\/\/www.organisator.ch\/wp-content\/uploads\/2017\/09\/Visionaere-stehen-immer-wieder-auf_Organisator-622x350.jpg 622w, https:\/\/www.organisator.ch\/wp-content\/uploads\/2017\/09\/Visionaere-stehen-immer-wieder-auf_Organisator-300x169.jpg 300w\" sizes=\"auto, (max-width: 640px) 100vw, 640px\" \/><figcaption id=\"caption-attachment-2421\" class=\"wp-caption-text\">Imprenditori e visionari: i partecipanti al KMU Swiss Podium del 7 settembre 2017 (immagine: KMU Swiss).<\/figcaption><\/figure>\n<p>Un tema appassionante ha attirato oltre 300 rappresentanti delle imprese sul podio di KMU SWISS nella Campus Hall di Brugg-Windisch gioved\u00ec 7 settembre 2017. In tre interventi e una tavola rotonda, gli imprenditori di successo hanno fornito una panoramica della loro carriera e hanno raccontato cosa serve per realizzare una visione. Rappresentativa per tutti \u00e8 stata l'affermazione di Robert Nussbaumer: \"I visionari si rialzano sempre. \u00c8 una questione di: perseverare. Continuate cos\u00ec. Vincere\".<\/p>\n<h2><strong>I visionari decollano<\/strong><\/h2>\n<p>Il relatore, formatore e autore Robert Nussbaumer \u00e8 convinto che i visionari debbano avere il \"gene della perseveranza\". Nella sua prima presentazione ha sottolineato che non basta avere un sogno, bisogna anche agire. Ma molti hanno paura del fallimento, degli ostacoli da superare, oppure non sono abbastanza motivati. Il secondo oratore Roland Brack (Brack.ch) si \u00e8 detto d'accordo e ha aggiunto che ci vuole molto coraggio per realizzare una visione: \"All'inizio mi hanno sempre dato del pazzo quando ho preso le mie decisioni pi\u00f9 importanti\". All'inizio forniva ai clienti prodotti elettronici dalla soffitta della casa dei genitori. Oggi nella sua azienda lavorano 550 dipendenti e il negozio online contiene 150.000 articoli. Nella sua ultima presentazione, Oliver Furrer ha dimostrato che si pu\u00f2 letteralmente decollare con le visioni. Il pluricampione del mondo e detentore di record di paracadutismo si sta avvicinando al suo sogno di \"volare come un uccello\" passo dopo passo. Oltre al suo lavoro come CCO della compagnia aerea SkyWork di Berna, nei fine settimana salta dalle scogliere con la cosiddetta tuta alare e contribuisce a migliorare la tuta alare.<\/p>\n<h2><strong>Divertimento e passione per una causa<\/strong><\/h2>\n<p>Nella seconda parte del KMU SWISS Podium, la presentatrice Tamara Sedmak ha dato il benvenuto sul palco alla leggendaria Hausi Leutenegger. Il campione olimpico di bob a quattro, attore cinematografico e fondatore della Hans Leutenegger AG ha raccontato al pubblico in modo estremamente divertente come nella sua carriera non abbia mai guardato \"a destra o a sinistra\" e sia sempre andato per la sua strada. Oggi la sua azienda impiega circa 1.000 persone. Leutenegger ha consigliato ai partecipanti di trattare con le persone in modo amichevole, di avere un orecchio aperto alle preoccupazioni dei dipendenti e di fidarsi di loro. Inoltre, un imprenditore dovrebbe essere aperto e comunicativo e guardare sempre avanti.<\/p>\n<p>Anche Marc Gianola ha fatto il salto dallo sport al business. Il quattro volte campione svizzero di hockey e presidente OC della Spengler Cup Davos vede negli atleti di punta i presupposti per realizzare le proprie visioni. Gli atleti devono essere ambiziosi, determinati e persistenti per prevalere in un ambiente difficile. Robert Nussbaumer e Oliver Furrer si sono uniti nuovamente a noi per la tavola rotonda finale. Tutti hanno discusso animatamente sul comportamento visionario e hanno sottolineato che, oltre alla visione, sono necessari soprattutto il divertimento e la passione per la causa. Questi aiutano a raggiungere la resistenza necessaria quando le cose non vanno secondo i piani. Dopotutto, tutti cadono in faccia una volta ogni tanto, fa parte del gioco.<\/p>\n<h2><strong>\u00a0<\/strong><strong>stabilire contatti<\/strong><\/h2>\n<p>Il KMU SWISS Podium, che tradizionalmente si svolge una volta all'anno a settembre, non vive solo degli interventi e delle tavole rotonde. Altrettanto importanti per i manager e gli imprenditori sono gli incontri durante le pause, presso gli stand dei 35 espositori o alla cena successiva. L\u00ec si creano e si coltivano contatti preziosi. Gli ospiti filosofeggiano sulle visioni e chiss\u00e0, forse una o l'altra idea verr\u00e0 realizzata. In ogni caso, vale lo stesso discorso: restate sintonizzati!<\/p>\n<p><em>Ulteriori informazioni: <a href=\"http:\/\/www.kmuswiss.ch\">PMI svizzera<\/a><\/em><\/p>","protected":false},"excerpt":{"rendered":"<p>Ein spannendes Thema hat am Donnerstag, 7. September 2017,\u00a0\u00fcber 300 Wirtschaftsvertreter an das KMU SWISS Podium in den Campussaal nach Brugg-Windisch gelockt. In drei Referaten und einem Podiumsgespr\u00e4ch gaben erfolgreiche Unternehmer Einblick in ihre Karrieren und berichteten dar\u00fcber, was es braucht, um eine Vision zu verwirklichen. Stellvertretend f\u00fcr alle war die Aussage von Robert Nussbaumer: [&hellip;]<\/p>\n","protected":false},"author":4,"featured_media":2421,"comment_status":"open","ping_status":"open","sticky":false,"template":"","format":"standard","meta":{"_acf_changed":false,"_yoast_wpseo_focuskw":"Vision\u00e4re","_yoast_wpseo_metadesc":"Am KMU SWISS Podium in Brugg-Windisch erz\u00e4hlten Unternehmer und Vision\u00e4re wie Roland Brack (Brack.ch) oder Hausi Leutenegger von ihrem Weg zum Erfolg.","articlekey":"","footnotes":""},"categories":[28],"tags":[335,492,502,508],"class_list":["post-2419","post","type-post","status-publish","format-standard","has-post-thumbnail","hentry","category-management","tag-management-und-unternehmensfuehrung","tag-unternehmen","tag-veranstaltungen","tag-vermischtes"],"acf":[],"yoast_head":"<!-- This site is optimized with the Yoast SEO plugin v27.5 - https:\/\/yoast.com\/product\/yoast-seo-wordpress\/ -->\n<title>Vision\u00e4re stehen immer wieder auf - Organisator<\/title>\n<meta name=\"description\" content=\"Am KMU SWISS Podium in Brugg-Windisch erz\u00e4hlten Unternehmer und Vision\u00e4re wie Roland Brack (Brack.ch) oder Hausi Leutenegger von ihrem Weg zum Erfolg.\" \/>\n<meta name=\"robots\" content=\"index, follow, max-snippet:-1, max-image-preview:large, max-video-preview:-1\" \/>\n<link rel=\"canonical\" href=\"https:\/\/www.organisator.ch\/it\/gestione-2\/2017-09-11\/visionaere-stehen-immer-wieder-auf\/\" \/>\n<meta property=\"og:locale\" content=\"it_IT\" \/>\n<meta property=\"og:type\" content=\"article\" \/>\n<meta property=\"og:title\" content=\"Vision\u00e4re stehen immer wieder auf\" \/>\n<meta property=\"og:description\" content=\"Am KMU SWISS Podium in Brugg-Windisch vom 7. September 2017 ist das Thema \u201eVision\u00e4res Verhalten\u201c auf grosses Interesse gestossen.\" \/>\n<meta property=\"og:url\" content=\"https:\/\/www.organisator.ch\/it\/gestione-2\/2017-09-11\/visionaere-stehen-immer-wieder-auf\/\" \/>\n<meta property=\"og:site_name\" content=\"Organisator\" \/>\n<meta property=\"article:publisher\" content=\"https:\/\/www.facebook.com\/OrganisatorFachmagazin\" \/>\n<meta property=\"article:published_time\" content=\"2017-09-11T09:08:20+00:00\" \/>\n<meta property=\"og:image\" content=\"https:\/\/www.organisator.ch\/wp-content\/uploads\/2017\/09\/Visionaere-stehen-immer-wieder-auf_Organisator.jpg\" \/>\n\t<meta property=\"og:image:width\" content=\"640\" \/>\n\t<meta property=\"og:image:height\" content=\"360\" \/>\n\t<meta property=\"og:image:type\" content=\"image\/jpeg\" \/>\n<meta name=\"author\" content=\"thomas.berner\" \/>\n<meta name=\"twitter:card\" content=\"summary_large_image\" \/>\n<meta name=\"twitter:title\" content=\"#Vision\u00e4re stehen immer wieder auf\" \/>\n<meta name=\"twitter:description\" content=\"Am KMU SWISS Podium in Brugg-Windisch vom 7. September 2017 ist das Thema \u201eVision\u00e4res Verhalten\u201c auf grosses Interesse gestossen.\" \/>\n<meta name=\"twitter:image\" content=\"https:\/\/www.organisator.ch\/wp-content\/uploads\/2017\/09\/Vision\u00e4re-stehen-immer-wieder-auf_Organisator.jpg\" \/>\n<script type=\"application\/ld+json\" class=\"yoast-schema-graph\">{\"@context\":\"https:\\\/\\\/schema.org\",\"@graph\":[{\"@type\":\"Article\",\"@id\":\"https:\\\/\\\/www.organisator.ch\\\/management\\\/2017-09-11\\\/visionaere-stehen-immer-wieder-auf\\\/#article\",\"isPartOf\":{\"@id\":\"https:\\\/\\\/www.organisator.ch\\\/management\\\/2017-09-11\\\/visionaere-stehen-immer-wieder-auf\\\/\"},\"author\":{\"name\":\"thomas.berner\",\"@id\":\"https:\\\/\\\/www.organisator.ch\\\/#\\\/schema\\\/person\\\/6f650f90b2842cd4c0cc334b4e36f67e\"},\"headline\":\"Vision\u00e4re stehen immer wieder auf\",\"datePublished\":\"2017-09-11T09:08:20+00:00\",\"mainEntityOfPage\":{\"@id\":\"https:\\\/\\\/www.organisator.ch\\\/management\\\/2017-09-11\\\/visionaere-stehen-immer-wieder-auf\\\/\"},\"wordCount\":593,\"commentCount\":0,\"publisher\":{\"@id\":\"https:\\\/\\\/www.organisator.ch\\\/#organization\"},\"image\":{\"@id\":\"https:\\\/\\\/www.organisator.ch\\\/management\\\/2017-09-11\\\/visionaere-stehen-immer-wieder-auf\\\/#primaryimage\"},\"thumbnailUrl\":\"https:\\\/\\\/www.organisator.ch\\\/wp-content\\\/uploads\\\/2017\\\/09\\\/Visionaere-stehen-immer-wieder-auf_Organisator.jpg\",\"keywords\":[\"Management und Unternehmensf\u00fchrung\",\"Unternehmen\",\"Veranstaltungen\",\"Vermischtes\"],\"articleSection\":[\"MANAGEMENT\"],\"inLanguage\":\"it-IT\"},{\"@type\":\"WebPage\",\"@id\":\"https:\\\/\\\/www.organisator.ch\\\/management\\\/2017-09-11\\\/visionaere-stehen-immer-wieder-auf\\\/\",\"url\":\"https:\\\/\\\/www.organisator.ch\\\/management\\\/2017-09-11\\\/visionaere-stehen-immer-wieder-auf\\\/\",\"name\":\"Vision\u00e4re stehen immer wieder auf - Organisator\",\"isPartOf\":{\"@id\":\"https:\\\/\\\/www.organisator.ch\\\/#website\"},\"primaryImageOfPage\":{\"@id\":\"https:\\\/\\\/www.organisator.ch\\\/management\\\/2017-09-11\\\/visionaere-stehen-immer-wieder-auf\\\/#primaryimage\"},\"image\":{\"@id\":\"https:\\\/\\\/www.organisator.ch\\\/management\\\/2017-09-11\\\/visionaere-stehen-immer-wieder-auf\\\/#primaryimage\"},\"thumbnailUrl\":\"https:\\\/\\\/www.organisator.ch\\\/wp-content\\\/uploads\\\/2017\\\/09\\\/Visionaere-stehen-immer-wieder-auf_Organisator.jpg\",\"datePublished\":\"2017-09-11T09:08:20+00:00\",\"description\":\"Am KMU SWISS Podium in Brugg-Windisch erz\u00e4hlten Unternehmer und Vision\u00e4re wie Roland Brack (Brack.ch) oder Hausi Leutenegger von ihrem Weg zum Erfolg.\",\"breadcrumb\":{\"@id\":\"https:\\\/\\\/www.organisator.ch\\\/management\\\/2017-09-11\\\/visionaere-stehen-immer-wieder-auf\\\/#breadcrumb\"},\"inLanguage\":\"it-IT\",\"potentialAction\":[{\"@type\":\"ReadAction\",\"target\":[\"https:\\\/\\\/www.organisator.ch\\\/management\\\/2017-09-11\\\/visionaere-stehen-immer-wieder-auf\\\/\"]}]},{\"@type\":\"ImageObject\",\"inLanguage\":\"it-IT\",\"@id\":\"https:\\\/\\\/www.organisator.ch\\\/management\\\/2017-09-11\\\/visionaere-stehen-immer-wieder-auf\\\/#primaryimage\",\"url\":\"https:\\\/\\\/www.organisator.ch\\\/wp-content\\\/uploads\\\/2017\\\/09\\\/Visionaere-stehen-immer-wieder-auf_Organisator.jpg\",\"contentUrl\":\"https:\\\/\\\/www.organisator.ch\\\/wp-content\\\/uploads\\\/2017\\\/09\\\/Visionaere-stehen-immer-wieder-auf_Organisator.jpg\",\"width\":640,\"height\":360,\"caption\":\"Unternehmer und Vision\u00e4re: Die Teilnehmer des KMU Swiss Podium vom 7. September 2017. (Bild: KMU Swiss)\"},{\"@type\":\"BreadcrumbList\",\"@id\":\"https:\\\/\\\/www.organisator.ch\\\/management\\\/2017-09-11\\\/visionaere-stehen-immer-wieder-auf\\\/#breadcrumb\",\"itemListElement\":[{\"@type\":\"ListItem\",\"position\":1,\"name\":\"Home\",\"item\":\"https:\\\/\\\/www.organisator.ch\\\/\"},{\"@type\":\"ListItem\",\"position\":2,\"name\":\"Vision\u00e4re stehen immer wieder auf\"}]},{\"@type\":\"WebSite\",\"@id\":\"https:\\\/\\\/www.organisator.ch\\\/#website\",\"url\":\"https:\\\/\\\/www.organisator.ch\\\/\",\"name\":\"Organisator\",\"description\":\"Kompetent. Praxisnah. Der ORGANISATOR bereitet in 10 Ausgaben pro Jahr die wesentlichen Themen f\u00fcr F\u00fchrungskr\u00e4fte von KMU auf.\",\"publisher\":{\"@id\":\"https:\\\/\\\/www.organisator.ch\\\/#organization\"},\"potentialAction\":[{\"@type\":\"SearchAction\",\"target\":{\"@type\":\"EntryPoint\",\"urlTemplate\":\"https:\\\/\\\/www.organisator.ch\\\/?s={search_term_string}\"},\"query-input\":{\"@type\":\"PropertyValueSpecification\",\"valueRequired\":true,\"valueName\":\"search_term_string\"}}],\"inLanguage\":\"it-IT\"},{\"@type\":\"Organization\",\"@id\":\"https:\\\/\\\/www.organisator.ch\\\/#organization\",\"name\":\"Organisator\",\"url\":\"https:\\\/\\\/www.organisator.ch\\\/\",\"logo\":{\"@type\":\"ImageObject\",\"inLanguage\":\"it-IT\",\"@id\":\"https:\\\/\\\/www.organisator.ch\\\/#\\\/schema\\\/logo\\\/image\\\/\",\"url\":\"https:\\\/\\\/www.organisator.ch\\\/wp-content\\\/uploads\\\/2022\\\/01\\\/Logo_Organisator_Website.png\",\"contentUrl\":\"https:\\\/\\\/www.organisator.ch\\\/wp-content\\\/uploads\\\/2022\\\/01\\\/Logo_Organisator_Website.png\",\"width\":800,\"height\":77,\"caption\":\"Organisator\"},\"image\":{\"@id\":\"https:\\\/\\\/www.organisator.ch\\\/#\\\/schema\\\/logo\\\/image\\\/\"},\"sameAs\":[\"https:\\\/\\\/www.facebook.com\\\/OrganisatorFachmagazin\",\"https:\\\/\\\/www.linkedin.com\\\/showcase\\\/organisator-das-magazin-fr-kmu\",\"https:\\\/\\\/www.xing.com\\\/news\\\/pages\\\/organisator-ch-695\",\"https:\\\/\\\/www.youtube.com\\\/channel\\\/UCGP2Sq0iWaZwT3BdIAQFYpw\"]},{\"@type\":\"Person\",\"@id\":\"https:\\\/\\\/www.organisator.ch\\\/#\\\/schema\\\/person\\\/6f650f90b2842cd4c0cc334b4e36f67e\",\"name\":\"thomas.berner\",\"image\":{\"@type\":\"ImageObject\",\"inLanguage\":\"it-IT\",\"@id\":\"https:\\\/\\\/secure.gravatar.com\\\/avatar\\\/ac5001d2a36cb6c6cd3e50789007ffca834b477b74a2144564522e944eabff61?s=96&d=mm&r=g\",\"url\":\"https:\\\/\\\/secure.gravatar.com\\\/avatar\\\/ac5001d2a36cb6c6cd3e50789007ffca834b477b74a2144564522e944eabff61?s=96&d=mm&r=g\",\"contentUrl\":\"https:\\\/\\\/secure.gravatar.com\\\/avatar\\\/ac5001d2a36cb6c6cd3e50789007ffca834b477b74a2144564522e944eabff61?s=96&d=mm&r=g\",\"caption\":\"thomas.berner\"},\"url\":\"https:\\\/\\\/www.organisator.ch\\\/it\\\/author\\\/thomas-berner\\\/\"}]}<\/script>\n<!-- \/ Yoast SEO plugin. -->","yoast_head_json":{"title":"I visionari si alzano sempre - Organizzatore","description":"Al panel di KMU SWISS a Brugg-Windisch, imprenditori e visionari come Roland Brack (Brack.ch) e Hausi Leutenegger hanno raccontato il loro percorso verso il successo.","robots":{"index":"index","follow":"follow","max-snippet":"max-snippet:-1","max-image-preview":"max-image-preview:large","max-video-preview":"max-video-preview:-1"},"canonical":"https:\/\/www.organisator.ch\/it\/gestione-2\/2017-09-11\/visionaere-stehen-immer-wieder-auf\/","og_locale":"it_IT","og_type":"article","og_title":"Vision\u00e4re stehen immer wieder auf","og_description":"Am KMU SWISS Podium in Brugg-Windisch vom 7. September 2017 ist das Thema \u201eVision\u00e4res Verhalten\u201c auf grosses Interesse gestossen.","og_url":"https:\/\/www.organisator.ch\/it\/gestione-2\/2017-09-11\/visionaere-stehen-immer-wieder-auf\/","og_site_name":"Organisator","article_publisher":"https:\/\/www.facebook.com\/OrganisatorFachmagazin","article_published_time":"2017-09-11T09:08:20+00:00","og_image":[{"width":640,"height":360,"url":"https:\/\/www.organisator.ch\/wp-content\/uploads\/2017\/09\/Visionaere-stehen-immer-wieder-auf_Organisator.jpg","type":"image\/jpeg"}],"author":"thomas.berner","twitter_card":"summary_large_image","twitter_title":"#Vision\u00e4re stehen immer wieder auf","twitter_description":"Am KMU SWISS Podium in Brugg-Windisch vom 7. September 2017 ist das Thema \u201eVision\u00e4res Verhalten\u201c auf grosses Interesse gestossen.","twitter_image":"https:\/\/www.organisator.ch\/wp-content\/uploads\/2017\/09\/Vision\u00e4re-stehen-immer-wieder-auf_Organisator.jpg","schema":{"@context":"https:\/\/schema.org","@graph":[{"@type":"Article","@id":"https:\/\/www.organisator.ch\/management\/2017-09-11\/visionaere-stehen-immer-wieder-auf\/#article","isPartOf":{"@id":"https:\/\/www.organisator.ch\/management\/2017-09-11\/visionaere-stehen-immer-wieder-auf\/"},"author":{"name":"thomas.berner","@id":"https:\/\/www.organisator.ch\/#\/schema\/person\/6f650f90b2842cd4c0cc334b4e36f67e"},"headline":"Vision\u00e4re stehen immer wieder auf","datePublished":"2017-09-11T09:08:20+00:00","mainEntityOfPage":{"@id":"https:\/\/www.organisator.ch\/management\/2017-09-11\/visionaere-stehen-immer-wieder-auf\/"},"wordCount":593,"commentCount":0,"publisher":{"@id":"https:\/\/www.organisator.ch\/#organization"},"image":{"@id":"https:\/\/www.organisator.ch\/management\/2017-09-11\/visionaere-stehen-immer-wieder-auf\/#primaryimage"},"thumbnailUrl":"https:\/\/www.organisator.ch\/wp-content\/uploads\/2017\/09\/Visionaere-stehen-immer-wieder-auf_Organisator.jpg","keywords":["Management und Unternehmensf\u00fchrung","Unternehmen","Veranstaltungen","Vermischtes"],"articleSection":["MANAGEMENT"],"inLanguage":"it-IT"},{"@type":"WebPage","@id":"https:\/\/www.organisator.ch\/management\/2017-09-11\/visionaere-stehen-immer-wieder-auf\/","url":"https:\/\/www.organisator.ch\/management\/2017-09-11\/visionaere-stehen-immer-wieder-auf\/","name":"I visionari si alzano sempre - Organizzatore","isPartOf":{"@id":"https:\/\/www.organisator.ch\/#website"},"primaryImageOfPage":{"@id":"https:\/\/www.organisator.ch\/management\/2017-09-11\/visionaere-stehen-immer-wieder-auf\/#primaryimage"},"image":{"@id":"https:\/\/www.organisator.ch\/management\/2017-09-11\/visionaere-stehen-immer-wieder-auf\/#primaryimage"},"thumbnailUrl":"https:\/\/www.organisator.ch\/wp-content\/uploads\/2017\/09\/Visionaere-stehen-immer-wieder-auf_Organisator.jpg","datePublished":"2017-09-11T09:08:20+00:00","description":"Al panel di KMU SWISS a Brugg-Windisch, imprenditori e visionari come Roland Brack (Brack.ch) e Hausi Leutenegger hanno raccontato il loro percorso verso il successo.","breadcrumb":{"@id":"https:\/\/www.organisator.ch\/management\/2017-09-11\/visionaere-stehen-immer-wieder-auf\/#breadcrumb"},"inLanguage":"it-IT","potentialAction":[{"@type":"ReadAction","target":["https:\/\/www.organisator.ch\/management\/2017-09-11\/visionaere-stehen-immer-wieder-auf\/"]}]},{"@type":"ImageObject","inLanguage":"it-IT","@id":"https:\/\/www.organisator.ch\/management\/2017-09-11\/visionaere-stehen-immer-wieder-auf\/#primaryimage","url":"https:\/\/www.organisator.ch\/wp-content\/uploads\/2017\/09\/Visionaere-stehen-immer-wieder-auf_Organisator.jpg","contentUrl":"https:\/\/www.organisator.ch\/wp-content\/uploads\/2017\/09\/Visionaere-stehen-immer-wieder-auf_Organisator.jpg","width":640,"height":360,"caption":"Unternehmer und Vision\u00e4re: Die Teilnehmer des KMU Swiss Podium vom 7. September 2017. (Bild: KMU Swiss)"},{"@type":"BreadcrumbList","@id":"https:\/\/www.organisator.ch\/management\/2017-09-11\/visionaere-stehen-immer-wieder-auf\/#breadcrumb","itemListElement":[{"@type":"ListItem","position":1,"name":"Home","item":"https:\/\/www.organisator.ch\/"},{"@type":"ListItem","position":2,"name":"Vision\u00e4re stehen immer wieder auf"}]},{"@type":"WebSite","@id":"https:\/\/www.organisator.ch\/#website","url":"https:\/\/www.organisator.ch\/","name":"Organizzatore","description":"Competente. Pratico. In 10 numeri all'anno, ORGANISATOR presenta i temi essenziali per i manager delle PMI.","publisher":{"@id":"https:\/\/www.organisator.ch\/#organization"},"potentialAction":[{"@type":"SearchAction","target":{"@type":"EntryPoint","urlTemplate":"https:\/\/www.organisator.ch\/?s={search_term_string}"},"query-input":{"@type":"PropertyValueSpecification","valueRequired":true,"valueName":"search_term_string"}}],"inLanguage":"it-IT"},{"@type":"Organization","@id":"https:\/\/www.organisator.ch\/#organization","name":"Organizzatore","url":"https:\/\/www.organisator.ch\/","logo":{"@type":"ImageObject","inLanguage":"it-IT","@id":"https:\/\/www.organisator.ch\/#\/schema\/logo\/image\/","url":"https:\/\/www.organisator.ch\/wp-content\/uploads\/2022\/01\/Logo_Organisator_Website.png","contentUrl":"https:\/\/www.organisator.ch\/wp-content\/uploads\/2022\/01\/Logo_Organisator_Website.png","width":800,"height":77,"caption":"Organisator"},"image":{"@id":"https:\/\/www.organisator.ch\/#\/schema\/logo\/image\/"},"sameAs":["https:\/\/www.facebook.com\/OrganisatorFachmagazin","https:\/\/www.linkedin.com\/showcase\/organisator-das-magazin-fr-kmu","https:\/\/www.xing.com\/news\/pages\/organisator-ch-695","https:\/\/www.youtube.com\/channel\/UCGP2Sq0iWaZwT3BdIAQFYpw"]},{"@type":"Person","@id":"https:\/\/www.organisator.ch\/#\/schema\/person\/6f650f90b2842cd4c0cc334b4e36f67e","name":"Tommaso.berner","image":{"@type":"ImageObject","inLanguage":"it-IT","@id":"https:\/\/secure.gravatar.com\/avatar\/ac5001d2a36cb6c6cd3e50789007ffca834b477b74a2144564522e944eabff61?s=96&d=mm&r=g","url":"https:\/\/secure.gravatar.com\/avatar\/ac5001d2a36cb6c6cd3e50789007ffca834b477b74a2144564522e944eabff61?s=96&d=mm&r=g","contentUrl":"https:\/\/secure.gravatar.com\/avatar\/ac5001d2a36cb6c6cd3e50789007ffca834b477b74a2144564522e944eabff61?s=96&d=mm&r=g","caption":"thomas.berner"},"url":"https:\/\/www.organisator.ch\/it\/author\/thomas-berner\/"}]}},"_links":{"self":[{"href":"https:\/\/www.organisator.ch\/it\/wp-json\/wp\/v2\/posts\/2419","targetHints":{"allow":["GET"]}}],"collection":[{"href":"https:\/\/www.organisator.ch\/it\/wp-json\/wp\/v2\/posts"}],"about":[{"href":"https:\/\/www.organisator.ch\/it\/wp-json\/wp\/v2\/types\/post"}],"author":[{"embeddable":true,"href":"https:\/\/www.organisator.ch\/it\/wp-json\/wp\/v2\/users\/4"}],"replies":[{"embeddable":true,"href":"https:\/\/www.organisator.ch\/it\/wp-json\/wp\/v2\/comments?post=2419"}],"version-history":[{"count":0,"href":"https:\/\/www.organisator.ch\/it\/wp-json\/wp\/v2\/posts\/2419\/revisions"}],"wp:featuredmedia":[{"embeddable":true,"href":"https:\/\/www.organisator.ch\/it\/wp-json\/wp\/v2\/media\/2421"}],"wp:attachment":[{"href":"https:\/\/www.organisator.ch\/it\/wp-json\/wp\/v2\/media?parent=2419"}],"wp:term":[{"taxonomy":"category","embeddable":true,"href":"https:\/\/www.organisator.ch\/it\/wp-json\/wp\/v2\/categories?post=2419"},{"taxonomy":"post_tag","embeddable":true,"href":"https:\/\/www.organisator.ch\/it\/wp-json\/wp\/v2\/tags?post=2419"}],"curies":[{"name":"wp","href":"https:\/\/api.w.org\/{rel}","templated":true}]}}