{"id":242,"date":"2016-03-04T15:00:10","date_gmt":"2016-03-04T14:00:10","guid":{"rendered":"https:\/\/dev.umweltperspektiven.ch\/?p=242"},"modified":"2022-02-09T11:06:25","modified_gmt":"2022-02-09T10:06:25","slug":"verbraucherflexibiltaet-besser-nutzen","status":"publish","type":"post","link":"https:\/\/www.organisator.ch\/it\/sustainability\/2016-03-04\/verbraucherflexibiltaet-besser-nutzen\/","title":{"rendered":"Fare un uso migliore della flessibilit\u00e0 dei consumatori"},"content":{"rendered":"<figure id=\"attachment_243\" aria-describedby=\"caption-attachment-243\" style=\"width: 680px\" class=\"wp-caption alignnone\"><a href=\"\/\/dev.umweltperspektiven.ch\/wp-content\/uploads\/2016\/12\/Verbraucherflexibilt\u00e4t-besser-nutzen-umweltperspektiven.jpg\"><img loading=\"lazy\" decoding=\"async\" class=\"size-medium wp-image-243\" src=\"\/\/dev.umweltperspektiven.ch\/wp-content\/uploads\/2016\/12\/Verbraucherflexibilt\u00e4t-besser-nutzen-umweltperspektiven.jpg\" alt=\"I consumatori di energia flessibile offrono un grande potenziale per l&#039;industria svizzera dell&#039;energia e del gas.\" width=\"680\" height=\"401\" \/><\/a><figcaption id=\"caption-attachment-243\" class=\"wp-caption-text\">I consumatori di energia flessibile offrono un grande potenziale per l'industria svizzera dell'energia e del gas.<\/figcaption><\/figure>\n<p>Le aziende energetiche svizzere e l'industria del gas raccomandano un programma in 12 punti per sfruttare meglio la flessibilit\u00e0 dei consumatori di elettricit\u00e0 entro il 2020. Questo pu\u00f2 essere pi\u00f9 vantaggioso per l'economia nazionale che investire in nuove centrali elettriche o espandere le reti elettriche.<\/p>\n<p>Gli esperti in patria e all'estero considerano la flessibilit\u00e0 come la chiave e il fattore di successo del futuro sistema energetico. Usare la flessibilit\u00e0 dei consumatori di elettricit\u00e0 sotto forma di spostamento del carico, nonch\u00e9 la produzione decentralizzata di elettricit\u00e0 e lo stoccaggio sarebbe economicamente pi\u00f9 vantaggioso che costruire nuove centrali elettriche ed espandere le reti elettriche.<\/p>\n<p>Le principali aziende energetiche svizzere hanno pubblicato un <a href=\"http:\/\/www.erdgas.ch\/fileadmin\/customer\/erdgasch\/Data\/Medienstelle\/Medienmitteilungen\/2016\/Zusammenfassung_der_Studie.pdf\" target=\"_blank\" data-cke-saved-href=\"\/\/www.erdgas.ch\/fileadmin\/customer\/erdgasch\/Data\/Medienstelle\/Medienmitteilungen\/2016\/Zusammenfassung_der_Studie.pdf\" rel=\"noopener\">studio congiunto<\/a> con la partecipazione dell'industria del gas, ha investigato il potenziale e l'uso della flessibilit\u00e0 dei consumatori svizzeri di elettricit\u00e0 in modo pi\u00f9 dettagliato e ha ottenuto risultati positivi: C'\u00e8 un grande potenziale tecnico di flessibilit\u00e0 tra i consumatori di elettricit\u00e0 in Svizzera. Sono anche disposti a mettere a disposizione questo potenziale. Le possibili applicazioni per la flessibilit\u00e0 dell'utente finale esaminate nello studio hanno mostrato che non ci sono ostacoli tecnici. Piuttosto, risiedono nell'attuale politica\/regolamentazione energetica e nel design del mercato.<\/p>\n<p>I collaboratori dello studio raccomandano un programma in 12 punti per ridurre le barriere esistenti. In questo modo si dovrebbe creare la necessaria trasparenza, aumentare l'efficienza del mercato, garantire la libert\u00e0 dalla discriminazione e integrare la flessibilit\u00e0 dei consumatori svizzeri di elettricit\u00e0 nel sistema energetico. Questo andr\u00e0 a beneficio dei consumatori di elettricit\u00e0, del settore energetico e dei fornitori di tecnologia, ed \u00e8 un prerequisito per l'innovazione e la crescita.<\/p>\n<p>Le seguenti aziende hanno partecipato allo studio: Elektrizit\u00e4tswerk des Kantons Schaffhausen, Swisscom Energy Solutions, Swissgrid e l'Associazione svizzera dell'industria del gas (VSG).<\/p>","protected":false},"excerpt":{"rendered":"<p>Schweizer Energieunternehmen und die Gaswirtschaft empfehlen ein 12-Punkte-Programm, um die Flexibilit\u00e4t der Stromverbraucher bis 2020 besser zu nutzen. Dies kann volkswirtschaftlich vorteilhafter sein, als in neue Kraftwerke zu investieren oder Stromnetze auszubauen. Experten im In- und Ausland erachten Flexibilit\u00e4t als Schl\u00fcssel und Erfolgsfaktor f\u00fcr das zuk\u00fcnftige Energiesystem. Die Nutzung der Flexibilit\u00e4t der Stromverbraucher in Form [&hellip;]<\/p>\n","protected":false},"author":1,"featured_media":9357,"comment_status":"open","ping_status":"open","sticky":false,"template":"","format":"standard","meta":{"_acf_changed":false,"_yoast_wpseo_focuskw":"Potenzial","_yoast_wpseo_metadesc":"Viele Stromverbraucher in der Schweiz sind flexibel. Wird Potenzial genutzt, k\u00f6nnte den Bau neuer Kraftwerke \u00fcberfl\u00fcssig machen.","articlekey":"","footnotes":""},"categories":[580],"tags":[1090,1193,1243,2226],"class_list":["post-242","post","type-post","status-publish","format-standard","has-post-thumbnail","hentry","category-sustainability","tag-energieunternehmen","tag-flexibilitaet","tag-gaswirtschaft","tag-stromverbraucher"],"acf":[],"yoast_head":"<!-- This site is optimized with the Yoast SEO plugin v27.5 - https:\/\/yoast.com\/product\/yoast-seo-wordpress\/ -->\n<title>Verbraucherflexibilt\u00e4t besser nutzen - Organisator<\/title>\n<meta name=\"description\" content=\"Viele Stromverbraucher in der Schweiz sind flexibel. Wird Potenzial genutzt, k\u00f6nnte den Bau neuer Kraftwerke \u00fcberfl\u00fcssig machen.\" \/>\n<meta name=\"robots\" content=\"index, follow, max-snippet:-1, max-image-preview:large, max-video-preview:-1\" \/>\n<link rel=\"canonical\" href=\"https:\/\/www.organisator.ch\/it\/sostenibilita\/2016-03-04\/verbraucherflexibiltaet-besser-nutzen\/\" \/>\n<meta property=\"og:locale\" content=\"it_IT\" \/>\n<meta property=\"og:type\" content=\"article\" \/>\n<meta property=\"og:title\" content=\"Verbraucherflexibilt\u00e4t besser nutzen - Organisator\" \/>\n<meta property=\"og:description\" content=\"Viele Stromverbraucher in der Schweiz sind flexibel. Wird Potenzial genutzt, k\u00f6nnte den Bau neuer Kraftwerke \u00fcberfl\u00fcssig machen.\" \/>\n<meta property=\"og:url\" content=\"https:\/\/www.organisator.ch\/it\/sostenibilita\/2016-03-04\/verbraucherflexibiltaet-besser-nutzen\/\" \/>\n<meta property=\"og:site_name\" content=\"Organisator\" \/>\n<meta property=\"article:publisher\" content=\"https:\/\/www.facebook.com\/OrganisatorFachmagazin\" \/>\n<meta property=\"article:published_time\" content=\"2016-03-04T14:00:10+00:00\" \/>\n<meta property=\"article:modified_time\" content=\"2022-02-09T10:06:25+00:00\" \/>\n<meta property=\"og:image\" content=\"https:\/\/www.organisator.ch\/wp-content\/uploads\/2016\/12\/Verbraucherflexibiltaet-besser-nutzen-umweltperspektiven.jpg\" \/>\n\t<meta property=\"og:image:width\" content=\"1000\" \/>\n\t<meta property=\"og:image:height\" content=\"589\" \/>\n\t<meta property=\"og:image:type\" content=\"image\/jpeg\" \/>\n<meta name=\"author\" content=\"admin\" \/>\n<meta name=\"twitter:card\" content=\"summary_large_image\" \/>\n<script type=\"application\/ld+json\" class=\"yoast-schema-graph\">{\"@context\":\"https:\\\/\\\/schema.org\",\"@graph\":[{\"@type\":\"Article\",\"@id\":\"https:\\\/\\\/www.organisator.ch\\\/sustainability\\\/2016-03-04\\\/verbraucherflexibiltaet-besser-nutzen\\\/#article\",\"isPartOf\":{\"@id\":\"https:\\\/\\\/www.organisator.ch\\\/sustainability\\\/2016-03-04\\\/verbraucherflexibiltaet-besser-nutzen\\\/\"},\"author\":{\"name\":\"admin\",\"@id\":\"https:\\\/\\\/www.organisator.ch\\\/#\\\/schema\\\/person\\\/aa2bace6c5c5aad60102004a50c4eb1c\"},\"headline\":\"Verbraucherflexibilt\u00e4t besser nutzen\",\"datePublished\":\"2016-03-04T14:00:10+00:00\",\"dateModified\":\"2022-02-09T10:06:25+00:00\",\"mainEntityOfPage\":{\"@id\":\"https:\\\/\\\/www.organisator.ch\\\/sustainability\\\/2016-03-04\\\/verbraucherflexibiltaet-besser-nutzen\\\/\"},\"wordCount\":275,\"commentCount\":0,\"publisher\":{\"@id\":\"https:\\\/\\\/www.organisator.ch\\\/#organization\"},\"image\":{\"@id\":\"https:\\\/\\\/www.organisator.ch\\\/sustainability\\\/2016-03-04\\\/verbraucherflexibiltaet-besser-nutzen\\\/#primaryimage\"},\"thumbnailUrl\":\"https:\\\/\\\/www.organisator.ch\\\/wp-content\\\/uploads\\\/2016\\\/12\\\/Verbraucherflexibiltaet-besser-nutzen-umweltperspektiven.jpg\",\"keywords\":[\"Energieunternehmen\",\"Flexibilit\u00e4t\",\"Gaswirtschaft\",\"Stromverbraucher\"],\"articleSection\":[\"SUSTAINABILITY\"],\"inLanguage\":\"it-IT\"},{\"@type\":\"WebPage\",\"@id\":\"https:\\\/\\\/www.organisator.ch\\\/sustainability\\\/2016-03-04\\\/verbraucherflexibiltaet-besser-nutzen\\\/\",\"url\":\"https:\\\/\\\/www.organisator.ch\\\/sustainability\\\/2016-03-04\\\/verbraucherflexibiltaet-besser-nutzen\\\/\",\"name\":\"Verbraucherflexibilt\u00e4t besser nutzen - Organisator\",\"isPartOf\":{\"@id\":\"https:\\\/\\\/www.organisator.ch\\\/#website\"},\"primaryImageOfPage\":{\"@id\":\"https:\\\/\\\/www.organisator.ch\\\/sustainability\\\/2016-03-04\\\/verbraucherflexibiltaet-besser-nutzen\\\/#primaryimage\"},\"image\":{\"@id\":\"https:\\\/\\\/www.organisator.ch\\\/sustainability\\\/2016-03-04\\\/verbraucherflexibiltaet-besser-nutzen\\\/#primaryimage\"},\"thumbnailUrl\":\"https:\\\/\\\/www.organisator.ch\\\/wp-content\\\/uploads\\\/2016\\\/12\\\/Verbraucherflexibiltaet-besser-nutzen-umweltperspektiven.jpg\",\"datePublished\":\"2016-03-04T14:00:10+00:00\",\"dateModified\":\"2022-02-09T10:06:25+00:00\",\"description\":\"Viele Stromverbraucher in der Schweiz sind flexibel. Wird Potenzial genutzt, k\u00f6nnte den Bau neuer Kraftwerke \u00fcberfl\u00fcssig machen.\",\"breadcrumb\":{\"@id\":\"https:\\\/\\\/www.organisator.ch\\\/sustainability\\\/2016-03-04\\\/verbraucherflexibiltaet-besser-nutzen\\\/#breadcrumb\"},\"inLanguage\":\"it-IT\",\"potentialAction\":[{\"@type\":\"ReadAction\",\"target\":[\"https:\\\/\\\/www.organisator.ch\\\/sustainability\\\/2016-03-04\\\/verbraucherflexibiltaet-besser-nutzen\\\/\"]}]},{\"@type\":\"ImageObject\",\"inLanguage\":\"it-IT\",\"@id\":\"https:\\\/\\\/www.organisator.ch\\\/sustainability\\\/2016-03-04\\\/verbraucherflexibiltaet-besser-nutzen\\\/#primaryimage\",\"url\":\"https:\\\/\\\/www.organisator.ch\\\/wp-content\\\/uploads\\\/2016\\\/12\\\/Verbraucherflexibiltaet-besser-nutzen-umweltperspektiven.jpg\",\"contentUrl\":\"https:\\\/\\\/www.organisator.ch\\\/wp-content\\\/uploads\\\/2016\\\/12\\\/Verbraucherflexibiltaet-besser-nutzen-umweltperspektiven.jpg\",\"width\":1000,\"height\":589,\"caption\":\"Flexible Energieverbraucher bieten ein grosses Potenzial f\u00fcr die Schweizer Energie- und Gaswirtschaft.\"},{\"@type\":\"BreadcrumbList\",\"@id\":\"https:\\\/\\\/www.organisator.ch\\\/sustainability\\\/2016-03-04\\\/verbraucherflexibiltaet-besser-nutzen\\\/#breadcrumb\",\"itemListElement\":[{\"@type\":\"ListItem\",\"position\":1,\"name\":\"Home\",\"item\":\"https:\\\/\\\/www.organisator.ch\\\/\"},{\"@type\":\"ListItem\",\"position\":2,\"name\":\"Verbraucherflexibilt\u00e4t besser nutzen\"}]},{\"@type\":\"WebSite\",\"@id\":\"https:\\\/\\\/www.organisator.ch\\\/#website\",\"url\":\"https:\\\/\\\/www.organisator.ch\\\/\",\"name\":\"Organisator\",\"description\":\"Kompetent. Praxisnah. Der ORGANISATOR bereitet in 10 Ausgaben pro Jahr die wesentlichen Themen f\u00fcr F\u00fchrungskr\u00e4fte von KMU auf.\",\"publisher\":{\"@id\":\"https:\\\/\\\/www.organisator.ch\\\/#organization\"},\"potentialAction\":[{\"@type\":\"SearchAction\",\"target\":{\"@type\":\"EntryPoint\",\"urlTemplate\":\"https:\\\/\\\/www.organisator.ch\\\/?s={search_term_string}\"},\"query-input\":{\"@type\":\"PropertyValueSpecification\",\"valueRequired\":true,\"valueName\":\"search_term_string\"}}],\"inLanguage\":\"it-IT\"},{\"@type\":\"Organization\",\"@id\":\"https:\\\/\\\/www.organisator.ch\\\/#organization\",\"name\":\"Organisator\",\"url\":\"https:\\\/\\\/www.organisator.ch\\\/\",\"logo\":{\"@type\":\"ImageObject\",\"inLanguage\":\"it-IT\",\"@id\":\"https:\\\/\\\/www.organisator.ch\\\/#\\\/schema\\\/logo\\\/image\\\/\",\"url\":\"https:\\\/\\\/www.organisator.ch\\\/wp-content\\\/uploads\\\/2022\\\/01\\\/Logo_Organisator_Website.png\",\"contentUrl\":\"https:\\\/\\\/www.organisator.ch\\\/wp-content\\\/uploads\\\/2022\\\/01\\\/Logo_Organisator_Website.png\",\"width\":800,\"height\":77,\"caption\":\"Organisator\"},\"image\":{\"@id\":\"https:\\\/\\\/www.organisator.ch\\\/#\\\/schema\\\/logo\\\/image\\\/\"},\"sameAs\":[\"https:\\\/\\\/www.facebook.com\\\/OrganisatorFachmagazin\",\"https:\\\/\\\/www.linkedin.com\\\/showcase\\\/organisator-das-magazin-fr-kmu\",\"https:\\\/\\\/www.xing.com\\\/news\\\/pages\\\/organisator-ch-695\",\"https:\\\/\\\/www.youtube.com\\\/channel\\\/UCGP2Sq0iWaZwT3BdIAQFYpw\"]},{\"@type\":\"Person\",\"@id\":\"https:\\\/\\\/www.organisator.ch\\\/#\\\/schema\\\/person\\\/aa2bace6c5c5aad60102004a50c4eb1c\",\"name\":\"admin\",\"image\":{\"@type\":\"ImageObject\",\"inLanguage\":\"it-IT\",\"@id\":\"https:\\\/\\\/secure.gravatar.com\\\/avatar\\\/ae2f4d718e6c49043e314ce431e7e645d646302a24a5ef5a8bc8e3f5a032e319?s=96&d=mm&r=g\",\"url\":\"https:\\\/\\\/secure.gravatar.com\\\/avatar\\\/ae2f4d718e6c49043e314ce431e7e645d646302a24a5ef5a8bc8e3f5a032e319?s=96&d=mm&r=g\",\"contentUrl\":\"https:\\\/\\\/secure.gravatar.com\\\/avatar\\\/ae2f4d718e6c49043e314ce431e7e645d646302a24a5ef5a8bc8e3f5a032e319?s=96&d=mm&r=g\",\"caption\":\"admin\"},\"sameAs\":[\"https:\\\/\\\/www.organisator.ch\"],\"url\":\"https:\\\/\\\/www.organisator.ch\\\/it\\\/author\\\/admin\\\/\"}]}<\/script>\n<!-- \/ Yoast SEO plugin. -->","yoast_head_json":{"title":"Utilizzare meglio la flessibilit\u00e0 dei consumatori - Organizzatore","description":"Molti consumatori di elettricit\u00e0 in Svizzera sono flessibili. Se il potenziale viene sfruttato, potrebbe rendere superflua la costruzione di nuove centrali.","robots":{"index":"index","follow":"follow","max-snippet":"max-snippet:-1","max-image-preview":"max-image-preview:large","max-video-preview":"max-video-preview:-1"},"canonical":"https:\/\/www.organisator.ch\/it\/sostenibilita\/2016-03-04\/verbraucherflexibiltaet-besser-nutzen\/","og_locale":"it_IT","og_type":"article","og_title":"Verbraucherflexibilt\u00e4t besser nutzen - Organisator","og_description":"Viele Stromverbraucher in der Schweiz sind flexibel. Wird Potenzial genutzt, k\u00f6nnte den Bau neuer Kraftwerke \u00fcberfl\u00fcssig machen.","og_url":"https:\/\/www.organisator.ch\/it\/sostenibilita\/2016-03-04\/verbraucherflexibiltaet-besser-nutzen\/","og_site_name":"Organisator","article_publisher":"https:\/\/www.facebook.com\/OrganisatorFachmagazin","article_published_time":"2016-03-04T14:00:10+00:00","article_modified_time":"2022-02-09T10:06:25+00:00","og_image":[{"width":1000,"height":589,"url":"https:\/\/www.organisator.ch\/wp-content\/uploads\/2016\/12\/Verbraucherflexibiltaet-besser-nutzen-umweltperspektiven.jpg","type":"image\/jpeg"}],"author":"admin","twitter_card":"summary_large_image","schema":{"@context":"https:\/\/schema.org","@graph":[{"@type":"Article","@id":"https:\/\/www.organisator.ch\/sustainability\/2016-03-04\/verbraucherflexibiltaet-besser-nutzen\/#article","isPartOf":{"@id":"https:\/\/www.organisator.ch\/sustainability\/2016-03-04\/verbraucherflexibiltaet-besser-nutzen\/"},"author":{"name":"admin","@id":"https:\/\/www.organisator.ch\/#\/schema\/person\/aa2bace6c5c5aad60102004a50c4eb1c"},"headline":"Verbraucherflexibilt\u00e4t besser nutzen","datePublished":"2016-03-04T14:00:10+00:00","dateModified":"2022-02-09T10:06:25+00:00","mainEntityOfPage":{"@id":"https:\/\/www.organisator.ch\/sustainability\/2016-03-04\/verbraucherflexibiltaet-besser-nutzen\/"},"wordCount":275,"commentCount":0,"publisher":{"@id":"https:\/\/www.organisator.ch\/#organization"},"image":{"@id":"https:\/\/www.organisator.ch\/sustainability\/2016-03-04\/verbraucherflexibiltaet-besser-nutzen\/#primaryimage"},"thumbnailUrl":"https:\/\/www.organisator.ch\/wp-content\/uploads\/2016\/12\/Verbraucherflexibiltaet-besser-nutzen-umweltperspektiven.jpg","keywords":["Energieunternehmen","Flexibilit\u00e4t","Gaswirtschaft","Stromverbraucher"],"articleSection":["SUSTAINABILITY"],"inLanguage":"it-IT"},{"@type":"WebPage","@id":"https:\/\/www.organisator.ch\/sustainability\/2016-03-04\/verbraucherflexibiltaet-besser-nutzen\/","url":"https:\/\/www.organisator.ch\/sustainability\/2016-03-04\/verbraucherflexibiltaet-besser-nutzen\/","name":"Utilizzare meglio la flessibilit\u00e0 dei consumatori - Organizzatore","isPartOf":{"@id":"https:\/\/www.organisator.ch\/#website"},"primaryImageOfPage":{"@id":"https:\/\/www.organisator.ch\/sustainability\/2016-03-04\/verbraucherflexibiltaet-besser-nutzen\/#primaryimage"},"image":{"@id":"https:\/\/www.organisator.ch\/sustainability\/2016-03-04\/verbraucherflexibiltaet-besser-nutzen\/#primaryimage"},"thumbnailUrl":"https:\/\/www.organisator.ch\/wp-content\/uploads\/2016\/12\/Verbraucherflexibiltaet-besser-nutzen-umweltperspektiven.jpg","datePublished":"2016-03-04T14:00:10+00:00","dateModified":"2022-02-09T10:06:25+00:00","description":"Molti consumatori di elettricit\u00e0 in Svizzera sono flessibili. Se il potenziale viene sfruttato, potrebbe rendere superflua la costruzione di nuove centrali.","breadcrumb":{"@id":"https:\/\/www.organisator.ch\/sustainability\/2016-03-04\/verbraucherflexibiltaet-besser-nutzen\/#breadcrumb"},"inLanguage":"it-IT","potentialAction":[{"@type":"ReadAction","target":["https:\/\/www.organisator.ch\/sustainability\/2016-03-04\/verbraucherflexibiltaet-besser-nutzen\/"]}]},{"@type":"ImageObject","inLanguage":"it-IT","@id":"https:\/\/www.organisator.ch\/sustainability\/2016-03-04\/verbraucherflexibiltaet-besser-nutzen\/#primaryimage","url":"https:\/\/www.organisator.ch\/wp-content\/uploads\/2016\/12\/Verbraucherflexibiltaet-besser-nutzen-umweltperspektiven.jpg","contentUrl":"https:\/\/www.organisator.ch\/wp-content\/uploads\/2016\/12\/Verbraucherflexibiltaet-besser-nutzen-umweltperspektiven.jpg","width":1000,"height":589,"caption":"Flexible Energieverbraucher bieten ein grosses Potenzial f\u00fcr die Schweizer Energie- und Gaswirtschaft."},{"@type":"BreadcrumbList","@id":"https:\/\/www.organisator.ch\/sustainability\/2016-03-04\/verbraucherflexibiltaet-besser-nutzen\/#breadcrumb","itemListElement":[{"@type":"ListItem","position":1,"name":"Home","item":"https:\/\/www.organisator.ch\/"},{"@type":"ListItem","position":2,"name":"Verbraucherflexibilt\u00e4t besser nutzen"}]},{"@type":"WebSite","@id":"https:\/\/www.organisator.ch\/#website","url":"https:\/\/www.organisator.ch\/","name":"Organizzatore","description":"Competente. Pratico. In 10 numeri all'anno, ORGANISATOR presenta i temi essenziali per i manager delle PMI.","publisher":{"@id":"https:\/\/www.organisator.ch\/#organization"},"potentialAction":[{"@type":"SearchAction","target":{"@type":"EntryPoint","urlTemplate":"https:\/\/www.organisator.ch\/?s={search_term_string}"},"query-input":{"@type":"PropertyValueSpecification","valueRequired":true,"valueName":"search_term_string"}}],"inLanguage":"it-IT"},{"@type":"Organization","@id":"https:\/\/www.organisator.ch\/#organization","name":"Organizzatore","url":"https:\/\/www.organisator.ch\/","logo":{"@type":"ImageObject","inLanguage":"it-IT","@id":"https:\/\/www.organisator.ch\/#\/schema\/logo\/image\/","url":"https:\/\/www.organisator.ch\/wp-content\/uploads\/2022\/01\/Logo_Organisator_Website.png","contentUrl":"https:\/\/www.organisator.ch\/wp-content\/uploads\/2022\/01\/Logo_Organisator_Website.png","width":800,"height":77,"caption":"Organisator"},"image":{"@id":"https:\/\/www.organisator.ch\/#\/schema\/logo\/image\/"},"sameAs":["https:\/\/www.facebook.com\/OrganisatorFachmagazin","https:\/\/www.linkedin.com\/showcase\/organisator-das-magazin-fr-kmu","https:\/\/www.xing.com\/news\/pages\/organisator-ch-695","https:\/\/www.youtube.com\/channel\/UCGP2Sq0iWaZwT3BdIAQFYpw"]},{"@type":"Person","@id":"https:\/\/www.organisator.ch\/#\/schema\/person\/aa2bace6c5c5aad60102004a50c4eb1c","name":"amministratore","image":{"@type":"ImageObject","inLanguage":"it-IT","@id":"https:\/\/secure.gravatar.com\/avatar\/ae2f4d718e6c49043e314ce431e7e645d646302a24a5ef5a8bc8e3f5a032e319?s=96&d=mm&r=g","url":"https:\/\/secure.gravatar.com\/avatar\/ae2f4d718e6c49043e314ce431e7e645d646302a24a5ef5a8bc8e3f5a032e319?s=96&d=mm&r=g","contentUrl":"https:\/\/secure.gravatar.com\/avatar\/ae2f4d718e6c49043e314ce431e7e645d646302a24a5ef5a8bc8e3f5a032e319?s=96&d=mm&r=g","caption":"admin"},"sameAs":["https:\/\/www.organisator.ch"],"url":"https:\/\/www.organisator.ch\/it\/author\/admin\/"}]}},"_links":{"self":[{"href":"https:\/\/www.organisator.ch\/it\/wp-json\/wp\/v2\/posts\/242","targetHints":{"allow":["GET"]}}],"collection":[{"href":"https:\/\/www.organisator.ch\/it\/wp-json\/wp\/v2\/posts"}],"about":[{"href":"https:\/\/www.organisator.ch\/it\/wp-json\/wp\/v2\/types\/post"}],"author":[{"embeddable":true,"href":"https:\/\/www.organisator.ch\/it\/wp-json\/wp\/v2\/users\/1"}],"replies":[{"embeddable":true,"href":"https:\/\/www.organisator.ch\/it\/wp-json\/wp\/v2\/comments?post=242"}],"version-history":[{"count":1,"href":"https:\/\/www.organisator.ch\/it\/wp-json\/wp\/v2\/posts\/242\/revisions"}],"predecessor-version":[{"id":10625,"href":"https:\/\/www.organisator.ch\/it\/wp-json\/wp\/v2\/posts\/242\/revisions\/10625"}],"wp:featuredmedia":[{"embeddable":true,"href":"https:\/\/www.organisator.ch\/it\/wp-json\/wp\/v2\/media\/9357"}],"wp:attachment":[{"href":"https:\/\/www.organisator.ch\/it\/wp-json\/wp\/v2\/media?parent=242"}],"wp:term":[{"taxonomy":"category","embeddable":true,"href":"https:\/\/www.organisator.ch\/it\/wp-json\/wp\/v2\/categories?post=242"},{"taxonomy":"post_tag","embeddable":true,"href":"https:\/\/www.organisator.ch\/it\/wp-json\/wp\/v2\/tags?post=242"}],"curies":[{"name":"wp","href":"https:\/\/api.w.org\/{rel}","templated":true}]}}