{"id":24330,"date":"2024-01-16T13:37:42","date_gmt":"2024-01-16T12:37:42","guid":{"rendered":"https:\/\/www.organisator.ch\/?p=24330"},"modified":"2024-01-16T14:33:49","modified_gmt":"2024-01-16T13:33:49","slug":"servicenow-dino-minichiello-ist-neuer-country-manager-switzerland","status":"publish","type":"post","link":"https:\/\/www.organisator.ch\/it\/management\/2024-01-16\/servicenow-dino-minichiello-ist-neuer-country-manager-switzerland\/","title":{"rendered":"ServiceNow: Dino Minichiello \u00e8 il nuovo Country Manager Svizzera"},"content":{"rendered":"<figure id=\"attachment_24332\" class=\"wp-caption alignnone\" style=\"width: 679px;\" aria-describedby=\"caption-attachment-24332\"><img class=\"wp-image-24332 size-full\" src=\"https:\/\/www.organisator.ch\/wp-content\/uploads\/2024\/01\/ServiceNow_Bil1_ps-e1705397598424.jpg\" sizes=\"(max-width: 679px) 100vw, 679px\" srcset=\"https:\/\/www.organisator.ch\/wp-content\/uploads\/2024\/01\/ServiceNow_Bil1_ps-e1705397598424.jpg 679w, https:\/\/www.organisator.ch\/wp-content\/uploads\/2024\/01\/ServiceNow_Bil1_ps-e1705397598424-12x12.jpg 12w, https:\/\/www.organisator.ch\/wp-content\/uploads\/2024\/01\/ServiceNow_Bil1_ps-e1705397598424-312x300.jpg 312w, https:\/\/www.organisator.ch\/wp-content\/uploads\/2024\/01\/ServiceNow_Bil1_ps-e1705397598424-364x350.jpg 364w\" alt=\"\" width=\"679\" height=\"653\" \/>\r\n<figcaption id=\"caption-attachment-24332\" class=\"wp-caption-text\">Dino Minichiello - Nuovo Country Manager Svizzera di ServiceNow. (Immagine: www.servicenow.com)<\/figcaption>\r\n<\/figure>\r\n<p>Dino Minichiello \u00e8 parte integrante di ServiceNow in Svizzera dal 2014 e ha contribuito a costruire e sviluppare il team. In qualit\u00e0 di Sales Director, dal 2018 \u00e8 responsabile delle divisioni Manufacturing, Public Sector, Telecommunication e Services e fa parte dell'Executive Board Switzerland. Minichiello vanta oltre 20 anni di esperienza nel settore e ha lavorato in vari ruoli di vendita e consulenza presso aziende come CA Technologies, Symantec e Veritas.<\/p>\r\n<p>\"Sono molto impaziente di assumere le mie nuove responsabilit\u00e0 e voglio costruire sul grande lavoro che il team svizzero ha svolto negli ultimi anni\", commenta Dino Minichiello. \"Insieme, vogliamo crescere con i nostri partner e clienti e utilizzare la Now Platform per migliorare il lavoro e l'esperienza di clienti e dipendenti per tutti, grazie ai nostri flussi di lavoro digitali basati sul cloud\". \"<\/p>\r\n<p>\"Siamo lieti di poter promuovere Dino Minichiello a Country Manager Svizzera. Sono convinto che guider\u00e0 il team di ServiceNow Svizzera, di cui \u00e8 stato uno dei primi dipendenti, verso un successo ancora maggiore in futuro\", afferma Alain Badoux, Area VP Alps and CEE di ServiceNow.<\/p>\r\n<figure id=\"attachment_24335\" class=\"wp-caption alignnone\" style=\"width: 654px;\" aria-describedby=\"caption-attachment-24335\"><img class=\"wp-image-24335 size-full\" src=\"https:\/\/www.organisator.ch\/wp-content\/uploads\/2024\/01\/ServiceNow_Bild2_ps-e1705397697120.jpg\" sizes=\"(max-width: 654px) 100vw, 654px\" srcset=\"https:\/\/www.organisator.ch\/wp-content\/uploads\/2024\/01\/ServiceNow_Bild2_ps-e1705397697120.jpg 654w, https:\/\/www.organisator.ch\/wp-content\/uploads\/2024\/01\/ServiceNow_Bild2_ps-e1705397697120-11x12.jpg 11w, https:\/\/www.organisator.ch\/wp-content\/uploads\/2024\/01\/ServiceNow_Bild2_ps-e1705397697120-284x300.jpg 284w, https:\/\/www.organisator.ch\/wp-content\/uploads\/2024\/01\/ServiceNow_Bild2_ps-e1705397697120-331x350.jpg 331w\" alt=\"\" width=\"654\" height=\"691\" \/>\r\n<figcaption id=\"caption-attachment-24335\" class=\"wp-caption-text\">Alain Badoux assume il nuovo ruolo di Area Vice President e sar\u00e0 responsabile delle regioni Svizzera, Austria ed Europa centro-orientale (CEE). (Immagine: www.servicenow.com)<\/figcaption>\r\n<\/figure>\r\n<p>\"Con l'ampia rete di Dino e il supporto di un team competente, continueremo ad espandere la nostra presenza in Svizzera per promuovere l'innovazione e fornire le migliori soluzioni della categoria ai nostri stimati clienti\", ha dichiarato Markus Ehrle, Vice President e General Manager EMEA Central di ServiceNow. \"Vorrei inoltre ringraziare Alain Badoux per il suo impegno nella costruzione di ServiceNow Svizzera negli ultimi anni e congratularmi con lui per il suo nuovo ruolo di responsabile dei mercati di Svizzera, Austria e CEE.\"<\/p>\r\n<p><em>Fonte: <a href=\"http:\/\/www.servicenow.com\/\">www.servicenow.com<\/a><\/em><\/p>","protected":false},"excerpt":{"rendered":"<p>Dino Minichiello \u00e8 il nuovo Country Manager Svizzera di ServiceNow, lo specialista dei flussi di lavoro digitali, dal 1\u00b0 gennaio 2024. In qualit\u00e0 di responsabile del mercato svizzero, Minichiello sar\u00e0 responsabile della crescita del business in Svizzera e dell'organizzazione dei partner e dei clienti. Prende il posto di Alain Badoux, che assume un nuovo ruolo ampliato di Area Vice President e sar\u00e0 responsabile delle regioni Svizzera, Austria ed Europa centro-orientale (CEE).<\/p>","protected":false},"author":58,"featured_media":24332,"comment_status":"closed","ping_status":"closed","sticky":false,"template":"","format":"standard","meta":{"_acf_changed":false,"_yoast_wpseo_focuskw":"Dino Minichiello","_yoast_wpseo_metadesc":"Seit dem 1. Januar 2024 ist Dino Minichiello neuer Country Manager Switzerland bei ServiceNow, der Spezialistin f\u00fcr digitale Arbeitsabl\u00e4ufe.","articlekey":"","footnotes":""},"categories":[28],"tags":[334,338,424,492],"class_list":["post-24330","post","type-post","status-publish","format-standard","has-post-thumbnail","hentry","category-management","tag-management","tag-manager","tag-schweiz","tag-unternehmen"],"acf":[],"yoast_head":"<!-- This site is optimized with the Yoast SEO plugin v27.4 - https:\/\/yoast.com\/product\/yoast-seo-wordpress\/ -->\n<title>ServiceNow: Dino Minichiello ist neuer Country Manager Switzerland - Organisator<\/title>\n<meta name=\"description\" content=\"Seit dem 1. Januar 2024 ist Dino Minichiello neuer Country Manager Switzerland bei ServiceNow, der Spezialistin f\u00fcr digitale Arbeitsabl\u00e4ufe.\" \/>\n<meta name=\"robots\" content=\"index, follow, max-snippet:-1, max-image-preview:large, max-video-preview:-1\" \/>\n<link rel=\"canonical\" href=\"https:\/\/www.organisator.ch\/it\/gestione-2\/2024-01-16\/servicenow-dino-minichiello-ist-neuer-country-manager-switzerland\/\" \/>\n<meta property=\"og:locale\" content=\"it_IT\" \/>\n<meta property=\"og:type\" content=\"article\" \/>\n<meta property=\"og:title\" content=\"ServiceNow: Dino Minichiello ist neuer Country Manager Switzerland\" \/>\n<meta property=\"og:description\" content=\"Seit dem 1. Januar 2024 ist Dino Minichiello neuer Country Manager Switzerland bei ServiceNow, der Spezialistin f\u00fcr digitale Arbeitsabl\u00e4ufe.\" \/>\n<meta property=\"og:url\" content=\"https:\/\/www.organisator.ch\/it\/gestione-2\/2024-01-16\/servicenow-dino-minichiello-ist-neuer-country-manager-switzerland\/\" \/>\n<meta property=\"og:site_name\" content=\"Organisator\" \/>\n<meta property=\"article:publisher\" content=\"https:\/\/www.facebook.com\/OrganisatorFachmagazin\" \/>\n<meta property=\"article:published_time\" content=\"2024-01-16T12:37:42+00:00\" \/>\n<meta property=\"article:modified_time\" content=\"2024-01-16T13:33:49+00:00\" \/>\n<meta property=\"og:image\" content=\"https:\/\/www.organisator.ch\/wp-content\/uploads\/2024\/01\/ServiceNow_Bil1_ps-e1705397598424.jpg\" \/>\n\t<meta property=\"og:image:width\" content=\"679\" \/>\n\t<meta property=\"og:image:height\" content=\"653\" \/>\n\t<meta property=\"og:image:type\" content=\"image\/jpeg\" \/>\n<meta name=\"author\" content=\"Adelisa Kalajdzini\" \/>\n<meta name=\"twitter:card\" content=\"summary_large_image\" \/>\n<meta name=\"twitter:title\" content=\"ServiceNow: Dino Minichiello ist neuer Country Manager Switzerland\" \/>\n<meta name=\"twitter:description\" content=\"Seit dem 1. Januar 2024 ist #Dino #Minichiello neuer #Country #Manager Switzerland bei #ServiceNow, der Spezialistin f\u00fcr digitale Arbeitsabl\u00e4ufe.\" \/>\n<meta name=\"twitter:image\" content=\"https:\/\/www.organisator.ch\/wp-content\/uploads\/2024\/01\/ServiceNow_Bil1_ps-e1705397598424.jpg\" \/>\n<script type=\"application\/ld+json\" class=\"yoast-schema-graph\">{\"@context\":\"https:\\\/\\\/schema.org\",\"@graph\":[{\"@type\":\"Article\",\"@id\":\"https:\\\/\\\/www.organisator.ch\\\/management\\\/2024-01-16\\\/servicenow-dino-minichiello-ist-neuer-country-manager-switzerland\\\/#article\",\"isPartOf\":{\"@id\":\"https:\\\/\\\/www.organisator.ch\\\/management\\\/2024-01-16\\\/servicenow-dino-minichiello-ist-neuer-country-manager-switzerland\\\/\"},\"author\":{\"name\":\"Adelisa Kalajdzini\",\"@id\":\"https:\\\/\\\/www.organisator.ch\\\/#\\\/schema\\\/person\\\/2e1314a2172123f874db408d8911d3f3\"},\"headline\":\"ServiceNow: Dino Minichiello ist neuer Country Manager Switzerland\",\"datePublished\":\"2024-01-16T12:37:42+00:00\",\"dateModified\":\"2024-01-16T13:33:49+00:00\",\"mainEntityOfPage\":{\"@id\":\"https:\\\/\\\/www.organisator.ch\\\/management\\\/2024-01-16\\\/servicenow-dino-minichiello-ist-neuer-country-manager-switzerland\\\/\"},\"wordCount\":318,\"publisher\":{\"@id\":\"https:\\\/\\\/www.organisator.ch\\\/#organization\"},\"image\":{\"@id\":\"https:\\\/\\\/www.organisator.ch\\\/management\\\/2024-01-16\\\/servicenow-dino-minichiello-ist-neuer-country-manager-switzerland\\\/#primaryimage\"},\"thumbnailUrl\":\"https:\\\/\\\/www.organisator.ch\\\/wp-content\\\/uploads\\\/2024\\\/01\\\/ServiceNow_Bil1_ps-e1705397598424.jpg\",\"keywords\":[\"Management\",\"Manager\",\"Schweiz\",\"Unternehmen\"],\"articleSection\":[\"MANAGEMENT\"],\"inLanguage\":\"it-IT\"},{\"@type\":\"WebPage\",\"@id\":\"https:\\\/\\\/www.organisator.ch\\\/management\\\/2024-01-16\\\/servicenow-dino-minichiello-ist-neuer-country-manager-switzerland\\\/\",\"url\":\"https:\\\/\\\/www.organisator.ch\\\/management\\\/2024-01-16\\\/servicenow-dino-minichiello-ist-neuer-country-manager-switzerland\\\/\",\"name\":\"ServiceNow: Dino Minichiello ist neuer Country Manager Switzerland - Organisator\",\"isPartOf\":{\"@id\":\"https:\\\/\\\/www.organisator.ch\\\/#website\"},\"primaryImageOfPage\":{\"@id\":\"https:\\\/\\\/www.organisator.ch\\\/management\\\/2024-01-16\\\/servicenow-dino-minichiello-ist-neuer-country-manager-switzerland\\\/#primaryimage\"},\"image\":{\"@id\":\"https:\\\/\\\/www.organisator.ch\\\/management\\\/2024-01-16\\\/servicenow-dino-minichiello-ist-neuer-country-manager-switzerland\\\/#primaryimage\"},\"thumbnailUrl\":\"https:\\\/\\\/www.organisator.ch\\\/wp-content\\\/uploads\\\/2024\\\/01\\\/ServiceNow_Bil1_ps-e1705397598424.jpg\",\"datePublished\":\"2024-01-16T12:37:42+00:00\",\"dateModified\":\"2024-01-16T13:33:49+00:00\",\"description\":\"Seit dem 1. Januar 2024 ist Dino Minichiello neuer Country Manager Switzerland bei ServiceNow, der Spezialistin f\u00fcr digitale Arbeitsabl\u00e4ufe.\",\"breadcrumb\":{\"@id\":\"https:\\\/\\\/www.organisator.ch\\\/management\\\/2024-01-16\\\/servicenow-dino-minichiello-ist-neuer-country-manager-switzerland\\\/#breadcrumb\"},\"inLanguage\":\"it-IT\",\"potentialAction\":[{\"@type\":\"ReadAction\",\"target\":[\"https:\\\/\\\/www.organisator.ch\\\/management\\\/2024-01-16\\\/servicenow-dino-minichiello-ist-neuer-country-manager-switzerland\\\/\"]}]},{\"@type\":\"ImageObject\",\"inLanguage\":\"it-IT\",\"@id\":\"https:\\\/\\\/www.organisator.ch\\\/management\\\/2024-01-16\\\/servicenow-dino-minichiello-ist-neuer-country-manager-switzerland\\\/#primaryimage\",\"url\":\"https:\\\/\\\/www.organisator.ch\\\/wp-content\\\/uploads\\\/2024\\\/01\\\/ServiceNow_Bil1_ps-e1705397598424.jpg\",\"contentUrl\":\"https:\\\/\\\/www.organisator.ch\\\/wp-content\\\/uploads\\\/2024\\\/01\\\/ServiceNow_Bil1_ps-e1705397598424.jpg\",\"width\":679,\"height\":653,\"caption\":\"Dino Minichiello - Neuer Country Manager Switzerland bei ServiceNow. (Bild: www.servicenow.com)\"},{\"@type\":\"BreadcrumbList\",\"@id\":\"https:\\\/\\\/www.organisator.ch\\\/management\\\/2024-01-16\\\/servicenow-dino-minichiello-ist-neuer-country-manager-switzerland\\\/#breadcrumb\",\"itemListElement\":[{\"@type\":\"ListItem\",\"position\":1,\"name\":\"Home\",\"item\":\"https:\\\/\\\/www.organisator.ch\\\/\"},{\"@type\":\"ListItem\",\"position\":2,\"name\":\"ServiceNow: Dino Minichiello ist neuer Country Manager Switzerland\"}]},{\"@type\":\"WebSite\",\"@id\":\"https:\\\/\\\/www.organisator.ch\\\/#website\",\"url\":\"https:\\\/\\\/www.organisator.ch\\\/\",\"name\":\"Organisator\",\"description\":\"Kompetent. Praxisnah. Der ORGANISATOR bereitet in 10 Ausgaben pro Jahr die wesentlichen Themen f\u00fcr F\u00fchrungskr\u00e4fte von KMU auf.\",\"publisher\":{\"@id\":\"https:\\\/\\\/www.organisator.ch\\\/#organization\"},\"potentialAction\":[{\"@type\":\"SearchAction\",\"target\":{\"@type\":\"EntryPoint\",\"urlTemplate\":\"https:\\\/\\\/www.organisator.ch\\\/?s={search_term_string}\"},\"query-input\":{\"@type\":\"PropertyValueSpecification\",\"valueRequired\":true,\"valueName\":\"search_term_string\"}}],\"inLanguage\":\"it-IT\"},{\"@type\":\"Organization\",\"@id\":\"https:\\\/\\\/www.organisator.ch\\\/#organization\",\"name\":\"Organisator\",\"url\":\"https:\\\/\\\/www.organisator.ch\\\/\",\"logo\":{\"@type\":\"ImageObject\",\"inLanguage\":\"it-IT\",\"@id\":\"https:\\\/\\\/www.organisator.ch\\\/#\\\/schema\\\/logo\\\/image\\\/\",\"url\":\"https:\\\/\\\/www.organisator.ch\\\/wp-content\\\/uploads\\\/2022\\\/01\\\/Logo_Organisator_Website.png\",\"contentUrl\":\"https:\\\/\\\/www.organisator.ch\\\/wp-content\\\/uploads\\\/2022\\\/01\\\/Logo_Organisator_Website.png\",\"width\":800,\"height\":77,\"caption\":\"Organisator\"},\"image\":{\"@id\":\"https:\\\/\\\/www.organisator.ch\\\/#\\\/schema\\\/logo\\\/image\\\/\"},\"sameAs\":[\"https:\\\/\\\/www.facebook.com\\\/OrganisatorFachmagazin\",\"https:\\\/\\\/www.linkedin.com\\\/showcase\\\/organisator-das-magazin-fr-kmu\",\"https:\\\/\\\/www.xing.com\\\/news\\\/pages\\\/organisator-ch-695\",\"https:\\\/\\\/www.youtube.com\\\/channel\\\/UCGP2Sq0iWaZwT3BdIAQFYpw\"]},{\"@type\":\"Person\",\"@id\":\"https:\\\/\\\/www.organisator.ch\\\/#\\\/schema\\\/person\\\/2e1314a2172123f874db408d8911d3f3\",\"name\":\"Adelisa Kalajdzini\",\"image\":{\"@type\":\"ImageObject\",\"inLanguage\":\"it-IT\",\"@id\":\"https:\\\/\\\/secure.gravatar.com\\\/avatar\\\/09a397c22ac58cad6f160ee8306348599df9df58a8ede73696226897b9fa4b24?s=96&d=mm&r=g\",\"url\":\"https:\\\/\\\/secure.gravatar.com\\\/avatar\\\/09a397c22ac58cad6f160ee8306348599df9df58a8ede73696226897b9fa4b24?s=96&d=mm&r=g\",\"contentUrl\":\"https:\\\/\\\/secure.gravatar.com\\\/avatar\\\/09a397c22ac58cad6f160ee8306348599df9df58a8ede73696226897b9fa4b24?s=96&d=mm&r=g\",\"caption\":\"Adelisa Kalajdzini\"},\"url\":\"https:\\\/\\\/www.organisator.ch\\\/it\\\/author\\\/adelisa-kalajdzini\\\/\"}]}<\/script>\n<!-- \/ Yoast SEO plugin. -->","yoast_head_json":{"title":"ServiceNow: Dino Minichiello \u00e8 il nuovo Country Manager Svizzera - Organizzatore","description":"Dino Minichiello \u00e8 il nuovo Country Manager Svizzera di ServiceNow, lo specialista dei flussi di lavoro digitali, dal 1\u00b0 gennaio 2024.","robots":{"index":"index","follow":"follow","max-snippet":"max-snippet:-1","max-image-preview":"max-image-preview:large","max-video-preview":"max-video-preview:-1"},"canonical":"https:\/\/www.organisator.ch\/it\/gestione-2\/2024-01-16\/servicenow-dino-minichiello-ist-neuer-country-manager-switzerland\/","og_locale":"it_IT","og_type":"article","og_title":"ServiceNow: Dino Minichiello ist neuer Country Manager Switzerland","og_description":"Seit dem 1. Januar 2024 ist Dino Minichiello neuer Country Manager Switzerland bei ServiceNow, der Spezialistin f\u00fcr digitale Arbeitsabl\u00e4ufe.","og_url":"https:\/\/www.organisator.ch\/it\/gestione-2\/2024-01-16\/servicenow-dino-minichiello-ist-neuer-country-manager-switzerland\/","og_site_name":"Organisator","article_publisher":"https:\/\/www.facebook.com\/OrganisatorFachmagazin","article_published_time":"2024-01-16T12:37:42+00:00","article_modified_time":"2024-01-16T13:33:49+00:00","og_image":[{"width":679,"height":653,"url":"https:\/\/www.organisator.ch\/wp-content\/uploads\/2024\/01\/ServiceNow_Bil1_ps-e1705397598424.jpg","type":"image\/jpeg"}],"author":"Adelisa Kalajdzini","twitter_card":"summary_large_image","twitter_title":"ServiceNow: Dino Minichiello ist neuer Country Manager Switzerland","twitter_description":"Seit dem 1. Januar 2024 ist #Dino #Minichiello neuer #Country #Manager Switzerland bei #ServiceNow, der Spezialistin f\u00fcr digitale Arbeitsabl\u00e4ufe.","twitter_image":"https:\/\/www.organisator.ch\/wp-content\/uploads\/2024\/01\/ServiceNow_Bil1_ps-e1705397598424.jpg","schema":{"@context":"https:\/\/schema.org","@graph":[{"@type":"Article","@id":"https:\/\/www.organisator.ch\/management\/2024-01-16\/servicenow-dino-minichiello-ist-neuer-country-manager-switzerland\/#article","isPartOf":{"@id":"https:\/\/www.organisator.ch\/management\/2024-01-16\/servicenow-dino-minichiello-ist-neuer-country-manager-switzerland\/"},"author":{"name":"Adelisa Kalajdzini","@id":"https:\/\/www.organisator.ch\/#\/schema\/person\/2e1314a2172123f874db408d8911d3f3"},"headline":"ServiceNow: Dino Minichiello ist neuer Country Manager Switzerland","datePublished":"2024-01-16T12:37:42+00:00","dateModified":"2024-01-16T13:33:49+00:00","mainEntityOfPage":{"@id":"https:\/\/www.organisator.ch\/management\/2024-01-16\/servicenow-dino-minichiello-ist-neuer-country-manager-switzerland\/"},"wordCount":318,"publisher":{"@id":"https:\/\/www.organisator.ch\/#organization"},"image":{"@id":"https:\/\/www.organisator.ch\/management\/2024-01-16\/servicenow-dino-minichiello-ist-neuer-country-manager-switzerland\/#primaryimage"},"thumbnailUrl":"https:\/\/www.organisator.ch\/wp-content\/uploads\/2024\/01\/ServiceNow_Bil1_ps-e1705397598424.jpg","keywords":["Management","Manager","Schweiz","Unternehmen"],"articleSection":["MANAGEMENT"],"inLanguage":"it-IT"},{"@type":"WebPage","@id":"https:\/\/www.organisator.ch\/management\/2024-01-16\/servicenow-dino-minichiello-ist-neuer-country-manager-switzerland\/","url":"https:\/\/www.organisator.ch\/management\/2024-01-16\/servicenow-dino-minichiello-ist-neuer-country-manager-switzerland\/","name":"ServiceNow: Dino Minichiello \u00e8 il nuovo Country Manager Svizzera - Organizzatore","isPartOf":{"@id":"https:\/\/www.organisator.ch\/#website"},"primaryImageOfPage":{"@id":"https:\/\/www.organisator.ch\/management\/2024-01-16\/servicenow-dino-minichiello-ist-neuer-country-manager-switzerland\/#primaryimage"},"image":{"@id":"https:\/\/www.organisator.ch\/management\/2024-01-16\/servicenow-dino-minichiello-ist-neuer-country-manager-switzerland\/#primaryimage"},"thumbnailUrl":"https:\/\/www.organisator.ch\/wp-content\/uploads\/2024\/01\/ServiceNow_Bil1_ps-e1705397598424.jpg","datePublished":"2024-01-16T12:37:42+00:00","dateModified":"2024-01-16T13:33:49+00:00","description":"Dino Minichiello \u00e8 il nuovo Country Manager Svizzera di ServiceNow, lo specialista dei flussi di lavoro digitali, dal 1\u00b0 gennaio 2024.","breadcrumb":{"@id":"https:\/\/www.organisator.ch\/management\/2024-01-16\/servicenow-dino-minichiello-ist-neuer-country-manager-switzerland\/#breadcrumb"},"inLanguage":"it-IT","potentialAction":[{"@type":"ReadAction","target":["https:\/\/www.organisator.ch\/management\/2024-01-16\/servicenow-dino-minichiello-ist-neuer-country-manager-switzerland\/"]}]},{"@type":"ImageObject","inLanguage":"it-IT","@id":"https:\/\/www.organisator.ch\/management\/2024-01-16\/servicenow-dino-minichiello-ist-neuer-country-manager-switzerland\/#primaryimage","url":"https:\/\/www.organisator.ch\/wp-content\/uploads\/2024\/01\/ServiceNow_Bil1_ps-e1705397598424.jpg","contentUrl":"https:\/\/www.organisator.ch\/wp-content\/uploads\/2024\/01\/ServiceNow_Bil1_ps-e1705397598424.jpg","width":679,"height":653,"caption":"Dino Minichiello - Neuer Country Manager Switzerland bei ServiceNow. (Bild: www.servicenow.com)"},{"@type":"BreadcrumbList","@id":"https:\/\/www.organisator.ch\/management\/2024-01-16\/servicenow-dino-minichiello-ist-neuer-country-manager-switzerland\/#breadcrumb","itemListElement":[{"@type":"ListItem","position":1,"name":"Home","item":"https:\/\/www.organisator.ch\/"},{"@type":"ListItem","position":2,"name":"ServiceNow: Dino Minichiello ist neuer Country Manager Switzerland"}]},{"@type":"WebSite","@id":"https:\/\/www.organisator.ch\/#website","url":"https:\/\/www.organisator.ch\/","name":"Organizzatore","description":"Competente. Pratico. In 10 numeri all'anno, ORGANISATOR presenta i temi essenziali per i manager delle PMI.","publisher":{"@id":"https:\/\/www.organisator.ch\/#organization"},"potentialAction":[{"@type":"SearchAction","target":{"@type":"EntryPoint","urlTemplate":"https:\/\/www.organisator.ch\/?s={search_term_string}"},"query-input":{"@type":"PropertyValueSpecification","valueRequired":true,"valueName":"search_term_string"}}],"inLanguage":"it-IT"},{"@type":"Organization","@id":"https:\/\/www.organisator.ch\/#organization","name":"Organizzatore","url":"https:\/\/www.organisator.ch\/","logo":{"@type":"ImageObject","inLanguage":"it-IT","@id":"https:\/\/www.organisator.ch\/#\/schema\/logo\/image\/","url":"https:\/\/www.organisator.ch\/wp-content\/uploads\/2022\/01\/Logo_Organisator_Website.png","contentUrl":"https:\/\/www.organisator.ch\/wp-content\/uploads\/2022\/01\/Logo_Organisator_Website.png","width":800,"height":77,"caption":"Organisator"},"image":{"@id":"https:\/\/www.organisator.ch\/#\/schema\/logo\/image\/"},"sameAs":["https:\/\/www.facebook.com\/OrganisatorFachmagazin","https:\/\/www.linkedin.com\/showcase\/organisator-das-magazin-fr-kmu","https:\/\/www.xing.com\/news\/pages\/organisator-ch-695","https:\/\/www.youtube.com\/channel\/UCGP2Sq0iWaZwT3BdIAQFYpw"]},{"@type":"Person","@id":"https:\/\/www.organisator.ch\/#\/schema\/person\/2e1314a2172123f874db408d8911d3f3","name":"Adelisa Kalajdzini","image":{"@type":"ImageObject","inLanguage":"it-IT","@id":"https:\/\/secure.gravatar.com\/avatar\/09a397c22ac58cad6f160ee8306348599df9df58a8ede73696226897b9fa4b24?s=96&d=mm&r=g","url":"https:\/\/secure.gravatar.com\/avatar\/09a397c22ac58cad6f160ee8306348599df9df58a8ede73696226897b9fa4b24?s=96&d=mm&r=g","contentUrl":"https:\/\/secure.gravatar.com\/avatar\/09a397c22ac58cad6f160ee8306348599df9df58a8ede73696226897b9fa4b24?s=96&d=mm&r=g","caption":"Adelisa Kalajdzini"},"url":"https:\/\/www.organisator.ch\/it\/author\/adelisa-kalajdzini\/"}]}},"_links":{"self":[{"href":"https:\/\/www.organisator.ch\/it\/wp-json\/wp\/v2\/posts\/24330","targetHints":{"allow":["GET"]}}],"collection":[{"href":"https:\/\/www.organisator.ch\/it\/wp-json\/wp\/v2\/posts"}],"about":[{"href":"https:\/\/www.organisator.ch\/it\/wp-json\/wp\/v2\/types\/post"}],"author":[{"embeddable":true,"href":"https:\/\/www.organisator.ch\/it\/wp-json\/wp\/v2\/users\/58"}],"replies":[{"embeddable":true,"href":"https:\/\/www.organisator.ch\/it\/wp-json\/wp\/v2\/comments?post=24330"}],"version-history":[{"count":10,"href":"https:\/\/www.organisator.ch\/it\/wp-json\/wp\/v2\/posts\/24330\/revisions"}],"predecessor-version":[{"id":24363,"href":"https:\/\/www.organisator.ch\/it\/wp-json\/wp\/v2\/posts\/24330\/revisions\/24363"}],"wp:featuredmedia":[{"embeddable":true,"href":"https:\/\/www.organisator.ch\/it\/wp-json\/wp\/v2\/media\/24332"}],"wp:attachment":[{"href":"https:\/\/www.organisator.ch\/it\/wp-json\/wp\/v2\/media?parent=24330"}],"wp:term":[{"taxonomy":"category","embeddable":true,"href":"https:\/\/www.organisator.ch\/it\/wp-json\/wp\/v2\/categories?post=24330"},{"taxonomy":"post_tag","embeddable":true,"href":"https:\/\/www.organisator.ch\/it\/wp-json\/wp\/v2\/tags?post=24330"}],"curies":[{"name":"wp","href":"https:\/\/api.w.org\/{rel}","templated":true}]}}