{"id":24343,"date":"2024-01-17T05:33:19","date_gmt":"2024-01-17T04:33:19","guid":{"rendered":"https:\/\/www.organisator.ch\/?p=24343"},"modified":"2024-01-17T08:19:57","modified_gmt":"2024-01-17T07:19:57","slug":"die-stiftung-bpn-feiert-25-jahr-jubilaeum","status":"publish","type":"post","link":"https:\/\/www.organisator.ch\/it\/management\/2024-01-17\/die-stiftung-bpn-feiert-25-jahr-jubilaeum\/","title":{"rendered":"La Fondazione BPN celebra il suo 25\u00b0 anniversario"},"content":{"rendered":"<figure id=\"attachment_24344\" class=\"wp-caption alignnone\" style=\"width: 680px;\" aria-describedby=\"caption-attachment-24344\"><img class=\"wp-image-24344 size-full\" src=\"https:\/\/www.organisator.ch\/wp-content\/uploads\/2024\/01\/25JahreBPN_neu.jpg\" sizes=\"(max-width: 680px) 100vw, 680px\" srcset=\"https:\/\/www.organisator.ch\/wp-content\/uploads\/2024\/01\/25JahreBPN_neu.jpg 680w, https:\/\/www.organisator.ch\/wp-content\/uploads\/2024\/01\/25JahreBPN_neu-18x9.jpg 18w, https:\/\/www.organisator.ch\/wp-content\/uploads\/2024\/01\/25JahreBPN_neu-375x197.jpg 375w, https:\/\/www.organisator.ch\/wp-content\/uploads\/2024\/01\/25JahreBPN_neu-667x350.jpg 667w\" alt=\"\" width=\"680\" height=\"357\" \/>\r\n<figcaption id=\"caption-attachment-24344\" class=\"wp-caption-text\">Alla fine di giugno, BPN celebra il lavoro speciale della fondazione in tutte le sue sfaccettature con un viaggio in Kirghizistan. (Immagine: www.bpn.ch)<\/figcaption>\r\n<\/figure>\r\n<p>\"Con seminari di alta qualit\u00e0, diversi anni di coaching e quella che oggi \u00e8 una grande rete, Business Professionals Network aiuta gli imprenditori a compiere progressi decisivi. Questo sviluppo operativo in 3 continenti \u00e8 molto sostenibile da 25 anni (oltre 1941 PMI sostenute in 5 Paesi), genera opportunit\u00e0 di lavoro e rafforza le PMI. Vorrei congratularmi con BPN per il suo anniversario e augurare a tutte le persone coinvolte di continuare con vigore ed entusiasmo la loro cooperazione allo sviluppo, estremamente efficace e significativa\", afferma Hansj\u00fcrg Emch, CEO di EMCH Aufz\u00fcge AG.<\/p>\r\n<figure id=\"attachment_24348\" class=\"wp-caption alignnone\" style=\"width: 680px;\" aria-describedby=\"caption-attachment-24348\"><img class=\"size-medium wp-image-24348\" src=\"https:\/\/www.organisator.ch\/wp-content\/uploads\/2024\/01\/HJ-Emch_Bild1_ps-1-680x675.jpg\" sizes=\"(max-width: 680px) 100vw, 680px\" srcset=\"https:\/\/www.organisator.ch\/wp-content\/uploads\/2024\/01\/HJ-Emch_Bild1_ps-1-680x675.jpg 680w, https:\/\/www.organisator.ch\/wp-content\/uploads\/2024\/01\/HJ-Emch_Bild1_ps-1-150x150.jpg 150w, https:\/\/www.organisator.ch\/wp-content\/uploads\/2024\/01\/HJ-Emch_Bild1_ps-1-12x12.jpg 12w, https:\/\/www.organisator.ch\/wp-content\/uploads\/2024\/01\/HJ-Emch_Bild1_ps-1-302x300.jpg 302w, https:\/\/www.organisator.ch\/wp-content\/uploads\/2024\/01\/HJ-Emch_Bild1_ps-1-353x350.jpg 353w, https:\/\/www.organisator.ch\/wp-content\/uploads\/2024\/01\/HJ-Emch_Bild1_ps-1.jpg 685w\" alt=\"\" width=\"680\" height=\"675\" \/>\r\n<figcaption id=\"caption-attachment-24348\" class=\"wp-caption-text\">Hansj\u00fcrg Emch - VRP EMCH Aufz\u00fcge AG. (Immagine: www.bpn.ch)<\/figcaption>\r\n<\/figure>\r\n<h3><strong>BPN \u00e8 sinonimo di aiuti che combattono la povert\u00e0<\/strong><\/h3>\r\n<p>Il tema centrale del lavoro della Fondazione BPN \u00e8 aiutare le persone ad aiutare se stesse. In questo modo, si crea un'imprenditorialit\u00e0 duratura con la quale gli individui possono trovare uno scopo nella vita. Il seme degli impegni di sostegno e promozione sta nel fatto che le persone riconoscono un significato nelle loro attivit\u00e0 imprenditoriali e lo realizzano in modo vantaggioso per la loro vita. Nils Planzer, CEO e VRP Planzer Holding AG, riconosce l'impegno quotidiano di BPN a livello internazionale come segue: \"Riteniamo che il sostegno alle piccole e medie imprese nei Paesi in via di sviluppo ed emergenti con il know-how svizzero sia particolarmente orientato al futuro. Questo lavoro pionieristico crea un valore socio-economico significativo e prospettive interessanti per molte persone locali e le loro famiglie. Ringraziamo la BPN per questo lavoro unico\".<\/p>\r\n<figure id=\"attachment_24349\" class=\"wp-caption alignnone\" style=\"width: 680px;\" aria-describedby=\"caption-attachment-24349\"><img class=\"size-full wp-image-24349\" src=\"https:\/\/www.organisator.ch\/wp-content\/uploads\/2024\/01\/Nils_RGB_Bild2_ps-1.jpg\" sizes=\"(max-width: 680px) 100vw, 680px\" srcset=\"https:\/\/www.organisator.ch\/wp-content\/uploads\/2024\/01\/Nils_RGB_Bild2_ps-1.jpg 680w, https:\/\/www.organisator.ch\/wp-content\/uploads\/2024\/01\/Nils_RGB_Bild2_ps-1-12x12.jpg 12w, https:\/\/www.organisator.ch\/wp-content\/uploads\/2024\/01\/Nils_RGB_Bild2_ps-1-311x300.jpg 311w, https:\/\/www.organisator.ch\/wp-content\/uploads\/2024\/01\/Nils_RGB_Bild2_ps-1-363x350.jpg 363w\" alt=\"\" width=\"680\" height=\"656\" \/>\r\n<figcaption id=\"caption-attachment-24349\" class=\"wp-caption-text\">Nils Planzer - CEO e VRP Planzer Holding AG. (Immagine: www.bpn.ch)<\/figcaption>\r\n<\/figure>\r\n<h3><strong>Pensare in grande - Pensare oltre - Pensare agli altri<\/strong><\/h3>\r\n<p>BPN opera in modo costantemente orientato all'impatto. Nei nostri processi aziendali, puntiamo a ottenere un valore aggiunto che garantisca benefici imprenditoriali e sociali in tutti i Paesi in cui operiamo, in egual misura e a lungo termine.<\/p>\r\n<p>Alla fine di giugno, BPN celebra il lavoro speciale della fondazione in tutte le sue sfaccettature con un viaggio in Kirghizistan: la promozione delle imprese e il loro sviluppo attraverso la formazione, il coaching e la mediazione finanziaria, l'agevolazione delle prospettive di vita in 5 Paesi, gli incentivi per gli investimenti pronti per il mercato, una forte rete di imprenditori - tutto questo \u00e8 BPN.<\/p>\r\n<p><em>Fonte: <a href=\"https:\/\/bpn.ch\/\">www. bpn.ch<\/a><\/em><\/p>","protected":false},"excerpt":{"rendered":"<p>BPN (Business Professionals Network) ha iniziato il suo lavoro pionieristico in Kirghizistan nel 1999. Da allora, ha investito nelle persone, nelle loro idee e nei loro progetti. Venticinque anni di creazione di valore hanno finora sostenuto circa 40.000 posti di lavoro, grazie a pi\u00f9 di 2.500 seminari di gestione aziendale.<\/p>","protected":false},"author":58,"featured_media":24344,"comment_status":"closed","ping_status":"closed","sticky":false,"template":"","format":"standard","meta":{"_acf_changed":false,"_yoast_wpseo_focuskw":"Stiftung","_yoast_wpseo_metadesc":"Die Stiftung BPN (Business Professionals Network) begann seine Pionierarbeit 1999 in Kirgistan und feiert 25-Jahr-Jubil\u00e4um.","articlekey":"","footnotes":""},"categories":[28],"tags":[292,334,335,455],"class_list":["post-24343","post","type-post","status-publish","format-standard","has-post-thumbnail","hentry","category-management","tag-jubilaeum","tag-management","tag-management-und-unternehmensfuehrung","tag-stiftung"],"acf":[],"yoast_head":"<!-- This site is optimized with the Yoast SEO plugin v27.4 - https:\/\/yoast.com\/product\/yoast-seo-wordpress\/ -->\n<title>Die Stiftung BPN feiert 25-Jahr-Jubil\u00e4um - Organisator<\/title>\n<meta name=\"description\" content=\"Die Stiftung BPN (Business Professionals Network) begann seine Pionierarbeit 1999 in Kirgistan und feiert 25-Jahr-Jubil\u00e4um.\" \/>\n<meta name=\"robots\" content=\"index, follow, max-snippet:-1, max-image-preview:large, max-video-preview:-1\" \/>\n<link rel=\"canonical\" href=\"https:\/\/www.organisator.ch\/it\/gestione-2\/2024-01-17\/die-stiftung-bpn-feiert-25-jahr-jubilaeum\/\" \/>\n<meta property=\"og:locale\" content=\"it_IT\" \/>\n<meta property=\"og:type\" content=\"article\" \/>\n<meta property=\"og:title\" content=\"Die Stiftung BPN feiert 25-Jahr-Jubil\u00e4um\" \/>\n<meta property=\"og:description\" content=\"Die Stiftung BPN (Business Professionals Network) begann seine Pionierarbeit 1999 in Kirgistan und feiert 25-Jahr-Jubil\u00e4um.\" \/>\n<meta property=\"og:url\" content=\"https:\/\/www.organisator.ch\/it\/gestione-2\/2024-01-17\/die-stiftung-bpn-feiert-25-jahr-jubilaeum\/\" \/>\n<meta property=\"og:site_name\" content=\"Organisator\" \/>\n<meta property=\"article:publisher\" content=\"https:\/\/www.facebook.com\/OrganisatorFachmagazin\" \/>\n<meta property=\"article:published_time\" content=\"2024-01-17T04:33:19+00:00\" \/>\n<meta property=\"article:modified_time\" content=\"2024-01-17T07:19:57+00:00\" \/>\n<meta property=\"og:image\" content=\"https:\/\/www.organisator.ch\/wp-content\/uploads\/2024\/01\/25JahreBPN_neu.jpg\" \/>\n\t<meta property=\"og:image:width\" content=\"680\" \/>\n\t<meta property=\"og:image:height\" content=\"357\" \/>\n\t<meta property=\"og:image:type\" content=\"image\/jpeg\" \/>\n<meta name=\"author\" content=\"Adelisa Kalajdzini\" \/>\n<meta name=\"twitter:card\" content=\"summary_large_image\" \/>\n<meta name=\"twitter:title\" content=\"Die Stiftung BPN feiert 25-Jahr-Jubil\u00e4um\" \/>\n<meta name=\"twitter:description\" content=\"Die #Stiftung #BPN (Business Professionals Network) begann seine #Pionierarbeit 1999 in Kirgistan und feiert #25-Jahr-Jubil\u00e4um.\" \/>\n<meta name=\"twitter:image\" content=\"https:\/\/www.organisator.ch\/wp-content\/uploads\/2024\/01\/25JahreBPN_neu.jpg\" \/>\n<script type=\"application\/ld+json\" class=\"yoast-schema-graph\">{\"@context\":\"https:\\\/\\\/schema.org\",\"@graph\":[{\"@type\":\"Article\",\"@id\":\"https:\\\/\\\/www.organisator.ch\\\/management\\\/2024-01-17\\\/die-stiftung-bpn-feiert-25-jahr-jubilaeum\\\/#article\",\"isPartOf\":{\"@id\":\"https:\\\/\\\/www.organisator.ch\\\/management\\\/2024-01-17\\\/die-stiftung-bpn-feiert-25-jahr-jubilaeum\\\/\"},\"author\":{\"name\":\"Adelisa Kalajdzini\",\"@id\":\"https:\\\/\\\/www.organisator.ch\\\/#\\\/schema\\\/person\\\/2e1314a2172123f874db408d8911d3f3\"},\"headline\":\"Die Stiftung BPN feiert 25-Jahr-Jubil\u00e4um\",\"datePublished\":\"2024-01-17T04:33:19+00:00\",\"dateModified\":\"2024-01-17T07:19:57+00:00\",\"mainEntityOfPage\":{\"@id\":\"https:\\\/\\\/www.organisator.ch\\\/management\\\/2024-01-17\\\/die-stiftung-bpn-feiert-25-jahr-jubilaeum\\\/\"},\"wordCount\":344,\"publisher\":{\"@id\":\"https:\\\/\\\/www.organisator.ch\\\/#organization\"},\"image\":{\"@id\":\"https:\\\/\\\/www.organisator.ch\\\/management\\\/2024-01-17\\\/die-stiftung-bpn-feiert-25-jahr-jubilaeum\\\/#primaryimage\"},\"thumbnailUrl\":\"https:\\\/\\\/www.organisator.ch\\\/wp-content\\\/uploads\\\/2024\\\/01\\\/25JahreBPN_neu.jpg\",\"keywords\":[\"Jubil\u00e4um\",\"Management\",\"Management und Unternehmensf\u00fchrung\",\"Stiftung\"],\"articleSection\":[\"MANAGEMENT\"],\"inLanguage\":\"it-IT\"},{\"@type\":\"WebPage\",\"@id\":\"https:\\\/\\\/www.organisator.ch\\\/management\\\/2024-01-17\\\/die-stiftung-bpn-feiert-25-jahr-jubilaeum\\\/\",\"url\":\"https:\\\/\\\/www.organisator.ch\\\/management\\\/2024-01-17\\\/die-stiftung-bpn-feiert-25-jahr-jubilaeum\\\/\",\"name\":\"Die Stiftung BPN feiert 25-Jahr-Jubil\u00e4um - Organisator\",\"isPartOf\":{\"@id\":\"https:\\\/\\\/www.organisator.ch\\\/#website\"},\"primaryImageOfPage\":{\"@id\":\"https:\\\/\\\/www.organisator.ch\\\/management\\\/2024-01-17\\\/die-stiftung-bpn-feiert-25-jahr-jubilaeum\\\/#primaryimage\"},\"image\":{\"@id\":\"https:\\\/\\\/www.organisator.ch\\\/management\\\/2024-01-17\\\/die-stiftung-bpn-feiert-25-jahr-jubilaeum\\\/#primaryimage\"},\"thumbnailUrl\":\"https:\\\/\\\/www.organisator.ch\\\/wp-content\\\/uploads\\\/2024\\\/01\\\/25JahreBPN_neu.jpg\",\"datePublished\":\"2024-01-17T04:33:19+00:00\",\"dateModified\":\"2024-01-17T07:19:57+00:00\",\"description\":\"Die Stiftung BPN (Business Professionals Network) begann seine Pionierarbeit 1999 in Kirgistan und feiert 25-Jahr-Jubil\u00e4um.\",\"breadcrumb\":{\"@id\":\"https:\\\/\\\/www.organisator.ch\\\/management\\\/2024-01-17\\\/die-stiftung-bpn-feiert-25-jahr-jubilaeum\\\/#breadcrumb\"},\"inLanguage\":\"it-IT\",\"potentialAction\":[{\"@type\":\"ReadAction\",\"target\":[\"https:\\\/\\\/www.organisator.ch\\\/management\\\/2024-01-17\\\/die-stiftung-bpn-feiert-25-jahr-jubilaeum\\\/\"]}]},{\"@type\":\"ImageObject\",\"inLanguage\":\"it-IT\",\"@id\":\"https:\\\/\\\/www.organisator.ch\\\/management\\\/2024-01-17\\\/die-stiftung-bpn-feiert-25-jahr-jubilaeum\\\/#primaryimage\",\"url\":\"https:\\\/\\\/www.organisator.ch\\\/wp-content\\\/uploads\\\/2024\\\/01\\\/25JahreBPN_neu.jpg\",\"contentUrl\":\"https:\\\/\\\/www.organisator.ch\\\/wp-content\\\/uploads\\\/2024\\\/01\\\/25JahreBPN_neu.jpg\",\"width\":680,\"height\":357,\"caption\":\": Ende Juni feiert BPN mit einer Reise nach Kirgistan das besondere Schaffen der Stiftung in all seinen Facetten. (Bild: www.bpn.ch)\"},{\"@type\":\"BreadcrumbList\",\"@id\":\"https:\\\/\\\/www.organisator.ch\\\/management\\\/2024-01-17\\\/die-stiftung-bpn-feiert-25-jahr-jubilaeum\\\/#breadcrumb\",\"itemListElement\":[{\"@type\":\"ListItem\",\"position\":1,\"name\":\"Home\",\"item\":\"https:\\\/\\\/www.organisator.ch\\\/\"},{\"@type\":\"ListItem\",\"position\":2,\"name\":\"Die Stiftung BPN feiert 25-Jahr-Jubil\u00e4um\"}]},{\"@type\":\"WebSite\",\"@id\":\"https:\\\/\\\/www.organisator.ch\\\/#website\",\"url\":\"https:\\\/\\\/www.organisator.ch\\\/\",\"name\":\"Organisator\",\"description\":\"Kompetent. Praxisnah. Der ORGANISATOR bereitet in 10 Ausgaben pro Jahr die wesentlichen Themen f\u00fcr F\u00fchrungskr\u00e4fte von KMU auf.\",\"publisher\":{\"@id\":\"https:\\\/\\\/www.organisator.ch\\\/#organization\"},\"potentialAction\":[{\"@type\":\"SearchAction\",\"target\":{\"@type\":\"EntryPoint\",\"urlTemplate\":\"https:\\\/\\\/www.organisator.ch\\\/?s={search_term_string}\"},\"query-input\":{\"@type\":\"PropertyValueSpecification\",\"valueRequired\":true,\"valueName\":\"search_term_string\"}}],\"inLanguage\":\"it-IT\"},{\"@type\":\"Organization\",\"@id\":\"https:\\\/\\\/www.organisator.ch\\\/#organization\",\"name\":\"Organisator\",\"url\":\"https:\\\/\\\/www.organisator.ch\\\/\",\"logo\":{\"@type\":\"ImageObject\",\"inLanguage\":\"it-IT\",\"@id\":\"https:\\\/\\\/www.organisator.ch\\\/#\\\/schema\\\/logo\\\/image\\\/\",\"url\":\"https:\\\/\\\/www.organisator.ch\\\/wp-content\\\/uploads\\\/2022\\\/01\\\/Logo_Organisator_Website.png\",\"contentUrl\":\"https:\\\/\\\/www.organisator.ch\\\/wp-content\\\/uploads\\\/2022\\\/01\\\/Logo_Organisator_Website.png\",\"width\":800,\"height\":77,\"caption\":\"Organisator\"},\"image\":{\"@id\":\"https:\\\/\\\/www.organisator.ch\\\/#\\\/schema\\\/logo\\\/image\\\/\"},\"sameAs\":[\"https:\\\/\\\/www.facebook.com\\\/OrganisatorFachmagazin\",\"https:\\\/\\\/www.linkedin.com\\\/showcase\\\/organisator-das-magazin-fr-kmu\",\"https:\\\/\\\/www.xing.com\\\/news\\\/pages\\\/organisator-ch-695\",\"https:\\\/\\\/www.youtube.com\\\/channel\\\/UCGP2Sq0iWaZwT3BdIAQFYpw\"]},{\"@type\":\"Person\",\"@id\":\"https:\\\/\\\/www.organisator.ch\\\/#\\\/schema\\\/person\\\/2e1314a2172123f874db408d8911d3f3\",\"name\":\"Adelisa Kalajdzini\",\"image\":{\"@type\":\"ImageObject\",\"inLanguage\":\"it-IT\",\"@id\":\"https:\\\/\\\/secure.gravatar.com\\\/avatar\\\/09a397c22ac58cad6f160ee8306348599df9df58a8ede73696226897b9fa4b24?s=96&d=mm&r=g\",\"url\":\"https:\\\/\\\/secure.gravatar.com\\\/avatar\\\/09a397c22ac58cad6f160ee8306348599df9df58a8ede73696226897b9fa4b24?s=96&d=mm&r=g\",\"contentUrl\":\"https:\\\/\\\/secure.gravatar.com\\\/avatar\\\/09a397c22ac58cad6f160ee8306348599df9df58a8ede73696226897b9fa4b24?s=96&d=mm&r=g\",\"caption\":\"Adelisa Kalajdzini\"},\"url\":\"https:\\\/\\\/www.organisator.ch\\\/it\\\/author\\\/adelisa-kalajdzini\\\/\"}]}<\/script>\n<!-- \/ Yoast SEO plugin. -->","yoast_head_json":{"title":"La Fondazione BPN celebra il suo 25\u00b0 anniversario - Organizzatore","description":"La Fondazione BPN (Business Professionals Network) ha iniziato il suo lavoro pionieristico in Kirghizistan nel 1999 e sta celebrando il suo 25\u00b0 anniversario.","robots":{"index":"index","follow":"follow","max-snippet":"max-snippet:-1","max-image-preview":"max-image-preview:large","max-video-preview":"max-video-preview:-1"},"canonical":"https:\/\/www.organisator.ch\/it\/gestione-2\/2024-01-17\/die-stiftung-bpn-feiert-25-jahr-jubilaeum\/","og_locale":"it_IT","og_type":"article","og_title":"Die Stiftung BPN feiert 25-Jahr-Jubil\u00e4um","og_description":"Die Stiftung BPN (Business Professionals Network) begann seine Pionierarbeit 1999 in Kirgistan und feiert 25-Jahr-Jubil\u00e4um.","og_url":"https:\/\/www.organisator.ch\/it\/gestione-2\/2024-01-17\/die-stiftung-bpn-feiert-25-jahr-jubilaeum\/","og_site_name":"Organisator","article_publisher":"https:\/\/www.facebook.com\/OrganisatorFachmagazin","article_published_time":"2024-01-17T04:33:19+00:00","article_modified_time":"2024-01-17T07:19:57+00:00","og_image":[{"width":680,"height":357,"url":"https:\/\/www.organisator.ch\/wp-content\/uploads\/2024\/01\/25JahreBPN_neu.jpg","type":"image\/jpeg"}],"author":"Adelisa Kalajdzini","twitter_card":"summary_large_image","twitter_title":"Die Stiftung BPN feiert 25-Jahr-Jubil\u00e4um","twitter_description":"Die #Stiftung #BPN (Business Professionals Network) begann seine #Pionierarbeit 1999 in Kirgistan und feiert #25-Jahr-Jubil\u00e4um.","twitter_image":"https:\/\/www.organisator.ch\/wp-content\/uploads\/2024\/01\/25JahreBPN_neu.jpg","schema":{"@context":"https:\/\/schema.org","@graph":[{"@type":"Article","@id":"https:\/\/www.organisator.ch\/management\/2024-01-17\/die-stiftung-bpn-feiert-25-jahr-jubilaeum\/#article","isPartOf":{"@id":"https:\/\/www.organisator.ch\/management\/2024-01-17\/die-stiftung-bpn-feiert-25-jahr-jubilaeum\/"},"author":{"name":"Adelisa Kalajdzini","@id":"https:\/\/www.organisator.ch\/#\/schema\/person\/2e1314a2172123f874db408d8911d3f3"},"headline":"Die Stiftung BPN feiert 25-Jahr-Jubil\u00e4um","datePublished":"2024-01-17T04:33:19+00:00","dateModified":"2024-01-17T07:19:57+00:00","mainEntityOfPage":{"@id":"https:\/\/www.organisator.ch\/management\/2024-01-17\/die-stiftung-bpn-feiert-25-jahr-jubilaeum\/"},"wordCount":344,"publisher":{"@id":"https:\/\/www.organisator.ch\/#organization"},"image":{"@id":"https:\/\/www.organisator.ch\/management\/2024-01-17\/die-stiftung-bpn-feiert-25-jahr-jubilaeum\/#primaryimage"},"thumbnailUrl":"https:\/\/www.organisator.ch\/wp-content\/uploads\/2024\/01\/25JahreBPN_neu.jpg","keywords":["Jubil\u00e4um","Management","Management und Unternehmensf\u00fchrung","Stiftung"],"articleSection":["MANAGEMENT"],"inLanguage":"it-IT"},{"@type":"WebPage","@id":"https:\/\/www.organisator.ch\/management\/2024-01-17\/die-stiftung-bpn-feiert-25-jahr-jubilaeum\/","url":"https:\/\/www.organisator.ch\/management\/2024-01-17\/die-stiftung-bpn-feiert-25-jahr-jubilaeum\/","name":"La Fondazione BPN celebra il suo 25\u00b0 anniversario - Organizzatore","isPartOf":{"@id":"https:\/\/www.organisator.ch\/#website"},"primaryImageOfPage":{"@id":"https:\/\/www.organisator.ch\/management\/2024-01-17\/die-stiftung-bpn-feiert-25-jahr-jubilaeum\/#primaryimage"},"image":{"@id":"https:\/\/www.organisator.ch\/management\/2024-01-17\/die-stiftung-bpn-feiert-25-jahr-jubilaeum\/#primaryimage"},"thumbnailUrl":"https:\/\/www.organisator.ch\/wp-content\/uploads\/2024\/01\/25JahreBPN_neu.jpg","datePublished":"2024-01-17T04:33:19+00:00","dateModified":"2024-01-17T07:19:57+00:00","description":"La Fondazione BPN (Business Professionals Network) ha iniziato il suo lavoro pionieristico in Kirghizistan nel 1999 e sta celebrando il suo 25\u00b0 anniversario.","breadcrumb":{"@id":"https:\/\/www.organisator.ch\/management\/2024-01-17\/die-stiftung-bpn-feiert-25-jahr-jubilaeum\/#breadcrumb"},"inLanguage":"it-IT","potentialAction":[{"@type":"ReadAction","target":["https:\/\/www.organisator.ch\/management\/2024-01-17\/die-stiftung-bpn-feiert-25-jahr-jubilaeum\/"]}]},{"@type":"ImageObject","inLanguage":"it-IT","@id":"https:\/\/www.organisator.ch\/management\/2024-01-17\/die-stiftung-bpn-feiert-25-jahr-jubilaeum\/#primaryimage","url":"https:\/\/www.organisator.ch\/wp-content\/uploads\/2024\/01\/25JahreBPN_neu.jpg","contentUrl":"https:\/\/www.organisator.ch\/wp-content\/uploads\/2024\/01\/25JahreBPN_neu.jpg","width":680,"height":357,"caption":": Ende Juni feiert BPN mit einer Reise nach Kirgistan das besondere Schaffen der Stiftung in all seinen Facetten. (Bild: www.bpn.ch)"},{"@type":"BreadcrumbList","@id":"https:\/\/www.organisator.ch\/management\/2024-01-17\/die-stiftung-bpn-feiert-25-jahr-jubilaeum\/#breadcrumb","itemListElement":[{"@type":"ListItem","position":1,"name":"Home","item":"https:\/\/www.organisator.ch\/"},{"@type":"ListItem","position":2,"name":"Die Stiftung BPN feiert 25-Jahr-Jubil\u00e4um"}]},{"@type":"WebSite","@id":"https:\/\/www.organisator.ch\/#website","url":"https:\/\/www.organisator.ch\/","name":"Organizzatore","description":"Competente. Pratico. In 10 numeri all'anno, ORGANISATOR presenta i temi essenziali per i manager delle PMI.","publisher":{"@id":"https:\/\/www.organisator.ch\/#organization"},"potentialAction":[{"@type":"SearchAction","target":{"@type":"EntryPoint","urlTemplate":"https:\/\/www.organisator.ch\/?s={search_term_string}"},"query-input":{"@type":"PropertyValueSpecification","valueRequired":true,"valueName":"search_term_string"}}],"inLanguage":"it-IT"},{"@type":"Organization","@id":"https:\/\/www.organisator.ch\/#organization","name":"Organizzatore","url":"https:\/\/www.organisator.ch\/","logo":{"@type":"ImageObject","inLanguage":"it-IT","@id":"https:\/\/www.organisator.ch\/#\/schema\/logo\/image\/","url":"https:\/\/www.organisator.ch\/wp-content\/uploads\/2022\/01\/Logo_Organisator_Website.png","contentUrl":"https:\/\/www.organisator.ch\/wp-content\/uploads\/2022\/01\/Logo_Organisator_Website.png","width":800,"height":77,"caption":"Organisator"},"image":{"@id":"https:\/\/www.organisator.ch\/#\/schema\/logo\/image\/"},"sameAs":["https:\/\/www.facebook.com\/OrganisatorFachmagazin","https:\/\/www.linkedin.com\/showcase\/organisator-das-magazin-fr-kmu","https:\/\/www.xing.com\/news\/pages\/organisator-ch-695","https:\/\/www.youtube.com\/channel\/UCGP2Sq0iWaZwT3BdIAQFYpw"]},{"@type":"Person","@id":"https:\/\/www.organisator.ch\/#\/schema\/person\/2e1314a2172123f874db408d8911d3f3","name":"Adelisa Kalajdzini","image":{"@type":"ImageObject","inLanguage":"it-IT","@id":"https:\/\/secure.gravatar.com\/avatar\/09a397c22ac58cad6f160ee8306348599df9df58a8ede73696226897b9fa4b24?s=96&d=mm&r=g","url":"https:\/\/secure.gravatar.com\/avatar\/09a397c22ac58cad6f160ee8306348599df9df58a8ede73696226897b9fa4b24?s=96&d=mm&r=g","contentUrl":"https:\/\/secure.gravatar.com\/avatar\/09a397c22ac58cad6f160ee8306348599df9df58a8ede73696226897b9fa4b24?s=96&d=mm&r=g","caption":"Adelisa Kalajdzini"},"url":"https:\/\/www.organisator.ch\/it\/author\/adelisa-kalajdzini\/"}]}},"_links":{"self":[{"href":"https:\/\/www.organisator.ch\/it\/wp-json\/wp\/v2\/posts\/24343","targetHints":{"allow":["GET"]}}],"collection":[{"href":"https:\/\/www.organisator.ch\/it\/wp-json\/wp\/v2\/posts"}],"about":[{"href":"https:\/\/www.organisator.ch\/it\/wp-json\/wp\/v2\/types\/post"}],"author":[{"embeddable":true,"href":"https:\/\/www.organisator.ch\/it\/wp-json\/wp\/v2\/users\/58"}],"replies":[{"embeddable":true,"href":"https:\/\/www.organisator.ch\/it\/wp-json\/wp\/v2\/comments?post=24343"}],"version-history":[{"count":9,"href":"https:\/\/www.organisator.ch\/it\/wp-json\/wp\/v2\/posts\/24343\/revisions"}],"predecessor-version":[{"id":28300,"href":"https:\/\/www.organisator.ch\/it\/wp-json\/wp\/v2\/posts\/24343\/revisions\/28300"}],"wp:featuredmedia":[{"embeddable":true,"href":"https:\/\/www.organisator.ch\/it\/wp-json\/wp\/v2\/media\/24344"}],"wp:attachment":[{"href":"https:\/\/www.organisator.ch\/it\/wp-json\/wp\/v2\/media?parent=24343"}],"wp:term":[{"taxonomy":"category","embeddable":true,"href":"https:\/\/www.organisator.ch\/it\/wp-json\/wp\/v2\/categories?post=24343"},{"taxonomy":"post_tag","embeddable":true,"href":"https:\/\/www.organisator.ch\/it\/wp-json\/wp\/v2\/tags?post=24343"}],"curies":[{"name":"wp","href":"https:\/\/api.w.org\/{rel}","templated":true}]}}