{"id":24455,"date":"2024-01-19T18:21:44","date_gmt":"2024-01-19T17:21:44","guid":{"rendered":"https:\/\/www.organisator.ch\/?p=24455"},"modified":"2024-02-01T09:14:42","modified_gmt":"2024-02-01T08:14:42","slug":"die-furrerfrey-ag-ist-preistraegerin-des-phoenix-award-2023","status":"publish","type":"post","link":"https:\/\/www.organisator.ch\/it\/management\/2024-01-19\/die-furrerfrey-ag-ist-preistraegerin-des-phoenix-award-2023\/","title":{"rendered":"Furrer+Frey AG \u00e8 il vincitore del Premio Phoenix 2023"},"content":{"rendered":"<figure id=\"attachment_24456\" aria-describedby=\"caption-attachment-24456\" style=\"width: 680px\" class=\"wp-caption alignnone\"><img loading=\"lazy\" decoding=\"async\" class=\"size-full wp-image-24456\" src=\"https:\/\/www.organisator.ch\/wp-content\/uploads\/2024\/01\/Die-FurrerFrey-AG-ist-Preistraegerin-des-Phoenix-Award-2023_Organisator.jpg\" alt=\"\" width=\"680\" height=\"482\" srcset=\"https:\/\/www.organisator.ch\/wp-content\/uploads\/2024\/01\/Die-FurrerFrey-AG-ist-Preistraegerin-des-Phoenix-Award-2023_Organisator.jpg 680w, https:\/\/www.organisator.ch\/wp-content\/uploads\/2024\/01\/Die-FurrerFrey-AG-ist-Preistraegerin-des-Phoenix-Award-2023_Organisator-18x12.jpg 18w, https:\/\/www.organisator.ch\/wp-content\/uploads\/2024\/01\/Die-FurrerFrey-AG-ist-Preistraegerin-des-Phoenix-Award-2023_Organisator-375x266.jpg 375w, https:\/\/www.organisator.ch\/wp-content\/uploads\/2024\/01\/Die-FurrerFrey-AG-ist-Preistraegerin-des-Phoenix-Award-2023_Organisator-494x350.jpg 494w\" sizes=\"auto, (max-width: 680px) 100vw, 680px\" \/><figcaption id=\"caption-attachment-24456\" class=\"wp-caption-text\">Due generazioni dell'azienda familiare Furrer+Frey AG hanno ricevuto il Phoenix Award 2023 per l'imprenditorialit\u00e0 svizzera di lungo periodo. Da sinistra a destra: Martin Godel, vicedirettore della Promozione della localizzazione e responsabile della politica per le PMI della SECO, Carla Kaufmann, vicepresidente dell'organizzazione ombrello svizzera per la successione aziendale - CHDU, Rico Furrer, CEO Furrer+Frey AG, Beat Furrer, membro della direzione Furrer+Frey AG, il lodatore e membro del comitato consultivo della giuria Armin Baumann, CEO KMU SWISS AG, e il consigliere nazionale Dominik Blunschy. (Foto: Associazione svizzera per la successione aziendale - CHDU)<\/figcaption><\/figure>\n<p>Il premio Phoenix per l'imprenditorialit\u00e0 a lungo termine, assegnato per la quarta volta, va ancora una volta a un'azienda di Berna: Dopo la <a href=\"https:\/\/www.organisator.ch\/de\/management\/2023-01-13\/die-blaser-cafe-ag-mit-dem-phoenix-award-2022-ausgezeichnet\/\">Blaser Caf\u00e9 AG 2022<\/a> Furrer+Frey AG \u00e8 stata premiata il 19 gennaio 2024. Beat Furrer, membro del Comitato esecutivo e rappresentante della terza generazione dell'azienda di famiglia, e suo figlio Rico Furrer, CEO, hanno ritirato il premio di persona. Il premio segna la conclusione positiva dell'anno di anniversario 2023, in cui l'azienda ha celebrato il suo 100\u00b0 anniversario. Il certificato di premiazione \u00e8 stato consegnato da Carla Kaufmann, vicepresidente del CHDU, insieme al lodatore Armin Baumann, membro del comitato consultivo della giuria del Phoenix Award e CEO di KMU SWISS AG. Nel suo discorso elogiativo, ha premiato l'azienda con queste parole, tra le altre: \"Vorrei che ci fossero pi\u00f9 aziende come Furrer+Frey AG. Operare con successo come azienda per oltre 100 anni \u00e8 fenomenale, considerando che oggi solo un'azienda su cinque start-up sopravvive al quinto anno\".<\/p>\n<p>Anche il Consigliere nazionale Dominik Blunschy si \u00e8 congratulato personalmente per aver ricevuto il premio. \"Con la sua successione aziendale di successo alla quarta generazione, Furrer+Frey AG ha dato un contributo duraturo alla Svizzera come centro di innovazione e di affari. L'azienda \u00e8 emblematica delle nostre PMI, che sono il cuore e il motore dell'economia svizzera\", ha riassunto. Anche Martin Godel, vicedirettore della Promozione della localizzazione e responsabile della politica per le PMI della SECO, si \u00e8 congratulato con i vincitori del premio presso la sede dell'azienda a Berna.<\/p>\n<h3>Mettere sotto i riflettori le successioni aziendali di successo<\/h3>\n<p>Il <a href=\"https:\/\/impulswerk.us10.list-manage.com\/track\/click?u=c6a56467d013139377a7ad4e3&amp;id=a4ccb03f79&amp;e=dec83a6326\">Premio Phoenix<\/a> per l'imprenditoria svizzera a lungo termine viene assegnato ogni anno dal 2020. Il premio premia le PMI svizzere che hanno saputo pianificare la propria successione per almeno un secolo. Il premio d\u00e0 loro la visibilit\u00e0 e il palcoscenico che meritano. Le PMI che hanno gestito con successo la loro successione per un periodo di tempo cos\u00ec lungo hanno solitamente dovuto superare diverse crisi, come guerre mondiali e crisi economiche, e risorgere come la \"Fenice dalle ceneri\". Anche Furrer+Frey ha vissuto questa esperienza, ad esempio con la morte prematura del fondatore Emil Furrer o con la partenza della seconda famiglia fondatrice. Nonostante tutto, l'azienda si \u00e8 dimostrata sempre resistente.<\/p>\n<p>I potenziali vincitori del premio si concentrano sulle PMI svizzere che hanno compiuto 100 anni nell'anno in questione o che sono iscritte nel registro commerciale svizzero da 100 anni. Una giuria di esperti e un comitato consultivo con rappresentanti del mondo scientifico, imprenditoriale e dei media selezionano il vincitore del Phoenix Award tra queste aziende in un processo a pi\u00f9 fasi. La valutazione si concentra sulla capacit\u00e0 dell'azienda di innovare e di creare disastri, sulle prestazioni del suo team e sul suo contributo alla societ\u00e0 e all'economia. In questo senso, Furrer+Frey ha dimostrato di essere un degno candidato per il Phoenix Award di quest'anno.<\/p>\n<h3><strong>Convincere la giuria con coraggio, competenza e innovazione<\/strong><\/h3>\n<p>Da uno studio di ingegneria di due persone, fondato a Berna dagli ingegneri Emil Furrer e Arnold Frey nel 1923, a uno dei principali fornitori internazionali di sistemi di linee aeree di contatto per il trasporto pubblico. Alla base di questa storia di successo ci sono il coraggio imprenditoriale, la competenza e una forte missione: sostenere le ferrovie con l'elettrificazione ed eseguire lavori sulle linee aeree. \u00c8 cos\u00ec che i due fondatori dell'azienda hanno ottenuto il primo contratto 100 anni fa dalle FFS, che ancora oggi sono clienti di Furrer+Frey AG. Queste competenze, che da allora costituiscono un filo conduttore per lo sviluppo dell'azienda, hanno convinto anche la giuria e il comitato consultivo del Phoenix Award. Essi hanno riassunto il merito dell'azienda in questi punti, tra gli altri:<\/p>\n<ul>\n<li>L'attenzione si concentra sulla competenza principale della costruzione di linee aeree e dell'elettrificazione della mobilit\u00e0 pubblica.<\/li>\n<li>La forza innovativa che si manifesta in vari sviluppi e progetti e che costituisce la base per l'espansione internazionale, ad esempio:\n<ul>\n<li>Nel 1984 \u00e8 stato sviluppato il sistema ferroviario a conduttori aerei, che nel 2014 ha stabilito un record mondiale di 302 km\/h.<\/li>\n<li>Sistemi di linee aeree di contatto sviluppati internamente, che dal 2003 sono lo standard svizzero per le ferrovie private.<\/li>\n<li>Progetti come le gallerie di base dello Zimmerberg e del Ceneri, il tram di Berna Ovest, la ferrovia della Limmattal e altri progetti importanti.<\/li>\n<\/ul>\n<\/li>\n<li>La capacit\u00e0 di avere successo con la gestione dell'azienda di famiglia nella quarta generazione.<\/li>\n<li>Il modello commerciale sostenibile dell'azienda, con il quale contribuisce costantemente alla decarbonizzazione del trasporto pubblico.<\/li>\n<li>Finanziare la crescita in gran parte con risorse proprie per mantenere l'indipendenza imprenditoriale.<\/li>\n<li>Lo spirito di squadra e il grande impegno nei confronti dei dipendenti attraverso l'apprezzamento e la trasmissione delle competenze.<\/li>\n<\/ul>\n<h3><strong>Con un po' di fortuna e i giusti collaboratori<\/strong><\/h3>\n<p>Furrer+Frey AG opera a livello internazionale dal 1991 e da allora ha fondato filiali in Italia, Gran Bretagna, Cina, Germania e India con un totale di 340 dipendenti. Il fatto che il loro impegno sia uno dei fattori chiave del successo \u00e8 ancora oggi saldamente ancorato nella coscienza delle generazioni Furrer. Ci\u00f2 si riflette anche nelle parole di ringraziamento di Beat e Rico Furrer: \"Siamo lieti di ricevere il Phoenix Award e lo consideriamo sia un riconoscimento delle nostre attivit\u00e0 imprenditoriali di successo sia un grande apprezzamento per i nostri dipendenti. Dopo tutto, \u00e8 grazie a loro, oltre che al nostro duro lavoro, alla modestia, alla coscienziosit\u00e0 e a un pizzico di fortuna, che la nostra azienda esiste ancora oggi. Questo premio rafforza anche l'importanza della successione aziendale per la diversit\u00e0 del nostro panorama di PMI svizzere e per la Svizzera come centro industriale, che accogliamo con grande favore.\"<\/p>\n<p><em>Fonte: <a href=\"https:\/\/www.chdu.ch\/\">Organizzazione mantello svizzera per la successione aziendale CHDU<\/a>. <a href=\"https:\/\/www.furrerfrey.ch\/de\/furrerfrey\/wir.html\">Ulteriori informazioni sul vincitore del premio<\/a><\/em><\/p>","protected":false},"excerpt":{"rendered":"<p>Un premio per l'imprenditorialit\u00e0 svizzera a lungo termine: 100 anni di successi nella costruzione di linee aeree meritano un riconoscimento adeguato. Il 19 gennaio 2024, Furrer+Frey AG ha ricevuto il Premio Phoenix 2023 per l'imprenditorialit\u00e0 svizzera a lungo termine, conferito dall'associazione svizzera per la successione aziendale - CHDU. <\/p>","protected":false},"author":4,"featured_media":24456,"comment_status":"closed","ping_status":"closed","sticky":false,"template":"","format":"standard","meta":{"_acf_changed":false,"_yoast_wpseo_focuskw":"Furrer+Frey","_yoast_wpseo_metadesc":"Am 19. Januar 2024 erhielt die Furrer+Frey AG den Phoenix Award 2023 f\u00fcr langfristiges Schweizer Unternehmertum.","articlekey":"","footnotes":""},"categories":[28],"tags":[66,207,335,492],"class_list":["post-24455","post","type-post","status-publish","format-standard","has-post-thumbnail","hentry","category-management","tag-awards","tag-firmennachfolge","tag-management-und-unternehmensfuehrung","tag-unternehmen"],"acf":[],"yoast_head":"<!-- This site is optimized with the Yoast SEO plugin v27.5 - https:\/\/yoast.com\/product\/yoast-seo-wordpress\/ -->\n<title>Die Furrer+Frey AG ist Preistr\u00e4gerin des Phoenix Award 2023 - Organisator<\/title>\n<meta name=\"description\" content=\"Am 19. Januar 2024 erhielt die Furrer+Frey AG den Phoenix Award 2023 f\u00fcr langfristiges Schweizer Unternehmertum.\" \/>\n<meta name=\"robots\" content=\"index, follow, max-snippet:-1, max-image-preview:large, max-video-preview:-1\" \/>\n<link rel=\"canonical\" href=\"https:\/\/www.organisator.ch\/it\/gestione-2\/2024-01-19\/die-furrerfrey-ag-ist-preistraegerin-des-phoenix-award-2023\/\" \/>\n<meta property=\"og:locale\" content=\"it_IT\" \/>\n<meta property=\"og:type\" content=\"article\" \/>\n<meta property=\"og:title\" content=\"Die Furrer+Frey AG ist Preistr\u00e4gerin des Phoenix Award 2023\" \/>\n<meta property=\"og:description\" content=\"Am 19. Januar 2024 erhielt die Furrer+Frey AG den Phoenix Award 2023 f\u00fcr langfristiges Schweizer Unternehmertum.\" \/>\n<meta property=\"og:url\" content=\"https:\/\/www.organisator.ch\/it\/gestione-2\/2024-01-19\/die-furrerfrey-ag-ist-preistraegerin-des-phoenix-award-2023\/\" \/>\n<meta property=\"og:site_name\" content=\"Organisator\" \/>\n<meta property=\"article:publisher\" content=\"https:\/\/www.facebook.com\/OrganisatorFachmagazin\" \/>\n<meta property=\"article:published_time\" content=\"2024-01-19T17:21:44+00:00\" \/>\n<meta property=\"article:modified_time\" content=\"2024-02-01T08:14:42+00:00\" \/>\n<meta property=\"og:image\" content=\"https:\/\/www.organisator.ch\/wp-content\/uploads\/2024\/01\/Die-FurrerFrey-AG-ist-Preistraegerin-des-Phoenix-Award-2023_Organisator.jpg\" \/>\n\t<meta property=\"og:image:width\" content=\"680\" \/>\n\t<meta property=\"og:image:height\" content=\"482\" \/>\n\t<meta property=\"og:image:type\" content=\"image\/jpeg\" \/>\n<meta name=\"author\" content=\"thomas.berner\" \/>\n<meta name=\"twitter:card\" content=\"summary_large_image\" \/>\n<meta name=\"twitter:title\" content=\"Die #Furrer+Frey AG ist Preistr\u00e4gerin des Phoenix Award 2023\" \/>\n<meta name=\"twitter:description\" content=\"Am 19. Januar 2024 erhielt die #Furrer+Frey AG den #Phoenix Award 2023 f\u00fcr langfristiges Schweizer Unternehmertum.\" \/>\n<meta name=\"twitter:image\" content=\"https:\/\/www.organisator.ch\/wp-content\/uploads\/2024\/01\/Die-FurrerFrey-AG-ist-Preistraegerin-des-Phoenix-Award-2023_Organisator.jpg\" \/>\n<script type=\"application\/ld+json\" class=\"yoast-schema-graph\">{\"@context\":\"https:\\\/\\\/schema.org\",\"@graph\":[{\"@type\":\"Article\",\"@id\":\"https:\\\/\\\/www.organisator.ch\\\/management\\\/2024-01-19\\\/die-furrerfrey-ag-ist-preistraegerin-des-phoenix-award-2023\\\/#article\",\"isPartOf\":{\"@id\":\"https:\\\/\\\/www.organisator.ch\\\/management\\\/2024-01-19\\\/die-furrerfrey-ag-ist-preistraegerin-des-phoenix-award-2023\\\/\"},\"author\":{\"name\":\"thomas.berner\",\"@id\":\"https:\\\/\\\/www.organisator.ch\\\/#\\\/schema\\\/person\\\/6f650f90b2842cd4c0cc334b4e36f67e\"},\"headline\":\"Die Furrer+Frey AG ist Preistr\u00e4gerin des Phoenix Award 2023\",\"datePublished\":\"2024-01-19T17:21:44+00:00\",\"dateModified\":\"2024-02-01T08:14:42+00:00\",\"mainEntityOfPage\":{\"@id\":\"https:\\\/\\\/www.organisator.ch\\\/management\\\/2024-01-19\\\/die-furrerfrey-ag-ist-preistraegerin-des-phoenix-award-2023\\\/\"},\"wordCount\":949,\"publisher\":{\"@id\":\"https:\\\/\\\/www.organisator.ch\\\/#organization\"},\"image\":{\"@id\":\"https:\\\/\\\/www.organisator.ch\\\/management\\\/2024-01-19\\\/die-furrerfrey-ag-ist-preistraegerin-des-phoenix-award-2023\\\/#primaryimage\"},\"thumbnailUrl\":\"https:\\\/\\\/www.organisator.ch\\\/wp-content\\\/uploads\\\/2024\\\/01\\\/Die-FurrerFrey-AG-ist-Preistraegerin-des-Phoenix-Award-2023_Organisator.jpg\",\"keywords\":[\"Awards\",\"Firmennachfolge\",\"Management und Unternehmensf\u00fchrung\",\"Unternehmen\"],\"articleSection\":[\"MANAGEMENT\"],\"inLanguage\":\"it-IT\"},{\"@type\":\"WebPage\",\"@id\":\"https:\\\/\\\/www.organisator.ch\\\/management\\\/2024-01-19\\\/die-furrerfrey-ag-ist-preistraegerin-des-phoenix-award-2023\\\/\",\"url\":\"https:\\\/\\\/www.organisator.ch\\\/management\\\/2024-01-19\\\/die-furrerfrey-ag-ist-preistraegerin-des-phoenix-award-2023\\\/\",\"name\":\"Die Furrer+Frey AG ist Preistr\u00e4gerin des Phoenix Award 2023 - Organisator\",\"isPartOf\":{\"@id\":\"https:\\\/\\\/www.organisator.ch\\\/#website\"},\"primaryImageOfPage\":{\"@id\":\"https:\\\/\\\/www.organisator.ch\\\/management\\\/2024-01-19\\\/die-furrerfrey-ag-ist-preistraegerin-des-phoenix-award-2023\\\/#primaryimage\"},\"image\":{\"@id\":\"https:\\\/\\\/www.organisator.ch\\\/management\\\/2024-01-19\\\/die-furrerfrey-ag-ist-preistraegerin-des-phoenix-award-2023\\\/#primaryimage\"},\"thumbnailUrl\":\"https:\\\/\\\/www.organisator.ch\\\/wp-content\\\/uploads\\\/2024\\\/01\\\/Die-FurrerFrey-AG-ist-Preistraegerin-des-Phoenix-Award-2023_Organisator.jpg\",\"datePublished\":\"2024-01-19T17:21:44+00:00\",\"dateModified\":\"2024-02-01T08:14:42+00:00\",\"description\":\"Am 19. Januar 2024 erhielt die Furrer+Frey AG den Phoenix Award 2023 f\u00fcr langfristiges Schweizer Unternehmertum.\",\"breadcrumb\":{\"@id\":\"https:\\\/\\\/www.organisator.ch\\\/management\\\/2024-01-19\\\/die-furrerfrey-ag-ist-preistraegerin-des-phoenix-award-2023\\\/#breadcrumb\"},\"inLanguage\":\"it-IT\",\"potentialAction\":[{\"@type\":\"ReadAction\",\"target\":[\"https:\\\/\\\/www.organisator.ch\\\/management\\\/2024-01-19\\\/die-furrerfrey-ag-ist-preistraegerin-des-phoenix-award-2023\\\/\"]}]},{\"@type\":\"ImageObject\",\"inLanguage\":\"it-IT\",\"@id\":\"https:\\\/\\\/www.organisator.ch\\\/management\\\/2024-01-19\\\/die-furrerfrey-ag-ist-preistraegerin-des-phoenix-award-2023\\\/#primaryimage\",\"url\":\"https:\\\/\\\/www.organisator.ch\\\/wp-content\\\/uploads\\\/2024\\\/01\\\/Die-FurrerFrey-AG-ist-Preistraegerin-des-Phoenix-Award-2023_Organisator.jpg\",\"contentUrl\":\"https:\\\/\\\/www.organisator.ch\\\/wp-content\\\/uploads\\\/2024\\\/01\\\/Die-FurrerFrey-AG-ist-Preistraegerin-des-Phoenix-Award-2023_Organisator.jpg\",\"width\":680,\"height\":482,\"caption\":\"Zwei Generationen des Familienunternehmens Furrer+Frey AG nahmen den Phoenix Award 2023 f\u00fcr langfristiges Schweizer Unternehmertum entgegen. vlnr.: Martin Godel, stellvertretender Direktionsleiter der Standortf\u00f6rderung und Leiter KMU-Politik beim SECO, Carla Kaufmann, Vizepr\u00e4sidentin Schweizer Dachverband f\u00fcr Unternehmensnachfolge \u2013 CHDU, Rico Furrer, CEO Furrer+Frey AG, Beat Furrer, Gesch\u00e4ftsleitungsmitglied Furrer+Frey AG, Laudator und Mitglied Jury-Beirat Armin Baumann, CEO KMU SWISS AG, und Nationalrat Dominik Blunschy. (Foto: Schweizer Dachverband f\u00fcr Unternehmensnachfolge \u2013 CHDU)\"},{\"@type\":\"BreadcrumbList\",\"@id\":\"https:\\\/\\\/www.organisator.ch\\\/management\\\/2024-01-19\\\/die-furrerfrey-ag-ist-preistraegerin-des-phoenix-award-2023\\\/#breadcrumb\",\"itemListElement\":[{\"@type\":\"ListItem\",\"position\":1,\"name\":\"Home\",\"item\":\"https:\\\/\\\/www.organisator.ch\\\/\"},{\"@type\":\"ListItem\",\"position\":2,\"name\":\"Die Furrer+Frey AG ist Preistr\u00e4gerin des Phoenix Award 2023\"}]},{\"@type\":\"WebSite\",\"@id\":\"https:\\\/\\\/www.organisator.ch\\\/#website\",\"url\":\"https:\\\/\\\/www.organisator.ch\\\/\",\"name\":\"Organisator\",\"description\":\"Kompetent. Praxisnah. Der ORGANISATOR bereitet in 10 Ausgaben pro Jahr die wesentlichen Themen f\u00fcr F\u00fchrungskr\u00e4fte von KMU auf.\",\"publisher\":{\"@id\":\"https:\\\/\\\/www.organisator.ch\\\/#organization\"},\"potentialAction\":[{\"@type\":\"SearchAction\",\"target\":{\"@type\":\"EntryPoint\",\"urlTemplate\":\"https:\\\/\\\/www.organisator.ch\\\/?s={search_term_string}\"},\"query-input\":{\"@type\":\"PropertyValueSpecification\",\"valueRequired\":true,\"valueName\":\"search_term_string\"}}],\"inLanguage\":\"it-IT\"},{\"@type\":\"Organization\",\"@id\":\"https:\\\/\\\/www.organisator.ch\\\/#organization\",\"name\":\"Organisator\",\"url\":\"https:\\\/\\\/www.organisator.ch\\\/\",\"logo\":{\"@type\":\"ImageObject\",\"inLanguage\":\"it-IT\",\"@id\":\"https:\\\/\\\/www.organisator.ch\\\/#\\\/schema\\\/logo\\\/image\\\/\",\"url\":\"https:\\\/\\\/www.organisator.ch\\\/wp-content\\\/uploads\\\/2022\\\/01\\\/Logo_Organisator_Website.png\",\"contentUrl\":\"https:\\\/\\\/www.organisator.ch\\\/wp-content\\\/uploads\\\/2022\\\/01\\\/Logo_Organisator_Website.png\",\"width\":800,\"height\":77,\"caption\":\"Organisator\"},\"image\":{\"@id\":\"https:\\\/\\\/www.organisator.ch\\\/#\\\/schema\\\/logo\\\/image\\\/\"},\"sameAs\":[\"https:\\\/\\\/www.facebook.com\\\/OrganisatorFachmagazin\",\"https:\\\/\\\/www.linkedin.com\\\/showcase\\\/organisator-das-magazin-fr-kmu\",\"https:\\\/\\\/www.xing.com\\\/news\\\/pages\\\/organisator-ch-695\",\"https:\\\/\\\/www.youtube.com\\\/channel\\\/UCGP2Sq0iWaZwT3BdIAQFYpw\"]},{\"@type\":\"Person\",\"@id\":\"https:\\\/\\\/www.organisator.ch\\\/#\\\/schema\\\/person\\\/6f650f90b2842cd4c0cc334b4e36f67e\",\"name\":\"thomas.berner\",\"image\":{\"@type\":\"ImageObject\",\"inLanguage\":\"it-IT\",\"@id\":\"https:\\\/\\\/secure.gravatar.com\\\/avatar\\\/ac5001d2a36cb6c6cd3e50789007ffca834b477b74a2144564522e944eabff61?s=96&d=mm&r=g\",\"url\":\"https:\\\/\\\/secure.gravatar.com\\\/avatar\\\/ac5001d2a36cb6c6cd3e50789007ffca834b477b74a2144564522e944eabff61?s=96&d=mm&r=g\",\"contentUrl\":\"https:\\\/\\\/secure.gravatar.com\\\/avatar\\\/ac5001d2a36cb6c6cd3e50789007ffca834b477b74a2144564522e944eabff61?s=96&d=mm&r=g\",\"caption\":\"thomas.berner\"},\"url\":\"https:\\\/\\\/www.organisator.ch\\\/it\\\/author\\\/thomas-berner\\\/\"}]}<\/script>\n<!-- \/ Yoast SEO plugin. -->","yoast_head_json":{"title":"Furrer+Frey AG \u00e8 il vincitore del Premio Phoenix 2023 - Organizzatore","description":"Il 19 gennaio 2024, Furrer+Frey AG ha ricevuto il Phoenix Award 2023 per l'imprenditorialit\u00e0 svizzera a lungo termine.","robots":{"index":"index","follow":"follow","max-snippet":"max-snippet:-1","max-image-preview":"max-image-preview:large","max-video-preview":"max-video-preview:-1"},"canonical":"https:\/\/www.organisator.ch\/it\/gestione-2\/2024-01-19\/die-furrerfrey-ag-ist-preistraegerin-des-phoenix-award-2023\/","og_locale":"it_IT","og_type":"article","og_title":"Die Furrer+Frey AG ist Preistr\u00e4gerin des Phoenix Award 2023","og_description":"Am 19. Januar 2024 erhielt die Furrer+Frey AG den Phoenix Award 2023 f\u00fcr langfristiges Schweizer Unternehmertum.","og_url":"https:\/\/www.organisator.ch\/it\/gestione-2\/2024-01-19\/die-furrerfrey-ag-ist-preistraegerin-des-phoenix-award-2023\/","og_site_name":"Organisator","article_publisher":"https:\/\/www.facebook.com\/OrganisatorFachmagazin","article_published_time":"2024-01-19T17:21:44+00:00","article_modified_time":"2024-02-01T08:14:42+00:00","og_image":[{"width":680,"height":482,"url":"https:\/\/www.organisator.ch\/wp-content\/uploads\/2024\/01\/Die-FurrerFrey-AG-ist-Preistraegerin-des-Phoenix-Award-2023_Organisator.jpg","type":"image\/jpeg"}],"author":"thomas.berner","twitter_card":"summary_large_image","twitter_title":"Die #Furrer+Frey AG ist Preistr\u00e4gerin des Phoenix Award 2023","twitter_description":"Am 19. Januar 2024 erhielt die #Furrer+Frey AG den #Phoenix Award 2023 f\u00fcr langfristiges Schweizer Unternehmertum.","twitter_image":"https:\/\/www.organisator.ch\/wp-content\/uploads\/2024\/01\/Die-FurrerFrey-AG-ist-Preistraegerin-des-Phoenix-Award-2023_Organisator.jpg","schema":{"@context":"https:\/\/schema.org","@graph":[{"@type":"Article","@id":"https:\/\/www.organisator.ch\/management\/2024-01-19\/die-furrerfrey-ag-ist-preistraegerin-des-phoenix-award-2023\/#article","isPartOf":{"@id":"https:\/\/www.organisator.ch\/management\/2024-01-19\/die-furrerfrey-ag-ist-preistraegerin-des-phoenix-award-2023\/"},"author":{"name":"thomas.berner","@id":"https:\/\/www.organisator.ch\/#\/schema\/person\/6f650f90b2842cd4c0cc334b4e36f67e"},"headline":"Die Furrer+Frey AG ist Preistr\u00e4gerin des Phoenix Award 2023","datePublished":"2024-01-19T17:21:44+00:00","dateModified":"2024-02-01T08:14:42+00:00","mainEntityOfPage":{"@id":"https:\/\/www.organisator.ch\/management\/2024-01-19\/die-furrerfrey-ag-ist-preistraegerin-des-phoenix-award-2023\/"},"wordCount":949,"publisher":{"@id":"https:\/\/www.organisator.ch\/#organization"},"image":{"@id":"https:\/\/www.organisator.ch\/management\/2024-01-19\/die-furrerfrey-ag-ist-preistraegerin-des-phoenix-award-2023\/#primaryimage"},"thumbnailUrl":"https:\/\/www.organisator.ch\/wp-content\/uploads\/2024\/01\/Die-FurrerFrey-AG-ist-Preistraegerin-des-Phoenix-Award-2023_Organisator.jpg","keywords":["Awards","Firmennachfolge","Management und Unternehmensf\u00fchrung","Unternehmen"],"articleSection":["MANAGEMENT"],"inLanguage":"it-IT"},{"@type":"WebPage","@id":"https:\/\/www.organisator.ch\/management\/2024-01-19\/die-furrerfrey-ag-ist-preistraegerin-des-phoenix-award-2023\/","url":"https:\/\/www.organisator.ch\/management\/2024-01-19\/die-furrerfrey-ag-ist-preistraegerin-des-phoenix-award-2023\/","name":"Furrer+Frey AG \u00e8 il vincitore del Premio Phoenix 2023 - Organizzatore","isPartOf":{"@id":"https:\/\/www.organisator.ch\/#website"},"primaryImageOfPage":{"@id":"https:\/\/www.organisator.ch\/management\/2024-01-19\/die-furrerfrey-ag-ist-preistraegerin-des-phoenix-award-2023\/#primaryimage"},"image":{"@id":"https:\/\/www.organisator.ch\/management\/2024-01-19\/die-furrerfrey-ag-ist-preistraegerin-des-phoenix-award-2023\/#primaryimage"},"thumbnailUrl":"https:\/\/www.organisator.ch\/wp-content\/uploads\/2024\/01\/Die-FurrerFrey-AG-ist-Preistraegerin-des-Phoenix-Award-2023_Organisator.jpg","datePublished":"2024-01-19T17:21:44+00:00","dateModified":"2024-02-01T08:14:42+00:00","description":"Il 19 gennaio 2024, Furrer+Frey AG ha ricevuto il Phoenix Award 2023 per l'imprenditorialit\u00e0 svizzera a lungo termine.","breadcrumb":{"@id":"https:\/\/www.organisator.ch\/management\/2024-01-19\/die-furrerfrey-ag-ist-preistraegerin-des-phoenix-award-2023\/#breadcrumb"},"inLanguage":"it-IT","potentialAction":[{"@type":"ReadAction","target":["https:\/\/www.organisator.ch\/management\/2024-01-19\/die-furrerfrey-ag-ist-preistraegerin-des-phoenix-award-2023\/"]}]},{"@type":"ImageObject","inLanguage":"it-IT","@id":"https:\/\/www.organisator.ch\/management\/2024-01-19\/die-furrerfrey-ag-ist-preistraegerin-des-phoenix-award-2023\/#primaryimage","url":"https:\/\/www.organisator.ch\/wp-content\/uploads\/2024\/01\/Die-FurrerFrey-AG-ist-Preistraegerin-des-Phoenix-Award-2023_Organisator.jpg","contentUrl":"https:\/\/www.organisator.ch\/wp-content\/uploads\/2024\/01\/Die-FurrerFrey-AG-ist-Preistraegerin-des-Phoenix-Award-2023_Organisator.jpg","width":680,"height":482,"caption":"Zwei Generationen des Familienunternehmens Furrer+Frey AG nahmen den Phoenix Award 2023 f\u00fcr langfristiges Schweizer Unternehmertum entgegen. vlnr.: Martin Godel, stellvertretender Direktionsleiter der Standortf\u00f6rderung und Leiter KMU-Politik beim SECO, Carla Kaufmann, Vizepr\u00e4sidentin Schweizer Dachverband f\u00fcr Unternehmensnachfolge \u2013 CHDU, Rico Furrer, CEO Furrer+Frey AG, Beat Furrer, Gesch\u00e4ftsleitungsmitglied Furrer+Frey AG, Laudator und Mitglied Jury-Beirat Armin Baumann, CEO KMU SWISS AG, und Nationalrat Dominik Blunschy. (Foto: Schweizer Dachverband f\u00fcr Unternehmensnachfolge \u2013 CHDU)"},{"@type":"BreadcrumbList","@id":"https:\/\/www.organisator.ch\/management\/2024-01-19\/die-furrerfrey-ag-ist-preistraegerin-des-phoenix-award-2023\/#breadcrumb","itemListElement":[{"@type":"ListItem","position":1,"name":"Home","item":"https:\/\/www.organisator.ch\/"},{"@type":"ListItem","position":2,"name":"Die Furrer+Frey AG ist Preistr\u00e4gerin des Phoenix Award 2023"}]},{"@type":"WebSite","@id":"https:\/\/www.organisator.ch\/#website","url":"https:\/\/www.organisator.ch\/","name":"Organizzatore","description":"Competente. Pratico. In 10 numeri all'anno, ORGANISATOR presenta i temi essenziali per i manager delle PMI.","publisher":{"@id":"https:\/\/www.organisator.ch\/#organization"},"potentialAction":[{"@type":"SearchAction","target":{"@type":"EntryPoint","urlTemplate":"https:\/\/www.organisator.ch\/?s={search_term_string}"},"query-input":{"@type":"PropertyValueSpecification","valueRequired":true,"valueName":"search_term_string"}}],"inLanguage":"it-IT"},{"@type":"Organization","@id":"https:\/\/www.organisator.ch\/#organization","name":"Organizzatore","url":"https:\/\/www.organisator.ch\/","logo":{"@type":"ImageObject","inLanguage":"it-IT","@id":"https:\/\/www.organisator.ch\/#\/schema\/logo\/image\/","url":"https:\/\/www.organisator.ch\/wp-content\/uploads\/2022\/01\/Logo_Organisator_Website.png","contentUrl":"https:\/\/www.organisator.ch\/wp-content\/uploads\/2022\/01\/Logo_Organisator_Website.png","width":800,"height":77,"caption":"Organisator"},"image":{"@id":"https:\/\/www.organisator.ch\/#\/schema\/logo\/image\/"},"sameAs":["https:\/\/www.facebook.com\/OrganisatorFachmagazin","https:\/\/www.linkedin.com\/showcase\/organisator-das-magazin-fr-kmu","https:\/\/www.xing.com\/news\/pages\/organisator-ch-695","https:\/\/www.youtube.com\/channel\/UCGP2Sq0iWaZwT3BdIAQFYpw"]},{"@type":"Person","@id":"https:\/\/www.organisator.ch\/#\/schema\/person\/6f650f90b2842cd4c0cc334b4e36f67e","name":"Tommaso.berner","image":{"@type":"ImageObject","inLanguage":"it-IT","@id":"https:\/\/secure.gravatar.com\/avatar\/ac5001d2a36cb6c6cd3e50789007ffca834b477b74a2144564522e944eabff61?s=96&d=mm&r=g","url":"https:\/\/secure.gravatar.com\/avatar\/ac5001d2a36cb6c6cd3e50789007ffca834b477b74a2144564522e944eabff61?s=96&d=mm&r=g","contentUrl":"https:\/\/secure.gravatar.com\/avatar\/ac5001d2a36cb6c6cd3e50789007ffca834b477b74a2144564522e944eabff61?s=96&d=mm&r=g","caption":"thomas.berner"},"url":"https:\/\/www.organisator.ch\/it\/author\/thomas-berner\/"}]}},"_links":{"self":[{"href":"https:\/\/www.organisator.ch\/it\/wp-json\/wp\/v2\/posts\/24455","targetHints":{"allow":["GET"]}}],"collection":[{"href":"https:\/\/www.organisator.ch\/it\/wp-json\/wp\/v2\/posts"}],"about":[{"href":"https:\/\/www.organisator.ch\/it\/wp-json\/wp\/v2\/types\/post"}],"author":[{"embeddable":true,"href":"https:\/\/www.organisator.ch\/it\/wp-json\/wp\/v2\/users\/4"}],"replies":[{"embeddable":true,"href":"https:\/\/www.organisator.ch\/it\/wp-json\/wp\/v2\/comments?post=24455"}],"version-history":[{"count":10,"href":"https:\/\/www.organisator.ch\/it\/wp-json\/wp\/v2\/posts\/24455\/revisions"}],"predecessor-version":[{"id":24465,"href":"https:\/\/www.organisator.ch\/it\/wp-json\/wp\/v2\/posts\/24455\/revisions\/24465"}],"wp:featuredmedia":[{"embeddable":true,"href":"https:\/\/www.organisator.ch\/it\/wp-json\/wp\/v2\/media\/24456"}],"wp:attachment":[{"href":"https:\/\/www.organisator.ch\/it\/wp-json\/wp\/v2\/media?parent=24455"}],"wp:term":[{"taxonomy":"category","embeddable":true,"href":"https:\/\/www.organisator.ch\/it\/wp-json\/wp\/v2\/categories?post=24455"},{"taxonomy":"post_tag","embeddable":true,"href":"https:\/\/www.organisator.ch\/it\/wp-json\/wp\/v2\/tags?post=24455"}],"curies":[{"name":"wp","href":"https:\/\/api.w.org\/{rel}","templated":true}]}}