{"id":2447,"date":"2017-09-15T15:14:16","date_gmt":"2017-09-15T13:14:16","guid":{"rendered":"https:\/\/www.organisator.ch\/?p=2447"},"modified":"2017-09-15T15:14:16","modified_gmt":"2017-09-15T13:14:16","slug":"business-day-der-schlagabtausch-und-die-einigkeit-ohne-digitalisierung-geht-es-nicht","status":"publish","type":"post","link":"https:\/\/www.organisator.ch\/it\/management\/2017-09-15\/business-day-der-schlagabtausch-und-die-einigkeit-ohne-digitalisierung-geht-es-nicht\/","title":{"rendered":"Business Day: Lo scambio di colpi e l'unit\u00e0 - non funzioner\u00e0 senza la digitalizzazione"},"content":{"rendered":"<figure id=\"attachment_2449\" aria-describedby=\"caption-attachment-2449\" style=\"width: 640px\" class=\"wp-caption alignnone\"><img loading=\"lazy\" decoding=\"async\" class=\"size-full wp-image-2449\" src=\"https:\/\/www.organisator.ch\/wp-content\/uploads\/2017\/09\/Business-Day-Der-Schlagabtausch-und-die-Einigkeit-ohne-Digitalisierung-geht-es-nicht-1_Organisator.jpg\" alt=\"\" width=\"640\" height=\"427\" srcset=\"https:\/\/www.organisator.ch\/wp-content\/uploads\/2017\/09\/Business-Day-Der-Schlagabtausch-und-die-Einigkeit-ohne-Digitalisierung-geht-es-nicht-1_Organisator.jpg 640w, https:\/\/www.organisator.ch\/wp-content\/uploads\/2017\/09\/Business-Day-Der-Schlagabtausch-und-die-Einigkeit-ohne-Digitalisierung-geht-es-nicht-1_Organisator-16x12.jpg 16w, https:\/\/www.organisator.ch\/wp-content\/uploads\/2017\/09\/Business-Day-Der-Schlagabtausch-und-die-Einigkeit-ohne-Digitalisierung-geht-es-nicht-1_Organisator-262x175.jpg 262w, https:\/\/www.organisator.ch\/wp-content\/uploads\/2017\/09\/Business-Day-Der-Schlagabtausch-und-die-Einigkeit-ohne-Digitalisierung-geht-es-nicht-1_Organisator-525x350.jpg 525w, https:\/\/www.organisator.ch\/wp-content\/uploads\/2017\/09\/Business-Day-Der-Schlagabtausch-und-die-Einigkeit-ohne-Digitalisierung-geht-es-nicht-1_Organisator-300x200.jpg 300w\" sizes=\"auto, (max-width: 640px) 100vw, 640px\" \/><figcaption id=\"caption-attachment-2449\" class=\"wp-caption-text\">Lo Swissmechanic Business Day ha offerto interessanti tavole rotonde, come quella di Patrick Berhalter (all'estrema sinistra), Andreas Rauch e Otto Hofstetter (a destra, nascosto). (Immagine: zVg Swissmechanic)<\/figcaption><\/figure>\n<p>L'inizio del Business Day di quest'anno \u00e8 stato critico e politico: il presidente di Swissmechanic Roland Goethe ha chiesto: 1) La mobilitazione delle banche commerciali per le PMI. 2) La liberalizzazione del mercato finanziario dando pari diritti alle FinTech come alternativa alle banche commerciali. 3) Una possibilit\u00e0 realistica ed equa per quelle PMI che possono superare l'ostacolo della digitalizzazione e dell'automazione attraverso un prestito come investimento iniziale. \"Da un lato, il denaro \u00e8 abbondante in Svizzera. Anche gli investitori privati e le istituzioni desiderano investire a buoni tassi di interesse. D'altra parte, ci sono PMI che hanno bisogno di questo denaro e sono disposte a pagare un interesse. Le nostre imprese familiari hanno bisogno di soluzioni economiche nuove, digitali, perch\u00e9 si tratta di un problema strutturale del mercato dei capitali. Il denaro non arriva pi\u00f9 a chi ne ha bisogno e gli investitori non ottengono interessi sufficienti. Non \u00e8 solo nell'industria che deve avvenire un cambiamento strutturale\". Dopo questo preludio politico, l'evento \u00e8 stato suddiviso in tre panel: innovazione, implementazione e finanziamento, con pi\u00f9 di diversi rappresentanti.<\/p>\n<h2>Marketing 4.0 al Business Day<\/h2>\n<p>Il primo forum del Business Day \u00e8 stato aperto dallo studio e dal progetto pratico del Prof. Peter Jaeschke dell'Universit\u00e0 di Scienze Applicate di San Gallo con Swissmechanic. Ha sottolineato che le PMI hanno bisogno di obiettivi chiaramente definiti e comunicati per avere successo, sia nell'attuazione che nel finanziamento. Ha inoltre presentato il progetto congiunto DigiNav, che mira ad aiutare le PMI a fare il nuovo salto nell'acqua fredda dell'Industria 4.0 con l'aiuto di indagini e studi. In sintesi, la cultura aziendale deve essere preparata al cambiamento. \"Le idee non possono essere prescritte, ma solo incoraggiate\". Anche la conferenza di Otto Hofstetter, CEO di Hofstetter AG, \u00e8 stata incentrata su questa cultura aziendale. Ha descritto l'influenza della pubblicit\u00e0 sulla societ\u00e0 e come la digitalizzazione influenzi anche il marketing. In questo contesto, ha descritto il Marketing 4.0 e ha chiarito che la sua azienda reinveste 0,6 - 0,7 % del fatturato direttamente in pubblicit\u00e0 per ottenere nuovi affari. Un esempio pratico di pubblicit\u00e0 applicata \u00e8 stato offerto da Smovie. Un'azienda che offre film d'immagine via cellulare che chiunque pu\u00f2 girare da solo. La tavola rotonda ha offerto le seguenti dichiarazioni sintetiche: Patrick Berhalter, CEO Berhalter AG, Digital Expert di Swissmechanic: \"\u00c8 necessario ottimizzare le piattaforme in modo olistico. Se non lo seguite, sarete lasciati indietro\". Andreas Rauch, di GF Fischer, ha sottolineato: \"L'intera organizzazione deve lavorare se si vuole trasformare la fiducia dei clienti dal mondo reale a quello digitale\". Queste due affermazioni riassumono la visione generale della cultura aziendale: Le persone sono e devono essere la base della trasformazione digitale: senza questa connessione, la digitalizzazione rimane inutile e non serve a nulla.<\/p>\n<h2>\"Senza dati non siamo nulla\".<\/h2>\n<p>Il forum successivo \u00e8 stato introdotto dal presidente della CVP Gerhard Pfister. Nel suo discorso ha parlato in modo trasversale dei problemi della contrazione del credito e del legame tra conoscenza, tradizione e professione. Per quanto riguarda la contrazione del credito, ha chiarito che, sebbene in Svizzera ci siano abbastanza soldi, questi non arrivano a quelli giusti, cio\u00e8 alle PMI. In questo senso, ha anche presentato l'idea di un fondo per le PMI e ha chiesto un aiuto finanziario per le cooperative di garanzia orientate al commercio.<\/p>\n<p>Wisard di Tectris AG ha raccontato come lo stabilimento della sua azienda sia andato completamente a fuoco a luglio e come la digitalizzazione e l'archiviazione dei dati non solo abbiano reso la ricostruzione estremamente facile, ma siano stati una condizione per la sua sopravvivenza. \u00c8 convinto che i dati valgano pi\u00f9 delle macchine perch\u00e9 era l'unico modo per progettare un piano di recupero e quindi sopravvivere senza i macchinari o acquistare le macchine - ma non i dati. Come riassume magnificamente il signor Wisard: \"Senza dati non siamo niente!\".<\/p>\n<p>Si concorda sul fatto che la cultura aziendale gioca un ruolo enormemente importante, e con essa il lavoro di squadra e la coesione. Questo \u00e8 particolarmente vero perch\u00e9 le esigenze dei dipendenti si sviluppano sempre pi\u00f9 velocemente.<\/p>\n<figure id=\"attachment_2450\" aria-describedby=\"caption-attachment-2450\" style=\"width: 640px\" class=\"wp-caption alignnone\"><img loading=\"lazy\" decoding=\"async\" class=\"size-full wp-image-2450\" src=\"https:\/\/www.organisator.ch\/wp-content\/uploads\/2017\/09\/Business-Day-Der-Schlagabtausch-und-die-Einigkeit-ohne-Digitalisierung-geht-es-nicht-2_Organisator.jpg\" alt=\"\" width=\"640\" height=\"427\" srcset=\"https:\/\/www.organisator.ch\/wp-content\/uploads\/2017\/09\/Business-Day-Der-Schlagabtausch-und-die-Einigkeit-ohne-Digitalisierung-geht-es-nicht-2_Organisator.jpg 640w, https:\/\/www.organisator.ch\/wp-content\/uploads\/2017\/09\/Business-Day-Der-Schlagabtausch-und-die-Einigkeit-ohne-Digitalisierung-geht-es-nicht-2_Organisator-16x12.jpg 16w, https:\/\/www.organisator.ch\/wp-content\/uploads\/2017\/09\/Business-Day-Der-Schlagabtausch-und-die-Einigkeit-ohne-Digitalisierung-geht-es-nicht-2_Organisator-262x175.jpg 262w, https:\/\/www.organisator.ch\/wp-content\/uploads\/2017\/09\/Business-Day-Der-Schlagabtausch-und-die-Einigkeit-ohne-Digitalisierung-geht-es-nicht-2_Organisator-525x350.jpg 525w, https:\/\/www.organisator.ch\/wp-content\/uploads\/2017\/09\/Business-Day-Der-Schlagabtausch-und-die-Einigkeit-ohne-Digitalisierung-geht-es-nicht-2_Organisator-300x200.jpg 300w\" sizes=\"auto, (max-width: 640px) 100vw, 640px\" \/><figcaption id=\"caption-attachment-2450\" class=\"wp-caption-text\">Il presidente del partito CVP Gerhard Pfister al Business Day. (Immagine: zVg Swissmechanic)<\/figcaption><\/figure>\n<h2>Contro la stretta creditizia<\/h2>\n<p>La fase finale del Business Day \u00e8 stata aperta dal membro del Consiglio degli Stati del PLR Ruedi Noser. Ha esordito presentando il finanziamento della digitalizzazione come un problema enorme, anche perch\u00e9 teme la pirateria dovuta alla disponibilit\u00e0 digitale dei dati. Ha inoltre sottolineato che preferirebbe che fossero le PMI ad affrontare i problemi di finanziamento. Molti non avevano un piano aziendale ragionevole o volevano finanziamenti per progetti che non avrebbero finanziato da soli. Tuttavia, ha sottolineato che ritiene che la regolamentazione bancaria sia una delle cause principali della mancanza di prestiti alle PMI. Ha elencato problemi come la questione dell'ubicazione e ha chiarito che le soluzioni devono essere ricercate attraverso gli strumenti di mercato. In questo senso, ha anche definito idiota l'idea di un fondo.<\/p>\n<p>A seguire Alwin Meyer di swisspeers. Ha presentato il principio del crowdsourcing e il crowdlending, ecc. che ne \u00e8 scaturito. Ha spiegato come questi metodi possano essere utilizzati da piattaforme come swisspeers per incrementare i finanziamenti alle PMI, o per dirla con le sue parole: \"Vogliamo rendere nuovamente liquido il mercato illiquido del credito alle PMI\". Inoltre, ha visto anche il cosiddetto imperativo dell'investimento, che ha descritto come segue: \"Con la digitalizzazione, ho una sola possibilit\u00e0. O sono dentro o sono fuori\". Ha inoltre spiegato come gli swisspeer possano avere un tale successo grazie al problema della dimensione dei lotti delle banche e perch\u00e9 questo sia positivo per gli investitori: rendimento e diversificazione.<\/p>\n<p>Attilio Zanetti della BNS si \u00e8 unito a noi per la tavola rotonda finale. Si \u00e8 sviluppato un interessante scambio tra i signori Zanetti, Noser e Meyer. Il tema principale era la regolamentazione delle banche e il senso delle banche. Mentre Ruedi Noser preferirebbe che non ci fosse pi\u00f9 alcuna regolamentazione, Alwin Meyer ha insistito su una soluzione pi\u00f9 moderata e sull'espansione delle FinTech. Anche Attilio Zanetti ha spesso assunto la posizione neutrale della banca centrale nella discussione e ha sottolineato l'importanza della regolamentazione per preservare la nostra economia dopo la crisi finanziaria.<\/p>\n<p><a href=\"http:\/\/www.swissmechanic.ch\"><em>www.swissmechanic.ch<\/em><\/a><\/p>","protected":false},"excerpt":{"rendered":"<p>Der Auftakt am diesj\u00e4hrigen Business Day\u00a0war kritisch und politisch: Der Swissmechanic Pr\u00e4sident Roland Goethe forderte: 1) Die Mobilisierung der Gesch\u00e4ftsbanken f\u00fcr KMU. 2) Die Liberalisierung des Finanzmarktes durch die Gleichberechtigung der FinTech als Alternative zu den Gesch\u00e4ftsbanken. 3) Eine realistische und faire Chance f\u00fcr diejenigen KMU, welche durch einen Kredit als Anschubinvestition die H\u00fcrde Digitalisierung [&hellip;]<\/p>\n","protected":false},"author":4,"featured_media":2449,"comment_status":"open","ping_status":"open","sticky":false,"template":"","format":"standard","meta":{"_acf_changed":false,"_yoast_wpseo_focuskw":"Business Day","_yoast_wpseo_metadesc":"Am 14. September fand in Luzern der 2. Business Day der Swissmechanic statt. Thema: Die Gefahren und Chancen der Digitalisierung und von Industrie 4.0.","articlekey":"","footnotes":""},"categories":[28],"tags":[156,335,502,503,531],"class_list":["post-2447","post","type-post","status-publish","format-standard","has-post-thumbnail","hentry","category-management","tag-digitalisierung","tag-management-und-unternehmensfuehrung","tag-veranstaltungen","tag-verbaende","tag-wirtschaftspolitik"],"acf":[],"yoast_head":"<!-- This site is optimized with the Yoast SEO plugin v27.5 - https:\/\/yoast.com\/product\/yoast-seo-wordpress\/ -->\n<title>Business Day: Der Schlagabtausch und die Einigkeit \u2013 ohne Digitalisierung geht es nicht - Organisator<\/title>\n<meta name=\"description\" content=\"Am 14. September fand in Luzern der 2. Business Day der Swissmechanic statt. Thema: Die Gefahren und Chancen der Digitalisierung und von Industrie 4.0.\" \/>\n<meta name=\"robots\" content=\"index, follow, max-snippet:-1, max-image-preview:large, max-video-preview:-1\" \/>\n<link rel=\"canonical\" href=\"https:\/\/www.organisator.ch\/it\/gestione-2\/2017-09-15\/business-day-der-schlagabtausch-und-die-einigkeit-ohne-digitalisierung-geht-es-nicht\/\" \/>\n<meta property=\"og:locale\" content=\"it_IT\" \/>\n<meta property=\"og:type\" content=\"article\" \/>\n<meta property=\"og:title\" content=\"Business Day: Der Schlagabtausch und die Einigkeit \u2013 ohne Digitalisierung geht es nicht\" \/>\n<meta property=\"og:description\" content=\"Am 14. September fand in Luzern der 2. Business Day der #Swissmechanic statt. Mehr als dreimal so viele Besucher kamen, um sich \u00fcber die Gefahren und Chancen der #Digitalisierung und der #Industrie-4.0 zu informieren.\" \/>\n<meta property=\"og:url\" content=\"https:\/\/www.organisator.ch\/it\/gestione-2\/2017-09-15\/business-day-der-schlagabtausch-und-die-einigkeit-ohne-digitalisierung-geht-es-nicht\/\" \/>\n<meta property=\"og:site_name\" content=\"Organisator\" \/>\n<meta property=\"article:publisher\" content=\"https:\/\/www.facebook.com\/OrganisatorFachmagazin\" \/>\n<meta property=\"article:published_time\" content=\"2017-09-15T13:14:16+00:00\" \/>\n<meta property=\"og:image\" content=\"https:\/\/www.organisator.ch\/wp-content\/uploads\/2017\/09\/Business-Day-Der-Schlagabtausch-und-die-Einigkeit-ohne-Digitalisierung-geht-es-nicht-1_Organisator.jpg\" \/>\n\t<meta property=\"og:image:width\" content=\"640\" \/>\n\t<meta property=\"og:image:height\" content=\"427\" \/>\n\t<meta property=\"og:image:type\" content=\"image\/jpeg\" \/>\n<meta name=\"author\" content=\"thomas.berner\" \/>\n<meta name=\"twitter:card\" content=\"summary_large_image\" \/>\n<meta name=\"twitter:title\" content=\"#BusinessDay: Der Schlagabtausch und die Einigkeit \u2013 ohne #Digitalisierung geht es nicht\" \/>\n<meta name=\"twitter:description\" content=\"Am 14. September fand in Luzern der 2. Business Day der #Swissmechanic statt. Mehr als dreimal so viele Besucher kamen, um sich \u00fcber die Gefahren und Chancen der #Digitalisierung und der #Industrie-4.0 zu informieren.\" \/>\n<meta name=\"twitter:image\" content=\"https:\/\/www.organisator.ch\/wp-content\/uploads\/2017\/09\/Business-Day-Der-Schlagabtausch-und-die-Einigkeit-ohne-Digitalisierung-geht-es-nicht-1_Organisator.jpg\" \/>\n<script type=\"application\/ld+json\" class=\"yoast-schema-graph\">{\"@context\":\"https:\\\/\\\/schema.org\",\"@graph\":[{\"@type\":\"Article\",\"@id\":\"https:\\\/\\\/www.organisator.ch\\\/management\\\/2017-09-15\\\/business-day-der-schlagabtausch-und-die-einigkeit-ohne-digitalisierung-geht-es-nicht\\\/#article\",\"isPartOf\":{\"@id\":\"https:\\\/\\\/www.organisator.ch\\\/management\\\/2017-09-15\\\/business-day-der-schlagabtausch-und-die-einigkeit-ohne-digitalisierung-geht-es-nicht\\\/\"},\"author\":{\"name\":\"thomas.berner\",\"@id\":\"https:\\\/\\\/www.organisator.ch\\\/#\\\/schema\\\/person\\\/6f650f90b2842cd4c0cc334b4e36f67e\"},\"headline\":\"Business Day: Der Schlagabtausch und die Einigkeit \u2013 ohne Digitalisierung geht es nicht\",\"datePublished\":\"2017-09-15T13:14:16+00:00\",\"mainEntityOfPage\":{\"@id\":\"https:\\\/\\\/www.organisator.ch\\\/management\\\/2017-09-15\\\/business-day-der-schlagabtausch-und-die-einigkeit-ohne-digitalisierung-geht-es-nicht\\\/\"},\"wordCount\":1018,\"commentCount\":0,\"publisher\":{\"@id\":\"https:\\\/\\\/www.organisator.ch\\\/#organization\"},\"image\":{\"@id\":\"https:\\\/\\\/www.organisator.ch\\\/management\\\/2017-09-15\\\/business-day-der-schlagabtausch-und-die-einigkeit-ohne-digitalisierung-geht-es-nicht\\\/#primaryimage\"},\"thumbnailUrl\":\"https:\\\/\\\/www.organisator.ch\\\/wp-content\\\/uploads\\\/2017\\\/09\\\/Business-Day-Der-Schlagabtausch-und-die-Einigkeit-ohne-Digitalisierung-geht-es-nicht-1_Organisator.jpg\",\"keywords\":[\"Digitalisierung\",\"Management und Unternehmensf\u00fchrung\",\"Veranstaltungen\",\"Verb\u00e4nde\",\"Wirtschaftspolitik\"],\"articleSection\":[\"MANAGEMENT\"],\"inLanguage\":\"it-IT\"},{\"@type\":\"WebPage\",\"@id\":\"https:\\\/\\\/www.organisator.ch\\\/management\\\/2017-09-15\\\/business-day-der-schlagabtausch-und-die-einigkeit-ohne-digitalisierung-geht-es-nicht\\\/\",\"url\":\"https:\\\/\\\/www.organisator.ch\\\/management\\\/2017-09-15\\\/business-day-der-schlagabtausch-und-die-einigkeit-ohne-digitalisierung-geht-es-nicht\\\/\",\"name\":\"Business Day: Der Schlagabtausch und die Einigkeit \u2013 ohne Digitalisierung geht es nicht - Organisator\",\"isPartOf\":{\"@id\":\"https:\\\/\\\/www.organisator.ch\\\/#website\"},\"primaryImageOfPage\":{\"@id\":\"https:\\\/\\\/www.organisator.ch\\\/management\\\/2017-09-15\\\/business-day-der-schlagabtausch-und-die-einigkeit-ohne-digitalisierung-geht-es-nicht\\\/#primaryimage\"},\"image\":{\"@id\":\"https:\\\/\\\/www.organisator.ch\\\/management\\\/2017-09-15\\\/business-day-der-schlagabtausch-und-die-einigkeit-ohne-digitalisierung-geht-es-nicht\\\/#primaryimage\"},\"thumbnailUrl\":\"https:\\\/\\\/www.organisator.ch\\\/wp-content\\\/uploads\\\/2017\\\/09\\\/Business-Day-Der-Schlagabtausch-und-die-Einigkeit-ohne-Digitalisierung-geht-es-nicht-1_Organisator.jpg\",\"datePublished\":\"2017-09-15T13:14:16+00:00\",\"description\":\"Am 14. September fand in Luzern der 2. Business Day der Swissmechanic statt. Thema: Die Gefahren und Chancen der Digitalisierung und von Industrie 4.0.\",\"breadcrumb\":{\"@id\":\"https:\\\/\\\/www.organisator.ch\\\/management\\\/2017-09-15\\\/business-day-der-schlagabtausch-und-die-einigkeit-ohne-digitalisierung-geht-es-nicht\\\/#breadcrumb\"},\"inLanguage\":\"it-IT\",\"potentialAction\":[{\"@type\":\"ReadAction\",\"target\":[\"https:\\\/\\\/www.organisator.ch\\\/management\\\/2017-09-15\\\/business-day-der-schlagabtausch-und-die-einigkeit-ohne-digitalisierung-geht-es-nicht\\\/\"]}]},{\"@type\":\"ImageObject\",\"inLanguage\":\"it-IT\",\"@id\":\"https:\\\/\\\/www.organisator.ch\\\/management\\\/2017-09-15\\\/business-day-der-schlagabtausch-und-die-einigkeit-ohne-digitalisierung-geht-es-nicht\\\/#primaryimage\",\"url\":\"https:\\\/\\\/www.organisator.ch\\\/wp-content\\\/uploads\\\/2017\\\/09\\\/Business-Day-Der-Schlagabtausch-und-die-Einigkeit-ohne-Digitalisierung-geht-es-nicht-1_Organisator.jpg\",\"contentUrl\":\"https:\\\/\\\/www.organisator.ch\\\/wp-content\\\/uploads\\\/2017\\\/09\\\/Business-Day-Der-Schlagabtausch-und-die-Einigkeit-ohne-Digitalisierung-geht-es-nicht-1_Organisator.jpg\",\"width\":640,\"height\":427,\"caption\":\"Der Business Day von Swissmechanic bot spannende Podiumsdiskussionen, hier etwa mit Patrick Berhalter (ganz links), Andreas Rauch und Otto Hofstetter (rechts, verdeckt). (Bild: zVg Swissmechanic)\"},{\"@type\":\"BreadcrumbList\",\"@id\":\"https:\\\/\\\/www.organisator.ch\\\/management\\\/2017-09-15\\\/business-day-der-schlagabtausch-und-die-einigkeit-ohne-digitalisierung-geht-es-nicht\\\/#breadcrumb\",\"itemListElement\":[{\"@type\":\"ListItem\",\"position\":1,\"name\":\"Home\",\"item\":\"https:\\\/\\\/www.organisator.ch\\\/\"},{\"@type\":\"ListItem\",\"position\":2,\"name\":\"Business Day: Der Schlagabtausch und die Einigkeit \u2013 ohne Digitalisierung geht es nicht\"}]},{\"@type\":\"WebSite\",\"@id\":\"https:\\\/\\\/www.organisator.ch\\\/#website\",\"url\":\"https:\\\/\\\/www.organisator.ch\\\/\",\"name\":\"Organisator\",\"description\":\"Kompetent. Praxisnah. Der ORGANISATOR bereitet in 10 Ausgaben pro Jahr die wesentlichen Themen f\u00fcr F\u00fchrungskr\u00e4fte von KMU auf.\",\"publisher\":{\"@id\":\"https:\\\/\\\/www.organisator.ch\\\/#organization\"},\"potentialAction\":[{\"@type\":\"SearchAction\",\"target\":{\"@type\":\"EntryPoint\",\"urlTemplate\":\"https:\\\/\\\/www.organisator.ch\\\/?s={search_term_string}\"},\"query-input\":{\"@type\":\"PropertyValueSpecification\",\"valueRequired\":true,\"valueName\":\"search_term_string\"}}],\"inLanguage\":\"it-IT\"},{\"@type\":\"Organization\",\"@id\":\"https:\\\/\\\/www.organisator.ch\\\/#organization\",\"name\":\"Organisator\",\"url\":\"https:\\\/\\\/www.organisator.ch\\\/\",\"logo\":{\"@type\":\"ImageObject\",\"inLanguage\":\"it-IT\",\"@id\":\"https:\\\/\\\/www.organisator.ch\\\/#\\\/schema\\\/logo\\\/image\\\/\",\"url\":\"https:\\\/\\\/www.organisator.ch\\\/wp-content\\\/uploads\\\/2022\\\/01\\\/Logo_Organisator_Website.png\",\"contentUrl\":\"https:\\\/\\\/www.organisator.ch\\\/wp-content\\\/uploads\\\/2022\\\/01\\\/Logo_Organisator_Website.png\",\"width\":800,\"height\":77,\"caption\":\"Organisator\"},\"image\":{\"@id\":\"https:\\\/\\\/www.organisator.ch\\\/#\\\/schema\\\/logo\\\/image\\\/\"},\"sameAs\":[\"https:\\\/\\\/www.facebook.com\\\/OrganisatorFachmagazin\",\"https:\\\/\\\/www.linkedin.com\\\/showcase\\\/organisator-das-magazin-fr-kmu\",\"https:\\\/\\\/www.xing.com\\\/news\\\/pages\\\/organisator-ch-695\",\"https:\\\/\\\/www.youtube.com\\\/channel\\\/UCGP2Sq0iWaZwT3BdIAQFYpw\"]},{\"@type\":\"Person\",\"@id\":\"https:\\\/\\\/www.organisator.ch\\\/#\\\/schema\\\/person\\\/6f650f90b2842cd4c0cc334b4e36f67e\",\"name\":\"thomas.berner\",\"image\":{\"@type\":\"ImageObject\",\"inLanguage\":\"it-IT\",\"@id\":\"https:\\\/\\\/secure.gravatar.com\\\/avatar\\\/ac5001d2a36cb6c6cd3e50789007ffca834b477b74a2144564522e944eabff61?s=96&d=mm&r=g\",\"url\":\"https:\\\/\\\/secure.gravatar.com\\\/avatar\\\/ac5001d2a36cb6c6cd3e50789007ffca834b477b74a2144564522e944eabff61?s=96&d=mm&r=g\",\"contentUrl\":\"https:\\\/\\\/secure.gravatar.com\\\/avatar\\\/ac5001d2a36cb6c6cd3e50789007ffca834b477b74a2144564522e944eabff61?s=96&d=mm&r=g\",\"caption\":\"thomas.berner\"},\"url\":\"https:\\\/\\\/www.organisator.ch\\\/it\\\/author\\\/thomas-berner\\\/\"}]}<\/script>\n<!-- \/ Yoast SEO plugin. -->","yoast_head_json":{"title":"Business Day: Lo scambio di colpi e l'unit\u00e0: non funzioner\u00e0 senza la digitalizzazione - Organizzatore","description":"Il 14 settembre si \u00e8 svolto a Lucerna il 2\u00b0 Swissmechanic Business Day. Il tema: Pericoli e opportunit\u00e0 della digitalizzazione e dell'Industria 4.0.","robots":{"index":"index","follow":"follow","max-snippet":"max-snippet:-1","max-image-preview":"max-image-preview:large","max-video-preview":"max-video-preview:-1"},"canonical":"https:\/\/www.organisator.ch\/it\/gestione-2\/2017-09-15\/business-day-der-schlagabtausch-und-die-einigkeit-ohne-digitalisierung-geht-es-nicht\/","og_locale":"it_IT","og_type":"article","og_title":"Business Day: Der Schlagabtausch und die Einigkeit \u2013 ohne Digitalisierung geht es nicht","og_description":"Am 14. September fand in Luzern der 2. Business Day der #Swissmechanic statt. Mehr als dreimal so viele Besucher kamen, um sich \u00fcber die Gefahren und Chancen der #Digitalisierung und der #Industrie-4.0 zu informieren.","og_url":"https:\/\/www.organisator.ch\/it\/gestione-2\/2017-09-15\/business-day-der-schlagabtausch-und-die-einigkeit-ohne-digitalisierung-geht-es-nicht\/","og_site_name":"Organisator","article_publisher":"https:\/\/www.facebook.com\/OrganisatorFachmagazin","article_published_time":"2017-09-15T13:14:16+00:00","og_image":[{"width":640,"height":427,"url":"https:\/\/www.organisator.ch\/wp-content\/uploads\/2017\/09\/Business-Day-Der-Schlagabtausch-und-die-Einigkeit-ohne-Digitalisierung-geht-es-nicht-1_Organisator.jpg","type":"image\/jpeg"}],"author":"thomas.berner","twitter_card":"summary_large_image","twitter_title":"#BusinessDay: Der Schlagabtausch und die Einigkeit \u2013 ohne #Digitalisierung geht es nicht","twitter_description":"Am 14. September fand in Luzern der 2. Business Day der #Swissmechanic statt. Mehr als dreimal so viele Besucher kamen, um sich \u00fcber die Gefahren und Chancen der #Digitalisierung und der #Industrie-4.0 zu informieren.","twitter_image":"https:\/\/www.organisator.ch\/wp-content\/uploads\/2017\/09\/Business-Day-Der-Schlagabtausch-und-die-Einigkeit-ohne-Digitalisierung-geht-es-nicht-1_Organisator.jpg","schema":{"@context":"https:\/\/schema.org","@graph":[{"@type":"Article","@id":"https:\/\/www.organisator.ch\/management\/2017-09-15\/business-day-der-schlagabtausch-und-die-einigkeit-ohne-digitalisierung-geht-es-nicht\/#article","isPartOf":{"@id":"https:\/\/www.organisator.ch\/management\/2017-09-15\/business-day-der-schlagabtausch-und-die-einigkeit-ohne-digitalisierung-geht-es-nicht\/"},"author":{"name":"thomas.berner","@id":"https:\/\/www.organisator.ch\/#\/schema\/person\/6f650f90b2842cd4c0cc334b4e36f67e"},"headline":"Business Day: Der Schlagabtausch und die Einigkeit \u2013 ohne Digitalisierung geht es nicht","datePublished":"2017-09-15T13:14:16+00:00","mainEntityOfPage":{"@id":"https:\/\/www.organisator.ch\/management\/2017-09-15\/business-day-der-schlagabtausch-und-die-einigkeit-ohne-digitalisierung-geht-es-nicht\/"},"wordCount":1018,"commentCount":0,"publisher":{"@id":"https:\/\/www.organisator.ch\/#organization"},"image":{"@id":"https:\/\/www.organisator.ch\/management\/2017-09-15\/business-day-der-schlagabtausch-und-die-einigkeit-ohne-digitalisierung-geht-es-nicht\/#primaryimage"},"thumbnailUrl":"https:\/\/www.organisator.ch\/wp-content\/uploads\/2017\/09\/Business-Day-Der-Schlagabtausch-und-die-Einigkeit-ohne-Digitalisierung-geht-es-nicht-1_Organisator.jpg","keywords":["Digitalisierung","Management und Unternehmensf\u00fchrung","Veranstaltungen","Verb\u00e4nde","Wirtschaftspolitik"],"articleSection":["MANAGEMENT"],"inLanguage":"it-IT"},{"@type":"WebPage","@id":"https:\/\/www.organisator.ch\/management\/2017-09-15\/business-day-der-schlagabtausch-und-die-einigkeit-ohne-digitalisierung-geht-es-nicht\/","url":"https:\/\/www.organisator.ch\/management\/2017-09-15\/business-day-der-schlagabtausch-und-die-einigkeit-ohne-digitalisierung-geht-es-nicht\/","name":"Business Day: Lo scambio di colpi e l'unit\u00e0: non funzioner\u00e0 senza la digitalizzazione - Organizzatore","isPartOf":{"@id":"https:\/\/www.organisator.ch\/#website"},"primaryImageOfPage":{"@id":"https:\/\/www.organisator.ch\/management\/2017-09-15\/business-day-der-schlagabtausch-und-die-einigkeit-ohne-digitalisierung-geht-es-nicht\/#primaryimage"},"image":{"@id":"https:\/\/www.organisator.ch\/management\/2017-09-15\/business-day-der-schlagabtausch-und-die-einigkeit-ohne-digitalisierung-geht-es-nicht\/#primaryimage"},"thumbnailUrl":"https:\/\/www.organisator.ch\/wp-content\/uploads\/2017\/09\/Business-Day-Der-Schlagabtausch-und-die-Einigkeit-ohne-Digitalisierung-geht-es-nicht-1_Organisator.jpg","datePublished":"2017-09-15T13:14:16+00:00","description":"Il 14 settembre si \u00e8 svolto a Lucerna il 2\u00b0 Swissmechanic Business Day. Il tema: Pericoli e opportunit\u00e0 della digitalizzazione e dell'Industria 4.0.","breadcrumb":{"@id":"https:\/\/www.organisator.ch\/management\/2017-09-15\/business-day-der-schlagabtausch-und-die-einigkeit-ohne-digitalisierung-geht-es-nicht\/#breadcrumb"},"inLanguage":"it-IT","potentialAction":[{"@type":"ReadAction","target":["https:\/\/www.organisator.ch\/management\/2017-09-15\/business-day-der-schlagabtausch-und-die-einigkeit-ohne-digitalisierung-geht-es-nicht\/"]}]},{"@type":"ImageObject","inLanguage":"it-IT","@id":"https:\/\/www.organisator.ch\/management\/2017-09-15\/business-day-der-schlagabtausch-und-die-einigkeit-ohne-digitalisierung-geht-es-nicht\/#primaryimage","url":"https:\/\/www.organisator.ch\/wp-content\/uploads\/2017\/09\/Business-Day-Der-Schlagabtausch-und-die-Einigkeit-ohne-Digitalisierung-geht-es-nicht-1_Organisator.jpg","contentUrl":"https:\/\/www.organisator.ch\/wp-content\/uploads\/2017\/09\/Business-Day-Der-Schlagabtausch-und-die-Einigkeit-ohne-Digitalisierung-geht-es-nicht-1_Organisator.jpg","width":640,"height":427,"caption":"Der Business Day von Swissmechanic bot spannende Podiumsdiskussionen, hier etwa mit Patrick Berhalter (ganz links), Andreas Rauch und Otto Hofstetter (rechts, verdeckt). (Bild: zVg Swissmechanic)"},{"@type":"BreadcrumbList","@id":"https:\/\/www.organisator.ch\/management\/2017-09-15\/business-day-der-schlagabtausch-und-die-einigkeit-ohne-digitalisierung-geht-es-nicht\/#breadcrumb","itemListElement":[{"@type":"ListItem","position":1,"name":"Home","item":"https:\/\/www.organisator.ch\/"},{"@type":"ListItem","position":2,"name":"Business Day: Der Schlagabtausch und die Einigkeit \u2013 ohne Digitalisierung geht es nicht"}]},{"@type":"WebSite","@id":"https:\/\/www.organisator.ch\/#website","url":"https:\/\/www.organisator.ch\/","name":"Organizzatore","description":"Competente. Pratico. In 10 numeri all'anno, ORGANISATOR presenta i temi essenziali per i manager delle PMI.","publisher":{"@id":"https:\/\/www.organisator.ch\/#organization"},"potentialAction":[{"@type":"SearchAction","target":{"@type":"EntryPoint","urlTemplate":"https:\/\/www.organisator.ch\/?s={search_term_string}"},"query-input":{"@type":"PropertyValueSpecification","valueRequired":true,"valueName":"search_term_string"}}],"inLanguage":"it-IT"},{"@type":"Organization","@id":"https:\/\/www.organisator.ch\/#organization","name":"Organizzatore","url":"https:\/\/www.organisator.ch\/","logo":{"@type":"ImageObject","inLanguage":"it-IT","@id":"https:\/\/www.organisator.ch\/#\/schema\/logo\/image\/","url":"https:\/\/www.organisator.ch\/wp-content\/uploads\/2022\/01\/Logo_Organisator_Website.png","contentUrl":"https:\/\/www.organisator.ch\/wp-content\/uploads\/2022\/01\/Logo_Organisator_Website.png","width":800,"height":77,"caption":"Organisator"},"image":{"@id":"https:\/\/www.organisator.ch\/#\/schema\/logo\/image\/"},"sameAs":["https:\/\/www.facebook.com\/OrganisatorFachmagazin","https:\/\/www.linkedin.com\/showcase\/organisator-das-magazin-fr-kmu","https:\/\/www.xing.com\/news\/pages\/organisator-ch-695","https:\/\/www.youtube.com\/channel\/UCGP2Sq0iWaZwT3BdIAQFYpw"]},{"@type":"Person","@id":"https:\/\/www.organisator.ch\/#\/schema\/person\/6f650f90b2842cd4c0cc334b4e36f67e","name":"Tommaso.berner","image":{"@type":"ImageObject","inLanguage":"it-IT","@id":"https:\/\/secure.gravatar.com\/avatar\/ac5001d2a36cb6c6cd3e50789007ffca834b477b74a2144564522e944eabff61?s=96&d=mm&r=g","url":"https:\/\/secure.gravatar.com\/avatar\/ac5001d2a36cb6c6cd3e50789007ffca834b477b74a2144564522e944eabff61?s=96&d=mm&r=g","contentUrl":"https:\/\/secure.gravatar.com\/avatar\/ac5001d2a36cb6c6cd3e50789007ffca834b477b74a2144564522e944eabff61?s=96&d=mm&r=g","caption":"thomas.berner"},"url":"https:\/\/www.organisator.ch\/it\/author\/thomas-berner\/"}]}},"_links":{"self":[{"href":"https:\/\/www.organisator.ch\/it\/wp-json\/wp\/v2\/posts\/2447","targetHints":{"allow":["GET"]}}],"collection":[{"href":"https:\/\/www.organisator.ch\/it\/wp-json\/wp\/v2\/posts"}],"about":[{"href":"https:\/\/www.organisator.ch\/it\/wp-json\/wp\/v2\/types\/post"}],"author":[{"embeddable":true,"href":"https:\/\/www.organisator.ch\/it\/wp-json\/wp\/v2\/users\/4"}],"replies":[{"embeddable":true,"href":"https:\/\/www.organisator.ch\/it\/wp-json\/wp\/v2\/comments?post=2447"}],"version-history":[{"count":0,"href":"https:\/\/www.organisator.ch\/it\/wp-json\/wp\/v2\/posts\/2447\/revisions"}],"wp:featuredmedia":[{"embeddable":true,"href":"https:\/\/www.organisator.ch\/it\/wp-json\/wp\/v2\/media\/2449"}],"wp:attachment":[{"href":"https:\/\/www.organisator.ch\/it\/wp-json\/wp\/v2\/media?parent=2447"}],"wp:term":[{"taxonomy":"category","embeddable":true,"href":"https:\/\/www.organisator.ch\/it\/wp-json\/wp\/v2\/categories?post=2447"},{"taxonomy":"post_tag","embeddable":true,"href":"https:\/\/www.organisator.ch\/it\/wp-json\/wp\/v2\/tags?post=2447"}],"curies":[{"name":"wp","href":"https:\/\/api.w.org\/{rel}","templated":true}]}}