{"id":24554,"date":"2024-01-24T13:37:41","date_gmt":"2024-01-24T12:37:41","guid":{"rendered":"https:\/\/www.organisator.ch\/?p=24554"},"modified":"2024-01-24T13:37:41","modified_gmt":"2024-01-24T12:37:41","slug":"ebl-startet-1-gw-erneuerbare-energie-fonds-mit-ueber-100-mio-eur-fuer-europas-energiewende","status":"publish","type":"post","link":"https:\/\/www.organisator.ch\/it\/sustainability\/2024-01-24\/ebl-startet-1-gw-erneuerbare-energie-fonds-mit-ueber-100-mio-eur-fuer-europas-energiewende\/","title":{"rendered":"EBL lancia un fondo per le energie rinnovabili da 1 GW con oltre 100 milioni di euro per la transizione energetica europea"},"content":{"rendered":"<figure id=\"attachment_24556\" aria-describedby=\"caption-attachment-24556\" style=\"width: 680px\" class=\"wp-caption alignnone\"><img loading=\"lazy\" decoding=\"async\" class=\"size-full wp-image-24556\" src=\"https:\/\/www.organisator.ch\/wp-content\/uploads\/2024\/01\/EBL_Bild1_ps.jpg\" alt=\"\" width=\"680\" height=\"452\" srcset=\"https:\/\/www.organisator.ch\/wp-content\/uploads\/2024\/01\/EBL_Bild1_ps.jpg 680w, https:\/\/www.organisator.ch\/wp-content\/uploads\/2024\/01\/EBL_Bild1_ps-18x12.jpg 18w, https:\/\/www.organisator.ch\/wp-content\/uploads\/2024\/01\/EBL_Bild1_ps-375x249.jpg 375w, https:\/\/www.organisator.ch\/wp-content\/uploads\/2024\/01\/EBL_Bild1_ps-527x350.jpg 527w\" sizes=\"auto, (max-width: 680px) 100vw, 680px\" \/><figcaption id=\"caption-attachment-24556\" class=\"wp-caption-text\">EBL sta compiendo un passo significativo verso la costituzione di un portafoglio di fondi da 1 gigawatt nella produzione di energia elettrica da fonti rinnovabili. (Immagine: www.depositphotos.com)<\/figcaption><\/figure>\n<p>Dominique Becht, responsabile dei titoli della Fondazione Abendrot, spiega la decisione di investire: \"Come noi, EBL punta su valori a lungo termine. Come partner industriale \u00e8 estremamente credibile e, come fornitore di energia, \u00e8 radicata nella regione. Siamo convinti che questa sia un'opportunit\u00e0 di investimento vantaggiosa e sostenibile per il nostro fondo pensione\". Tobias Andrist, CEO di EBL, sottolinea inoltre: \"Il nostro impegno a lungo termine nella transizione energetica e le nostre partnership con investitori professionali e istituzionali ci rendono un punto di contatto affidabile per gli investimenti sostenibili nel settore energetico. Prevediamo di accettare altri 50-100 milioni di euro al secondo closing nel 2024 e invitiamo caldamente gli investitori qualificati a partecipare a questa iniziativa pionieristica.\"\u00a0<\/p>\n<p>In qualit\u00e0 di promotore, EBL deterr\u00e0 una quota di partecipazione pari a 10-20%. Il piano prevede di investire in 20-25 progetti pronti per la costruzione nei settori dell'energia solare, dell'energia eolica terrestre e dell'accumulo di energia, con particolare attenzione agli impianti fotovoltaici a terra di medie dimensioni in Germania e Spagna. Concentrandosi sulle tecnologie sostenibili, il fondo infrastrutturale soddisfa i requisiti del regolamento UE sulla divulgazione della finanza sostenibile (SFDR) e fornisce quindi un valido contributo all'obiettivo dell'Accordo di Parigi della Conferenza delle Nazioni Unite sui cambiamenti climatici di limitare il riscaldamento globale.<\/p>\n<p>Il primo closing del fondo ha gi\u00e0 visto impegni da parte di investitori di riferimento per un totale di oltre 100 milioni di euro. Questi fondi saranno immediatamente convertiti in investimenti corrispondenti da parte di EBL Infrastruktur Management AG. Inoltre, EBL continua a effettuare investimenti anticipati e sta investendo altri 110 milioni di euro come gruppo in una pipeline di sviluppo specificamente dedicata al fondo. 1 GW di questa pipeline \u00e8 gi\u00e0 stato assicurato.\u00a0<\/p>\n<p>EBL \u00e8 sinonimo di sicurezza dell'approvvigionamento dal 1898 e da oltre un decennio \u00e8 fermamente impegnata nella produzione di energia ecologica. Oltre a fornire energia nella regione di Basilea e in altri cantoni, EBL RES gestisce centrali elettriche nel cantone, in Svizzera e in altri paesi europei. Con la costruzione di una centrale CSP in Spagna, dal 2010 EBL investe nelle energie rinnovabili insieme ad altri investitori svizzeri qualificati. EBL Fernw\u00e4rme AG, fondata nel 2012, ha investito in cinque sistemi di teleriscaldamento svizzeri, raccogliendo 49 milioni di franchi svizzeri. EBL Wind Invest AG ha raccolto 117 milioni di euro da altri sei investitori svizzeri e li ha investiti in 14 parchi eolici onshore da 130 MW in Germania. La vasta esperienza di EBL nella gestione di portafogli ha spinto l'azienda a pensare al futuro e a far autorizzare dalla FINMA la controllata EBL Infrastruktur Management AG come gestore di patrimoni collettivi all'inizio del 2023.\u00a0<\/p>\n<p><em>Fonte: <a href=\"https:\/\/www.ebl.ch\/de\/\">www.ebl.ch<\/a><\/em><\/p>","protected":false},"excerpt":{"rendered":"<p>Il fornitore di energia EBL (Genossenschaft Elektra Baselland) ha compiuto un passo significativo verso la creazione di un portafoglio di fondi da 1 gigawatt per la produzione di energia elettrica da fonti rinnovabili (RES). Con il successo del primo round di finanziamento del fondo infrastrutturale ESG Art. 9 RES, l'azienda ha gi\u00e0 ottenuto oltre 100 milioni di euro per questo progetto. <\/p>","protected":false},"author":58,"featured_media":24556,"comment_status":"closed","ping_status":"closed","sticky":false,"template":"","format":"standard","meta":{"_acf_changed":false,"_yoast_wpseo_focuskw":"EBL","_yoast_wpseo_metadesc":"Die EBL macht einen bedeutenden Schritt auf ihrem Weg zur Etablierung eines 1-Gigawatt-Fondsportfolios in Stromproduktion aus erneuerbaren Energiequellen.","articlekey":"","footnotes":""},"categories":[580],"tags":[1098,1787,492],"class_list":["post-24554","post","type-post","status-publish","format-standard","has-post-thumbnail","hentry","category-sustainability","tag-enerneuerbare-energie","tag-nachhaltigkeit","tag-unternehmen"],"acf":[],"yoast_head":"<!-- This site is optimized with the Yoast SEO plugin v27.4 - https:\/\/yoast.com\/product\/yoast-seo-wordpress\/ -->\n<title>EBL startet 1 GW Erneuerbare-Energie-Fonds mit \u00fcber 100 Mio. EUR f\u00fcr Europas Energiewende - Organisator<\/title>\n<meta name=\"description\" content=\"Die EBL macht einen bedeutenden Schritt auf ihrem Weg zur Etablierung eines 1-Gigawatt-Fondsportfolios in Stromproduktion aus erneuerbaren Energiequellen.\" \/>\n<meta name=\"robots\" content=\"index, follow, max-snippet:-1, max-image-preview:large, max-video-preview:-1\" \/>\n<link rel=\"canonical\" href=\"https:\/\/www.organisator.ch\/it\/sostenibilita\/2024-01-24\/ebl-startet-1-gw-erneuerbare-energie-fonds-mit-ueber-100-mio-eur-fuer-europas-energiewende\/\" \/>\n<meta property=\"og:locale\" content=\"it_IT\" \/>\n<meta property=\"og:type\" content=\"article\" \/>\n<meta property=\"og:title\" content=\"EBL startet 1 GW Erneuerbare-Energie-Fonds mit \u00fcber 100 Mio. EUR f\u00fcr Europas Energiewende\" \/>\n<meta property=\"og:description\" content=\"Die EBL macht einen bedeutenden Schritt auf ihrem Weg zur Etablierung eines 1-Gigawatt-Fondsportfolios in Stromproduktion aus erneuerbaren Energiequellen.\" \/>\n<meta property=\"og:url\" content=\"https:\/\/www.organisator.ch\/it\/sostenibilita\/2024-01-24\/ebl-startet-1-gw-erneuerbare-energie-fonds-mit-ueber-100-mio-eur-fuer-europas-energiewende\/\" \/>\n<meta property=\"og:site_name\" content=\"Organisator\" \/>\n<meta property=\"article:publisher\" content=\"https:\/\/www.facebook.com\/OrganisatorFachmagazin\" \/>\n<meta property=\"article:published_time\" content=\"2024-01-24T12:37:41+00:00\" \/>\n<meta property=\"og:image\" content=\"https:\/\/www.organisator.ch\/wp-content\/uploads\/2024\/01\/EBL_Bild1_ps.jpg\" \/>\n\t<meta property=\"og:image:width\" content=\"680\" \/>\n\t<meta property=\"og:image:height\" content=\"452\" \/>\n\t<meta property=\"og:image:type\" content=\"image\/jpeg\" \/>\n<meta name=\"author\" content=\"Adelisa Kalajdzini\" \/>\n<meta name=\"twitter:card\" content=\"summary_large_image\" \/>\n<meta name=\"twitter:title\" content=\"EBL startet 1 GW Erneuerbare-Energie-Fonds mit \u00fcber 100 Mio. EUR f\u00fcr Europas Energiewende\" \/>\n<meta name=\"twitter:description\" content=\"Die #EBL macht einen bedeutenden Schritt auf ihrem Weg zur Etablierung eines #1-Gigawatt-Fondsportfolios in #Stromproduktion aus erneuerbaren #Energiequellen.\" \/>\n<meta name=\"twitter:image\" content=\"https:\/\/www.organisator.ch\/wp-content\/uploads\/2024\/01\/EBL_Bild1_ps.jpg\" \/>\n<script type=\"application\/ld+json\" class=\"yoast-schema-graph\">{\"@context\":\"https:\\\/\\\/schema.org\",\"@graph\":[{\"@type\":\"Article\",\"@id\":\"https:\\\/\\\/www.organisator.ch\\\/sustainability\\\/2024-01-24\\\/ebl-startet-1-gw-erneuerbare-energie-fonds-mit-ueber-100-mio-eur-fuer-europas-energiewende\\\/#article\",\"isPartOf\":{\"@id\":\"https:\\\/\\\/www.organisator.ch\\\/sustainability\\\/2024-01-24\\\/ebl-startet-1-gw-erneuerbare-energie-fonds-mit-ueber-100-mio-eur-fuer-europas-energiewende\\\/\"},\"author\":{\"name\":\"Adelisa Kalajdzini\",\"@id\":\"https:\\\/\\\/www.organisator.ch\\\/#\\\/schema\\\/person\\\/2e1314a2172123f874db408d8911d3f3\"},\"headline\":\"EBL startet 1 GW Erneuerbare-Energie-Fonds mit \u00fcber 100 Mio. EUR f\u00fcr Europas Energiewende\",\"datePublished\":\"2024-01-24T12:37:41+00:00\",\"mainEntityOfPage\":{\"@id\":\"https:\\\/\\\/www.organisator.ch\\\/sustainability\\\/2024-01-24\\\/ebl-startet-1-gw-erneuerbare-energie-fonds-mit-ueber-100-mio-eur-fuer-europas-energiewende\\\/\"},\"wordCount\":440,\"publisher\":{\"@id\":\"https:\\\/\\\/www.organisator.ch\\\/#organization\"},\"image\":{\"@id\":\"https:\\\/\\\/www.organisator.ch\\\/sustainability\\\/2024-01-24\\\/ebl-startet-1-gw-erneuerbare-energie-fonds-mit-ueber-100-mio-eur-fuer-europas-energiewende\\\/#primaryimage\"},\"thumbnailUrl\":\"https:\\\/\\\/www.organisator.ch\\\/wp-content\\\/uploads\\\/2024\\\/01\\\/EBL_Bild1_ps.jpg\",\"keywords\":[\"Enerneuerbare Energie\",\"Nachhaltigkeit\",\"Unternehmen\"],\"articleSection\":[\"SUSTAINABILITY\"],\"inLanguage\":\"it-IT\"},{\"@type\":\"WebPage\",\"@id\":\"https:\\\/\\\/www.organisator.ch\\\/sustainability\\\/2024-01-24\\\/ebl-startet-1-gw-erneuerbare-energie-fonds-mit-ueber-100-mio-eur-fuer-europas-energiewende\\\/\",\"url\":\"https:\\\/\\\/www.organisator.ch\\\/sustainability\\\/2024-01-24\\\/ebl-startet-1-gw-erneuerbare-energie-fonds-mit-ueber-100-mio-eur-fuer-europas-energiewende\\\/\",\"name\":\"EBL startet 1 GW Erneuerbare-Energie-Fonds mit \u00fcber 100 Mio. EUR f\u00fcr Europas Energiewende - Organisator\",\"isPartOf\":{\"@id\":\"https:\\\/\\\/www.organisator.ch\\\/#website\"},\"primaryImageOfPage\":{\"@id\":\"https:\\\/\\\/www.organisator.ch\\\/sustainability\\\/2024-01-24\\\/ebl-startet-1-gw-erneuerbare-energie-fonds-mit-ueber-100-mio-eur-fuer-europas-energiewende\\\/#primaryimage\"},\"image\":{\"@id\":\"https:\\\/\\\/www.organisator.ch\\\/sustainability\\\/2024-01-24\\\/ebl-startet-1-gw-erneuerbare-energie-fonds-mit-ueber-100-mio-eur-fuer-europas-energiewende\\\/#primaryimage\"},\"thumbnailUrl\":\"https:\\\/\\\/www.organisator.ch\\\/wp-content\\\/uploads\\\/2024\\\/01\\\/EBL_Bild1_ps.jpg\",\"datePublished\":\"2024-01-24T12:37:41+00:00\",\"description\":\"Die EBL macht einen bedeutenden Schritt auf ihrem Weg zur Etablierung eines 1-Gigawatt-Fondsportfolios in Stromproduktion aus erneuerbaren Energiequellen.\",\"breadcrumb\":{\"@id\":\"https:\\\/\\\/www.organisator.ch\\\/sustainability\\\/2024-01-24\\\/ebl-startet-1-gw-erneuerbare-energie-fonds-mit-ueber-100-mio-eur-fuer-europas-energiewende\\\/#breadcrumb\"},\"inLanguage\":\"it-IT\",\"potentialAction\":[{\"@type\":\"ReadAction\",\"target\":[\"https:\\\/\\\/www.organisator.ch\\\/sustainability\\\/2024-01-24\\\/ebl-startet-1-gw-erneuerbare-energie-fonds-mit-ueber-100-mio-eur-fuer-europas-energiewende\\\/\"]}]},{\"@type\":\"ImageObject\",\"inLanguage\":\"it-IT\",\"@id\":\"https:\\\/\\\/www.organisator.ch\\\/sustainability\\\/2024-01-24\\\/ebl-startet-1-gw-erneuerbare-energie-fonds-mit-ueber-100-mio-eur-fuer-europas-energiewende\\\/#primaryimage\",\"url\":\"https:\\\/\\\/www.organisator.ch\\\/wp-content\\\/uploads\\\/2024\\\/01\\\/EBL_Bild1_ps.jpg\",\"contentUrl\":\"https:\\\/\\\/www.organisator.ch\\\/wp-content\\\/uploads\\\/2024\\\/01\\\/EBL_Bild1_ps.jpg\",\"width\":680,\"height\":452,\"caption\":\"Die EBL macht einen bedeutenden Schritt auf ihrem Weg zur Etablierung eines 1-Gigawatt-Fondsportfolios in Stromproduktion aus erneuerbaren Energiequellen. (Bild: www.depositphotos.com)\"},{\"@type\":\"BreadcrumbList\",\"@id\":\"https:\\\/\\\/www.organisator.ch\\\/sustainability\\\/2024-01-24\\\/ebl-startet-1-gw-erneuerbare-energie-fonds-mit-ueber-100-mio-eur-fuer-europas-energiewende\\\/#breadcrumb\",\"itemListElement\":[{\"@type\":\"ListItem\",\"position\":1,\"name\":\"Home\",\"item\":\"https:\\\/\\\/www.organisator.ch\\\/\"},{\"@type\":\"ListItem\",\"position\":2,\"name\":\"EBL startet 1 GW Erneuerbare-Energie-Fonds mit \u00fcber 100 Mio. EUR f\u00fcr Europas Energiewende\"}]},{\"@type\":\"WebSite\",\"@id\":\"https:\\\/\\\/www.organisator.ch\\\/#website\",\"url\":\"https:\\\/\\\/www.organisator.ch\\\/\",\"name\":\"Organisator\",\"description\":\"Kompetent. Praxisnah. Der ORGANISATOR bereitet in 10 Ausgaben pro Jahr die wesentlichen Themen f\u00fcr F\u00fchrungskr\u00e4fte von KMU auf.\",\"publisher\":{\"@id\":\"https:\\\/\\\/www.organisator.ch\\\/#organization\"},\"potentialAction\":[{\"@type\":\"SearchAction\",\"target\":{\"@type\":\"EntryPoint\",\"urlTemplate\":\"https:\\\/\\\/www.organisator.ch\\\/?s={search_term_string}\"},\"query-input\":{\"@type\":\"PropertyValueSpecification\",\"valueRequired\":true,\"valueName\":\"search_term_string\"}}],\"inLanguage\":\"it-IT\"},{\"@type\":\"Organization\",\"@id\":\"https:\\\/\\\/www.organisator.ch\\\/#organization\",\"name\":\"Organisator\",\"url\":\"https:\\\/\\\/www.organisator.ch\\\/\",\"logo\":{\"@type\":\"ImageObject\",\"inLanguage\":\"it-IT\",\"@id\":\"https:\\\/\\\/www.organisator.ch\\\/#\\\/schema\\\/logo\\\/image\\\/\",\"url\":\"https:\\\/\\\/www.organisator.ch\\\/wp-content\\\/uploads\\\/2022\\\/01\\\/Logo_Organisator_Website.png\",\"contentUrl\":\"https:\\\/\\\/www.organisator.ch\\\/wp-content\\\/uploads\\\/2022\\\/01\\\/Logo_Organisator_Website.png\",\"width\":800,\"height\":77,\"caption\":\"Organisator\"},\"image\":{\"@id\":\"https:\\\/\\\/www.organisator.ch\\\/#\\\/schema\\\/logo\\\/image\\\/\"},\"sameAs\":[\"https:\\\/\\\/www.facebook.com\\\/OrganisatorFachmagazin\",\"https:\\\/\\\/www.linkedin.com\\\/showcase\\\/organisator-das-magazin-fr-kmu\",\"https:\\\/\\\/www.xing.com\\\/news\\\/pages\\\/organisator-ch-695\",\"https:\\\/\\\/www.youtube.com\\\/channel\\\/UCGP2Sq0iWaZwT3BdIAQFYpw\"]},{\"@type\":\"Person\",\"@id\":\"https:\\\/\\\/www.organisator.ch\\\/#\\\/schema\\\/person\\\/2e1314a2172123f874db408d8911d3f3\",\"name\":\"Adelisa Kalajdzini\",\"image\":{\"@type\":\"ImageObject\",\"inLanguage\":\"it-IT\",\"@id\":\"https:\\\/\\\/secure.gravatar.com\\\/avatar\\\/09a397c22ac58cad6f160ee8306348599df9df58a8ede73696226897b9fa4b24?s=96&d=mm&r=g\",\"url\":\"https:\\\/\\\/secure.gravatar.com\\\/avatar\\\/09a397c22ac58cad6f160ee8306348599df9df58a8ede73696226897b9fa4b24?s=96&d=mm&r=g\",\"contentUrl\":\"https:\\\/\\\/secure.gravatar.com\\\/avatar\\\/09a397c22ac58cad6f160ee8306348599df9df58a8ede73696226897b9fa4b24?s=96&d=mm&r=g\",\"caption\":\"Adelisa Kalajdzini\"},\"url\":\"https:\\\/\\\/www.organisator.ch\\\/it\\\/author\\\/adelisa-kalajdzini\\\/\"}]}<\/script>\n<!-- \/ Yoast SEO plugin. -->","yoast_head_json":{"title":"EBL lancia un fondo per le energie rinnovabili da 1 GW con oltre 100 milioni di euro per la transizione energetica in Europa - Organizzatore","description":"EBL sta compiendo un passo significativo verso la costituzione di un portafoglio di fondi da 1 gigawatt nella produzione di energia elettrica da fonti rinnovabili.","robots":{"index":"index","follow":"follow","max-snippet":"max-snippet:-1","max-image-preview":"max-image-preview:large","max-video-preview":"max-video-preview:-1"},"canonical":"https:\/\/www.organisator.ch\/it\/sostenibilita\/2024-01-24\/ebl-startet-1-gw-erneuerbare-energie-fonds-mit-ueber-100-mio-eur-fuer-europas-energiewende\/","og_locale":"it_IT","og_type":"article","og_title":"EBL startet 1 GW Erneuerbare-Energie-Fonds mit \u00fcber 100 Mio. EUR f\u00fcr Europas Energiewende","og_description":"Die EBL macht einen bedeutenden Schritt auf ihrem Weg zur Etablierung eines 1-Gigawatt-Fondsportfolios in Stromproduktion aus erneuerbaren Energiequellen.","og_url":"https:\/\/www.organisator.ch\/it\/sostenibilita\/2024-01-24\/ebl-startet-1-gw-erneuerbare-energie-fonds-mit-ueber-100-mio-eur-fuer-europas-energiewende\/","og_site_name":"Organisator","article_publisher":"https:\/\/www.facebook.com\/OrganisatorFachmagazin","article_published_time":"2024-01-24T12:37:41+00:00","og_image":[{"width":680,"height":452,"url":"https:\/\/www.organisator.ch\/wp-content\/uploads\/2024\/01\/EBL_Bild1_ps.jpg","type":"image\/jpeg"}],"author":"Adelisa Kalajdzini","twitter_card":"summary_large_image","twitter_title":"EBL startet 1 GW Erneuerbare-Energie-Fonds mit \u00fcber 100 Mio. EUR f\u00fcr Europas Energiewende","twitter_description":"Die #EBL macht einen bedeutenden Schritt auf ihrem Weg zur Etablierung eines #1-Gigawatt-Fondsportfolios in #Stromproduktion aus erneuerbaren #Energiequellen.","twitter_image":"https:\/\/www.organisator.ch\/wp-content\/uploads\/2024\/01\/EBL_Bild1_ps.jpg","schema":{"@context":"https:\/\/schema.org","@graph":[{"@type":"Article","@id":"https:\/\/www.organisator.ch\/sustainability\/2024-01-24\/ebl-startet-1-gw-erneuerbare-energie-fonds-mit-ueber-100-mio-eur-fuer-europas-energiewende\/#article","isPartOf":{"@id":"https:\/\/www.organisator.ch\/sustainability\/2024-01-24\/ebl-startet-1-gw-erneuerbare-energie-fonds-mit-ueber-100-mio-eur-fuer-europas-energiewende\/"},"author":{"name":"Adelisa Kalajdzini","@id":"https:\/\/www.organisator.ch\/#\/schema\/person\/2e1314a2172123f874db408d8911d3f3"},"headline":"EBL startet 1 GW Erneuerbare-Energie-Fonds mit \u00fcber 100 Mio. EUR f\u00fcr Europas Energiewende","datePublished":"2024-01-24T12:37:41+00:00","mainEntityOfPage":{"@id":"https:\/\/www.organisator.ch\/sustainability\/2024-01-24\/ebl-startet-1-gw-erneuerbare-energie-fonds-mit-ueber-100-mio-eur-fuer-europas-energiewende\/"},"wordCount":440,"publisher":{"@id":"https:\/\/www.organisator.ch\/#organization"},"image":{"@id":"https:\/\/www.organisator.ch\/sustainability\/2024-01-24\/ebl-startet-1-gw-erneuerbare-energie-fonds-mit-ueber-100-mio-eur-fuer-europas-energiewende\/#primaryimage"},"thumbnailUrl":"https:\/\/www.organisator.ch\/wp-content\/uploads\/2024\/01\/EBL_Bild1_ps.jpg","keywords":["Enerneuerbare Energie","Nachhaltigkeit","Unternehmen"],"articleSection":["SUSTAINABILITY"],"inLanguage":"it-IT"},{"@type":"WebPage","@id":"https:\/\/www.organisator.ch\/sustainability\/2024-01-24\/ebl-startet-1-gw-erneuerbare-energie-fonds-mit-ueber-100-mio-eur-fuer-europas-energiewende\/","url":"https:\/\/www.organisator.ch\/sustainability\/2024-01-24\/ebl-startet-1-gw-erneuerbare-energie-fonds-mit-ueber-100-mio-eur-fuer-europas-energiewende\/","name":"EBL lancia un fondo per le energie rinnovabili da 1 GW con oltre 100 milioni di euro per la transizione energetica in Europa - Organizzatore","isPartOf":{"@id":"https:\/\/www.organisator.ch\/#website"},"primaryImageOfPage":{"@id":"https:\/\/www.organisator.ch\/sustainability\/2024-01-24\/ebl-startet-1-gw-erneuerbare-energie-fonds-mit-ueber-100-mio-eur-fuer-europas-energiewende\/#primaryimage"},"image":{"@id":"https:\/\/www.organisator.ch\/sustainability\/2024-01-24\/ebl-startet-1-gw-erneuerbare-energie-fonds-mit-ueber-100-mio-eur-fuer-europas-energiewende\/#primaryimage"},"thumbnailUrl":"https:\/\/www.organisator.ch\/wp-content\/uploads\/2024\/01\/EBL_Bild1_ps.jpg","datePublished":"2024-01-24T12:37:41+00:00","description":"EBL sta compiendo un passo significativo verso la costituzione di un portafoglio di fondi da 1 gigawatt nella produzione di energia elettrica da fonti rinnovabili.","breadcrumb":{"@id":"https:\/\/www.organisator.ch\/sustainability\/2024-01-24\/ebl-startet-1-gw-erneuerbare-energie-fonds-mit-ueber-100-mio-eur-fuer-europas-energiewende\/#breadcrumb"},"inLanguage":"it-IT","potentialAction":[{"@type":"ReadAction","target":["https:\/\/www.organisator.ch\/sustainability\/2024-01-24\/ebl-startet-1-gw-erneuerbare-energie-fonds-mit-ueber-100-mio-eur-fuer-europas-energiewende\/"]}]},{"@type":"ImageObject","inLanguage":"it-IT","@id":"https:\/\/www.organisator.ch\/sustainability\/2024-01-24\/ebl-startet-1-gw-erneuerbare-energie-fonds-mit-ueber-100-mio-eur-fuer-europas-energiewende\/#primaryimage","url":"https:\/\/www.organisator.ch\/wp-content\/uploads\/2024\/01\/EBL_Bild1_ps.jpg","contentUrl":"https:\/\/www.organisator.ch\/wp-content\/uploads\/2024\/01\/EBL_Bild1_ps.jpg","width":680,"height":452,"caption":"Die EBL macht einen bedeutenden Schritt auf ihrem Weg zur Etablierung eines 1-Gigawatt-Fondsportfolios in Stromproduktion aus erneuerbaren Energiequellen. (Bild: www.depositphotos.com)"},{"@type":"BreadcrumbList","@id":"https:\/\/www.organisator.ch\/sustainability\/2024-01-24\/ebl-startet-1-gw-erneuerbare-energie-fonds-mit-ueber-100-mio-eur-fuer-europas-energiewende\/#breadcrumb","itemListElement":[{"@type":"ListItem","position":1,"name":"Home","item":"https:\/\/www.organisator.ch\/"},{"@type":"ListItem","position":2,"name":"EBL startet 1 GW Erneuerbare-Energie-Fonds mit \u00fcber 100 Mio. EUR f\u00fcr Europas Energiewende"}]},{"@type":"WebSite","@id":"https:\/\/www.organisator.ch\/#website","url":"https:\/\/www.organisator.ch\/","name":"Organizzatore","description":"Competente. Pratico. In 10 numeri all'anno, ORGANISATOR presenta i temi essenziali per i manager delle PMI.","publisher":{"@id":"https:\/\/www.organisator.ch\/#organization"},"potentialAction":[{"@type":"SearchAction","target":{"@type":"EntryPoint","urlTemplate":"https:\/\/www.organisator.ch\/?s={search_term_string}"},"query-input":{"@type":"PropertyValueSpecification","valueRequired":true,"valueName":"search_term_string"}}],"inLanguage":"it-IT"},{"@type":"Organization","@id":"https:\/\/www.organisator.ch\/#organization","name":"Organizzatore","url":"https:\/\/www.organisator.ch\/","logo":{"@type":"ImageObject","inLanguage":"it-IT","@id":"https:\/\/www.organisator.ch\/#\/schema\/logo\/image\/","url":"https:\/\/www.organisator.ch\/wp-content\/uploads\/2022\/01\/Logo_Organisator_Website.png","contentUrl":"https:\/\/www.organisator.ch\/wp-content\/uploads\/2022\/01\/Logo_Organisator_Website.png","width":800,"height":77,"caption":"Organisator"},"image":{"@id":"https:\/\/www.organisator.ch\/#\/schema\/logo\/image\/"},"sameAs":["https:\/\/www.facebook.com\/OrganisatorFachmagazin","https:\/\/www.linkedin.com\/showcase\/organisator-das-magazin-fr-kmu","https:\/\/www.xing.com\/news\/pages\/organisator-ch-695","https:\/\/www.youtube.com\/channel\/UCGP2Sq0iWaZwT3BdIAQFYpw"]},{"@type":"Person","@id":"https:\/\/www.organisator.ch\/#\/schema\/person\/2e1314a2172123f874db408d8911d3f3","name":"Adelisa Kalajdzini","image":{"@type":"ImageObject","inLanguage":"it-IT","@id":"https:\/\/secure.gravatar.com\/avatar\/09a397c22ac58cad6f160ee8306348599df9df58a8ede73696226897b9fa4b24?s=96&d=mm&r=g","url":"https:\/\/secure.gravatar.com\/avatar\/09a397c22ac58cad6f160ee8306348599df9df58a8ede73696226897b9fa4b24?s=96&d=mm&r=g","contentUrl":"https:\/\/secure.gravatar.com\/avatar\/09a397c22ac58cad6f160ee8306348599df9df58a8ede73696226897b9fa4b24?s=96&d=mm&r=g","caption":"Adelisa Kalajdzini"},"url":"https:\/\/www.organisator.ch\/it\/author\/adelisa-kalajdzini\/"}]}},"_links":{"self":[{"href":"https:\/\/www.organisator.ch\/it\/wp-json\/wp\/v2\/posts\/24554","targetHints":{"allow":["GET"]}}],"collection":[{"href":"https:\/\/www.organisator.ch\/it\/wp-json\/wp\/v2\/posts"}],"about":[{"href":"https:\/\/www.organisator.ch\/it\/wp-json\/wp\/v2\/types\/post"}],"author":[{"embeddable":true,"href":"https:\/\/www.organisator.ch\/it\/wp-json\/wp\/v2\/users\/58"}],"replies":[{"embeddable":true,"href":"https:\/\/www.organisator.ch\/it\/wp-json\/wp\/v2\/comments?post=24554"}],"version-history":[{"count":6,"href":"https:\/\/www.organisator.ch\/it\/wp-json\/wp\/v2\/posts\/24554\/revisions"}],"predecessor-version":[{"id":24579,"href":"https:\/\/www.organisator.ch\/it\/wp-json\/wp\/v2\/posts\/24554\/revisions\/24579"}],"wp:featuredmedia":[{"embeddable":true,"href":"https:\/\/www.organisator.ch\/it\/wp-json\/wp\/v2\/media\/24556"}],"wp:attachment":[{"href":"https:\/\/www.organisator.ch\/it\/wp-json\/wp\/v2\/media?parent=24554"}],"wp:term":[{"taxonomy":"category","embeddable":true,"href":"https:\/\/www.organisator.ch\/it\/wp-json\/wp\/v2\/categories?post=24554"},{"taxonomy":"post_tag","embeddable":true,"href":"https:\/\/www.organisator.ch\/it\/wp-json\/wp\/v2\/tags?post=24554"}],"curies":[{"name":"wp","href":"https:\/\/api.w.org\/{rel}","templated":true}]}}