{"id":24580,"date":"2024-01-26T03:03:03","date_gmt":"2024-01-26T02:03:03","guid":{"rendered":"https:\/\/www.organisator.ch\/?p=24580"},"modified":"2024-02-09T07:20:21","modified_gmt":"2024-02-09T06:20:21","slug":"was-wir-dieses-jahr-stoppen-sollten-es-ist-noch-nicht-zu-spaet","status":"publish","type":"post","link":"https:\/\/www.organisator.ch\/it\/management\/2024-01-26\/was-wir-dieses-jahr-stoppen-sollten-es-ist-noch-nicht-zu-spaet\/","title":{"rendered":"Cosa dovremmo smettere di fare quest'anno (non \u00e8 troppo tardi)"},"content":{"rendered":"<figure id=\"attachment_24582\" class=\"wp-caption alignnone\" style=\"width: 680px;\" aria-describedby=\"caption-attachment-24582\"><img class=\"size-full wp-image-24582\" src=\"https:\/\/www.organisator.ch\/wp-content\/uploads\/2024\/01\/Was-wir-dieses-Jahr-stoppen-sollten-es-ist-noch-nicht-zu-spaet_Organisator.jpg\" sizes=\"(max-width: 680px) 100vw, 680px\" srcset=\"https:\/\/www.organisator.ch\/wp-content\/uploads\/2024\/01\/Was-wir-dieses-Jahr-stoppen-sollten-es-ist-noch-nicht-zu-spaet_Organisator.jpg 680w, https:\/\/www.organisator.ch\/wp-content\/uploads\/2024\/01\/Was-wir-dieses-Jahr-stoppen-sollten-es-ist-noch-nicht-zu-spaet_Organisator-18x12.jpg 18w, https:\/\/www.organisator.ch\/wp-content\/uploads\/2024\/01\/Was-wir-dieses-Jahr-stoppen-sollten-es-ist-noch-nicht-zu-spaet_Organisator-375x250.jpg 375w, https:\/\/www.organisator.ch\/wp-content\/uploads\/2024\/01\/Was-wir-dieses-Jahr-stoppen-sollten-es-ist-noch-nicht-zu-spaet_Organisator-525x350.jpg 525w\" alt=\"\" width=\"680\" height=\"453\" \/>\r\n<figcaption id=\"caption-attachment-24582\" class=\"wp-caption-text\">Fare troppi nuovi propositi \u00e8 opprimente. Meglio mettere alla prova altre cose della vita... (Immagine: freestocks.org \/ pexels.com)<\/figcaption>\r\n<\/figure>\r\n<p>Ci sono due ragioni principali per cui molti propositi non possono essere mantenuti:<\/p>\r\n<ol>\r\n\t<li>Affinch\u00e9 i propositi abbiano successo, dobbiamo lavorare sulle nostre convinzioni, cio\u00e8 sulla nostra identit\u00e0. Altrimenti avremmo gi\u00e0 realizzato i nostri propositi da tempo. Tuttavia, lavorare sulle nostre convinzioni \u00e8 difficile e richiede quasi sempre un sostegno.<\/li>\r\n\t<li>Vogliamo realizzare i nostri buoni propositi oltre a tutto il resto. Questo raramente funziona bene perch\u00e9 ci sovraccarichiamo.<\/li>\r\n<\/ol>\r\n<p>Non approfondir\u00f2 qui il primo punto. Ma vorrei darvi qualche idea sul secondo punto. Perch\u00e9 invece di aggiungere sempre cose nuove, dobbiamo anche lasciare andare le cose e fermarci. \u00c8 come la cantina, l'armadio o il garage: se ci mettiamo sempre e solo cose nuove, alla fine lo spazio si esaurisce. Quindi la domanda \u00e8: cosa buttiamo via? A questo proposito, consiglio di mettere alla prova alcune cose della nostra vita e di fermarle:.<\/p>\r\n<h3><strong>Arresto n. 1: la mediocrit\u00e0<\/strong><\/h3>\r\n<p>Ci\u00f2 che spesso ostacola la realizzazione e il successo \u00e8 l'accettazione della mediocrit\u00e0 nella vita. (Ho scritto un intero libro su questo tema: \"Unternehmensfitness: 'raus aus dem Mittelma\u00df!\", pubblicato da SpringerGabler).<\/p>\r\n<p>Chiedetevi: Garantite una mentalit\u00e0 eccezionale, una chiarezza eccezionale, un'attuazione al top? Vi circondate soprattutto di persone eccezionali e leggete libri innovativi? Crei l'eccellenza in tutto ci\u00f2 che fai di importante? La vostra produttivit\u00e0 \u00e8 di gran lunga superiore alla media? E cos\u00ec via.<\/p>\r\n<p>\u00c8 importante bandire il pi\u00f9 possibile la mediocrit\u00e0 dalla vita. In questo modo si crea spazio per le cose veramente grandi.<\/p>\r\n<h3><strong>Fermata n. 2: N<\/strong><strong>input positivi<\/strong><\/h3>\r\n<p>\u00c8 un classico, eppure quanto tempo potremmo spendere altrove se bandissimo dalla nostra vita tutti gli input negativi con cui non abbiamo a che fare? Questo include i media, molte cose sui social media, ma anche altre persone, conversazioni negative, dichiarazioni e discussioni durante le riunioni e cos\u00ec via.<\/p>\r\n<p>Pi\u00f9 importante del risparmio di tempo, comunque, \u00e8 ridurre l'influenza negativa del nostro subconscio. \u00c8 come il cibo avariato: l'effetto arriva non appena ingeriamo il negativo.<\/p>\r\n<h3><strong>Arresto n. 3: scuse<\/strong><\/h3>\r\n<p>A volte immagino un mondo in cui nessuno incolpa altre persone, circostanze, eventi o altro, ma si assume la piena responsabilit\u00e0. Probabilmente questo rimane un sogno. Ma potete iniziare da voi stessi e non ammettere pi\u00f9 scuse o colpe. Potete esercitarvi in questo senso e questo vi far\u00e0 rimanere al posto di guida invece di trasferire la responsabilit\u00e0 a qualcuno o a qualcos'altro.<\/p>\r\n<h3><strong>Conclusione:<\/strong><\/h3>\r\n<p>Con questi tre propositi anti-soluzioni sarete sicuramente pi\u00f9 bravi che con altri propositi normali. Sentitevi liberi di trasmettere il suggerimento a chi vi sta intorno. Cos\u00ec potremo tutti trarne beneficio.<\/p>\r\n<p><em><strong>Autore:<\/strong><\/em><br \/>\r\n<em>Volkmar V\u00f6lzke \u00e8 un massimizzatore di successi. Autore del libro. Consulente. Allenatore. Altoparlante.\u00a0<a href=\"http:\/\/www.volkmarvoelzke.ch\/\">www.volkmarvoelzke.ch<\/a><\/em><\/p>","protected":false},"excerpt":{"rendered":"<p>All'inizio dell'anno facciamo spesso molti propositi. E sappiamo anche che molti di essi non funzionano: semplicemente non li rispettiamo.<\/p>","protected":false},"author":4,"featured_media":24582,"comment_status":"closed","ping_status":"closed","sticky":false,"template":"","format":"standard","meta":{"_acf_changed":false,"_yoast_wpseo_focuskw":"stoppen","_yoast_wpseo_metadesc":"Wir wissen, dass wir viele guten Vors\u00e4tze schlicht und einfach nicht durchhalten. Besser, wir stoppen einige andere Dinge im Leben.","articlekey":"","footnotes":""},"categories":[28],"tags":[115,177,335,429],"class_list":["post-24580","post","type-post","status-publish","format-standard","has-post-thumbnail","hentry","category-management","tag-checklisten","tag-erfolgs-impuls","tag-management-und-unternehmensfuehrung","tag-selbstmanagement"],"acf":[],"yoast_head":"<!-- This site is optimized with the Yoast SEO plugin v27.5 - https:\/\/yoast.com\/product\/yoast-seo-wordpress\/ -->\n<title>Was wir dieses Jahr stoppen sollten (es ist noch nicht zu sp\u00e4t) - Organisator<\/title>\n<meta name=\"description\" content=\"Wir wissen, dass wir viele guten Vors\u00e4tze schlicht und einfach nicht durchhalten. Besser, wir stoppen einige andere Dinge im Leben.\" \/>\n<meta name=\"robots\" content=\"index, follow, max-snippet:-1, max-image-preview:large, max-video-preview:-1\" \/>\n<link rel=\"canonical\" href=\"https:\/\/www.organisator.ch\/it\/gestione-2\/2024-01-26\/was-wir-dieses-jahr-stoppen-sollten-es-ist-noch-nicht-zu-spaet\/\" \/>\n<meta property=\"og:locale\" content=\"it_IT\" \/>\n<meta property=\"og:type\" content=\"article\" \/>\n<meta property=\"og:title\" content=\"Was wir dieses Jahr stoppen sollten (es ist noch nicht zu sp\u00e4t)\" \/>\n<meta property=\"og:description\" content=\"Wir wissen, dass wir viele guten Vors\u00e4tze schlicht und einfach nicht durchhalten. Besser, wir stoppen einige andere Dinge im Leben.\" \/>\n<meta property=\"og:url\" content=\"https:\/\/www.organisator.ch\/it\/gestione-2\/2024-01-26\/was-wir-dieses-jahr-stoppen-sollten-es-ist-noch-nicht-zu-spaet\/\" \/>\n<meta property=\"og:site_name\" content=\"Organisator\" \/>\n<meta property=\"article:publisher\" content=\"https:\/\/www.facebook.com\/OrganisatorFachmagazin\" \/>\n<meta property=\"article:published_time\" content=\"2024-01-26T02:03:03+00:00\" \/>\n<meta property=\"article:modified_time\" content=\"2024-02-09T06:20:21+00:00\" \/>\n<meta property=\"og:image\" content=\"https:\/\/www.organisator.ch\/wp-content\/uploads\/2024\/01\/Was-wir-dieses-Jahr-stoppen-sollten-es-ist-noch-nicht-zu-spaet_Organisator.jpg\" \/>\n\t<meta property=\"og:image:width\" content=\"680\" \/>\n\t<meta property=\"og:image:height\" content=\"453\" \/>\n\t<meta property=\"og:image:type\" content=\"image\/jpeg\" \/>\n<meta name=\"author\" content=\"thomas.berner\" \/>\n<meta name=\"twitter:card\" content=\"summary_large_image\" \/>\n<meta name=\"twitter:title\" content=\"Was wir dieses Jahr #stoppen sollten (es ist noch nicht zu sp\u00e4t)\" \/>\n<meta name=\"twitter:description\" content=\"Wir wissen, dass wir viele guten #Vors\u00e4tze schlicht und einfach nicht durchhalten. Besser, wir #stoppen einige andere Dinge im Leben.\" \/>\n<meta name=\"twitter:image\" content=\"https:\/\/www.organisator.ch\/wp-content\/uploads\/2024\/01\/Was-wir-dieses-Jahr-stoppen-sollten-es-ist-noch-nicht-zu-spaet_Organisator.jpg\" \/>\n<script type=\"application\/ld+json\" class=\"yoast-schema-graph\">{\"@context\":\"https:\\\/\\\/schema.org\",\"@graph\":[{\"@type\":\"Article\",\"@id\":\"https:\\\/\\\/www.organisator.ch\\\/management\\\/2024-01-26\\\/was-wir-dieses-jahr-stoppen-sollten-es-ist-noch-nicht-zu-spaet\\\/#article\",\"isPartOf\":{\"@id\":\"https:\\\/\\\/www.organisator.ch\\\/management\\\/2024-01-26\\\/was-wir-dieses-jahr-stoppen-sollten-es-ist-noch-nicht-zu-spaet\\\/\"},\"author\":{\"name\":\"thomas.berner\",\"@id\":\"https:\\\/\\\/www.organisator.ch\\\/#\\\/schema\\\/person\\\/6f650f90b2842cd4c0cc334b4e36f67e\"},\"headline\":\"Was wir dieses Jahr stoppen sollten (es ist noch nicht zu sp\u00e4t)\",\"datePublished\":\"2024-01-26T02:03:03+00:00\",\"dateModified\":\"2024-02-09T06:20:21+00:00\",\"mainEntityOfPage\":{\"@id\":\"https:\\\/\\\/www.organisator.ch\\\/management\\\/2024-01-26\\\/was-wir-dieses-jahr-stoppen-sollten-es-ist-noch-nicht-zu-spaet\\\/\"},\"wordCount\":501,\"publisher\":{\"@id\":\"https:\\\/\\\/www.organisator.ch\\\/#organization\"},\"image\":{\"@id\":\"https:\\\/\\\/www.organisator.ch\\\/management\\\/2024-01-26\\\/was-wir-dieses-jahr-stoppen-sollten-es-ist-noch-nicht-zu-spaet\\\/#primaryimage\"},\"thumbnailUrl\":\"https:\\\/\\\/www.organisator.ch\\\/wp-content\\\/uploads\\\/2024\\\/01\\\/Was-wir-dieses-Jahr-stoppen-sollten-es-ist-noch-nicht-zu-spaet_Organisator.jpg\",\"keywords\":[\"Checklisten\",\"Erfolgs-Impuls\",\"Management und Unternehmensf\u00fchrung\",\"Selbstmanagement\"],\"articleSection\":[\"MANAGEMENT\"],\"inLanguage\":\"it-IT\"},{\"@type\":\"WebPage\",\"@id\":\"https:\\\/\\\/www.organisator.ch\\\/management\\\/2024-01-26\\\/was-wir-dieses-jahr-stoppen-sollten-es-ist-noch-nicht-zu-spaet\\\/\",\"url\":\"https:\\\/\\\/www.organisator.ch\\\/management\\\/2024-01-26\\\/was-wir-dieses-jahr-stoppen-sollten-es-ist-noch-nicht-zu-spaet\\\/\",\"name\":\"Was wir dieses Jahr stoppen sollten (es ist noch nicht zu sp\u00e4t) - Organisator\",\"isPartOf\":{\"@id\":\"https:\\\/\\\/www.organisator.ch\\\/#website\"},\"primaryImageOfPage\":{\"@id\":\"https:\\\/\\\/www.organisator.ch\\\/management\\\/2024-01-26\\\/was-wir-dieses-jahr-stoppen-sollten-es-ist-noch-nicht-zu-spaet\\\/#primaryimage\"},\"image\":{\"@id\":\"https:\\\/\\\/www.organisator.ch\\\/management\\\/2024-01-26\\\/was-wir-dieses-jahr-stoppen-sollten-es-ist-noch-nicht-zu-spaet\\\/#primaryimage\"},\"thumbnailUrl\":\"https:\\\/\\\/www.organisator.ch\\\/wp-content\\\/uploads\\\/2024\\\/01\\\/Was-wir-dieses-Jahr-stoppen-sollten-es-ist-noch-nicht-zu-spaet_Organisator.jpg\",\"datePublished\":\"2024-01-26T02:03:03+00:00\",\"dateModified\":\"2024-02-09T06:20:21+00:00\",\"description\":\"Wir wissen, dass wir viele guten Vors\u00e4tze schlicht und einfach nicht durchhalten. Besser, wir stoppen einige andere Dinge im Leben.\",\"breadcrumb\":{\"@id\":\"https:\\\/\\\/www.organisator.ch\\\/management\\\/2024-01-26\\\/was-wir-dieses-jahr-stoppen-sollten-es-ist-noch-nicht-zu-spaet\\\/#breadcrumb\"},\"inLanguage\":\"it-IT\",\"potentialAction\":[{\"@type\":\"ReadAction\",\"target\":[\"https:\\\/\\\/www.organisator.ch\\\/management\\\/2024-01-26\\\/was-wir-dieses-jahr-stoppen-sollten-es-ist-noch-nicht-zu-spaet\\\/\"]}]},{\"@type\":\"ImageObject\",\"inLanguage\":\"it-IT\",\"@id\":\"https:\\\/\\\/www.organisator.ch\\\/management\\\/2024-01-26\\\/was-wir-dieses-jahr-stoppen-sollten-es-ist-noch-nicht-zu-spaet\\\/#primaryimage\",\"url\":\"https:\\\/\\\/www.organisator.ch\\\/wp-content\\\/uploads\\\/2024\\\/01\\\/Was-wir-dieses-Jahr-stoppen-sollten-es-ist-noch-nicht-zu-spaet_Organisator.jpg\",\"contentUrl\":\"https:\\\/\\\/www.organisator.ch\\\/wp-content\\\/uploads\\\/2024\\\/01\\\/Was-wir-dieses-Jahr-stoppen-sollten-es-ist-noch-nicht-zu-spaet_Organisator.jpg\",\"width\":680,\"height\":453,\"caption\":\"Zu viele neue Vors\u00e4tze zu fassen, \u00fcberfordert. Besser, man stellt andere Dinge des Lebens auf den Pr\u00fcfstand... (Bild: freestocks.org \\\/ pexels.com)\"},{\"@type\":\"BreadcrumbList\",\"@id\":\"https:\\\/\\\/www.organisator.ch\\\/management\\\/2024-01-26\\\/was-wir-dieses-jahr-stoppen-sollten-es-ist-noch-nicht-zu-spaet\\\/#breadcrumb\",\"itemListElement\":[{\"@type\":\"ListItem\",\"position\":1,\"name\":\"Home\",\"item\":\"https:\\\/\\\/www.organisator.ch\\\/\"},{\"@type\":\"ListItem\",\"position\":2,\"name\":\"Was wir dieses Jahr stoppen sollten (es ist noch nicht zu sp\u00e4t)\"}]},{\"@type\":\"WebSite\",\"@id\":\"https:\\\/\\\/www.organisator.ch\\\/#website\",\"url\":\"https:\\\/\\\/www.organisator.ch\\\/\",\"name\":\"Organisator\",\"description\":\"Kompetent. Praxisnah. Der ORGANISATOR bereitet in 10 Ausgaben pro Jahr die wesentlichen Themen f\u00fcr F\u00fchrungskr\u00e4fte von KMU auf.\",\"publisher\":{\"@id\":\"https:\\\/\\\/www.organisator.ch\\\/#organization\"},\"potentialAction\":[{\"@type\":\"SearchAction\",\"target\":{\"@type\":\"EntryPoint\",\"urlTemplate\":\"https:\\\/\\\/www.organisator.ch\\\/?s={search_term_string}\"},\"query-input\":{\"@type\":\"PropertyValueSpecification\",\"valueRequired\":true,\"valueName\":\"search_term_string\"}}],\"inLanguage\":\"it-IT\"},{\"@type\":\"Organization\",\"@id\":\"https:\\\/\\\/www.organisator.ch\\\/#organization\",\"name\":\"Organisator\",\"url\":\"https:\\\/\\\/www.organisator.ch\\\/\",\"logo\":{\"@type\":\"ImageObject\",\"inLanguage\":\"it-IT\",\"@id\":\"https:\\\/\\\/www.organisator.ch\\\/#\\\/schema\\\/logo\\\/image\\\/\",\"url\":\"https:\\\/\\\/www.organisator.ch\\\/wp-content\\\/uploads\\\/2022\\\/01\\\/Logo_Organisator_Website.png\",\"contentUrl\":\"https:\\\/\\\/www.organisator.ch\\\/wp-content\\\/uploads\\\/2022\\\/01\\\/Logo_Organisator_Website.png\",\"width\":800,\"height\":77,\"caption\":\"Organisator\"},\"image\":{\"@id\":\"https:\\\/\\\/www.organisator.ch\\\/#\\\/schema\\\/logo\\\/image\\\/\"},\"sameAs\":[\"https:\\\/\\\/www.facebook.com\\\/OrganisatorFachmagazin\",\"https:\\\/\\\/www.linkedin.com\\\/showcase\\\/organisator-das-magazin-fr-kmu\",\"https:\\\/\\\/www.xing.com\\\/news\\\/pages\\\/organisator-ch-695\",\"https:\\\/\\\/www.youtube.com\\\/channel\\\/UCGP2Sq0iWaZwT3BdIAQFYpw\"]},{\"@type\":\"Person\",\"@id\":\"https:\\\/\\\/www.organisator.ch\\\/#\\\/schema\\\/person\\\/6f650f90b2842cd4c0cc334b4e36f67e\",\"name\":\"thomas.berner\",\"image\":{\"@type\":\"ImageObject\",\"inLanguage\":\"it-IT\",\"@id\":\"https:\\\/\\\/secure.gravatar.com\\\/avatar\\\/ac5001d2a36cb6c6cd3e50789007ffca834b477b74a2144564522e944eabff61?s=96&d=mm&r=g\",\"url\":\"https:\\\/\\\/secure.gravatar.com\\\/avatar\\\/ac5001d2a36cb6c6cd3e50789007ffca834b477b74a2144564522e944eabff61?s=96&d=mm&r=g\",\"contentUrl\":\"https:\\\/\\\/secure.gravatar.com\\\/avatar\\\/ac5001d2a36cb6c6cd3e50789007ffca834b477b74a2144564522e944eabff61?s=96&d=mm&r=g\",\"caption\":\"thomas.berner\"},\"url\":\"https:\\\/\\\/www.organisator.ch\\\/it\\\/author\\\/thomas-berner\\\/\"}]}<\/script>\n<!-- \/ Yoast SEO plugin. -->","yoast_head_json":{"title":"Cosa dovremmo smettere di fare quest'anno (non \u00e8 troppo tardi) - Organizzatore","description":"Sappiamo che semplicemente non manteniamo molti buoni propositi. \u00c8 meglio fermare qualche altra cosa nella vita.","robots":{"index":"index","follow":"follow","max-snippet":"max-snippet:-1","max-image-preview":"max-image-preview:large","max-video-preview":"max-video-preview:-1"},"canonical":"https:\/\/www.organisator.ch\/it\/gestione-2\/2024-01-26\/was-wir-dieses-jahr-stoppen-sollten-es-ist-noch-nicht-zu-spaet\/","og_locale":"it_IT","og_type":"article","og_title":"Was wir dieses Jahr stoppen sollten (es ist noch nicht zu sp\u00e4t)","og_description":"Wir wissen, dass wir viele guten Vors\u00e4tze schlicht und einfach nicht durchhalten. Besser, wir stoppen einige andere Dinge im Leben.","og_url":"https:\/\/www.organisator.ch\/it\/gestione-2\/2024-01-26\/was-wir-dieses-jahr-stoppen-sollten-es-ist-noch-nicht-zu-spaet\/","og_site_name":"Organisator","article_publisher":"https:\/\/www.facebook.com\/OrganisatorFachmagazin","article_published_time":"2024-01-26T02:03:03+00:00","article_modified_time":"2024-02-09T06:20:21+00:00","og_image":[{"width":680,"height":453,"url":"https:\/\/www.organisator.ch\/wp-content\/uploads\/2024\/01\/Was-wir-dieses-Jahr-stoppen-sollten-es-ist-noch-nicht-zu-spaet_Organisator.jpg","type":"image\/jpeg"}],"author":"thomas.berner","twitter_card":"summary_large_image","twitter_title":"Was wir dieses Jahr #stoppen sollten (es ist noch nicht zu sp\u00e4t)","twitter_description":"Wir wissen, dass wir viele guten #Vors\u00e4tze schlicht und einfach nicht durchhalten. Besser, wir #stoppen einige andere Dinge im Leben.","twitter_image":"https:\/\/www.organisator.ch\/wp-content\/uploads\/2024\/01\/Was-wir-dieses-Jahr-stoppen-sollten-es-ist-noch-nicht-zu-spaet_Organisator.jpg","schema":{"@context":"https:\/\/schema.org","@graph":[{"@type":"Article","@id":"https:\/\/www.organisator.ch\/management\/2024-01-26\/was-wir-dieses-jahr-stoppen-sollten-es-ist-noch-nicht-zu-spaet\/#article","isPartOf":{"@id":"https:\/\/www.organisator.ch\/management\/2024-01-26\/was-wir-dieses-jahr-stoppen-sollten-es-ist-noch-nicht-zu-spaet\/"},"author":{"name":"thomas.berner","@id":"https:\/\/www.organisator.ch\/#\/schema\/person\/6f650f90b2842cd4c0cc334b4e36f67e"},"headline":"Was wir dieses Jahr stoppen sollten (es ist noch nicht zu sp\u00e4t)","datePublished":"2024-01-26T02:03:03+00:00","dateModified":"2024-02-09T06:20:21+00:00","mainEntityOfPage":{"@id":"https:\/\/www.organisator.ch\/management\/2024-01-26\/was-wir-dieses-jahr-stoppen-sollten-es-ist-noch-nicht-zu-spaet\/"},"wordCount":501,"publisher":{"@id":"https:\/\/www.organisator.ch\/#organization"},"image":{"@id":"https:\/\/www.organisator.ch\/management\/2024-01-26\/was-wir-dieses-jahr-stoppen-sollten-es-ist-noch-nicht-zu-spaet\/#primaryimage"},"thumbnailUrl":"https:\/\/www.organisator.ch\/wp-content\/uploads\/2024\/01\/Was-wir-dieses-Jahr-stoppen-sollten-es-ist-noch-nicht-zu-spaet_Organisator.jpg","keywords":["Checklisten","Erfolgs-Impuls","Management und Unternehmensf\u00fchrung","Selbstmanagement"],"articleSection":["MANAGEMENT"],"inLanguage":"it-IT"},{"@type":"WebPage","@id":"https:\/\/www.organisator.ch\/management\/2024-01-26\/was-wir-dieses-jahr-stoppen-sollten-es-ist-noch-nicht-zu-spaet\/","url":"https:\/\/www.organisator.ch\/management\/2024-01-26\/was-wir-dieses-jahr-stoppen-sollten-es-ist-noch-nicht-zu-spaet\/","name":"Cosa dovremmo smettere di fare quest'anno (non \u00e8 troppo tardi) - Organizzatore","isPartOf":{"@id":"https:\/\/www.organisator.ch\/#website"},"primaryImageOfPage":{"@id":"https:\/\/www.organisator.ch\/management\/2024-01-26\/was-wir-dieses-jahr-stoppen-sollten-es-ist-noch-nicht-zu-spaet\/#primaryimage"},"image":{"@id":"https:\/\/www.organisator.ch\/management\/2024-01-26\/was-wir-dieses-jahr-stoppen-sollten-es-ist-noch-nicht-zu-spaet\/#primaryimage"},"thumbnailUrl":"https:\/\/www.organisator.ch\/wp-content\/uploads\/2024\/01\/Was-wir-dieses-Jahr-stoppen-sollten-es-ist-noch-nicht-zu-spaet_Organisator.jpg","datePublished":"2024-01-26T02:03:03+00:00","dateModified":"2024-02-09T06:20:21+00:00","description":"Sappiamo che semplicemente non manteniamo molti buoni propositi. \u00c8 meglio fermare qualche altra cosa nella vita.","breadcrumb":{"@id":"https:\/\/www.organisator.ch\/management\/2024-01-26\/was-wir-dieses-jahr-stoppen-sollten-es-ist-noch-nicht-zu-spaet\/#breadcrumb"},"inLanguage":"it-IT","potentialAction":[{"@type":"ReadAction","target":["https:\/\/www.organisator.ch\/management\/2024-01-26\/was-wir-dieses-jahr-stoppen-sollten-es-ist-noch-nicht-zu-spaet\/"]}]},{"@type":"ImageObject","inLanguage":"it-IT","@id":"https:\/\/www.organisator.ch\/management\/2024-01-26\/was-wir-dieses-jahr-stoppen-sollten-es-ist-noch-nicht-zu-spaet\/#primaryimage","url":"https:\/\/www.organisator.ch\/wp-content\/uploads\/2024\/01\/Was-wir-dieses-Jahr-stoppen-sollten-es-ist-noch-nicht-zu-spaet_Organisator.jpg","contentUrl":"https:\/\/www.organisator.ch\/wp-content\/uploads\/2024\/01\/Was-wir-dieses-Jahr-stoppen-sollten-es-ist-noch-nicht-zu-spaet_Organisator.jpg","width":680,"height":453,"caption":"Zu viele neue Vors\u00e4tze zu fassen, \u00fcberfordert. Besser, man stellt andere Dinge des Lebens auf den Pr\u00fcfstand... (Bild: freestocks.org \/ pexels.com)"},{"@type":"BreadcrumbList","@id":"https:\/\/www.organisator.ch\/management\/2024-01-26\/was-wir-dieses-jahr-stoppen-sollten-es-ist-noch-nicht-zu-spaet\/#breadcrumb","itemListElement":[{"@type":"ListItem","position":1,"name":"Home","item":"https:\/\/www.organisator.ch\/"},{"@type":"ListItem","position":2,"name":"Was wir dieses Jahr stoppen sollten (es ist noch nicht zu sp\u00e4t)"}]},{"@type":"WebSite","@id":"https:\/\/www.organisator.ch\/#website","url":"https:\/\/www.organisator.ch\/","name":"Organizzatore","description":"Competente. Pratico. In 10 numeri all'anno, ORGANISATOR presenta i temi essenziali per i manager delle PMI.","publisher":{"@id":"https:\/\/www.organisator.ch\/#organization"},"potentialAction":[{"@type":"SearchAction","target":{"@type":"EntryPoint","urlTemplate":"https:\/\/www.organisator.ch\/?s={search_term_string}"},"query-input":{"@type":"PropertyValueSpecification","valueRequired":true,"valueName":"search_term_string"}}],"inLanguage":"it-IT"},{"@type":"Organization","@id":"https:\/\/www.organisator.ch\/#organization","name":"Organizzatore","url":"https:\/\/www.organisator.ch\/","logo":{"@type":"ImageObject","inLanguage":"it-IT","@id":"https:\/\/www.organisator.ch\/#\/schema\/logo\/image\/","url":"https:\/\/www.organisator.ch\/wp-content\/uploads\/2022\/01\/Logo_Organisator_Website.png","contentUrl":"https:\/\/www.organisator.ch\/wp-content\/uploads\/2022\/01\/Logo_Organisator_Website.png","width":800,"height":77,"caption":"Organisator"},"image":{"@id":"https:\/\/www.organisator.ch\/#\/schema\/logo\/image\/"},"sameAs":["https:\/\/www.facebook.com\/OrganisatorFachmagazin","https:\/\/www.linkedin.com\/showcase\/organisator-das-magazin-fr-kmu","https:\/\/www.xing.com\/news\/pages\/organisator-ch-695","https:\/\/www.youtube.com\/channel\/UCGP2Sq0iWaZwT3BdIAQFYpw"]},{"@type":"Person","@id":"https:\/\/www.organisator.ch\/#\/schema\/person\/6f650f90b2842cd4c0cc334b4e36f67e","name":"Tommaso.berner","image":{"@type":"ImageObject","inLanguage":"it-IT","@id":"https:\/\/secure.gravatar.com\/avatar\/ac5001d2a36cb6c6cd3e50789007ffca834b477b74a2144564522e944eabff61?s=96&d=mm&r=g","url":"https:\/\/secure.gravatar.com\/avatar\/ac5001d2a36cb6c6cd3e50789007ffca834b477b74a2144564522e944eabff61?s=96&d=mm&r=g","contentUrl":"https:\/\/secure.gravatar.com\/avatar\/ac5001d2a36cb6c6cd3e50789007ffca834b477b74a2144564522e944eabff61?s=96&d=mm&r=g","caption":"thomas.berner"},"url":"https:\/\/www.organisator.ch\/it\/author\/thomas-berner\/"}]}},"_links":{"self":[{"href":"https:\/\/www.organisator.ch\/it\/wp-json\/wp\/v2\/posts\/24580","targetHints":{"allow":["GET"]}}],"collection":[{"href":"https:\/\/www.organisator.ch\/it\/wp-json\/wp\/v2\/posts"}],"about":[{"href":"https:\/\/www.organisator.ch\/it\/wp-json\/wp\/v2\/types\/post"}],"author":[{"embeddable":true,"href":"https:\/\/www.organisator.ch\/it\/wp-json\/wp\/v2\/users\/4"}],"replies":[{"embeddable":true,"href":"https:\/\/www.organisator.ch\/it\/wp-json\/wp\/v2\/comments?post=24580"}],"version-history":[{"count":5,"href":"https:\/\/www.organisator.ch\/it\/wp-json\/wp\/v2\/posts\/24580\/revisions"}],"predecessor-version":[{"id":24587,"href":"https:\/\/www.organisator.ch\/it\/wp-json\/wp\/v2\/posts\/24580\/revisions\/24587"}],"wp:featuredmedia":[{"embeddable":true,"href":"https:\/\/www.organisator.ch\/it\/wp-json\/wp\/v2\/media\/24582"}],"wp:attachment":[{"href":"https:\/\/www.organisator.ch\/it\/wp-json\/wp\/v2\/media?parent=24580"}],"wp:term":[{"taxonomy":"category","embeddable":true,"href":"https:\/\/www.organisator.ch\/it\/wp-json\/wp\/v2\/categories?post=24580"},{"taxonomy":"post_tag","embeddable":true,"href":"https:\/\/www.organisator.ch\/it\/wp-json\/wp\/v2\/tags?post=24580"}],"curies":[{"name":"wp","href":"https:\/\/api.w.org\/{rel}","templated":true}]}}