{"id":24608,"date":"2024-01-29T13:04:22","date_gmt":"2024-01-29T12:04:22","guid":{"rendered":"https:\/\/www.organisator.ch\/?p=24608"},"modified":"2024-01-29T15:18:51","modified_gmt":"2024-01-29T14:18:51","slug":"start-eines-zukunftsorientierten-beratungszentrums-in-thurgauer-wirtschaftsregion","status":"publish","type":"post","link":"https:\/\/www.organisator.ch\/it\/management\/2024-01-29\/start-eines-zukunftsorientierten-beratungszentrums-in-thurgauer-wirtschaftsregion\/","title":{"rendered":"Lancio di un centro di consulenza orientato al futuro nella regione economica della Turgovia"},"content":{"rendered":"<figure id=\"attachment_24610\" class=\"wp-caption alignnone\" style=\"width: 680px;\" aria-describedby=\"caption-attachment-24610\"><img class=\"size-full wp-image-24610\" src=\"https:\/\/www.organisator.ch\/wp-content\/uploads\/2024\/01\/Beratungszentrum_Bild1_ps.jpg\" sizes=\"(max-width: 680px) 100vw, 680px\" srcset=\"https:\/\/www.organisator.ch\/wp-content\/uploads\/2024\/01\/Beratungszentrum_Bild1_ps.jpg 680w, https:\/\/www.organisator.ch\/wp-content\/uploads\/2024\/01\/Beratungszentrum_Bild1_ps-18x12.jpg 18w, https:\/\/www.organisator.ch\/wp-content\/uploads\/2024\/01\/Beratungszentrum_Bild1_ps-375x250.jpg 375w, https:\/\/www.organisator.ch\/wp-content\/uploads\/2024\/01\/Beratungszentrum_Bild1_ps-525x350.jpg 525w\" alt=\"\" width=\"680\" height=\"453\" \/>\r\n<figcaption id=\"caption-attachment-24610\" class=\"wp-caption-text\">Chiaro Tomaselli, esperto di assicurazioni, ha fondato Beratungszentrum GmbH. (Immagine: www.beratungs-zentrum.ch)<\/figcaption>\r\n<\/figure>\r\n<p>La dinamica di Frauenfeld East \u00e8 caratterizzata da moderni complessi di uffici e innovativi spazi di co-working che promuovono una nuova cultura del lavoro. Queste comunit\u00e0 di uffici enfatizzano la flessibilit\u00e0 e la collaborazione e creano un ambiente di lavoro adatto alle esigenze del mondo del lavoro moderno. A ci\u00f2 si aggiunge un'ampia gamma di strutture di ristorazione e di centri fitness e benessere, che fanno di Frauenfeld East un vivace luogo di incontro per imprenditori e professionisti.<\/p>\r\n<p>Nel bel mezzo di questo panorama economico, Chiaro Tomaselli, esperto di assicurazioni, ha fondato la Beratungszentrum GmbH. L'azienda riflette lo spirito innovativo di Frauenfeld Ost.<\/p>\r\n<p>Con la sua fondazione, Tomaselli ha realizzato la sua visione di una consulenza indipendente e orientata al cliente, basata sulla sua esperienza di venditore di alto livello presso una grande compagnia assicurativa della regione. Un aspetto fondamentale del successo del centro di consulenza di Tomaselli \u00e8 l'interazione personale con i clienti. \"\u00c8 fondamentale incontrare i nostri clienti nel loro ambiente familiare per comprendere realmente le loro esigenze specifiche\", sottolinea Tomaselli.<\/p>\r\n<p>Allo stesso tempo, il centro di consulenza combina approcci di consulenza tradizionali con tecnologie all'avanguardia. L'uso del marketing online e degli strumenti digitali fa parte di questa strategia e illustra l'impegno di Tomaselli a stare al passo con i tempi. \"La combinazione di metodi collaudati e di tecnologie all'avanguardia rende la nostra consulenza particolarmente efficace\", spiega Tomaselli.<\/p>\r\n<p>La costante crescita della clientela ha spinto Chiaro Tomaselli ad ampliare il proprio team di dipendenti. Tre nuovi specialisti entreranno a far parte del team a partire da febbraio 2024, rendendo ancora pi\u00f9 efficace il lavoro di consulenza nell'assistenza sul campo e liberando i consulenti alla clientela dalle incombenze amministrative.<\/p>\r\n<p>Infine, Tomaselli \u00e8 ottimista per il futuro. Si aspetta sviluppi interessanti nel settore assicurativo, in particolare per quanto riguarda nuovi prodotti come la microassicurazione per i biglietti del treno o il bike sharing, gi\u00e0 introdotti con successo in altri Paesi. Questi approcci innovativi potrebbero rivitalizzare ed espandere il mercato. Allo stesso tempo, sottolinea l'importanza di Frauenfeld Est come sede commerciale dinamica ed emergente che offre le condizioni ideali per questi modelli di business.<\/p>\r\n<p><em>Fonte: <a href=\"http:\/\/www.beratungs-zentrum.ch\/\">www.beratungs-zentrum.ch<\/a><\/em><\/p>","protected":false},"excerpt":{"rendered":"<p>L'area a est di Frauenfeld, un tempo prato agricolo, \u00e8 attualmente in fase di trasformazione. Si sta trasformando in un centro di innovazione economica, attratto dalla sua posizione strategica direttamente sull'autostrada. Questo rende la regione un luogo attraente per le start-up, i nuovi imprenditori e le aziende consolidate.<\/p>","protected":false},"author":58,"featured_media":24610,"comment_status":"closed","ping_status":"closed","sticky":false,"template":"","format":"standard","meta":{"_acf_changed":false,"_yoast_wpseo_focuskw":"Beratungszentrum","_yoast_wpseo_metadesc":"Das Gebiet im Osten von Frauenfeld entwickelt sich zu einem Zentrum wirtschaftlicher Innovation, angezogen von seiner strategischen Lage direkt an der Autobahn.","articlekey":"","footnotes":""},"categories":[28],"tags":[3920,334,424,492],"class_list":["post-24608","post","type-post","status-publish","format-standard","has-post-thumbnail","hentry","category-management","tag-beratung","tag-management","tag-schweiz","tag-unternehmen"],"acf":[],"yoast_head":"<!-- This site is optimized with the Yoast SEO plugin v27.5 - https:\/\/yoast.com\/product\/yoast-seo-wordpress\/ -->\n<title>Start eines zukunftsorientierten Beratungszentrums in Thurgauer Wirtschaftsregion - Organisator<\/title>\n<meta name=\"description\" content=\"Das Gebiet im Osten von Frauenfeld entwickelt sich zu einem Zentrum wirtschaftlicher Innovation, angezogen von seiner strategischen Lage direkt an der Autobahn.\" \/>\n<meta name=\"robots\" content=\"index, follow, max-snippet:-1, max-image-preview:large, max-video-preview:-1\" \/>\n<link rel=\"canonical\" href=\"https:\/\/www.organisator.ch\/it\/gestione-2\/2024-01-29\/start-eines-zukunftsorientierten-beratungszentrums-in-thurgauer-wirtschaftsregion\/\" \/>\n<meta property=\"og:locale\" content=\"it_IT\" \/>\n<meta property=\"og:type\" content=\"article\" \/>\n<meta property=\"og:title\" content=\"Start eines zukunftsorientierten Beratungszentrums in Thurgauer Wirtschaftsregion\" \/>\n<meta property=\"og:description\" content=\"Das Gebiet im Osten von Frauenfeld entwickelt sich zu einem Zentrum wirtschaftlicher Innovation, angezogen von seiner strategischen Lage direkt an der Autobahn.\" \/>\n<meta property=\"og:url\" content=\"https:\/\/www.organisator.ch\/it\/gestione-2\/2024-01-29\/start-eines-zukunftsorientierten-beratungszentrums-in-thurgauer-wirtschaftsregion\/\" \/>\n<meta property=\"og:site_name\" content=\"Organisator\" \/>\n<meta property=\"article:publisher\" content=\"https:\/\/www.facebook.com\/OrganisatorFachmagazin\" \/>\n<meta property=\"article:published_time\" content=\"2024-01-29T12:04:22+00:00\" \/>\n<meta property=\"article:modified_time\" content=\"2024-01-29T14:18:51+00:00\" \/>\n<meta property=\"og:image\" content=\"https:\/\/www.organisator.ch\/wp-content\/uploads\/2024\/01\/Beratungszentrum_Bild1_ps.jpg\" \/>\n\t<meta property=\"og:image:width\" content=\"680\" \/>\n\t<meta property=\"og:image:height\" content=\"453\" \/>\n\t<meta property=\"og:image:type\" content=\"image\/jpeg\" \/>\n<meta name=\"author\" content=\"Adelisa Kalajdzini\" \/>\n<meta name=\"twitter:card\" content=\"summary_large_image\" \/>\n<meta name=\"twitter:title\" content=\"Start eines zukunftsorientierten Beratungszentrums in Thurgauer Wirtschaftsregion\" \/>\n<meta name=\"twitter:description\" content=\"Das Gebiet im #Osten von #Frauenfeld entwickelt sich zu einem #Zentrum wirtschaftlicher #Innovation, angezogen von seiner strategischen Lage direkt an der Autobahn.\" \/>\n<meta name=\"twitter:image\" content=\"https:\/\/www.organisator.ch\/wp-content\/uploads\/2024\/01\/Beratungszentrum_Bild1_ps.jpg\" \/>\n<script type=\"application\/ld+json\" class=\"yoast-schema-graph\">{\"@context\":\"https:\\\/\\\/schema.org\",\"@graph\":[{\"@type\":\"Article\",\"@id\":\"https:\\\/\\\/www.organisator.ch\\\/management\\\/2024-01-29\\\/start-eines-zukunftsorientierten-beratungszentrums-in-thurgauer-wirtschaftsregion\\\/#article\",\"isPartOf\":{\"@id\":\"https:\\\/\\\/www.organisator.ch\\\/management\\\/2024-01-29\\\/start-eines-zukunftsorientierten-beratungszentrums-in-thurgauer-wirtschaftsregion\\\/\"},\"author\":{\"name\":\"Adelisa Kalajdzini\",\"@id\":\"https:\\\/\\\/www.organisator.ch\\\/#\\\/schema\\\/person\\\/2e1314a2172123f874db408d8911d3f3\"},\"headline\":\"Start eines zukunftsorientierten Beratungszentrums in Thurgauer Wirtschaftsregion\",\"datePublished\":\"2024-01-29T12:04:22+00:00\",\"dateModified\":\"2024-01-29T14:18:51+00:00\",\"mainEntityOfPage\":{\"@id\":\"https:\\\/\\\/www.organisator.ch\\\/management\\\/2024-01-29\\\/start-eines-zukunftsorientierten-beratungszentrums-in-thurgauer-wirtschaftsregion\\\/\"},\"wordCount\":341,\"publisher\":{\"@id\":\"https:\\\/\\\/www.organisator.ch\\\/#organization\"},\"image\":{\"@id\":\"https:\\\/\\\/www.organisator.ch\\\/management\\\/2024-01-29\\\/start-eines-zukunftsorientierten-beratungszentrums-in-thurgauer-wirtschaftsregion\\\/#primaryimage\"},\"thumbnailUrl\":\"https:\\\/\\\/www.organisator.ch\\\/wp-content\\\/uploads\\\/2024\\\/01\\\/Beratungszentrum_Bild1_ps.jpg\",\"keywords\":[\"Beratung\",\"Management\",\"Schweiz\",\"Unternehmen\"],\"articleSection\":[\"MANAGEMENT\"],\"inLanguage\":\"it-IT\"},{\"@type\":\"WebPage\",\"@id\":\"https:\\\/\\\/www.organisator.ch\\\/management\\\/2024-01-29\\\/start-eines-zukunftsorientierten-beratungszentrums-in-thurgauer-wirtschaftsregion\\\/\",\"url\":\"https:\\\/\\\/www.organisator.ch\\\/management\\\/2024-01-29\\\/start-eines-zukunftsorientierten-beratungszentrums-in-thurgauer-wirtschaftsregion\\\/\",\"name\":\"Start eines zukunftsorientierten Beratungszentrums in Thurgauer Wirtschaftsregion - Organisator\",\"isPartOf\":{\"@id\":\"https:\\\/\\\/www.organisator.ch\\\/#website\"},\"primaryImageOfPage\":{\"@id\":\"https:\\\/\\\/www.organisator.ch\\\/management\\\/2024-01-29\\\/start-eines-zukunftsorientierten-beratungszentrums-in-thurgauer-wirtschaftsregion\\\/#primaryimage\"},\"image\":{\"@id\":\"https:\\\/\\\/www.organisator.ch\\\/management\\\/2024-01-29\\\/start-eines-zukunftsorientierten-beratungszentrums-in-thurgauer-wirtschaftsregion\\\/#primaryimage\"},\"thumbnailUrl\":\"https:\\\/\\\/www.organisator.ch\\\/wp-content\\\/uploads\\\/2024\\\/01\\\/Beratungszentrum_Bild1_ps.jpg\",\"datePublished\":\"2024-01-29T12:04:22+00:00\",\"dateModified\":\"2024-01-29T14:18:51+00:00\",\"description\":\"Das Gebiet im Osten von Frauenfeld entwickelt sich zu einem Zentrum wirtschaftlicher Innovation, angezogen von seiner strategischen Lage direkt an der Autobahn.\",\"breadcrumb\":{\"@id\":\"https:\\\/\\\/www.organisator.ch\\\/management\\\/2024-01-29\\\/start-eines-zukunftsorientierten-beratungszentrums-in-thurgauer-wirtschaftsregion\\\/#breadcrumb\"},\"inLanguage\":\"it-IT\",\"potentialAction\":[{\"@type\":\"ReadAction\",\"target\":[\"https:\\\/\\\/www.organisator.ch\\\/management\\\/2024-01-29\\\/start-eines-zukunftsorientierten-beratungszentrums-in-thurgauer-wirtschaftsregion\\\/\"]}]},{\"@type\":\"ImageObject\",\"inLanguage\":\"it-IT\",\"@id\":\"https:\\\/\\\/www.organisator.ch\\\/management\\\/2024-01-29\\\/start-eines-zukunftsorientierten-beratungszentrums-in-thurgauer-wirtschaftsregion\\\/#primaryimage\",\"url\":\"https:\\\/\\\/www.organisator.ch\\\/wp-content\\\/uploads\\\/2024\\\/01\\\/Beratungszentrum_Bild1_ps.jpg\",\"contentUrl\":\"https:\\\/\\\/www.organisator.ch\\\/wp-content\\\/uploads\\\/2024\\\/01\\\/Beratungszentrum_Bild1_ps.jpg\",\"width\":680,\"height\":453,\"caption\":\"Chiaro Tomaselli, ein erfahrener Versicherungsexperte, hat die Beratungszentrum GmbH gegr\u00fcndet. (Bild: www.beratungs-zentrum.ch)\"},{\"@type\":\"BreadcrumbList\",\"@id\":\"https:\\\/\\\/www.organisator.ch\\\/management\\\/2024-01-29\\\/start-eines-zukunftsorientierten-beratungszentrums-in-thurgauer-wirtschaftsregion\\\/#breadcrumb\",\"itemListElement\":[{\"@type\":\"ListItem\",\"position\":1,\"name\":\"Home\",\"item\":\"https:\\\/\\\/www.organisator.ch\\\/\"},{\"@type\":\"ListItem\",\"position\":2,\"name\":\"Start eines zukunftsorientierten Beratungszentrums in Thurgauer Wirtschaftsregion\"}]},{\"@type\":\"WebSite\",\"@id\":\"https:\\\/\\\/www.organisator.ch\\\/#website\",\"url\":\"https:\\\/\\\/www.organisator.ch\\\/\",\"name\":\"Organisator\",\"description\":\"Kompetent. Praxisnah. Der ORGANISATOR bereitet in 10 Ausgaben pro Jahr die wesentlichen Themen f\u00fcr F\u00fchrungskr\u00e4fte von KMU auf.\",\"publisher\":{\"@id\":\"https:\\\/\\\/www.organisator.ch\\\/#organization\"},\"potentialAction\":[{\"@type\":\"SearchAction\",\"target\":{\"@type\":\"EntryPoint\",\"urlTemplate\":\"https:\\\/\\\/www.organisator.ch\\\/?s={search_term_string}\"},\"query-input\":{\"@type\":\"PropertyValueSpecification\",\"valueRequired\":true,\"valueName\":\"search_term_string\"}}],\"inLanguage\":\"it-IT\"},{\"@type\":\"Organization\",\"@id\":\"https:\\\/\\\/www.organisator.ch\\\/#organization\",\"name\":\"Organisator\",\"url\":\"https:\\\/\\\/www.organisator.ch\\\/\",\"logo\":{\"@type\":\"ImageObject\",\"inLanguage\":\"it-IT\",\"@id\":\"https:\\\/\\\/www.organisator.ch\\\/#\\\/schema\\\/logo\\\/image\\\/\",\"url\":\"https:\\\/\\\/www.organisator.ch\\\/wp-content\\\/uploads\\\/2022\\\/01\\\/Logo_Organisator_Website.png\",\"contentUrl\":\"https:\\\/\\\/www.organisator.ch\\\/wp-content\\\/uploads\\\/2022\\\/01\\\/Logo_Organisator_Website.png\",\"width\":800,\"height\":77,\"caption\":\"Organisator\"},\"image\":{\"@id\":\"https:\\\/\\\/www.organisator.ch\\\/#\\\/schema\\\/logo\\\/image\\\/\"},\"sameAs\":[\"https:\\\/\\\/www.facebook.com\\\/OrganisatorFachmagazin\",\"https:\\\/\\\/www.linkedin.com\\\/showcase\\\/organisator-das-magazin-fr-kmu\",\"https:\\\/\\\/www.xing.com\\\/news\\\/pages\\\/organisator-ch-695\",\"https:\\\/\\\/www.youtube.com\\\/channel\\\/UCGP2Sq0iWaZwT3BdIAQFYpw\"]},{\"@type\":\"Person\",\"@id\":\"https:\\\/\\\/www.organisator.ch\\\/#\\\/schema\\\/person\\\/2e1314a2172123f874db408d8911d3f3\",\"name\":\"Adelisa Kalajdzini\",\"image\":{\"@type\":\"ImageObject\",\"inLanguage\":\"it-IT\",\"@id\":\"https:\\\/\\\/secure.gravatar.com\\\/avatar\\\/09a397c22ac58cad6f160ee8306348599df9df58a8ede73696226897b9fa4b24?s=96&d=mm&r=g\",\"url\":\"https:\\\/\\\/secure.gravatar.com\\\/avatar\\\/09a397c22ac58cad6f160ee8306348599df9df58a8ede73696226897b9fa4b24?s=96&d=mm&r=g\",\"contentUrl\":\"https:\\\/\\\/secure.gravatar.com\\\/avatar\\\/09a397c22ac58cad6f160ee8306348599df9df58a8ede73696226897b9fa4b24?s=96&d=mm&r=g\",\"caption\":\"Adelisa Kalajdzini\"},\"url\":\"https:\\\/\\\/www.organisator.ch\\\/it\\\/author\\\/adelisa-kalajdzini\\\/\"}]}<\/script>\n<!-- \/ Yoast SEO plugin. -->","yoast_head_json":{"title":"Lancio di un centro di consulenza orientato al futuro nella regione economica della Turgovia - Organizzatore","description":"L'area a est di Frauenfeld si sta sviluppando come centro di innovazione economica, attratto dalla sua posizione strategica direttamente sull'autostrada.","robots":{"index":"index","follow":"follow","max-snippet":"max-snippet:-1","max-image-preview":"max-image-preview:large","max-video-preview":"max-video-preview:-1"},"canonical":"https:\/\/www.organisator.ch\/it\/gestione-2\/2024-01-29\/start-eines-zukunftsorientierten-beratungszentrums-in-thurgauer-wirtschaftsregion\/","og_locale":"it_IT","og_type":"article","og_title":"Start eines zukunftsorientierten Beratungszentrums in Thurgauer Wirtschaftsregion","og_description":"Das Gebiet im Osten von Frauenfeld entwickelt sich zu einem Zentrum wirtschaftlicher Innovation, angezogen von seiner strategischen Lage direkt an der Autobahn.","og_url":"https:\/\/www.organisator.ch\/it\/gestione-2\/2024-01-29\/start-eines-zukunftsorientierten-beratungszentrums-in-thurgauer-wirtschaftsregion\/","og_site_name":"Organisator","article_publisher":"https:\/\/www.facebook.com\/OrganisatorFachmagazin","article_published_time":"2024-01-29T12:04:22+00:00","article_modified_time":"2024-01-29T14:18:51+00:00","og_image":[{"width":680,"height":453,"url":"https:\/\/www.organisator.ch\/wp-content\/uploads\/2024\/01\/Beratungszentrum_Bild1_ps.jpg","type":"image\/jpeg"}],"author":"Adelisa Kalajdzini","twitter_card":"summary_large_image","twitter_title":"Start eines zukunftsorientierten Beratungszentrums in Thurgauer Wirtschaftsregion","twitter_description":"Das Gebiet im #Osten von #Frauenfeld entwickelt sich zu einem #Zentrum wirtschaftlicher #Innovation, angezogen von seiner strategischen Lage direkt an der Autobahn.","twitter_image":"https:\/\/www.organisator.ch\/wp-content\/uploads\/2024\/01\/Beratungszentrum_Bild1_ps.jpg","schema":{"@context":"https:\/\/schema.org","@graph":[{"@type":"Article","@id":"https:\/\/www.organisator.ch\/management\/2024-01-29\/start-eines-zukunftsorientierten-beratungszentrums-in-thurgauer-wirtschaftsregion\/#article","isPartOf":{"@id":"https:\/\/www.organisator.ch\/management\/2024-01-29\/start-eines-zukunftsorientierten-beratungszentrums-in-thurgauer-wirtschaftsregion\/"},"author":{"name":"Adelisa Kalajdzini","@id":"https:\/\/www.organisator.ch\/#\/schema\/person\/2e1314a2172123f874db408d8911d3f3"},"headline":"Start eines zukunftsorientierten Beratungszentrums in Thurgauer Wirtschaftsregion","datePublished":"2024-01-29T12:04:22+00:00","dateModified":"2024-01-29T14:18:51+00:00","mainEntityOfPage":{"@id":"https:\/\/www.organisator.ch\/management\/2024-01-29\/start-eines-zukunftsorientierten-beratungszentrums-in-thurgauer-wirtschaftsregion\/"},"wordCount":341,"publisher":{"@id":"https:\/\/www.organisator.ch\/#organization"},"image":{"@id":"https:\/\/www.organisator.ch\/management\/2024-01-29\/start-eines-zukunftsorientierten-beratungszentrums-in-thurgauer-wirtschaftsregion\/#primaryimage"},"thumbnailUrl":"https:\/\/www.organisator.ch\/wp-content\/uploads\/2024\/01\/Beratungszentrum_Bild1_ps.jpg","keywords":["Beratung","Management","Schweiz","Unternehmen"],"articleSection":["MANAGEMENT"],"inLanguage":"it-IT"},{"@type":"WebPage","@id":"https:\/\/www.organisator.ch\/management\/2024-01-29\/start-eines-zukunftsorientierten-beratungszentrums-in-thurgauer-wirtschaftsregion\/","url":"https:\/\/www.organisator.ch\/management\/2024-01-29\/start-eines-zukunftsorientierten-beratungszentrums-in-thurgauer-wirtschaftsregion\/","name":"Lancio di un centro di consulenza orientato al futuro nella regione economica della Turgovia - Organizzatore","isPartOf":{"@id":"https:\/\/www.organisator.ch\/#website"},"primaryImageOfPage":{"@id":"https:\/\/www.organisator.ch\/management\/2024-01-29\/start-eines-zukunftsorientierten-beratungszentrums-in-thurgauer-wirtschaftsregion\/#primaryimage"},"image":{"@id":"https:\/\/www.organisator.ch\/management\/2024-01-29\/start-eines-zukunftsorientierten-beratungszentrums-in-thurgauer-wirtschaftsregion\/#primaryimage"},"thumbnailUrl":"https:\/\/www.organisator.ch\/wp-content\/uploads\/2024\/01\/Beratungszentrum_Bild1_ps.jpg","datePublished":"2024-01-29T12:04:22+00:00","dateModified":"2024-01-29T14:18:51+00:00","description":"L'area a est di Frauenfeld si sta sviluppando come centro di innovazione economica, attratto dalla sua posizione strategica direttamente sull'autostrada.","breadcrumb":{"@id":"https:\/\/www.organisator.ch\/management\/2024-01-29\/start-eines-zukunftsorientierten-beratungszentrums-in-thurgauer-wirtschaftsregion\/#breadcrumb"},"inLanguage":"it-IT","potentialAction":[{"@type":"ReadAction","target":["https:\/\/www.organisator.ch\/management\/2024-01-29\/start-eines-zukunftsorientierten-beratungszentrums-in-thurgauer-wirtschaftsregion\/"]}]},{"@type":"ImageObject","inLanguage":"it-IT","@id":"https:\/\/www.organisator.ch\/management\/2024-01-29\/start-eines-zukunftsorientierten-beratungszentrums-in-thurgauer-wirtschaftsregion\/#primaryimage","url":"https:\/\/www.organisator.ch\/wp-content\/uploads\/2024\/01\/Beratungszentrum_Bild1_ps.jpg","contentUrl":"https:\/\/www.organisator.ch\/wp-content\/uploads\/2024\/01\/Beratungszentrum_Bild1_ps.jpg","width":680,"height":453,"caption":"Chiaro Tomaselli, ein erfahrener Versicherungsexperte, hat die Beratungszentrum GmbH gegr\u00fcndet. (Bild: www.beratungs-zentrum.ch)"},{"@type":"BreadcrumbList","@id":"https:\/\/www.organisator.ch\/management\/2024-01-29\/start-eines-zukunftsorientierten-beratungszentrums-in-thurgauer-wirtschaftsregion\/#breadcrumb","itemListElement":[{"@type":"ListItem","position":1,"name":"Home","item":"https:\/\/www.organisator.ch\/"},{"@type":"ListItem","position":2,"name":"Start eines zukunftsorientierten Beratungszentrums in Thurgauer Wirtschaftsregion"}]},{"@type":"WebSite","@id":"https:\/\/www.organisator.ch\/#website","url":"https:\/\/www.organisator.ch\/","name":"Organizzatore","description":"Competente. Pratico. In 10 numeri all'anno, ORGANISATOR presenta i temi essenziali per i manager delle PMI.","publisher":{"@id":"https:\/\/www.organisator.ch\/#organization"},"potentialAction":[{"@type":"SearchAction","target":{"@type":"EntryPoint","urlTemplate":"https:\/\/www.organisator.ch\/?s={search_term_string}"},"query-input":{"@type":"PropertyValueSpecification","valueRequired":true,"valueName":"search_term_string"}}],"inLanguage":"it-IT"},{"@type":"Organization","@id":"https:\/\/www.organisator.ch\/#organization","name":"Organizzatore","url":"https:\/\/www.organisator.ch\/","logo":{"@type":"ImageObject","inLanguage":"it-IT","@id":"https:\/\/www.organisator.ch\/#\/schema\/logo\/image\/","url":"https:\/\/www.organisator.ch\/wp-content\/uploads\/2022\/01\/Logo_Organisator_Website.png","contentUrl":"https:\/\/www.organisator.ch\/wp-content\/uploads\/2022\/01\/Logo_Organisator_Website.png","width":800,"height":77,"caption":"Organisator"},"image":{"@id":"https:\/\/www.organisator.ch\/#\/schema\/logo\/image\/"},"sameAs":["https:\/\/www.facebook.com\/OrganisatorFachmagazin","https:\/\/www.linkedin.com\/showcase\/organisator-das-magazin-fr-kmu","https:\/\/www.xing.com\/news\/pages\/organisator-ch-695","https:\/\/www.youtube.com\/channel\/UCGP2Sq0iWaZwT3BdIAQFYpw"]},{"@type":"Person","@id":"https:\/\/www.organisator.ch\/#\/schema\/person\/2e1314a2172123f874db408d8911d3f3","name":"Adelisa Kalajdzini","image":{"@type":"ImageObject","inLanguage":"it-IT","@id":"https:\/\/secure.gravatar.com\/avatar\/09a397c22ac58cad6f160ee8306348599df9df58a8ede73696226897b9fa4b24?s=96&d=mm&r=g","url":"https:\/\/secure.gravatar.com\/avatar\/09a397c22ac58cad6f160ee8306348599df9df58a8ede73696226897b9fa4b24?s=96&d=mm&r=g","contentUrl":"https:\/\/secure.gravatar.com\/avatar\/09a397c22ac58cad6f160ee8306348599df9df58a8ede73696226897b9fa4b24?s=96&d=mm&r=g","caption":"Adelisa Kalajdzini"},"url":"https:\/\/www.organisator.ch\/it\/author\/adelisa-kalajdzini\/"}]}},"_links":{"self":[{"href":"https:\/\/www.organisator.ch\/it\/wp-json\/wp\/v2\/posts\/24608","targetHints":{"allow":["GET"]}}],"collection":[{"href":"https:\/\/www.organisator.ch\/it\/wp-json\/wp\/v2\/posts"}],"about":[{"href":"https:\/\/www.organisator.ch\/it\/wp-json\/wp\/v2\/types\/post"}],"author":[{"embeddable":true,"href":"https:\/\/www.organisator.ch\/it\/wp-json\/wp\/v2\/users\/58"}],"replies":[{"embeddable":true,"href":"https:\/\/www.organisator.ch\/it\/wp-json\/wp\/v2\/comments?post=24608"}],"version-history":[{"count":5,"href":"https:\/\/www.organisator.ch\/it\/wp-json\/wp\/v2\/posts\/24608\/revisions"}],"predecessor-version":[{"id":24627,"href":"https:\/\/www.organisator.ch\/it\/wp-json\/wp\/v2\/posts\/24608\/revisions\/24627"}],"wp:featuredmedia":[{"embeddable":true,"href":"https:\/\/www.organisator.ch\/it\/wp-json\/wp\/v2\/media\/24610"}],"wp:attachment":[{"href":"https:\/\/www.organisator.ch\/it\/wp-json\/wp\/v2\/media?parent=24608"}],"wp:term":[{"taxonomy":"category","embeddable":true,"href":"https:\/\/www.organisator.ch\/it\/wp-json\/wp\/v2\/categories?post=24608"},{"taxonomy":"post_tag","embeddable":true,"href":"https:\/\/www.organisator.ch\/it\/wp-json\/wp\/v2\/tags?post=24608"}],"curies":[{"name":"wp","href":"https:\/\/api.w.org\/{rel}","templated":true}]}}