{"id":24620,"date":"2024-01-29T15:23:51","date_gmt":"2024-01-29T14:23:51","guid":{"rendered":"https:\/\/www.organisator.ch\/?p=24620"},"modified":"2024-02-14T13:53:34","modified_gmt":"2024-02-14T12:53:34","slug":"wifo-2024-bundesrat-roesti-laesst-mit-akw-aussage-aufhorchen","status":"publish","type":"post","link":"https:\/\/www.organisator.ch\/it\/allgemein\/2024-01-29\/wifo-2024-bundesrat-roesti-laesst-mit-akw-aussage-aufhorchen\/","title":{"rendered":"Wifo 2024: il consigliere federale R\u00f6sti alza le sopracciglia con una dichiarazione sulle centrali nucleari"},"content":{"rendered":"<figure id=\"attachment_24621\" aria-describedby=\"caption-attachment-24621\" style=\"width: 680px\" class=\"wp-caption alignnone\"><img loading=\"lazy\" decoding=\"async\" class=\"wp-image-24621 size-full\" src=\"https:\/\/www.organisator.ch\/wp-content\/uploads\/2024\/01\/Wifo_Bild1_ps.jpg\" alt=\"\" width=\"680\" height=\"453\" srcset=\"https:\/\/www.organisator.ch\/wp-content\/uploads\/2024\/01\/Wifo_Bild1_ps.jpg 680w, https:\/\/www.organisator.ch\/wp-content\/uploads\/2024\/01\/Wifo_Bild1_ps-18x12.jpg 18w, https:\/\/www.organisator.ch\/wp-content\/uploads\/2024\/01\/Wifo_Bild1_ps-375x250.jpg 375w, https:\/\/www.organisator.ch\/wp-content\/uploads\/2024\/01\/Wifo_Bild1_ps-525x350.jpg 525w\" sizes=\"auto, (max-width: 680px) 100vw, 680px\" \/><figcaption id=\"caption-attachment-24621\" class=\"wp-caption-text\">Il 29\u00b0 Forum economico della Valle del Reno si \u00e8 concentrato sul tema \"Le tecnologie del futuro come motore della prosperit\u00e0\". (Immagine: www.wifo.ch\/Benno Hagleitner)<\/figcaption><\/figure>\n<p>Il 29\u00b0 Forum economico della Valle del Reno, che si terr\u00e0 il 26 gennaio 2024, ha registrato ancora una volta il tutto esaurito con 750 ospiti. L'attenzione si \u00e8 concentrata sulle presentazioni di temi quali le nuove tecnologie, i processi produttivi, i nuovi modelli di business, l'intelligenza artificiale e i big data. Sono intervenuti Benjamin Grewe, professore di tecnologia dell'informazione e ingegneria elettrica presso il Politecnico di Zurigo, Urs Gantner, CEO del Gruppo IVA Werdenberg, Monika B\u00fctler, professore onorario presso l'HSG, e il consigliere federale e ministro dell'Energia e delle Comunicazioni Albert R\u00f6sti, che \u00e8 arrivato alla Aegetenhalle di Widnau in auto elettrica, mentre il poeta slam Mo\u00ebt Liechti ha intrattenuto il pubblico sul palco come ospite a sorpresa.<\/p>\n<p>Albert R\u00f6sti \u00e8 stato pi\u00f9 che all'altezza del titolo di \"Ministro dell'Energia\": le parole gli uscivano spontanee, senza alcuna traccia di svagatezza bernese. Praticamente non ha avuto bisogno del copione. Il Consigliere federale dell'UDC si \u00e8 fatto portavoce della Legge federale sull'approvvigionamento elettrico sicuro, che mira ad aumentare la produzione di elettricit\u00e0 in Svizzera con le energie rinnovabili e che sar\u00e0 sottoposta a votazione. Solo se l'approvvigionamento elettrico fosse garantito si potrebbe innovare, ad esempio nel campo dell'intelligenza artificiale. Tuttavia, una dichiarazione che potrebbe essere interpretata anche come un rifiuto della decisione di eliminare gradualmente l'energia nucleare ha suscitato un mormorio tra la folla. Quando ha spiegato che la decarbonizzazione in particolare richiederebbe anche molta elettricit\u00e0, ha commentato: \"Alla fine, probabilmente ci vorranno entrambe le cose\", ha detto - per poi correggersi immediatamente: \"Forse ho detto un po' troppo...\". R\u00f6sti, che ha ripetutamente sottolineato i concetti di apertura e neutralit\u00e0 tecnologica, ha lasciato aperto il discorso su cosa pensa dell'annunciata iniziativa di consentire nuovamente la costruzione di nuove centrali nucleari.<\/p>\n<figure id=\"attachment_24622\" aria-describedby=\"caption-attachment-24622\" style=\"width: 680px\" class=\"wp-caption alignnone\"><img loading=\"lazy\" decoding=\"async\" class=\"size-full wp-image-24622\" src=\"https:\/\/www.organisator.ch\/wp-content\/uploads\/2024\/01\/Wifo_Albert-Roesti_Bild2_ps.jpg\" alt=\"\" width=\"680\" height=\"454\" srcset=\"https:\/\/www.organisator.ch\/wp-content\/uploads\/2024\/01\/Wifo_Albert-Roesti_Bild2_ps.jpg 680w, https:\/\/www.organisator.ch\/wp-content\/uploads\/2024\/01\/Wifo_Albert-Roesti_Bild2_ps-18x12.jpg 18w, https:\/\/www.organisator.ch\/wp-content\/uploads\/2024\/01\/Wifo_Albert-Roesti_Bild2_ps-375x250.jpg 375w, https:\/\/www.organisator.ch\/wp-content\/uploads\/2024\/01\/Wifo_Albert-Roesti_Bild2_ps-524x350.jpg 524w\" sizes=\"auto, (max-width: 680px) 100vw, 680px\" \/><figcaption id=\"caption-attachment-24622\" class=\"wp-caption-text\">Consigliere federale e \"Ministro dell'Energia\" - Albert R\u00f6sti. (Immagine: www.wifo.ch\/Benno Hagleitner)<\/figcaption><\/figure>\n<h3><strong>L'innovazione viene spesso dall'estero<\/strong><\/h3>\n<p>Oltre all'intero governo di San Gallo e ai membri dei parlamenti cantonale e federale, il pubblico comprendeva molti leader aziendali della Valle del Reno.<\/p>\n<p>Hanno applaudito l'economista Monika B\u00fctler che ha elogiato la Svizzera orientale come sede di attivit\u00e0 commerciali particolarmente innovative. La B\u00fctler ha parlato della necessit\u00e0 del progresso tecnologico per una crescita sostenibile. \"\u00c8 un'idea sbagliata che i Paesi poveri siano pi\u00f9 vicini all'obiettivo di zero emissioni senza il progresso tecnologico\", ha detto. Il progresso \u00e8 necessario per raggiungere gli obiettivi climatici.<\/p>\n<p>Le innovazioni spesso provengono da persone provenienti dall'estero che sfruttano l'ambiente svizzero. Tuttavia, sono necessarie le giuste condizioni quadro. Ad esempio, le innovazioni spesso nascono in Paesi con tasse basse. Come Albert R\u00f6sti, anche B\u00fctler ha commentato una proposta di referendum. Dopo una domanda del pubblico, ha criticato la tredicesima pensione AVS. Sono i giovani a finanziare un'altra pensione AVS.<\/p>\n<h3><strong>L'intelligenza artificiale \u00e8 ancora inferiore alla media<\/strong><\/h3>\n<p>In precedenza, tuttavia, il ricercatore di intelligenza artificiale Benjamin Grewe si era concentrato in modo pi\u00f9 specifico sul tema della conferenza. Il professore dell'ETH ha illustrato il funzionamento dell'intelligenza artificiale e l'ha confrontata con il cervello umano. Grewe ha stimato che l'attuale versione gratuita di ChatGPT ha un quoziente di intelligenza di circa 80. Questo corrisponde a un valore inferiore alla media. Ci\u00f2 corrisponde a un valore inferiore alla media degli esseri umani. Ma quanto l'intelligenza artificiale influenzer\u00e0 le persone dipende da loro, dice Grewe.\u00a0<\/p>\n<p>Urs Gantner \u00e8 stato la voce del mondo economico venerd\u00ec sera. \u00c8 l'amministratore delegato del Gruppo VAT, con sede ad Haag. L'azienda produce valvole a vuoto e semiconduttori. Gantner ha sottolineato l'importanza dell'innovazione per il successo dell'azienda. \"60 anni fa si trattava di essere all'avanguardia. L'innovazione \u00e8 la radice dell'IVA\". L'azienda vuole continuare ad essere all'altezza di questa affermazione.<\/p>\n<p>Sempre in occasione del Forum economico della Valle del Reno, l'azienda L\u00fctolf AG di St. Margrethen \u00e8 stata premiata con il \"Premio dell'economia della Valle del Reno\" 2024 per \"la pianificazione esemplare della successione e l'iniziativa imprenditoriale\". L'azienda familiare trasforma il mais in alimenti innovativi, come le cosiddette patatine Ribelmais.<\/p>\n<figure id=\"attachment_24623\" aria-describedby=\"caption-attachment-24623\" style=\"width: 680px\" class=\"wp-caption alignnone\"><img loading=\"lazy\" decoding=\"async\" class=\"size-full wp-image-24623\" src=\"https:\/\/www.organisator.ch\/wp-content\/uploads\/2024\/01\/Wifo_Christian-Luetolf_Bild3_ps.jpg\" alt=\"\" width=\"680\" height=\"453\" srcset=\"https:\/\/www.organisator.ch\/wp-content\/uploads\/2024\/01\/Wifo_Christian-Luetolf_Bild3_ps.jpg 680w, https:\/\/www.organisator.ch\/wp-content\/uploads\/2024\/01\/Wifo_Christian-Luetolf_Bild3_ps-18x12.jpg 18w, https:\/\/www.organisator.ch\/wp-content\/uploads\/2024\/01\/Wifo_Christian-Luetolf_Bild3_ps-375x250.jpg 375w, https:\/\/www.organisator.ch\/wp-content\/uploads\/2024\/01\/Wifo_Christian-Luetolf_Bild3_ps-525x350.jpg 525w\" sizes=\"auto, (max-width: 680px) 100vw, 680px\" \/><figcaption id=\"caption-attachment-24623\" class=\"wp-caption-text\">Christian L\u00fctolf ritira il \"Premio dell'economia della Valle del Reno\" 2024 per la L\u00fctolf AG. (Immagine: www.wifo.ch\/Benno Hagleitner)<\/figcaption><\/figure>\n<p><em>Fonte: <a href=\"http:\/\/www.wifo.ch\">www.wifo.ch<\/a><\/em><\/p>","protected":false},"excerpt":{"rendered":"<p>Il 29\u00b0 Forum economico della Valle del Reno, che si \u00e8 svolto venerd\u00ec 26 gennaio 2024 davanti a un pubblico tutto esaurito, \u00e8 stato dedicato al tema \"Le tecnologie del futuro come motore della prosperit\u00e0\". <\/p>","protected":false},"author":58,"featured_media":24621,"comment_status":"closed","ping_status":"closed","sticky":false,"template":"","format":"standard","meta":{"_acf_changed":false,"_yoast_wpseo_focuskw":"Rheintaler Wirtschaftsforum","_yoast_wpseo_metadesc":"Das 29. Rheintaler Wirtschaftsforum vom 26. Januar 2024 war mit 750 G\u00e4sten einmal mehr ausgebucht.","articlekey":"","footnotes":""},"categories":[1],"tags":[335,2755,3348,2246,2846],"class_list":["post-24620","post","type-post","status-publish","format-standard","has-post-thumbnail","hentry","category-allgemein","tag-management-und-unternehmensfuehrung","tag-operational-excellence","tag-rheintaler-wirtschaftsforum","tag-sustainability","tag-tagungen-und-events"],"acf":[],"yoast_head":"<!-- This site is optimized with the Yoast SEO plugin v27.5 - https:\/\/yoast.com\/product\/yoast-seo-wordpress\/ -->\n<title>Wifo 2024: Bundesrat R\u00f6sti l\u00e4sst mit AKW-Aussage aufhorchen - Organisator<\/title>\n<meta name=\"description\" content=\"Das 29. Rheintaler Wirtschaftsforum vom 26. Januar 2024 war mit 750 G\u00e4sten einmal mehr ausgebucht.\" \/>\n<meta name=\"robots\" content=\"index, follow, max-snippet:-1, max-image-preview:large, max-video-preview:-1\" \/>\n<link rel=\"canonical\" href=\"https:\/\/www.organisator.ch\/it\/generale\/2024-01-29\/wifo-2024-bundesrat-roesti-laesst-mit-akw-aussage-aufhorchen\/\" \/>\n<meta property=\"og:locale\" content=\"it_IT\" \/>\n<meta property=\"og:type\" content=\"article\" \/>\n<meta property=\"og:title\" content=\"Wifo 2024: Bundesrat R\u00f6sti l\u00e4sst mit AKW-Aussage aufhorchen\" \/>\n<meta property=\"og:description\" content=\"Das 29. Rheintaler Wirtschaftsforum vom 26. Januar 2024 war mit 750 G\u00e4sten einmal mehr ausgebucht.\" \/>\n<meta property=\"og:url\" content=\"https:\/\/www.organisator.ch\/it\/generale\/2024-01-29\/wifo-2024-bundesrat-roesti-laesst-mit-akw-aussage-aufhorchen\/\" \/>\n<meta property=\"og:site_name\" content=\"Organisator\" \/>\n<meta property=\"article:publisher\" content=\"https:\/\/www.facebook.com\/OrganisatorFachmagazin\" \/>\n<meta property=\"article:published_time\" content=\"2024-01-29T14:23:51+00:00\" \/>\n<meta property=\"article:modified_time\" content=\"2024-02-14T12:53:34+00:00\" \/>\n<meta property=\"og:image\" content=\"https:\/\/www.organisator.ch\/wp-content\/uploads\/2024\/01\/Wifo_Bild1_ps.jpg\" \/>\n\t<meta property=\"og:image:width\" content=\"680\" \/>\n\t<meta property=\"og:image:height\" content=\"453\" \/>\n\t<meta property=\"og:image:type\" content=\"image\/jpeg\" \/>\n<meta name=\"author\" content=\"Adelisa Kalajdzini\" \/>\n<meta name=\"twitter:card\" content=\"summary_large_image\" \/>\n<meta name=\"twitter:title\" content=\"Wifo 2024: Bundesrat R\u00f6sti l\u00e4sst mit AKW-Aussage aufhorchen\" \/>\n<meta name=\"twitter:description\" content=\"Das #29. Rheintaler #Wirtschaftsforum vom 26. Januar #2024 war mit 750 G\u00e4sten einmal mehr #ausgebucht.\" \/>\n<meta name=\"twitter:image\" content=\"https:\/\/www.organisator.ch\/wp-content\/uploads\/2024\/01\/Wifo_Bild1_ps.jpg\" \/>\n<script type=\"application\/ld+json\" class=\"yoast-schema-graph\">{\"@context\":\"https:\\\/\\\/schema.org\",\"@graph\":[{\"@type\":\"Article\",\"@id\":\"https:\\\/\\\/www.organisator.ch\\\/allgemein\\\/2024-01-29\\\/wifo-2024-bundesrat-roesti-laesst-mit-akw-aussage-aufhorchen\\\/#article\",\"isPartOf\":{\"@id\":\"https:\\\/\\\/www.organisator.ch\\\/allgemein\\\/2024-01-29\\\/wifo-2024-bundesrat-roesti-laesst-mit-akw-aussage-aufhorchen\\\/\"},\"author\":{\"name\":\"Adelisa Kalajdzini\",\"@id\":\"https:\\\/\\\/www.organisator.ch\\\/#\\\/schema\\\/person\\\/2e1314a2172123f874db408d8911d3f3\"},\"headline\":\"Wifo 2024: Bundesrat R\u00f6sti l\u00e4sst mit AKW-Aussage aufhorchen\",\"datePublished\":\"2024-01-29T14:23:51+00:00\",\"dateModified\":\"2024-02-14T12:53:34+00:00\",\"mainEntityOfPage\":{\"@id\":\"https:\\\/\\\/www.organisator.ch\\\/allgemein\\\/2024-01-29\\\/wifo-2024-bundesrat-roesti-laesst-mit-akw-aussage-aufhorchen\\\/\"},\"wordCount\":683,\"publisher\":{\"@id\":\"https:\\\/\\\/www.organisator.ch\\\/#organization\"},\"image\":{\"@id\":\"https:\\\/\\\/www.organisator.ch\\\/allgemein\\\/2024-01-29\\\/wifo-2024-bundesrat-roesti-laesst-mit-akw-aussage-aufhorchen\\\/#primaryimage\"},\"thumbnailUrl\":\"https:\\\/\\\/www.organisator.ch\\\/wp-content\\\/uploads\\\/2024\\\/01\\\/Wifo_Bild1_ps.jpg\",\"keywords\":[\"Management und Unternehmensf\u00fchrung\",\"OPERATIONAL EXCELLENCE\",\"Rheintaler Wirtschaftsforum\",\"Sustainability\",\"Tagungen und Events\"],\"articleSection\":[\"Allgemein\"],\"inLanguage\":\"it-IT\"},{\"@type\":\"WebPage\",\"@id\":\"https:\\\/\\\/www.organisator.ch\\\/allgemein\\\/2024-01-29\\\/wifo-2024-bundesrat-roesti-laesst-mit-akw-aussage-aufhorchen\\\/\",\"url\":\"https:\\\/\\\/www.organisator.ch\\\/allgemein\\\/2024-01-29\\\/wifo-2024-bundesrat-roesti-laesst-mit-akw-aussage-aufhorchen\\\/\",\"name\":\"Wifo 2024: Bundesrat R\u00f6sti l\u00e4sst mit AKW-Aussage aufhorchen - Organisator\",\"isPartOf\":{\"@id\":\"https:\\\/\\\/www.organisator.ch\\\/#website\"},\"primaryImageOfPage\":{\"@id\":\"https:\\\/\\\/www.organisator.ch\\\/allgemein\\\/2024-01-29\\\/wifo-2024-bundesrat-roesti-laesst-mit-akw-aussage-aufhorchen\\\/#primaryimage\"},\"image\":{\"@id\":\"https:\\\/\\\/www.organisator.ch\\\/allgemein\\\/2024-01-29\\\/wifo-2024-bundesrat-roesti-laesst-mit-akw-aussage-aufhorchen\\\/#primaryimage\"},\"thumbnailUrl\":\"https:\\\/\\\/www.organisator.ch\\\/wp-content\\\/uploads\\\/2024\\\/01\\\/Wifo_Bild1_ps.jpg\",\"datePublished\":\"2024-01-29T14:23:51+00:00\",\"dateModified\":\"2024-02-14T12:53:34+00:00\",\"description\":\"Das 29. Rheintaler Wirtschaftsforum vom 26. Januar 2024 war mit 750 G\u00e4sten einmal mehr ausgebucht.\",\"breadcrumb\":{\"@id\":\"https:\\\/\\\/www.organisator.ch\\\/allgemein\\\/2024-01-29\\\/wifo-2024-bundesrat-roesti-laesst-mit-akw-aussage-aufhorchen\\\/#breadcrumb\"},\"inLanguage\":\"it-IT\",\"potentialAction\":[{\"@type\":\"ReadAction\",\"target\":[\"https:\\\/\\\/www.organisator.ch\\\/allgemein\\\/2024-01-29\\\/wifo-2024-bundesrat-roesti-laesst-mit-akw-aussage-aufhorchen\\\/\"]}]},{\"@type\":\"ImageObject\",\"inLanguage\":\"it-IT\",\"@id\":\"https:\\\/\\\/www.organisator.ch\\\/allgemein\\\/2024-01-29\\\/wifo-2024-bundesrat-roesti-laesst-mit-akw-aussage-aufhorchen\\\/#primaryimage\",\"url\":\"https:\\\/\\\/www.organisator.ch\\\/wp-content\\\/uploads\\\/2024\\\/01\\\/Wifo_Bild1_ps.jpg\",\"contentUrl\":\"https:\\\/\\\/www.organisator.ch\\\/wp-content\\\/uploads\\\/2024\\\/01\\\/Wifo_Bild1_ps.jpg\",\"width\":680,\"height\":453,\"caption\":\"Das 29. Rheintaler Wirtschaftsforum widmete sich dem Thema \u00abZukunftstechnologien als Wohlstandstreiber\u00bb. (Bild: www.wifo.ch)\"},{\"@type\":\"BreadcrumbList\",\"@id\":\"https:\\\/\\\/www.organisator.ch\\\/allgemein\\\/2024-01-29\\\/wifo-2024-bundesrat-roesti-laesst-mit-akw-aussage-aufhorchen\\\/#breadcrumb\",\"itemListElement\":[{\"@type\":\"ListItem\",\"position\":1,\"name\":\"Home\",\"item\":\"https:\\\/\\\/www.organisator.ch\\\/\"},{\"@type\":\"ListItem\",\"position\":2,\"name\":\"Wifo 2024: Bundesrat R\u00f6sti l\u00e4sst mit AKW-Aussage aufhorchen\"}]},{\"@type\":\"WebSite\",\"@id\":\"https:\\\/\\\/www.organisator.ch\\\/#website\",\"url\":\"https:\\\/\\\/www.organisator.ch\\\/\",\"name\":\"Organisator\",\"description\":\"Kompetent. Praxisnah. Der ORGANISATOR bereitet in 10 Ausgaben pro Jahr die wesentlichen Themen f\u00fcr F\u00fchrungskr\u00e4fte von KMU auf.\",\"publisher\":{\"@id\":\"https:\\\/\\\/www.organisator.ch\\\/#organization\"},\"potentialAction\":[{\"@type\":\"SearchAction\",\"target\":{\"@type\":\"EntryPoint\",\"urlTemplate\":\"https:\\\/\\\/www.organisator.ch\\\/?s={search_term_string}\"},\"query-input\":{\"@type\":\"PropertyValueSpecification\",\"valueRequired\":true,\"valueName\":\"search_term_string\"}}],\"inLanguage\":\"it-IT\"},{\"@type\":\"Organization\",\"@id\":\"https:\\\/\\\/www.organisator.ch\\\/#organization\",\"name\":\"Organisator\",\"url\":\"https:\\\/\\\/www.organisator.ch\\\/\",\"logo\":{\"@type\":\"ImageObject\",\"inLanguage\":\"it-IT\",\"@id\":\"https:\\\/\\\/www.organisator.ch\\\/#\\\/schema\\\/logo\\\/image\\\/\",\"url\":\"https:\\\/\\\/www.organisator.ch\\\/wp-content\\\/uploads\\\/2022\\\/01\\\/Logo_Organisator_Website.png\",\"contentUrl\":\"https:\\\/\\\/www.organisator.ch\\\/wp-content\\\/uploads\\\/2022\\\/01\\\/Logo_Organisator_Website.png\",\"width\":800,\"height\":77,\"caption\":\"Organisator\"},\"image\":{\"@id\":\"https:\\\/\\\/www.organisator.ch\\\/#\\\/schema\\\/logo\\\/image\\\/\"},\"sameAs\":[\"https:\\\/\\\/www.facebook.com\\\/OrganisatorFachmagazin\",\"https:\\\/\\\/www.linkedin.com\\\/showcase\\\/organisator-das-magazin-fr-kmu\",\"https:\\\/\\\/www.xing.com\\\/news\\\/pages\\\/organisator-ch-695\",\"https:\\\/\\\/www.youtube.com\\\/channel\\\/UCGP2Sq0iWaZwT3BdIAQFYpw\"]},{\"@type\":\"Person\",\"@id\":\"https:\\\/\\\/www.organisator.ch\\\/#\\\/schema\\\/person\\\/2e1314a2172123f874db408d8911d3f3\",\"name\":\"Adelisa Kalajdzini\",\"image\":{\"@type\":\"ImageObject\",\"inLanguage\":\"it-IT\",\"@id\":\"https:\\\/\\\/secure.gravatar.com\\\/avatar\\\/09a397c22ac58cad6f160ee8306348599df9df58a8ede73696226897b9fa4b24?s=96&d=mm&r=g\",\"url\":\"https:\\\/\\\/secure.gravatar.com\\\/avatar\\\/09a397c22ac58cad6f160ee8306348599df9df58a8ede73696226897b9fa4b24?s=96&d=mm&r=g\",\"contentUrl\":\"https:\\\/\\\/secure.gravatar.com\\\/avatar\\\/09a397c22ac58cad6f160ee8306348599df9df58a8ede73696226897b9fa4b24?s=96&d=mm&r=g\",\"caption\":\"Adelisa Kalajdzini\"},\"url\":\"https:\\\/\\\/www.organisator.ch\\\/it\\\/author\\\/adelisa-kalajdzini\\\/\"}]}<\/script>\n<!-- \/ Yoast SEO plugin. -->","yoast_head_json":{"title":"Wifo 2024: il consigliere federale R\u00f6sti alza le sopracciglia con una dichiarazione sulle centrali nucleari - Organizzatore","description":"Il 29\u00b0 Forum economico della Valle del Reno, che si terr\u00e0 il 26 gennaio 2024, ha registrato ancora una volta il tutto esaurito con 750 ospiti.","robots":{"index":"index","follow":"follow","max-snippet":"max-snippet:-1","max-image-preview":"max-image-preview:large","max-video-preview":"max-video-preview:-1"},"canonical":"https:\/\/www.organisator.ch\/it\/generale\/2024-01-29\/wifo-2024-bundesrat-roesti-laesst-mit-akw-aussage-aufhorchen\/","og_locale":"it_IT","og_type":"article","og_title":"Wifo 2024: Bundesrat R\u00f6sti l\u00e4sst mit AKW-Aussage aufhorchen","og_description":"Das 29. Rheintaler Wirtschaftsforum vom 26. Januar 2024 war mit 750 G\u00e4sten einmal mehr ausgebucht.","og_url":"https:\/\/www.organisator.ch\/it\/generale\/2024-01-29\/wifo-2024-bundesrat-roesti-laesst-mit-akw-aussage-aufhorchen\/","og_site_name":"Organisator","article_publisher":"https:\/\/www.facebook.com\/OrganisatorFachmagazin","article_published_time":"2024-01-29T14:23:51+00:00","article_modified_time":"2024-02-14T12:53:34+00:00","og_image":[{"width":680,"height":453,"url":"https:\/\/www.organisator.ch\/wp-content\/uploads\/2024\/01\/Wifo_Bild1_ps.jpg","type":"image\/jpeg"}],"author":"Adelisa Kalajdzini","twitter_card":"summary_large_image","twitter_title":"Wifo 2024: Bundesrat R\u00f6sti l\u00e4sst mit AKW-Aussage aufhorchen","twitter_description":"Das #29. Rheintaler #Wirtschaftsforum vom 26. Januar #2024 war mit 750 G\u00e4sten einmal mehr #ausgebucht.","twitter_image":"https:\/\/www.organisator.ch\/wp-content\/uploads\/2024\/01\/Wifo_Bild1_ps.jpg","schema":{"@context":"https:\/\/schema.org","@graph":[{"@type":"Article","@id":"https:\/\/www.organisator.ch\/allgemein\/2024-01-29\/wifo-2024-bundesrat-roesti-laesst-mit-akw-aussage-aufhorchen\/#article","isPartOf":{"@id":"https:\/\/www.organisator.ch\/allgemein\/2024-01-29\/wifo-2024-bundesrat-roesti-laesst-mit-akw-aussage-aufhorchen\/"},"author":{"name":"Adelisa Kalajdzini","@id":"https:\/\/www.organisator.ch\/#\/schema\/person\/2e1314a2172123f874db408d8911d3f3"},"headline":"Wifo 2024: Bundesrat R\u00f6sti l\u00e4sst mit AKW-Aussage aufhorchen","datePublished":"2024-01-29T14:23:51+00:00","dateModified":"2024-02-14T12:53:34+00:00","mainEntityOfPage":{"@id":"https:\/\/www.organisator.ch\/allgemein\/2024-01-29\/wifo-2024-bundesrat-roesti-laesst-mit-akw-aussage-aufhorchen\/"},"wordCount":683,"publisher":{"@id":"https:\/\/www.organisator.ch\/#organization"},"image":{"@id":"https:\/\/www.organisator.ch\/allgemein\/2024-01-29\/wifo-2024-bundesrat-roesti-laesst-mit-akw-aussage-aufhorchen\/#primaryimage"},"thumbnailUrl":"https:\/\/www.organisator.ch\/wp-content\/uploads\/2024\/01\/Wifo_Bild1_ps.jpg","keywords":["Management und Unternehmensf\u00fchrung","OPERATIONAL EXCELLENCE","Rheintaler Wirtschaftsforum","Sustainability","Tagungen und Events"],"articleSection":["Allgemein"],"inLanguage":"it-IT"},{"@type":"WebPage","@id":"https:\/\/www.organisator.ch\/allgemein\/2024-01-29\/wifo-2024-bundesrat-roesti-laesst-mit-akw-aussage-aufhorchen\/","url":"https:\/\/www.organisator.ch\/allgemein\/2024-01-29\/wifo-2024-bundesrat-roesti-laesst-mit-akw-aussage-aufhorchen\/","name":"Wifo 2024: il consigliere federale R\u00f6sti alza le sopracciglia con una dichiarazione sulle centrali nucleari - Organizzatore","isPartOf":{"@id":"https:\/\/www.organisator.ch\/#website"},"primaryImageOfPage":{"@id":"https:\/\/www.organisator.ch\/allgemein\/2024-01-29\/wifo-2024-bundesrat-roesti-laesst-mit-akw-aussage-aufhorchen\/#primaryimage"},"image":{"@id":"https:\/\/www.organisator.ch\/allgemein\/2024-01-29\/wifo-2024-bundesrat-roesti-laesst-mit-akw-aussage-aufhorchen\/#primaryimage"},"thumbnailUrl":"https:\/\/www.organisator.ch\/wp-content\/uploads\/2024\/01\/Wifo_Bild1_ps.jpg","datePublished":"2024-01-29T14:23:51+00:00","dateModified":"2024-02-14T12:53:34+00:00","description":"Il 29\u00b0 Forum economico della Valle del Reno, che si terr\u00e0 il 26 gennaio 2024, ha registrato ancora una volta il tutto esaurito con 750 ospiti.","breadcrumb":{"@id":"https:\/\/www.organisator.ch\/allgemein\/2024-01-29\/wifo-2024-bundesrat-roesti-laesst-mit-akw-aussage-aufhorchen\/#breadcrumb"},"inLanguage":"it-IT","potentialAction":[{"@type":"ReadAction","target":["https:\/\/www.organisator.ch\/allgemein\/2024-01-29\/wifo-2024-bundesrat-roesti-laesst-mit-akw-aussage-aufhorchen\/"]}]},{"@type":"ImageObject","inLanguage":"it-IT","@id":"https:\/\/www.organisator.ch\/allgemein\/2024-01-29\/wifo-2024-bundesrat-roesti-laesst-mit-akw-aussage-aufhorchen\/#primaryimage","url":"https:\/\/www.organisator.ch\/wp-content\/uploads\/2024\/01\/Wifo_Bild1_ps.jpg","contentUrl":"https:\/\/www.organisator.ch\/wp-content\/uploads\/2024\/01\/Wifo_Bild1_ps.jpg","width":680,"height":453,"caption":"Das 29. Rheintaler Wirtschaftsforum widmete sich dem Thema \u00abZukunftstechnologien als Wohlstandstreiber\u00bb. (Bild: www.wifo.ch)"},{"@type":"BreadcrumbList","@id":"https:\/\/www.organisator.ch\/allgemein\/2024-01-29\/wifo-2024-bundesrat-roesti-laesst-mit-akw-aussage-aufhorchen\/#breadcrumb","itemListElement":[{"@type":"ListItem","position":1,"name":"Home","item":"https:\/\/www.organisator.ch\/"},{"@type":"ListItem","position":2,"name":"Wifo 2024: Bundesrat R\u00f6sti l\u00e4sst mit AKW-Aussage aufhorchen"}]},{"@type":"WebSite","@id":"https:\/\/www.organisator.ch\/#website","url":"https:\/\/www.organisator.ch\/","name":"Organizzatore","description":"Competente. Pratico. In 10 numeri all'anno, ORGANISATOR presenta i temi essenziali per i manager delle PMI.","publisher":{"@id":"https:\/\/www.organisator.ch\/#organization"},"potentialAction":[{"@type":"SearchAction","target":{"@type":"EntryPoint","urlTemplate":"https:\/\/www.organisator.ch\/?s={search_term_string}"},"query-input":{"@type":"PropertyValueSpecification","valueRequired":true,"valueName":"search_term_string"}}],"inLanguage":"it-IT"},{"@type":"Organization","@id":"https:\/\/www.organisator.ch\/#organization","name":"Organizzatore","url":"https:\/\/www.organisator.ch\/","logo":{"@type":"ImageObject","inLanguage":"it-IT","@id":"https:\/\/www.organisator.ch\/#\/schema\/logo\/image\/","url":"https:\/\/www.organisator.ch\/wp-content\/uploads\/2022\/01\/Logo_Organisator_Website.png","contentUrl":"https:\/\/www.organisator.ch\/wp-content\/uploads\/2022\/01\/Logo_Organisator_Website.png","width":800,"height":77,"caption":"Organisator"},"image":{"@id":"https:\/\/www.organisator.ch\/#\/schema\/logo\/image\/"},"sameAs":["https:\/\/www.facebook.com\/OrganisatorFachmagazin","https:\/\/www.linkedin.com\/showcase\/organisator-das-magazin-fr-kmu","https:\/\/www.xing.com\/news\/pages\/organisator-ch-695","https:\/\/www.youtube.com\/channel\/UCGP2Sq0iWaZwT3BdIAQFYpw"]},{"@type":"Person","@id":"https:\/\/www.organisator.ch\/#\/schema\/person\/2e1314a2172123f874db408d8911d3f3","name":"Adelisa Kalajdzini","image":{"@type":"ImageObject","inLanguage":"it-IT","@id":"https:\/\/secure.gravatar.com\/avatar\/09a397c22ac58cad6f160ee8306348599df9df58a8ede73696226897b9fa4b24?s=96&d=mm&r=g","url":"https:\/\/secure.gravatar.com\/avatar\/09a397c22ac58cad6f160ee8306348599df9df58a8ede73696226897b9fa4b24?s=96&d=mm&r=g","contentUrl":"https:\/\/secure.gravatar.com\/avatar\/09a397c22ac58cad6f160ee8306348599df9df58a8ede73696226897b9fa4b24?s=96&d=mm&r=g","caption":"Adelisa Kalajdzini"},"url":"https:\/\/www.organisator.ch\/it\/author\/adelisa-kalajdzini\/"}]}},"_links":{"self":[{"href":"https:\/\/www.organisator.ch\/it\/wp-json\/wp\/v2\/posts\/24620","targetHints":{"allow":["GET"]}}],"collection":[{"href":"https:\/\/www.organisator.ch\/it\/wp-json\/wp\/v2\/posts"}],"about":[{"href":"https:\/\/www.organisator.ch\/it\/wp-json\/wp\/v2\/types\/post"}],"author":[{"embeddable":true,"href":"https:\/\/www.organisator.ch\/it\/wp-json\/wp\/v2\/users\/58"}],"replies":[{"embeddable":true,"href":"https:\/\/www.organisator.ch\/it\/wp-json\/wp\/v2\/comments?post=24620"}],"version-history":[{"count":12,"href":"https:\/\/www.organisator.ch\/it\/wp-json\/wp\/v2\/posts\/24620\/revisions"}],"predecessor-version":[{"id":25021,"href":"https:\/\/www.organisator.ch\/it\/wp-json\/wp\/v2\/posts\/24620\/revisions\/25021"}],"wp:featuredmedia":[{"embeddable":true,"href":"https:\/\/www.organisator.ch\/it\/wp-json\/wp\/v2\/media\/24621"}],"wp:attachment":[{"href":"https:\/\/www.organisator.ch\/it\/wp-json\/wp\/v2\/media?parent=24620"}],"wp:term":[{"taxonomy":"category","embeddable":true,"href":"https:\/\/www.organisator.ch\/it\/wp-json\/wp\/v2\/categories?post=24620"},{"taxonomy":"post_tag","embeddable":true,"href":"https:\/\/www.organisator.ch\/it\/wp-json\/wp\/v2\/tags?post=24620"}],"curies":[{"name":"wp","href":"https:\/\/api.w.org\/{rel}","templated":true}]}}