{"id":2463,"date":"2017-09-20T07:55:47","date_gmt":"2017-09-20T05:55:47","guid":{"rendered":"https:\/\/www.organisator.ch\/?p=2463"},"modified":"2017-09-20T07:55:47","modified_gmt":"2017-09-20T05:55:47","slug":"wissensportal-zum-thema-unternehmensnachfolge","status":"publish","type":"post","link":"https:\/\/www.organisator.ch\/it\/management\/2017-09-20\/wissensportal-zum-thema-unternehmensnachfolge\/","title":{"rendered":"Portale della conoscenza sul tema della successione aziendale"},"content":{"rendered":"<figure id=\"attachment_2464\" aria-describedby=\"caption-attachment-2464\" style=\"width: 640px\" class=\"wp-caption alignnone\"><img loading=\"lazy\" decoding=\"async\" class=\"size-full wp-image-2464\" src=\"https:\/\/www.organisator.ch\/wp-content\/uploads\/2017\/09\/Wissensportal-zum-Thema-Unternehmensnachfolge_Organisator.jpg\" alt=\"\" width=\"640\" height=\"480\" srcset=\"https:\/\/www.organisator.ch\/wp-content\/uploads\/2017\/09\/Wissensportal-zum-Thema-Unternehmensnachfolge_Organisator.jpg 640w, https:\/\/www.organisator.ch\/wp-content\/uploads\/2017\/09\/Wissensportal-zum-Thema-Unternehmensnachfolge_Organisator-16x12.jpg 16w, https:\/\/www.organisator.ch\/wp-content\/uploads\/2017\/09\/Wissensportal-zum-Thema-Unternehmensnachfolge_Organisator-233x175.jpg 233w, https:\/\/www.organisator.ch\/wp-content\/uploads\/2017\/09\/Wissensportal-zum-Thema-Unternehmensnachfolge_Organisator-467x350.jpg 467w, https:\/\/www.organisator.ch\/wp-content\/uploads\/2017\/09\/Wissensportal-zum-Thema-Unternehmensnachfolge_Organisator-300x225.jpg 300w\" sizes=\"auto, (max-width: 640px) 100vw, 640px\" \/><figcaption id=\"caption-attachment-2464\" class=\"wp-caption-text\">Ecco come si presenta il portale di conoscenza di Business Transaction sulla successione aziendale. (Screenshot)<\/figcaption><\/figure>\n<p>Business Transaction AG \u00e8 uno dei principali fornitori di servizi per le transazioni aziendali nel settore svizzero delle PMI. Con oltre 130 transazioni completate con successo in una vasta gamma di settori, \u00e8 stato accumulato un enorme patrimonio di conoscenze pratiche. Questa conoscenza \u00e8 ora resa disponibile su un portale di conoscenza dedicato. Quasi settimanalmente, vengono pubblicati articoli su un'ampia variet\u00e0 di argomenti nel campo della successione aziendale.<\/p>\n<h2><strong>Il mercato della successione delle PMI \u00e8 ancora molto poco trasparente<\/strong><\/h2>\n<p><strong>\u00a0<\/strong>L'importanza economica di accordi di successione funzionanti \u00e8 indiscussa: Pi\u00f9 di 70.000 aziende sono destinate alla successione nei prossimi cinque anni e migliaia di posti di lavoro sono interessati. All'interno della famiglia, nell'azienda o fuori dall'azienda, i potenziali successori sono numerosi. Rispetto al mercato immobiliare, tuttavia, il mercato della successione delle PMI \u00e8 quasi poco trasparente: da un lato, la quantit\u00e0 e la qualit\u00e0 delle informazioni pubblicate sulle offerte di vendita \u00e8 piuttosto bassa, e dall'altro, i proprietari delle aziende e i successori non dispongono di informazioni sul processo di successione. A causa dei suoi molteplici aspetti, la successione aziendale \u00e8 molto complessa e a volte fallisce perch\u00e9 c'\u00e8 troppo poco know-how. L'informazione sull'argomento \u00e8 quindi particolarmente importante.<\/p>\n<h2><strong>Notizie, esempi pratici, competenze, liste di controllo e modelli per la successione aziendale<\/strong><\/h2>\n<p>Il nuovo portale delle conoscenze di Business Transaction AG affronta la questione della limitata disponibilit\u00e0 di informazioni sul processo di successione aziendale, elaborando le esperienze di innumerevoli transazioni sul portale delle conoscenze e rendendole liberamente disponibili. Il portale \u00e8 progettato per essere semplice e chiaro. L'utente seleziona la forma di informazione e l'area tematica e pu\u00f2 poi approfondire la questione attraverso diversi passi. Dietro questo contenuto c'\u00e8 l'intero team della societ\u00e0 di consulenza emergente di Zurigo Seefeld. \"Raccogliere conoscenze ed esperienze e presentarle in una forma comprensibile \u00e8 qualcosa che abbiamo ancorato nella nostra cultura aziendale\", dice il socio fondatore Yves S\u00fcess. I numeri dei visitatori danno ragione all'azienda. Dalla fase di test in estate, il traffico \u00e8 aumentato significativamente in seguito al successo del rilascio alla fine di agosto 2017.<\/p>\n<p><a href=\"http:\/\/www.businesstransaction.ch\/wissensportal.html\"><em>Clicca qui per il portale della conoscenza<\/em><\/a><\/p>\n<p>&nbsp;<\/p>","protected":false},"excerpt":{"rendered":"<p>Die Business Transaction AG z\u00e4hlt zu den f\u00fchrenden Dienstleistern f\u00fcr Unternehmenstransaktionen im Schweizer KMU-Bereich. Mit \u00fcber 130 erfolgreich abgeschlossenen Transaktionen in den verschiedensten Branchen ist inzwischen eine enorme F\u00fclle an Praxiswissen zusammengekommen. Dieses Wissen wird neu auf einem eigenen Wissensportal zur Verf\u00fcgung gestellt. Beinahe w\u00f6chentlich werden Beitr\u00e4ge zu den unterschiedlichsten Themen im Bereich der Unternehmensnachfolge [&hellip;]<\/p>\n","protected":false},"author":4,"featured_media":2464,"comment_status":"open","ping_status":"open","sticky":false,"template":"","format":"standard","meta":{"_acf_changed":false,"_yoast_wpseo_focuskw":"Unternehmensnachfolge","_yoast_wpseo_metadesc":"In den kommenden f\u00fcnf Jahren steht bei \u00fcber 70'000 Schweizer KMU die Nachfolgeregelung an. Der Informationsbedarf ist entsprechend hoch.","articlekey":"","footnotes":""},"categories":[28],"tags":[207,366,393],"class_list":["post-2463","post","type-post","status-publish","format-standard","has-post-thumbnail","hentry","category-management","tag-firmennachfolge","tag-online","tag-produkte"],"acf":[],"yoast_head":"<!-- This site is optimized with the Yoast SEO plugin v27.5 - https:\/\/yoast.com\/product\/yoast-seo-wordpress\/ -->\n<title>Wissensportal zum Thema Unternehmensnachfolge - Organisator<\/title>\n<meta name=\"description\" content=\"In den kommenden f\u00fcnf Jahren steht bei \u00fcber 70&#039;000 Schweizer KMU die Nachfolgeregelung an. Der Informationsbedarf ist entsprechend hoch.\" \/>\n<meta name=\"robots\" content=\"index, follow, max-snippet:-1, max-image-preview:large, max-video-preview:-1\" \/>\n<link rel=\"canonical\" href=\"https:\/\/www.organisator.ch\/it\/gestione-2\/2017-09-20\/wissensportal-zum-thema-unternehmensnachfolge\/\" \/>\n<meta property=\"og:locale\" content=\"it_IT\" \/>\n<meta property=\"og:type\" content=\"article\" \/>\n<meta property=\"og:title\" content=\"Wissensportal zum Thema Unternehmensnachfolge\" \/>\n<meta property=\"og:description\" content=\"In den kommenden f\u00fcnf Jahren steht bei \u00fcber 70&#039;000 Schweizer #KMU die #Nachfolgeregelung an. Der Informationsbedarf ist entsprechend hoch.\" \/>\n<meta property=\"og:url\" content=\"https:\/\/www.organisator.ch\/it\/gestione-2\/2017-09-20\/wissensportal-zum-thema-unternehmensnachfolge\/\" \/>\n<meta property=\"og:site_name\" content=\"Organisator\" \/>\n<meta property=\"article:publisher\" content=\"https:\/\/www.facebook.com\/OrganisatorFachmagazin\" \/>\n<meta property=\"article:published_time\" content=\"2017-09-20T05:55:47+00:00\" \/>\n<meta property=\"og:image\" content=\"https:\/\/www.organisator.ch\/wp-content\/uploads\/2017\/09\/Wissensportal-zum-Thema-Unternehmensnachfolge_Organisator.jpg\" \/>\n\t<meta property=\"og:image:width\" content=\"640\" \/>\n\t<meta property=\"og:image:height\" content=\"480\" \/>\n\t<meta property=\"og:image:type\" content=\"image\/jpeg\" \/>\n<meta name=\"author\" content=\"thomas.berner\" \/>\n<meta name=\"twitter:card\" content=\"summary_large_image\" \/>\n<meta name=\"twitter:title\" content=\"#Wissensportal zum Thema #Unternehmensnachfolge\" \/>\n<meta name=\"twitter:description\" content=\"In den kommenden f\u00fcnf Jahren steht bei \u00fcber 70&#039;000 Schweizer #KMU die #Nachfolgeregelung an. Der Informationsbedarf ist entsprechend hoch.\" \/>\n<meta name=\"twitter:image\" content=\"https:\/\/www.organisator.ch\/wp-content\/uploads\/2017\/09\/Wissensportal-zum-Thema-Unternehmensnachfolge_Organisator.jpg\" \/>\n<script type=\"application\/ld+json\" class=\"yoast-schema-graph\">{\"@context\":\"https:\\\/\\\/schema.org\",\"@graph\":[{\"@type\":\"Article\",\"@id\":\"https:\\\/\\\/www.organisator.ch\\\/management\\\/2017-09-20\\\/wissensportal-zum-thema-unternehmensnachfolge\\\/#article\",\"isPartOf\":{\"@id\":\"https:\\\/\\\/www.organisator.ch\\\/management\\\/2017-09-20\\\/wissensportal-zum-thema-unternehmensnachfolge\\\/\"},\"author\":{\"name\":\"thomas.berner\",\"@id\":\"https:\\\/\\\/www.organisator.ch\\\/#\\\/schema\\\/person\\\/6f650f90b2842cd4c0cc334b4e36f67e\"},\"headline\":\"Wissensportal zum Thema Unternehmensnachfolge\",\"datePublished\":\"2017-09-20T05:55:47+00:00\",\"mainEntityOfPage\":{\"@id\":\"https:\\\/\\\/www.organisator.ch\\\/management\\\/2017-09-20\\\/wissensportal-zum-thema-unternehmensnachfolge\\\/\"},\"wordCount\":336,\"commentCount\":0,\"publisher\":{\"@id\":\"https:\\\/\\\/www.organisator.ch\\\/#organization\"},\"image\":{\"@id\":\"https:\\\/\\\/www.organisator.ch\\\/management\\\/2017-09-20\\\/wissensportal-zum-thema-unternehmensnachfolge\\\/#primaryimage\"},\"thumbnailUrl\":\"https:\\\/\\\/www.organisator.ch\\\/wp-content\\\/uploads\\\/2017\\\/09\\\/Wissensportal-zum-Thema-Unternehmensnachfolge_Organisator.jpg\",\"keywords\":[\"Firmennachfolge\",\"Online\",\"Produkte\"],\"articleSection\":[\"MANAGEMENT\"],\"inLanguage\":\"it-IT\"},{\"@type\":\"WebPage\",\"@id\":\"https:\\\/\\\/www.organisator.ch\\\/management\\\/2017-09-20\\\/wissensportal-zum-thema-unternehmensnachfolge\\\/\",\"url\":\"https:\\\/\\\/www.organisator.ch\\\/management\\\/2017-09-20\\\/wissensportal-zum-thema-unternehmensnachfolge\\\/\",\"name\":\"Wissensportal zum Thema Unternehmensnachfolge - Organisator\",\"isPartOf\":{\"@id\":\"https:\\\/\\\/www.organisator.ch\\\/#website\"},\"primaryImageOfPage\":{\"@id\":\"https:\\\/\\\/www.organisator.ch\\\/management\\\/2017-09-20\\\/wissensportal-zum-thema-unternehmensnachfolge\\\/#primaryimage\"},\"image\":{\"@id\":\"https:\\\/\\\/www.organisator.ch\\\/management\\\/2017-09-20\\\/wissensportal-zum-thema-unternehmensnachfolge\\\/#primaryimage\"},\"thumbnailUrl\":\"https:\\\/\\\/www.organisator.ch\\\/wp-content\\\/uploads\\\/2017\\\/09\\\/Wissensportal-zum-Thema-Unternehmensnachfolge_Organisator.jpg\",\"datePublished\":\"2017-09-20T05:55:47+00:00\",\"description\":\"In den kommenden f\u00fcnf Jahren steht bei \u00fcber 70'000 Schweizer KMU die Nachfolgeregelung an. Der Informationsbedarf ist entsprechend hoch.\",\"breadcrumb\":{\"@id\":\"https:\\\/\\\/www.organisator.ch\\\/management\\\/2017-09-20\\\/wissensportal-zum-thema-unternehmensnachfolge\\\/#breadcrumb\"},\"inLanguage\":\"it-IT\",\"potentialAction\":[{\"@type\":\"ReadAction\",\"target\":[\"https:\\\/\\\/www.organisator.ch\\\/management\\\/2017-09-20\\\/wissensportal-zum-thema-unternehmensnachfolge\\\/\"]}]},{\"@type\":\"ImageObject\",\"inLanguage\":\"it-IT\",\"@id\":\"https:\\\/\\\/www.organisator.ch\\\/management\\\/2017-09-20\\\/wissensportal-zum-thema-unternehmensnachfolge\\\/#primaryimage\",\"url\":\"https:\\\/\\\/www.organisator.ch\\\/wp-content\\\/uploads\\\/2017\\\/09\\\/Wissensportal-zum-Thema-Unternehmensnachfolge_Organisator.jpg\",\"contentUrl\":\"https:\\\/\\\/www.organisator.ch\\\/wp-content\\\/uploads\\\/2017\\\/09\\\/Wissensportal-zum-Thema-Unternehmensnachfolge_Organisator.jpg\",\"width\":640,\"height\":480,\"caption\":\"So pr\u00e4sentiert sich das Wissensportal zur Unternehmensnachfolge von Business Transaction. (Screenshot).\"},{\"@type\":\"BreadcrumbList\",\"@id\":\"https:\\\/\\\/www.organisator.ch\\\/management\\\/2017-09-20\\\/wissensportal-zum-thema-unternehmensnachfolge\\\/#breadcrumb\",\"itemListElement\":[{\"@type\":\"ListItem\",\"position\":1,\"name\":\"Home\",\"item\":\"https:\\\/\\\/www.organisator.ch\\\/\"},{\"@type\":\"ListItem\",\"position\":2,\"name\":\"Wissensportal zum Thema Unternehmensnachfolge\"}]},{\"@type\":\"WebSite\",\"@id\":\"https:\\\/\\\/www.organisator.ch\\\/#website\",\"url\":\"https:\\\/\\\/www.organisator.ch\\\/\",\"name\":\"Organisator\",\"description\":\"Kompetent. Praxisnah. Der ORGANISATOR bereitet in 10 Ausgaben pro Jahr die wesentlichen Themen f\u00fcr F\u00fchrungskr\u00e4fte von KMU auf.\",\"publisher\":{\"@id\":\"https:\\\/\\\/www.organisator.ch\\\/#organization\"},\"potentialAction\":[{\"@type\":\"SearchAction\",\"target\":{\"@type\":\"EntryPoint\",\"urlTemplate\":\"https:\\\/\\\/www.organisator.ch\\\/?s={search_term_string}\"},\"query-input\":{\"@type\":\"PropertyValueSpecification\",\"valueRequired\":true,\"valueName\":\"search_term_string\"}}],\"inLanguage\":\"it-IT\"},{\"@type\":\"Organization\",\"@id\":\"https:\\\/\\\/www.organisator.ch\\\/#organization\",\"name\":\"Organisator\",\"url\":\"https:\\\/\\\/www.organisator.ch\\\/\",\"logo\":{\"@type\":\"ImageObject\",\"inLanguage\":\"it-IT\",\"@id\":\"https:\\\/\\\/www.organisator.ch\\\/#\\\/schema\\\/logo\\\/image\\\/\",\"url\":\"https:\\\/\\\/www.organisator.ch\\\/wp-content\\\/uploads\\\/2022\\\/01\\\/Logo_Organisator_Website.png\",\"contentUrl\":\"https:\\\/\\\/www.organisator.ch\\\/wp-content\\\/uploads\\\/2022\\\/01\\\/Logo_Organisator_Website.png\",\"width\":800,\"height\":77,\"caption\":\"Organisator\"},\"image\":{\"@id\":\"https:\\\/\\\/www.organisator.ch\\\/#\\\/schema\\\/logo\\\/image\\\/\"},\"sameAs\":[\"https:\\\/\\\/www.facebook.com\\\/OrganisatorFachmagazin\",\"https:\\\/\\\/www.linkedin.com\\\/showcase\\\/organisator-das-magazin-fr-kmu\",\"https:\\\/\\\/www.xing.com\\\/news\\\/pages\\\/organisator-ch-695\",\"https:\\\/\\\/www.youtube.com\\\/channel\\\/UCGP2Sq0iWaZwT3BdIAQFYpw\"]},{\"@type\":\"Person\",\"@id\":\"https:\\\/\\\/www.organisator.ch\\\/#\\\/schema\\\/person\\\/6f650f90b2842cd4c0cc334b4e36f67e\",\"name\":\"thomas.berner\",\"image\":{\"@type\":\"ImageObject\",\"inLanguage\":\"it-IT\",\"@id\":\"https:\\\/\\\/secure.gravatar.com\\\/avatar\\\/ac5001d2a36cb6c6cd3e50789007ffca834b477b74a2144564522e944eabff61?s=96&d=mm&r=g\",\"url\":\"https:\\\/\\\/secure.gravatar.com\\\/avatar\\\/ac5001d2a36cb6c6cd3e50789007ffca834b477b74a2144564522e944eabff61?s=96&d=mm&r=g\",\"contentUrl\":\"https:\\\/\\\/secure.gravatar.com\\\/avatar\\\/ac5001d2a36cb6c6cd3e50789007ffca834b477b74a2144564522e944eabff61?s=96&d=mm&r=g\",\"caption\":\"thomas.berner\"},\"url\":\"https:\\\/\\\/www.organisator.ch\\\/it\\\/author\\\/thomas-berner\\\/\"}]}<\/script>\n<!-- \/ Yoast SEO plugin. -->","yoast_head_json":{"title":"Portale delle conoscenze sul tema della successione aziendale - Organizzatore","description":"Nei prossimi cinque anni, pi\u00f9 di 70.000 PMI svizzere dovranno affrontare la pianificazione della successione. Il bisogno di informazioni \u00e8 di conseguenza elevato.","robots":{"index":"index","follow":"follow","max-snippet":"max-snippet:-1","max-image-preview":"max-image-preview:large","max-video-preview":"max-video-preview:-1"},"canonical":"https:\/\/www.organisator.ch\/it\/gestione-2\/2017-09-20\/wissensportal-zum-thema-unternehmensnachfolge\/","og_locale":"it_IT","og_type":"article","og_title":"Wissensportal zum Thema Unternehmensnachfolge","og_description":"In den kommenden f\u00fcnf Jahren steht bei \u00fcber 70'000 Schweizer #KMU die #Nachfolgeregelung an. Der Informationsbedarf ist entsprechend hoch.","og_url":"https:\/\/www.organisator.ch\/it\/gestione-2\/2017-09-20\/wissensportal-zum-thema-unternehmensnachfolge\/","og_site_name":"Organisator","article_publisher":"https:\/\/www.facebook.com\/OrganisatorFachmagazin","article_published_time":"2017-09-20T05:55:47+00:00","og_image":[{"width":640,"height":480,"url":"https:\/\/www.organisator.ch\/wp-content\/uploads\/2017\/09\/Wissensportal-zum-Thema-Unternehmensnachfolge_Organisator.jpg","type":"image\/jpeg"}],"author":"thomas.berner","twitter_card":"summary_large_image","twitter_title":"#Wissensportal zum Thema #Unternehmensnachfolge","twitter_description":"In den kommenden f\u00fcnf Jahren steht bei \u00fcber 70'000 Schweizer #KMU die #Nachfolgeregelung an. Der Informationsbedarf ist entsprechend hoch.","twitter_image":"https:\/\/www.organisator.ch\/wp-content\/uploads\/2017\/09\/Wissensportal-zum-Thema-Unternehmensnachfolge_Organisator.jpg","schema":{"@context":"https:\/\/schema.org","@graph":[{"@type":"Article","@id":"https:\/\/www.organisator.ch\/management\/2017-09-20\/wissensportal-zum-thema-unternehmensnachfolge\/#article","isPartOf":{"@id":"https:\/\/www.organisator.ch\/management\/2017-09-20\/wissensportal-zum-thema-unternehmensnachfolge\/"},"author":{"name":"thomas.berner","@id":"https:\/\/www.organisator.ch\/#\/schema\/person\/6f650f90b2842cd4c0cc334b4e36f67e"},"headline":"Wissensportal zum Thema Unternehmensnachfolge","datePublished":"2017-09-20T05:55:47+00:00","mainEntityOfPage":{"@id":"https:\/\/www.organisator.ch\/management\/2017-09-20\/wissensportal-zum-thema-unternehmensnachfolge\/"},"wordCount":336,"commentCount":0,"publisher":{"@id":"https:\/\/www.organisator.ch\/#organization"},"image":{"@id":"https:\/\/www.organisator.ch\/management\/2017-09-20\/wissensportal-zum-thema-unternehmensnachfolge\/#primaryimage"},"thumbnailUrl":"https:\/\/www.organisator.ch\/wp-content\/uploads\/2017\/09\/Wissensportal-zum-Thema-Unternehmensnachfolge_Organisator.jpg","keywords":["Firmennachfolge","Online","Produkte"],"articleSection":["MANAGEMENT"],"inLanguage":"it-IT"},{"@type":"WebPage","@id":"https:\/\/www.organisator.ch\/management\/2017-09-20\/wissensportal-zum-thema-unternehmensnachfolge\/","url":"https:\/\/www.organisator.ch\/management\/2017-09-20\/wissensportal-zum-thema-unternehmensnachfolge\/","name":"Portale delle conoscenze sul tema della successione aziendale - Organizzatore","isPartOf":{"@id":"https:\/\/www.organisator.ch\/#website"},"primaryImageOfPage":{"@id":"https:\/\/www.organisator.ch\/management\/2017-09-20\/wissensportal-zum-thema-unternehmensnachfolge\/#primaryimage"},"image":{"@id":"https:\/\/www.organisator.ch\/management\/2017-09-20\/wissensportal-zum-thema-unternehmensnachfolge\/#primaryimage"},"thumbnailUrl":"https:\/\/www.organisator.ch\/wp-content\/uploads\/2017\/09\/Wissensportal-zum-Thema-Unternehmensnachfolge_Organisator.jpg","datePublished":"2017-09-20T05:55:47+00:00","description":"Nei prossimi cinque anni, pi\u00f9 di 70.000 PMI svizzere dovranno affrontare la pianificazione della successione. Il bisogno di informazioni \u00e8 di conseguenza elevato.","breadcrumb":{"@id":"https:\/\/www.organisator.ch\/management\/2017-09-20\/wissensportal-zum-thema-unternehmensnachfolge\/#breadcrumb"},"inLanguage":"it-IT","potentialAction":[{"@type":"ReadAction","target":["https:\/\/www.organisator.ch\/management\/2017-09-20\/wissensportal-zum-thema-unternehmensnachfolge\/"]}]},{"@type":"ImageObject","inLanguage":"it-IT","@id":"https:\/\/www.organisator.ch\/management\/2017-09-20\/wissensportal-zum-thema-unternehmensnachfolge\/#primaryimage","url":"https:\/\/www.organisator.ch\/wp-content\/uploads\/2017\/09\/Wissensportal-zum-Thema-Unternehmensnachfolge_Organisator.jpg","contentUrl":"https:\/\/www.organisator.ch\/wp-content\/uploads\/2017\/09\/Wissensportal-zum-Thema-Unternehmensnachfolge_Organisator.jpg","width":640,"height":480,"caption":"So pr\u00e4sentiert sich das Wissensportal zur Unternehmensnachfolge von Business Transaction. (Screenshot)."},{"@type":"BreadcrumbList","@id":"https:\/\/www.organisator.ch\/management\/2017-09-20\/wissensportal-zum-thema-unternehmensnachfolge\/#breadcrumb","itemListElement":[{"@type":"ListItem","position":1,"name":"Home","item":"https:\/\/www.organisator.ch\/"},{"@type":"ListItem","position":2,"name":"Wissensportal zum Thema Unternehmensnachfolge"}]},{"@type":"WebSite","@id":"https:\/\/www.organisator.ch\/#website","url":"https:\/\/www.organisator.ch\/","name":"Organizzatore","description":"Competente. Pratico. In 10 numeri all'anno, ORGANISATOR presenta i temi essenziali per i manager delle PMI.","publisher":{"@id":"https:\/\/www.organisator.ch\/#organization"},"potentialAction":[{"@type":"SearchAction","target":{"@type":"EntryPoint","urlTemplate":"https:\/\/www.organisator.ch\/?s={search_term_string}"},"query-input":{"@type":"PropertyValueSpecification","valueRequired":true,"valueName":"search_term_string"}}],"inLanguage":"it-IT"},{"@type":"Organization","@id":"https:\/\/www.organisator.ch\/#organization","name":"Organizzatore","url":"https:\/\/www.organisator.ch\/","logo":{"@type":"ImageObject","inLanguage":"it-IT","@id":"https:\/\/www.organisator.ch\/#\/schema\/logo\/image\/","url":"https:\/\/www.organisator.ch\/wp-content\/uploads\/2022\/01\/Logo_Organisator_Website.png","contentUrl":"https:\/\/www.organisator.ch\/wp-content\/uploads\/2022\/01\/Logo_Organisator_Website.png","width":800,"height":77,"caption":"Organisator"},"image":{"@id":"https:\/\/www.organisator.ch\/#\/schema\/logo\/image\/"},"sameAs":["https:\/\/www.facebook.com\/OrganisatorFachmagazin","https:\/\/www.linkedin.com\/showcase\/organisator-das-magazin-fr-kmu","https:\/\/www.xing.com\/news\/pages\/organisator-ch-695","https:\/\/www.youtube.com\/channel\/UCGP2Sq0iWaZwT3BdIAQFYpw"]},{"@type":"Person","@id":"https:\/\/www.organisator.ch\/#\/schema\/person\/6f650f90b2842cd4c0cc334b4e36f67e","name":"Tommaso.berner","image":{"@type":"ImageObject","inLanguage":"it-IT","@id":"https:\/\/secure.gravatar.com\/avatar\/ac5001d2a36cb6c6cd3e50789007ffca834b477b74a2144564522e944eabff61?s=96&d=mm&r=g","url":"https:\/\/secure.gravatar.com\/avatar\/ac5001d2a36cb6c6cd3e50789007ffca834b477b74a2144564522e944eabff61?s=96&d=mm&r=g","contentUrl":"https:\/\/secure.gravatar.com\/avatar\/ac5001d2a36cb6c6cd3e50789007ffca834b477b74a2144564522e944eabff61?s=96&d=mm&r=g","caption":"thomas.berner"},"url":"https:\/\/www.organisator.ch\/it\/author\/thomas-berner\/"}]}},"_links":{"self":[{"href":"https:\/\/www.organisator.ch\/it\/wp-json\/wp\/v2\/posts\/2463","targetHints":{"allow":["GET"]}}],"collection":[{"href":"https:\/\/www.organisator.ch\/it\/wp-json\/wp\/v2\/posts"}],"about":[{"href":"https:\/\/www.organisator.ch\/it\/wp-json\/wp\/v2\/types\/post"}],"author":[{"embeddable":true,"href":"https:\/\/www.organisator.ch\/it\/wp-json\/wp\/v2\/users\/4"}],"replies":[{"embeddable":true,"href":"https:\/\/www.organisator.ch\/it\/wp-json\/wp\/v2\/comments?post=2463"}],"version-history":[{"count":0,"href":"https:\/\/www.organisator.ch\/it\/wp-json\/wp\/v2\/posts\/2463\/revisions"}],"wp:featuredmedia":[{"embeddable":true,"href":"https:\/\/www.organisator.ch\/it\/wp-json\/wp\/v2\/media\/2464"}],"wp:attachment":[{"href":"https:\/\/www.organisator.ch\/it\/wp-json\/wp\/v2\/media?parent=2463"}],"wp:term":[{"taxonomy":"category","embeddable":true,"href":"https:\/\/www.organisator.ch\/it\/wp-json\/wp\/v2\/categories?post=2463"},{"taxonomy":"post_tag","embeddable":true,"href":"https:\/\/www.organisator.ch\/it\/wp-json\/wp\/v2\/tags?post=2463"}],"curies":[{"name":"wp","href":"https:\/\/api.w.org\/{rel}","templated":true}]}}