{"id":24694,"date":"2024-01-31T14:21:30","date_gmt":"2024-01-31T13:21:30","guid":{"rendered":"https:\/\/www.organisator.ch\/?p=24694"},"modified":"2024-01-31T14:21:30","modified_gmt":"2024-01-31T13:21:30","slug":"lyreco-unboxed-der-groesste-b2b-nachhaltigkeits-kongress-der-schweiz","status":"publish","type":"post","link":"https:\/\/www.organisator.ch\/it\/sustainability\/2024-01-31\/lyreco-unboxed-der-groesste-b2b-nachhaltigkeits-kongress-der-schweiz\/","title":{"rendered":"Lyreco unboxed: il pi\u00f9 grande congresso B2B sulla sostenibilit\u00e0 in Svizzera"},"content":{"rendered":"<figure id=\"attachment_24695\" aria-describedby=\"caption-attachment-24695\" style=\"width: 680px\" class=\"wp-caption alignnone\"><img loading=\"lazy\" decoding=\"async\" class=\"size-full wp-image-24695\" src=\"https:\/\/www.organisator.ch\/wp-content\/uploads\/2024\/01\/Eroeffnungspanel-unboxed_low_Bild1_ps.jpg\" alt=\"\" width=\"680\" height=\"453\" srcset=\"https:\/\/www.organisator.ch\/wp-content\/uploads\/2024\/01\/Eroeffnungspanel-unboxed_low_Bild1_ps.jpg 680w, https:\/\/www.organisator.ch\/wp-content\/uploads\/2024\/01\/Eroeffnungspanel-unboxed_low_Bild1_ps-18x12.jpg 18w, https:\/\/www.organisator.ch\/wp-content\/uploads\/2024\/01\/Eroeffnungspanel-unboxed_low_Bild1_ps-375x250.jpg 375w, https:\/\/www.organisator.ch\/wp-content\/uploads\/2024\/01\/Eroeffnungspanel-unboxed_low_Bild1_ps-525x350.jpg 525w\" sizes=\"auto, (max-width: 680px) 100vw, 680px\" \/><figcaption id=\"caption-attachment-24695\" class=\"wp-caption-text\">Il 25 gennaio 2024, presso l'Umweltarena Schweiz di Spreitenbach, si \u00e8 svolto l'evento per i clienti di Lyreco Switzerland AG, all'insegna del motto \"apertamente e onestamente disimballati\". (Immagine: www.lyreco.ch)<\/figcaption><\/figure>\n<p>Negli ultimi anni Lyreco Svizzera \u00e8 sempre riuscita a stare un passo avanti in materia di sostenibilit\u00e0. Questo \u00e8 stato anche il caso dell'evento per i clienti del 25 gennaio 2024 nella Umweltarena Schweiz di Spreitenbach. Oltre 1.000 ospiti provenienti dal mondo dell'economia, della scienza e della politica hanno potuto scoprire perch\u00e9 il fallimento \u00e8 cos\u00ec importante per rendere le catene di approvvigionamento pi\u00f9 sostenibili, all'insegna del motto \"openly and honestly unpacked\".<\/p>\n<p>Come si trasforma il \"senso unico\" in un'economia veramente circolare, quali tecnologie rendono le catene di approvvigionamento pi\u00f9 efficienti e sostenibili e quali misure aiutano a prendere decisioni di acquisto consapevoli? Lyreco ha portato sul palco oltre 30 esperti che hanno davvero qualcosa da dire. Dalla scienza alla pratica imprenditoriale, dalle aziende alle start-up e dagli anziani del clima alle generazioni pi\u00f9 giovani, in una sessione, un panel o una mostra. Lyreco unboxed \u00e8 un format ricorrente che affronta il tema della sostenibilit\u00e0 in modo autentico e schietto, in tutti i formati e lungo tutta la filiera.<\/p>\n<h3><strong>Perch\u00e9 un evento di sostenibilit\u00e0 di questa portata?<\/strong><\/h3>\n<p>\"Lyreco \u00e8 impegnata da tempo sul fronte della sostenibilit\u00e0\", afferma Thomas Illi, amministratore delegato di Lyreco Switzerland AG, \"non da ultimo con il nostro impegno nell'iniziativa Science Based Target, la fornitura sostenibile e l'implementazione coerente di una strategia di prodotti ecologici, stiamo gi\u00e0 dando l'esempio per un futuro a zero emissioni\". Ora, con \"Lyreco unboxed\", il fornitore di servizi leader sta costruendo un ponte unico e onesto dalla missione \"Siamo pionieri e forniamo in modo sostenibile tutto ci\u00f2 di cui un luogo di lavoro ha bisogno, in modo che i nostri clienti possano concentrarsi sull'essenziale\". al cliente. \"Vogliamo ispirare e motivare i nostri clienti, partner e dipendenti, non con il dito puntato, ma con tanta conoscenza e divertimento!\" sottolinea ancora Thomas Illi.<\/p>\n<h3><strong>Come si realizza un evento di sostenibilit\u00e0?<\/strong><\/h3>\n<p>Lyreco allinea costantemente le sue misure alla sua visione, ed \u00e8 per questo che l'evento per i clienti di quest'anno \u00e8 stato realizzato nel modo pi\u00f9 ridotto possibile. \"Una prima analisi delle emissioni di CO<sub>2<\/sub>-Le emissioni dell'evento Unboxed hanno dimostrato che circa 90 % di emissioni sono generate nelle aree della mobilit\u00e0 e della ristorazione\", spiega Tina Kempf, \"Per questo motivo evitiamo i trasporti quando possibile e ci affidiamo a un'alimentazione vegetariana, stagionale e regionale, preferibilmente da agricoltura biologica, per il nostro concetto di ristorazione. Ma non \u00e8 tutto. Lyreco si pone i seguenti obiettivi quando organizza un evento nell'ambito della sostenibilit\u00e0:<\/p>\n<ol>\n<li>Ove possibile, evitare il trasporto o l'uso di mezzi collettivi, percorsi logistici brevi e l'uso di veicoli elettrici.<\/li>\n<li>I dipendenti si recano all'evento con i mezzi pubblici.<\/li>\n<li>Il concetto di ristorazione \u00e8 vegetariano, basato su acquisti regionali e coltivazioni biologiche. Inoltre, viene utilizzato un raggio di approvvigionamento di 40 chilometri.<\/li>\n<li>Evitare prodotti stampati in grandi tirature, utilizzare canali di comunicazione elettronici.<\/li>\n<li>L'ubicazione \u00e8 stata scelta in base a criteri di sostenibilit\u00e0, in modo che l'elettricit\u00e0 provenga da energia ecologica (energia idroelettrica, biogas, sistemi solari) dalla regione di Zurigo\/Argovia.<\/li>\n<li>L'esposizione e l'arredamento dell'evento sono 100 % riutilizzabili, quindi l'arredamento viene costantemente noleggiato e per l'esposizione vengono utilizzate le scatole riutilizzabili Lyreco, che poi vengono rimesse in circolazione come scatole per eventi per la consegna degli ordini dei clienti.<\/li>\n<li>I rifiuti inevitabili vengono accuratamente separati e smaltiti in modo appropriato o avviati al ritrattamento.<\/li>\n<li>Motivare i partecipanti a contribuire attivamente chiedendo loro di viaggiare con i mezzi pubblici.<\/li>\n<\/ol>\n<p>Il fatto che in un evento con circa 1000 ospiti le emissioni di CO<sub>2<\/sub>-Le emissioni non possono essere completamente evitate, e Lyreco ne \u00e8 consapevole: \"Le emissioni inevitabili vengono contabilizzate e investite nel progetto della foresta montana svizzera attraverso il sostegno finanziario e il volontariato aziendale\", spiega Tina Kempf.<\/p>\n<p>La sostenibilit\u00e0 \u00e8 un cambiamento che non \u00e8 banale n\u00e9 bianco o nero, per questo le catene di fornitura hanno bisogno di trasparenza e alleanze. Questo \u00e8 ci\u00f2 che offre il fornitore di soluzioni per l'ambiente di lavoro con il nuovo format \"Lyreco unboxed: openly and honestly unpacked\", dimostrando il suo impegno ad andare avanti con responsabilit\u00e0, innovazione e spirito pionieristico.<\/p>\n<p>L'evento annuale per i clienti organizzato da Lyreco Svizzera serve come piattaforma di networking ed \u00e8 tradizionalmente considerato un simbolo di ringraziamento per la collaborazione di successo. D'ora in poi, le emissioni dovranno essere ridotte anche per gli eventi di anno in anno, nell'ambito dell'iniziativa Science Based Target. A questo scopo \u00e8 stata creata una guida per gli eventi, creata sulla base di questo evento.<\/p>\n<p><em>Fonte: <a href=\"http:\/\/www.lyreco.ch\">www.lyreco.ch<\/a><\/em><\/p>","protected":false},"excerpt":{"rendered":"<p>Con il motto \"apertamente e onestamente spacchettato\", Lyreco Switzerland AG realizza per la prima volta il suo evento per i clienti in un nuovo formato, stabilendo cos\u00ec nuovi standard.<\/p>","protected":false},"author":58,"featured_media":24695,"comment_status":"closed","ping_status":"closed","sticky":false,"template":"","format":"standard","meta":{"_acf_changed":false,"_yoast_wpseo_focuskw":"Nachhaltigkeits-Kongress","_yoast_wpseo_metadesc":"Mit dem Motto \u00aboffen und ehrlich ausgepackt\u00bb realisiert Lyreco Switzerland AG ihren Kundenanlass zum ersten Mal im neuen Format.","articlekey":"","footnotes":""},"categories":[580],"tags":[67,1555,1787,424,492],"class_list":["post-24694","post","type-post","status-publish","format-standard","has-post-thumbnail","hentry","category-sustainability","tag-b2b","tag-kongress","tag-nachhaltigkeit","tag-schweiz","tag-unternehmen"],"acf":[],"yoast_head":"<!-- This site is optimized with the Yoast SEO plugin v27.5 - https:\/\/yoast.com\/product\/yoast-seo-wordpress\/ -->\n<title>Lyreco unboxed: Der gr\u00f6sste B2B Nachhaltigkeits-Kongress der Schweiz - Organisator<\/title>\n<meta name=\"description\" content=\"Mit dem Motto \u00aboffen und ehrlich ausgepackt\u00bb realisiert Lyreco Switzerland AG ihren Kundenanlass zum ersten Mal im neuen Format.\" \/>\n<meta name=\"robots\" content=\"index, follow, max-snippet:-1, max-image-preview:large, max-video-preview:-1\" \/>\n<link rel=\"canonical\" href=\"https:\/\/www.organisator.ch\/it\/sostenibilita\/2024-01-31\/lyreco-unboxed-der-groesste-b2b-nachhaltigkeits-kongress-der-schweiz\/\" \/>\n<meta property=\"og:locale\" content=\"it_IT\" \/>\n<meta property=\"og:type\" content=\"article\" \/>\n<meta property=\"og:title\" content=\"Lyreco unboxed: Der gr\u00f6sste B2B Nachhaltigkeits-Kongress der Schweiz\" \/>\n<meta property=\"og:description\" content=\"Mit dem Motto \u00aboffen und ehrlich ausgepackt\u00bb realisiert Lyreco Switzerland AG ihren Kundenanlass zum ersten Mal im neuen Format.\" \/>\n<meta property=\"og:url\" content=\"https:\/\/www.organisator.ch\/it\/sostenibilita\/2024-01-31\/lyreco-unboxed-der-groesste-b2b-nachhaltigkeits-kongress-der-schweiz\/\" \/>\n<meta property=\"og:site_name\" content=\"Organisator\" \/>\n<meta property=\"article:publisher\" content=\"https:\/\/www.facebook.com\/OrganisatorFachmagazin\" \/>\n<meta property=\"article:published_time\" content=\"2024-01-31T13:21:30+00:00\" \/>\n<meta property=\"og:image\" content=\"https:\/\/www.organisator.ch\/wp-content\/uploads\/2024\/01\/Eroeffnungspanel-unboxed_low_Bild1_ps.jpg\" \/>\n\t<meta property=\"og:image:width\" content=\"680\" \/>\n\t<meta property=\"og:image:height\" content=\"453\" \/>\n\t<meta property=\"og:image:type\" content=\"image\/jpeg\" \/>\n<meta name=\"author\" content=\"Adelisa Kalajdzini\" \/>\n<meta name=\"twitter:card\" content=\"summary_large_image\" \/>\n<meta name=\"twitter:title\" content=\"Lyreco unboxed: Der gr\u00f6sste B2B Nachhaltigkeits-Kongress der Schweiz\" \/>\n<meta name=\"twitter:description\" content=\"Mit dem #Motto #\u00aboffen und ehrlich ausgepackt\u00bb realisiert #Lyreco Switzerland AG ihren #Kundenanlass zum ersten Mal im neuen Format.\" \/>\n<meta name=\"twitter:image\" content=\"https:\/\/www.organisator.ch\/wp-content\/uploads\/2024\/01\/Eroeffnungspanel-unboxed_low_Bild1_ps.jpg\" \/>\n<script type=\"application\/ld+json\" class=\"yoast-schema-graph\">{\"@context\":\"https:\\\/\\\/schema.org\",\"@graph\":[{\"@type\":\"Article\",\"@id\":\"https:\\\/\\\/www.organisator.ch\\\/sustainability\\\/2024-01-31\\\/lyreco-unboxed-der-groesste-b2b-nachhaltigkeits-kongress-der-schweiz\\\/#article\",\"isPartOf\":{\"@id\":\"https:\\\/\\\/www.organisator.ch\\\/sustainability\\\/2024-01-31\\\/lyreco-unboxed-der-groesste-b2b-nachhaltigkeits-kongress-der-schweiz\\\/\"},\"author\":{\"name\":\"Adelisa Kalajdzini\",\"@id\":\"https:\\\/\\\/www.organisator.ch\\\/#\\\/schema\\\/person\\\/2e1314a2172123f874db408d8911d3f3\"},\"headline\":\"Lyreco unboxed: Der gr\u00f6sste B2B Nachhaltigkeits-Kongress der Schweiz\",\"datePublished\":\"2024-01-31T13:21:30+00:00\",\"mainEntityOfPage\":{\"@id\":\"https:\\\/\\\/www.organisator.ch\\\/sustainability\\\/2024-01-31\\\/lyreco-unboxed-der-groesste-b2b-nachhaltigkeits-kongress-der-schweiz\\\/\"},\"wordCount\":703,\"publisher\":{\"@id\":\"https:\\\/\\\/www.organisator.ch\\\/#organization\"},\"image\":{\"@id\":\"https:\\\/\\\/www.organisator.ch\\\/sustainability\\\/2024-01-31\\\/lyreco-unboxed-der-groesste-b2b-nachhaltigkeits-kongress-der-schweiz\\\/#primaryimage\"},\"thumbnailUrl\":\"https:\\\/\\\/www.organisator.ch\\\/wp-content\\\/uploads\\\/2024\\\/01\\\/Eroeffnungspanel-unboxed_low_Bild1_ps.jpg\",\"keywords\":[\"B2B\",\"Kongress\",\"Nachhaltigkeit\",\"Schweiz\",\"Unternehmen\"],\"articleSection\":[\"SUSTAINABILITY\"],\"inLanguage\":\"it-IT\"},{\"@type\":\"WebPage\",\"@id\":\"https:\\\/\\\/www.organisator.ch\\\/sustainability\\\/2024-01-31\\\/lyreco-unboxed-der-groesste-b2b-nachhaltigkeits-kongress-der-schweiz\\\/\",\"url\":\"https:\\\/\\\/www.organisator.ch\\\/sustainability\\\/2024-01-31\\\/lyreco-unboxed-der-groesste-b2b-nachhaltigkeits-kongress-der-schweiz\\\/\",\"name\":\"Lyreco unboxed: Der gr\u00f6sste B2B Nachhaltigkeits-Kongress der Schweiz - Organisator\",\"isPartOf\":{\"@id\":\"https:\\\/\\\/www.organisator.ch\\\/#website\"},\"primaryImageOfPage\":{\"@id\":\"https:\\\/\\\/www.organisator.ch\\\/sustainability\\\/2024-01-31\\\/lyreco-unboxed-der-groesste-b2b-nachhaltigkeits-kongress-der-schweiz\\\/#primaryimage\"},\"image\":{\"@id\":\"https:\\\/\\\/www.organisator.ch\\\/sustainability\\\/2024-01-31\\\/lyreco-unboxed-der-groesste-b2b-nachhaltigkeits-kongress-der-schweiz\\\/#primaryimage\"},\"thumbnailUrl\":\"https:\\\/\\\/www.organisator.ch\\\/wp-content\\\/uploads\\\/2024\\\/01\\\/Eroeffnungspanel-unboxed_low_Bild1_ps.jpg\",\"datePublished\":\"2024-01-31T13:21:30+00:00\",\"description\":\"Mit dem Motto \u00aboffen und ehrlich ausgepackt\u00bb realisiert Lyreco Switzerland AG ihren Kundenanlass zum ersten Mal im neuen Format.\",\"breadcrumb\":{\"@id\":\"https:\\\/\\\/www.organisator.ch\\\/sustainability\\\/2024-01-31\\\/lyreco-unboxed-der-groesste-b2b-nachhaltigkeits-kongress-der-schweiz\\\/#breadcrumb\"},\"inLanguage\":\"it-IT\",\"potentialAction\":[{\"@type\":\"ReadAction\",\"target\":[\"https:\\\/\\\/www.organisator.ch\\\/sustainability\\\/2024-01-31\\\/lyreco-unboxed-der-groesste-b2b-nachhaltigkeits-kongress-der-schweiz\\\/\"]}]},{\"@type\":\"ImageObject\",\"inLanguage\":\"it-IT\",\"@id\":\"https:\\\/\\\/www.organisator.ch\\\/sustainability\\\/2024-01-31\\\/lyreco-unboxed-der-groesste-b2b-nachhaltigkeits-kongress-der-schweiz\\\/#primaryimage\",\"url\":\"https:\\\/\\\/www.organisator.ch\\\/wp-content\\\/uploads\\\/2024\\\/01\\\/Eroeffnungspanel-unboxed_low_Bild1_ps.jpg\",\"contentUrl\":\"https:\\\/\\\/www.organisator.ch\\\/wp-content\\\/uploads\\\/2024\\\/01\\\/Eroeffnungspanel-unboxed_low_Bild1_ps.jpg\",\"width\":680,\"height\":453,\"caption\":\"Am 25. Januar 2024 fand der Kundenanlass von Lyreco Switzerland AG mit dem Motto \u00aboffen und ehrlich ausgepackt\u00bb in der Umweltarena Schweiz in Spreitenbach statt. (Bild: www.lyreco.ch)\"},{\"@type\":\"BreadcrumbList\",\"@id\":\"https:\\\/\\\/www.organisator.ch\\\/sustainability\\\/2024-01-31\\\/lyreco-unboxed-der-groesste-b2b-nachhaltigkeits-kongress-der-schweiz\\\/#breadcrumb\",\"itemListElement\":[{\"@type\":\"ListItem\",\"position\":1,\"name\":\"Home\",\"item\":\"https:\\\/\\\/www.organisator.ch\\\/\"},{\"@type\":\"ListItem\",\"position\":2,\"name\":\"Lyreco unboxed: Der gr\u00f6sste B2B Nachhaltigkeits-Kongress der Schweiz\"}]},{\"@type\":\"WebSite\",\"@id\":\"https:\\\/\\\/www.organisator.ch\\\/#website\",\"url\":\"https:\\\/\\\/www.organisator.ch\\\/\",\"name\":\"Organisator\",\"description\":\"Kompetent. Praxisnah. Der ORGANISATOR bereitet in 10 Ausgaben pro Jahr die wesentlichen Themen f\u00fcr F\u00fchrungskr\u00e4fte von KMU auf.\",\"publisher\":{\"@id\":\"https:\\\/\\\/www.organisator.ch\\\/#organization\"},\"potentialAction\":[{\"@type\":\"SearchAction\",\"target\":{\"@type\":\"EntryPoint\",\"urlTemplate\":\"https:\\\/\\\/www.organisator.ch\\\/?s={search_term_string}\"},\"query-input\":{\"@type\":\"PropertyValueSpecification\",\"valueRequired\":true,\"valueName\":\"search_term_string\"}}],\"inLanguage\":\"it-IT\"},{\"@type\":\"Organization\",\"@id\":\"https:\\\/\\\/www.organisator.ch\\\/#organization\",\"name\":\"Organisator\",\"url\":\"https:\\\/\\\/www.organisator.ch\\\/\",\"logo\":{\"@type\":\"ImageObject\",\"inLanguage\":\"it-IT\",\"@id\":\"https:\\\/\\\/www.organisator.ch\\\/#\\\/schema\\\/logo\\\/image\\\/\",\"url\":\"https:\\\/\\\/www.organisator.ch\\\/wp-content\\\/uploads\\\/2022\\\/01\\\/Logo_Organisator_Website.png\",\"contentUrl\":\"https:\\\/\\\/www.organisator.ch\\\/wp-content\\\/uploads\\\/2022\\\/01\\\/Logo_Organisator_Website.png\",\"width\":800,\"height\":77,\"caption\":\"Organisator\"},\"image\":{\"@id\":\"https:\\\/\\\/www.organisator.ch\\\/#\\\/schema\\\/logo\\\/image\\\/\"},\"sameAs\":[\"https:\\\/\\\/www.facebook.com\\\/OrganisatorFachmagazin\",\"https:\\\/\\\/www.linkedin.com\\\/showcase\\\/organisator-das-magazin-fr-kmu\",\"https:\\\/\\\/www.xing.com\\\/news\\\/pages\\\/organisator-ch-695\",\"https:\\\/\\\/www.youtube.com\\\/channel\\\/UCGP2Sq0iWaZwT3BdIAQFYpw\"]},{\"@type\":\"Person\",\"@id\":\"https:\\\/\\\/www.organisator.ch\\\/#\\\/schema\\\/person\\\/2e1314a2172123f874db408d8911d3f3\",\"name\":\"Adelisa Kalajdzini\",\"image\":{\"@type\":\"ImageObject\",\"inLanguage\":\"it-IT\",\"@id\":\"https:\\\/\\\/secure.gravatar.com\\\/avatar\\\/09a397c22ac58cad6f160ee8306348599df9df58a8ede73696226897b9fa4b24?s=96&d=mm&r=g\",\"url\":\"https:\\\/\\\/secure.gravatar.com\\\/avatar\\\/09a397c22ac58cad6f160ee8306348599df9df58a8ede73696226897b9fa4b24?s=96&d=mm&r=g\",\"contentUrl\":\"https:\\\/\\\/secure.gravatar.com\\\/avatar\\\/09a397c22ac58cad6f160ee8306348599df9df58a8ede73696226897b9fa4b24?s=96&d=mm&r=g\",\"caption\":\"Adelisa Kalajdzini\"},\"url\":\"https:\\\/\\\/www.organisator.ch\\\/it\\\/author\\\/adelisa-kalajdzini\\\/\"}]}<\/script>\n<!-- \/ Yoast SEO plugin. -->","yoast_head_json":{"title":"Lyreco unboxed: il pi\u00f9 grande congresso B2B sulla sostenibilit\u00e0 in Svizzera - Organizzatore","description":"Con il motto \"apertamente e onestamente spacchettato\", Lyreco Switzerland AG realizza per la prima volta il suo evento per i clienti in un nuovo formato.","robots":{"index":"index","follow":"follow","max-snippet":"max-snippet:-1","max-image-preview":"max-image-preview:large","max-video-preview":"max-video-preview:-1"},"canonical":"https:\/\/www.organisator.ch\/it\/sostenibilita\/2024-01-31\/lyreco-unboxed-der-groesste-b2b-nachhaltigkeits-kongress-der-schweiz\/","og_locale":"it_IT","og_type":"article","og_title":"Lyreco unboxed: Der gr\u00f6sste B2B Nachhaltigkeits-Kongress der Schweiz","og_description":"Mit dem Motto \u00aboffen und ehrlich ausgepackt\u00bb realisiert Lyreco Switzerland AG ihren Kundenanlass zum ersten Mal im neuen Format.","og_url":"https:\/\/www.organisator.ch\/it\/sostenibilita\/2024-01-31\/lyreco-unboxed-der-groesste-b2b-nachhaltigkeits-kongress-der-schweiz\/","og_site_name":"Organisator","article_publisher":"https:\/\/www.facebook.com\/OrganisatorFachmagazin","article_published_time":"2024-01-31T13:21:30+00:00","og_image":[{"width":680,"height":453,"url":"https:\/\/www.organisator.ch\/wp-content\/uploads\/2024\/01\/Eroeffnungspanel-unboxed_low_Bild1_ps.jpg","type":"image\/jpeg"}],"author":"Adelisa Kalajdzini","twitter_card":"summary_large_image","twitter_title":"Lyreco unboxed: Der gr\u00f6sste B2B Nachhaltigkeits-Kongress der Schweiz","twitter_description":"Mit dem #Motto #\u00aboffen und ehrlich ausgepackt\u00bb realisiert #Lyreco Switzerland AG ihren #Kundenanlass zum ersten Mal im neuen Format.","twitter_image":"https:\/\/www.organisator.ch\/wp-content\/uploads\/2024\/01\/Eroeffnungspanel-unboxed_low_Bild1_ps.jpg","schema":{"@context":"https:\/\/schema.org","@graph":[{"@type":"Article","@id":"https:\/\/www.organisator.ch\/sustainability\/2024-01-31\/lyreco-unboxed-der-groesste-b2b-nachhaltigkeits-kongress-der-schweiz\/#article","isPartOf":{"@id":"https:\/\/www.organisator.ch\/sustainability\/2024-01-31\/lyreco-unboxed-der-groesste-b2b-nachhaltigkeits-kongress-der-schweiz\/"},"author":{"name":"Adelisa Kalajdzini","@id":"https:\/\/www.organisator.ch\/#\/schema\/person\/2e1314a2172123f874db408d8911d3f3"},"headline":"Lyreco unboxed: Der gr\u00f6sste B2B Nachhaltigkeits-Kongress der Schweiz","datePublished":"2024-01-31T13:21:30+00:00","mainEntityOfPage":{"@id":"https:\/\/www.organisator.ch\/sustainability\/2024-01-31\/lyreco-unboxed-der-groesste-b2b-nachhaltigkeits-kongress-der-schweiz\/"},"wordCount":703,"publisher":{"@id":"https:\/\/www.organisator.ch\/#organization"},"image":{"@id":"https:\/\/www.organisator.ch\/sustainability\/2024-01-31\/lyreco-unboxed-der-groesste-b2b-nachhaltigkeits-kongress-der-schweiz\/#primaryimage"},"thumbnailUrl":"https:\/\/www.organisator.ch\/wp-content\/uploads\/2024\/01\/Eroeffnungspanel-unboxed_low_Bild1_ps.jpg","keywords":["B2B","Kongress","Nachhaltigkeit","Schweiz","Unternehmen"],"articleSection":["SUSTAINABILITY"],"inLanguage":"it-IT"},{"@type":"WebPage","@id":"https:\/\/www.organisator.ch\/sustainability\/2024-01-31\/lyreco-unboxed-der-groesste-b2b-nachhaltigkeits-kongress-der-schweiz\/","url":"https:\/\/www.organisator.ch\/sustainability\/2024-01-31\/lyreco-unboxed-der-groesste-b2b-nachhaltigkeits-kongress-der-schweiz\/","name":"Lyreco unboxed: il pi\u00f9 grande congresso B2B sulla sostenibilit\u00e0 in Svizzera - Organizzatore","isPartOf":{"@id":"https:\/\/www.organisator.ch\/#website"},"primaryImageOfPage":{"@id":"https:\/\/www.organisator.ch\/sustainability\/2024-01-31\/lyreco-unboxed-der-groesste-b2b-nachhaltigkeits-kongress-der-schweiz\/#primaryimage"},"image":{"@id":"https:\/\/www.organisator.ch\/sustainability\/2024-01-31\/lyreco-unboxed-der-groesste-b2b-nachhaltigkeits-kongress-der-schweiz\/#primaryimage"},"thumbnailUrl":"https:\/\/www.organisator.ch\/wp-content\/uploads\/2024\/01\/Eroeffnungspanel-unboxed_low_Bild1_ps.jpg","datePublished":"2024-01-31T13:21:30+00:00","description":"Con il motto \"apertamente e onestamente spacchettato\", Lyreco Switzerland AG realizza per la prima volta il suo evento per i clienti in un nuovo formato.","breadcrumb":{"@id":"https:\/\/www.organisator.ch\/sustainability\/2024-01-31\/lyreco-unboxed-der-groesste-b2b-nachhaltigkeits-kongress-der-schweiz\/#breadcrumb"},"inLanguage":"it-IT","potentialAction":[{"@type":"ReadAction","target":["https:\/\/www.organisator.ch\/sustainability\/2024-01-31\/lyreco-unboxed-der-groesste-b2b-nachhaltigkeits-kongress-der-schweiz\/"]}]},{"@type":"ImageObject","inLanguage":"it-IT","@id":"https:\/\/www.organisator.ch\/sustainability\/2024-01-31\/lyreco-unboxed-der-groesste-b2b-nachhaltigkeits-kongress-der-schweiz\/#primaryimage","url":"https:\/\/www.organisator.ch\/wp-content\/uploads\/2024\/01\/Eroeffnungspanel-unboxed_low_Bild1_ps.jpg","contentUrl":"https:\/\/www.organisator.ch\/wp-content\/uploads\/2024\/01\/Eroeffnungspanel-unboxed_low_Bild1_ps.jpg","width":680,"height":453,"caption":"Am 25. Januar 2024 fand der Kundenanlass von Lyreco Switzerland AG mit dem Motto \u00aboffen und ehrlich ausgepackt\u00bb in der Umweltarena Schweiz in Spreitenbach statt. (Bild: www.lyreco.ch)"},{"@type":"BreadcrumbList","@id":"https:\/\/www.organisator.ch\/sustainability\/2024-01-31\/lyreco-unboxed-der-groesste-b2b-nachhaltigkeits-kongress-der-schweiz\/#breadcrumb","itemListElement":[{"@type":"ListItem","position":1,"name":"Home","item":"https:\/\/www.organisator.ch\/"},{"@type":"ListItem","position":2,"name":"Lyreco unboxed: Der gr\u00f6sste B2B Nachhaltigkeits-Kongress der Schweiz"}]},{"@type":"WebSite","@id":"https:\/\/www.organisator.ch\/#website","url":"https:\/\/www.organisator.ch\/","name":"Organizzatore","description":"Competente. Pratico. In 10 numeri all'anno, ORGANISATOR presenta i temi essenziali per i manager delle PMI.","publisher":{"@id":"https:\/\/www.organisator.ch\/#organization"},"potentialAction":[{"@type":"SearchAction","target":{"@type":"EntryPoint","urlTemplate":"https:\/\/www.organisator.ch\/?s={search_term_string}"},"query-input":{"@type":"PropertyValueSpecification","valueRequired":true,"valueName":"search_term_string"}}],"inLanguage":"it-IT"},{"@type":"Organization","@id":"https:\/\/www.organisator.ch\/#organization","name":"Organizzatore","url":"https:\/\/www.organisator.ch\/","logo":{"@type":"ImageObject","inLanguage":"it-IT","@id":"https:\/\/www.organisator.ch\/#\/schema\/logo\/image\/","url":"https:\/\/www.organisator.ch\/wp-content\/uploads\/2022\/01\/Logo_Organisator_Website.png","contentUrl":"https:\/\/www.organisator.ch\/wp-content\/uploads\/2022\/01\/Logo_Organisator_Website.png","width":800,"height":77,"caption":"Organisator"},"image":{"@id":"https:\/\/www.organisator.ch\/#\/schema\/logo\/image\/"},"sameAs":["https:\/\/www.facebook.com\/OrganisatorFachmagazin","https:\/\/www.linkedin.com\/showcase\/organisator-das-magazin-fr-kmu","https:\/\/www.xing.com\/news\/pages\/organisator-ch-695","https:\/\/www.youtube.com\/channel\/UCGP2Sq0iWaZwT3BdIAQFYpw"]},{"@type":"Person","@id":"https:\/\/www.organisator.ch\/#\/schema\/person\/2e1314a2172123f874db408d8911d3f3","name":"Adelisa Kalajdzini","image":{"@type":"ImageObject","inLanguage":"it-IT","@id":"https:\/\/secure.gravatar.com\/avatar\/09a397c22ac58cad6f160ee8306348599df9df58a8ede73696226897b9fa4b24?s=96&d=mm&r=g","url":"https:\/\/secure.gravatar.com\/avatar\/09a397c22ac58cad6f160ee8306348599df9df58a8ede73696226897b9fa4b24?s=96&d=mm&r=g","contentUrl":"https:\/\/secure.gravatar.com\/avatar\/09a397c22ac58cad6f160ee8306348599df9df58a8ede73696226897b9fa4b24?s=96&d=mm&r=g","caption":"Adelisa Kalajdzini"},"url":"https:\/\/www.organisator.ch\/it\/author\/adelisa-kalajdzini\/"}]}},"_links":{"self":[{"href":"https:\/\/www.organisator.ch\/it\/wp-json\/wp\/v2\/posts\/24694","targetHints":{"allow":["GET"]}}],"collection":[{"href":"https:\/\/www.organisator.ch\/it\/wp-json\/wp\/v2\/posts"}],"about":[{"href":"https:\/\/www.organisator.ch\/it\/wp-json\/wp\/v2\/types\/post"}],"author":[{"embeddable":true,"href":"https:\/\/www.organisator.ch\/it\/wp-json\/wp\/v2\/users\/58"}],"replies":[{"embeddable":true,"href":"https:\/\/www.organisator.ch\/it\/wp-json\/wp\/v2\/comments?post=24694"}],"version-history":[{"count":5,"href":"https:\/\/www.organisator.ch\/it\/wp-json\/wp\/v2\/posts\/24694\/revisions"}],"predecessor-version":[{"id":24723,"href":"https:\/\/www.organisator.ch\/it\/wp-json\/wp\/v2\/posts\/24694\/revisions\/24723"}],"wp:featuredmedia":[{"embeddable":true,"href":"https:\/\/www.organisator.ch\/it\/wp-json\/wp\/v2\/media\/24695"}],"wp:attachment":[{"href":"https:\/\/www.organisator.ch\/it\/wp-json\/wp\/v2\/media?parent=24694"}],"wp:term":[{"taxonomy":"category","embeddable":true,"href":"https:\/\/www.organisator.ch\/it\/wp-json\/wp\/v2\/categories?post=24694"},{"taxonomy":"post_tag","embeddable":true,"href":"https:\/\/www.organisator.ch\/it\/wp-json\/wp\/v2\/tags?post=24694"}],"curies":[{"name":"wp","href":"https:\/\/api.w.org\/{rel}","templated":true}]}}