{"id":24724,"date":"2024-02-01T09:10:56","date_gmt":"2024-02-01T08:10:56","guid":{"rendered":"https:\/\/www.organisator.ch\/?p=24724"},"modified":"2024-02-09T07:19:59","modified_gmt":"2024-02-09T06:19:59","slug":"internationales-alpensymposium-erfolgreiche-neuauflage","status":"publish","type":"post","link":"https:\/\/www.organisator.ch\/it\/management\/2024-02-01\/internationales-alpensymposium-erfolgreiche-neuauflage\/","title":{"rendered":"Simposio Internazionale delle Alpi: una nuova edizione di successo"},"content":{"rendered":"<figure id=\"attachment_24725\" aria-describedby=\"caption-attachment-24725\" style=\"width: 680px\" class=\"wp-caption alignnone\"><img loading=\"lazy\" decoding=\"async\" class=\"size-full wp-image-24725\" src=\"https:\/\/www.organisator.ch\/wp-content\/uploads\/2024\/02\/Internationales-Alpensymposium-Erfolgreiche-Neuauflage_Organisator.jpg\" alt=\"\" width=\"680\" height=\"419\" srcset=\"https:\/\/www.organisator.ch\/wp-content\/uploads\/2024\/02\/Internationales-Alpensymposium-Erfolgreiche-Neuauflage_Organisator.jpg 680w, https:\/\/www.organisator.ch\/wp-content\/uploads\/2024\/02\/Internationales-Alpensymposium-Erfolgreiche-Neuauflage_Organisator-18x12.jpg 18w, https:\/\/www.organisator.ch\/wp-content\/uploads\/2024\/02\/Internationales-Alpensymposium-Erfolgreiche-Neuauflage_Organisator-375x231.jpg 375w, https:\/\/www.organisator.ch\/wp-content\/uploads\/2024\/02\/Internationales-Alpensymposium-Erfolgreiche-Neuauflage_Organisator-568x350.jpg 568w\" sizes=\"auto, (max-width: 680px) 100vw, 680px\" \/><figcaption id=\"caption-attachment-24725\" class=\"wp-caption-text\">Le star del Simposio delle Alpi: Boris Becker e Joschka Fischer. (Immagine: Tobias Sutter \/ Alpensymposium)<\/figcaption><\/figure>\n<p>I frequentatori di lunga data del Simposio delle Alpi avranno notato che il 30 e 31 gennaio 2024, presso il bellissimo Hotel Victoria-Jungfrau di Interlaken, i visitatori dei due giorni di simposio sono stati meno numerosi rispetto al \"periodo d'oro\" precedente alla pandemia di coronavirus. Tuttavia, i partecipanti hanno potuto godere di un programma vario e ricco di argomenti di attualit\u00e0: l'intelligenza artificiale, la cultura della cancellazione, le opportunit\u00e0 e i limiti della ChatGPT, la scoperta di nuove tendenze e il superamento delle crisi.<\/p>\n<h3>Un mix collaudato di argomenti<\/h3>\n<p>A questo proposito, l'Alpensymposium \u00e8 rimasto fedele alle sue ricette collaudate e di successo sotto la nuova gestione: tavole rotonde e presentazioni di persone che hanno qualcosa da dire sui loro argomenti principali. Il futurista Magnus Lindquist, ad esempio, ha dato consigli su come prepararsi alle incertezze del futuro, mentre l'ex presidente della FCB Bernhard Heusler ha condiviso con il pubblico le sue esperienze di leader. E naturalmente non \u00e8 mancato un po' di colore locale: Urs Kessler, CEO delle Ferrovie della Jungfrau, ha presentato con orgoglio l'ultima realizzazione della \"V-Cableway\", che porta gli ospiti allo Jungfraujoch ancora pi\u00f9 velocemente, e Marc A. Trauffer ha affermato, in una tavola rotonda sul contrasto tra IA e creativit\u00e0, che i computer non possono riprodurre l'emotivit\u00e0 della musica.<\/p>\n<h3>Celebrit\u00e0 internazionali<\/h3>\n<p>Ma anche i temi politici non sono mancati al tradizionale evento manageriale di Interlaken. Ad esempio, l'attivista afghana per i diritti civili e delle donne Zarifa Ghafari, che vive in esilio in Germania, ha parlato della sua lotta contro i mullah. L'ex ministro degli Esteri tedesco Joschka Fischer ha parlato delle attuali questioni politiche globali, in particolare della guerra in Ucraina. Tuttavia, non ha voluto dare alcun consiglio alla Svizzera, ad esempio sulla neutralit\u00e0. \"La Svizzera non ha bisogno dei nostri consigli. Reagisce in modo molto sensibile ai consigli provenienti dall'esterno\", ha dichiarato l'anziano statista.<\/p>\n<p>La star di punta accanto a Fischer era un altro tedesco: la leggenda del tennis Boris Becker. Il pi\u00f9 giovane vincitore di Wimbledon di tutti i tempi ha risposto alle domande del presentatore Florian Inhauser sugli alti e bassi della sua vita fino ad oggi, in modo bonario e visibilmente rilassato. L'applauso finale ha dimostrato che Becker ha ancora molti fan in Svizzera.<\/p>\n<p>L'unica nota negativa della due giorni \u00e8 stata la cancellazione con breve preavviso di Eugene Chaplin, figlio di Charlie Chaplin, che ha dovuto annullare il suo viaggio a Interlaken a causa di una malattia legata a Covid. La sera del primo giorno del congresso si \u00e8 perso l'esibizione della cover band svedese \"ABBA Gold\", che ha incitato il pubblico con i successi dei suoi idoli.<\/p>\n<h3><strong>Simposio Alpino Internazionale: \"Il rocker degli incontri d'affari\".<\/strong><\/h3>\n<p>Nel complesso, gli organizzatori sono stati molto soddisfatti del simposio, che si \u00e8 svolto per la prima volta sotto la loro guida. \"La risposta dei partecipanti \u00e8 stata molto buona e il sostegno ricevuto dal settore pubblico e dai nostri sponsor \u00e8 stato fantastico\", afferma Thomas D\u00fcrr del team di gestione. \"Stiamo gi\u00e0 guardando al prossimo Simposio delle Alpi nel 2025\". E la sua co-leader Iris Huggler \u00e8 sicura di s\u00e9: \"Siamo i rocker degli incontri d'affari\". La conclusione personale di un visitatore: \"Simposio Alpino Internazionale - come se non fosse mai stato via...\".<\/p>\n<p><em>Ulteriori informazioni: <a href=\"https:\/\/alpensymposium.ch\/\">www.alpensymposium.ch<\/a><\/em><\/p>","protected":false},"excerpt":{"rendered":"<p>La nuova direzione del Simposio alpino internazionale ha rilanciato con successo l'evento. Pi\u00f9 di 200 partecipanti al giorno hanno partecipato al congresso, che si \u00e8 svolto all'insegna del motto \"Showing your face\". Le star del simposio sono state l'ex ministro degli Esteri tedesco Joschka Fischer e la leggenda del tennis tedesco Boris Becker. <\/p>","protected":false},"author":4,"featured_media":24725,"comment_status":"closed","ping_status":"closed","sticky":false,"template":"","format":"standard","meta":{"_acf_changed":false,"_yoast_wpseo_focuskw":"Internationales Alpensymposium","_yoast_wpseo_metadesc":"Internationales Alpensymposium vermeldet erfolgreichen Relaunch: \u00dcber 200 Besucher kamen am 30.\/31. Januar nach Interlaken.","articlekey":"","footnotes":""},"categories":[28],"tags":[3556,193,339],"class_list":["post-24724","post","type-post","status-publish","format-standard","has-post-thumbnail","hentry","category-management","tag-alpensymposium","tag-fachkongressfachmesse","tag-marketing"],"acf":[],"yoast_head":"<!-- This site is optimized with the Yoast SEO plugin v27.5 - https:\/\/yoast.com\/product\/yoast-seo-wordpress\/ -->\n<title>Internationales Alpensymposium: Erfolgreiche Neuauflage - Organisator<\/title>\n<meta name=\"description\" content=\"Internationales Alpensymposium vermeldet erfolgreichen Relaunch: \u00dcber 200 Besucher kamen am 30.\/31. Januar nach Interlaken.\" \/>\n<meta name=\"robots\" content=\"index, follow, max-snippet:-1, max-image-preview:large, max-video-preview:-1\" \/>\n<link rel=\"canonical\" href=\"https:\/\/www.organisator.ch\/it\/gestione-2\/2024-02-01\/internationales-alpensymposium-erfolgreiche-neuauflage\/\" \/>\n<meta property=\"og:locale\" content=\"it_IT\" \/>\n<meta property=\"og:type\" content=\"article\" \/>\n<meta property=\"og:title\" content=\"Internationales Alpensymposium: Erfolgreiche Neuauflage\" \/>\n<meta property=\"og:description\" content=\"Internationales Alpensymposium vermeldet erfolgreichen Relaunch: \u00dcber 200 Besucher kamen am 30.\/31. Januar nach Interlaken.\" \/>\n<meta property=\"og:url\" content=\"https:\/\/www.organisator.ch\/it\/gestione-2\/2024-02-01\/internationales-alpensymposium-erfolgreiche-neuauflage\/\" \/>\n<meta property=\"og:site_name\" content=\"Organisator\" \/>\n<meta property=\"article:publisher\" content=\"https:\/\/www.facebook.com\/OrganisatorFachmagazin\" \/>\n<meta property=\"article:published_time\" content=\"2024-02-01T08:10:56+00:00\" \/>\n<meta property=\"article:modified_time\" content=\"2024-02-09T06:19:59+00:00\" \/>\n<meta property=\"og:image\" content=\"https:\/\/www.organisator.ch\/wp-content\/uploads\/2024\/02\/Internationales-Alpensymposium-Erfolgreiche-Neuauflage_Organisator.jpg\" \/>\n\t<meta property=\"og:image:width\" content=\"680\" \/>\n\t<meta property=\"og:image:height\" content=\"419\" \/>\n\t<meta property=\"og:image:type\" content=\"image\/jpeg\" \/>\n<meta name=\"author\" content=\"thomas.berner\" \/>\n<meta name=\"twitter:card\" content=\"summary_large_image\" \/>\n<meta name=\"twitter:title\" content=\"Internationales #Alpensymposium: Erfolgreiche #Neuauflage\" \/>\n<meta name=\"twitter:description\" content=\"Internationales #Alpensymposium vermeldet erfolgreichen #Relaunch: \u00dcber 200 Besucher kamen am 30.\/31. Januar nach Interlaken.\" \/>\n<meta name=\"twitter:image\" content=\"https:\/\/www.organisator.ch\/wp-content\/uploads\/2024\/02\/Internationales-Alpensymposium-Erfolgreiche-Neuauflage_Organisator.jpg\" \/>\n<script type=\"application\/ld+json\" class=\"yoast-schema-graph\">{\"@context\":\"https:\\\/\\\/schema.org\",\"@graph\":[{\"@type\":\"Article\",\"@id\":\"https:\\\/\\\/www.organisator.ch\\\/management\\\/2024-02-01\\\/internationales-alpensymposium-erfolgreiche-neuauflage\\\/#article\",\"isPartOf\":{\"@id\":\"https:\\\/\\\/www.organisator.ch\\\/management\\\/2024-02-01\\\/internationales-alpensymposium-erfolgreiche-neuauflage\\\/\"},\"author\":{\"name\":\"thomas.berner\",\"@id\":\"https:\\\/\\\/www.organisator.ch\\\/#\\\/schema\\\/person\\\/6f650f90b2842cd4c0cc334b4e36f67e\"},\"headline\":\"Internationales Alpensymposium: Erfolgreiche Neuauflage\",\"datePublished\":\"2024-02-01T08:10:56+00:00\",\"dateModified\":\"2024-02-09T06:19:59+00:00\",\"mainEntityOfPage\":{\"@id\":\"https:\\\/\\\/www.organisator.ch\\\/management\\\/2024-02-01\\\/internationales-alpensymposium-erfolgreiche-neuauflage\\\/\"},\"wordCount\":513,\"publisher\":{\"@id\":\"https:\\\/\\\/www.organisator.ch\\\/#organization\"},\"image\":{\"@id\":\"https:\\\/\\\/www.organisator.ch\\\/management\\\/2024-02-01\\\/internationales-alpensymposium-erfolgreiche-neuauflage\\\/#primaryimage\"},\"thumbnailUrl\":\"https:\\\/\\\/www.organisator.ch\\\/wp-content\\\/uploads\\\/2024\\\/02\\\/Internationales-Alpensymposium-Erfolgreiche-Neuauflage_Organisator.jpg\",\"keywords\":[\"Alpensymposium\",\"Fachkongress\\\/Fachmesse\",\"Marketing\"],\"articleSection\":[\"MANAGEMENT\"],\"inLanguage\":\"it-IT\"},{\"@type\":\"WebPage\",\"@id\":\"https:\\\/\\\/www.organisator.ch\\\/management\\\/2024-02-01\\\/internationales-alpensymposium-erfolgreiche-neuauflage\\\/\",\"url\":\"https:\\\/\\\/www.organisator.ch\\\/management\\\/2024-02-01\\\/internationales-alpensymposium-erfolgreiche-neuauflage\\\/\",\"name\":\"Internationales Alpensymposium: Erfolgreiche Neuauflage - Organisator\",\"isPartOf\":{\"@id\":\"https:\\\/\\\/www.organisator.ch\\\/#website\"},\"primaryImageOfPage\":{\"@id\":\"https:\\\/\\\/www.organisator.ch\\\/management\\\/2024-02-01\\\/internationales-alpensymposium-erfolgreiche-neuauflage\\\/#primaryimage\"},\"image\":{\"@id\":\"https:\\\/\\\/www.organisator.ch\\\/management\\\/2024-02-01\\\/internationales-alpensymposium-erfolgreiche-neuauflage\\\/#primaryimage\"},\"thumbnailUrl\":\"https:\\\/\\\/www.organisator.ch\\\/wp-content\\\/uploads\\\/2024\\\/02\\\/Internationales-Alpensymposium-Erfolgreiche-Neuauflage_Organisator.jpg\",\"datePublished\":\"2024-02-01T08:10:56+00:00\",\"dateModified\":\"2024-02-09T06:19:59+00:00\",\"description\":\"Internationales Alpensymposium vermeldet erfolgreichen Relaunch: \u00dcber 200 Besucher kamen am 30.\\\/31. Januar nach Interlaken.\",\"breadcrumb\":{\"@id\":\"https:\\\/\\\/www.organisator.ch\\\/management\\\/2024-02-01\\\/internationales-alpensymposium-erfolgreiche-neuauflage\\\/#breadcrumb\"},\"inLanguage\":\"it-IT\",\"potentialAction\":[{\"@type\":\"ReadAction\",\"target\":[\"https:\\\/\\\/www.organisator.ch\\\/management\\\/2024-02-01\\\/internationales-alpensymposium-erfolgreiche-neuauflage\\\/\"]}]},{\"@type\":\"ImageObject\",\"inLanguage\":\"it-IT\",\"@id\":\"https:\\\/\\\/www.organisator.ch\\\/management\\\/2024-02-01\\\/internationales-alpensymposium-erfolgreiche-neuauflage\\\/#primaryimage\",\"url\":\"https:\\\/\\\/www.organisator.ch\\\/wp-content\\\/uploads\\\/2024\\\/02\\\/Internationales-Alpensymposium-Erfolgreiche-Neuauflage_Organisator.jpg\",\"contentUrl\":\"https:\\\/\\\/www.organisator.ch\\\/wp-content\\\/uploads\\\/2024\\\/02\\\/Internationales-Alpensymposium-Erfolgreiche-Neuauflage_Organisator.jpg\",\"width\":680,\"height\":419,\"caption\":\"Waren die Stars am Alpensymposium: Boris Becker und Joschka Fischer. (Bild: Tobias Sutter \\\/ Alpensymposium)\"},{\"@type\":\"BreadcrumbList\",\"@id\":\"https:\\\/\\\/www.organisator.ch\\\/management\\\/2024-02-01\\\/internationales-alpensymposium-erfolgreiche-neuauflage\\\/#breadcrumb\",\"itemListElement\":[{\"@type\":\"ListItem\",\"position\":1,\"name\":\"Home\",\"item\":\"https:\\\/\\\/www.organisator.ch\\\/\"},{\"@type\":\"ListItem\",\"position\":2,\"name\":\"Internationales Alpensymposium: Erfolgreiche Neuauflage\"}]},{\"@type\":\"WebSite\",\"@id\":\"https:\\\/\\\/www.organisator.ch\\\/#website\",\"url\":\"https:\\\/\\\/www.organisator.ch\\\/\",\"name\":\"Organisator\",\"description\":\"Kompetent. Praxisnah. Der ORGANISATOR bereitet in 10 Ausgaben pro Jahr die wesentlichen Themen f\u00fcr F\u00fchrungskr\u00e4fte von KMU auf.\",\"publisher\":{\"@id\":\"https:\\\/\\\/www.organisator.ch\\\/#organization\"},\"potentialAction\":[{\"@type\":\"SearchAction\",\"target\":{\"@type\":\"EntryPoint\",\"urlTemplate\":\"https:\\\/\\\/www.organisator.ch\\\/?s={search_term_string}\"},\"query-input\":{\"@type\":\"PropertyValueSpecification\",\"valueRequired\":true,\"valueName\":\"search_term_string\"}}],\"inLanguage\":\"it-IT\"},{\"@type\":\"Organization\",\"@id\":\"https:\\\/\\\/www.organisator.ch\\\/#organization\",\"name\":\"Organisator\",\"url\":\"https:\\\/\\\/www.organisator.ch\\\/\",\"logo\":{\"@type\":\"ImageObject\",\"inLanguage\":\"it-IT\",\"@id\":\"https:\\\/\\\/www.organisator.ch\\\/#\\\/schema\\\/logo\\\/image\\\/\",\"url\":\"https:\\\/\\\/www.organisator.ch\\\/wp-content\\\/uploads\\\/2022\\\/01\\\/Logo_Organisator_Website.png\",\"contentUrl\":\"https:\\\/\\\/www.organisator.ch\\\/wp-content\\\/uploads\\\/2022\\\/01\\\/Logo_Organisator_Website.png\",\"width\":800,\"height\":77,\"caption\":\"Organisator\"},\"image\":{\"@id\":\"https:\\\/\\\/www.organisator.ch\\\/#\\\/schema\\\/logo\\\/image\\\/\"},\"sameAs\":[\"https:\\\/\\\/www.facebook.com\\\/OrganisatorFachmagazin\",\"https:\\\/\\\/www.linkedin.com\\\/showcase\\\/organisator-das-magazin-fr-kmu\",\"https:\\\/\\\/www.xing.com\\\/news\\\/pages\\\/organisator-ch-695\",\"https:\\\/\\\/www.youtube.com\\\/channel\\\/UCGP2Sq0iWaZwT3BdIAQFYpw\"]},{\"@type\":\"Person\",\"@id\":\"https:\\\/\\\/www.organisator.ch\\\/#\\\/schema\\\/person\\\/6f650f90b2842cd4c0cc334b4e36f67e\",\"name\":\"thomas.berner\",\"image\":{\"@type\":\"ImageObject\",\"inLanguage\":\"it-IT\",\"@id\":\"https:\\\/\\\/secure.gravatar.com\\\/avatar\\\/ac5001d2a36cb6c6cd3e50789007ffca834b477b74a2144564522e944eabff61?s=96&d=mm&r=g\",\"url\":\"https:\\\/\\\/secure.gravatar.com\\\/avatar\\\/ac5001d2a36cb6c6cd3e50789007ffca834b477b74a2144564522e944eabff61?s=96&d=mm&r=g\",\"contentUrl\":\"https:\\\/\\\/secure.gravatar.com\\\/avatar\\\/ac5001d2a36cb6c6cd3e50789007ffca834b477b74a2144564522e944eabff61?s=96&d=mm&r=g\",\"caption\":\"thomas.berner\"},\"url\":\"https:\\\/\\\/www.organisator.ch\\\/it\\\/author\\\/thomas-berner\\\/\"}]}<\/script>\n<!-- \/ Yoast SEO plugin. -->","yoast_head_json":{"title":"Simposio Internazionale delle Alpi: una nuova edizione di successo - Organizzatore","description":"Il Simposio Alpino Internazionale annuncia un rilancio di successo: oltre 200 visitatori sono giunti a Interlaken il 30 e 31 gennaio.","robots":{"index":"index","follow":"follow","max-snippet":"max-snippet:-1","max-image-preview":"max-image-preview:large","max-video-preview":"max-video-preview:-1"},"canonical":"https:\/\/www.organisator.ch\/it\/gestione-2\/2024-02-01\/internationales-alpensymposium-erfolgreiche-neuauflage\/","og_locale":"it_IT","og_type":"article","og_title":"Internationales Alpensymposium: Erfolgreiche Neuauflage","og_description":"Internationales Alpensymposium vermeldet erfolgreichen Relaunch: \u00dcber 200 Besucher kamen am 30.\/31. Januar nach Interlaken.","og_url":"https:\/\/www.organisator.ch\/it\/gestione-2\/2024-02-01\/internationales-alpensymposium-erfolgreiche-neuauflage\/","og_site_name":"Organisator","article_publisher":"https:\/\/www.facebook.com\/OrganisatorFachmagazin","article_published_time":"2024-02-01T08:10:56+00:00","article_modified_time":"2024-02-09T06:19:59+00:00","og_image":[{"width":680,"height":419,"url":"https:\/\/www.organisator.ch\/wp-content\/uploads\/2024\/02\/Internationales-Alpensymposium-Erfolgreiche-Neuauflage_Organisator.jpg","type":"image\/jpeg"}],"author":"thomas.berner","twitter_card":"summary_large_image","twitter_title":"Internationales #Alpensymposium: Erfolgreiche #Neuauflage","twitter_description":"Internationales #Alpensymposium vermeldet erfolgreichen #Relaunch: \u00dcber 200 Besucher kamen am 30.\/31. Januar nach Interlaken.","twitter_image":"https:\/\/www.organisator.ch\/wp-content\/uploads\/2024\/02\/Internationales-Alpensymposium-Erfolgreiche-Neuauflage_Organisator.jpg","schema":{"@context":"https:\/\/schema.org","@graph":[{"@type":"Article","@id":"https:\/\/www.organisator.ch\/management\/2024-02-01\/internationales-alpensymposium-erfolgreiche-neuauflage\/#article","isPartOf":{"@id":"https:\/\/www.organisator.ch\/management\/2024-02-01\/internationales-alpensymposium-erfolgreiche-neuauflage\/"},"author":{"name":"thomas.berner","@id":"https:\/\/www.organisator.ch\/#\/schema\/person\/6f650f90b2842cd4c0cc334b4e36f67e"},"headline":"Internationales Alpensymposium: Erfolgreiche Neuauflage","datePublished":"2024-02-01T08:10:56+00:00","dateModified":"2024-02-09T06:19:59+00:00","mainEntityOfPage":{"@id":"https:\/\/www.organisator.ch\/management\/2024-02-01\/internationales-alpensymposium-erfolgreiche-neuauflage\/"},"wordCount":513,"publisher":{"@id":"https:\/\/www.organisator.ch\/#organization"},"image":{"@id":"https:\/\/www.organisator.ch\/management\/2024-02-01\/internationales-alpensymposium-erfolgreiche-neuauflage\/#primaryimage"},"thumbnailUrl":"https:\/\/www.organisator.ch\/wp-content\/uploads\/2024\/02\/Internationales-Alpensymposium-Erfolgreiche-Neuauflage_Organisator.jpg","keywords":["Alpensymposium","Fachkongress\/Fachmesse","Marketing"],"articleSection":["MANAGEMENT"],"inLanguage":"it-IT"},{"@type":"WebPage","@id":"https:\/\/www.organisator.ch\/management\/2024-02-01\/internationales-alpensymposium-erfolgreiche-neuauflage\/","url":"https:\/\/www.organisator.ch\/management\/2024-02-01\/internationales-alpensymposium-erfolgreiche-neuauflage\/","name":"Simposio Internazionale delle Alpi: una nuova edizione di successo - Organizzatore","isPartOf":{"@id":"https:\/\/www.organisator.ch\/#website"},"primaryImageOfPage":{"@id":"https:\/\/www.organisator.ch\/management\/2024-02-01\/internationales-alpensymposium-erfolgreiche-neuauflage\/#primaryimage"},"image":{"@id":"https:\/\/www.organisator.ch\/management\/2024-02-01\/internationales-alpensymposium-erfolgreiche-neuauflage\/#primaryimage"},"thumbnailUrl":"https:\/\/www.organisator.ch\/wp-content\/uploads\/2024\/02\/Internationales-Alpensymposium-Erfolgreiche-Neuauflage_Organisator.jpg","datePublished":"2024-02-01T08:10:56+00:00","dateModified":"2024-02-09T06:19:59+00:00","description":"Il Simposio Alpino Internazionale annuncia un rilancio di successo: oltre 200 visitatori sono giunti a Interlaken il 30 e 31 gennaio.","breadcrumb":{"@id":"https:\/\/www.organisator.ch\/management\/2024-02-01\/internationales-alpensymposium-erfolgreiche-neuauflage\/#breadcrumb"},"inLanguage":"it-IT","potentialAction":[{"@type":"ReadAction","target":["https:\/\/www.organisator.ch\/management\/2024-02-01\/internationales-alpensymposium-erfolgreiche-neuauflage\/"]}]},{"@type":"ImageObject","inLanguage":"it-IT","@id":"https:\/\/www.organisator.ch\/management\/2024-02-01\/internationales-alpensymposium-erfolgreiche-neuauflage\/#primaryimage","url":"https:\/\/www.organisator.ch\/wp-content\/uploads\/2024\/02\/Internationales-Alpensymposium-Erfolgreiche-Neuauflage_Organisator.jpg","contentUrl":"https:\/\/www.organisator.ch\/wp-content\/uploads\/2024\/02\/Internationales-Alpensymposium-Erfolgreiche-Neuauflage_Organisator.jpg","width":680,"height":419,"caption":"Waren die Stars am Alpensymposium: Boris Becker und Joschka Fischer. (Bild: Tobias Sutter \/ Alpensymposium)"},{"@type":"BreadcrumbList","@id":"https:\/\/www.organisator.ch\/management\/2024-02-01\/internationales-alpensymposium-erfolgreiche-neuauflage\/#breadcrumb","itemListElement":[{"@type":"ListItem","position":1,"name":"Home","item":"https:\/\/www.organisator.ch\/"},{"@type":"ListItem","position":2,"name":"Internationales Alpensymposium: Erfolgreiche Neuauflage"}]},{"@type":"WebSite","@id":"https:\/\/www.organisator.ch\/#website","url":"https:\/\/www.organisator.ch\/","name":"Organizzatore","description":"Competente. Pratico. In 10 numeri all'anno, ORGANISATOR presenta i temi essenziali per i manager delle PMI.","publisher":{"@id":"https:\/\/www.organisator.ch\/#organization"},"potentialAction":[{"@type":"SearchAction","target":{"@type":"EntryPoint","urlTemplate":"https:\/\/www.organisator.ch\/?s={search_term_string}"},"query-input":{"@type":"PropertyValueSpecification","valueRequired":true,"valueName":"search_term_string"}}],"inLanguage":"it-IT"},{"@type":"Organization","@id":"https:\/\/www.organisator.ch\/#organization","name":"Organizzatore","url":"https:\/\/www.organisator.ch\/","logo":{"@type":"ImageObject","inLanguage":"it-IT","@id":"https:\/\/www.organisator.ch\/#\/schema\/logo\/image\/","url":"https:\/\/www.organisator.ch\/wp-content\/uploads\/2022\/01\/Logo_Organisator_Website.png","contentUrl":"https:\/\/www.organisator.ch\/wp-content\/uploads\/2022\/01\/Logo_Organisator_Website.png","width":800,"height":77,"caption":"Organisator"},"image":{"@id":"https:\/\/www.organisator.ch\/#\/schema\/logo\/image\/"},"sameAs":["https:\/\/www.facebook.com\/OrganisatorFachmagazin","https:\/\/www.linkedin.com\/showcase\/organisator-das-magazin-fr-kmu","https:\/\/www.xing.com\/news\/pages\/organisator-ch-695","https:\/\/www.youtube.com\/channel\/UCGP2Sq0iWaZwT3BdIAQFYpw"]},{"@type":"Person","@id":"https:\/\/www.organisator.ch\/#\/schema\/person\/6f650f90b2842cd4c0cc334b4e36f67e","name":"Tommaso.berner","image":{"@type":"ImageObject","inLanguage":"it-IT","@id":"https:\/\/secure.gravatar.com\/avatar\/ac5001d2a36cb6c6cd3e50789007ffca834b477b74a2144564522e944eabff61?s=96&d=mm&r=g","url":"https:\/\/secure.gravatar.com\/avatar\/ac5001d2a36cb6c6cd3e50789007ffca834b477b74a2144564522e944eabff61?s=96&d=mm&r=g","contentUrl":"https:\/\/secure.gravatar.com\/avatar\/ac5001d2a36cb6c6cd3e50789007ffca834b477b74a2144564522e944eabff61?s=96&d=mm&r=g","caption":"thomas.berner"},"url":"https:\/\/www.organisator.ch\/it\/author\/thomas-berner\/"}]}},"_links":{"self":[{"href":"https:\/\/www.organisator.ch\/it\/wp-json\/wp\/v2\/posts\/24724","targetHints":{"allow":["GET"]}}],"collection":[{"href":"https:\/\/www.organisator.ch\/it\/wp-json\/wp\/v2\/posts"}],"about":[{"href":"https:\/\/www.organisator.ch\/it\/wp-json\/wp\/v2\/types\/post"}],"author":[{"embeddable":true,"href":"https:\/\/www.organisator.ch\/it\/wp-json\/wp\/v2\/users\/4"}],"replies":[{"embeddable":true,"href":"https:\/\/www.organisator.ch\/it\/wp-json\/wp\/v2\/comments?post=24724"}],"version-history":[{"count":5,"href":"https:\/\/www.organisator.ch\/it\/wp-json\/wp\/v2\/posts\/24724\/revisions"}],"predecessor-version":[{"id":24897,"href":"https:\/\/www.organisator.ch\/it\/wp-json\/wp\/v2\/posts\/24724\/revisions\/24897"}],"wp:featuredmedia":[{"embeddable":true,"href":"https:\/\/www.organisator.ch\/it\/wp-json\/wp\/v2\/media\/24725"}],"wp:attachment":[{"href":"https:\/\/www.organisator.ch\/it\/wp-json\/wp\/v2\/media?parent=24724"}],"wp:term":[{"taxonomy":"category","embeddable":true,"href":"https:\/\/www.organisator.ch\/it\/wp-json\/wp\/v2\/categories?post=24724"},{"taxonomy":"post_tag","embeddable":true,"href":"https:\/\/www.organisator.ch\/it\/wp-json\/wp\/v2\/tags?post=24724"}],"curies":[{"name":"wp","href":"https:\/\/api.w.org\/{rel}","templated":true}]}}