{"id":24769,"date":"2024-02-05T08:39:59","date_gmt":"2024-02-05T07:39:59","guid":{"rendered":"https:\/\/www.organisator.ch\/?p=24769"},"modified":"2024-02-05T08:39:59","modified_gmt":"2024-02-05T07:39:59","slug":"swiss-cloud-wird-teil-der-convotis-gruppe","status":"publish","type":"post","link":"https:\/\/www.organisator.ch\/it\/management\/2024-02-05\/swiss-cloud-wird-teil-der-convotis-gruppe\/","title":{"rendered":"Swiss Cloud entra a far parte del Gruppo Convotis"},"content":{"rendered":"<figure id=\"attachment_24770\" aria-describedby=\"caption-attachment-24770\" style=\"width: 680px\" class=\"wp-caption alignnone\"><img loading=\"lazy\" decoding=\"async\" class=\"size-full wp-image-24770\" src=\"https:\/\/www.organisator.ch\/wp-content\/uploads\/2024\/02\/Convotis_Bild1_ps.jpg\" alt=\"\" width=\"680\" height=\"453\" srcset=\"https:\/\/www.organisator.ch\/wp-content\/uploads\/2024\/02\/Convotis_Bild1_ps.jpg 680w, https:\/\/www.organisator.ch\/wp-content\/uploads\/2024\/02\/Convotis_Bild1_ps-18x12.jpg 18w, https:\/\/www.organisator.ch\/wp-content\/uploads\/2024\/02\/Convotis_Bild1_ps-375x250.jpg 375w, https:\/\/www.organisator.ch\/wp-content\/uploads\/2024\/02\/Convotis_Bild1_ps-525x350.jpg 525w\" sizes=\"auto, (max-width: 680px) 100vw, 680px\" \/><figcaption id=\"caption-attachment-24770\" class=\"wp-caption-text\">swiss cloud computing ag entra a far parte del Gruppo Convotis. (Immagine: www.pexels.com)<\/figcaption><\/figure>\n<p>Convotis ha acquisito tutte le azioni di swiss cloud computing ag alla fine di gennaio con effetto retroattivo al 30 settembre 2023. I clienti esistenti potranno continuare a contare sui servizi collaudati di Swiss Cloud e anche i referenti rimarranno invariati.<\/p>\n<p>Dalla sua fondazione nel 2013, swiss cloud computing ag, con sede a Zurigo, si \u00e8 sviluppata fino a diventare il principale fornitore di cloud svizzero per fornitori di software indipendenti e rivenditori ICT, con particolare attenzione alle PMI. L'azienda ha beneficiato di una forte crescita soprattutto negli ultimi due anni, raddoppiando il numero di utenti di Swiss Cloud a circa 20.000 nel 2022. Con l'acquisizione retroattiva da parte del Gruppo Convotis alla fine di settembre 2023, swiss cloud computing ag e i suoi servizi saranno integrati in un'azienda di successo internazionale. Il fondatore e CEO di swiss cloud computing ag, Vito Critti, ha annunciato il trasferimento all'estero lo scorso anno. L'integrazione in un gruppo di aziende attive in nove Paesi significa che le soluzioni di swiss cloud computing ag beneficeranno di canali di vendita gi\u00e0 consolidati. Con questa acquisizione, Convotis rafforza le sue competenze nel cloud computing e nelle piattaforme digitali e la sua presenza in Svizzera.<\/p>\n<p>Convotis assume tutti i dipendenti di swiss cloud computing ag. Il servizio, le prestazioni e le persone di contatto rimarranno quindi invariati per tutti gli utenti di Swiss Cloud. Anche la sede del server con l'archiviazione dei dati in Svizzera rimarr\u00e0 invariata. Il fondatore di Swiss Cloud, Vito Critti, diventer\u00e0 membro del Comitato esecutivo e Chief Sales Officer di Convotis in Svizzera. Tra i clienti di Convotis figurano l'azienda internazionale di tecnologia e ingegneria meccanica Palfinger, l'azienda di logistica DB Schenker e il gruppo di ingegneria meccanica Ammann di Langenthal.<\/p>\n<p>Vito Critti, fondatore e CEO di swiss cloud computing ag, sul futuro sotto un nuovo ombrello: \"swiss cloud computing ag ha raggiunto una dimensione critica grazie alla crescita degli ultimi anni. L'integrazione in un'azienda che gi\u00e0 opera con successo a livello internazionale \u00e8 la soluzione migliore per ampliare la gamma di servizi in altri mercati, continuando a servire il mercato nazionale con la consueta stabilit\u00e0 e sicurezza. Sono lieto che i nostri clienti possano continuare ad affidarsi ai servizi dei loro attuali interlocutori e allo stesso tempo beneficiare di ulteriori opportunit\u00e0. Allo stesso tempo, vorrei ringraziarli per la grande fiducia accordataci negli ultimi anni, senza la quale non avremmo potuto scrivere questa storia di successo.\"<\/p>\n<p>Jos\u00e9 Lopez, direttore generale delle attivit\u00e0 svizzere di Convotis, aggiunge: \"Con Swiss Cloud, acquisiamo un importante operatore nel mercato svizzero del cloud B2B. Si tratta di un passo importante per Convotis per rafforzare ulteriormente la nostra presenza in Svizzera. Non vediamo l'ora di lavorare con i nostri nuovi colleghi\".<\/p>\n<p><em>Fonte: <a href=\"http:\/\/www.swiss.cloud\">www.swiss.cloud<\/a><\/em><\/p>","protected":false},"excerpt":{"rendered":"<p>swiss cloud computing ag, il fornitore svizzero di cloud per fornitori indipendenti di software e rivenditori ICT con particolare attenzione alle PMI, entra a far parte del Gruppo Convotis, un fornitore internazionale di servizi IT per soluzioni aziendali, soluzioni di piattaforme digitali e servizi IT gestiti. Questo crea la base per scalare i servizi di Swiss Cloud nel mercato europeo. <\/p>","protected":false},"author":58,"featured_media":24770,"comment_status":"closed","ping_status":"closed","sticky":false,"template":"","format":"standard","meta":{"_acf_changed":false,"_yoast_wpseo_focuskw":"Convotis","_yoast_wpseo_metadesc":"Die swiss cloud computing ag, der Schweizer Cloud- Provider f\u00fcr unabh\u00e4ngige Software-Anbieter und ICT-Reseller mit Fokus KMU, wird Teil der Convotis Gruppe.","articlekey":"","footnotes":""},"categories":[28],"tags":[123,334,424,492],"class_list":["post-24769","post","type-post","status-publish","format-standard","has-post-thumbnail","hentry","category-management","tag-cloud-computing","tag-management","tag-schweiz","tag-unternehmen"],"acf":[],"yoast_head":"<!-- This site is optimized with the Yoast SEO plugin v27.5 - https:\/\/yoast.com\/product\/yoast-seo-wordpress\/ -->\n<title>Swiss Cloud wird Teil der Convotis Gruppe - Organisator<\/title>\n<meta name=\"description\" content=\"Die swiss cloud computing ag, der Schweizer Cloud- Provider f\u00fcr unabh\u00e4ngige Software-Anbieter und ICT-Reseller mit Fokus KMU, wird Teil der Convotis Gruppe.\" \/>\n<meta name=\"robots\" content=\"index, follow, max-snippet:-1, max-image-preview:large, max-video-preview:-1\" \/>\n<link rel=\"canonical\" href=\"https:\/\/www.organisator.ch\/it\/gestione-2\/2024-02-05\/swiss-cloud-wird-teil-der-convotis-gruppe\/\" \/>\n<meta property=\"og:locale\" content=\"it_IT\" \/>\n<meta property=\"og:type\" content=\"article\" \/>\n<meta property=\"og:title\" content=\"Swiss Cloud wird Teil der Convotis Gruppe\" \/>\n<meta property=\"og:description\" content=\"Die swiss cloud computing ag, der Schweizer Cloud- Provider f\u00fcr unabh\u00e4ngige Software-Anbieter und ICT-Reseller mit Fokus KMU, wird Teil der Convotis Gruppe.\" \/>\n<meta property=\"og:url\" content=\"https:\/\/www.organisator.ch\/it\/gestione-2\/2024-02-05\/swiss-cloud-wird-teil-der-convotis-gruppe\/\" \/>\n<meta property=\"og:site_name\" content=\"Organisator\" \/>\n<meta property=\"article:publisher\" content=\"https:\/\/www.facebook.com\/OrganisatorFachmagazin\" \/>\n<meta property=\"article:published_time\" content=\"2024-02-05T07:39:59+00:00\" \/>\n<meta property=\"og:image\" content=\"https:\/\/www.organisator.ch\/wp-content\/uploads\/2024\/02\/Convotis_Bild1_ps.jpg\" \/>\n\t<meta property=\"og:image:width\" content=\"680\" \/>\n\t<meta property=\"og:image:height\" content=\"453\" \/>\n\t<meta property=\"og:image:type\" content=\"image\/jpeg\" \/>\n<meta name=\"author\" content=\"Adelisa Kalajdzini\" \/>\n<meta name=\"twitter:card\" content=\"summary_large_image\" \/>\n<meta name=\"twitter:title\" content=\"Swiss Cloud wird Teil der Convotis Gruppe\" \/>\n<meta name=\"twitter:description\" content=\"Die #swiss #cloud #computing ag, der Schweizer Cloud- Provider f\u00fcr unabh\u00e4ngige Software-Anbieter und ICT-Reseller mit Fokus #KMU, wird Teil der #Convotis Gruppe.\" \/>\n<meta name=\"twitter:image\" content=\"https:\/\/www.organisator.ch\/wp-content\/uploads\/2024\/02\/Convotis_Bild1_ps.jpg\" \/>\n<script type=\"application\/ld+json\" class=\"yoast-schema-graph\">{\"@context\":\"https:\\\/\\\/schema.org\",\"@graph\":[{\"@type\":\"Article\",\"@id\":\"https:\\\/\\\/www.organisator.ch\\\/management\\\/2024-02-05\\\/swiss-cloud-wird-teil-der-convotis-gruppe\\\/#article\",\"isPartOf\":{\"@id\":\"https:\\\/\\\/www.organisator.ch\\\/management\\\/2024-02-05\\\/swiss-cloud-wird-teil-der-convotis-gruppe\\\/\"},\"author\":{\"name\":\"Adelisa Kalajdzini\",\"@id\":\"https:\\\/\\\/www.organisator.ch\\\/#\\\/schema\\\/person\\\/2e1314a2172123f874db408d8911d3f3\"},\"headline\":\"Swiss Cloud wird Teil der Convotis Gruppe\",\"datePublished\":\"2024-02-05T07:39:59+00:00\",\"mainEntityOfPage\":{\"@id\":\"https:\\\/\\\/www.organisator.ch\\\/management\\\/2024-02-05\\\/swiss-cloud-wird-teil-der-convotis-gruppe\\\/\"},\"wordCount\":481,\"publisher\":{\"@id\":\"https:\\\/\\\/www.organisator.ch\\\/#organization\"},\"image\":{\"@id\":\"https:\\\/\\\/www.organisator.ch\\\/management\\\/2024-02-05\\\/swiss-cloud-wird-teil-der-convotis-gruppe\\\/#primaryimage\"},\"thumbnailUrl\":\"https:\\\/\\\/www.organisator.ch\\\/wp-content\\\/uploads\\\/2024\\\/02\\\/Convotis_Bild1_ps.jpg\",\"keywords\":[\"Cloud Computing\",\"Management\",\"Schweiz\",\"Unternehmen\"],\"articleSection\":[\"MANAGEMENT\"],\"inLanguage\":\"it-IT\"},{\"@type\":\"WebPage\",\"@id\":\"https:\\\/\\\/www.organisator.ch\\\/management\\\/2024-02-05\\\/swiss-cloud-wird-teil-der-convotis-gruppe\\\/\",\"url\":\"https:\\\/\\\/www.organisator.ch\\\/management\\\/2024-02-05\\\/swiss-cloud-wird-teil-der-convotis-gruppe\\\/\",\"name\":\"Swiss Cloud wird Teil der Convotis Gruppe - Organisator\",\"isPartOf\":{\"@id\":\"https:\\\/\\\/www.organisator.ch\\\/#website\"},\"primaryImageOfPage\":{\"@id\":\"https:\\\/\\\/www.organisator.ch\\\/management\\\/2024-02-05\\\/swiss-cloud-wird-teil-der-convotis-gruppe\\\/#primaryimage\"},\"image\":{\"@id\":\"https:\\\/\\\/www.organisator.ch\\\/management\\\/2024-02-05\\\/swiss-cloud-wird-teil-der-convotis-gruppe\\\/#primaryimage\"},\"thumbnailUrl\":\"https:\\\/\\\/www.organisator.ch\\\/wp-content\\\/uploads\\\/2024\\\/02\\\/Convotis_Bild1_ps.jpg\",\"datePublished\":\"2024-02-05T07:39:59+00:00\",\"description\":\"Die swiss cloud computing ag, der Schweizer Cloud- Provider f\u00fcr unabh\u00e4ngige Software-Anbieter und ICT-Reseller mit Fokus KMU, wird Teil der Convotis Gruppe.\",\"breadcrumb\":{\"@id\":\"https:\\\/\\\/www.organisator.ch\\\/management\\\/2024-02-05\\\/swiss-cloud-wird-teil-der-convotis-gruppe\\\/#breadcrumb\"},\"inLanguage\":\"it-IT\",\"potentialAction\":[{\"@type\":\"ReadAction\",\"target\":[\"https:\\\/\\\/www.organisator.ch\\\/management\\\/2024-02-05\\\/swiss-cloud-wird-teil-der-convotis-gruppe\\\/\"]}]},{\"@type\":\"ImageObject\",\"inLanguage\":\"it-IT\",\"@id\":\"https:\\\/\\\/www.organisator.ch\\\/management\\\/2024-02-05\\\/swiss-cloud-wird-teil-der-convotis-gruppe\\\/#primaryimage\",\"url\":\"https:\\\/\\\/www.organisator.ch\\\/wp-content\\\/uploads\\\/2024\\\/02\\\/Convotis_Bild1_ps.jpg\",\"contentUrl\":\"https:\\\/\\\/www.organisator.ch\\\/wp-content\\\/uploads\\\/2024\\\/02\\\/Convotis_Bild1_ps.jpg\",\"width\":680,\"height\":453,\"caption\":\"Die swiss cloud computing ag wird Teil der Convotis Gruppe. (Bild: www.pexels.com)\"},{\"@type\":\"BreadcrumbList\",\"@id\":\"https:\\\/\\\/www.organisator.ch\\\/management\\\/2024-02-05\\\/swiss-cloud-wird-teil-der-convotis-gruppe\\\/#breadcrumb\",\"itemListElement\":[{\"@type\":\"ListItem\",\"position\":1,\"name\":\"Home\",\"item\":\"https:\\\/\\\/www.organisator.ch\\\/\"},{\"@type\":\"ListItem\",\"position\":2,\"name\":\"Swiss Cloud wird Teil der Convotis Gruppe\"}]},{\"@type\":\"WebSite\",\"@id\":\"https:\\\/\\\/www.organisator.ch\\\/#website\",\"url\":\"https:\\\/\\\/www.organisator.ch\\\/\",\"name\":\"Organisator\",\"description\":\"Kompetent. Praxisnah. Der ORGANISATOR bereitet in 10 Ausgaben pro Jahr die wesentlichen Themen f\u00fcr F\u00fchrungskr\u00e4fte von KMU auf.\",\"publisher\":{\"@id\":\"https:\\\/\\\/www.organisator.ch\\\/#organization\"},\"potentialAction\":[{\"@type\":\"SearchAction\",\"target\":{\"@type\":\"EntryPoint\",\"urlTemplate\":\"https:\\\/\\\/www.organisator.ch\\\/?s={search_term_string}\"},\"query-input\":{\"@type\":\"PropertyValueSpecification\",\"valueRequired\":true,\"valueName\":\"search_term_string\"}}],\"inLanguage\":\"it-IT\"},{\"@type\":\"Organization\",\"@id\":\"https:\\\/\\\/www.organisator.ch\\\/#organization\",\"name\":\"Organisator\",\"url\":\"https:\\\/\\\/www.organisator.ch\\\/\",\"logo\":{\"@type\":\"ImageObject\",\"inLanguage\":\"it-IT\",\"@id\":\"https:\\\/\\\/www.organisator.ch\\\/#\\\/schema\\\/logo\\\/image\\\/\",\"url\":\"https:\\\/\\\/www.organisator.ch\\\/wp-content\\\/uploads\\\/2022\\\/01\\\/Logo_Organisator_Website.png\",\"contentUrl\":\"https:\\\/\\\/www.organisator.ch\\\/wp-content\\\/uploads\\\/2022\\\/01\\\/Logo_Organisator_Website.png\",\"width\":800,\"height\":77,\"caption\":\"Organisator\"},\"image\":{\"@id\":\"https:\\\/\\\/www.organisator.ch\\\/#\\\/schema\\\/logo\\\/image\\\/\"},\"sameAs\":[\"https:\\\/\\\/www.facebook.com\\\/OrganisatorFachmagazin\",\"https:\\\/\\\/www.linkedin.com\\\/showcase\\\/organisator-das-magazin-fr-kmu\",\"https:\\\/\\\/www.xing.com\\\/news\\\/pages\\\/organisator-ch-695\",\"https:\\\/\\\/www.youtube.com\\\/channel\\\/UCGP2Sq0iWaZwT3BdIAQFYpw\"]},{\"@type\":\"Person\",\"@id\":\"https:\\\/\\\/www.organisator.ch\\\/#\\\/schema\\\/person\\\/2e1314a2172123f874db408d8911d3f3\",\"name\":\"Adelisa Kalajdzini\",\"image\":{\"@type\":\"ImageObject\",\"inLanguage\":\"it-IT\",\"@id\":\"https:\\\/\\\/secure.gravatar.com\\\/avatar\\\/09a397c22ac58cad6f160ee8306348599df9df58a8ede73696226897b9fa4b24?s=96&d=mm&r=g\",\"url\":\"https:\\\/\\\/secure.gravatar.com\\\/avatar\\\/09a397c22ac58cad6f160ee8306348599df9df58a8ede73696226897b9fa4b24?s=96&d=mm&r=g\",\"contentUrl\":\"https:\\\/\\\/secure.gravatar.com\\\/avatar\\\/09a397c22ac58cad6f160ee8306348599df9df58a8ede73696226897b9fa4b24?s=96&d=mm&r=g\",\"caption\":\"Adelisa Kalajdzini\"},\"url\":\"https:\\\/\\\/www.organisator.ch\\\/it\\\/author\\\/adelisa-kalajdzini\\\/\"}]}<\/script>\n<!-- \/ Yoast SEO plugin. -->","yoast_head_json":{"title":"Swiss Cloud entra a far parte del Gruppo Convotis - Organizzatore","description":"swiss cloud computing ag, il provider svizzero di cloud per fornitori indipendenti di software e rivenditori ICT con particolare attenzione alle PMI, entra a far parte del Gruppo Convotis.","robots":{"index":"index","follow":"follow","max-snippet":"max-snippet:-1","max-image-preview":"max-image-preview:large","max-video-preview":"max-video-preview:-1"},"canonical":"https:\/\/www.organisator.ch\/it\/gestione-2\/2024-02-05\/swiss-cloud-wird-teil-der-convotis-gruppe\/","og_locale":"it_IT","og_type":"article","og_title":"Swiss Cloud wird Teil der Convotis Gruppe","og_description":"Die swiss cloud computing ag, der Schweizer Cloud- Provider f\u00fcr unabh\u00e4ngige Software-Anbieter und ICT-Reseller mit Fokus KMU, wird Teil der Convotis Gruppe.","og_url":"https:\/\/www.organisator.ch\/it\/gestione-2\/2024-02-05\/swiss-cloud-wird-teil-der-convotis-gruppe\/","og_site_name":"Organisator","article_publisher":"https:\/\/www.facebook.com\/OrganisatorFachmagazin","article_published_time":"2024-02-05T07:39:59+00:00","og_image":[{"width":680,"height":453,"url":"https:\/\/www.organisator.ch\/wp-content\/uploads\/2024\/02\/Convotis_Bild1_ps.jpg","type":"image\/jpeg"}],"author":"Adelisa Kalajdzini","twitter_card":"summary_large_image","twitter_title":"Swiss Cloud wird Teil der Convotis Gruppe","twitter_description":"Die #swiss #cloud #computing ag, der Schweizer Cloud- Provider f\u00fcr unabh\u00e4ngige Software-Anbieter und ICT-Reseller mit Fokus #KMU, wird Teil der #Convotis Gruppe.","twitter_image":"https:\/\/www.organisator.ch\/wp-content\/uploads\/2024\/02\/Convotis_Bild1_ps.jpg","schema":{"@context":"https:\/\/schema.org","@graph":[{"@type":"Article","@id":"https:\/\/www.organisator.ch\/management\/2024-02-05\/swiss-cloud-wird-teil-der-convotis-gruppe\/#article","isPartOf":{"@id":"https:\/\/www.organisator.ch\/management\/2024-02-05\/swiss-cloud-wird-teil-der-convotis-gruppe\/"},"author":{"name":"Adelisa Kalajdzini","@id":"https:\/\/www.organisator.ch\/#\/schema\/person\/2e1314a2172123f874db408d8911d3f3"},"headline":"Swiss Cloud wird Teil der Convotis Gruppe","datePublished":"2024-02-05T07:39:59+00:00","mainEntityOfPage":{"@id":"https:\/\/www.organisator.ch\/management\/2024-02-05\/swiss-cloud-wird-teil-der-convotis-gruppe\/"},"wordCount":481,"publisher":{"@id":"https:\/\/www.organisator.ch\/#organization"},"image":{"@id":"https:\/\/www.organisator.ch\/management\/2024-02-05\/swiss-cloud-wird-teil-der-convotis-gruppe\/#primaryimage"},"thumbnailUrl":"https:\/\/www.organisator.ch\/wp-content\/uploads\/2024\/02\/Convotis_Bild1_ps.jpg","keywords":["Cloud Computing","Management","Schweiz","Unternehmen"],"articleSection":["MANAGEMENT"],"inLanguage":"it-IT"},{"@type":"WebPage","@id":"https:\/\/www.organisator.ch\/management\/2024-02-05\/swiss-cloud-wird-teil-der-convotis-gruppe\/","url":"https:\/\/www.organisator.ch\/management\/2024-02-05\/swiss-cloud-wird-teil-der-convotis-gruppe\/","name":"Swiss Cloud entra a far parte del Gruppo Convotis - Organizzatore","isPartOf":{"@id":"https:\/\/www.organisator.ch\/#website"},"primaryImageOfPage":{"@id":"https:\/\/www.organisator.ch\/management\/2024-02-05\/swiss-cloud-wird-teil-der-convotis-gruppe\/#primaryimage"},"image":{"@id":"https:\/\/www.organisator.ch\/management\/2024-02-05\/swiss-cloud-wird-teil-der-convotis-gruppe\/#primaryimage"},"thumbnailUrl":"https:\/\/www.organisator.ch\/wp-content\/uploads\/2024\/02\/Convotis_Bild1_ps.jpg","datePublished":"2024-02-05T07:39:59+00:00","description":"swiss cloud computing ag, il provider svizzero di cloud per fornitori indipendenti di software e rivenditori ICT con particolare attenzione alle PMI, entra a far parte del Gruppo Convotis.","breadcrumb":{"@id":"https:\/\/www.organisator.ch\/management\/2024-02-05\/swiss-cloud-wird-teil-der-convotis-gruppe\/#breadcrumb"},"inLanguage":"it-IT","potentialAction":[{"@type":"ReadAction","target":["https:\/\/www.organisator.ch\/management\/2024-02-05\/swiss-cloud-wird-teil-der-convotis-gruppe\/"]}]},{"@type":"ImageObject","inLanguage":"it-IT","@id":"https:\/\/www.organisator.ch\/management\/2024-02-05\/swiss-cloud-wird-teil-der-convotis-gruppe\/#primaryimage","url":"https:\/\/www.organisator.ch\/wp-content\/uploads\/2024\/02\/Convotis_Bild1_ps.jpg","contentUrl":"https:\/\/www.organisator.ch\/wp-content\/uploads\/2024\/02\/Convotis_Bild1_ps.jpg","width":680,"height":453,"caption":"Die swiss cloud computing ag wird Teil der Convotis Gruppe. (Bild: www.pexels.com)"},{"@type":"BreadcrumbList","@id":"https:\/\/www.organisator.ch\/management\/2024-02-05\/swiss-cloud-wird-teil-der-convotis-gruppe\/#breadcrumb","itemListElement":[{"@type":"ListItem","position":1,"name":"Home","item":"https:\/\/www.organisator.ch\/"},{"@type":"ListItem","position":2,"name":"Swiss Cloud wird Teil der Convotis Gruppe"}]},{"@type":"WebSite","@id":"https:\/\/www.organisator.ch\/#website","url":"https:\/\/www.organisator.ch\/","name":"Organizzatore","description":"Competente. Pratico. In 10 numeri all'anno, ORGANISATOR presenta i temi essenziali per i manager delle PMI.","publisher":{"@id":"https:\/\/www.organisator.ch\/#organization"},"potentialAction":[{"@type":"SearchAction","target":{"@type":"EntryPoint","urlTemplate":"https:\/\/www.organisator.ch\/?s={search_term_string}"},"query-input":{"@type":"PropertyValueSpecification","valueRequired":true,"valueName":"search_term_string"}}],"inLanguage":"it-IT"},{"@type":"Organization","@id":"https:\/\/www.organisator.ch\/#organization","name":"Organizzatore","url":"https:\/\/www.organisator.ch\/","logo":{"@type":"ImageObject","inLanguage":"it-IT","@id":"https:\/\/www.organisator.ch\/#\/schema\/logo\/image\/","url":"https:\/\/www.organisator.ch\/wp-content\/uploads\/2022\/01\/Logo_Organisator_Website.png","contentUrl":"https:\/\/www.organisator.ch\/wp-content\/uploads\/2022\/01\/Logo_Organisator_Website.png","width":800,"height":77,"caption":"Organisator"},"image":{"@id":"https:\/\/www.organisator.ch\/#\/schema\/logo\/image\/"},"sameAs":["https:\/\/www.facebook.com\/OrganisatorFachmagazin","https:\/\/www.linkedin.com\/showcase\/organisator-das-magazin-fr-kmu","https:\/\/www.xing.com\/news\/pages\/organisator-ch-695","https:\/\/www.youtube.com\/channel\/UCGP2Sq0iWaZwT3BdIAQFYpw"]},{"@type":"Person","@id":"https:\/\/www.organisator.ch\/#\/schema\/person\/2e1314a2172123f874db408d8911d3f3","name":"Adelisa Kalajdzini","image":{"@type":"ImageObject","inLanguage":"it-IT","@id":"https:\/\/secure.gravatar.com\/avatar\/09a397c22ac58cad6f160ee8306348599df9df58a8ede73696226897b9fa4b24?s=96&d=mm&r=g","url":"https:\/\/secure.gravatar.com\/avatar\/09a397c22ac58cad6f160ee8306348599df9df58a8ede73696226897b9fa4b24?s=96&d=mm&r=g","contentUrl":"https:\/\/secure.gravatar.com\/avatar\/09a397c22ac58cad6f160ee8306348599df9df58a8ede73696226897b9fa4b24?s=96&d=mm&r=g","caption":"Adelisa Kalajdzini"},"url":"https:\/\/www.organisator.ch\/it\/author\/adelisa-kalajdzini\/"}]}},"_links":{"self":[{"href":"https:\/\/www.organisator.ch\/it\/wp-json\/wp\/v2\/posts\/24769","targetHints":{"allow":["GET"]}}],"collection":[{"href":"https:\/\/www.organisator.ch\/it\/wp-json\/wp\/v2\/posts"}],"about":[{"href":"https:\/\/www.organisator.ch\/it\/wp-json\/wp\/v2\/types\/post"}],"author":[{"embeddable":true,"href":"https:\/\/www.organisator.ch\/it\/wp-json\/wp\/v2\/users\/58"}],"replies":[{"embeddable":true,"href":"https:\/\/www.organisator.ch\/it\/wp-json\/wp\/v2\/comments?post=24769"}],"version-history":[{"count":5,"href":"https:\/\/www.organisator.ch\/it\/wp-json\/wp\/v2\/posts\/24769\/revisions"}],"predecessor-version":[{"id":24790,"href":"https:\/\/www.organisator.ch\/it\/wp-json\/wp\/v2\/posts\/24769\/revisions\/24790"}],"wp:featuredmedia":[{"embeddable":true,"href":"https:\/\/www.organisator.ch\/it\/wp-json\/wp\/v2\/media\/24770"}],"wp:attachment":[{"href":"https:\/\/www.organisator.ch\/it\/wp-json\/wp\/v2\/media?parent=24769"}],"wp:term":[{"taxonomy":"category","embeddable":true,"href":"https:\/\/www.organisator.ch\/it\/wp-json\/wp\/v2\/categories?post=24769"},{"taxonomy":"post_tag","embeddable":true,"href":"https:\/\/www.organisator.ch\/it\/wp-json\/wp\/v2\/tags?post=24769"}],"curies":[{"name":"wp","href":"https:\/\/api.w.org\/{rel}","templated":true}]}}