{"id":2478,"date":"2019-09-20T10:56:12","date_gmt":"2019-09-20T08:56:12","guid":{"rendered":"https:\/\/www.umweltperspektiven.ch\/?p=2478"},"modified":"2022-02-09T11:06:51","modified_gmt":"2022-02-09T10:06:51","slug":"rueckschau-2-tag-der-insekten-schweiz","status":"publish","type":"post","link":"https:\/\/www.organisator.ch\/it\/sustainability\/2019-09-20\/rueckschau-2-tag-der-insekten-schweiz\/","title":{"rendered":"Recensione: \"2a giornata degli insetti in Svizzera\""},"content":{"rendered":"<figure id=\"attachment_2479\" aria-describedby=\"caption-attachment-2479\" style=\"width: 680px\" class=\"wp-caption alignnone\"><img loading=\"lazy\" decoding=\"async\" class=\"size-medium wp-image-2479\" src=\"\/\/www.umweltperspektiven.ch\/wp-content\/uploads\/2019\/09\/Insekt.jpg\" alt=\"\" width=\"680\" height=\"454\" srcset=\"https:\/\/www.organisator.ch\/wp-content\/uploads\/2019\/09\/Insekt.jpg 2048w, https:\/\/www.organisator.ch\/wp-content\/uploads\/2019\/09\/Insekt-680x454.jpg 680w, https:\/\/www.organisator.ch\/wp-content\/uploads\/2019\/09\/Insekt-1024x684.jpg 1024w, https:\/\/www.organisator.ch\/wp-content\/uploads\/2019\/09\/Insekt-768x513.jpg 768w, https:\/\/www.organisator.ch\/wp-content\/uploads\/2019\/09\/Insekt-1536x1025.jpg 1536w, https:\/\/www.organisator.ch\/wp-content\/uploads\/2019\/09\/Insekt-18x12.jpg 18w, https:\/\/www.organisator.ch\/wp-content\/uploads\/2019\/09\/Insekt-262x175.jpg 262w, https:\/\/www.organisator.ch\/wp-content\/uploads\/2019\/09\/Insekt-524x350.jpg 524w, https:\/\/www.organisator.ch\/wp-content\/uploads\/2019\/09\/Insekt-1199x800.jpg 1199w, https:\/\/www.organisator.ch\/wp-content\/uploads\/2019\/09\/Insekt-920x614.jpg 920w, https:\/\/www.organisator.ch\/wp-content\/uploads\/2019\/09\/Insekt-1400x934.jpg 1400w, https:\/\/www.organisator.ch\/wp-content\/uploads\/2019\/09\/Insekt-300x200.jpg 300w\" sizes=\"auto, (max-width: 680px) 100vw, 680px\" \/><figcaption id=\"caption-attachment-2479\" class=\"wp-caption-text\">In Svizzera, le Liste Rosse mostrano che oltre il 40% delle specie di insetti \u00e8 in pericolo e il 5% \u00e8 gi\u00e0 estinto. In alcune aree di lingua tedesca, il loro numero \u00e8 diminuito di oltre il 70%, come \u00e8 stato comunicato a numerosi partecipanti alla \"2a Giornata degli insetti in Svizzera\". (Immagine: Insect Respect)<\/figcaption><\/figure>\n<p>In occasione della \"2a Giornata degli insetti in Svizzera\", la popolazione \u00e8 stata informata della grave perdita di insetti in Svizzera e nei Paesi limitrofi.  La quantit\u00e0 e la diversit\u00e0 degli insetti \u00e8 diminuita drasticamente negli ultimi decenni. Edward Wilson, il famoso entomologo americano, ha calcolato che l'uomo potrebbe sopravvivere solo pochi mesi senza insetti. Ma il numero e la diversit\u00e0 degli insetti stanno diminuendo drasticamente:<\/p>\n<p>In Svizzera, le Liste Rosse mostrano che oltre il 40% delle specie di insetti \u00e8 in pericolo e il 5% \u00e8 gi\u00e0 estinto. In alcune aree di lingua tedesca, il loro numero \u00e8 diminuito di oltre il 70%. Le ragioni sono molteplici, come hanno sottolineato gli esperti in occasione della \"2a Giornata svizzera degli insetti\" il 19 settembre 2019 ad Aarau: Da un lato, sempre pi\u00f9 insetti stanno scomparendo dal nostro paesaggio a causa dell'agricoltura intensiva; dall'altro, la crescente sovracostruzione e la frammentazione degli habitat stanno portando a una massiccia mortalit\u00e0 degli insetti.<\/p>\n<p><strong>Fertilizzazione sproporzionata\u00a0\u00a0<\/strong><br \/>\nIl Prof. Dr. Josef H. Reichholf, relatore della Giornata degli insetti ed esperto di farfalle della Baviera, ha dichiarato nella sua presentazione: \"I fertilizzanti azotati sono diventati una sostanza soffocante per la biodiversit\u00e0 nei terreni coltivati. I pesticidi decimano ulteriormente gli insetti, ma anche la nostra eccessiva ossessione per la pulizia. In molti luoghi, questo porta a falciare i bordi delle strade ricchi di insetti in momenti inopportuni o a spruzzare veleno nelle aree pubbliche.<\/p>\n<p>Ulrich Veith, sindaco del comune di Malles, in Alto Adige, ha tenuto un discorso incoraggiante e ha mostrato come anche in Svizzera sia possibile rendere i terreni coltivati di nuovo pi\u00f9 rispettosi degli insetti. \"Non volevamo aspettare che arrivasse qualcosa dall'alta politica per proteggere la natura e gli insetti, ma fare qualcosa all'interno del comune stesso\". Nonostante il vento contrario, Malles \u00e8 riuscita, con il sostegno della popolazione, a vietare legalmente l'uso dei pesticidi su tutti i terreni agricoli e privati del comune. Oggi i prodotti biologici di ogni tipo sono sempre pi\u00f9 venduti.<\/p>\n<p><strong>Fatti invece di parole<\/strong><br \/>\nAl fine di evidenziare non solo i problemi ma anche le soluzioni, i partecipanti hanno discusso varie misure in workshop su come promuovere al meglio gli insetti. In quasi tutti i workshop \u00e8 emerso che il primo passo dovrebbe essere quello di creare un migliore accesso agli insetti, ad esempio vedendo o sperimentando la loro bellezza e diversit\u00e0.<\/p>\n<p>I due organizzatori BirdLife Svizzera e Insect Respect sono soddisfatti dell'andamento della conferenza. Werner M\u00fcller, direttore esecutivo di BirdLife Svizzera: \"Informare, fare rete e agire: questo \u00e8 il senso della Giornata degli insetti. Siamo convinti che ora verranno avviati molti nuovi progetti per sfidare la mortalit\u00e0 degli insetti\". Anche il dottor Hans-Dietrich Reckhaus, amministratore delegato dell'azienda di biocidi Reckhaus AG e promotore di Insect Respect, \u00e8 convinto che la conferenza non abbia solo ispirato la riflessione ma anche l'azione: \"Il rispetto non si ferma agli amici a due o quattro zampe. Chi ancora oggi irrora il proprio giardino non ha capito nulla\".<\/p>\n<p><strong>La politica \u00e8 una sfida<\/strong><br \/>\nTuttavia, un cambiamento di pensiero e di azione non \u00e8 richiesto solo a ciascun individuo su piccola scala. Dopo questa conferenza, anche i politici sono chiamati ad agire. O per dirla con le parole del Prof. Dr. Josef H. Reichholf: \"La Giornata degli Insetti \u00e8 particolarmente importante per me perch\u00e9 porta fatti essenziali nelle discussioni attuali. I fatti sempre nuovi che riguardano il declino degli insetti devono ora entrare nell'arena politica\". Con la politica agricola AP22+, l'iniziativa sull'acqua potabile e i pesticidi, la revisione della legge sulla pianificazione territoriale e l'imminente doppia iniziativa per la biodiversit\u00e0 e il paesaggio, molto \u00e8 stato messo in moto. Questo deve essere utilizzato per contrastare la mortalit\u00e0 degli insetti.<\/p>\n<p><em>Dieci buone ragioni per rispettare gli insetti:<\/em><br \/>\n<em>1. ecosistema: gli insetti danno alla natura pi\u00f9 resilienza.<\/em><br \/>\n<em>2. impollinazione: gli insetti tengono in vita il mondo vegetale.<\/em><br \/>\n<em>3\u00b0 ciclo: Gli insetti sono una parte importante della catena alimentare.<\/em><br \/>\n<em>4. nutrire e mangiare: Gli insetti assicurano l'approvvigionamento alimentare del mondo.<\/em><br \/>\n<em>5. igiene: gli insetti ci liberano dalla \"spazzatura\".<\/em><br \/>\n<em>Suoli: gli insetti rendono la nostra terra fertile.<\/em><br \/>\n<em>7. abbigliamento: Gli insetti sono indispensabili per la produzione tessile.<\/em><br \/>\n<em>Industria: gli insetti producono sostanze chimiche.<\/em><br \/>\n<em>Medicina 9: curare gli insetti.<\/em><br \/>\n<em>10. ricerca: gli insetti sono estremamente preziosi dal punto di vista scientifico.<\/em><\/p>\n<p><a href=\"\/\/www.birdlife.ch\/tag-der-insekten\">www.birdlife.ch\/tag-der-insekten<\/a><\/p>\n<p>&nbsp;<\/p>\n<p>&nbsp;<\/p>","protected":false},"excerpt":{"rendered":"<p>Am &#8222;2. Tag der Insekten Schweiz&#8220; wurde man \u00fcber den gravierenden Insektenschwund in der Schweiz sowie in Nachbarl\u00e4ndern informiert.\u00a0 Die Menge und Vielfalt an Insekten hat in den letzten Jahrzehnten drastisch abgenommen.\u00a0Edward Wilson, der renommierte amerikanische Entomologe, hat errechnet, dass die Menschen ohne Insekten nur wenige Monate \u00fcberleben k\u00f6nnten. Doch Zahl und Vielfalt der Insekten [&hellip;]<\/p>\n","protected":false},"author":5,"featured_media":2479,"comment_status":"open","ping_status":"open","sticky":false,"template":"","format":"standard","meta":{"_acf_changed":false,"_yoast_wpseo_focuskw":"2. Tag der Insekten Schweiz","_yoast_wpseo_metadesc":"\u00dcber 300 Personen aus Forschung, Politik, Wirtschaft und Naturschutz suchten am \"2. Tag der Insekten Schweiz\" nach Massnahmen gegen das Insektensterben.","articlekey":"","footnotes":""},"categories":[580],"tags":[829,1150,1426,1667,424],"class_list":["post-2478","post","type-post","status-publish","format-standard","has-post-thumbnail","hentry","category-sustainability","tag-biodiversitaet","tag-fachtagung","tag-insektensterben","tag-massnahmen","tag-schweiz"],"acf":[],"yoast_head":"<!-- This site is optimized with the Yoast SEO plugin v27.5 - https:\/\/yoast.com\/product\/yoast-seo-wordpress\/ -->\n<title>R\u00fcckschau: &quot;2. Tag der Insekten Schweiz&quot; - Organisator<\/title>\n<meta name=\"description\" content=\"\u00dcber 300 Personen aus Forschung, Politik, Wirtschaft und Naturschutz suchten am &quot;2. Tag der Insekten Schweiz&quot; nach Massnahmen gegen das Insektensterben.\" \/>\n<meta name=\"robots\" content=\"index, follow, max-snippet:-1, max-image-preview:large, max-video-preview:-1\" \/>\n<link rel=\"canonical\" href=\"https:\/\/www.organisator.ch\/it\/sostenibilita\/2019-09-20\/rueckschau-2-tag-der-insekten-schweiz\/\" \/>\n<meta property=\"og:locale\" content=\"it_IT\" \/>\n<meta property=\"og:type\" content=\"article\" \/>\n<meta property=\"og:title\" content=\"R\u00fcckschau: &quot;2. Tag der Insekten Schweiz&quot; - Organisator\" \/>\n<meta property=\"og:description\" content=\"\u00dcber 300 Personen aus Forschung, Politik, Wirtschaft und Naturschutz suchten am &quot;2. Tag der Insekten Schweiz&quot; nach Massnahmen gegen das Insektensterben.\" \/>\n<meta property=\"og:url\" content=\"https:\/\/www.organisator.ch\/it\/sostenibilita\/2019-09-20\/rueckschau-2-tag-der-insekten-schweiz\/\" \/>\n<meta property=\"og:site_name\" content=\"Organisator\" \/>\n<meta property=\"article:publisher\" content=\"https:\/\/www.facebook.com\/OrganisatorFachmagazin\" \/>\n<meta property=\"article:published_time\" content=\"2019-09-20T08:56:12+00:00\" \/>\n<meta property=\"article:modified_time\" content=\"2022-02-09T10:06:51+00:00\" \/>\n<meta property=\"og:image\" content=\"https:\/\/www.organisator.ch\/wp-content\/uploads\/2019\/09\/Insekt.jpg\" \/>\n\t<meta property=\"og:image:width\" content=\"2048\" \/>\n\t<meta property=\"og:image:height\" content=\"1367\" \/>\n\t<meta property=\"og:image:type\" content=\"image\/jpeg\" \/>\n<meta name=\"author\" content=\"michael.merz\" \/>\n<meta name=\"twitter:card\" content=\"summary_large_image\" \/>\n<script type=\"application\/ld+json\" class=\"yoast-schema-graph\">{\"@context\":\"https:\\\/\\\/schema.org\",\"@graph\":[{\"@type\":\"Article\",\"@id\":\"https:\\\/\\\/www.organisator.ch\\\/sustainability\\\/2019-09-20\\\/rueckschau-2-tag-der-insekten-schweiz\\\/#article\",\"isPartOf\":{\"@id\":\"https:\\\/\\\/www.organisator.ch\\\/sustainability\\\/2019-09-20\\\/rueckschau-2-tag-der-insekten-schweiz\\\/\"},\"author\":{\"name\":\"michael.merz\",\"@id\":\"https:\\\/\\\/www.organisator.ch\\\/#\\\/schema\\\/person\\\/134708ca9321c57b0362cceb7948ffbd\"},\"headline\":\"R\u00fcckschau: &#8222;2. Tag der Insekten Schweiz&#8220;\",\"datePublished\":\"2019-09-20T08:56:12+00:00\",\"dateModified\":\"2022-02-09T10:06:51+00:00\",\"mainEntityOfPage\":{\"@id\":\"https:\\\/\\\/www.organisator.ch\\\/sustainability\\\/2019-09-20\\\/rueckschau-2-tag-der-insekten-schweiz\\\/\"},\"wordCount\":708,\"commentCount\":0,\"publisher\":{\"@id\":\"https:\\\/\\\/www.organisator.ch\\\/#organization\"},\"image\":{\"@id\":\"https:\\\/\\\/www.organisator.ch\\\/sustainability\\\/2019-09-20\\\/rueckschau-2-tag-der-insekten-schweiz\\\/#primaryimage\"},\"thumbnailUrl\":\"https:\\\/\\\/www.organisator.ch\\\/wp-content\\\/uploads\\\/2019\\\/09\\\/Insekt.jpg\",\"keywords\":[\"Biodiversit\u00e4t\",\"Fachtagung\",\"Insektensterben\",\"Massnahmen\",\"Schweiz\"],\"articleSection\":[\"SUSTAINABILITY\"],\"inLanguage\":\"it-IT\"},{\"@type\":\"WebPage\",\"@id\":\"https:\\\/\\\/www.organisator.ch\\\/sustainability\\\/2019-09-20\\\/rueckschau-2-tag-der-insekten-schweiz\\\/\",\"url\":\"https:\\\/\\\/www.organisator.ch\\\/sustainability\\\/2019-09-20\\\/rueckschau-2-tag-der-insekten-schweiz\\\/\",\"name\":\"R\u00fcckschau: \\\"2. Tag der Insekten Schweiz\\\" - Organisator\",\"isPartOf\":{\"@id\":\"https:\\\/\\\/www.organisator.ch\\\/#website\"},\"primaryImageOfPage\":{\"@id\":\"https:\\\/\\\/www.organisator.ch\\\/sustainability\\\/2019-09-20\\\/rueckschau-2-tag-der-insekten-schweiz\\\/#primaryimage\"},\"image\":{\"@id\":\"https:\\\/\\\/www.organisator.ch\\\/sustainability\\\/2019-09-20\\\/rueckschau-2-tag-der-insekten-schweiz\\\/#primaryimage\"},\"thumbnailUrl\":\"https:\\\/\\\/www.organisator.ch\\\/wp-content\\\/uploads\\\/2019\\\/09\\\/Insekt.jpg\",\"datePublished\":\"2019-09-20T08:56:12+00:00\",\"dateModified\":\"2022-02-09T10:06:51+00:00\",\"description\":\"\u00dcber 300 Personen aus Forschung, Politik, Wirtschaft und Naturschutz suchten am \\\"2. Tag der Insekten Schweiz\\\" nach Massnahmen gegen das Insektensterben.\",\"breadcrumb\":{\"@id\":\"https:\\\/\\\/www.organisator.ch\\\/sustainability\\\/2019-09-20\\\/rueckschau-2-tag-der-insekten-schweiz\\\/#breadcrumb\"},\"inLanguage\":\"it-IT\",\"potentialAction\":[{\"@type\":\"ReadAction\",\"target\":[\"https:\\\/\\\/www.organisator.ch\\\/sustainability\\\/2019-09-20\\\/rueckschau-2-tag-der-insekten-schweiz\\\/\"]}]},{\"@type\":\"ImageObject\",\"inLanguage\":\"it-IT\",\"@id\":\"https:\\\/\\\/www.organisator.ch\\\/sustainability\\\/2019-09-20\\\/rueckschau-2-tag-der-insekten-schweiz\\\/#primaryimage\",\"url\":\"https:\\\/\\\/www.organisator.ch\\\/wp-content\\\/uploads\\\/2019\\\/09\\\/Insekt.jpg\",\"contentUrl\":\"https:\\\/\\\/www.organisator.ch\\\/wp-content\\\/uploads\\\/2019\\\/09\\\/Insekt.jpg\",\"width\":2048,\"height\":1367,\"caption\":\"In der Schweiz zeigen die Roten Listen, dass \u00fcber 40 Prozent der Insektenarten gef\u00e4hrdet und 5 Prozent bereits ausgestorben sind. In manchen deutschsprachigen Gebieten ist ihre Anzahl um \u00fcber 70 Prozent zur\u00fcckgegangen, wurden zahlreiche Teilnehmende am \\\"2. Tag der Insekten Schweiz\\\" informiert. (Bild: Insect Respect)\"},{\"@type\":\"BreadcrumbList\",\"@id\":\"https:\\\/\\\/www.organisator.ch\\\/sustainability\\\/2019-09-20\\\/rueckschau-2-tag-der-insekten-schweiz\\\/#breadcrumb\",\"itemListElement\":[{\"@type\":\"ListItem\",\"position\":1,\"name\":\"Home\",\"item\":\"https:\\\/\\\/www.organisator.ch\\\/\"},{\"@type\":\"ListItem\",\"position\":2,\"name\":\"R\u00fcckschau: &#8222;2. Tag der Insekten Schweiz&#8220;\"}]},{\"@type\":\"WebSite\",\"@id\":\"https:\\\/\\\/www.organisator.ch\\\/#website\",\"url\":\"https:\\\/\\\/www.organisator.ch\\\/\",\"name\":\"Organisator\",\"description\":\"Kompetent. Praxisnah. Der ORGANISATOR bereitet in 10 Ausgaben pro Jahr die wesentlichen Themen f\u00fcr F\u00fchrungskr\u00e4fte von KMU auf.\",\"publisher\":{\"@id\":\"https:\\\/\\\/www.organisator.ch\\\/#organization\"},\"potentialAction\":[{\"@type\":\"SearchAction\",\"target\":{\"@type\":\"EntryPoint\",\"urlTemplate\":\"https:\\\/\\\/www.organisator.ch\\\/?s={search_term_string}\"},\"query-input\":{\"@type\":\"PropertyValueSpecification\",\"valueRequired\":true,\"valueName\":\"search_term_string\"}}],\"inLanguage\":\"it-IT\"},{\"@type\":\"Organization\",\"@id\":\"https:\\\/\\\/www.organisator.ch\\\/#organization\",\"name\":\"Organisator\",\"url\":\"https:\\\/\\\/www.organisator.ch\\\/\",\"logo\":{\"@type\":\"ImageObject\",\"inLanguage\":\"it-IT\",\"@id\":\"https:\\\/\\\/www.organisator.ch\\\/#\\\/schema\\\/logo\\\/image\\\/\",\"url\":\"https:\\\/\\\/www.organisator.ch\\\/wp-content\\\/uploads\\\/2022\\\/01\\\/Logo_Organisator_Website.png\",\"contentUrl\":\"https:\\\/\\\/www.organisator.ch\\\/wp-content\\\/uploads\\\/2022\\\/01\\\/Logo_Organisator_Website.png\",\"width\":800,\"height\":77,\"caption\":\"Organisator\"},\"image\":{\"@id\":\"https:\\\/\\\/www.organisator.ch\\\/#\\\/schema\\\/logo\\\/image\\\/\"},\"sameAs\":[\"https:\\\/\\\/www.facebook.com\\\/OrganisatorFachmagazin\",\"https:\\\/\\\/www.linkedin.com\\\/showcase\\\/organisator-das-magazin-fr-kmu\",\"https:\\\/\\\/www.xing.com\\\/news\\\/pages\\\/organisator-ch-695\",\"https:\\\/\\\/www.youtube.com\\\/channel\\\/UCGP2Sq0iWaZwT3BdIAQFYpw\"]},{\"@type\":\"Person\",\"@id\":\"https:\\\/\\\/www.organisator.ch\\\/#\\\/schema\\\/person\\\/134708ca9321c57b0362cceb7948ffbd\",\"name\":\"michael.merz\",\"image\":{\"@type\":\"ImageObject\",\"inLanguage\":\"it-IT\",\"@id\":\"https:\\\/\\\/secure.gravatar.com\\\/avatar\\\/?s=96&d=mm&r=g\",\"url\":\"https:\\\/\\\/secure.gravatar.com\\\/avatar\\\/?s=96&d=mm&r=g\",\"contentUrl\":\"https:\\\/\\\/secure.gravatar.com\\\/avatar\\\/?s=96&d=mm&r=g\",\"caption\":\"michael.merz\"},\"url\":\"https:\\\/\\\/www.organisator.ch\\\/it\\\/author\\\/michael-merz\\\/\"}]}<\/script>\n<!-- \/ Yoast SEO plugin. -->","yoast_head_json":{"title":"Recensione: \"2a Giornata degli insetti Svizzera\" - Organizzatore","description":"Pi\u00f9 di 300 persone provenienti dal mondo della ricerca, della politica, dell'economia e della conservazione della natura hanno cercato misure contro la mortalit\u00e0 degli insetti alla \"2a Giornata svizzera degli insetti\".","robots":{"index":"index","follow":"follow","max-snippet":"max-snippet:-1","max-image-preview":"max-image-preview:large","max-video-preview":"max-video-preview:-1"},"canonical":"https:\/\/www.organisator.ch\/it\/sostenibilita\/2019-09-20\/rueckschau-2-tag-der-insekten-schweiz\/","og_locale":"it_IT","og_type":"article","og_title":"R\u00fcckschau: \"2. Tag der Insekten Schweiz\" - Organisator","og_description":"\u00dcber 300 Personen aus Forschung, Politik, Wirtschaft und Naturschutz suchten am \"2. Tag der Insekten Schweiz\" nach Massnahmen gegen das Insektensterben.","og_url":"https:\/\/www.organisator.ch\/it\/sostenibilita\/2019-09-20\/rueckschau-2-tag-der-insekten-schweiz\/","og_site_name":"Organisator","article_publisher":"https:\/\/www.facebook.com\/OrganisatorFachmagazin","article_published_time":"2019-09-20T08:56:12+00:00","article_modified_time":"2022-02-09T10:06:51+00:00","og_image":[{"width":2048,"height":1367,"url":"https:\/\/www.organisator.ch\/wp-content\/uploads\/2019\/09\/Insekt.jpg","type":"image\/jpeg"}],"author":"michael.merz","twitter_card":"summary_large_image","schema":{"@context":"https:\/\/schema.org","@graph":[{"@type":"Article","@id":"https:\/\/www.organisator.ch\/sustainability\/2019-09-20\/rueckschau-2-tag-der-insekten-schweiz\/#article","isPartOf":{"@id":"https:\/\/www.organisator.ch\/sustainability\/2019-09-20\/rueckschau-2-tag-der-insekten-schweiz\/"},"author":{"name":"michael.merz","@id":"https:\/\/www.organisator.ch\/#\/schema\/person\/134708ca9321c57b0362cceb7948ffbd"},"headline":"R\u00fcckschau: &#8222;2. Tag der Insekten Schweiz&#8220;","datePublished":"2019-09-20T08:56:12+00:00","dateModified":"2022-02-09T10:06:51+00:00","mainEntityOfPage":{"@id":"https:\/\/www.organisator.ch\/sustainability\/2019-09-20\/rueckschau-2-tag-der-insekten-schweiz\/"},"wordCount":708,"commentCount":0,"publisher":{"@id":"https:\/\/www.organisator.ch\/#organization"},"image":{"@id":"https:\/\/www.organisator.ch\/sustainability\/2019-09-20\/rueckschau-2-tag-der-insekten-schweiz\/#primaryimage"},"thumbnailUrl":"https:\/\/www.organisator.ch\/wp-content\/uploads\/2019\/09\/Insekt.jpg","keywords":["Biodiversit\u00e4t","Fachtagung","Insektensterben","Massnahmen","Schweiz"],"articleSection":["SUSTAINABILITY"],"inLanguage":"it-IT"},{"@type":"WebPage","@id":"https:\/\/www.organisator.ch\/sustainability\/2019-09-20\/rueckschau-2-tag-der-insekten-schweiz\/","url":"https:\/\/www.organisator.ch\/sustainability\/2019-09-20\/rueckschau-2-tag-der-insekten-schweiz\/","name":"Recensione: \"2a Giornata degli insetti Svizzera\" - Organizzatore","isPartOf":{"@id":"https:\/\/www.organisator.ch\/#website"},"primaryImageOfPage":{"@id":"https:\/\/www.organisator.ch\/sustainability\/2019-09-20\/rueckschau-2-tag-der-insekten-schweiz\/#primaryimage"},"image":{"@id":"https:\/\/www.organisator.ch\/sustainability\/2019-09-20\/rueckschau-2-tag-der-insekten-schweiz\/#primaryimage"},"thumbnailUrl":"https:\/\/www.organisator.ch\/wp-content\/uploads\/2019\/09\/Insekt.jpg","datePublished":"2019-09-20T08:56:12+00:00","dateModified":"2022-02-09T10:06:51+00:00","description":"Pi\u00f9 di 300 persone provenienti dal mondo della ricerca, della politica, dell'economia e della conservazione della natura hanno cercato misure contro la mortalit\u00e0 degli insetti alla \"2a Giornata svizzera degli insetti\".","breadcrumb":{"@id":"https:\/\/www.organisator.ch\/sustainability\/2019-09-20\/rueckschau-2-tag-der-insekten-schweiz\/#breadcrumb"},"inLanguage":"it-IT","potentialAction":[{"@type":"ReadAction","target":["https:\/\/www.organisator.ch\/sustainability\/2019-09-20\/rueckschau-2-tag-der-insekten-schweiz\/"]}]},{"@type":"ImageObject","inLanguage":"it-IT","@id":"https:\/\/www.organisator.ch\/sustainability\/2019-09-20\/rueckschau-2-tag-der-insekten-schweiz\/#primaryimage","url":"https:\/\/www.organisator.ch\/wp-content\/uploads\/2019\/09\/Insekt.jpg","contentUrl":"https:\/\/www.organisator.ch\/wp-content\/uploads\/2019\/09\/Insekt.jpg","width":2048,"height":1367,"caption":"In der Schweiz zeigen die Roten Listen, dass \u00fcber 40 Prozent der Insektenarten gef\u00e4hrdet und 5 Prozent bereits ausgestorben sind. In manchen deutschsprachigen Gebieten ist ihre Anzahl um \u00fcber 70 Prozent zur\u00fcckgegangen, wurden zahlreiche Teilnehmende am \"2. Tag der Insekten Schweiz\" informiert. (Bild: Insect Respect)"},{"@type":"BreadcrumbList","@id":"https:\/\/www.organisator.ch\/sustainability\/2019-09-20\/rueckschau-2-tag-der-insekten-schweiz\/#breadcrumb","itemListElement":[{"@type":"ListItem","position":1,"name":"Home","item":"https:\/\/www.organisator.ch\/"},{"@type":"ListItem","position":2,"name":"R\u00fcckschau: &#8222;2. Tag der Insekten Schweiz&#8220;"}]},{"@type":"WebSite","@id":"https:\/\/www.organisator.ch\/#website","url":"https:\/\/www.organisator.ch\/","name":"Organizzatore","description":"Competente. Pratico. In 10 numeri all'anno, ORGANISATOR presenta i temi essenziali per i manager delle PMI.","publisher":{"@id":"https:\/\/www.organisator.ch\/#organization"},"potentialAction":[{"@type":"SearchAction","target":{"@type":"EntryPoint","urlTemplate":"https:\/\/www.organisator.ch\/?s={search_term_string}"},"query-input":{"@type":"PropertyValueSpecification","valueRequired":true,"valueName":"search_term_string"}}],"inLanguage":"it-IT"},{"@type":"Organization","@id":"https:\/\/www.organisator.ch\/#organization","name":"Organizzatore","url":"https:\/\/www.organisator.ch\/","logo":{"@type":"ImageObject","inLanguage":"it-IT","@id":"https:\/\/www.organisator.ch\/#\/schema\/logo\/image\/","url":"https:\/\/www.organisator.ch\/wp-content\/uploads\/2022\/01\/Logo_Organisator_Website.png","contentUrl":"https:\/\/www.organisator.ch\/wp-content\/uploads\/2022\/01\/Logo_Organisator_Website.png","width":800,"height":77,"caption":"Organisator"},"image":{"@id":"https:\/\/www.organisator.ch\/#\/schema\/logo\/image\/"},"sameAs":["https:\/\/www.facebook.com\/OrganisatorFachmagazin","https:\/\/www.linkedin.com\/showcase\/organisator-das-magazin-fr-kmu","https:\/\/www.xing.com\/news\/pages\/organisator-ch-695","https:\/\/www.youtube.com\/channel\/UCGP2Sq0iWaZwT3BdIAQFYpw"]},{"@type":"Person","@id":"https:\/\/www.organisator.ch\/#\/schema\/person\/134708ca9321c57b0362cceb7948ffbd","name":"michael.merz","image":{"@type":"ImageObject","inLanguage":"it-IT","@id":"https:\/\/secure.gravatar.com\/avatar\/?s=96&d=mm&r=g","url":"https:\/\/secure.gravatar.com\/avatar\/?s=96&d=mm&r=g","contentUrl":"https:\/\/secure.gravatar.com\/avatar\/?s=96&d=mm&r=g","caption":"michael.merz"},"url":"https:\/\/www.organisator.ch\/it\/author\/michael-merz\/"}]}},"_links":{"self":[{"href":"https:\/\/www.organisator.ch\/it\/wp-json\/wp\/v2\/posts\/2478","targetHints":{"allow":["GET"]}}],"collection":[{"href":"https:\/\/www.organisator.ch\/it\/wp-json\/wp\/v2\/posts"}],"about":[{"href":"https:\/\/www.organisator.ch\/it\/wp-json\/wp\/v2\/types\/post"}],"author":[{"embeddable":true,"href":"https:\/\/www.organisator.ch\/it\/wp-json\/wp\/v2\/users\/5"}],"replies":[{"embeddable":true,"href":"https:\/\/www.organisator.ch\/it\/wp-json\/wp\/v2\/comments?post=2478"}],"version-history":[{"count":1,"href":"https:\/\/www.organisator.ch\/it\/wp-json\/wp\/v2\/posts\/2478\/revisions"}],"predecessor-version":[{"id":10693,"href":"https:\/\/www.organisator.ch\/it\/wp-json\/wp\/v2\/posts\/2478\/revisions\/10693"}],"wp:featuredmedia":[{"embeddable":true,"href":"https:\/\/www.organisator.ch\/it\/wp-json\/wp\/v2\/media\/2479"}],"wp:attachment":[{"href":"https:\/\/www.organisator.ch\/it\/wp-json\/wp\/v2\/media?parent=2478"}],"wp:term":[{"taxonomy":"category","embeddable":true,"href":"https:\/\/www.organisator.ch\/it\/wp-json\/wp\/v2\/categories?post=2478"},{"taxonomy":"post_tag","embeddable":true,"href":"https:\/\/www.organisator.ch\/it\/wp-json\/wp\/v2\/tags?post=2478"}],"curies":[{"name":"wp","href":"https:\/\/api.w.org\/{rel}","templated":true}]}}