{"id":24782,"date":"2024-02-05T14:43:34","date_gmt":"2024-02-05T13:43:34","guid":{"rendered":"https:\/\/www.organisator.ch\/?p=24782"},"modified":"2024-02-05T14:43:34","modified_gmt":"2024-02-05T13:43:34","slug":"schweizer-ma-markt-mit-weniger-fusionen-und-uebernahmen","status":"publish","type":"post","link":"https:\/\/www.organisator.ch\/it\/management\/2024-02-05\/schweizer-ma-markt-mit-weniger-fusionen-und-uebernahmen\/","title":{"rendered":"Mercato M&amp;A svizzero con meno fusioni e acquisizioni"},"content":{"rendered":"<figure id=\"attachment_24784\" aria-describedby=\"caption-attachment-24784\" style=\"width: 680px\" class=\"wp-caption alignnone\"><img loading=\"lazy\" decoding=\"async\" class=\"size-full wp-image-24784\" src=\"https:\/\/www.organisator.ch\/wp-content\/uploads\/2024\/02\/KMPG_Bild1_ps.jpg\" alt=\"\" width=\"680\" height=\"454\" srcset=\"https:\/\/www.organisator.ch\/wp-content\/uploads\/2024\/02\/KMPG_Bild1_ps.jpg 680w, https:\/\/www.organisator.ch\/wp-content\/uploads\/2024\/02\/KMPG_Bild1_ps-18x12.jpg 18w, https:\/\/www.organisator.ch\/wp-content\/uploads\/2024\/02\/KMPG_Bild1_ps-375x250.jpg 375w, https:\/\/www.organisator.ch\/wp-content\/uploads\/2024\/02\/KMPG_Bild1_ps-524x350.jpg 524w\" sizes=\"auto, (max-width: 680px) 100vw, 680px\" \/><figcaption id=\"caption-attachment-24784\" class=\"wp-caption-text\">Con 484 fusioni e acquisizioni, l'anno scorso sono state completate 25% transazioni in meno rispetto al 2022. (Immagine: www.depositphotos.com)<\/figcaption><\/figure>\n<p>\"Il minor numero di operazioni rispetto ai due anni record precedenti \u00e8 dovuto principalmente all'aumento dei tassi di interesse e alla maggiore incertezza economica\", spiega Timo Knak, Head of Deal Advisory di KPMG Svizzera. Colpisce anche il forte calo del volume delle operazioni, quasi dimezzato, da 138,5 miliardi di dollari nel 2022 a 72,2 miliardi di dollari nel 2023. KPMG Deal Advisory prevede una leggera tendenza al rialzo per l'anno in corso.<\/p>\n<h3><strong>Settore dei beni industriali con maggiore attivit\u00e0<\/strong><\/h3>\n<p>20% di tutte le transazioni del 2023 hanno riguardato il settore dei beni industriali, che ha registrato 98 operazioni e un volume di transazioni di circa 6 miliardi di dollari. Ci\u00f2 significa che per la prima volta dall'inizio della crisi del coronavirus, il settore industriale ha superato quello delle telecomunicazioni, dei media e della tecnologia (TMT) come secondo settore pi\u00f9 attivo sul mercato delle fusioni e acquisizioni. Con 76 operazioni e un volume di transazioni di poco superiore a 1,1 miliardi di dollari, il settore TMT ha registrato un'attivit\u00e0 significativamente inferiore nel 2023 rispetto all'anno precedente, con 124 transazioni e un volume di quasi 15 miliardi di dollari. Come nell'anno precedente, il settore farmaceutico e delle scienze della vita ha seguito al terzo posto con 72 transazioni e un volume di quasi 25 miliardi di dollari.<\/p>\n<p>\u00c8 degna di nota la minore percentuale di fusioni e acquisizioni che coinvolgono il private equity: se negli anni precedenti le societ\u00e0 di private equity erano coinvolte in circa un terzo delle transazioni, nel 2023 questa cifra era inferiore a un quarto. Inoltre, il volume delle transazioni di questo gruppo di investitori \u00e8 al livello pi\u00f9 basso degli ultimi dieci anni, con 4,8 miliardi di dollari (anno precedente: 35 miliardi di dollari). \"Lo scorso anno molti investitori di private equity si sono concentrati sull'ottimizzazione dei portafogli esistenti a causa del difficile contesto economico. Inoltre, le aspettative di prezzo di venditori e acquirenti spesso non coincidevano, il che \u00e8 il prerequisito fondamentale per un mercato M&amp;A attivo\", spiega Timo Knak.\u00a0<\/p>\n<h3><strong>L'acquisizione di CS \u00e8 tra le pi\u00f9 importanti operazioni di M&amp;A in Svizzera<\/strong><\/h3>\n<p>Le dieci fusioni e acquisizioni pi\u00f9 significative hanno rappresentato 51 miliardi di dollari del volume totale delle transazioni nel 2023, pari a circa 70%. L'acquisizione di Credit Suisse da parte di UBS \u00e8 quella che ha attirato maggiormente l'attenzione del pubblico. Tuttavia, con circa 3,5 miliardi di dollari, si \u00e8 trattato di un'operazione di dimensioni modeste. La transazione pi\u00f9 grande \u00e8 stata la vendita dell'azienda agricola Vittera da parte di Glencore al gruppo agricolo Bunge per 17,3 miliardi di dollari, La Glencore si \u00e8 piazzata al terzo posto, questa volta come acquirente della divisione carbone d'acciaio di Teck Resources, Elk Valley Resources, per circa 6,9 miliardi di dollari. Questa transazione ha fatto seguito al tentativo fallito di Glencore di acquisire l'intera Teck Resources all'inizio dell'anno, quando era stata presentata un'offerta di poco inferiore ai 31,9 miliardi di dollari per la societ\u00e0 mineraria canadese.\u00a0<\/p>\n<figure id=\"attachment_24785\" aria-describedby=\"caption-attachment-24785\" style=\"width: 680px\" class=\"wp-caption alignnone\"><img loading=\"lazy\" decoding=\"async\" class=\"size-full wp-image-24785\" src=\"https:\/\/www.organisator.ch\/wp-content\/uploads\/2024\/02\/de-top-ch-ma-transactions-2023_Bild2_ps.jpg\" alt=\"\" width=\"680\" height=\"481\" srcset=\"https:\/\/www.organisator.ch\/wp-content\/uploads\/2024\/02\/de-top-ch-ma-transactions-2023_Bild2_ps.jpg 680w, https:\/\/www.organisator.ch\/wp-content\/uploads\/2024\/02\/de-top-ch-ma-transactions-2023_Bild2_ps-18x12.jpg 18w, https:\/\/www.organisator.ch\/wp-content\/uploads\/2024\/02\/de-top-ch-ma-transactions-2023_Bild2_ps-375x265.jpg 375w, https:\/\/www.organisator.ch\/wp-content\/uploads\/2024\/02\/de-top-ch-ma-transactions-2023_Bild2_ps-495x350.jpg 495w\" sizes=\"auto, (max-width: 680px) 100vw, 680px\" \/><figcaption id=\"caption-attachment-24785\" class=\"wp-caption-text\">Le dieci maggiori transazioni con partecipazione svizzera nel 2023 (Immagine: www.kmpg.ch)<\/figcaption><\/figure>\n<h3><strong>Le aziende svizzere sono impegnate in acquisti all'estero<\/strong><\/h3>\n<p>Contrariamente alla credenza popolare secondo cui le societ\u00e0 svizzere vengono sempre pi\u00f9 acquisite da societ\u00e0 estere, i dati mostrano un quadro diverso: le societ\u00e0 svizzere hanno acquisito societ\u00e0 o quote societarie estere in 216 casi (45% di tutte le transazioni), mentre le societ\u00e0 estere hanno acquisito societ\u00e0 o quote societarie svizzere in 118 casi (24% di transazioni). Le transazioni nazionali (Svizzera\/Svizzera) hanno rappresentato poco meno di un quinto di tutte le transazioni, con 86 operazioni. Circa 13% di tutte le transazioni sono attribuibili a transazioni estere con venditori svizzeri (64 operazioni).<\/p>\n<h3><strong>Prospettive: L'IT sempre pi\u00f9 al centro di fusioni e acquisizioni<\/strong><\/h3>\n<p>Per l'anno in corso, Timo Knak prevede che sia l'attivit\u00e0 di M&amp;A che il volume delle transazioni aumenteranno ancora leggermente. \"Le fusioni e acquisizioni sono ancora un tema strategicamente importante\", afferma Knak. Secondo l'esperto, tuttavia, la complessit\u00e0 delle fusioni e acquisizioni continuer\u00e0 ad aumentare, non solo a causa dei maggiori requisiti di sostenibilit\u00e0, ma anche in considerazione degli sviluppi tecnologici. \"I paesaggi informatici delle aziende stanno diventando sempre pi\u00f9 complessi, non da ultimo a causa dell'ascesa dell'intelligenza artificiale. Questo sviluppo si ripercuote anche sul settore delle transazioni\", afferma Knak. \"Da un lato, aumenta l'importanza della due diligence informatica prima di una transazione, per riconoscere tempestivamente rischi quali le vulnerabilit\u00e0 dei sistemi e le violazioni della protezione dei dati. Dall'altro lato, chi \u00e8 coinvolto sia nelle acquisizioni che negli spin-off deve assicurarsi che il processo di integrazione o di spin-off non provochi alcuna interruzione dei processi aziendali critici. Una gestione efficace di questi aspetti informatici \u00e8 quindi fondamentale per evitare spiacevoli sorprese\".<\/p>\n<p><em>Fonte: <a href=\"http:\/\/www.kpmg.ch\">www.kpmg.ch<\/a><\/em><\/p>","protected":false},"excerpt":{"rendered":"<p>Con 484 fusioni e acquisizioni, l'anno scorso sono state completate 25% transazioni in meno rispetto al 2022. Ci\u00f2 significa che l'attivit\u00e0 di fusione e acquisizione \u00e8 tornata verso la media di lungo periodo.<\/p>","protected":false},"author":58,"featured_media":24784,"comment_status":"closed","ping_status":"closed","sticky":false,"template":"","format":"standard","meta":{"_acf_changed":false,"_yoast_wpseo_focuskw":"M&A-Markt","_yoast_wpseo_metadesc":"Mit 484 Fusionen und \u00dcbernahmen wurden letztes Jahr 25% weniger Transaktionen als 2022 vollzogen. Damit hat sich die M&A-Aktivit\u00e4t wieder in Richtung langj\u00e4hriger Durchschnitt bewegt.","articlekey":"","footnotes":""},"categories":[28],"tags":[4084,334,424,492],"class_list":["post-24782","post","type-post","status-publish","format-standard","has-post-thumbnail","hentry","category-management","tag-ma-markt","tag-management","tag-schweiz","tag-unternehmen"],"acf":[],"yoast_head":"<!-- This site is optimized with the Yoast SEO plugin v27.5 - https:\/\/yoast.com\/product\/yoast-seo-wordpress\/ -->\n<title>Schweizer M&amp;A-Markt mit weniger Fusionen und \u00dcbernahmen - Organisator<\/title>\n<meta name=\"description\" content=\"Mit 484 Fusionen und \u00dcbernahmen wurden letztes Jahr 25% weniger Transaktionen als 2022 vollzogen. Damit hat sich die M&amp;A-Aktivit\u00e4t wieder in Richtung langj\u00e4hriger Durchschnitt bewegt.\" \/>\n<meta name=\"robots\" content=\"index, follow, max-snippet:-1, max-image-preview:large, max-video-preview:-1\" \/>\n<link rel=\"canonical\" href=\"https:\/\/www.organisator.ch\/it\/gestione-2\/2024-02-05\/schweizer-ma-markt-mit-weniger-fusionen-und-uebernahmen\/\" \/>\n<meta property=\"og:locale\" content=\"it_IT\" \/>\n<meta property=\"og:type\" content=\"article\" \/>\n<meta property=\"og:title\" content=\"Schweizer M&amp;A-Markt mit weniger Fusionen und \u00dcbernahmen\" \/>\n<meta property=\"og:description\" content=\"Mit 484 Fusionen und \u00dcbernahmen wurden letztes Jahr 25% weniger Transaktionen als 2022 vollzogen. Damit hat sich die M&amp;A-Aktivit\u00e4t wieder in Richtung langj\u00e4hriger Durchschnitt bewegt.\" \/>\n<meta property=\"og:url\" content=\"https:\/\/www.organisator.ch\/it\/gestione-2\/2024-02-05\/schweizer-ma-markt-mit-weniger-fusionen-und-uebernahmen\/\" \/>\n<meta property=\"og:site_name\" content=\"Organisator\" \/>\n<meta property=\"article:publisher\" content=\"https:\/\/www.facebook.com\/OrganisatorFachmagazin\" \/>\n<meta property=\"article:published_time\" content=\"2024-02-05T13:43:34+00:00\" \/>\n<meta property=\"og:image\" content=\"https:\/\/www.organisator.ch\/wp-content\/uploads\/2024\/02\/KMPG_Bild1_ps.jpg\" \/>\n\t<meta property=\"og:image:width\" content=\"680\" \/>\n\t<meta property=\"og:image:height\" content=\"454\" \/>\n\t<meta property=\"og:image:type\" content=\"image\/jpeg\" \/>\n<meta name=\"author\" content=\"Adelisa Kalajdzini\" \/>\n<meta name=\"twitter:card\" content=\"summary_large_image\" \/>\n<meta name=\"twitter:title\" content=\"Schweizer M&amp;A-Markt mit weniger Fusionen und \u00dcbernahmen\" \/>\n<meta name=\"twitter:description\" content=\"Mit 484 #Fusionen und #\u00dcbernahmen wurden letztes Jahr 25% weniger #Transaktionen als 2022 vollzogen. Damit hat sich die M&amp;A-Aktivit\u00e4t wieder in Richtung langj\u00e4hriger #Durchschnitt bewegt.\" \/>\n<meta name=\"twitter:image\" content=\"https:\/\/www.organisator.ch\/wp-content\/uploads\/2024\/02\/KMPG_Bild1_ps.jpg\" \/>\n<script type=\"application\/ld+json\" class=\"yoast-schema-graph\">{\"@context\":\"https:\\\/\\\/schema.org\",\"@graph\":[{\"@type\":\"Article\",\"@id\":\"https:\\\/\\\/www.organisator.ch\\\/management\\\/2024-02-05\\\/schweizer-ma-markt-mit-weniger-fusionen-und-uebernahmen\\\/#article\",\"isPartOf\":{\"@id\":\"https:\\\/\\\/www.organisator.ch\\\/management\\\/2024-02-05\\\/schweizer-ma-markt-mit-weniger-fusionen-und-uebernahmen\\\/\"},\"author\":{\"name\":\"Adelisa Kalajdzini\",\"@id\":\"https:\\\/\\\/www.organisator.ch\\\/#\\\/schema\\\/person\\\/2e1314a2172123f874db408d8911d3f3\"},\"headline\":\"Schweizer M&#038;A-Markt mit weniger Fusionen und \u00dcbernahmen\",\"datePublished\":\"2024-02-05T13:43:34+00:00\",\"mainEntityOfPage\":{\"@id\":\"https:\\\/\\\/www.organisator.ch\\\/management\\\/2024-02-05\\\/schweizer-ma-markt-mit-weniger-fusionen-und-uebernahmen\\\/\"},\"wordCount\":738,\"publisher\":{\"@id\":\"https:\\\/\\\/www.organisator.ch\\\/#organization\"},\"image\":{\"@id\":\"https:\\\/\\\/www.organisator.ch\\\/management\\\/2024-02-05\\\/schweizer-ma-markt-mit-weniger-fusionen-und-uebernahmen\\\/#primaryimage\"},\"thumbnailUrl\":\"https:\\\/\\\/www.organisator.ch\\\/wp-content\\\/uploads\\\/2024\\\/02\\\/KMPG_Bild1_ps.jpg\",\"keywords\":[\"M&amp;A Markt\",\"Management\",\"Schweiz\",\"Unternehmen\"],\"articleSection\":[\"MANAGEMENT\"],\"inLanguage\":\"it-IT\"},{\"@type\":\"WebPage\",\"@id\":\"https:\\\/\\\/www.organisator.ch\\\/management\\\/2024-02-05\\\/schweizer-ma-markt-mit-weniger-fusionen-und-uebernahmen\\\/\",\"url\":\"https:\\\/\\\/www.organisator.ch\\\/management\\\/2024-02-05\\\/schweizer-ma-markt-mit-weniger-fusionen-und-uebernahmen\\\/\",\"name\":\"Schweizer M&A-Markt mit weniger Fusionen und \u00dcbernahmen - Organisator\",\"isPartOf\":{\"@id\":\"https:\\\/\\\/www.organisator.ch\\\/#website\"},\"primaryImageOfPage\":{\"@id\":\"https:\\\/\\\/www.organisator.ch\\\/management\\\/2024-02-05\\\/schweizer-ma-markt-mit-weniger-fusionen-und-uebernahmen\\\/#primaryimage\"},\"image\":{\"@id\":\"https:\\\/\\\/www.organisator.ch\\\/management\\\/2024-02-05\\\/schweizer-ma-markt-mit-weniger-fusionen-und-uebernahmen\\\/#primaryimage\"},\"thumbnailUrl\":\"https:\\\/\\\/www.organisator.ch\\\/wp-content\\\/uploads\\\/2024\\\/02\\\/KMPG_Bild1_ps.jpg\",\"datePublished\":\"2024-02-05T13:43:34+00:00\",\"description\":\"Mit 484 Fusionen und \u00dcbernahmen wurden letztes Jahr 25% weniger Transaktionen als 2022 vollzogen. Damit hat sich die M&A-Aktivit\u00e4t wieder in Richtung langj\u00e4hriger Durchschnitt bewegt.\",\"breadcrumb\":{\"@id\":\"https:\\\/\\\/www.organisator.ch\\\/management\\\/2024-02-05\\\/schweizer-ma-markt-mit-weniger-fusionen-und-uebernahmen\\\/#breadcrumb\"},\"inLanguage\":\"it-IT\",\"potentialAction\":[{\"@type\":\"ReadAction\",\"target\":[\"https:\\\/\\\/www.organisator.ch\\\/management\\\/2024-02-05\\\/schweizer-ma-markt-mit-weniger-fusionen-und-uebernahmen\\\/\"]}]},{\"@type\":\"ImageObject\",\"inLanguage\":\"it-IT\",\"@id\":\"https:\\\/\\\/www.organisator.ch\\\/management\\\/2024-02-05\\\/schweizer-ma-markt-mit-weniger-fusionen-und-uebernahmen\\\/#primaryimage\",\"url\":\"https:\\\/\\\/www.organisator.ch\\\/wp-content\\\/uploads\\\/2024\\\/02\\\/KMPG_Bild1_ps.jpg\",\"contentUrl\":\"https:\\\/\\\/www.organisator.ch\\\/wp-content\\\/uploads\\\/2024\\\/02\\\/KMPG_Bild1_ps.jpg\",\"width\":680,\"height\":454,\"caption\":\"Mit 484 Fusionen und \u00dcbernahmen wurden letztes Jahr 25% weniger Transaktionen als 2022 vollzogen. (Bild: www.depositphotos.com)\"},{\"@type\":\"BreadcrumbList\",\"@id\":\"https:\\\/\\\/www.organisator.ch\\\/management\\\/2024-02-05\\\/schweizer-ma-markt-mit-weniger-fusionen-und-uebernahmen\\\/#breadcrumb\",\"itemListElement\":[{\"@type\":\"ListItem\",\"position\":1,\"name\":\"Home\",\"item\":\"https:\\\/\\\/www.organisator.ch\\\/\"},{\"@type\":\"ListItem\",\"position\":2,\"name\":\"Schweizer M&#038;A-Markt mit weniger Fusionen und \u00dcbernahmen\"}]},{\"@type\":\"WebSite\",\"@id\":\"https:\\\/\\\/www.organisator.ch\\\/#website\",\"url\":\"https:\\\/\\\/www.organisator.ch\\\/\",\"name\":\"Organisator\",\"description\":\"Kompetent. Praxisnah. Der ORGANISATOR bereitet in 10 Ausgaben pro Jahr die wesentlichen Themen f\u00fcr F\u00fchrungskr\u00e4fte von KMU auf.\",\"publisher\":{\"@id\":\"https:\\\/\\\/www.organisator.ch\\\/#organization\"},\"potentialAction\":[{\"@type\":\"SearchAction\",\"target\":{\"@type\":\"EntryPoint\",\"urlTemplate\":\"https:\\\/\\\/www.organisator.ch\\\/?s={search_term_string}\"},\"query-input\":{\"@type\":\"PropertyValueSpecification\",\"valueRequired\":true,\"valueName\":\"search_term_string\"}}],\"inLanguage\":\"it-IT\"},{\"@type\":\"Organization\",\"@id\":\"https:\\\/\\\/www.organisator.ch\\\/#organization\",\"name\":\"Organisator\",\"url\":\"https:\\\/\\\/www.organisator.ch\\\/\",\"logo\":{\"@type\":\"ImageObject\",\"inLanguage\":\"it-IT\",\"@id\":\"https:\\\/\\\/www.organisator.ch\\\/#\\\/schema\\\/logo\\\/image\\\/\",\"url\":\"https:\\\/\\\/www.organisator.ch\\\/wp-content\\\/uploads\\\/2022\\\/01\\\/Logo_Organisator_Website.png\",\"contentUrl\":\"https:\\\/\\\/www.organisator.ch\\\/wp-content\\\/uploads\\\/2022\\\/01\\\/Logo_Organisator_Website.png\",\"width\":800,\"height\":77,\"caption\":\"Organisator\"},\"image\":{\"@id\":\"https:\\\/\\\/www.organisator.ch\\\/#\\\/schema\\\/logo\\\/image\\\/\"},\"sameAs\":[\"https:\\\/\\\/www.facebook.com\\\/OrganisatorFachmagazin\",\"https:\\\/\\\/www.linkedin.com\\\/showcase\\\/organisator-das-magazin-fr-kmu\",\"https:\\\/\\\/www.xing.com\\\/news\\\/pages\\\/organisator-ch-695\",\"https:\\\/\\\/www.youtube.com\\\/channel\\\/UCGP2Sq0iWaZwT3BdIAQFYpw\"]},{\"@type\":\"Person\",\"@id\":\"https:\\\/\\\/www.organisator.ch\\\/#\\\/schema\\\/person\\\/2e1314a2172123f874db408d8911d3f3\",\"name\":\"Adelisa Kalajdzini\",\"image\":{\"@type\":\"ImageObject\",\"inLanguage\":\"it-IT\",\"@id\":\"https:\\\/\\\/secure.gravatar.com\\\/avatar\\\/09a397c22ac58cad6f160ee8306348599df9df58a8ede73696226897b9fa4b24?s=96&d=mm&r=g\",\"url\":\"https:\\\/\\\/secure.gravatar.com\\\/avatar\\\/09a397c22ac58cad6f160ee8306348599df9df58a8ede73696226897b9fa4b24?s=96&d=mm&r=g\",\"contentUrl\":\"https:\\\/\\\/secure.gravatar.com\\\/avatar\\\/09a397c22ac58cad6f160ee8306348599df9df58a8ede73696226897b9fa4b24?s=96&d=mm&r=g\",\"caption\":\"Adelisa Kalajdzini\"},\"url\":\"https:\\\/\\\/www.organisator.ch\\\/it\\\/author\\\/adelisa-kalajdzini\\\/\"}]}<\/script>\n<!-- \/ Yoast SEO plugin. -->","yoast_head_json":{"title":"Mercato M&amp;A svizzero con meno fusioni e acquisizioni - Organizzatore","description":"Con 484 fusioni e acquisizioni, l'anno scorso sono state completate 25% transazioni in meno rispetto al 2022. Ci\u00f2 significa che l'attivit\u00e0 di fusione e acquisizione \u00e8 tornata verso la media di lungo periodo.","robots":{"index":"index","follow":"follow","max-snippet":"max-snippet:-1","max-image-preview":"max-image-preview:large","max-video-preview":"max-video-preview:-1"},"canonical":"https:\/\/www.organisator.ch\/it\/gestione-2\/2024-02-05\/schweizer-ma-markt-mit-weniger-fusionen-und-uebernahmen\/","og_locale":"it_IT","og_type":"article","og_title":"Schweizer M&A-Markt mit weniger Fusionen und \u00dcbernahmen","og_description":"Mit 484 Fusionen und \u00dcbernahmen wurden letztes Jahr 25% weniger Transaktionen als 2022 vollzogen. Damit hat sich die M&A-Aktivit\u00e4t wieder in Richtung langj\u00e4hriger Durchschnitt bewegt.","og_url":"https:\/\/www.organisator.ch\/it\/gestione-2\/2024-02-05\/schweizer-ma-markt-mit-weniger-fusionen-und-uebernahmen\/","og_site_name":"Organisator","article_publisher":"https:\/\/www.facebook.com\/OrganisatorFachmagazin","article_published_time":"2024-02-05T13:43:34+00:00","og_image":[{"width":680,"height":454,"url":"https:\/\/www.organisator.ch\/wp-content\/uploads\/2024\/02\/KMPG_Bild1_ps.jpg","type":"image\/jpeg"}],"author":"Adelisa Kalajdzini","twitter_card":"summary_large_image","twitter_title":"Schweizer M&A-Markt mit weniger Fusionen und \u00dcbernahmen","twitter_description":"Mit 484 #Fusionen und #\u00dcbernahmen wurden letztes Jahr 25% weniger #Transaktionen als 2022 vollzogen. Damit hat sich die M&A-Aktivit\u00e4t wieder in Richtung langj\u00e4hriger #Durchschnitt bewegt.","twitter_image":"https:\/\/www.organisator.ch\/wp-content\/uploads\/2024\/02\/KMPG_Bild1_ps.jpg","schema":{"@context":"https:\/\/schema.org","@graph":[{"@type":"Article","@id":"https:\/\/www.organisator.ch\/management\/2024-02-05\/schweizer-ma-markt-mit-weniger-fusionen-und-uebernahmen\/#article","isPartOf":{"@id":"https:\/\/www.organisator.ch\/management\/2024-02-05\/schweizer-ma-markt-mit-weniger-fusionen-und-uebernahmen\/"},"author":{"name":"Adelisa Kalajdzini","@id":"https:\/\/www.organisator.ch\/#\/schema\/person\/2e1314a2172123f874db408d8911d3f3"},"headline":"Schweizer M&#038;A-Markt mit weniger Fusionen und \u00dcbernahmen","datePublished":"2024-02-05T13:43:34+00:00","mainEntityOfPage":{"@id":"https:\/\/www.organisator.ch\/management\/2024-02-05\/schweizer-ma-markt-mit-weniger-fusionen-und-uebernahmen\/"},"wordCount":738,"publisher":{"@id":"https:\/\/www.organisator.ch\/#organization"},"image":{"@id":"https:\/\/www.organisator.ch\/management\/2024-02-05\/schweizer-ma-markt-mit-weniger-fusionen-und-uebernahmen\/#primaryimage"},"thumbnailUrl":"https:\/\/www.organisator.ch\/wp-content\/uploads\/2024\/02\/KMPG_Bild1_ps.jpg","keywords":["M&amp;A Markt","Management","Schweiz","Unternehmen"],"articleSection":["MANAGEMENT"],"inLanguage":"it-IT"},{"@type":"WebPage","@id":"https:\/\/www.organisator.ch\/management\/2024-02-05\/schweizer-ma-markt-mit-weniger-fusionen-und-uebernahmen\/","url":"https:\/\/www.organisator.ch\/management\/2024-02-05\/schweizer-ma-markt-mit-weniger-fusionen-und-uebernahmen\/","name":"Mercato M&amp;A svizzero con meno fusioni e acquisizioni - Organizzatore","isPartOf":{"@id":"https:\/\/www.organisator.ch\/#website"},"primaryImageOfPage":{"@id":"https:\/\/www.organisator.ch\/management\/2024-02-05\/schweizer-ma-markt-mit-weniger-fusionen-und-uebernahmen\/#primaryimage"},"image":{"@id":"https:\/\/www.organisator.ch\/management\/2024-02-05\/schweizer-ma-markt-mit-weniger-fusionen-und-uebernahmen\/#primaryimage"},"thumbnailUrl":"https:\/\/www.organisator.ch\/wp-content\/uploads\/2024\/02\/KMPG_Bild1_ps.jpg","datePublished":"2024-02-05T13:43:34+00:00","description":"Con 484 fusioni e acquisizioni, l'anno scorso sono state completate 25% transazioni in meno rispetto al 2022. Ci\u00f2 significa che l'attivit\u00e0 di fusione e acquisizione \u00e8 tornata verso la media di lungo periodo.","breadcrumb":{"@id":"https:\/\/www.organisator.ch\/management\/2024-02-05\/schweizer-ma-markt-mit-weniger-fusionen-und-uebernahmen\/#breadcrumb"},"inLanguage":"it-IT","potentialAction":[{"@type":"ReadAction","target":["https:\/\/www.organisator.ch\/management\/2024-02-05\/schweizer-ma-markt-mit-weniger-fusionen-und-uebernahmen\/"]}]},{"@type":"ImageObject","inLanguage":"it-IT","@id":"https:\/\/www.organisator.ch\/management\/2024-02-05\/schweizer-ma-markt-mit-weniger-fusionen-und-uebernahmen\/#primaryimage","url":"https:\/\/www.organisator.ch\/wp-content\/uploads\/2024\/02\/KMPG_Bild1_ps.jpg","contentUrl":"https:\/\/www.organisator.ch\/wp-content\/uploads\/2024\/02\/KMPG_Bild1_ps.jpg","width":680,"height":454,"caption":"Mit 484 Fusionen und \u00dcbernahmen wurden letztes Jahr 25% weniger Transaktionen als 2022 vollzogen. (Bild: www.depositphotos.com)"},{"@type":"BreadcrumbList","@id":"https:\/\/www.organisator.ch\/management\/2024-02-05\/schweizer-ma-markt-mit-weniger-fusionen-und-uebernahmen\/#breadcrumb","itemListElement":[{"@type":"ListItem","position":1,"name":"Home","item":"https:\/\/www.organisator.ch\/"},{"@type":"ListItem","position":2,"name":"Schweizer M&#038;A-Markt mit weniger Fusionen und \u00dcbernahmen"}]},{"@type":"WebSite","@id":"https:\/\/www.organisator.ch\/#website","url":"https:\/\/www.organisator.ch\/","name":"Organizzatore","description":"Competente. Pratico. In 10 numeri all'anno, ORGANISATOR presenta i temi essenziali per i manager delle PMI.","publisher":{"@id":"https:\/\/www.organisator.ch\/#organization"},"potentialAction":[{"@type":"SearchAction","target":{"@type":"EntryPoint","urlTemplate":"https:\/\/www.organisator.ch\/?s={search_term_string}"},"query-input":{"@type":"PropertyValueSpecification","valueRequired":true,"valueName":"search_term_string"}}],"inLanguage":"it-IT"},{"@type":"Organization","@id":"https:\/\/www.organisator.ch\/#organization","name":"Organizzatore","url":"https:\/\/www.organisator.ch\/","logo":{"@type":"ImageObject","inLanguage":"it-IT","@id":"https:\/\/www.organisator.ch\/#\/schema\/logo\/image\/","url":"https:\/\/www.organisator.ch\/wp-content\/uploads\/2022\/01\/Logo_Organisator_Website.png","contentUrl":"https:\/\/www.organisator.ch\/wp-content\/uploads\/2022\/01\/Logo_Organisator_Website.png","width":800,"height":77,"caption":"Organisator"},"image":{"@id":"https:\/\/www.organisator.ch\/#\/schema\/logo\/image\/"},"sameAs":["https:\/\/www.facebook.com\/OrganisatorFachmagazin","https:\/\/www.linkedin.com\/showcase\/organisator-das-magazin-fr-kmu","https:\/\/www.xing.com\/news\/pages\/organisator-ch-695","https:\/\/www.youtube.com\/channel\/UCGP2Sq0iWaZwT3BdIAQFYpw"]},{"@type":"Person","@id":"https:\/\/www.organisator.ch\/#\/schema\/person\/2e1314a2172123f874db408d8911d3f3","name":"Adelisa Kalajdzini","image":{"@type":"ImageObject","inLanguage":"it-IT","@id":"https:\/\/secure.gravatar.com\/avatar\/09a397c22ac58cad6f160ee8306348599df9df58a8ede73696226897b9fa4b24?s=96&d=mm&r=g","url":"https:\/\/secure.gravatar.com\/avatar\/09a397c22ac58cad6f160ee8306348599df9df58a8ede73696226897b9fa4b24?s=96&d=mm&r=g","contentUrl":"https:\/\/secure.gravatar.com\/avatar\/09a397c22ac58cad6f160ee8306348599df9df58a8ede73696226897b9fa4b24?s=96&d=mm&r=g","caption":"Adelisa Kalajdzini"},"url":"https:\/\/www.organisator.ch\/it\/author\/adelisa-kalajdzini\/"}]}},"_links":{"self":[{"href":"https:\/\/www.organisator.ch\/it\/wp-json\/wp\/v2\/posts\/24782","targetHints":{"allow":["GET"]}}],"collection":[{"href":"https:\/\/www.organisator.ch\/it\/wp-json\/wp\/v2\/posts"}],"about":[{"href":"https:\/\/www.organisator.ch\/it\/wp-json\/wp\/v2\/types\/post"}],"author":[{"embeddable":true,"href":"https:\/\/www.organisator.ch\/it\/wp-json\/wp\/v2\/users\/58"}],"replies":[{"embeddable":true,"href":"https:\/\/www.organisator.ch\/it\/wp-json\/wp\/v2\/comments?post=24782"}],"version-history":[{"count":6,"href":"https:\/\/www.organisator.ch\/it\/wp-json\/wp\/v2\/posts\/24782\/revisions"}],"predecessor-version":[{"id":24830,"href":"https:\/\/www.organisator.ch\/it\/wp-json\/wp\/v2\/posts\/24782\/revisions\/24830"}],"wp:featuredmedia":[{"embeddable":true,"href":"https:\/\/www.organisator.ch\/it\/wp-json\/wp\/v2\/media\/24784"}],"wp:attachment":[{"href":"https:\/\/www.organisator.ch\/it\/wp-json\/wp\/v2\/media?parent=24782"}],"wp:term":[{"taxonomy":"category","embeddable":true,"href":"https:\/\/www.organisator.ch\/it\/wp-json\/wp\/v2\/categories?post=24782"},{"taxonomy":"post_tag","embeddable":true,"href":"https:\/\/www.organisator.ch\/it\/wp-json\/wp\/v2\/tags?post=24782"}],"curies":[{"name":"wp","href":"https:\/\/api.w.org\/{rel}","templated":true}]}}