{"id":24851,"date":"2024-02-08T10:07:07","date_gmt":"2024-02-08T09:07:07","guid":{"rendered":"https:\/\/www.m-q.ch\/?p=19227"},"modified":"2024-11-12T06:22:56","modified_gmt":"2024-11-12T05:22:56","slug":"immer-im-verteidigungsmodus","status":"publish","type":"post","link":"https:\/\/www.organisator.ch\/it\/operational-excellence\/2024-02-08\/immer-im-verteidigungsmodus\/","title":{"rendered":"\"Sempre in modalit\u00e0 di difesa\""},"content":{"rendered":"<figure id=\"attachment_19228\" class=\"wp-caption alignnone\" style=\"width: 680px\" aria-describedby=\"caption-attachment-19228\"><img class=\"alignnone wp-image-19228 size-full\" src=\"https:\/\/www.m-q.ch\/wp-content\/uploads\/2024\/02\/Immer-im-Verteidigungsmodus_MQ.jpg\" alt=\"Giornate svizzere sulla sicurezza informatica\" width=\"680\" height=\"364\" \/>\r\n<figcaption id=\"caption-attachment-19228\" class=\"wp-caption-text\">Il 20\/21 febbraio 2024, gli Swiss Cyber Security Days si concentreranno sul tema \"Shaping Cyber Resilience\". Il fatto \u00e8 che molte organizzazioni sono in costante modalit\u00e0 di difesa. (Immagine: www.scsd.ch)<\/figcaption>\r\n<\/figure>\r\n<p>Pu\u00f2 essere davvero troppo facile per gli hacker: Secondo un'analisi dell'Hasso Plattner Institute (HPI), la sequenza numerica \"123456\" \u00e8 la password pi\u00f9 diffusa in Germania. Possiamo solo supporre che la situazione in Svizzera non sia molto diversa. Ciononostante, gli attacchi informatici alle aziende e alle amministrazioni pubbliche sono in continuo aumento. Ad esempio, la citt\u00e0 di Berna \u00e8 stata attaccata 23 milioni di volte nel 2023, come ha rivelato il sindaco Alec von Graffenried durante una conferenza stampa in vista degli Swiss Cyber Security Days. \"Siamo sempre in modalit\u00e0 di difesa\", ha sottolineato.<\/p>\r\n<h3><strong>Berna diventa \"capitale\" della sicurezza informatica<\/strong><\/h3>\r\n<p>Non \u00e8 un caso che Berna sia la sede della quinta edizione degli Swiss Cyber Security Days (SCSD). L'evento si trasferisce dalla pi\u00f9 tranquilla Friburgo alla citt\u00e0 federale e ha trovato una sede presso il centro espositivo BernEXPO, predestinato a eventi composti da esposizione e congresso. A ci\u00f2 si aggiungono naturalmente la posizione pi\u00f9 centrale e la migliore accessibilit\u00e0, nonch\u00e9 la maggiore vicinanza alle autorit\u00e0 federali o alle aziende statali (critiche per i sistemi) come la Posta, le FFS o Swisscom, che potrebbero diventare \"obiettivi primari\" per i criminali informatici. In questo senso, Berna sar\u00e0 la \"capitale\" della sicurezza informatica per due giorni a febbraio.<\/p>\r\n<p>Anche la possibilit\u00e0 di un attacco informatico alle infrastrutture critiche \u00e8 tra le priorit\u00e0 dell'agenda federale e cantonale per la gestione dei rischi. In occasione della citata conferenza stampa, il direttore degli Affari economici di Berna Christoph Ammann ha sottolineato l'elevato potenziale di danno: secondo le stime, i danni derivanti dai cyberattacchi ammontano a circa il 5% del PIL di un Paese, che in Svizzera sarebbe di circa 200 miliardi di franchi. \"Tutti sono quindi chiamati a prendere precauzioni. Questo vale sia per le grandi aziende che per le PMI\", ha dichiarato Christoph Ammann.<\/p>\r\n<h3><strong>Innovativo, ma non quando si tratta di sicurezza informatica<\/strong><\/h3>\r\n<p>Ed \u00e8 proprio con queste precauzioni che la Svizzera \u00e8 in ritardo. L'ex consigliere nazionale e attuale presidente delle Giornate svizzere della sicurezza informatica si rammarica del fatto che la Svizzera, il Paese pi\u00f9 innovativo del mondo, sia solo al 42\u00b0 posto nel Global Cyber Security Index, dietro alla Macedonia del Nord e davanti al Ghana. \"La Svizzera deve fare meglio\", afferma Fiala. Il CSSD vuole quindi contribuire a questo obiettivo\". Anche i politici hanno riconosciuto l'urgente necessit\u00e0 di agire. Il fatto che la Svizzera abbia ora un Segretariato di Stato per la Cyber dal 1\u00b0 gennaio 2024 \u00e8 un passo importante, secondo Fiala.<\/p>\r\n<p>Tuttavia, anche se la criminalit\u00e0 informatica \u00e8 oggi uno dei rischi principali, al pari del cambiamento climatico e della scarsit\u00e0 di energia, la consapevolezza del problema non \u00e8 ancora altrettanto elevata ovunque. L'esternalizzazione del problema \u00e8 sottovalutata, come ha sottolineato il consigliere governativo Christoph Ammann. La semplice esternalizzazione dei dati nel cloud non comporta necessariamente una maggiore sicurezza. Il Cantone di Berna, ad esempio, non utilizza un cloud, ma archivia i propri dati sui server della propria azienda. Tuttavia, la minaccia informatica sta anche scatenando le forze: ad esempio, la Direzione economica bernese e la Direzione della sicurezza stanno unendo le forze per la prima volta presso lo SCSD. \"\u00c8 una novit\u00e0 assoluta\", afferma Christoph Ammann.<\/p>\r\n<h3><strong>Programma ad ampio raggio<\/strong><\/h3>\r\n<p>Cosa possono aspettarsi i visitatori dello SCSD? Ci sar\u00e0 un \"Main Stage\" con interventi di esperti nazionali e internazionali. Ad esempio, il ministro ucraino per la Trasformazione digitale, Georgii Dubynskyi, illustrer\u00e0 le attuali esperienze del suo governo in materia di difesa informatica in tempo di guerra. Christian-Marc Lifl\u00e4nder, capo della sezione di difesa cibernetica della NATO, discuter\u00e0 il tema \"Il ciberspazio come area di guerra: l'uso della difesa cibernetica come parte inseparabile della difesa collettiva nella NATO\". Dalla Svizzera, Nicolas Mayencourt e Marc K. Peter analizzeranno la situazione informatica del Paese e il presidente del Politecnico di Zurigo Jo\u00ebl Mesot spiegher\u00e0 come la ricerca e l'innovazione possono contribuire a combattere la criminalit\u00e0 informatica.<\/p>\r\n<p>Il cosiddetto \"Tech Stage\" affronta temi come il metaverso: Il metaverso collega il mondo reale con quello virtuale. L'entusiasmo che circonda il metaverso si \u00e8 gi\u00e0 spento o la tecnologia \u00e8 finalmente pronta a dimostrare di essere una tecnologia a prova di futuro? Sebastian Kl\u00f6ss (Bitkom) e Fabian Wicki (University of Applied Sciences Northwestern Switzerland) affronteranno questa domanda. Verr\u00e0 inoltre presentato un progetto studentesco dell'ETH: la Cyber Clinic per le PMI. Questa iniziativa si propone come un ponte tra ricerca e impresa. Mira a migliorare la situazione della sicurezza informatica delle organizzazioni svizzere poco servite, come le PMI, ma anche delle grandi ONG.<\/p>\r\n<p>Inoltre, circa 80 espositori saranno presenti in loco con diverse soluzioni per migliorare la sicurezza informatica. Essi presenteranno anche le loro applicazioni in due \"Best Practice Stages\" sotto forma di brevi presentazioni.<\/p>\r\n<p><em>Ulteriori informazioni sul programma sono disponibili sul sito <a href=\"http:\/\/www.scsd.ch\/\">www.scsd.ch<\/a><\/em><\/p>\n<p class=\"syndicated-attribution\">Questo articolo \u00e8 apparso originariamente su m-q.ch - <a href=\"https:\/\/www.m-q.ch\/de\/immer-im-verteidigungsmodus\/\" target=\"_blank\">https:\/\/www.m-q.ch\/de\/immer-im-verteidigungsmodus\/<\/a><\/p>","protected":false},"excerpt":{"rendered":"<p>Il tema della sicurezza informatica non lascia pi\u00f9 indifferenti. In questo contesto, le Giornate svizzere della sicurezza informatica, che si svolgeranno a Berna il 20\/21 febbraio 2024, mirano a sensibilizzare ulteriormente l'opinione pubblica su questo tema e a presentare soluzioni concrete per una maggiore resilienza informatica. Nel corso di una conferenza stampa, rappresentanti dell'organizzazione fieristica, dell'economia e della politica hanno fornito informazioni sull'evento.<\/p>","protected":false},"author":8,"featured_media":0,"comment_status":"closed","ping_status":"closed","sticky":false,"template":"","format":"standard","meta":{"_acf_changed":false,"_yoast_wpseo_focuskw":"Swiss Cyber Security Days","_yoast_wpseo_metadesc":"Swiss Cyber Security Days 2024: Fokus auf Cybersicherheit und Resilienz. Keynotes von nationalen und internationalen Experten.","articlekey":"","footnotes":""},"categories":[582],"tags":[608,193,418],"class_list":["post-24851","post","type-post","status-publish","format-standard","hentry","category-operational-excellence","tag-cybersicherheit","tag-fachkongressfachmesse","tag-risikomanagement"],"acf":[],"yoast_head":"<!-- This site is optimized with the Yoast SEO plugin v27.4 - https:\/\/yoast.com\/product\/yoast-seo-wordpress\/ -->\n<title>\u00abImmer im Verteidigungsmodus\u00bb - Organisator<\/title>\n<meta name=\"description\" content=\"Swiss Cyber Security Days 2024: Fokus auf Cybersicherheit und Resilienz. Keynotes von nationalen und internationalen Experten.\" \/>\n<meta name=\"robots\" content=\"index, follow, max-snippet:-1, max-image-preview:large, max-video-preview:-1\" \/>\n<link rel=\"canonical\" href=\"https:\/\/www.organisator.ch\/it\/eccellenza-operativa\/2024-02-08\/immer-im-verteidigungsmodus\/\" \/>\n<meta property=\"og:locale\" content=\"it_IT\" \/>\n<meta property=\"og:type\" content=\"article\" \/>\n<meta property=\"og:title\" content=\"\u00abImmer im Verteidigungsmodus\u00bb - Organisator\" \/>\n<meta property=\"og:description\" content=\"Swiss Cyber Security Days 2024: Fokus auf Cybersicherheit und Resilienz. Keynotes von nationalen und internationalen Experten.\" \/>\n<meta property=\"og:url\" content=\"https:\/\/www.organisator.ch\/it\/eccellenza-operativa\/2024-02-08\/immer-im-verteidigungsmodus\/\" \/>\n<meta property=\"og:site_name\" content=\"Organisator\" \/>\n<meta property=\"article:publisher\" content=\"https:\/\/www.facebook.com\/OrganisatorFachmagazin\" \/>\n<meta property=\"article:published_time\" content=\"2024-02-08T09:07:07+00:00\" \/>\n<meta property=\"article:modified_time\" content=\"2024-11-12T05:22:56+00:00\" \/>\n<meta property=\"og:image\" content=\"https:\/\/www.m-q.ch\/wp-content\/uploads\/2024\/02\/Immer-im-Verteidigungsmodus_MQ.jpg\" \/>\n<meta name=\"author\" content=\"galledia\" \/>\n<meta name=\"twitter:card\" content=\"summary_large_image\" \/>\n<meta name=\"twitter:creator\" content=\"@admin\" \/>\n<script type=\"application\/ld+json\" class=\"yoast-schema-graph\">{\"@context\":\"https:\\\/\\\/schema.org\",\"@graph\":[{\"@type\":\"Article\",\"@id\":\"https:\\\/\\\/www.organisator.ch\\\/operational-excellence\\\/2024-02-08\\\/immer-im-verteidigungsmodus\\\/#article\",\"isPartOf\":{\"@id\":\"https:\\\/\\\/www.organisator.ch\\\/operational-excellence\\\/2024-02-08\\\/immer-im-verteidigungsmodus\\\/\"},\"author\":{\"name\":\"galledia\",\"@id\":\"https:\\\/\\\/www.organisator.ch\\\/#\\\/schema\\\/person\\\/4e51799071cd2dd1232ac003643ef5f0\"},\"headline\":\"\u00abImmer im Verteidigungsmodus\u00bb\",\"datePublished\":\"2024-02-08T09:07:07+00:00\",\"dateModified\":\"2024-11-12T05:22:56+00:00\",\"mainEntityOfPage\":{\"@id\":\"https:\\\/\\\/www.organisator.ch\\\/operational-excellence\\\/2024-02-08\\\/immer-im-verteidigungsmodus\\\/\"},\"wordCount\":769,\"publisher\":{\"@id\":\"https:\\\/\\\/www.organisator.ch\\\/#organization\"},\"image\":{\"@id\":\"https:\\\/\\\/www.organisator.ch\\\/operational-excellence\\\/2024-02-08\\\/immer-im-verteidigungsmodus\\\/#primaryimage\"},\"thumbnailUrl\":\"https:\\\/\\\/www.m-q.ch\\\/wp-content\\\/uploads\\\/2024\\\/02\\\/Immer-im-Verteidigungsmodus_MQ.jpg\",\"keywords\":[\"Cybersicherheit\",\"Fachkongress\\\/Fachmesse\",\"Risikomanagement\"],\"articleSection\":[\"OPERATIONAL EXCELLENCE\"],\"inLanguage\":\"it-IT\"},{\"@type\":\"WebPage\",\"@id\":\"https:\\\/\\\/www.organisator.ch\\\/operational-excellence\\\/2024-02-08\\\/immer-im-verteidigungsmodus\\\/\",\"url\":\"https:\\\/\\\/www.organisator.ch\\\/operational-excellence\\\/2024-02-08\\\/immer-im-verteidigungsmodus\\\/\",\"name\":\"\u00abImmer im Verteidigungsmodus\u00bb - Organisator\",\"isPartOf\":{\"@id\":\"https:\\\/\\\/www.organisator.ch\\\/#website\"},\"primaryImageOfPage\":{\"@id\":\"https:\\\/\\\/www.organisator.ch\\\/operational-excellence\\\/2024-02-08\\\/immer-im-verteidigungsmodus\\\/#primaryimage\"},\"image\":{\"@id\":\"https:\\\/\\\/www.organisator.ch\\\/operational-excellence\\\/2024-02-08\\\/immer-im-verteidigungsmodus\\\/#primaryimage\"},\"thumbnailUrl\":\"https:\\\/\\\/www.m-q.ch\\\/wp-content\\\/uploads\\\/2024\\\/02\\\/Immer-im-Verteidigungsmodus_MQ.jpg\",\"datePublished\":\"2024-02-08T09:07:07+00:00\",\"dateModified\":\"2024-11-12T05:22:56+00:00\",\"description\":\"Swiss Cyber Security Days 2024: Fokus auf Cybersicherheit und Resilienz. Keynotes von nationalen und internationalen Experten.\",\"breadcrumb\":{\"@id\":\"https:\\\/\\\/www.organisator.ch\\\/operational-excellence\\\/2024-02-08\\\/immer-im-verteidigungsmodus\\\/#breadcrumb\"},\"inLanguage\":\"it-IT\",\"potentialAction\":[{\"@type\":\"ReadAction\",\"target\":[\"https:\\\/\\\/www.organisator.ch\\\/operational-excellence\\\/2024-02-08\\\/immer-im-verteidigungsmodus\\\/\"]}]},{\"@type\":\"ImageObject\",\"inLanguage\":\"it-IT\",\"@id\":\"https:\\\/\\\/www.organisator.ch\\\/operational-excellence\\\/2024-02-08\\\/immer-im-verteidigungsmodus\\\/#primaryimage\",\"url\":\"https:\\\/\\\/www.m-q.ch\\\/wp-content\\\/uploads\\\/2024\\\/02\\\/Immer-im-Verteidigungsmodus_MQ.jpg\",\"contentUrl\":\"https:\\\/\\\/www.m-q.ch\\\/wp-content\\\/uploads\\\/2024\\\/02\\\/Immer-im-Verteidigungsmodus_MQ.jpg\"},{\"@type\":\"BreadcrumbList\",\"@id\":\"https:\\\/\\\/www.organisator.ch\\\/operational-excellence\\\/2024-02-08\\\/immer-im-verteidigungsmodus\\\/#breadcrumb\",\"itemListElement\":[{\"@type\":\"ListItem\",\"position\":1,\"name\":\"Home\",\"item\":\"https:\\\/\\\/www.organisator.ch\\\/\"},{\"@type\":\"ListItem\",\"position\":2,\"name\":\"\u00abImmer im Verteidigungsmodus\u00bb\"}]},{\"@type\":\"WebSite\",\"@id\":\"https:\\\/\\\/www.organisator.ch\\\/#website\",\"url\":\"https:\\\/\\\/www.organisator.ch\\\/\",\"name\":\"Organisator\",\"description\":\"Kompetent. Praxisnah. Der ORGANISATOR bereitet in 10 Ausgaben pro Jahr die wesentlichen Themen f\u00fcr F\u00fchrungskr\u00e4fte von KMU auf.\",\"publisher\":{\"@id\":\"https:\\\/\\\/www.organisator.ch\\\/#organization\"},\"potentialAction\":[{\"@type\":\"SearchAction\",\"target\":{\"@type\":\"EntryPoint\",\"urlTemplate\":\"https:\\\/\\\/www.organisator.ch\\\/?s={search_term_string}\"},\"query-input\":{\"@type\":\"PropertyValueSpecification\",\"valueRequired\":true,\"valueName\":\"search_term_string\"}}],\"inLanguage\":\"it-IT\"},{\"@type\":\"Organization\",\"@id\":\"https:\\\/\\\/www.organisator.ch\\\/#organization\",\"name\":\"Organisator\",\"url\":\"https:\\\/\\\/www.organisator.ch\\\/\",\"logo\":{\"@type\":\"ImageObject\",\"inLanguage\":\"it-IT\",\"@id\":\"https:\\\/\\\/www.organisator.ch\\\/#\\\/schema\\\/logo\\\/image\\\/\",\"url\":\"https:\\\/\\\/www.organisator.ch\\\/wp-content\\\/uploads\\\/2022\\\/01\\\/Logo_Organisator_Website.png\",\"contentUrl\":\"https:\\\/\\\/www.organisator.ch\\\/wp-content\\\/uploads\\\/2022\\\/01\\\/Logo_Organisator_Website.png\",\"width\":800,\"height\":77,\"caption\":\"Organisator\"},\"image\":{\"@id\":\"https:\\\/\\\/www.organisator.ch\\\/#\\\/schema\\\/logo\\\/image\\\/\"},\"sameAs\":[\"https:\\\/\\\/www.facebook.com\\\/OrganisatorFachmagazin\",\"https:\\\/\\\/www.linkedin.com\\\/showcase\\\/organisator-das-magazin-fr-kmu\",\"https:\\\/\\\/www.xing.com\\\/news\\\/pages\\\/organisator-ch-695\",\"https:\\\/\\\/www.youtube.com\\\/channel\\\/UCGP2Sq0iWaZwT3BdIAQFYpw\"]},{\"@type\":\"Person\",\"@id\":\"https:\\\/\\\/www.organisator.ch\\\/#\\\/schema\\\/person\\\/4e51799071cd2dd1232ac003643ef5f0\",\"name\":\"galledia\",\"image\":{\"@type\":\"ImageObject\",\"inLanguage\":\"it-IT\",\"@id\":\"https:\\\/\\\/secure.gravatar.com\\\/avatar\\\/78a7f90c01fc2bfc875782a0d4922b37cde2cf184ce347b91316d23cd7f69a36?s=96&d=mm&r=g\",\"url\":\"https:\\\/\\\/secure.gravatar.com\\\/avatar\\\/78a7f90c01fc2bfc875782a0d4922b37cde2cf184ce347b91316d23cd7f69a36?s=96&d=mm&r=g\",\"contentUrl\":\"https:\\\/\\\/secure.gravatar.com\\\/avatar\\\/78a7f90c01fc2bfc875782a0d4922b37cde2cf184ce347b91316d23cd7f69a36?s=96&d=mm&r=g\",\"caption\":\"galledia\"},\"sameAs\":[\"https:\\\/\\\/x.com\\\/admin\"],\"url\":\"https:\\\/\\\/www.organisator.ch\\\/it\\\/author\\\/galledia\\\/\"}]}<\/script>\n<!-- \/ Yoast SEO plugin. -->","yoast_head_json":{"title":"\"Sempre in modalit\u00e0 di difesa\" - organizzatore","description":"Giornate svizzere della sicurezza informatica 2024: focus su sicurezza informatica e resilienza. Interventi di esperti nazionali e internazionali.","robots":{"index":"index","follow":"follow","max-snippet":"max-snippet:-1","max-image-preview":"max-image-preview:large","max-video-preview":"max-video-preview:-1"},"canonical":"https:\/\/www.organisator.ch\/it\/eccellenza-operativa\/2024-02-08\/immer-im-verteidigungsmodus\/","og_locale":"it_IT","og_type":"article","og_title":"\u00abImmer im Verteidigungsmodus\u00bb - Organisator","og_description":"Swiss Cyber Security Days 2024: Fokus auf Cybersicherheit und Resilienz. Keynotes von nationalen und internationalen Experten.","og_url":"https:\/\/www.organisator.ch\/it\/eccellenza-operativa\/2024-02-08\/immer-im-verteidigungsmodus\/","og_site_name":"Organisator","article_publisher":"https:\/\/www.facebook.com\/OrganisatorFachmagazin","article_published_time":"2024-02-08T09:07:07+00:00","article_modified_time":"2024-11-12T05:22:56+00:00","og_image":[{"url":"https:\/\/www.m-q.ch\/wp-content\/uploads\/2024\/02\/Immer-im-Verteidigungsmodus_MQ.jpg","type":"","width":"","height":""}],"author":"galledia","twitter_card":"summary_large_image","twitter_creator":"@admin","schema":{"@context":"https:\/\/schema.org","@graph":[{"@type":"Article","@id":"https:\/\/www.organisator.ch\/operational-excellence\/2024-02-08\/immer-im-verteidigungsmodus\/#article","isPartOf":{"@id":"https:\/\/www.organisator.ch\/operational-excellence\/2024-02-08\/immer-im-verteidigungsmodus\/"},"author":{"name":"galledia","@id":"https:\/\/www.organisator.ch\/#\/schema\/person\/4e51799071cd2dd1232ac003643ef5f0"},"headline":"\u00abImmer im Verteidigungsmodus\u00bb","datePublished":"2024-02-08T09:07:07+00:00","dateModified":"2024-11-12T05:22:56+00:00","mainEntityOfPage":{"@id":"https:\/\/www.organisator.ch\/operational-excellence\/2024-02-08\/immer-im-verteidigungsmodus\/"},"wordCount":769,"publisher":{"@id":"https:\/\/www.organisator.ch\/#organization"},"image":{"@id":"https:\/\/www.organisator.ch\/operational-excellence\/2024-02-08\/immer-im-verteidigungsmodus\/#primaryimage"},"thumbnailUrl":"https:\/\/www.m-q.ch\/wp-content\/uploads\/2024\/02\/Immer-im-Verteidigungsmodus_MQ.jpg","keywords":["Cybersicherheit","Fachkongress\/Fachmesse","Risikomanagement"],"articleSection":["OPERATIONAL EXCELLENCE"],"inLanguage":"it-IT"},{"@type":"WebPage","@id":"https:\/\/www.organisator.ch\/operational-excellence\/2024-02-08\/immer-im-verteidigungsmodus\/","url":"https:\/\/www.organisator.ch\/operational-excellence\/2024-02-08\/immer-im-verteidigungsmodus\/","name":"\"Sempre in modalit\u00e0 di difesa\" - organizzatore","isPartOf":{"@id":"https:\/\/www.organisator.ch\/#website"},"primaryImageOfPage":{"@id":"https:\/\/www.organisator.ch\/operational-excellence\/2024-02-08\/immer-im-verteidigungsmodus\/#primaryimage"},"image":{"@id":"https:\/\/www.organisator.ch\/operational-excellence\/2024-02-08\/immer-im-verteidigungsmodus\/#primaryimage"},"thumbnailUrl":"https:\/\/www.m-q.ch\/wp-content\/uploads\/2024\/02\/Immer-im-Verteidigungsmodus_MQ.jpg","datePublished":"2024-02-08T09:07:07+00:00","dateModified":"2024-11-12T05:22:56+00:00","description":"Giornate svizzere della sicurezza informatica 2024: focus su sicurezza informatica e resilienza. Interventi di esperti nazionali e internazionali.","breadcrumb":{"@id":"https:\/\/www.organisator.ch\/operational-excellence\/2024-02-08\/immer-im-verteidigungsmodus\/#breadcrumb"},"inLanguage":"it-IT","potentialAction":[{"@type":"ReadAction","target":["https:\/\/www.organisator.ch\/operational-excellence\/2024-02-08\/immer-im-verteidigungsmodus\/"]}]},{"@type":"ImageObject","inLanguage":"it-IT","@id":"https:\/\/www.organisator.ch\/operational-excellence\/2024-02-08\/immer-im-verteidigungsmodus\/#primaryimage","url":"https:\/\/www.m-q.ch\/wp-content\/uploads\/2024\/02\/Immer-im-Verteidigungsmodus_MQ.jpg","contentUrl":"https:\/\/www.m-q.ch\/wp-content\/uploads\/2024\/02\/Immer-im-Verteidigungsmodus_MQ.jpg"},{"@type":"BreadcrumbList","@id":"https:\/\/www.organisator.ch\/operational-excellence\/2024-02-08\/immer-im-verteidigungsmodus\/#breadcrumb","itemListElement":[{"@type":"ListItem","position":1,"name":"Home","item":"https:\/\/www.organisator.ch\/"},{"@type":"ListItem","position":2,"name":"\u00abImmer im Verteidigungsmodus\u00bb"}]},{"@type":"WebSite","@id":"https:\/\/www.organisator.ch\/#website","url":"https:\/\/www.organisator.ch\/","name":"Organizzatore","description":"Competente. Pratico. In 10 numeri all'anno, ORGANISATOR presenta i temi essenziali per i manager delle PMI.","publisher":{"@id":"https:\/\/www.organisator.ch\/#organization"},"potentialAction":[{"@type":"SearchAction","target":{"@type":"EntryPoint","urlTemplate":"https:\/\/www.organisator.ch\/?s={search_term_string}"},"query-input":{"@type":"PropertyValueSpecification","valueRequired":true,"valueName":"search_term_string"}}],"inLanguage":"it-IT"},{"@type":"Organization","@id":"https:\/\/www.organisator.ch\/#organization","name":"Organizzatore","url":"https:\/\/www.organisator.ch\/","logo":{"@type":"ImageObject","inLanguage":"it-IT","@id":"https:\/\/www.organisator.ch\/#\/schema\/logo\/image\/","url":"https:\/\/www.organisator.ch\/wp-content\/uploads\/2022\/01\/Logo_Organisator_Website.png","contentUrl":"https:\/\/www.organisator.ch\/wp-content\/uploads\/2022\/01\/Logo_Organisator_Website.png","width":800,"height":77,"caption":"Organisator"},"image":{"@id":"https:\/\/www.organisator.ch\/#\/schema\/logo\/image\/"},"sameAs":["https:\/\/www.facebook.com\/OrganisatorFachmagazin","https:\/\/www.linkedin.com\/showcase\/organisator-das-magazin-fr-kmu","https:\/\/www.xing.com\/news\/pages\/organisator-ch-695","https:\/\/www.youtube.com\/channel\/UCGP2Sq0iWaZwT3BdIAQFYpw"]},{"@type":"Person","@id":"https:\/\/www.organisator.ch\/#\/schema\/person\/4e51799071cd2dd1232ac003643ef5f0","name":"galledia","image":{"@type":"ImageObject","inLanguage":"it-IT","@id":"https:\/\/secure.gravatar.com\/avatar\/78a7f90c01fc2bfc875782a0d4922b37cde2cf184ce347b91316d23cd7f69a36?s=96&d=mm&r=g","url":"https:\/\/secure.gravatar.com\/avatar\/78a7f90c01fc2bfc875782a0d4922b37cde2cf184ce347b91316d23cd7f69a36?s=96&d=mm&r=g","contentUrl":"https:\/\/secure.gravatar.com\/avatar\/78a7f90c01fc2bfc875782a0d4922b37cde2cf184ce347b91316d23cd7f69a36?s=96&d=mm&r=g","caption":"galledia"},"sameAs":["https:\/\/x.com\/admin"],"url":"https:\/\/www.organisator.ch\/it\/author\/galledia\/"}]}},"_links":{"self":[{"href":"https:\/\/www.organisator.ch\/it\/wp-json\/wp\/v2\/posts\/24851","targetHints":{"allow":["GET"]}}],"collection":[{"href":"https:\/\/www.organisator.ch\/it\/wp-json\/wp\/v2\/posts"}],"about":[{"href":"https:\/\/www.organisator.ch\/it\/wp-json\/wp\/v2\/types\/post"}],"author":[{"embeddable":true,"href":"https:\/\/www.organisator.ch\/it\/wp-json\/wp\/v2\/users\/8"}],"replies":[{"embeddable":true,"href":"https:\/\/www.organisator.ch\/it\/wp-json\/wp\/v2\/comments?post=24851"}],"version-history":[{"count":4,"href":"https:\/\/www.organisator.ch\/it\/wp-json\/wp\/v2\/posts\/24851\/revisions"}],"predecessor-version":[{"id":32505,"href":"https:\/\/www.organisator.ch\/it\/wp-json\/wp\/v2\/posts\/24851\/revisions\/32505"}],"wp:attachment":[{"href":"https:\/\/www.organisator.ch\/it\/wp-json\/wp\/v2\/media?parent=24851"}],"wp:term":[{"taxonomy":"category","embeddable":true,"href":"https:\/\/www.organisator.ch\/it\/wp-json\/wp\/v2\/categories?post=24851"},{"taxonomy":"post_tag","embeddable":true,"href":"https:\/\/www.organisator.ch\/it\/wp-json\/wp\/v2\/tags?post=24851"}],"curies":[{"name":"wp","href":"https:\/\/api.w.org\/{rel}","templated":true}]}}