{"id":2492,"date":"2019-09-26T14:14:36","date_gmt":"2019-09-26T12:14:36","guid":{"rendered":"https:\/\/www.umweltperspektiven.ch\/?p=2492"},"modified":"2022-02-09T11:05:35","modified_gmt":"2022-02-09T10:05:35","slug":"stadt-zuerich-erhaelt-den-ersten-preis-fuer-nachhaltiges-bauen","status":"publish","type":"post","link":"https:\/\/www.organisator.ch\/it\/sustainability\/2019-09-26\/stadt-zuerich-erhaelt-den-ersten-preis-fuer-nachhaltiges-bauen\/","title":{"rendered":"La citt\u00e0 di Zurigo riceve il primo premio per l'edilizia sostenibile"},"content":{"rendered":"<figure id=\"attachment_2493\" aria-describedby=\"caption-attachment-2493\" style=\"width: 680px\" class=\"wp-caption alignnone\"><img loading=\"lazy\" decoding=\"async\" class=\"size-medium wp-image-2493\" src=\"\/\/www.umweltperspektiven.ch\/wp-content\/uploads\/2019\/09\/Stadt-Z\u00fcrich-Nachhaltig-Bauen-UP-Umwelt-Perspektiven.jpg\" alt=\"\" width=\"680\" height=\"454\" \/><figcaption id=\"caption-attachment-2493\" class=\"wp-caption-text\">L'estensione della Kunsthaus (foto da febbraio 2019) \u00e8 basata su cemento riciclato su ulteriori tratti. (Immagine: zVg)<\/figcaption><\/figure>\n<p>La citt\u00e0 di Zurigo ha ricevuto il primo premio su 28 citt\u00e0 nella categoria \"Iniziativa di acquisto sostenibile\" al \"Procura+ Award\" di quest'anno. Ha ricevuto questo premio per il suo uso innovativo e sostenibile di calcestruzzo riciclato (calcestruzzo RC) con cemento a ridotto contenuto di CO2 nella costruzione di edifici e per l'uso di asfalto riciclato nella costruzione di strade.<\/p>\n<p>Wiebke R\u00f6sler H\u00e4fliger, direttore dell'ufficio di ingegneria strutturale, ha accettato il premio a nome del Consiglio comunale il 24 settembre 2019 a Stavanger, Norvegia.<\/p>\n<p>Il premio \u00e8 una grande soddisfazione per il capo della costruzione di edifici Andr\u00e9 Odermatt in vista della societ\u00e0 2000 watt. \"Sono molto contento che il nostro impegno di lunga data per l'edilizia sostenibile venga notato e premiato anche a livello europeo\", dice Odermatt. Nel contesto dell'attuale dibattito sul clima, questo premio arriva al momento giusto per Andreas Hauri, capo del Dipartimento della Salute e dell'Ambiente. \"Per noi, il premio \u00e8 la conferma che le nostre misure di protezione del clima vengono riconosciute. La citt\u00e0 di Zurigo sar\u00e0 ancora pi\u00f9 impegnata nella protezione del clima in futuro e, nel farlo, aprir\u00e0 un nuovo ed entusiasmante terreno\".<\/p>\n<p><strong>Grande interesse per il calcestruzzo RC dalle citt\u00e0 europee<\/strong><\/p>\n<p>\"Procura+\" \u00e8 una rete di citt\u00e0 europee sugli acquisti pubblici sostenibili. Il suo scopo principale \u00e8 lo scambio di conoscenze ed esperienze in questo campo.<\/p>\n<p>Aspetti importanti in questo contesto sono, per esempio, gli acquisti a priorit\u00e0 climatica, la promozione dell'innovazione e l'economia circolare. La citt\u00e0 di Zurigo \u00e8 uno dei membri fondatori di questa rete di citt\u00e0, che esiste dal 2004, e gioca un ruolo pionieristico nel campo dell'edilizia sostenibile.<\/p>\n<p>L'interesse registrato di altre citt\u00e0 europee per l'esperienza locale \u00e8 corrispondentemente alto.<\/p>\n<p><strong>Calcestruzzo riciclato in uso dal 2002<\/strong><br \/>\nMolto prima dell'attuale dibattito sul clima, e prima che gli obiettivi della societ\u00e0 a 2000 watt fossero ancorati nell'ordinanza municipale di Zurigo nel 2008, il cemento riciclato veniva gi\u00e0 utilizzato negli edifici di propriet\u00e0 della citt\u00e0. Gli esperti dell'Ufficio di Ingegneria Strutturale erano gi\u00e0 impegnati nell'uso di materiali da costruzione ecologici circa 20 anni fa con un grande spirito pionieristico.<\/p>\n<p>Un primo esempio \u00e8 l'edificio scolastico Im Birch (costruzione iniziata nel 2002), un esempio attuale \u00e8 l'estensione della Kunsthaus (costruzione completata nel 2020). Dal 2005, tutti gli edifici pubblici di Zurigo sono stati costruiti con cemento riciclato secondo le specifiche comunali, e dal 2015 anche con cemento a riduzione di CO2 che utilizza ceneri volanti invece del clinker convenzionale. Circa il 90 per cento del calcestruzzo utilizzato \u00e8 costituito da calcestruzzo RC.<\/p>\n<p>&nbsp;<\/p>\n<p>Ulteriori informazioni:<br \/>\n- <a href=\"\/\/www.stadt-zuerich.ch\/hbd\/de\/index\/hochbau\/bauen-fuer-2000-watt\/grundlagen-studienergebnisse\/archiv-studien\/2017\/2017-08-nb-beton-konkret.html\">Documentazione cemento riciclato<\/a><br \/>\n- <a href=\"\/\/www.stadt-zuerich.ch\/gud\/de\/index\/umwelt_energie\/2000-watt-gesellschaft.html\">Panoramica della strategia della citt\u00e0 di Zurigo per la societ\u00e0 a 2000 watt<\/a><br \/>\n- <a href=\"\/\/www.procuraplus.org\/public-authorities\/zurich\/\">Informazioni sulla citt\u00e0 di Zurigo da \"Procura+\".<\/a><\/p>\n<p>&nbsp;<\/p>\n<p>&nbsp;<\/p>","protected":false},"excerpt":{"rendered":"<p>Die Stadt Z\u00fcrich wurde am diesj\u00e4hrigen \u00abProcura+ Award\u00bb unter 28 St\u00e4dten in der Kategorie \u00abNachhaltige Beschaffungsinitiative\u00bb mit dem ersten Preis ausgezeichnet. Sie erh\u00e4lt diesen Award wegen ihres innovativen und nachhaltigen Einsatzes von Recyclingbeton (RC-Beton) mit CO2-reduziertem Zement im Hochbau beziehungsweise wegen der Verwendung von Recyclingasphalt im Strassenbau. Wiebke R\u00f6sler H\u00e4fliger, Direktorin des Amts f\u00fcr Hochbauten, [&hellip;]<\/p>\n","protected":false},"author":5,"featured_media":2493,"comment_status":"open","ping_status":"open","sticky":false,"template":"","format":"standard","meta":{"_acf_changed":false,"_yoast_wpseo_focuskw":"Stadt Z\u00fcrich","_yoast_wpseo_metadesc":"Das im Bereich nachhaltige Beschaffung agierende europ\u00e4ische St\u00e4dtenetzwerk \u00abProcura+\u00bb hat die Stadt Z\u00fcrich mit dem \u00abProcura+ Award\u00bb ausgezeichnet.","articlekey":"","footnotes":""},"categories":[580],"tags":[642,65,1988,2182,2185],"class_list":["post-2492","post","type-post","status-publish","format-standard","has-post-thumbnail","hentry","category-sustainability","tag-2000-watt-gesellschaft","tag-award","tag-recycling-beton","tag-stadt-zuerich","tag-staedtebau"],"acf":[],"yoast_head":"<!-- This site is optimized with the Yoast SEO plugin v27.4 - https:\/\/yoast.com\/product\/yoast-seo-wordpress\/ -->\n<title>Stadt Z\u00fcrich erh\u00e4lt den ersten Preis f\u00fcr nachhaltiges Bauen - Organisator<\/title>\n<meta name=\"description\" content=\"Das im Bereich nachhaltige Beschaffung agierende europ\u00e4ische St\u00e4dtenetzwerk \u00abProcura+\u00bb hat die Stadt Z\u00fcrich mit dem \u00abProcura+ Award\u00bb ausgezeichnet.\" \/>\n<meta name=\"robots\" content=\"index, follow, max-snippet:-1, max-image-preview:large, max-video-preview:-1\" \/>\n<link rel=\"canonical\" href=\"https:\/\/www.organisator.ch\/it\/sostenibilita\/2019-09-26\/stadt-zuerich-erhaelt-den-ersten-preis-fuer-nachhaltiges-bauen\/\" \/>\n<meta property=\"og:locale\" content=\"it_IT\" \/>\n<meta property=\"og:type\" content=\"article\" \/>\n<meta property=\"og:title\" content=\"Stadt Z\u00fcrich erh\u00e4lt den ersten Preis f\u00fcr nachhaltiges Bauen - Organisator\" \/>\n<meta property=\"og:description\" content=\"Das im Bereich nachhaltige Beschaffung agierende europ\u00e4ische St\u00e4dtenetzwerk \u00abProcura+\u00bb hat die Stadt Z\u00fcrich mit dem \u00abProcura+ Award\u00bb ausgezeichnet.\" \/>\n<meta property=\"og:url\" content=\"https:\/\/www.organisator.ch\/it\/sostenibilita\/2019-09-26\/stadt-zuerich-erhaelt-den-ersten-preis-fuer-nachhaltiges-bauen\/\" \/>\n<meta property=\"og:site_name\" content=\"Organisator\" \/>\n<meta property=\"article:publisher\" content=\"https:\/\/www.facebook.com\/OrganisatorFachmagazin\" \/>\n<meta property=\"article:published_time\" content=\"2019-09-26T12:14:36+00:00\" \/>\n<meta property=\"article:modified_time\" content=\"2022-02-09T10:05:35+00:00\" \/>\n<meta property=\"og:image\" content=\"https:\/\/www.organisator.ch\/wp-content\/uploads\/2019\/09\/Stadt-Zuerich-Nachhaltig-Bauen-UP-Umwelt-Perspektiven-1024x683.jpg\" \/>\n\t<meta property=\"og:image:width\" content=\"1024\" \/>\n\t<meta property=\"og:image:height\" content=\"683\" \/>\n\t<meta property=\"og:image:type\" content=\"image\/jpeg\" \/>\n<meta name=\"author\" content=\"michael.merz\" \/>\n<meta name=\"twitter:card\" content=\"summary_large_image\" \/>\n<script type=\"application\/ld+json\" class=\"yoast-schema-graph\">{\"@context\":\"https:\\\/\\\/schema.org\",\"@graph\":[{\"@type\":\"Article\",\"@id\":\"https:\\\/\\\/www.organisator.ch\\\/sustainability\\\/2019-09-26\\\/stadt-zuerich-erhaelt-den-ersten-preis-fuer-nachhaltiges-bauen\\\/#article\",\"isPartOf\":{\"@id\":\"https:\\\/\\\/www.organisator.ch\\\/sustainability\\\/2019-09-26\\\/stadt-zuerich-erhaelt-den-ersten-preis-fuer-nachhaltiges-bauen\\\/\"},\"author\":{\"name\":\"michael.merz\",\"@id\":\"https:\\\/\\\/www.organisator.ch\\\/#\\\/schema\\\/person\\\/134708ca9321c57b0362cceb7948ffbd\"},\"headline\":\"Stadt Z\u00fcrich erh\u00e4lt den ersten Preis f\u00fcr nachhaltiges Bauen\",\"datePublished\":\"2019-09-26T12:14:36+00:00\",\"dateModified\":\"2022-02-09T10:05:35+00:00\",\"mainEntityOfPage\":{\"@id\":\"https:\\\/\\\/www.organisator.ch\\\/sustainability\\\/2019-09-26\\\/stadt-zuerich-erhaelt-den-ersten-preis-fuer-nachhaltiges-bauen\\\/\"},\"wordCount\":425,\"commentCount\":0,\"publisher\":{\"@id\":\"https:\\\/\\\/www.organisator.ch\\\/#organization\"},\"image\":{\"@id\":\"https:\\\/\\\/www.organisator.ch\\\/sustainability\\\/2019-09-26\\\/stadt-zuerich-erhaelt-den-ersten-preis-fuer-nachhaltiges-bauen\\\/#primaryimage\"},\"thumbnailUrl\":\"https:\\\/\\\/www.organisator.ch\\\/wp-content\\\/uploads\\\/2019\\\/09\\\/Stadt-Zuerich-Nachhaltig-Bauen-UP-Umwelt-Perspektiven.jpg\",\"keywords\":[\"2000-Watt-Gesellschaft\",\"Award\",\"Recycling Beton\",\"Stadt Z\u00fcrich\",\"St\u00e4dtebau\"],\"articleSection\":[\"SUSTAINABILITY\"],\"inLanguage\":\"it-IT\"},{\"@type\":\"WebPage\",\"@id\":\"https:\\\/\\\/www.organisator.ch\\\/sustainability\\\/2019-09-26\\\/stadt-zuerich-erhaelt-den-ersten-preis-fuer-nachhaltiges-bauen\\\/\",\"url\":\"https:\\\/\\\/www.organisator.ch\\\/sustainability\\\/2019-09-26\\\/stadt-zuerich-erhaelt-den-ersten-preis-fuer-nachhaltiges-bauen\\\/\",\"name\":\"Stadt Z\u00fcrich erh\u00e4lt den ersten Preis f\u00fcr nachhaltiges Bauen - Organisator\",\"isPartOf\":{\"@id\":\"https:\\\/\\\/www.organisator.ch\\\/#website\"},\"primaryImageOfPage\":{\"@id\":\"https:\\\/\\\/www.organisator.ch\\\/sustainability\\\/2019-09-26\\\/stadt-zuerich-erhaelt-den-ersten-preis-fuer-nachhaltiges-bauen\\\/#primaryimage\"},\"image\":{\"@id\":\"https:\\\/\\\/www.organisator.ch\\\/sustainability\\\/2019-09-26\\\/stadt-zuerich-erhaelt-den-ersten-preis-fuer-nachhaltiges-bauen\\\/#primaryimage\"},\"thumbnailUrl\":\"https:\\\/\\\/www.organisator.ch\\\/wp-content\\\/uploads\\\/2019\\\/09\\\/Stadt-Zuerich-Nachhaltig-Bauen-UP-Umwelt-Perspektiven.jpg\",\"datePublished\":\"2019-09-26T12:14:36+00:00\",\"dateModified\":\"2022-02-09T10:05:35+00:00\",\"description\":\"Das im Bereich nachhaltige Beschaffung agierende europ\u00e4ische St\u00e4dtenetzwerk \u00abProcura+\u00bb hat die Stadt Z\u00fcrich mit dem \u00abProcura+ Award\u00bb ausgezeichnet.\",\"breadcrumb\":{\"@id\":\"https:\\\/\\\/www.organisator.ch\\\/sustainability\\\/2019-09-26\\\/stadt-zuerich-erhaelt-den-ersten-preis-fuer-nachhaltiges-bauen\\\/#breadcrumb\"},\"inLanguage\":\"it-IT\",\"potentialAction\":[{\"@type\":\"ReadAction\",\"target\":[\"https:\\\/\\\/www.organisator.ch\\\/sustainability\\\/2019-09-26\\\/stadt-zuerich-erhaelt-den-ersten-preis-fuer-nachhaltiges-bauen\\\/\"]}]},{\"@type\":\"ImageObject\",\"inLanguage\":\"it-IT\",\"@id\":\"https:\\\/\\\/www.organisator.ch\\\/sustainability\\\/2019-09-26\\\/stadt-zuerich-erhaelt-den-ersten-preis-fuer-nachhaltiges-bauen\\\/#primaryimage\",\"url\":\"https:\\\/\\\/www.organisator.ch\\\/wp-content\\\/uploads\\\/2019\\\/09\\\/Stadt-Zuerich-Nachhaltig-Bauen-UP-Umwelt-Perspektiven.jpg\",\"contentUrl\":\"https:\\\/\\\/www.organisator.ch\\\/wp-content\\\/uploads\\\/2019\\\/09\\\/Stadt-Zuerich-Nachhaltig-Bauen-UP-Umwelt-Perspektiven.jpg\",\"width\":2448,\"height\":1633,\"caption\":\"Die Kunsthauserweiterung (Bild von Februar 2019) basiert auf weiteren Strecken auf Recycling-Beton. (Bild: zVg)\"},{\"@type\":\"BreadcrumbList\",\"@id\":\"https:\\\/\\\/www.organisator.ch\\\/sustainability\\\/2019-09-26\\\/stadt-zuerich-erhaelt-den-ersten-preis-fuer-nachhaltiges-bauen\\\/#breadcrumb\",\"itemListElement\":[{\"@type\":\"ListItem\",\"position\":1,\"name\":\"Home\",\"item\":\"https:\\\/\\\/www.organisator.ch\\\/\"},{\"@type\":\"ListItem\",\"position\":2,\"name\":\"Stadt Z\u00fcrich erh\u00e4lt den ersten Preis f\u00fcr nachhaltiges Bauen\"}]},{\"@type\":\"WebSite\",\"@id\":\"https:\\\/\\\/www.organisator.ch\\\/#website\",\"url\":\"https:\\\/\\\/www.organisator.ch\\\/\",\"name\":\"Organisator\",\"description\":\"Kompetent. Praxisnah. Der ORGANISATOR bereitet in 10 Ausgaben pro Jahr die wesentlichen Themen f\u00fcr F\u00fchrungskr\u00e4fte von KMU auf.\",\"publisher\":{\"@id\":\"https:\\\/\\\/www.organisator.ch\\\/#organization\"},\"potentialAction\":[{\"@type\":\"SearchAction\",\"target\":{\"@type\":\"EntryPoint\",\"urlTemplate\":\"https:\\\/\\\/www.organisator.ch\\\/?s={search_term_string}\"},\"query-input\":{\"@type\":\"PropertyValueSpecification\",\"valueRequired\":true,\"valueName\":\"search_term_string\"}}],\"inLanguage\":\"it-IT\"},{\"@type\":\"Organization\",\"@id\":\"https:\\\/\\\/www.organisator.ch\\\/#organization\",\"name\":\"Organisator\",\"url\":\"https:\\\/\\\/www.organisator.ch\\\/\",\"logo\":{\"@type\":\"ImageObject\",\"inLanguage\":\"it-IT\",\"@id\":\"https:\\\/\\\/www.organisator.ch\\\/#\\\/schema\\\/logo\\\/image\\\/\",\"url\":\"https:\\\/\\\/www.organisator.ch\\\/wp-content\\\/uploads\\\/2022\\\/01\\\/Logo_Organisator_Website.png\",\"contentUrl\":\"https:\\\/\\\/www.organisator.ch\\\/wp-content\\\/uploads\\\/2022\\\/01\\\/Logo_Organisator_Website.png\",\"width\":800,\"height\":77,\"caption\":\"Organisator\"},\"image\":{\"@id\":\"https:\\\/\\\/www.organisator.ch\\\/#\\\/schema\\\/logo\\\/image\\\/\"},\"sameAs\":[\"https:\\\/\\\/www.facebook.com\\\/OrganisatorFachmagazin\",\"https:\\\/\\\/www.linkedin.com\\\/showcase\\\/organisator-das-magazin-fr-kmu\",\"https:\\\/\\\/www.xing.com\\\/news\\\/pages\\\/organisator-ch-695\",\"https:\\\/\\\/www.youtube.com\\\/channel\\\/UCGP2Sq0iWaZwT3BdIAQFYpw\"]},{\"@type\":\"Person\",\"@id\":\"https:\\\/\\\/www.organisator.ch\\\/#\\\/schema\\\/person\\\/134708ca9321c57b0362cceb7948ffbd\",\"name\":\"michael.merz\",\"image\":{\"@type\":\"ImageObject\",\"inLanguage\":\"it-IT\",\"@id\":\"https:\\\/\\\/secure.gravatar.com\\\/avatar\\\/?s=96&d=mm&r=g\",\"url\":\"https:\\\/\\\/secure.gravatar.com\\\/avatar\\\/?s=96&d=mm&r=g\",\"contentUrl\":\"https:\\\/\\\/secure.gravatar.com\\\/avatar\\\/?s=96&d=mm&r=g\",\"caption\":\"michael.merz\"},\"url\":\"https:\\\/\\\/www.organisator.ch\\\/it\\\/author\\\/michael-merz\\\/\"}]}<\/script>\n<!-- \/ Yoast SEO plugin. -->","yoast_head_json":{"title":"La citt\u00e0 di Zurigo riceve il primo premio per l'edilizia sostenibile - Organizzatore","description":"La rete di citt\u00e0 europee \"Procura+\", attiva nel campo degli acquisti sostenibili, ha conferito alla Citt\u00e0 di Zurigo il \"Procura+ Award\".","robots":{"index":"index","follow":"follow","max-snippet":"max-snippet:-1","max-image-preview":"max-image-preview:large","max-video-preview":"max-video-preview:-1"},"canonical":"https:\/\/www.organisator.ch\/it\/sostenibilita\/2019-09-26\/stadt-zuerich-erhaelt-den-ersten-preis-fuer-nachhaltiges-bauen\/","og_locale":"it_IT","og_type":"article","og_title":"Stadt Z\u00fcrich erh\u00e4lt den ersten Preis f\u00fcr nachhaltiges Bauen - Organisator","og_description":"Das im Bereich nachhaltige Beschaffung agierende europ\u00e4ische St\u00e4dtenetzwerk \u00abProcura+\u00bb hat die Stadt Z\u00fcrich mit dem \u00abProcura+ Award\u00bb ausgezeichnet.","og_url":"https:\/\/www.organisator.ch\/it\/sostenibilita\/2019-09-26\/stadt-zuerich-erhaelt-den-ersten-preis-fuer-nachhaltiges-bauen\/","og_site_name":"Organisator","article_publisher":"https:\/\/www.facebook.com\/OrganisatorFachmagazin","article_published_time":"2019-09-26T12:14:36+00:00","article_modified_time":"2022-02-09T10:05:35+00:00","og_image":[{"width":1024,"height":683,"url":"https:\/\/www.organisator.ch\/wp-content\/uploads\/2019\/09\/Stadt-Zuerich-Nachhaltig-Bauen-UP-Umwelt-Perspektiven-1024x683.jpg","type":"image\/jpeg"}],"author":"michael.merz","twitter_card":"summary_large_image","schema":{"@context":"https:\/\/schema.org","@graph":[{"@type":"Article","@id":"https:\/\/www.organisator.ch\/sustainability\/2019-09-26\/stadt-zuerich-erhaelt-den-ersten-preis-fuer-nachhaltiges-bauen\/#article","isPartOf":{"@id":"https:\/\/www.organisator.ch\/sustainability\/2019-09-26\/stadt-zuerich-erhaelt-den-ersten-preis-fuer-nachhaltiges-bauen\/"},"author":{"name":"michael.merz","@id":"https:\/\/www.organisator.ch\/#\/schema\/person\/134708ca9321c57b0362cceb7948ffbd"},"headline":"Stadt Z\u00fcrich erh\u00e4lt den ersten Preis f\u00fcr nachhaltiges Bauen","datePublished":"2019-09-26T12:14:36+00:00","dateModified":"2022-02-09T10:05:35+00:00","mainEntityOfPage":{"@id":"https:\/\/www.organisator.ch\/sustainability\/2019-09-26\/stadt-zuerich-erhaelt-den-ersten-preis-fuer-nachhaltiges-bauen\/"},"wordCount":425,"commentCount":0,"publisher":{"@id":"https:\/\/www.organisator.ch\/#organization"},"image":{"@id":"https:\/\/www.organisator.ch\/sustainability\/2019-09-26\/stadt-zuerich-erhaelt-den-ersten-preis-fuer-nachhaltiges-bauen\/#primaryimage"},"thumbnailUrl":"https:\/\/www.organisator.ch\/wp-content\/uploads\/2019\/09\/Stadt-Zuerich-Nachhaltig-Bauen-UP-Umwelt-Perspektiven.jpg","keywords":["2000-Watt-Gesellschaft","Award","Recycling Beton","Stadt Z\u00fcrich","St\u00e4dtebau"],"articleSection":["SUSTAINABILITY"],"inLanguage":"it-IT"},{"@type":"WebPage","@id":"https:\/\/www.organisator.ch\/sustainability\/2019-09-26\/stadt-zuerich-erhaelt-den-ersten-preis-fuer-nachhaltiges-bauen\/","url":"https:\/\/www.organisator.ch\/sustainability\/2019-09-26\/stadt-zuerich-erhaelt-den-ersten-preis-fuer-nachhaltiges-bauen\/","name":"La citt\u00e0 di Zurigo riceve il primo premio per l'edilizia sostenibile - Organizzatore","isPartOf":{"@id":"https:\/\/www.organisator.ch\/#website"},"primaryImageOfPage":{"@id":"https:\/\/www.organisator.ch\/sustainability\/2019-09-26\/stadt-zuerich-erhaelt-den-ersten-preis-fuer-nachhaltiges-bauen\/#primaryimage"},"image":{"@id":"https:\/\/www.organisator.ch\/sustainability\/2019-09-26\/stadt-zuerich-erhaelt-den-ersten-preis-fuer-nachhaltiges-bauen\/#primaryimage"},"thumbnailUrl":"https:\/\/www.organisator.ch\/wp-content\/uploads\/2019\/09\/Stadt-Zuerich-Nachhaltig-Bauen-UP-Umwelt-Perspektiven.jpg","datePublished":"2019-09-26T12:14:36+00:00","dateModified":"2022-02-09T10:05:35+00:00","description":"La rete di citt\u00e0 europee \"Procura+\", attiva nel campo degli acquisti sostenibili, ha conferito alla Citt\u00e0 di Zurigo il \"Procura+ Award\".","breadcrumb":{"@id":"https:\/\/www.organisator.ch\/sustainability\/2019-09-26\/stadt-zuerich-erhaelt-den-ersten-preis-fuer-nachhaltiges-bauen\/#breadcrumb"},"inLanguage":"it-IT","potentialAction":[{"@type":"ReadAction","target":["https:\/\/www.organisator.ch\/sustainability\/2019-09-26\/stadt-zuerich-erhaelt-den-ersten-preis-fuer-nachhaltiges-bauen\/"]}]},{"@type":"ImageObject","inLanguage":"it-IT","@id":"https:\/\/www.organisator.ch\/sustainability\/2019-09-26\/stadt-zuerich-erhaelt-den-ersten-preis-fuer-nachhaltiges-bauen\/#primaryimage","url":"https:\/\/www.organisator.ch\/wp-content\/uploads\/2019\/09\/Stadt-Zuerich-Nachhaltig-Bauen-UP-Umwelt-Perspektiven.jpg","contentUrl":"https:\/\/www.organisator.ch\/wp-content\/uploads\/2019\/09\/Stadt-Zuerich-Nachhaltig-Bauen-UP-Umwelt-Perspektiven.jpg","width":2448,"height":1633,"caption":"Die Kunsthauserweiterung (Bild von Februar 2019) basiert auf weiteren Strecken auf Recycling-Beton. (Bild: zVg)"},{"@type":"BreadcrumbList","@id":"https:\/\/www.organisator.ch\/sustainability\/2019-09-26\/stadt-zuerich-erhaelt-den-ersten-preis-fuer-nachhaltiges-bauen\/#breadcrumb","itemListElement":[{"@type":"ListItem","position":1,"name":"Home","item":"https:\/\/www.organisator.ch\/"},{"@type":"ListItem","position":2,"name":"Stadt Z\u00fcrich erh\u00e4lt den ersten Preis f\u00fcr nachhaltiges Bauen"}]},{"@type":"WebSite","@id":"https:\/\/www.organisator.ch\/#website","url":"https:\/\/www.organisator.ch\/","name":"Organizzatore","description":"Competente. Pratico. In 10 numeri all'anno, ORGANISATOR presenta i temi essenziali per i manager delle PMI.","publisher":{"@id":"https:\/\/www.organisator.ch\/#organization"},"potentialAction":[{"@type":"SearchAction","target":{"@type":"EntryPoint","urlTemplate":"https:\/\/www.organisator.ch\/?s={search_term_string}"},"query-input":{"@type":"PropertyValueSpecification","valueRequired":true,"valueName":"search_term_string"}}],"inLanguage":"it-IT"},{"@type":"Organization","@id":"https:\/\/www.organisator.ch\/#organization","name":"Organizzatore","url":"https:\/\/www.organisator.ch\/","logo":{"@type":"ImageObject","inLanguage":"it-IT","@id":"https:\/\/www.organisator.ch\/#\/schema\/logo\/image\/","url":"https:\/\/www.organisator.ch\/wp-content\/uploads\/2022\/01\/Logo_Organisator_Website.png","contentUrl":"https:\/\/www.organisator.ch\/wp-content\/uploads\/2022\/01\/Logo_Organisator_Website.png","width":800,"height":77,"caption":"Organisator"},"image":{"@id":"https:\/\/www.organisator.ch\/#\/schema\/logo\/image\/"},"sameAs":["https:\/\/www.facebook.com\/OrganisatorFachmagazin","https:\/\/www.linkedin.com\/showcase\/organisator-das-magazin-fr-kmu","https:\/\/www.xing.com\/news\/pages\/organisator-ch-695","https:\/\/www.youtube.com\/channel\/UCGP2Sq0iWaZwT3BdIAQFYpw"]},{"@type":"Person","@id":"https:\/\/www.organisator.ch\/#\/schema\/person\/134708ca9321c57b0362cceb7948ffbd","name":"michael.merz","image":{"@type":"ImageObject","inLanguage":"it-IT","@id":"https:\/\/secure.gravatar.com\/avatar\/?s=96&d=mm&r=g","url":"https:\/\/secure.gravatar.com\/avatar\/?s=96&d=mm&r=g","contentUrl":"https:\/\/secure.gravatar.com\/avatar\/?s=96&d=mm&r=g","caption":"michael.merz"},"url":"https:\/\/www.organisator.ch\/it\/author\/michael-merz\/"}]}},"_links":{"self":[{"href":"https:\/\/www.organisator.ch\/it\/wp-json\/wp\/v2\/posts\/2492","targetHints":{"allow":["GET"]}}],"collection":[{"href":"https:\/\/www.organisator.ch\/it\/wp-json\/wp\/v2\/posts"}],"about":[{"href":"https:\/\/www.organisator.ch\/it\/wp-json\/wp\/v2\/types\/post"}],"author":[{"embeddable":true,"href":"https:\/\/www.organisator.ch\/it\/wp-json\/wp\/v2\/users\/5"}],"replies":[{"embeddable":true,"href":"https:\/\/www.organisator.ch\/it\/wp-json\/wp\/v2\/comments?post=2492"}],"version-history":[{"count":1,"href":"https:\/\/www.organisator.ch\/it\/wp-json\/wp\/v2\/posts\/2492\/revisions"}],"predecessor-version":[{"id":10406,"href":"https:\/\/www.organisator.ch\/it\/wp-json\/wp\/v2\/posts\/2492\/revisions\/10406"}],"wp:featuredmedia":[{"embeddable":true,"href":"https:\/\/www.organisator.ch\/it\/wp-json\/wp\/v2\/media\/2493"}],"wp:attachment":[{"href":"https:\/\/www.organisator.ch\/it\/wp-json\/wp\/v2\/media?parent=2492"}],"wp:term":[{"taxonomy":"category","embeddable":true,"href":"https:\/\/www.organisator.ch\/it\/wp-json\/wp\/v2\/categories?post=2492"},{"taxonomy":"post_tag","embeddable":true,"href":"https:\/\/www.organisator.ch\/it\/wp-json\/wp\/v2\/tags?post=2492"}],"curies":[{"name":"wp","href":"https:\/\/api.w.org\/{rel}","templated":true}]}}