{"id":24935,"date":"2024-02-12T14:29:24","date_gmt":"2024-02-12T13:29:24","guid":{"rendered":"https:\/\/www.organisator.ch\/?p=24935"},"modified":"2024-02-14T11:00:52","modified_gmt":"2024-02-14T10:00:52","slug":"graphax-staerkt-nachhaltigkeitsbemuehungen-weiter","status":"publish","type":"post","link":"https:\/\/www.organisator.ch\/it\/sustainability\/2024-02-12\/graphax-staerkt-nachhaltigkeitsbemuehungen-weiter\/","title":{"rendered":"Graphax rafforza ulteriormente gli sforzi di sostenibilit\u00e0"},"content":{"rendered":"<figure id=\"attachment_24947\" aria-describedby=\"caption-attachment-24947\" style=\"width: 680px\" class=\"wp-caption alignnone\"><img loading=\"lazy\" decoding=\"async\" class=\"size-full wp-image-24947\" src=\"https:\/\/www.organisator.ch\/wp-content\/uploads\/2024\/02\/Graphax-staerkt-Nachhaltigkeitsbemuehungen-weiter_Organisator.jpg\" alt=\"\" width=\"680\" height=\"413\" srcset=\"https:\/\/www.organisator.ch\/wp-content\/uploads\/2024\/02\/Graphax-staerkt-Nachhaltigkeitsbemuehungen-weiter_Organisator.jpg 680w, https:\/\/www.organisator.ch\/wp-content\/uploads\/2024\/02\/Graphax-staerkt-Nachhaltigkeitsbemuehungen-weiter_Organisator-18x12.jpg 18w, https:\/\/www.organisator.ch\/wp-content\/uploads\/2024\/02\/Graphax-staerkt-Nachhaltigkeitsbemuehungen-weiter_Organisator-375x228.jpg 375w, https:\/\/www.organisator.ch\/wp-content\/uploads\/2024\/02\/Graphax-staerkt-Nachhaltigkeitsbemuehungen-weiter_Organisator-576x350.jpg 576w\" sizes=\"auto, (max-width: 680px) 100vw, 680px\" \/><figcaption id=\"caption-attachment-24947\" class=\"wp-caption-text\">Juan Chenevard, Sonja Nobs e Pascal Studerus alla consegna della Smart # 1 (Immagine: Graphax)<\/figcaption><\/figure>\n<p>Il CEO di Graphax Juan Chenevard e il CMO Sonja Nobs hanno recentemente ricevuto due Smart # 1 a propulsione elettrica. I due veicoli ecologici sono stati consegnati dalla rinomata azienda Kenny's Auto-Center AG nel nuovo edificio di Dietlikon dal suo CEO Pascal Studerus. La decisione a favore di queste vetture non solo sottolinea l'impegno di Graphax per un futuro sostenibile, ma ribadisce anche la partnership di lunga data tra le due aziende, secondo il comunicato. Secondo il comunicato stampa, Kenny's Auto-Center AG \u00e8 orgogliosa di poter contribuire all'iniziativa ecologica di Graphax. Oltre al buon rapporto qualit\u00e0-prezzo, i veicoli convincono soprattutto per i loro sistemi di assistenza completi (5 stelle nel crash test), che offrono ai dipendenti la migliore protezione possibile in caso di incidente.<\/p>\n<p>Juan Chenevard, CEO di Graphax, ha commentato cos\u00ec questa decisione: \"In Graphax crediamo fermamente che la sostenibilit\u00e0 e la tutela dell'ambiente non siano solo una responsabilit\u00e0, ma anche un investimento per il futuro. L'introduzione di veicoli a trazione elettrica \u00e8 il primo passo verso una flotta ecologica, che sar\u00e0 certamente ulteriormente ampliata nei prossimi anni.\" Sonja Nobs, CMO di Graphax, aggiunge: \"La scelta delle smart #1 e-car sottolinea non solo il rispetto dell'ambiente, ma anche la tecnologia avanzata che garantisce una mobilit\u00e0 efficiente e sostenibile\". La decisione di Graphax di prendere in considerazione partner locali come Kenny's rafforza inoltre l'impegno di entrambe le aziende a sostenere l'economia regionale.\"<\/p>\n<p>Entrambe le aziende considerano la riduzione della loro impronta ambientale come un'ulteriore prova del fatto che le imprese possono avere un impatto significativo sull'ambiente e sulla societ\u00e0 nel suo complesso attraverso i loro sforzi di sostenibilit\u00e0.<\/p>\n<p><em>Fonte e ulteriori informazioni: <a href=\"http:\/\/www.graphax.ch\">Graphax<\/a><\/em><\/p>","protected":false},"excerpt":{"rendered":"<p>La Graphax AG di Dietikon d\u00e0 ancora una volta l'esempio di sostenibilit\u00e0 e tutela dell'ambiente ampliando il proprio parco veicoli con due smart #1 ad alimentazione elettrica. Questo passo segna l'inizio di una trasformazione completa della flotta, che attualmente comprende quasi 100 veicoli.<\/p>","protected":false},"author":4,"featured_media":24947,"comment_status":"closed","ping_status":"closed","sticky":false,"template":"","format":"standard","meta":{"_acf_changed":false,"_yoast_wpseo_focuskw":"Nachhaltigkeitsbem\u00fchungen","_yoast_wpseo_metadesc":"Die Graphax AG steigert ihre Nachhaltigkeitsbem\u00fchungen, indem sie ihre Fahrzeugflotte um zwei elektrisch betriebene smart #1erweitert.","articlekey":"","footnotes":""},"categories":[580],"tags":[1006,358,492],"class_list":["post-24935","post","type-post","status-publish","format-standard","has-post-thumbnail","hentry","category-sustainability","tag-e-mobilitaet","tag-nachhaltige-wirtschaft","tag-unternehmen"],"acf":[],"yoast_head":"<!-- This site is optimized with the Yoast SEO plugin v27.5 - https:\/\/yoast.com\/product\/yoast-seo-wordpress\/ -->\n<title>Graphax st\u00e4rkt Nachhaltigkeitsbem\u00fchungen weiter - Organisator<\/title>\n<meta name=\"description\" content=\"Die Graphax AG steigert ihre Nachhaltigkeitsbem\u00fchungen, indem sie ihre Fahrzeugflotte um zwei elektrisch betriebene smart #1erweitert.\" \/>\n<meta name=\"robots\" content=\"index, follow, max-snippet:-1, max-image-preview:large, max-video-preview:-1\" \/>\n<link rel=\"canonical\" href=\"https:\/\/www.organisator.ch\/it\/sostenibilita\/2024-02-12\/graphax-staerkt-nachhaltigkeitsbemuehungen-weiter\/\" \/>\n<meta property=\"og:locale\" content=\"it_IT\" \/>\n<meta property=\"og:type\" content=\"article\" \/>\n<meta property=\"og:title\" content=\"Graphax st\u00e4rkt Nachhaltigkeitsbem\u00fchungen weiter\" \/>\n<meta property=\"og:description\" content=\"Die Graphax AG steigert ihre Nachhaltigkeitsbem\u00fchungen, indem sie ihre Fahrzeugflotte um zwei elektrisch betriebene smart #1erweitert.\" \/>\n<meta property=\"og:url\" content=\"https:\/\/www.organisator.ch\/it\/sostenibilita\/2024-02-12\/graphax-staerkt-nachhaltigkeitsbemuehungen-weiter\/\" \/>\n<meta property=\"og:site_name\" content=\"Organisator\" \/>\n<meta property=\"article:publisher\" content=\"https:\/\/www.facebook.com\/OrganisatorFachmagazin\" \/>\n<meta property=\"article:published_time\" content=\"2024-02-12T13:29:24+00:00\" \/>\n<meta property=\"article:modified_time\" content=\"2024-02-14T10:00:52+00:00\" \/>\n<meta property=\"og:image\" content=\"https:\/\/www.organisator.ch\/wp-content\/uploads\/2024\/02\/Graphax-staerkt-Nachhaltigkeitsbemuehungen-weiter_Organisator.jpg\" \/>\n\t<meta property=\"og:image:width\" content=\"680\" \/>\n\t<meta property=\"og:image:height\" content=\"413\" \/>\n\t<meta property=\"og:image:type\" content=\"image\/jpeg\" \/>\n<meta name=\"author\" content=\"thomas.berner\" \/>\n<meta name=\"twitter:card\" content=\"summary_large_image\" \/>\n<meta name=\"twitter:title\" content=\"Graphax st\u00e4rkt Nachhaltigkeitsbem\u00fchungen weiter\" \/>\n<meta name=\"twitter:description\" content=\"Die Graphax AG steigert ihre Nachhaltigkeitsbem\u00fchungen, indem sie ihre Fahrzeugflotte um zwei elektrisch betriebene smart #1erweitert.\" \/>\n<meta name=\"twitter:image\" content=\"https:\/\/www.organisator.ch\/wp-content\/uploads\/2024\/02\/Graphax-staerkt-Nachhaltigkeitsbemuehungen-weiter_Organisator.jpg\" \/>\n<script type=\"application\/ld+json\" class=\"yoast-schema-graph\">{\"@context\":\"https:\\\/\\\/schema.org\",\"@graph\":[{\"@type\":\"Article\",\"@id\":\"https:\\\/\\\/www.organisator.ch\\\/sustainability\\\/2024-02-12\\\/graphax-staerkt-nachhaltigkeitsbemuehungen-weiter\\\/#article\",\"isPartOf\":{\"@id\":\"https:\\\/\\\/www.organisator.ch\\\/sustainability\\\/2024-02-12\\\/graphax-staerkt-nachhaltigkeitsbemuehungen-weiter\\\/\"},\"author\":{\"name\":\"thomas.berner\",\"@id\":\"https:\\\/\\\/www.organisator.ch\\\/#\\\/schema\\\/person\\\/6f650f90b2842cd4c0cc334b4e36f67e\"},\"headline\":\"Graphax st\u00e4rkt Nachhaltigkeitsbem\u00fchungen weiter\",\"datePublished\":\"2024-02-12T13:29:24+00:00\",\"dateModified\":\"2024-02-14T10:00:52+00:00\",\"mainEntityOfPage\":{\"@id\":\"https:\\\/\\\/www.organisator.ch\\\/sustainability\\\/2024-02-12\\\/graphax-staerkt-nachhaltigkeitsbemuehungen-weiter\\\/\"},\"wordCount\":317,\"publisher\":{\"@id\":\"https:\\\/\\\/www.organisator.ch\\\/#organization\"},\"image\":{\"@id\":\"https:\\\/\\\/www.organisator.ch\\\/sustainability\\\/2024-02-12\\\/graphax-staerkt-nachhaltigkeitsbemuehungen-weiter\\\/#primaryimage\"},\"thumbnailUrl\":\"https:\\\/\\\/www.organisator.ch\\\/wp-content\\\/uploads\\\/2024\\\/02\\\/Graphax-staerkt-Nachhaltigkeitsbemuehungen-weiter_Organisator.jpg\",\"keywords\":[\"E-Mobilit\u00e4t\",\"Nachhaltige Wirtschaft\",\"Unternehmen\"],\"articleSection\":[\"SUSTAINABILITY\"],\"inLanguage\":\"it-IT\"},{\"@type\":\"WebPage\",\"@id\":\"https:\\\/\\\/www.organisator.ch\\\/sustainability\\\/2024-02-12\\\/graphax-staerkt-nachhaltigkeitsbemuehungen-weiter\\\/\",\"url\":\"https:\\\/\\\/www.organisator.ch\\\/sustainability\\\/2024-02-12\\\/graphax-staerkt-nachhaltigkeitsbemuehungen-weiter\\\/\",\"name\":\"Graphax st\u00e4rkt Nachhaltigkeitsbem\u00fchungen weiter - Organisator\",\"isPartOf\":{\"@id\":\"https:\\\/\\\/www.organisator.ch\\\/#website\"},\"primaryImageOfPage\":{\"@id\":\"https:\\\/\\\/www.organisator.ch\\\/sustainability\\\/2024-02-12\\\/graphax-staerkt-nachhaltigkeitsbemuehungen-weiter\\\/#primaryimage\"},\"image\":{\"@id\":\"https:\\\/\\\/www.organisator.ch\\\/sustainability\\\/2024-02-12\\\/graphax-staerkt-nachhaltigkeitsbemuehungen-weiter\\\/#primaryimage\"},\"thumbnailUrl\":\"https:\\\/\\\/www.organisator.ch\\\/wp-content\\\/uploads\\\/2024\\\/02\\\/Graphax-staerkt-Nachhaltigkeitsbemuehungen-weiter_Organisator.jpg\",\"datePublished\":\"2024-02-12T13:29:24+00:00\",\"dateModified\":\"2024-02-14T10:00:52+00:00\",\"description\":\"Die Graphax AG steigert ihre Nachhaltigkeitsbem\u00fchungen, indem sie ihre Fahrzeugflotte um zwei elektrisch betriebene smart #1erweitert.\",\"breadcrumb\":{\"@id\":\"https:\\\/\\\/www.organisator.ch\\\/sustainability\\\/2024-02-12\\\/graphax-staerkt-nachhaltigkeitsbemuehungen-weiter\\\/#breadcrumb\"},\"inLanguage\":\"it-IT\",\"potentialAction\":[{\"@type\":\"ReadAction\",\"target\":[\"https:\\\/\\\/www.organisator.ch\\\/sustainability\\\/2024-02-12\\\/graphax-staerkt-nachhaltigkeitsbemuehungen-weiter\\\/\"]}]},{\"@type\":\"ImageObject\",\"inLanguage\":\"it-IT\",\"@id\":\"https:\\\/\\\/www.organisator.ch\\\/sustainability\\\/2024-02-12\\\/graphax-staerkt-nachhaltigkeitsbemuehungen-weiter\\\/#primaryimage\",\"url\":\"https:\\\/\\\/www.organisator.ch\\\/wp-content\\\/uploads\\\/2024\\\/02\\\/Graphax-staerkt-Nachhaltigkeitsbemuehungen-weiter_Organisator.jpg\",\"contentUrl\":\"https:\\\/\\\/www.organisator.ch\\\/wp-content\\\/uploads\\\/2024\\\/02\\\/Graphax-staerkt-Nachhaltigkeitsbemuehungen-weiter_Organisator.jpg\",\"width\":680,\"height\":413,\"caption\":\"Juan Chenevard, Sonja Nobs und Pascal Studerus bei der \u00dcbergabe des Smart # 1. (Bild: Graphax)\"},{\"@type\":\"BreadcrumbList\",\"@id\":\"https:\\\/\\\/www.organisator.ch\\\/sustainability\\\/2024-02-12\\\/graphax-staerkt-nachhaltigkeitsbemuehungen-weiter\\\/#breadcrumb\",\"itemListElement\":[{\"@type\":\"ListItem\",\"position\":1,\"name\":\"Home\",\"item\":\"https:\\\/\\\/www.organisator.ch\\\/\"},{\"@type\":\"ListItem\",\"position\":2,\"name\":\"Graphax st\u00e4rkt Nachhaltigkeitsbem\u00fchungen weiter\"}]},{\"@type\":\"WebSite\",\"@id\":\"https:\\\/\\\/www.organisator.ch\\\/#website\",\"url\":\"https:\\\/\\\/www.organisator.ch\\\/\",\"name\":\"Organisator\",\"description\":\"Kompetent. Praxisnah. Der ORGANISATOR bereitet in 10 Ausgaben pro Jahr die wesentlichen Themen f\u00fcr F\u00fchrungskr\u00e4fte von KMU auf.\",\"publisher\":{\"@id\":\"https:\\\/\\\/www.organisator.ch\\\/#organization\"},\"potentialAction\":[{\"@type\":\"SearchAction\",\"target\":{\"@type\":\"EntryPoint\",\"urlTemplate\":\"https:\\\/\\\/www.organisator.ch\\\/?s={search_term_string}\"},\"query-input\":{\"@type\":\"PropertyValueSpecification\",\"valueRequired\":true,\"valueName\":\"search_term_string\"}}],\"inLanguage\":\"it-IT\"},{\"@type\":\"Organization\",\"@id\":\"https:\\\/\\\/www.organisator.ch\\\/#organization\",\"name\":\"Organisator\",\"url\":\"https:\\\/\\\/www.organisator.ch\\\/\",\"logo\":{\"@type\":\"ImageObject\",\"inLanguage\":\"it-IT\",\"@id\":\"https:\\\/\\\/www.organisator.ch\\\/#\\\/schema\\\/logo\\\/image\\\/\",\"url\":\"https:\\\/\\\/www.organisator.ch\\\/wp-content\\\/uploads\\\/2022\\\/01\\\/Logo_Organisator_Website.png\",\"contentUrl\":\"https:\\\/\\\/www.organisator.ch\\\/wp-content\\\/uploads\\\/2022\\\/01\\\/Logo_Organisator_Website.png\",\"width\":800,\"height\":77,\"caption\":\"Organisator\"},\"image\":{\"@id\":\"https:\\\/\\\/www.organisator.ch\\\/#\\\/schema\\\/logo\\\/image\\\/\"},\"sameAs\":[\"https:\\\/\\\/www.facebook.com\\\/OrganisatorFachmagazin\",\"https:\\\/\\\/www.linkedin.com\\\/showcase\\\/organisator-das-magazin-fr-kmu\",\"https:\\\/\\\/www.xing.com\\\/news\\\/pages\\\/organisator-ch-695\",\"https:\\\/\\\/www.youtube.com\\\/channel\\\/UCGP2Sq0iWaZwT3BdIAQFYpw\"]},{\"@type\":\"Person\",\"@id\":\"https:\\\/\\\/www.organisator.ch\\\/#\\\/schema\\\/person\\\/6f650f90b2842cd4c0cc334b4e36f67e\",\"name\":\"thomas.berner\",\"image\":{\"@type\":\"ImageObject\",\"inLanguage\":\"it-IT\",\"@id\":\"https:\\\/\\\/secure.gravatar.com\\\/avatar\\\/ac5001d2a36cb6c6cd3e50789007ffca834b477b74a2144564522e944eabff61?s=96&d=mm&r=g\",\"url\":\"https:\\\/\\\/secure.gravatar.com\\\/avatar\\\/ac5001d2a36cb6c6cd3e50789007ffca834b477b74a2144564522e944eabff61?s=96&d=mm&r=g\",\"contentUrl\":\"https:\\\/\\\/secure.gravatar.com\\\/avatar\\\/ac5001d2a36cb6c6cd3e50789007ffca834b477b74a2144564522e944eabff61?s=96&d=mm&r=g\",\"caption\":\"thomas.berner\"},\"url\":\"https:\\\/\\\/www.organisator.ch\\\/it\\\/author\\\/thomas-berner\\\/\"}]}<\/script>\n<!-- \/ Yoast SEO plugin. -->","yoast_head_json":{"title":"Graphax rafforza ulteriormente gli sforzi di sostenibilit\u00e0 - Organizzatore","description":"Graphax AG sta incrementando i propri sforzi di sostenibilit\u00e0 aggiungendo alla propria flotta di veicoli due smart #1 ad alimentazione elettrica.","robots":{"index":"index","follow":"follow","max-snippet":"max-snippet:-1","max-image-preview":"max-image-preview:large","max-video-preview":"max-video-preview:-1"},"canonical":"https:\/\/www.organisator.ch\/it\/sostenibilita\/2024-02-12\/graphax-staerkt-nachhaltigkeitsbemuehungen-weiter\/","og_locale":"it_IT","og_type":"article","og_title":"Graphax st\u00e4rkt Nachhaltigkeitsbem\u00fchungen weiter","og_description":"Die Graphax AG steigert ihre Nachhaltigkeitsbem\u00fchungen, indem sie ihre Fahrzeugflotte um zwei elektrisch betriebene smart #1erweitert.","og_url":"https:\/\/www.organisator.ch\/it\/sostenibilita\/2024-02-12\/graphax-staerkt-nachhaltigkeitsbemuehungen-weiter\/","og_site_name":"Organisator","article_publisher":"https:\/\/www.facebook.com\/OrganisatorFachmagazin","article_published_time":"2024-02-12T13:29:24+00:00","article_modified_time":"2024-02-14T10:00:52+00:00","og_image":[{"width":680,"height":413,"url":"https:\/\/www.organisator.ch\/wp-content\/uploads\/2024\/02\/Graphax-staerkt-Nachhaltigkeitsbemuehungen-weiter_Organisator.jpg","type":"image\/jpeg"}],"author":"thomas.berner","twitter_card":"summary_large_image","twitter_title":"Graphax st\u00e4rkt Nachhaltigkeitsbem\u00fchungen weiter","twitter_description":"Die Graphax AG steigert ihre Nachhaltigkeitsbem\u00fchungen, indem sie ihre Fahrzeugflotte um zwei elektrisch betriebene smart #1erweitert.","twitter_image":"https:\/\/www.organisator.ch\/wp-content\/uploads\/2024\/02\/Graphax-staerkt-Nachhaltigkeitsbemuehungen-weiter_Organisator.jpg","schema":{"@context":"https:\/\/schema.org","@graph":[{"@type":"Article","@id":"https:\/\/www.organisator.ch\/sustainability\/2024-02-12\/graphax-staerkt-nachhaltigkeitsbemuehungen-weiter\/#article","isPartOf":{"@id":"https:\/\/www.organisator.ch\/sustainability\/2024-02-12\/graphax-staerkt-nachhaltigkeitsbemuehungen-weiter\/"},"author":{"name":"thomas.berner","@id":"https:\/\/www.organisator.ch\/#\/schema\/person\/6f650f90b2842cd4c0cc334b4e36f67e"},"headline":"Graphax st\u00e4rkt Nachhaltigkeitsbem\u00fchungen weiter","datePublished":"2024-02-12T13:29:24+00:00","dateModified":"2024-02-14T10:00:52+00:00","mainEntityOfPage":{"@id":"https:\/\/www.organisator.ch\/sustainability\/2024-02-12\/graphax-staerkt-nachhaltigkeitsbemuehungen-weiter\/"},"wordCount":317,"publisher":{"@id":"https:\/\/www.organisator.ch\/#organization"},"image":{"@id":"https:\/\/www.organisator.ch\/sustainability\/2024-02-12\/graphax-staerkt-nachhaltigkeitsbemuehungen-weiter\/#primaryimage"},"thumbnailUrl":"https:\/\/www.organisator.ch\/wp-content\/uploads\/2024\/02\/Graphax-staerkt-Nachhaltigkeitsbemuehungen-weiter_Organisator.jpg","keywords":["E-Mobilit\u00e4t","Nachhaltige Wirtschaft","Unternehmen"],"articleSection":["SUSTAINABILITY"],"inLanguage":"it-IT"},{"@type":"WebPage","@id":"https:\/\/www.organisator.ch\/sustainability\/2024-02-12\/graphax-staerkt-nachhaltigkeitsbemuehungen-weiter\/","url":"https:\/\/www.organisator.ch\/sustainability\/2024-02-12\/graphax-staerkt-nachhaltigkeitsbemuehungen-weiter\/","name":"Graphax rafforza ulteriormente gli sforzi di sostenibilit\u00e0 - Organizzatore","isPartOf":{"@id":"https:\/\/www.organisator.ch\/#website"},"primaryImageOfPage":{"@id":"https:\/\/www.organisator.ch\/sustainability\/2024-02-12\/graphax-staerkt-nachhaltigkeitsbemuehungen-weiter\/#primaryimage"},"image":{"@id":"https:\/\/www.organisator.ch\/sustainability\/2024-02-12\/graphax-staerkt-nachhaltigkeitsbemuehungen-weiter\/#primaryimage"},"thumbnailUrl":"https:\/\/www.organisator.ch\/wp-content\/uploads\/2024\/02\/Graphax-staerkt-Nachhaltigkeitsbemuehungen-weiter_Organisator.jpg","datePublished":"2024-02-12T13:29:24+00:00","dateModified":"2024-02-14T10:00:52+00:00","description":"Graphax AG sta incrementando i propri sforzi di sostenibilit\u00e0 aggiungendo alla propria flotta di veicoli due smart #1 ad alimentazione elettrica.","breadcrumb":{"@id":"https:\/\/www.organisator.ch\/sustainability\/2024-02-12\/graphax-staerkt-nachhaltigkeitsbemuehungen-weiter\/#breadcrumb"},"inLanguage":"it-IT","potentialAction":[{"@type":"ReadAction","target":["https:\/\/www.organisator.ch\/sustainability\/2024-02-12\/graphax-staerkt-nachhaltigkeitsbemuehungen-weiter\/"]}]},{"@type":"ImageObject","inLanguage":"it-IT","@id":"https:\/\/www.organisator.ch\/sustainability\/2024-02-12\/graphax-staerkt-nachhaltigkeitsbemuehungen-weiter\/#primaryimage","url":"https:\/\/www.organisator.ch\/wp-content\/uploads\/2024\/02\/Graphax-staerkt-Nachhaltigkeitsbemuehungen-weiter_Organisator.jpg","contentUrl":"https:\/\/www.organisator.ch\/wp-content\/uploads\/2024\/02\/Graphax-staerkt-Nachhaltigkeitsbemuehungen-weiter_Organisator.jpg","width":680,"height":413,"caption":"Juan Chenevard, Sonja Nobs und Pascal Studerus bei der \u00dcbergabe des Smart # 1. (Bild: Graphax)"},{"@type":"BreadcrumbList","@id":"https:\/\/www.organisator.ch\/sustainability\/2024-02-12\/graphax-staerkt-nachhaltigkeitsbemuehungen-weiter\/#breadcrumb","itemListElement":[{"@type":"ListItem","position":1,"name":"Home","item":"https:\/\/www.organisator.ch\/"},{"@type":"ListItem","position":2,"name":"Graphax st\u00e4rkt Nachhaltigkeitsbem\u00fchungen weiter"}]},{"@type":"WebSite","@id":"https:\/\/www.organisator.ch\/#website","url":"https:\/\/www.organisator.ch\/","name":"Organizzatore","description":"Competente. Pratico. In 10 numeri all'anno, ORGANISATOR presenta i temi essenziali per i manager delle PMI.","publisher":{"@id":"https:\/\/www.organisator.ch\/#organization"},"potentialAction":[{"@type":"SearchAction","target":{"@type":"EntryPoint","urlTemplate":"https:\/\/www.organisator.ch\/?s={search_term_string}"},"query-input":{"@type":"PropertyValueSpecification","valueRequired":true,"valueName":"search_term_string"}}],"inLanguage":"it-IT"},{"@type":"Organization","@id":"https:\/\/www.organisator.ch\/#organization","name":"Organizzatore","url":"https:\/\/www.organisator.ch\/","logo":{"@type":"ImageObject","inLanguage":"it-IT","@id":"https:\/\/www.organisator.ch\/#\/schema\/logo\/image\/","url":"https:\/\/www.organisator.ch\/wp-content\/uploads\/2022\/01\/Logo_Organisator_Website.png","contentUrl":"https:\/\/www.organisator.ch\/wp-content\/uploads\/2022\/01\/Logo_Organisator_Website.png","width":800,"height":77,"caption":"Organisator"},"image":{"@id":"https:\/\/www.organisator.ch\/#\/schema\/logo\/image\/"},"sameAs":["https:\/\/www.facebook.com\/OrganisatorFachmagazin","https:\/\/www.linkedin.com\/showcase\/organisator-das-magazin-fr-kmu","https:\/\/www.xing.com\/news\/pages\/organisator-ch-695","https:\/\/www.youtube.com\/channel\/UCGP2Sq0iWaZwT3BdIAQFYpw"]},{"@type":"Person","@id":"https:\/\/www.organisator.ch\/#\/schema\/person\/6f650f90b2842cd4c0cc334b4e36f67e","name":"Tommaso.berner","image":{"@type":"ImageObject","inLanguage":"it-IT","@id":"https:\/\/secure.gravatar.com\/avatar\/ac5001d2a36cb6c6cd3e50789007ffca834b477b74a2144564522e944eabff61?s=96&d=mm&r=g","url":"https:\/\/secure.gravatar.com\/avatar\/ac5001d2a36cb6c6cd3e50789007ffca834b477b74a2144564522e944eabff61?s=96&d=mm&r=g","contentUrl":"https:\/\/secure.gravatar.com\/avatar\/ac5001d2a36cb6c6cd3e50789007ffca834b477b74a2144564522e944eabff61?s=96&d=mm&r=g","caption":"thomas.berner"},"url":"https:\/\/www.organisator.ch\/it\/author\/thomas-berner\/"}]}},"_links":{"self":[{"href":"https:\/\/www.organisator.ch\/it\/wp-json\/wp\/v2\/posts\/24935","targetHints":{"allow":["GET"]}}],"collection":[{"href":"https:\/\/www.organisator.ch\/it\/wp-json\/wp\/v2\/posts"}],"about":[{"href":"https:\/\/www.organisator.ch\/it\/wp-json\/wp\/v2\/types\/post"}],"author":[{"embeddable":true,"href":"https:\/\/www.organisator.ch\/it\/wp-json\/wp\/v2\/users\/4"}],"replies":[{"embeddable":true,"href":"https:\/\/www.organisator.ch\/it\/wp-json\/wp\/v2\/comments?post=24935"}],"version-history":[{"count":9,"href":"https:\/\/www.organisator.ch\/it\/wp-json\/wp\/v2\/posts\/24935\/revisions"}],"predecessor-version":[{"id":25016,"href":"https:\/\/www.organisator.ch\/it\/wp-json\/wp\/v2\/posts\/24935\/revisions\/25016"}],"wp:featuredmedia":[{"embeddable":true,"href":"https:\/\/www.organisator.ch\/it\/wp-json\/wp\/v2\/media\/24947"}],"wp:attachment":[{"href":"https:\/\/www.organisator.ch\/it\/wp-json\/wp\/v2\/media?parent=24935"}],"wp:term":[{"taxonomy":"category","embeddable":true,"href":"https:\/\/www.organisator.ch\/it\/wp-json\/wp\/v2\/categories?post=24935"},{"taxonomy":"post_tag","embeddable":true,"href":"https:\/\/www.organisator.ch\/it\/wp-json\/wp\/v2\/tags?post=24935"}],"curies":[{"name":"wp","href":"https:\/\/api.w.org\/{rel}","templated":true}]}}