{"id":2508,"date":"2019-10-01T11:52:41","date_gmt":"2019-10-01T09:52:41","guid":{"rendered":"https:\/\/www.umweltperspektiven.ch\/?p=2508"},"modified":"2022-02-09T11:06:16","modified_gmt":"2022-02-09T10:06:16","slug":"wasserstoffproduktion-ostschweiz-ag-gegruendet","status":"publish","type":"post","link":"https:\/\/www.organisator.ch\/it\/sustainability\/2019-10-01\/wasserstoffproduktion-ostschweiz-ag-gegruendet\/","title":{"rendered":"Fondata la Hydrogen Production Eastern Switzerland AG"},"content":{"rendered":"<figure id=\"attachment_2509\" aria-describedby=\"caption-attachment-2509\" style=\"width: 680px\" class=\"wp-caption alignnone\"><img loading=\"lazy\" decoding=\"async\" class=\"size-medium wp-image-2509\" src=\"\/\/www.umweltperspektiven.ch\/wp-content\/uploads\/2019\/10\/Avia_Osterwalder-Up_Umwelt-Perspektiven.jpg\" alt=\"\" width=\"680\" height=\"453\" srcset=\"https:\/\/www.organisator.ch\/wp-content\/uploads\/2019\/10\/Avia_Osterwalder-Up_Umwelt-Perspektiven.jpg 690w, https:\/\/www.organisator.ch\/wp-content\/uploads\/2019\/10\/Avia_Osterwalder-Up_Umwelt-Perspektiven-680x453.jpg 680w, https:\/\/www.organisator.ch\/wp-content\/uploads\/2019\/10\/Avia_Osterwalder-Up_Umwelt-Perspektiven-18x12.jpg 18w, https:\/\/www.organisator.ch\/wp-content\/uploads\/2019\/10\/Avia_Osterwalder-Up_Umwelt-Perspektiven-263x175.jpg 263w, https:\/\/www.organisator.ch\/wp-content\/uploads\/2019\/10\/Avia_Osterwalder-Up_Umwelt-Perspektiven-525x350.jpg 525w, https:\/\/www.organisator.ch\/wp-content\/uploads\/2019\/10\/Avia_Osterwalder-Up_Umwelt-Perspektiven-300x200.jpg 300w\" sizes=\"auto, (max-width: 680px) 100vw, 680px\" \/><figcaption id=\"caption-attachment-2509\" class=\"wp-caption-text\">Una stazione di servizio Avia Osterwalder nella Svizzera orientale nel secolo scorso. Ora i promotori stanno presentando una domanda di costruzione per la realizzazione di un impianto di produzione di idrogeno nel sito di San Gallo-Kubel. (Immagine: Avia Osterwalder)<\/figcaption><\/figure>\n<p>La fondazione della Hydrogen Production Ostschweiz AG lo dice chiaramente: AVIA Osterwalder e SAK investono insieme nell'idrogeno come energia rinnovabile e pulita per soluzioni di mobilit\u00e0 innovative. Il piano \u00e8 quello di costruire un impianto di produzione nel centro della citt\u00e0 di San Gallo nel sito di Kubel, dove la SAK gestisce l'omonima centrale idroelettrica e di stoccaggio. Il sito si trova a pochi chilometri dalla stazione di rifornimento di idrogeno progettata da AVIA Osterwalder sulla Oberstrasse.<\/p>\n<p><strong>Esclusivamente fonti di energia rinnovabile<\/strong><\/p>\n<p>I vantaggi dell'idrogeno (H2) come vettore energetico per le soluzioni di mobilit\u00e0 sono piacevoli. Un veicolo pu\u00f2 essere rifornito in pochi minuti, le uniche emissioni sono il vapore acqueo e l'autonomia e le prestazioni sono paragonabili ai veicoli con motori a combustibile tradizionale. L'H2 prodotto nel sito di Kubel \u00e8 fatto esclusivamente da fonti di energia rinnovabile. Per i promotori, \u00e8 chiaro che l'H2 offre un enorme potenziale nel settore della mobilit\u00e0 per l'attuazione degli obiettivi climatici.<\/p>\n<p><strong>Soluzioni di mobilit\u00e0 H2 sull'orlo di una svolta<\/strong><\/p>\n<p>La necessit\u00e0 di un'offerta nazionale di stazioni di rifornimento H2 \u00e8 ininterrotta. Lo dimostrano le iniziative annunciate di recente, come l'ambizioso progetto della Hyundai. Insieme a H2- Energy AG, i coreani stanno preparando la prima flotta al mondo di oltre 1600 veicoli commerciali a celle a combustibile esclusivamente per la Svizzera. L'introduzione \u00e8 gi\u00e0 stata avviata e dovrebbe durare fino al 2025. Per il successo di un mercato funzionante e senza emissioni, la creazione di impianti locali di produzione di H2 e di una rete nazionale di stazioni di rifornimento H2 \u00e8 cruciale.<\/p>\n<p><strong>Inizio dei lavori nella primavera del 2020<\/strong><\/p>\n<p>Come in tutti i progetti di costruzione di AVIA Osterwalder e SAK, la sostenibilit\u00e0 gioca un ruolo decisivo. La domanda di costruzione sar\u00e0 presentata presto.<br \/>\nSe non ci saranno obiezioni al progetto, i lavori di costruzione dovrebbero iniziare nella primavera del 2020, una volta completata la pianificazione. AVIA Osterwalder e SAK forniranno informazioni dettagliate sul progetto specifico dopo aver ricevuto l'approvazione.<\/p>\n<p><a href=\"\/\/www.osterwalder.ch\">www.osterwalder.ch<\/a><\/p>\n<p>&nbsp;<\/p>","protected":false},"excerpt":{"rendered":"<p>Die Gr\u00fcndung der Wasserstoffproduktion Ostschweiz AG macht deutlich: AVIA Osterwalder und die SAK investieren gemeinsam in Wasserstoff als erneuerbare und saubere Energie f\u00fcr innovative Mobilit\u00e4tsl\u00f6sungen. Geplant ist der Bau einer Produktionsanlage inmitten der Stadt St. Gallen am Standort Kubel, wo die SAK das gleichnamige Wasser- und Speicherkraftwerk betreibt. Der Standort ist nur wenige Kilometer von [&hellip;]<\/p>\n","protected":false},"author":5,"featured_media":2509,"comment_status":"open","ping_status":"open","sticky":false,"template":"","format":"standard","meta":{"_acf_changed":false,"_yoast_wpseo_focuskw":"Wasserstoffproduktion Ostschweiz AG","_yoast_wpseo_metadesc":"AVIA Osterwalder und die St.Gallisch-Appenzellische Kraftwerke AG SAK haben die Wasserstoffproduktion Ostschweiz AG gegr\u00fcndet.","articlekey":"","footnotes":""},"categories":[580],"tags":[875,1341,598,1951,424,2524],"class_list":["post-2508","post","type-post","status-publish","format-standard","has-post-thumbnail","hentry","category-sustainability","tag-brennstoffzellen","tag-h2","tag-nutzfahrzeuge","tag-produktionsanlage","tag-schweiz","tag-wasserstoff"],"acf":[],"yoast_head":"<!-- This site is optimized with the Yoast SEO plugin v27.4 - https:\/\/yoast.com\/product\/yoast-seo-wordpress\/ -->\n<title>Wasserstoffproduktion Ostschweiz AG gegr\u00fcndet - Organisator<\/title>\n<meta name=\"description\" content=\"AVIA Osterwalder und die St.Gallisch-Appenzellische Kraftwerke AG SAK haben die Wasserstoffproduktion Ostschweiz AG gegr\u00fcndet.\" \/>\n<meta name=\"robots\" content=\"index, follow, max-snippet:-1, max-image-preview:large, max-video-preview:-1\" \/>\n<link rel=\"canonical\" href=\"https:\/\/www.organisator.ch\/it\/sostenibilita\/2019-10-01\/wasserstoffproduktion-ostschweiz-ag-gegruendet\/\" \/>\n<meta property=\"og:locale\" content=\"it_IT\" \/>\n<meta property=\"og:type\" content=\"article\" \/>\n<meta property=\"og:title\" content=\"Wasserstoffproduktion Ostschweiz AG gegr\u00fcndet - Organisator\" \/>\n<meta property=\"og:description\" content=\"AVIA Osterwalder und die St.Gallisch-Appenzellische Kraftwerke AG SAK haben die Wasserstoffproduktion Ostschweiz AG gegr\u00fcndet.\" \/>\n<meta property=\"og:url\" content=\"https:\/\/www.organisator.ch\/it\/sostenibilita\/2019-10-01\/wasserstoffproduktion-ostschweiz-ag-gegruendet\/\" \/>\n<meta property=\"og:site_name\" content=\"Organisator\" \/>\n<meta property=\"article:publisher\" content=\"https:\/\/www.facebook.com\/OrganisatorFachmagazin\" \/>\n<meta property=\"article:published_time\" content=\"2019-10-01T09:52:41+00:00\" \/>\n<meta property=\"article:modified_time\" content=\"2022-02-09T10:06:16+00:00\" \/>\n<meta property=\"og:image\" content=\"https:\/\/www.organisator.ch\/wp-content\/uploads\/2019\/10\/Avia_Osterwalder-Up_Umwelt-Perspektiven.jpg\" \/>\n\t<meta property=\"og:image:width\" content=\"690\" \/>\n\t<meta property=\"og:image:height\" content=\"460\" \/>\n\t<meta property=\"og:image:type\" content=\"image\/jpeg\" \/>\n<meta name=\"author\" content=\"michael.merz\" \/>\n<meta name=\"twitter:card\" content=\"summary_large_image\" \/>\n<script type=\"application\/ld+json\" class=\"yoast-schema-graph\">{\"@context\":\"https:\\\/\\\/schema.org\",\"@graph\":[{\"@type\":\"Article\",\"@id\":\"https:\\\/\\\/www.organisator.ch\\\/sustainability\\\/2019-10-01\\\/wasserstoffproduktion-ostschweiz-ag-gegruendet\\\/#article\",\"isPartOf\":{\"@id\":\"https:\\\/\\\/www.organisator.ch\\\/sustainability\\\/2019-10-01\\\/wasserstoffproduktion-ostschweiz-ag-gegruendet\\\/\"},\"author\":{\"name\":\"michael.merz\",\"@id\":\"https:\\\/\\\/www.organisator.ch\\\/#\\\/schema\\\/person\\\/134708ca9321c57b0362cceb7948ffbd\"},\"headline\":\"Wasserstoffproduktion Ostschweiz AG gegr\u00fcndet\",\"datePublished\":\"2019-10-01T09:52:41+00:00\",\"dateModified\":\"2022-02-09T10:06:16+00:00\",\"mainEntityOfPage\":{\"@id\":\"https:\\\/\\\/www.organisator.ch\\\/sustainability\\\/2019-10-01\\\/wasserstoffproduktion-ostschweiz-ag-gegruendet\\\/\"},\"wordCount\":334,\"commentCount\":0,\"publisher\":{\"@id\":\"https:\\\/\\\/www.organisator.ch\\\/#organization\"},\"image\":{\"@id\":\"https:\\\/\\\/www.organisator.ch\\\/sustainability\\\/2019-10-01\\\/wasserstoffproduktion-ostschweiz-ag-gegruendet\\\/#primaryimage\"},\"thumbnailUrl\":\"https:\\\/\\\/www.organisator.ch\\\/wp-content\\\/uploads\\\/2019\\\/10\\\/Avia_Osterwalder-Up_Umwelt-Perspektiven.jpg\",\"keywords\":[\"Brennstoffzellen\",\"H2\",\"Nutzfahrzeuge\",\"Produktionsanlage\",\"Schweiz\",\"Wasserstoff\"],\"articleSection\":[\"SUSTAINABILITY\"],\"inLanguage\":\"it-IT\"},{\"@type\":\"WebPage\",\"@id\":\"https:\\\/\\\/www.organisator.ch\\\/sustainability\\\/2019-10-01\\\/wasserstoffproduktion-ostschweiz-ag-gegruendet\\\/\",\"url\":\"https:\\\/\\\/www.organisator.ch\\\/sustainability\\\/2019-10-01\\\/wasserstoffproduktion-ostschweiz-ag-gegruendet\\\/\",\"name\":\"Wasserstoffproduktion Ostschweiz AG gegr\u00fcndet - Organisator\",\"isPartOf\":{\"@id\":\"https:\\\/\\\/www.organisator.ch\\\/#website\"},\"primaryImageOfPage\":{\"@id\":\"https:\\\/\\\/www.organisator.ch\\\/sustainability\\\/2019-10-01\\\/wasserstoffproduktion-ostschweiz-ag-gegruendet\\\/#primaryimage\"},\"image\":{\"@id\":\"https:\\\/\\\/www.organisator.ch\\\/sustainability\\\/2019-10-01\\\/wasserstoffproduktion-ostschweiz-ag-gegruendet\\\/#primaryimage\"},\"thumbnailUrl\":\"https:\\\/\\\/www.organisator.ch\\\/wp-content\\\/uploads\\\/2019\\\/10\\\/Avia_Osterwalder-Up_Umwelt-Perspektiven.jpg\",\"datePublished\":\"2019-10-01T09:52:41+00:00\",\"dateModified\":\"2022-02-09T10:06:16+00:00\",\"description\":\"AVIA Osterwalder und die St.Gallisch-Appenzellische Kraftwerke AG SAK haben die Wasserstoffproduktion Ostschweiz AG gegr\u00fcndet.\",\"breadcrumb\":{\"@id\":\"https:\\\/\\\/www.organisator.ch\\\/sustainability\\\/2019-10-01\\\/wasserstoffproduktion-ostschweiz-ag-gegruendet\\\/#breadcrumb\"},\"inLanguage\":\"it-IT\",\"potentialAction\":[{\"@type\":\"ReadAction\",\"target\":[\"https:\\\/\\\/www.organisator.ch\\\/sustainability\\\/2019-10-01\\\/wasserstoffproduktion-ostschweiz-ag-gegruendet\\\/\"]}]},{\"@type\":\"ImageObject\",\"inLanguage\":\"it-IT\",\"@id\":\"https:\\\/\\\/www.organisator.ch\\\/sustainability\\\/2019-10-01\\\/wasserstoffproduktion-ostschweiz-ag-gegruendet\\\/#primaryimage\",\"url\":\"https:\\\/\\\/www.organisator.ch\\\/wp-content\\\/uploads\\\/2019\\\/10\\\/Avia_Osterwalder-Up_Umwelt-Perspektiven.jpg\",\"contentUrl\":\"https:\\\/\\\/www.organisator.ch\\\/wp-content\\\/uploads\\\/2019\\\/10\\\/Avia_Osterwalder-Up_Umwelt-Perspektiven.jpg\",\"width\":690,\"height\":460,\"caption\":\"Eine Tankstelle von Avia Osterwalder in der Ostschweiz im letzten Jahrhundert. Jetzt Ireichen die Initianten ihr Baugesuch zur Realisation einer Wasserstoff-Produktionsanlage am Standort St. Gallen-Kubel ein. (Bild: Avia Osterwalder)\"},{\"@type\":\"BreadcrumbList\",\"@id\":\"https:\\\/\\\/www.organisator.ch\\\/sustainability\\\/2019-10-01\\\/wasserstoffproduktion-ostschweiz-ag-gegruendet\\\/#breadcrumb\",\"itemListElement\":[{\"@type\":\"ListItem\",\"position\":1,\"name\":\"Home\",\"item\":\"https:\\\/\\\/www.organisator.ch\\\/\"},{\"@type\":\"ListItem\",\"position\":2,\"name\":\"Wasserstoffproduktion Ostschweiz AG gegr\u00fcndet\"}]},{\"@type\":\"WebSite\",\"@id\":\"https:\\\/\\\/www.organisator.ch\\\/#website\",\"url\":\"https:\\\/\\\/www.organisator.ch\\\/\",\"name\":\"Organisator\",\"description\":\"Kompetent. Praxisnah. Der ORGANISATOR bereitet in 10 Ausgaben pro Jahr die wesentlichen Themen f\u00fcr F\u00fchrungskr\u00e4fte von KMU auf.\",\"publisher\":{\"@id\":\"https:\\\/\\\/www.organisator.ch\\\/#organization\"},\"potentialAction\":[{\"@type\":\"SearchAction\",\"target\":{\"@type\":\"EntryPoint\",\"urlTemplate\":\"https:\\\/\\\/www.organisator.ch\\\/?s={search_term_string}\"},\"query-input\":{\"@type\":\"PropertyValueSpecification\",\"valueRequired\":true,\"valueName\":\"search_term_string\"}}],\"inLanguage\":\"it-IT\"},{\"@type\":\"Organization\",\"@id\":\"https:\\\/\\\/www.organisator.ch\\\/#organization\",\"name\":\"Organisator\",\"url\":\"https:\\\/\\\/www.organisator.ch\\\/\",\"logo\":{\"@type\":\"ImageObject\",\"inLanguage\":\"it-IT\",\"@id\":\"https:\\\/\\\/www.organisator.ch\\\/#\\\/schema\\\/logo\\\/image\\\/\",\"url\":\"https:\\\/\\\/www.organisator.ch\\\/wp-content\\\/uploads\\\/2022\\\/01\\\/Logo_Organisator_Website.png\",\"contentUrl\":\"https:\\\/\\\/www.organisator.ch\\\/wp-content\\\/uploads\\\/2022\\\/01\\\/Logo_Organisator_Website.png\",\"width\":800,\"height\":77,\"caption\":\"Organisator\"},\"image\":{\"@id\":\"https:\\\/\\\/www.organisator.ch\\\/#\\\/schema\\\/logo\\\/image\\\/\"},\"sameAs\":[\"https:\\\/\\\/www.facebook.com\\\/OrganisatorFachmagazin\",\"https:\\\/\\\/www.linkedin.com\\\/showcase\\\/organisator-das-magazin-fr-kmu\",\"https:\\\/\\\/www.xing.com\\\/news\\\/pages\\\/organisator-ch-695\",\"https:\\\/\\\/www.youtube.com\\\/channel\\\/UCGP2Sq0iWaZwT3BdIAQFYpw\"]},{\"@type\":\"Person\",\"@id\":\"https:\\\/\\\/www.organisator.ch\\\/#\\\/schema\\\/person\\\/134708ca9321c57b0362cceb7948ffbd\",\"name\":\"michael.merz\",\"image\":{\"@type\":\"ImageObject\",\"inLanguage\":\"it-IT\",\"@id\":\"https:\\\/\\\/secure.gravatar.com\\\/avatar\\\/?s=96&d=mm&r=g\",\"url\":\"https:\\\/\\\/secure.gravatar.com\\\/avatar\\\/?s=96&d=mm&r=g\",\"contentUrl\":\"https:\\\/\\\/secure.gravatar.com\\\/avatar\\\/?s=96&d=mm&r=g\",\"caption\":\"michael.merz\"},\"url\":\"https:\\\/\\\/www.organisator.ch\\\/it\\\/author\\\/michael-merz\\\/\"}]}<\/script>\n<!-- \/ Yoast SEO plugin. -->","yoast_head_json":{"title":"Fondazione Hydrogen Production Eastern Switzerland AG - Organizzatore","description":"AVIA Osterwalder e St.Gallisch-Appenzellische Kraftwerke AG SAK hanno fondato la Produzione di idrogeno Svizzera orientale SAK.","robots":{"index":"index","follow":"follow","max-snippet":"max-snippet:-1","max-image-preview":"max-image-preview:large","max-video-preview":"max-video-preview:-1"},"canonical":"https:\/\/www.organisator.ch\/it\/sostenibilita\/2019-10-01\/wasserstoffproduktion-ostschweiz-ag-gegruendet\/","og_locale":"it_IT","og_type":"article","og_title":"Wasserstoffproduktion Ostschweiz AG gegr\u00fcndet - Organisator","og_description":"AVIA Osterwalder und die St.Gallisch-Appenzellische Kraftwerke AG SAK haben die Wasserstoffproduktion Ostschweiz AG gegr\u00fcndet.","og_url":"https:\/\/www.organisator.ch\/it\/sostenibilita\/2019-10-01\/wasserstoffproduktion-ostschweiz-ag-gegruendet\/","og_site_name":"Organisator","article_publisher":"https:\/\/www.facebook.com\/OrganisatorFachmagazin","article_published_time":"2019-10-01T09:52:41+00:00","article_modified_time":"2022-02-09T10:06:16+00:00","og_image":[{"width":690,"height":460,"url":"https:\/\/www.organisator.ch\/wp-content\/uploads\/2019\/10\/Avia_Osterwalder-Up_Umwelt-Perspektiven.jpg","type":"image\/jpeg"}],"author":"michael.merz","twitter_card":"summary_large_image","schema":{"@context":"https:\/\/schema.org","@graph":[{"@type":"Article","@id":"https:\/\/www.organisator.ch\/sustainability\/2019-10-01\/wasserstoffproduktion-ostschweiz-ag-gegruendet\/#article","isPartOf":{"@id":"https:\/\/www.organisator.ch\/sustainability\/2019-10-01\/wasserstoffproduktion-ostschweiz-ag-gegruendet\/"},"author":{"name":"michael.merz","@id":"https:\/\/www.organisator.ch\/#\/schema\/person\/134708ca9321c57b0362cceb7948ffbd"},"headline":"Wasserstoffproduktion Ostschweiz AG gegr\u00fcndet","datePublished":"2019-10-01T09:52:41+00:00","dateModified":"2022-02-09T10:06:16+00:00","mainEntityOfPage":{"@id":"https:\/\/www.organisator.ch\/sustainability\/2019-10-01\/wasserstoffproduktion-ostschweiz-ag-gegruendet\/"},"wordCount":334,"commentCount":0,"publisher":{"@id":"https:\/\/www.organisator.ch\/#organization"},"image":{"@id":"https:\/\/www.organisator.ch\/sustainability\/2019-10-01\/wasserstoffproduktion-ostschweiz-ag-gegruendet\/#primaryimage"},"thumbnailUrl":"https:\/\/www.organisator.ch\/wp-content\/uploads\/2019\/10\/Avia_Osterwalder-Up_Umwelt-Perspektiven.jpg","keywords":["Brennstoffzellen","H2","Nutzfahrzeuge","Produktionsanlage","Schweiz","Wasserstoff"],"articleSection":["SUSTAINABILITY"],"inLanguage":"it-IT"},{"@type":"WebPage","@id":"https:\/\/www.organisator.ch\/sustainability\/2019-10-01\/wasserstoffproduktion-ostschweiz-ag-gegruendet\/","url":"https:\/\/www.organisator.ch\/sustainability\/2019-10-01\/wasserstoffproduktion-ostschweiz-ag-gegruendet\/","name":"Fondazione Hydrogen Production Eastern Switzerland AG - Organizzatore","isPartOf":{"@id":"https:\/\/www.organisator.ch\/#website"},"primaryImageOfPage":{"@id":"https:\/\/www.organisator.ch\/sustainability\/2019-10-01\/wasserstoffproduktion-ostschweiz-ag-gegruendet\/#primaryimage"},"image":{"@id":"https:\/\/www.organisator.ch\/sustainability\/2019-10-01\/wasserstoffproduktion-ostschweiz-ag-gegruendet\/#primaryimage"},"thumbnailUrl":"https:\/\/www.organisator.ch\/wp-content\/uploads\/2019\/10\/Avia_Osterwalder-Up_Umwelt-Perspektiven.jpg","datePublished":"2019-10-01T09:52:41+00:00","dateModified":"2022-02-09T10:06:16+00:00","description":"AVIA Osterwalder e St.Gallisch-Appenzellische Kraftwerke AG SAK hanno fondato la Produzione di idrogeno Svizzera orientale SAK.","breadcrumb":{"@id":"https:\/\/www.organisator.ch\/sustainability\/2019-10-01\/wasserstoffproduktion-ostschweiz-ag-gegruendet\/#breadcrumb"},"inLanguage":"it-IT","potentialAction":[{"@type":"ReadAction","target":["https:\/\/www.organisator.ch\/sustainability\/2019-10-01\/wasserstoffproduktion-ostschweiz-ag-gegruendet\/"]}]},{"@type":"ImageObject","inLanguage":"it-IT","@id":"https:\/\/www.organisator.ch\/sustainability\/2019-10-01\/wasserstoffproduktion-ostschweiz-ag-gegruendet\/#primaryimage","url":"https:\/\/www.organisator.ch\/wp-content\/uploads\/2019\/10\/Avia_Osterwalder-Up_Umwelt-Perspektiven.jpg","contentUrl":"https:\/\/www.organisator.ch\/wp-content\/uploads\/2019\/10\/Avia_Osterwalder-Up_Umwelt-Perspektiven.jpg","width":690,"height":460,"caption":"Eine Tankstelle von Avia Osterwalder in der Ostschweiz im letzten Jahrhundert. Jetzt Ireichen die Initianten ihr Baugesuch zur Realisation einer Wasserstoff-Produktionsanlage am Standort St. Gallen-Kubel ein. (Bild: Avia Osterwalder)"},{"@type":"BreadcrumbList","@id":"https:\/\/www.organisator.ch\/sustainability\/2019-10-01\/wasserstoffproduktion-ostschweiz-ag-gegruendet\/#breadcrumb","itemListElement":[{"@type":"ListItem","position":1,"name":"Home","item":"https:\/\/www.organisator.ch\/"},{"@type":"ListItem","position":2,"name":"Wasserstoffproduktion Ostschweiz AG gegr\u00fcndet"}]},{"@type":"WebSite","@id":"https:\/\/www.organisator.ch\/#website","url":"https:\/\/www.organisator.ch\/","name":"Organizzatore","description":"Competente. Pratico. In 10 numeri all'anno, ORGANISATOR presenta i temi essenziali per i manager delle PMI.","publisher":{"@id":"https:\/\/www.organisator.ch\/#organization"},"potentialAction":[{"@type":"SearchAction","target":{"@type":"EntryPoint","urlTemplate":"https:\/\/www.organisator.ch\/?s={search_term_string}"},"query-input":{"@type":"PropertyValueSpecification","valueRequired":true,"valueName":"search_term_string"}}],"inLanguage":"it-IT"},{"@type":"Organization","@id":"https:\/\/www.organisator.ch\/#organization","name":"Organizzatore","url":"https:\/\/www.organisator.ch\/","logo":{"@type":"ImageObject","inLanguage":"it-IT","@id":"https:\/\/www.organisator.ch\/#\/schema\/logo\/image\/","url":"https:\/\/www.organisator.ch\/wp-content\/uploads\/2022\/01\/Logo_Organisator_Website.png","contentUrl":"https:\/\/www.organisator.ch\/wp-content\/uploads\/2022\/01\/Logo_Organisator_Website.png","width":800,"height":77,"caption":"Organisator"},"image":{"@id":"https:\/\/www.organisator.ch\/#\/schema\/logo\/image\/"},"sameAs":["https:\/\/www.facebook.com\/OrganisatorFachmagazin","https:\/\/www.linkedin.com\/showcase\/organisator-das-magazin-fr-kmu","https:\/\/www.xing.com\/news\/pages\/organisator-ch-695","https:\/\/www.youtube.com\/channel\/UCGP2Sq0iWaZwT3BdIAQFYpw"]},{"@type":"Person","@id":"https:\/\/www.organisator.ch\/#\/schema\/person\/134708ca9321c57b0362cceb7948ffbd","name":"michael.merz","image":{"@type":"ImageObject","inLanguage":"it-IT","@id":"https:\/\/secure.gravatar.com\/avatar\/?s=96&d=mm&r=g","url":"https:\/\/secure.gravatar.com\/avatar\/?s=96&d=mm&r=g","contentUrl":"https:\/\/secure.gravatar.com\/avatar\/?s=96&d=mm&r=g","caption":"michael.merz"},"url":"https:\/\/www.organisator.ch\/it\/author\/michael-merz\/"}]}},"_links":{"self":[{"href":"https:\/\/www.organisator.ch\/it\/wp-json\/wp\/v2\/posts\/2508","targetHints":{"allow":["GET"]}}],"collection":[{"href":"https:\/\/www.organisator.ch\/it\/wp-json\/wp\/v2\/posts"}],"about":[{"href":"https:\/\/www.organisator.ch\/it\/wp-json\/wp\/v2\/types\/post"}],"author":[{"embeddable":true,"href":"https:\/\/www.organisator.ch\/it\/wp-json\/wp\/v2\/users\/5"}],"replies":[{"embeddable":true,"href":"https:\/\/www.organisator.ch\/it\/wp-json\/wp\/v2\/comments?post=2508"}],"version-history":[{"count":1,"href":"https:\/\/www.organisator.ch\/it\/wp-json\/wp\/v2\/posts\/2508\/revisions"}],"predecessor-version":[{"id":10545,"href":"https:\/\/www.organisator.ch\/it\/wp-json\/wp\/v2\/posts\/2508\/revisions\/10545"}],"wp:featuredmedia":[{"embeddable":true,"href":"https:\/\/www.organisator.ch\/it\/wp-json\/wp\/v2\/media\/2509"}],"wp:attachment":[{"href":"https:\/\/www.organisator.ch\/it\/wp-json\/wp\/v2\/media?parent=2508"}],"wp:term":[{"taxonomy":"category","embeddable":true,"href":"https:\/\/www.organisator.ch\/it\/wp-json\/wp\/v2\/categories?post=2508"},{"taxonomy":"post_tag","embeddable":true,"href":"https:\/\/www.organisator.ch\/it\/wp-json\/wp\/v2\/tags?post=2508"}],"curies":[{"name":"wp","href":"https:\/\/api.w.org\/{rel}","templated":true}]}}