{"id":25129,"date":"2024-02-29T04:18:52","date_gmt":"2024-02-29T03:18:52","guid":{"rendered":"https:\/\/www.organisator.ch\/de\/?p=25129"},"modified":"2024-02-20T15:27:24","modified_gmt":"2024-02-20T14:27:24","slug":"generative-ki-katalysator-fuer-den-wandel","status":"publish","type":"post","link":"https:\/\/www.organisator.ch\/it\/operational-excellence\/2024-02-29\/generative-ki-katalysator-fuer-den-wandel\/","title":{"rendered":"IA generativa: un catalizzatore per il cambiamento"},"content":{"rendered":"<div class=\"swpm-post-not-logged-in-msg\">Devi eseguire l&#039;accesso per visualizzare questo contenuto. Avrete bisogno di <a class=\"swpm-login-link\" href=\"https:\/\/www.organisator.ch\/login\/\">Accedi<\/a>. Non sei un membro? <a href=\"https:\/\/www.organisator.ch\/shop\/\">Registrati<\/a><\/div>","protected":false},"excerpt":{"rendered":"<p>L'intelligenza artificiale generativa (IA) \u00e8 un salto rivoluzionario o uno sviluppo graduale? Una cosa \u00e8 chiara: l'IA generativa cambier\u00e0 il mondo del lavoro in Svizzera, in un'ampia gamma di settori, dall'industria meccanica di precisione alla sanit\u00e0 e al settore finanziario. <\/p>","protected":false},"author":1,"featured_media":25127,"comment_status":"closed","ping_status":"closed","sticky":false,"template":"","format":"standard","meta":{"_acf_changed":false,"_yoast_wpseo_focuskw":"Generative KI","_yoast_wpseo_metadesc":"Ist die generative k\u00fcnstliche Intelligenz (KI) ein revolution\u00e4rer Sprung nach vorne oder eine schrittweise Entwicklung?","articlekey":"85433","footnotes":""},"categories":[578,582],"tags":[156,319,335,2755],"class_list":["post-25129","post","type-post","status-publish","format-standard","has-post-thumbnail","hentry","category-abo","category-operational-excellence","tag-digitalisierung","tag-kuenstliche-intelligenz","tag-management-und-unternehmensfuehrung","tag-operational-excellence"],"acf":[],"yoast_head":"<!-- This site is optimized with the Yoast SEO plugin v27.5 - https:\/\/yoast.com\/product\/yoast-seo-wordpress\/ -->\n<title>Generative KI: Katalysator f\u00fcr den Wandel - Organisator<\/title>\n<meta name=\"description\" content=\"Ist die generative k\u00fcnstliche Intelligenz (KI) ein revolution\u00e4rer Sprung nach vorne oder eine schrittweise Entwicklung?\" \/>\n<meta name=\"robots\" content=\"index, follow, max-snippet:-1, max-image-preview:large, max-video-preview:-1\" \/>\n<link rel=\"canonical\" href=\"https:\/\/www.organisator.ch\/it\/eccellenza-operativa\/2024-02-29\/generative-ki-katalysator-fuer-den-wandel\/\" \/>\n<meta property=\"og:locale\" content=\"it_IT\" \/>\n<meta property=\"og:type\" content=\"article\" \/>\n<meta property=\"og:title\" content=\"Generative KI: Katalysator f\u00fcr den Wandel - Organisator\" \/>\n<meta property=\"og:description\" content=\"Ist die generative k\u00fcnstliche Intelligenz (KI) ein revolution\u00e4rer Sprung nach vorne oder eine schrittweise Entwicklung?\" \/>\n<meta property=\"og:url\" content=\"https:\/\/www.organisator.ch\/it\/eccellenza-operativa\/2024-02-29\/generative-ki-katalysator-fuer-den-wandel\/\" \/>\n<meta property=\"og:site_name\" content=\"Organisator\" \/>\n<meta property=\"article:publisher\" content=\"https:\/\/www.facebook.com\/OrganisatorFachmagazin\" \/>\n<meta property=\"article:published_time\" content=\"2024-02-29T03:18:52+00:00\" \/>\n<meta property=\"og:image\" content=\"https:\/\/www.organisator.ch\/wp-content\/uploads\/2024\/02\/OpEx_Beierschoder_Bild_organisator_85452-scaled.jpg\" \/>\n\t<meta property=\"og:image:width\" content=\"1400\" \/>\n\t<meta property=\"og:image:height\" content=\"965\" \/>\n\t<meta property=\"og:image:type\" content=\"image\/jpeg\" \/>\n<meta name=\"author\" content=\"admin\" \/>\n<meta name=\"twitter:card\" content=\"summary_large_image\" \/>\n<script type=\"application\/ld+json\" class=\"yoast-schema-graph\">{\"@context\":\"https:\\\/\\\/schema.org\",\"@graph\":[{\"@type\":\"Article\",\"@id\":\"https:\\\/\\\/www.organisator.ch\\\/operational-excellence\\\/2024-02-29\\\/generative-ki-katalysator-fuer-den-wandel\\\/#article\",\"isPartOf\":{\"@id\":\"https:\\\/\\\/www.organisator.ch\\\/operational-excellence\\\/2024-02-29\\\/generative-ki-katalysator-fuer-den-wandel\\\/\"},\"author\":{\"name\":\"admin\",\"@id\":\"https:\\\/\\\/www.organisator.ch\\\/#\\\/schema\\\/person\\\/aa2bace6c5c5aad60102004a50c4eb1c\"},\"headline\":\"Generative KI: Katalysator f\u00fcr den Wandel\",\"datePublished\":\"2024-02-29T03:18:52+00:00\",\"mainEntityOfPage\":{\"@id\":\"https:\\\/\\\/www.organisator.ch\\\/operational-excellence\\\/2024-02-29\\\/generative-ki-katalysator-fuer-den-wandel\\\/\"},\"wordCount\":1159,\"publisher\":{\"@id\":\"https:\\\/\\\/www.organisator.ch\\\/#organization\"},\"image\":{\"@id\":\"https:\\\/\\\/www.organisator.ch\\\/operational-excellence\\\/2024-02-29\\\/generative-ki-katalysator-fuer-den-wandel\\\/#primaryimage\"},\"thumbnailUrl\":\"https:\\\/\\\/www.organisator.ch\\\/wp-content\\\/uploads\\\/2024\\\/02\\\/OpEx_Beierschoder_Bild_organisator_85452-scaled.jpg\",\"keywords\":[\"Digitalisierung\",\"K\u00fcnstliche Intelligenz\",\"Management und Unternehmensf\u00fchrung\",\"OPERATIONAL EXCELLENCE\"],\"articleSection\":[\"ABO+\",\"OPERATIONAL EXCELLENCE\"],\"inLanguage\":\"it-IT\"},{\"@type\":\"WebPage\",\"@id\":\"https:\\\/\\\/www.organisator.ch\\\/operational-excellence\\\/2024-02-29\\\/generative-ki-katalysator-fuer-den-wandel\\\/\",\"url\":\"https:\\\/\\\/www.organisator.ch\\\/operational-excellence\\\/2024-02-29\\\/generative-ki-katalysator-fuer-den-wandel\\\/\",\"name\":\"Generative KI: Katalysator f\u00fcr den Wandel - Organisator\",\"isPartOf\":{\"@id\":\"https:\\\/\\\/www.organisator.ch\\\/#website\"},\"primaryImageOfPage\":{\"@id\":\"https:\\\/\\\/www.organisator.ch\\\/operational-excellence\\\/2024-02-29\\\/generative-ki-katalysator-fuer-den-wandel\\\/#primaryimage\"},\"image\":{\"@id\":\"https:\\\/\\\/www.organisator.ch\\\/operational-excellence\\\/2024-02-29\\\/generative-ki-katalysator-fuer-den-wandel\\\/#primaryimage\"},\"thumbnailUrl\":\"https:\\\/\\\/www.organisator.ch\\\/wp-content\\\/uploads\\\/2024\\\/02\\\/OpEx_Beierschoder_Bild_organisator_85452-scaled.jpg\",\"datePublished\":\"2024-02-29T03:18:52+00:00\",\"description\":\"Ist die generative k\u00fcnstliche Intelligenz (KI) ein revolution\u00e4rer Sprung nach vorne oder eine schrittweise Entwicklung?\",\"breadcrumb\":{\"@id\":\"https:\\\/\\\/www.organisator.ch\\\/operational-excellence\\\/2024-02-29\\\/generative-ki-katalysator-fuer-den-wandel\\\/#breadcrumb\"},\"inLanguage\":\"it-IT\",\"potentialAction\":[{\"@type\":\"ReadAction\",\"target\":[\"https:\\\/\\\/www.organisator.ch\\\/operational-excellence\\\/2024-02-29\\\/generative-ki-katalysator-fuer-den-wandel\\\/\"]}]},{\"@type\":\"ImageObject\",\"inLanguage\":\"it-IT\",\"@id\":\"https:\\\/\\\/www.organisator.ch\\\/operational-excellence\\\/2024-02-29\\\/generative-ki-katalysator-fuer-den-wandel\\\/#primaryimage\",\"url\":\"https:\\\/\\\/www.organisator.ch\\\/wp-content\\\/uploads\\\/2024\\\/02\\\/OpEx_Beierschoder_Bild_organisator_85452-scaled.jpg\",\"contentUrl\":\"https:\\\/\\\/www.organisator.ch\\\/wp-content\\\/uploads\\\/2024\\\/02\\\/OpEx_Beierschoder_Bild_organisator_85452-scaled.jpg\",\"width\":1400,\"height\":965,\"caption\":\"Viele IT-F\u00fchrungskr\u00e4fte sind der Ansicht, dass ihre Unternehmen grosse Fortschritte bei der Zusammenarbeit von Mensch und KI machen. \u00a9 Depositphotos.com\"},{\"@type\":\"BreadcrumbList\",\"@id\":\"https:\\\/\\\/www.organisator.ch\\\/operational-excellence\\\/2024-02-29\\\/generative-ki-katalysator-fuer-den-wandel\\\/#breadcrumb\",\"itemListElement\":[{\"@type\":\"ListItem\",\"position\":1,\"name\":\"Home\",\"item\":\"https:\\\/\\\/www.organisator.ch\\\/\"},{\"@type\":\"ListItem\",\"position\":2,\"name\":\"Generative KI: Katalysator f\u00fcr den Wandel\"}]},{\"@type\":\"WebSite\",\"@id\":\"https:\\\/\\\/www.organisator.ch\\\/#website\",\"url\":\"https:\\\/\\\/www.organisator.ch\\\/\",\"name\":\"Organisator\",\"description\":\"Kompetent. Praxisnah. Der ORGANISATOR bereitet in 10 Ausgaben pro Jahr die wesentlichen Themen f\u00fcr F\u00fchrungskr\u00e4fte von KMU auf.\",\"publisher\":{\"@id\":\"https:\\\/\\\/www.organisator.ch\\\/#organization\"},\"potentialAction\":[{\"@type\":\"SearchAction\",\"target\":{\"@type\":\"EntryPoint\",\"urlTemplate\":\"https:\\\/\\\/www.organisator.ch\\\/?s={search_term_string}\"},\"query-input\":{\"@type\":\"PropertyValueSpecification\",\"valueRequired\":true,\"valueName\":\"search_term_string\"}}],\"inLanguage\":\"it-IT\"},{\"@type\":\"Organization\",\"@id\":\"https:\\\/\\\/www.organisator.ch\\\/#organization\",\"name\":\"Organisator\",\"url\":\"https:\\\/\\\/www.organisator.ch\\\/\",\"logo\":{\"@type\":\"ImageObject\",\"inLanguage\":\"it-IT\",\"@id\":\"https:\\\/\\\/www.organisator.ch\\\/#\\\/schema\\\/logo\\\/image\\\/\",\"url\":\"https:\\\/\\\/www.organisator.ch\\\/wp-content\\\/uploads\\\/2022\\\/01\\\/Logo_Organisator_Website.png\",\"contentUrl\":\"https:\\\/\\\/www.organisator.ch\\\/wp-content\\\/uploads\\\/2022\\\/01\\\/Logo_Organisator_Website.png\",\"width\":800,\"height\":77,\"caption\":\"Organisator\"},\"image\":{\"@id\":\"https:\\\/\\\/www.organisator.ch\\\/#\\\/schema\\\/logo\\\/image\\\/\"},\"sameAs\":[\"https:\\\/\\\/www.facebook.com\\\/OrganisatorFachmagazin\",\"https:\\\/\\\/www.linkedin.com\\\/showcase\\\/organisator-das-magazin-fr-kmu\",\"https:\\\/\\\/www.xing.com\\\/news\\\/pages\\\/organisator-ch-695\",\"https:\\\/\\\/www.youtube.com\\\/channel\\\/UCGP2Sq0iWaZwT3BdIAQFYpw\"]},{\"@type\":\"Person\",\"@id\":\"https:\\\/\\\/www.organisator.ch\\\/#\\\/schema\\\/person\\\/aa2bace6c5c5aad60102004a50c4eb1c\",\"name\":\"admin\",\"image\":{\"@type\":\"ImageObject\",\"inLanguage\":\"it-IT\",\"@id\":\"https:\\\/\\\/secure.gravatar.com\\\/avatar\\\/ae2f4d718e6c49043e314ce431e7e645d646302a24a5ef5a8bc8e3f5a032e319?s=96&d=mm&r=g\",\"url\":\"https:\\\/\\\/secure.gravatar.com\\\/avatar\\\/ae2f4d718e6c49043e314ce431e7e645d646302a24a5ef5a8bc8e3f5a032e319?s=96&d=mm&r=g\",\"contentUrl\":\"https:\\\/\\\/secure.gravatar.com\\\/avatar\\\/ae2f4d718e6c49043e314ce431e7e645d646302a24a5ef5a8bc8e3f5a032e319?s=96&d=mm&r=g\",\"caption\":\"admin\"},\"sameAs\":[\"https:\\\/\\\/www.organisator.ch\"],\"url\":\"https:\\\/\\\/www.organisator.ch\\\/it\\\/author\\\/admin\\\/\"}]}<\/script>\n<!-- \/ Yoast SEO plugin. -->","yoast_head_json":{"title":"IA generativa: catalizzatore del cambiamento - Organizzatore","description":"L'intelligenza artificiale generativa (IA) \u00e8 un salto rivoluzionario o uno sviluppo graduale?","robots":{"index":"index","follow":"follow","max-snippet":"max-snippet:-1","max-image-preview":"max-image-preview:large","max-video-preview":"max-video-preview:-1"},"canonical":"https:\/\/www.organisator.ch\/it\/eccellenza-operativa\/2024-02-29\/generative-ki-katalysator-fuer-den-wandel\/","og_locale":"it_IT","og_type":"article","og_title":"Generative KI: Katalysator f\u00fcr den Wandel - Organisator","og_description":"Ist die generative k\u00fcnstliche Intelligenz (KI) ein revolution\u00e4rer Sprung nach vorne oder eine schrittweise Entwicklung?","og_url":"https:\/\/www.organisator.ch\/it\/eccellenza-operativa\/2024-02-29\/generative-ki-katalysator-fuer-den-wandel\/","og_site_name":"Organisator","article_publisher":"https:\/\/www.facebook.com\/OrganisatorFachmagazin","article_published_time":"2024-02-29T03:18:52+00:00","og_image":[{"width":1400,"height":965,"url":"https:\/\/www.organisator.ch\/wp-content\/uploads\/2024\/02\/OpEx_Beierschoder_Bild_organisator_85452-scaled.jpg","type":"image\/jpeg"}],"author":"admin","twitter_card":"summary_large_image","schema":{"@context":"https:\/\/schema.org","@graph":[{"@type":"Article","@id":"https:\/\/www.organisator.ch\/operational-excellence\/2024-02-29\/generative-ki-katalysator-fuer-den-wandel\/#article","isPartOf":{"@id":"https:\/\/www.organisator.ch\/operational-excellence\/2024-02-29\/generative-ki-katalysator-fuer-den-wandel\/"},"author":{"name":"admin","@id":"https:\/\/www.organisator.ch\/#\/schema\/person\/aa2bace6c5c5aad60102004a50c4eb1c"},"headline":"Generative KI: Katalysator f\u00fcr den Wandel","datePublished":"2024-02-29T03:18:52+00:00","mainEntityOfPage":{"@id":"https:\/\/www.organisator.ch\/operational-excellence\/2024-02-29\/generative-ki-katalysator-fuer-den-wandel\/"},"wordCount":1159,"publisher":{"@id":"https:\/\/www.organisator.ch\/#organization"},"image":{"@id":"https:\/\/www.organisator.ch\/operational-excellence\/2024-02-29\/generative-ki-katalysator-fuer-den-wandel\/#primaryimage"},"thumbnailUrl":"https:\/\/www.organisator.ch\/wp-content\/uploads\/2024\/02\/OpEx_Beierschoder_Bild_organisator_85452-scaled.jpg","keywords":["Digitalisierung","K\u00fcnstliche Intelligenz","Management und Unternehmensf\u00fchrung","OPERATIONAL EXCELLENCE"],"articleSection":["ABO+","OPERATIONAL EXCELLENCE"],"inLanguage":"it-IT"},{"@type":"WebPage","@id":"https:\/\/www.organisator.ch\/operational-excellence\/2024-02-29\/generative-ki-katalysator-fuer-den-wandel\/","url":"https:\/\/www.organisator.ch\/operational-excellence\/2024-02-29\/generative-ki-katalysator-fuer-den-wandel\/","name":"IA generativa: catalizzatore del cambiamento - Organizzatore","isPartOf":{"@id":"https:\/\/www.organisator.ch\/#website"},"primaryImageOfPage":{"@id":"https:\/\/www.organisator.ch\/operational-excellence\/2024-02-29\/generative-ki-katalysator-fuer-den-wandel\/#primaryimage"},"image":{"@id":"https:\/\/www.organisator.ch\/operational-excellence\/2024-02-29\/generative-ki-katalysator-fuer-den-wandel\/#primaryimage"},"thumbnailUrl":"https:\/\/www.organisator.ch\/wp-content\/uploads\/2024\/02\/OpEx_Beierschoder_Bild_organisator_85452-scaled.jpg","datePublished":"2024-02-29T03:18:52+00:00","description":"L'intelligenza artificiale generativa (IA) \u00e8 un salto rivoluzionario o uno sviluppo graduale?","breadcrumb":{"@id":"https:\/\/www.organisator.ch\/operational-excellence\/2024-02-29\/generative-ki-katalysator-fuer-den-wandel\/#breadcrumb"},"inLanguage":"it-IT","potentialAction":[{"@type":"ReadAction","target":["https:\/\/www.organisator.ch\/operational-excellence\/2024-02-29\/generative-ki-katalysator-fuer-den-wandel\/"]}]},{"@type":"ImageObject","inLanguage":"it-IT","@id":"https:\/\/www.organisator.ch\/operational-excellence\/2024-02-29\/generative-ki-katalysator-fuer-den-wandel\/#primaryimage","url":"https:\/\/www.organisator.ch\/wp-content\/uploads\/2024\/02\/OpEx_Beierschoder_Bild_organisator_85452-scaled.jpg","contentUrl":"https:\/\/www.organisator.ch\/wp-content\/uploads\/2024\/02\/OpEx_Beierschoder_Bild_organisator_85452-scaled.jpg","width":1400,"height":965,"caption":"Viele IT-F\u00fchrungskr\u00e4fte sind der Ansicht, dass ihre Unternehmen grosse Fortschritte bei der Zusammenarbeit von Mensch und KI machen. \u00a9 Depositphotos.com"},{"@type":"BreadcrumbList","@id":"https:\/\/www.organisator.ch\/operational-excellence\/2024-02-29\/generative-ki-katalysator-fuer-den-wandel\/#breadcrumb","itemListElement":[{"@type":"ListItem","position":1,"name":"Home","item":"https:\/\/www.organisator.ch\/"},{"@type":"ListItem","position":2,"name":"Generative KI: Katalysator f\u00fcr den Wandel"}]},{"@type":"WebSite","@id":"https:\/\/www.organisator.ch\/#website","url":"https:\/\/www.organisator.ch\/","name":"Organizzatore","description":"Competente. Pratico. In 10 numeri all'anno, ORGANISATOR presenta i temi essenziali per i manager delle PMI.","publisher":{"@id":"https:\/\/www.organisator.ch\/#organization"},"potentialAction":[{"@type":"SearchAction","target":{"@type":"EntryPoint","urlTemplate":"https:\/\/www.organisator.ch\/?s={search_term_string}"},"query-input":{"@type":"PropertyValueSpecification","valueRequired":true,"valueName":"search_term_string"}}],"inLanguage":"it-IT"},{"@type":"Organization","@id":"https:\/\/www.organisator.ch\/#organization","name":"Organizzatore","url":"https:\/\/www.organisator.ch\/","logo":{"@type":"ImageObject","inLanguage":"it-IT","@id":"https:\/\/www.organisator.ch\/#\/schema\/logo\/image\/","url":"https:\/\/www.organisator.ch\/wp-content\/uploads\/2022\/01\/Logo_Organisator_Website.png","contentUrl":"https:\/\/www.organisator.ch\/wp-content\/uploads\/2022\/01\/Logo_Organisator_Website.png","width":800,"height":77,"caption":"Organisator"},"image":{"@id":"https:\/\/www.organisator.ch\/#\/schema\/logo\/image\/"},"sameAs":["https:\/\/www.facebook.com\/OrganisatorFachmagazin","https:\/\/www.linkedin.com\/showcase\/organisator-das-magazin-fr-kmu","https:\/\/www.xing.com\/news\/pages\/organisator-ch-695","https:\/\/www.youtube.com\/channel\/UCGP2Sq0iWaZwT3BdIAQFYpw"]},{"@type":"Person","@id":"https:\/\/www.organisator.ch\/#\/schema\/person\/aa2bace6c5c5aad60102004a50c4eb1c","name":"amministratore","image":{"@type":"ImageObject","inLanguage":"it-IT","@id":"https:\/\/secure.gravatar.com\/avatar\/ae2f4d718e6c49043e314ce431e7e645d646302a24a5ef5a8bc8e3f5a032e319?s=96&d=mm&r=g","url":"https:\/\/secure.gravatar.com\/avatar\/ae2f4d718e6c49043e314ce431e7e645d646302a24a5ef5a8bc8e3f5a032e319?s=96&d=mm&r=g","contentUrl":"https:\/\/secure.gravatar.com\/avatar\/ae2f4d718e6c49043e314ce431e7e645d646302a24a5ef5a8bc8e3f5a032e319?s=96&d=mm&r=g","caption":"admin"},"sameAs":["https:\/\/www.organisator.ch"],"url":"https:\/\/www.organisator.ch\/it\/author\/admin\/"}]}},"_links":{"self":[{"href":"https:\/\/www.organisator.ch\/it\/wp-json\/wp\/v2\/posts\/25129","targetHints":{"allow":["GET"]}}],"collection":[{"href":"https:\/\/www.organisator.ch\/it\/wp-json\/wp\/v2\/posts"}],"about":[{"href":"https:\/\/www.organisator.ch\/it\/wp-json\/wp\/v2\/types\/post"}],"author":[{"embeddable":true,"href":"https:\/\/www.organisator.ch\/it\/wp-json\/wp\/v2\/users\/1"}],"replies":[{"embeddable":true,"href":"https:\/\/www.organisator.ch\/it\/wp-json\/wp\/v2\/comments?post=25129"}],"version-history":[{"count":2,"href":"https:\/\/www.organisator.ch\/it\/wp-json\/wp\/v2\/posts\/25129\/revisions"}],"predecessor-version":[{"id":25253,"href":"https:\/\/www.organisator.ch\/it\/wp-json\/wp\/v2\/posts\/25129\/revisions\/25253"}],"wp:featuredmedia":[{"embeddable":true,"href":"https:\/\/www.organisator.ch\/it\/wp-json\/wp\/v2\/media\/25127"}],"wp:attachment":[{"href":"https:\/\/www.organisator.ch\/it\/wp-json\/wp\/v2\/media?parent=25129"}],"wp:term":[{"taxonomy":"category","embeddable":true,"href":"https:\/\/www.organisator.ch\/it\/wp-json\/wp\/v2\/categories?post=25129"},{"taxonomy":"post_tag","embeddable":true,"href":"https:\/\/www.organisator.ch\/it\/wp-json\/wp\/v2\/tags?post=25129"}],"curies":[{"name":"wp","href":"https:\/\/api.w.org\/{rel}","templated":true}]}}