{"id":25174,"date":"2024-02-29T06:00:02","date_gmt":"2024-02-29T05:00:02","guid":{"rendered":"https:\/\/www.organisator.ch\/de\/?p=25174"},"modified":"2024-02-19T16:09:10","modified_gmt":"2024-02-19T15:09:10","slug":"save-food-fight-waste","status":"publish","type":"post","link":"https:\/\/www.organisator.ch\/it\/sustainability\/2024-02-29\/save-food-fight-waste\/","title":{"rendered":"Risparmiare cibo, combattere gli sprechi"},"content":{"rendered":"<div class=\"swpm-post-not-logged-in-msg\">Devi eseguire l&#039;accesso per visualizzare questo contenuto. Avrete bisogno di <a class=\"swpm-login-link\" href=\"https:\/\/www.organisator.ch\/login\/\">Accedi<\/a>. Non sei un membro? <a href=\"https:\/\/www.organisator.ch\/shop\/\">Registrati<\/a><\/div>","protected":false},"excerpt":{"rendered":"<p>Il problema dello spreco alimentare riguarda tutti noi. Dal raccolto al piatto, un terzo di tutto il cibo va perso in Svizzera. Ogni anno vengono prodotti 2,8 milioni di tonnellate di rifiuti alimentari, senza contare le parti non commestibili come le ossa.<\/p>","protected":false},"author":1,"featured_media":25171,"comment_status":"closed","ping_status":"closed","sticky":false,"template":"","format":"standard","meta":{"_acf_changed":false,"_yoast_wpseo_focuskw":"Food Waste","_yoast_wpseo_metadesc":"Das Problem Food Waste geht uns alle an. Von der Ernte bis zum Teller geht in der Schweiz ein Drittel aller Lebensmittel verloren.","articlekey":"76821","footnotes":""},"categories":[578,580],"tags":[2900,1208,3410,358],"class_list":["post-25174","post","type-post","status-publish","format-standard","has-post-thumbnail","hentry","category-abo","category-sustainability","tag-abfallmanagement","tag-food-waste","tag-gastronomie","tag-nachhaltige-wirtschaft"],"acf":[],"yoast_head":"<!-- This site is optimized with the Yoast SEO plugin v27.5 - https:\/\/yoast.com\/product\/yoast-seo-wordpress\/ -->\n<title>Save Food, Fight Waste - Organisator<\/title>\n<meta name=\"description\" content=\"Das Problem Food Waste geht uns alle an. Von der Ernte bis zum Teller geht in der Schweiz ein Drittel aller Lebensmittel verloren.\" \/>\n<meta name=\"robots\" content=\"index, follow, max-snippet:-1, max-image-preview:large, max-video-preview:-1\" \/>\n<link rel=\"canonical\" href=\"https:\/\/www.organisator.ch\/it\/sostenibilita\/2024-02-29\/save-food-fight-waste\/\" \/>\n<meta property=\"og:locale\" content=\"it_IT\" \/>\n<meta property=\"og:type\" content=\"article\" \/>\n<meta property=\"og:title\" content=\"Save Food, Fight Waste - Organisator\" \/>\n<meta property=\"og:description\" content=\"Das Problem Food Waste geht uns alle an. Von der Ernte bis zum Teller geht in der Schweiz ein Drittel aller Lebensmittel verloren.\" \/>\n<meta property=\"og:url\" content=\"https:\/\/www.organisator.ch\/it\/sostenibilita\/2024-02-29\/save-food-fight-waste\/\" \/>\n<meta property=\"og:site_name\" content=\"Organisator\" \/>\n<meta property=\"article:publisher\" content=\"https:\/\/www.facebook.com\/OrganisatorFachmagazin\" \/>\n<meta property=\"article:published_time\" content=\"2024-02-29T05:00:02+00:00\" \/>\n<meta property=\"og:image\" content=\"https:\/\/www.organisator.ch\/wp-content\/uploads\/2024\/02\/Sustainability_Auftakt_Auftakt-Bild_organisator_84225-scaled.jpg\" \/>\n\t<meta property=\"og:image:width\" content=\"1043\" \/>\n\t<meta property=\"og:image:height\" content=\"1400\" \/>\n\t<meta property=\"og:image:type\" content=\"image\/jpeg\" \/>\n<meta name=\"author\" content=\"admin\" \/>\n<meta name=\"twitter:card\" content=\"summary_large_image\" \/>\n<script type=\"application\/ld+json\" class=\"yoast-schema-graph\">{\"@context\":\"https:\\\/\\\/schema.org\",\"@graph\":[{\"@type\":\"Article\",\"@id\":\"https:\\\/\\\/www.organisator.ch\\\/sustainability\\\/2024-02-29\\\/save-food-fight-waste\\\/#article\",\"isPartOf\":{\"@id\":\"https:\\\/\\\/www.organisator.ch\\\/sustainability\\\/2024-02-29\\\/save-food-fight-waste\\\/\"},\"author\":{\"name\":\"admin\",\"@id\":\"https:\\\/\\\/www.organisator.ch\\\/#\\\/schema\\\/person\\\/aa2bace6c5c5aad60102004a50c4eb1c\"},\"headline\":\"Save Food, Fight Waste\",\"datePublished\":\"2024-02-29T05:00:02+00:00\",\"mainEntityOfPage\":{\"@id\":\"https:\\\/\\\/www.organisator.ch\\\/sustainability\\\/2024-02-29\\\/save-food-fight-waste\\\/\"},\"wordCount\":2534,\"publisher\":{\"@id\":\"https:\\\/\\\/www.organisator.ch\\\/#organization\"},\"image\":{\"@id\":\"https:\\\/\\\/www.organisator.ch\\\/sustainability\\\/2024-02-29\\\/save-food-fight-waste\\\/#primaryimage\"},\"thumbnailUrl\":\"https:\\\/\\\/www.organisator.ch\\\/wp-content\\\/uploads\\\/2024\\\/02\\\/Sustainability_Auftakt_Auftakt-Bild_organisator_84225-scaled.jpg\",\"keywords\":[\"Abfallmanagement\",\"Food Waste\",\"Gastronomie\",\"Nachhaltige Wirtschaft\"],\"articleSection\":[\"ABO+\",\"SUSTAINABILITY\"],\"inLanguage\":\"it-IT\"},{\"@type\":\"WebPage\",\"@id\":\"https:\\\/\\\/www.organisator.ch\\\/sustainability\\\/2024-02-29\\\/save-food-fight-waste\\\/\",\"url\":\"https:\\\/\\\/www.organisator.ch\\\/sustainability\\\/2024-02-29\\\/save-food-fight-waste\\\/\",\"name\":\"Save Food, Fight Waste - Organisator\",\"isPartOf\":{\"@id\":\"https:\\\/\\\/www.organisator.ch\\\/#website\"},\"primaryImageOfPage\":{\"@id\":\"https:\\\/\\\/www.organisator.ch\\\/sustainability\\\/2024-02-29\\\/save-food-fight-waste\\\/#primaryimage\"},\"image\":{\"@id\":\"https:\\\/\\\/www.organisator.ch\\\/sustainability\\\/2024-02-29\\\/save-food-fight-waste\\\/#primaryimage\"},\"thumbnailUrl\":\"https:\\\/\\\/www.organisator.ch\\\/wp-content\\\/uploads\\\/2024\\\/02\\\/Sustainability_Auftakt_Auftakt-Bild_organisator_84225-scaled.jpg\",\"datePublished\":\"2024-02-29T05:00:02+00:00\",\"description\":\"Das Problem Food Waste geht uns alle an. Von der Ernte bis zum Teller geht in der Schweiz ein Drittel aller Lebensmittel verloren.\",\"breadcrumb\":{\"@id\":\"https:\\\/\\\/www.organisator.ch\\\/sustainability\\\/2024-02-29\\\/save-food-fight-waste\\\/#breadcrumb\"},\"inLanguage\":\"it-IT\",\"potentialAction\":[{\"@type\":\"ReadAction\",\"target\":[\"https:\\\/\\\/www.organisator.ch\\\/sustainability\\\/2024-02-29\\\/save-food-fight-waste\\\/\"]}]},{\"@type\":\"ImageObject\",\"inLanguage\":\"it-IT\",\"@id\":\"https:\\\/\\\/www.organisator.ch\\\/sustainability\\\/2024-02-29\\\/save-food-fight-waste\\\/#primaryimage\",\"url\":\"https:\\\/\\\/www.organisator.ch\\\/wp-content\\\/uploads\\\/2024\\\/02\\\/Sustainability_Auftakt_Auftakt-Bild_organisator_84225-scaled.jpg\",\"contentUrl\":\"https:\\\/\\\/www.organisator.ch\\\/wp-content\\\/uploads\\\/2024\\\/02\\\/Sustainability_Auftakt_Auftakt-Bild_organisator_84225-scaled.jpg\",\"width\":1043,\"height\":1400,\"caption\":\"Eine Waage, eine Kamera und eine App helfen Gastrounternehmen, Food Waste zu reduzieren. (Foto: KITRO)\"},{\"@type\":\"BreadcrumbList\",\"@id\":\"https:\\\/\\\/www.organisator.ch\\\/sustainability\\\/2024-02-29\\\/save-food-fight-waste\\\/#breadcrumb\",\"itemListElement\":[{\"@type\":\"ListItem\",\"position\":1,\"name\":\"Home\",\"item\":\"https:\\\/\\\/www.organisator.ch\\\/\"},{\"@type\":\"ListItem\",\"position\":2,\"name\":\"Save Food, Fight Waste\"}]},{\"@type\":\"WebSite\",\"@id\":\"https:\\\/\\\/www.organisator.ch\\\/#website\",\"url\":\"https:\\\/\\\/www.organisator.ch\\\/\",\"name\":\"Organisator\",\"description\":\"Kompetent. Praxisnah. Der ORGANISATOR bereitet in 10 Ausgaben pro Jahr die wesentlichen Themen f\u00fcr F\u00fchrungskr\u00e4fte von KMU auf.\",\"publisher\":{\"@id\":\"https:\\\/\\\/www.organisator.ch\\\/#organization\"},\"potentialAction\":[{\"@type\":\"SearchAction\",\"target\":{\"@type\":\"EntryPoint\",\"urlTemplate\":\"https:\\\/\\\/www.organisator.ch\\\/?s={search_term_string}\"},\"query-input\":{\"@type\":\"PropertyValueSpecification\",\"valueRequired\":true,\"valueName\":\"search_term_string\"}}],\"inLanguage\":\"it-IT\"},{\"@type\":\"Organization\",\"@id\":\"https:\\\/\\\/www.organisator.ch\\\/#organization\",\"name\":\"Organisator\",\"url\":\"https:\\\/\\\/www.organisator.ch\\\/\",\"logo\":{\"@type\":\"ImageObject\",\"inLanguage\":\"it-IT\",\"@id\":\"https:\\\/\\\/www.organisator.ch\\\/#\\\/schema\\\/logo\\\/image\\\/\",\"url\":\"https:\\\/\\\/www.organisator.ch\\\/wp-content\\\/uploads\\\/2022\\\/01\\\/Logo_Organisator_Website.png\",\"contentUrl\":\"https:\\\/\\\/www.organisator.ch\\\/wp-content\\\/uploads\\\/2022\\\/01\\\/Logo_Organisator_Website.png\",\"width\":800,\"height\":77,\"caption\":\"Organisator\"},\"image\":{\"@id\":\"https:\\\/\\\/www.organisator.ch\\\/#\\\/schema\\\/logo\\\/image\\\/\"},\"sameAs\":[\"https:\\\/\\\/www.facebook.com\\\/OrganisatorFachmagazin\",\"https:\\\/\\\/www.linkedin.com\\\/showcase\\\/organisator-das-magazin-fr-kmu\",\"https:\\\/\\\/www.xing.com\\\/news\\\/pages\\\/organisator-ch-695\",\"https:\\\/\\\/www.youtube.com\\\/channel\\\/UCGP2Sq0iWaZwT3BdIAQFYpw\"]},{\"@type\":\"Person\",\"@id\":\"https:\\\/\\\/www.organisator.ch\\\/#\\\/schema\\\/person\\\/aa2bace6c5c5aad60102004a50c4eb1c\",\"name\":\"admin\",\"image\":{\"@type\":\"ImageObject\",\"inLanguage\":\"it-IT\",\"@id\":\"https:\\\/\\\/secure.gravatar.com\\\/avatar\\\/ae2f4d718e6c49043e314ce431e7e645d646302a24a5ef5a8bc8e3f5a032e319?s=96&d=mm&r=g\",\"url\":\"https:\\\/\\\/secure.gravatar.com\\\/avatar\\\/ae2f4d718e6c49043e314ce431e7e645d646302a24a5ef5a8bc8e3f5a032e319?s=96&d=mm&r=g\",\"contentUrl\":\"https:\\\/\\\/secure.gravatar.com\\\/avatar\\\/ae2f4d718e6c49043e314ce431e7e645d646302a24a5ef5a8bc8e3f5a032e319?s=96&d=mm&r=g\",\"caption\":\"admin\"},\"sameAs\":[\"https:\\\/\\\/www.organisator.ch\"],\"url\":\"https:\\\/\\\/www.organisator.ch\\\/it\\\/author\\\/admin\\\/\"}]}<\/script>\n<!-- \/ Yoast SEO plugin. -->","yoast_head_json":{"title":"Risparmiare cibo, combattere lo spreco - Organizzatore","description":"Il problema dello spreco alimentare riguarda tutti noi. Dal raccolto al piatto, un terzo di tutto il cibo va perso in Svizzera.","robots":{"index":"index","follow":"follow","max-snippet":"max-snippet:-1","max-image-preview":"max-image-preview:large","max-video-preview":"max-video-preview:-1"},"canonical":"https:\/\/www.organisator.ch\/it\/sostenibilita\/2024-02-29\/save-food-fight-waste\/","og_locale":"it_IT","og_type":"article","og_title":"Save Food, Fight Waste - Organisator","og_description":"Das Problem Food Waste geht uns alle an. Von der Ernte bis zum Teller geht in der Schweiz ein Drittel aller Lebensmittel verloren.","og_url":"https:\/\/www.organisator.ch\/it\/sostenibilita\/2024-02-29\/save-food-fight-waste\/","og_site_name":"Organisator","article_publisher":"https:\/\/www.facebook.com\/OrganisatorFachmagazin","article_published_time":"2024-02-29T05:00:02+00:00","og_image":[{"width":1043,"height":1400,"url":"https:\/\/www.organisator.ch\/wp-content\/uploads\/2024\/02\/Sustainability_Auftakt_Auftakt-Bild_organisator_84225-scaled.jpg","type":"image\/jpeg"}],"author":"admin","twitter_card":"summary_large_image","schema":{"@context":"https:\/\/schema.org","@graph":[{"@type":"Article","@id":"https:\/\/www.organisator.ch\/sustainability\/2024-02-29\/save-food-fight-waste\/#article","isPartOf":{"@id":"https:\/\/www.organisator.ch\/sustainability\/2024-02-29\/save-food-fight-waste\/"},"author":{"name":"admin","@id":"https:\/\/www.organisator.ch\/#\/schema\/person\/aa2bace6c5c5aad60102004a50c4eb1c"},"headline":"Save Food, Fight Waste","datePublished":"2024-02-29T05:00:02+00:00","mainEntityOfPage":{"@id":"https:\/\/www.organisator.ch\/sustainability\/2024-02-29\/save-food-fight-waste\/"},"wordCount":2534,"publisher":{"@id":"https:\/\/www.organisator.ch\/#organization"},"image":{"@id":"https:\/\/www.organisator.ch\/sustainability\/2024-02-29\/save-food-fight-waste\/#primaryimage"},"thumbnailUrl":"https:\/\/www.organisator.ch\/wp-content\/uploads\/2024\/02\/Sustainability_Auftakt_Auftakt-Bild_organisator_84225-scaled.jpg","keywords":["Abfallmanagement","Food Waste","Gastronomie","Nachhaltige Wirtschaft"],"articleSection":["ABO+","SUSTAINABILITY"],"inLanguage":"it-IT"},{"@type":"WebPage","@id":"https:\/\/www.organisator.ch\/sustainability\/2024-02-29\/save-food-fight-waste\/","url":"https:\/\/www.organisator.ch\/sustainability\/2024-02-29\/save-food-fight-waste\/","name":"Risparmiare cibo, combattere lo spreco - Organizzatore","isPartOf":{"@id":"https:\/\/www.organisator.ch\/#website"},"primaryImageOfPage":{"@id":"https:\/\/www.organisator.ch\/sustainability\/2024-02-29\/save-food-fight-waste\/#primaryimage"},"image":{"@id":"https:\/\/www.organisator.ch\/sustainability\/2024-02-29\/save-food-fight-waste\/#primaryimage"},"thumbnailUrl":"https:\/\/www.organisator.ch\/wp-content\/uploads\/2024\/02\/Sustainability_Auftakt_Auftakt-Bild_organisator_84225-scaled.jpg","datePublished":"2024-02-29T05:00:02+00:00","description":"Il problema dello spreco alimentare riguarda tutti noi. Dal raccolto al piatto, un terzo di tutto il cibo va perso in Svizzera.","breadcrumb":{"@id":"https:\/\/www.organisator.ch\/sustainability\/2024-02-29\/save-food-fight-waste\/#breadcrumb"},"inLanguage":"it-IT","potentialAction":[{"@type":"ReadAction","target":["https:\/\/www.organisator.ch\/sustainability\/2024-02-29\/save-food-fight-waste\/"]}]},{"@type":"ImageObject","inLanguage":"it-IT","@id":"https:\/\/www.organisator.ch\/sustainability\/2024-02-29\/save-food-fight-waste\/#primaryimage","url":"https:\/\/www.organisator.ch\/wp-content\/uploads\/2024\/02\/Sustainability_Auftakt_Auftakt-Bild_organisator_84225-scaled.jpg","contentUrl":"https:\/\/www.organisator.ch\/wp-content\/uploads\/2024\/02\/Sustainability_Auftakt_Auftakt-Bild_organisator_84225-scaled.jpg","width":1043,"height":1400,"caption":"Eine Waage, eine Kamera und eine App helfen Gastrounternehmen, Food Waste zu reduzieren. (Foto: KITRO)"},{"@type":"BreadcrumbList","@id":"https:\/\/www.organisator.ch\/sustainability\/2024-02-29\/save-food-fight-waste\/#breadcrumb","itemListElement":[{"@type":"ListItem","position":1,"name":"Home","item":"https:\/\/www.organisator.ch\/"},{"@type":"ListItem","position":2,"name":"Save Food, Fight Waste"}]},{"@type":"WebSite","@id":"https:\/\/www.organisator.ch\/#website","url":"https:\/\/www.organisator.ch\/","name":"Organizzatore","description":"Competente. Pratico. In 10 numeri all'anno, ORGANISATOR presenta i temi essenziali per i manager delle PMI.","publisher":{"@id":"https:\/\/www.organisator.ch\/#organization"},"potentialAction":[{"@type":"SearchAction","target":{"@type":"EntryPoint","urlTemplate":"https:\/\/www.organisator.ch\/?s={search_term_string}"},"query-input":{"@type":"PropertyValueSpecification","valueRequired":true,"valueName":"search_term_string"}}],"inLanguage":"it-IT"},{"@type":"Organization","@id":"https:\/\/www.organisator.ch\/#organization","name":"Organizzatore","url":"https:\/\/www.organisator.ch\/","logo":{"@type":"ImageObject","inLanguage":"it-IT","@id":"https:\/\/www.organisator.ch\/#\/schema\/logo\/image\/","url":"https:\/\/www.organisator.ch\/wp-content\/uploads\/2022\/01\/Logo_Organisator_Website.png","contentUrl":"https:\/\/www.organisator.ch\/wp-content\/uploads\/2022\/01\/Logo_Organisator_Website.png","width":800,"height":77,"caption":"Organisator"},"image":{"@id":"https:\/\/www.organisator.ch\/#\/schema\/logo\/image\/"},"sameAs":["https:\/\/www.facebook.com\/OrganisatorFachmagazin","https:\/\/www.linkedin.com\/showcase\/organisator-das-magazin-fr-kmu","https:\/\/www.xing.com\/news\/pages\/organisator-ch-695","https:\/\/www.youtube.com\/channel\/UCGP2Sq0iWaZwT3BdIAQFYpw"]},{"@type":"Person","@id":"https:\/\/www.organisator.ch\/#\/schema\/person\/aa2bace6c5c5aad60102004a50c4eb1c","name":"amministratore","image":{"@type":"ImageObject","inLanguage":"it-IT","@id":"https:\/\/secure.gravatar.com\/avatar\/ae2f4d718e6c49043e314ce431e7e645d646302a24a5ef5a8bc8e3f5a032e319?s=96&d=mm&r=g","url":"https:\/\/secure.gravatar.com\/avatar\/ae2f4d718e6c49043e314ce431e7e645d646302a24a5ef5a8bc8e3f5a032e319?s=96&d=mm&r=g","contentUrl":"https:\/\/secure.gravatar.com\/avatar\/ae2f4d718e6c49043e314ce431e7e645d646302a24a5ef5a8bc8e3f5a032e319?s=96&d=mm&r=g","caption":"admin"},"sameAs":["https:\/\/www.organisator.ch"],"url":"https:\/\/www.organisator.ch\/it\/author\/admin\/"}]}},"_links":{"self":[{"href":"https:\/\/www.organisator.ch\/it\/wp-json\/wp\/v2\/posts\/25174","targetHints":{"allow":["GET"]}}],"collection":[{"href":"https:\/\/www.organisator.ch\/it\/wp-json\/wp\/v2\/posts"}],"about":[{"href":"https:\/\/www.organisator.ch\/it\/wp-json\/wp\/v2\/types\/post"}],"author":[{"embeddable":true,"href":"https:\/\/www.organisator.ch\/it\/wp-json\/wp\/v2\/users\/1"}],"replies":[{"embeddable":true,"href":"https:\/\/www.organisator.ch\/it\/wp-json\/wp\/v2\/comments?post=25174"}],"version-history":[{"count":2,"href":"https:\/\/www.organisator.ch\/it\/wp-json\/wp\/v2\/posts\/25174\/revisions"}],"predecessor-version":[{"id":25193,"href":"https:\/\/www.organisator.ch\/it\/wp-json\/wp\/v2\/posts\/25174\/revisions\/25193"}],"wp:featuredmedia":[{"embeddable":true,"href":"https:\/\/www.organisator.ch\/it\/wp-json\/wp\/v2\/media\/25171"}],"wp:attachment":[{"href":"https:\/\/www.organisator.ch\/it\/wp-json\/wp\/v2\/media?parent=25174"}],"wp:term":[{"taxonomy":"category","embeddable":true,"href":"https:\/\/www.organisator.ch\/it\/wp-json\/wp\/v2\/categories?post=25174"},{"taxonomy":"post_tag","embeddable":true,"href":"https:\/\/www.organisator.ch\/it\/wp-json\/wp\/v2\/tags?post=25174"}],"curies":[{"name":"wp","href":"https:\/\/api.w.org\/{rel}","templated":true}]}}