{"id":25180,"date":"2024-02-19T14:33:43","date_gmt":"2024-02-19T13:33:43","guid":{"rendered":"https:\/\/www.m-q.ch\/?p=19308"},"modified":"2024-11-11T16:41:29","modified_gmt":"2024-11-11T15:41:29","slug":"neue-software-innovationen-aus-der-churer-altstadt","status":"publish","type":"post","link":"https:\/\/www.organisator.ch\/it\/operational-excellence\/2024-02-19\/neue-software-innovationen-aus-der-churer-altstadt\/","title":{"rendered":"Nuove innovazioni software dal centro storico di Coira"},"content":{"rendered":"<figure id=\"attachment_19309\" class=\"wp-caption alignnone\" style=\"width: 680px\" aria-describedby=\"caption-attachment-19309\"><img class=\"alignnone wp-image-19309 size-full\" src=\"https:\/\/www.m-q.ch\/wp-content\/uploads\/2024\/02\/Zweigstelle-Chur-Gebaeude_Bild1_ps.jpg\" alt=\"M&amp;F Engineering Filiale di Coira 2024\" width=\"680\" height=\"579\" \/>\r\n<figcaption id=\"caption-attachment-19309\" class=\"wp-caption-text\">M&amp;F Engineering apre una filiale nel centro storico di Coira. (Immagine: www.m-f.ch)<\/figcaption>\r\n<\/figure>\r\n<p>\"Dallo scorso autunno abbiamo la nostra sede in Martinsplatz a Coira\", spiega Riccardo Gubser, responsabile della nuova sede di M&amp;F. La nuova filiale consente all'azienda svizzera di software di essere pi\u00f9 vicina ai suoi clienti della Svizzera orientale, tra cui aziende come Trumpf e Hamilton Medical, oltre a Gietz a Gossau, San Gallo.<\/p>\r\n<h3><strong>Vicinanza alle aziende tecnologiche e industriali della regione <\/strong><\/h3>\r\n<p>\"Oltre alla vicinanza all'industria regionale, apprezziamo la facile accessibilit\u00e0 e, naturalmente, la posizione privilegiata in uno degli angoli pi\u00f9 belli di Coira\", afferma Riccardo Gubser, riassumendo le ragioni della scelta della sede. Con temi quali la digitalizzazione dei processi e l'intelligenza artificiale, M&amp;F Engineering \u00e8 caratterizzata da curiosit\u00e0 e spirito di innovazione. La societ\u00e0 di software si rivolge quindi alle aziende industriali e tecnologiche che vogliono ottimizzare i loro processi di sviluppo o di produzione.<\/p>\r\n<figure id=\"attachment_19310\" class=\"wp-caption alignnone\" style=\"width: 680px\" aria-describedby=\"caption-attachment-19310\"><img class=\"size-full wp-image-19310\" src=\"https:\/\/www.m-q.ch\/wp-content\/uploads\/2024\/02\/Riccardo_Gubser_Bild2_ps.jpg\" alt=\"\" width=\"680\" height=\"544\" \/>\r\n<figcaption id=\"caption-attachment-19310\" class=\"wp-caption-text\">Riccardo Gubser - direttore della nuova sede di M&amp;F. (Immagine: www.m-f.ch)<\/figcaption>\r\n<\/figure>\r\n<h3><strong>Programma di formazione e collaborazione con FHGR <\/strong><\/h3>\r\n<p>D'altra parte, M&amp;F Engineering si affida a dipendenti competenti. \"Siamo sempre interessati a ingegneri software di talento e, insieme a 25 aziende partner, offriamo un programma di tirocinio per laureati\", spiega Riccardo Gubser. L'azienda collabora gi\u00e0 con l'Universit\u00e0 di Scienze Applicate dei Grigioni: M&amp;F Engineering \u00e8 partner di due corsi di laurea e fornisce agli studenti preziose nozioni pratiche di Computational and Data Science e Artificial Intelligence in Software Engineering (AISE).<\/p>\r\n<p><em>Fonte: <a href=\"http:\/\/www.m-f.ch\/\">www.m-f.ch<\/a><\/em><\/p>\n<p class=\"syndicated-attribution\">Questo articolo \u00e8 apparso originariamente su m-q.ch - <a href=\"https:\/\/www.m-q.ch\/de\/neue-software-innovationen-aus-der-churer-altstadt\/\" target=\"_blank\">https:\/\/www.m-q.ch\/de\/neue-software-innovationen-aus-der-churer-altstadt\/<\/a><\/p>","protected":false},"excerpt":{"rendered":"<p>La societ\u00e0 svizzera di software M&amp;F Engineering ha aperto una filiale nel centro storico di Coira. Nuovi posti di lavoro, interessanti posizioni di tirocinio e soluzioni software personalizzate per aziende tecnologiche e industriali portano uno slancio innovativo nella capitale cantonale.<\/p>","protected":false},"author":58,"featured_media":0,"comment_status":"closed","ping_status":"closed","sticky":false,"template":"","format":"standard","meta":{"_acf_changed":false,"_yoast_wpseo_focuskw":"M&F Engineering Chur Zweigstelle 2024","_yoast_wpseo_metadesc":"M&F Engineering er\u00f6ffnet eine neue Zweigstelle in Chur. N\u00e4he zu regionalen Technologie- und Industriefirmen.","articlekey":"","footnotes":""},"categories":[582],"tags":[586,424,4100,475,492],"class_list":["post-25180","post","type-post","status-publish","format-standard","hentry","category-operational-excellence","tag-allgemein","tag-schweiz","tag-software-innovationen","tag-technologie","tag-unternehmen"],"acf":[],"yoast_head":"<!-- This site is optimized with the Yoast SEO plugin v27.5 - https:\/\/yoast.com\/product\/yoast-seo-wordpress\/ -->\n<title>Neue Software-Innovationen aus der Churer Altstadt - Organisator<\/title>\n<meta name=\"description\" content=\"M&amp;F Engineering er\u00f6ffnet eine neue Zweigstelle in Chur. N\u00e4he zu regionalen Technologie- und Industriefirmen.\" \/>\n<meta name=\"robots\" content=\"index, follow, max-snippet:-1, max-image-preview:large, max-video-preview:-1\" \/>\n<link rel=\"canonical\" href=\"https:\/\/www.organisator.ch\/it\/eccellenza-operativa\/2024-02-19\/neue-software-innovationen-aus-der-churer-altstadt\/\" \/>\n<meta property=\"og:locale\" content=\"it_IT\" \/>\n<meta property=\"og:type\" content=\"article\" \/>\n<meta property=\"og:title\" content=\"Neue Software-Innovationen aus der Churer Altstadt - Organisator\" \/>\n<meta property=\"og:description\" content=\"M&amp;F Engineering er\u00f6ffnet eine neue Zweigstelle in Chur. N\u00e4he zu regionalen Technologie- und Industriefirmen.\" \/>\n<meta property=\"og:url\" content=\"https:\/\/www.organisator.ch\/it\/eccellenza-operativa\/2024-02-19\/neue-software-innovationen-aus-der-churer-altstadt\/\" \/>\n<meta property=\"og:site_name\" content=\"Organisator\" \/>\n<meta property=\"article:publisher\" content=\"https:\/\/www.facebook.com\/OrganisatorFachmagazin\" \/>\n<meta property=\"article:published_time\" content=\"2024-02-19T13:33:43+00:00\" \/>\n<meta property=\"article:modified_time\" content=\"2024-11-11T15:41:29+00:00\" \/>\n<meta property=\"og:image\" content=\"https:\/\/www.m-q.ch\/wp-content\/uploads\/2024\/02\/Zweigstelle-Chur-Gebaeude_Bild1_ps.jpg\" \/>\n<meta name=\"author\" content=\"Adelisa Kalajdzini\" \/>\n<meta name=\"twitter:card\" content=\"summary_large_image\" \/>\n<script type=\"application\/ld+json\" class=\"yoast-schema-graph\">{\"@context\":\"https:\\\/\\\/schema.org\",\"@graph\":[{\"@type\":\"Article\",\"@id\":\"https:\\\/\\\/www.organisator.ch\\\/operational-excellence\\\/2024-02-19\\\/neue-software-innovationen-aus-der-churer-altstadt\\\/#article\",\"isPartOf\":{\"@id\":\"https:\\\/\\\/www.organisator.ch\\\/operational-excellence\\\/2024-02-19\\\/neue-software-innovationen-aus-der-churer-altstadt\\\/\"},\"author\":{\"name\":\"Adelisa Kalajdzini\",\"@id\":\"https:\\\/\\\/www.organisator.ch\\\/#\\\/schema\\\/person\\\/2e1314a2172123f874db408d8911d3f3\"},\"headline\":\"Neue Software-Innovationen aus der Churer Altstadt\",\"datePublished\":\"2024-02-19T13:33:43+00:00\",\"dateModified\":\"2024-11-11T15:41:29+00:00\",\"mainEntityOfPage\":{\"@id\":\"https:\\\/\\\/www.organisator.ch\\\/operational-excellence\\\/2024-02-19\\\/neue-software-innovationen-aus-der-churer-altstadt\\\/\"},\"wordCount\":254,\"publisher\":{\"@id\":\"https:\\\/\\\/www.organisator.ch\\\/#organization\"},\"image\":{\"@id\":\"https:\\\/\\\/www.organisator.ch\\\/operational-excellence\\\/2024-02-19\\\/neue-software-innovationen-aus-der-churer-altstadt\\\/#primaryimage\"},\"thumbnailUrl\":\"https:\\\/\\\/www.m-q.ch\\\/wp-content\\\/uploads\\\/2024\\\/02\\\/Zweigstelle-Chur-Gebaeude_Bild1_ps.jpg\",\"keywords\":[\"Allgemein\",\"Schweiz\",\"Software-Innovationen\",\"Technologie\",\"Unternehmen\"],\"articleSection\":[\"OPERATIONAL EXCELLENCE\"],\"inLanguage\":\"it-IT\"},{\"@type\":\"WebPage\",\"@id\":\"https:\\\/\\\/www.organisator.ch\\\/operational-excellence\\\/2024-02-19\\\/neue-software-innovationen-aus-der-churer-altstadt\\\/\",\"url\":\"https:\\\/\\\/www.organisator.ch\\\/operational-excellence\\\/2024-02-19\\\/neue-software-innovationen-aus-der-churer-altstadt\\\/\",\"name\":\"Neue Software-Innovationen aus der Churer Altstadt - Organisator\",\"isPartOf\":{\"@id\":\"https:\\\/\\\/www.organisator.ch\\\/#website\"},\"primaryImageOfPage\":{\"@id\":\"https:\\\/\\\/www.organisator.ch\\\/operational-excellence\\\/2024-02-19\\\/neue-software-innovationen-aus-der-churer-altstadt\\\/#primaryimage\"},\"image\":{\"@id\":\"https:\\\/\\\/www.organisator.ch\\\/operational-excellence\\\/2024-02-19\\\/neue-software-innovationen-aus-der-churer-altstadt\\\/#primaryimage\"},\"thumbnailUrl\":\"https:\\\/\\\/www.m-q.ch\\\/wp-content\\\/uploads\\\/2024\\\/02\\\/Zweigstelle-Chur-Gebaeude_Bild1_ps.jpg\",\"datePublished\":\"2024-02-19T13:33:43+00:00\",\"dateModified\":\"2024-11-11T15:41:29+00:00\",\"description\":\"M&F Engineering er\u00f6ffnet eine neue Zweigstelle in Chur. N\u00e4he zu regionalen Technologie- und Industriefirmen.\",\"breadcrumb\":{\"@id\":\"https:\\\/\\\/www.organisator.ch\\\/operational-excellence\\\/2024-02-19\\\/neue-software-innovationen-aus-der-churer-altstadt\\\/#breadcrumb\"},\"inLanguage\":\"it-IT\",\"potentialAction\":[{\"@type\":\"ReadAction\",\"target\":[\"https:\\\/\\\/www.organisator.ch\\\/operational-excellence\\\/2024-02-19\\\/neue-software-innovationen-aus-der-churer-altstadt\\\/\"]}]},{\"@type\":\"ImageObject\",\"inLanguage\":\"it-IT\",\"@id\":\"https:\\\/\\\/www.organisator.ch\\\/operational-excellence\\\/2024-02-19\\\/neue-software-innovationen-aus-der-churer-altstadt\\\/#primaryimage\",\"url\":\"https:\\\/\\\/www.m-q.ch\\\/wp-content\\\/uploads\\\/2024\\\/02\\\/Zweigstelle-Chur-Gebaeude_Bild1_ps.jpg\",\"contentUrl\":\"https:\\\/\\\/www.m-q.ch\\\/wp-content\\\/uploads\\\/2024\\\/02\\\/Zweigstelle-Chur-Gebaeude_Bild1_ps.jpg\"},{\"@type\":\"BreadcrumbList\",\"@id\":\"https:\\\/\\\/www.organisator.ch\\\/operational-excellence\\\/2024-02-19\\\/neue-software-innovationen-aus-der-churer-altstadt\\\/#breadcrumb\",\"itemListElement\":[{\"@type\":\"ListItem\",\"position\":1,\"name\":\"Home\",\"item\":\"https:\\\/\\\/www.organisator.ch\\\/\"},{\"@type\":\"ListItem\",\"position\":2,\"name\":\"Neue Software-Innovationen aus der Churer Altstadt\"}]},{\"@type\":\"WebSite\",\"@id\":\"https:\\\/\\\/www.organisator.ch\\\/#website\",\"url\":\"https:\\\/\\\/www.organisator.ch\\\/\",\"name\":\"Organisator\",\"description\":\"Kompetent. Praxisnah. Der ORGANISATOR bereitet in 10 Ausgaben pro Jahr die wesentlichen Themen f\u00fcr F\u00fchrungskr\u00e4fte von KMU auf.\",\"publisher\":{\"@id\":\"https:\\\/\\\/www.organisator.ch\\\/#organization\"},\"potentialAction\":[{\"@type\":\"SearchAction\",\"target\":{\"@type\":\"EntryPoint\",\"urlTemplate\":\"https:\\\/\\\/www.organisator.ch\\\/?s={search_term_string}\"},\"query-input\":{\"@type\":\"PropertyValueSpecification\",\"valueRequired\":true,\"valueName\":\"search_term_string\"}}],\"inLanguage\":\"it-IT\"},{\"@type\":\"Organization\",\"@id\":\"https:\\\/\\\/www.organisator.ch\\\/#organization\",\"name\":\"Organisator\",\"url\":\"https:\\\/\\\/www.organisator.ch\\\/\",\"logo\":{\"@type\":\"ImageObject\",\"inLanguage\":\"it-IT\",\"@id\":\"https:\\\/\\\/www.organisator.ch\\\/#\\\/schema\\\/logo\\\/image\\\/\",\"url\":\"https:\\\/\\\/www.organisator.ch\\\/wp-content\\\/uploads\\\/2022\\\/01\\\/Logo_Organisator_Website.png\",\"contentUrl\":\"https:\\\/\\\/www.organisator.ch\\\/wp-content\\\/uploads\\\/2022\\\/01\\\/Logo_Organisator_Website.png\",\"width\":800,\"height\":77,\"caption\":\"Organisator\"},\"image\":{\"@id\":\"https:\\\/\\\/www.organisator.ch\\\/#\\\/schema\\\/logo\\\/image\\\/\"},\"sameAs\":[\"https:\\\/\\\/www.facebook.com\\\/OrganisatorFachmagazin\",\"https:\\\/\\\/www.linkedin.com\\\/showcase\\\/organisator-das-magazin-fr-kmu\",\"https:\\\/\\\/www.xing.com\\\/news\\\/pages\\\/organisator-ch-695\",\"https:\\\/\\\/www.youtube.com\\\/channel\\\/UCGP2Sq0iWaZwT3BdIAQFYpw\"]},{\"@type\":\"Person\",\"@id\":\"https:\\\/\\\/www.organisator.ch\\\/#\\\/schema\\\/person\\\/2e1314a2172123f874db408d8911d3f3\",\"name\":\"Adelisa Kalajdzini\",\"image\":{\"@type\":\"ImageObject\",\"inLanguage\":\"it-IT\",\"@id\":\"https:\\\/\\\/secure.gravatar.com\\\/avatar\\\/09a397c22ac58cad6f160ee8306348599df9df58a8ede73696226897b9fa4b24?s=96&d=mm&r=g\",\"url\":\"https:\\\/\\\/secure.gravatar.com\\\/avatar\\\/09a397c22ac58cad6f160ee8306348599df9df58a8ede73696226897b9fa4b24?s=96&d=mm&r=g\",\"contentUrl\":\"https:\\\/\\\/secure.gravatar.com\\\/avatar\\\/09a397c22ac58cad6f160ee8306348599df9df58a8ede73696226897b9fa4b24?s=96&d=mm&r=g\",\"caption\":\"Adelisa Kalajdzini\"},\"url\":\"https:\\\/\\\/www.organisator.ch\\\/it\\\/author\\\/adelisa-kalajdzini\\\/\"}]}<\/script>\n<!-- \/ Yoast SEO plugin. -->","yoast_head_json":{"title":"Innovazioni software dal centro storico di Coira - Organizzatore","description":"M&amp;F Engineering apre una nuova filiale a Coira. Vicinanza alle aziende tecnologiche e industriali della regione.","robots":{"index":"index","follow":"follow","max-snippet":"max-snippet:-1","max-image-preview":"max-image-preview:large","max-video-preview":"max-video-preview:-1"},"canonical":"https:\/\/www.organisator.ch\/it\/eccellenza-operativa\/2024-02-19\/neue-software-innovationen-aus-der-churer-altstadt\/","og_locale":"it_IT","og_type":"article","og_title":"Neue Software-Innovationen aus der Churer Altstadt - Organisator","og_description":"M&F Engineering er\u00f6ffnet eine neue Zweigstelle in Chur. N\u00e4he zu regionalen Technologie- und Industriefirmen.","og_url":"https:\/\/www.organisator.ch\/it\/eccellenza-operativa\/2024-02-19\/neue-software-innovationen-aus-der-churer-altstadt\/","og_site_name":"Organisator","article_publisher":"https:\/\/www.facebook.com\/OrganisatorFachmagazin","article_published_time":"2024-02-19T13:33:43+00:00","article_modified_time":"2024-11-11T15:41:29+00:00","og_image":[{"url":"https:\/\/www.m-q.ch\/wp-content\/uploads\/2024\/02\/Zweigstelle-Chur-Gebaeude_Bild1_ps.jpg","type":"","width":"","height":""}],"author":"Adelisa Kalajdzini","twitter_card":"summary_large_image","schema":{"@context":"https:\/\/schema.org","@graph":[{"@type":"Article","@id":"https:\/\/www.organisator.ch\/operational-excellence\/2024-02-19\/neue-software-innovationen-aus-der-churer-altstadt\/#article","isPartOf":{"@id":"https:\/\/www.organisator.ch\/operational-excellence\/2024-02-19\/neue-software-innovationen-aus-der-churer-altstadt\/"},"author":{"name":"Adelisa Kalajdzini","@id":"https:\/\/www.organisator.ch\/#\/schema\/person\/2e1314a2172123f874db408d8911d3f3"},"headline":"Neue Software-Innovationen aus der Churer Altstadt","datePublished":"2024-02-19T13:33:43+00:00","dateModified":"2024-11-11T15:41:29+00:00","mainEntityOfPage":{"@id":"https:\/\/www.organisator.ch\/operational-excellence\/2024-02-19\/neue-software-innovationen-aus-der-churer-altstadt\/"},"wordCount":254,"publisher":{"@id":"https:\/\/www.organisator.ch\/#organization"},"image":{"@id":"https:\/\/www.organisator.ch\/operational-excellence\/2024-02-19\/neue-software-innovationen-aus-der-churer-altstadt\/#primaryimage"},"thumbnailUrl":"https:\/\/www.m-q.ch\/wp-content\/uploads\/2024\/02\/Zweigstelle-Chur-Gebaeude_Bild1_ps.jpg","keywords":["Allgemein","Schweiz","Software-Innovationen","Technologie","Unternehmen"],"articleSection":["OPERATIONAL EXCELLENCE"],"inLanguage":"it-IT"},{"@type":"WebPage","@id":"https:\/\/www.organisator.ch\/operational-excellence\/2024-02-19\/neue-software-innovationen-aus-der-churer-altstadt\/","url":"https:\/\/www.organisator.ch\/operational-excellence\/2024-02-19\/neue-software-innovationen-aus-der-churer-altstadt\/","name":"Innovazioni software dal centro storico di Coira - Organizzatore","isPartOf":{"@id":"https:\/\/www.organisator.ch\/#website"},"primaryImageOfPage":{"@id":"https:\/\/www.organisator.ch\/operational-excellence\/2024-02-19\/neue-software-innovationen-aus-der-churer-altstadt\/#primaryimage"},"image":{"@id":"https:\/\/www.organisator.ch\/operational-excellence\/2024-02-19\/neue-software-innovationen-aus-der-churer-altstadt\/#primaryimage"},"thumbnailUrl":"https:\/\/www.m-q.ch\/wp-content\/uploads\/2024\/02\/Zweigstelle-Chur-Gebaeude_Bild1_ps.jpg","datePublished":"2024-02-19T13:33:43+00:00","dateModified":"2024-11-11T15:41:29+00:00","description":"M&amp;F Engineering apre una nuova filiale a Coira. Vicinanza alle aziende tecnologiche e industriali della regione.","breadcrumb":{"@id":"https:\/\/www.organisator.ch\/operational-excellence\/2024-02-19\/neue-software-innovationen-aus-der-churer-altstadt\/#breadcrumb"},"inLanguage":"it-IT","potentialAction":[{"@type":"ReadAction","target":["https:\/\/www.organisator.ch\/operational-excellence\/2024-02-19\/neue-software-innovationen-aus-der-churer-altstadt\/"]}]},{"@type":"ImageObject","inLanguage":"it-IT","@id":"https:\/\/www.organisator.ch\/operational-excellence\/2024-02-19\/neue-software-innovationen-aus-der-churer-altstadt\/#primaryimage","url":"https:\/\/www.m-q.ch\/wp-content\/uploads\/2024\/02\/Zweigstelle-Chur-Gebaeude_Bild1_ps.jpg","contentUrl":"https:\/\/www.m-q.ch\/wp-content\/uploads\/2024\/02\/Zweigstelle-Chur-Gebaeude_Bild1_ps.jpg"},{"@type":"BreadcrumbList","@id":"https:\/\/www.organisator.ch\/operational-excellence\/2024-02-19\/neue-software-innovationen-aus-der-churer-altstadt\/#breadcrumb","itemListElement":[{"@type":"ListItem","position":1,"name":"Home","item":"https:\/\/www.organisator.ch\/"},{"@type":"ListItem","position":2,"name":"Neue Software-Innovationen aus der Churer Altstadt"}]},{"@type":"WebSite","@id":"https:\/\/www.organisator.ch\/#website","url":"https:\/\/www.organisator.ch\/","name":"Organizzatore","description":"Competente. Pratico. In 10 numeri all'anno, ORGANISATOR presenta i temi essenziali per i manager delle PMI.","publisher":{"@id":"https:\/\/www.organisator.ch\/#organization"},"potentialAction":[{"@type":"SearchAction","target":{"@type":"EntryPoint","urlTemplate":"https:\/\/www.organisator.ch\/?s={search_term_string}"},"query-input":{"@type":"PropertyValueSpecification","valueRequired":true,"valueName":"search_term_string"}}],"inLanguage":"it-IT"},{"@type":"Organization","@id":"https:\/\/www.organisator.ch\/#organization","name":"Organizzatore","url":"https:\/\/www.organisator.ch\/","logo":{"@type":"ImageObject","inLanguage":"it-IT","@id":"https:\/\/www.organisator.ch\/#\/schema\/logo\/image\/","url":"https:\/\/www.organisator.ch\/wp-content\/uploads\/2022\/01\/Logo_Organisator_Website.png","contentUrl":"https:\/\/www.organisator.ch\/wp-content\/uploads\/2022\/01\/Logo_Organisator_Website.png","width":800,"height":77,"caption":"Organisator"},"image":{"@id":"https:\/\/www.organisator.ch\/#\/schema\/logo\/image\/"},"sameAs":["https:\/\/www.facebook.com\/OrganisatorFachmagazin","https:\/\/www.linkedin.com\/showcase\/organisator-das-magazin-fr-kmu","https:\/\/www.xing.com\/news\/pages\/organisator-ch-695","https:\/\/www.youtube.com\/channel\/UCGP2Sq0iWaZwT3BdIAQFYpw"]},{"@type":"Person","@id":"https:\/\/www.organisator.ch\/#\/schema\/person\/2e1314a2172123f874db408d8911d3f3","name":"Adelisa Kalajdzini","image":{"@type":"ImageObject","inLanguage":"it-IT","@id":"https:\/\/secure.gravatar.com\/avatar\/09a397c22ac58cad6f160ee8306348599df9df58a8ede73696226897b9fa4b24?s=96&d=mm&r=g","url":"https:\/\/secure.gravatar.com\/avatar\/09a397c22ac58cad6f160ee8306348599df9df58a8ede73696226897b9fa4b24?s=96&d=mm&r=g","contentUrl":"https:\/\/secure.gravatar.com\/avatar\/09a397c22ac58cad6f160ee8306348599df9df58a8ede73696226897b9fa4b24?s=96&d=mm&r=g","caption":"Adelisa Kalajdzini"},"url":"https:\/\/www.organisator.ch\/it\/author\/adelisa-kalajdzini\/"}]}},"_links":{"self":[{"href":"https:\/\/www.organisator.ch\/it\/wp-json\/wp\/v2\/posts\/25180","targetHints":{"allow":["GET"]}}],"collection":[{"href":"https:\/\/www.organisator.ch\/it\/wp-json\/wp\/v2\/posts"}],"about":[{"href":"https:\/\/www.organisator.ch\/it\/wp-json\/wp\/v2\/types\/post"}],"author":[{"embeddable":true,"href":"https:\/\/www.organisator.ch\/it\/wp-json\/wp\/v2\/users\/58"}],"replies":[{"embeddable":true,"href":"https:\/\/www.organisator.ch\/it\/wp-json\/wp\/v2\/comments?post=25180"}],"version-history":[{"count":6,"href":"https:\/\/www.organisator.ch\/it\/wp-json\/wp\/v2\/posts\/25180\/revisions"}],"predecessor-version":[{"id":32477,"href":"https:\/\/www.organisator.ch\/it\/wp-json\/wp\/v2\/posts\/25180\/revisions\/32477"}],"wp:attachment":[{"href":"https:\/\/www.organisator.ch\/it\/wp-json\/wp\/v2\/media?parent=25180"}],"wp:term":[{"taxonomy":"category","embeddable":true,"href":"https:\/\/www.organisator.ch\/it\/wp-json\/wp\/v2\/categories?post=25180"},{"taxonomy":"post_tag","embeddable":true,"href":"https:\/\/www.organisator.ch\/it\/wp-json\/wp\/v2\/tags?post=25180"}],"curies":[{"name":"wp","href":"https:\/\/api.w.org\/{rel}","templated":true}]}}