{"id":2521,"date":"2017-10-03T14:24:37","date_gmt":"2017-10-03T12:24:37","guid":{"rendered":"https:\/\/www.organisator.ch\/?p=2521"},"modified":"2017-10-03T14:24:37","modified_gmt":"2017-10-03T12:24:37","slug":"affaere-am-arbeitsplatz-deutschschweizer-auf-spitzenposition","status":"publish","type":"post","link":"https:\/\/www.organisator.ch\/it\/allgemein\/2017-10-03\/affaere-am-arbeitsplatz-deutschschweizer-auf-spitzenposition\/","title":{"rendered":"Affari sul posto di lavoro: gli svizzeri di lingua tedesca al primo posto"},"content":{"rendered":"<figure id=\"attachment_2522\" aria-describedby=\"caption-attachment-2522\" style=\"width: 428px\" class=\"wp-caption alignnone\"><img loading=\"lazy\" decoding=\"async\" class=\"size-full wp-image-2522\" src=\"https:\/\/www.organisator.ch\/wp-content\/uploads\/2017\/10\/Affaere-am-Arbeitsplatz-Deutschschweizer-auf-Spitzenposition_Organisator.jpg\" alt=\"\" width=\"428\" height=\"281\" srcset=\"https:\/\/www.organisator.ch\/wp-content\/uploads\/2017\/10\/Affaere-am-Arbeitsplatz-Deutschschweizer-auf-Spitzenposition_Organisator.jpg 428w, https:\/\/www.organisator.ch\/wp-content\/uploads\/2017\/10\/Affaere-am-Arbeitsplatz-Deutschschweizer-auf-Spitzenposition_Organisator-16x12.jpg 16w, https:\/\/www.organisator.ch\/wp-content\/uploads\/2017\/10\/Affaere-am-Arbeitsplatz-Deutschschweizer-auf-Spitzenposition_Organisator-267x175.jpg 267w, https:\/\/www.organisator.ch\/wp-content\/uploads\/2017\/10\/Affaere-am-Arbeitsplatz-Deutschschweizer-auf-Spitzenposition_Organisator-300x197.jpg 300w\" sizes=\"auto, (max-width: 428px) 100vw, 428px\" \/><figcaption id=\"caption-attachment-2522\" class=\"wp-caption-text\">La vita lavorativa \u00e8 ancora un importante scambio di partner. Molte relazioni si sono anche trasformate in una relazione permanente. (Immagine: Andrey Burmakin - Fotolia.com)<\/figcaption><\/figure>\n<p>Sguardi furtivi dietro lo schermo del computer, sfioramenti fugaci nella cucina del caff\u00e8: per uno svizzero di lingua tedesca su cinque, una relazione sul lavoro si \u00e8 addirittura trasformata in una relazione seria. Questi sono i risultati di uno studio rappresentativo commissionato dalla rete professionale online XING. Per conto di XING, la societ\u00e0 di ricerche di mercato e sondaggi d'opinione <a href=\"http:\/\/marketagent.com\/\">Marketagent.com<\/a>\u00a0ha intervistato un migliaio di lavoratori della Svizzera tedesca sul tema dell'amore al lavoro. Ecco i risultati pi\u00f9 importanti:<\/p>\n<h2><strong>Una persona su quattro ha avuto una relazione sul lavoro<\/strong><\/h2>\n<p>Nei luoghi di lavoro svizzeri si respira aria di novit\u00e0. Quasi uno svizzero di lingua tedesca su quattro (24%) ha gi\u00e0 avuto una relazione con qualcuno della stessa azienda. Gli uomini sono un po' pi\u00f9 attivi: il 28% di loro dichiara di aver gi\u00e0 condito la propria giornata lavorativa con un'avventura erotica. Tra le donne, la percentuale \u00e8 del 20%. L'atmosfera nella Svizzera tedesca sembra essere molto pi\u00f9 favorevole alle storie d'amore in ufficio rispetto al nostro vicino settentrionale. Solo il 15% dei tedeschi dichiara di aver avuto una relazione con qualcuno della propria azienda. In Austria la percentuale \u00e8 del 21%.<\/p>\n<p>Se volete avere una relazione sul lavoro, \u00e8 meglio che cerchiate il vostro prossimo impiego nell'Altopiano Centrale. In questa regione, il 26% degli intervistati dichiara di aver gi\u00e0 avuto una relazione con qualcuno della propria azienda. Il clima lavorativo \u00e8 apparentemente meno favorevole al flirt nella Svizzera orientale. La percentuale pi\u00f9 bassa \u00e8 quella del 22%.<\/p>\n<h2><strong>Una storia su cinque inizia con la festa aziendale<\/strong><\/h2>\n<p>Gli svizzeri di lingua tedesca hanno pi\u00f9 spesso una relazione sul lavoro con i colleghi (nel 62% dei casi). Le donne tendono a essere pi\u00f9 orientate verso l'alto nella gerarchia: il 13% delle intervistate che hanno avuto una relazione lo ha fatto con il proprio superiore. Tra gli uomini, la percentuale era solo del 7%. D'altra parte, il 30% degli uomini si \u00e8 rivolto ai propri dipendenti per vivere l'avventura. Tra le donne, la percentuale \u00e8 del 18%. In Germania le persone sembrano essere molto pi\u00f9 restie ad avere relazioni con i propri dipendenti. A nord del Reno, solo il 7% di tutti gli affari riguardava i dipendenti.<\/p>\n<p>Il pi\u00f9 delle volte le relazioni sono iniziate durante attivit\u00e0 comuni al di fuori dell'orario di lavoro (nel 36% dei casi). Al secondo posto nella lista dei terreni di coltura delle storie d'amore in ufficio ci sono le feste aziendali (21%). Soprattutto nell'Altopiano centrale, \u00e8 meglio pensarci due volte prima di permettere al proprio partner di andare a una cena aziendale: In questa regione, il 28% delle relazioni \u00e8 iniziato l\u00ec. In confronto, le feste aziendali sono apparentemente pi\u00f9 sobrie nella Svizzera centrale e nord-occidentale: solo il 18% delle relazioni sono iniziate durante questi eventi. Nella Svizzera centrale, invece, le cose iniziano a scottare all'ora di pranzo, dove il 18% degli affari ha avuto origine durante la pausa pranzo. I lavoratori della Svizzera orientale sono poco inclini alle storie d'amore durante il pranzo: la percentuale corrispondente \u00e8 solo del 4%.<\/p>\n<h2><strong>Il 21% ha gi\u00e0 avuto una relazione sentimentale sul posto di lavoro.<\/strong><\/h2>\n<p>Tuttavia, i sentimenti sul posto di lavoro non portano solo ad avventure erotiche. Cupido fa il suo giro anche nei luoghi di lavoro svizzeri. Circa uno svizzero di lingua tedesca su cinque (21%) ha gi\u00e0 intrapreso una relazione seria con una persona della propria azienda. E questo pu\u00f2 avere i suoi vantaggi: il 36% degli uomini trova positivo il fatto che si conoscano gi\u00e0 e che non debbano comprare un maiale in camicia. Il vantaggio pi\u00f9 importante dal punto di vista delle donne: \u00c8 possibile scambiare informazioni sul lavoro comune (34%).<\/p>\n<p>Ma ci sono anche fattori che rendono pi\u00f9 difficile una relazione armoniosa sul lavoro. Ad esempio, il 48% degli uomini esprime preoccupazione perch\u00e9 lavoro e vita privata potrebbero mescolarsi troppo. Le donne intervistate vedono svantaggi simili: il 49% di loro afferma che la distanza spaziale e temporale dal partner \u00e8 importante per loro. Inoltre, il 61% degli intervistati teme che il fallimento di tale rapporto possa avere un impatto negativo sull'atmosfera lavorativa. Tuttavia, tali svantaggi possono apparentemente essere sopportati abbastanza bene: solo il 6% di tutti gli intervistati dichiara di aver gi\u00e0 cambiato lavoro a causa di una partnership o di una relazione in azienda.<\/p>\n<p><em>Fonte: <a href=\"http:\/\/www.xing.com\">XING<\/a><\/em><\/p>","protected":false},"excerpt":{"rendered":"<p>Verstohlene Blicke hinter dem Bildschirm, fl\u00fcchtige Ber\u00fchrungen in der Kaffeek\u00fcche: Bei jedem f\u00fcnften Deutschschweizer\u00a0entstand aus einer Aff\u00e4re am Arbeitsplatz gar eine feste Beziehung. Zu diesen Ergebnissen kommt eine repr\u00e4sentative Studie im Auftrag des beruflichen Online-Netzwerks XING.\u00a0In dessen Auftrag hat das Markt- und Meinungsforschungsunternehmen Marketagent.com\u00a0tausend berufst\u00e4tige Personen in der Deutschschweiz zum Thema Liebe am Arbeitsplatz befragt. [&hellip;]<\/p>\n","protected":false},"author":4,"featured_media":2522,"comment_status":"open","ping_status":"open","sticky":false,"template":"","format":"standard","meta":{"_acf_changed":false,"_yoast_wpseo_focuskw":"Aff\u00e4re","_yoast_wpseo_metadesc":"Das Arbeitsleben dreht sich l\u00e4ngst nicht nur um Sitzungen, Pr\u00e4sentationen usw. Auch im Internetzeitalter bleibt der Arbeitsplatz eine wichtige Partnerb\u00f6rse.","articlekey":"","footnotes":""},"categories":[1],"tags":[51,254,459,508],"class_list":["post-2521","post","type-post","status-publish","format-standard","has-post-thumbnail","hentry","category-allgemein","tag-arbeitsplatzgestaltung","tag-hrm","tag-studie","tag-vermischtes"],"acf":[],"yoast_head":"<!-- This site is optimized with the Yoast SEO plugin v27.4 - https:\/\/yoast.com\/product\/yoast-seo-wordpress\/ -->\n<title>Aff\u00e4re am Arbeitsplatz: Deutschschweizer auf Spitzenposition - Organisator<\/title>\n<meta name=\"description\" content=\"Das Arbeitsleben dreht sich l\u00e4ngst nicht nur um Sitzungen, Pr\u00e4sentationen usw. Auch im Internetzeitalter bleibt der Arbeitsplatz eine wichtige Partnerb\u00f6rse.\" \/>\n<meta name=\"robots\" content=\"index, follow, max-snippet:-1, max-image-preview:large, max-video-preview:-1\" \/>\n<link rel=\"canonical\" href=\"https:\/\/www.organisator.ch\/it\/generale\/2017-10-03\/affaere-am-arbeitsplatz-deutschschweizer-auf-spitzenposition\/\" \/>\n<meta property=\"og:locale\" content=\"it_IT\" \/>\n<meta property=\"og:type\" content=\"article\" \/>\n<meta property=\"og:title\" content=\"Aff\u00e4re am Arbeitsplatz: Deutschschweizer auf Spitzenposition\" \/>\n<meta property=\"og:description\" content=\"Das #Arbeitsleben dreht sich l\u00e4ngst nicht nur um Sitzungen, Pr\u00e4sentationen und Abgabefristen. Auch im Internetzeitalter bleibt der Arbeitsplatz eine der wichtigsten #Partnerb\u00f6rsen.\" \/>\n<meta property=\"og:url\" content=\"https:\/\/www.organisator.ch\/it\/generale\/2017-10-03\/affaere-am-arbeitsplatz-deutschschweizer-auf-spitzenposition\/\" \/>\n<meta property=\"og:site_name\" content=\"Organisator\" \/>\n<meta property=\"article:publisher\" content=\"https:\/\/www.facebook.com\/OrganisatorFachmagazin\" \/>\n<meta property=\"article:published_time\" content=\"2017-10-03T12:24:37+00:00\" \/>\n<meta property=\"og:image\" content=\"https:\/\/www.organisator.ch\/wp-content\/uploads\/2017\/10\/Affaere-am-Arbeitsplatz-Deutschschweizer-auf-Spitzenposition_Organisator.jpg\" \/>\n\t<meta property=\"og:image:width\" content=\"428\" \/>\n\t<meta property=\"og:image:height\" content=\"281\" \/>\n\t<meta property=\"og:image:type\" content=\"image\/jpeg\" \/>\n<meta name=\"author\" content=\"thomas.berner\" \/>\n<meta name=\"twitter:card\" content=\"summary_large_image\" \/>\n<meta name=\"twitter:title\" content=\"#Aff\u00e4re am Arbeitsplatz: #Deutschschweizer auf Spitzenposition\" \/>\n<meta name=\"twitter:description\" content=\"Das #Arbeitsleben dreht sich l\u00e4ngst nicht nur um Sitzungen, Pr\u00e4sentationen und Abgabefristen. Auch im Internetzeitalter bleibt der Arbeitsplatz eine der wichtigsten #Partnerb\u00f6rsen.\" \/>\n<meta name=\"twitter:image\" content=\"https:\/\/www.organisator.ch\/wp-content\/uploads\/2017\/10\/Aff\u00e4re-am-Arbeitsplatz-Deutschschweizer-auf-Spitzenposition_Organisator.jpg\" \/>\n<script type=\"application\/ld+json\" class=\"yoast-schema-graph\">{\"@context\":\"https:\\\/\\\/schema.org\",\"@graph\":[{\"@type\":\"Article\",\"@id\":\"https:\\\/\\\/www.organisator.ch\\\/de\\\/allgemein\\\/2017-10-03\\\/affaere-am-arbeitsplatz-deutschschweizer-auf-spitzenposition\\\/#article\",\"isPartOf\":{\"@id\":\"https:\\\/\\\/www.organisator.ch\\\/de\\\/allgemein\\\/2017-10-03\\\/affaere-am-arbeitsplatz-deutschschweizer-auf-spitzenposition\\\/\"},\"author\":{\"name\":\"thomas.berner\",\"@id\":\"https:\\\/\\\/www.organisator.ch\\\/#\\\/schema\\\/person\\\/6f650f90b2842cd4c0cc334b4e36f67e\"},\"headline\":\"Aff\u00e4re am Arbeitsplatz: Deutschschweizer auf Spitzenposition\",\"datePublished\":\"2017-10-03T12:24:37+00:00\",\"mainEntityOfPage\":{\"@id\":\"https:\\\/\\\/www.organisator.ch\\\/de\\\/allgemein\\\/2017-10-03\\\/affaere-am-arbeitsplatz-deutschschweizer-auf-spitzenposition\\\/\"},\"wordCount\":719,\"commentCount\":0,\"publisher\":{\"@id\":\"https:\\\/\\\/www.organisator.ch\\\/#organization\"},\"image\":{\"@id\":\"https:\\\/\\\/www.organisator.ch\\\/de\\\/allgemein\\\/2017-10-03\\\/affaere-am-arbeitsplatz-deutschschweizer-auf-spitzenposition\\\/#primaryimage\"},\"thumbnailUrl\":\"https:\\\/\\\/www.organisator.ch\\\/wp-content\\\/uploads\\\/2017\\\/10\\\/Affaere-am-Arbeitsplatz-Deutschschweizer-auf-Spitzenposition_Organisator.jpg\",\"keywords\":[\"Arbeitsplatzgestaltung\",\"HRM\",\"Studie\",\"Vermischtes\"],\"articleSection\":[\"Allgemein\"],\"inLanguage\":\"it-IT\"},{\"@type\":\"WebPage\",\"@id\":\"https:\\\/\\\/www.organisator.ch\\\/de\\\/allgemein\\\/2017-10-03\\\/affaere-am-arbeitsplatz-deutschschweizer-auf-spitzenposition\\\/\",\"url\":\"https:\\\/\\\/www.organisator.ch\\\/de\\\/allgemein\\\/2017-10-03\\\/affaere-am-arbeitsplatz-deutschschweizer-auf-spitzenposition\\\/\",\"name\":\"Aff\u00e4re am Arbeitsplatz: Deutschschweizer auf Spitzenposition - Organisator\",\"isPartOf\":{\"@id\":\"https:\\\/\\\/www.organisator.ch\\\/#website\"},\"primaryImageOfPage\":{\"@id\":\"https:\\\/\\\/www.organisator.ch\\\/de\\\/allgemein\\\/2017-10-03\\\/affaere-am-arbeitsplatz-deutschschweizer-auf-spitzenposition\\\/#primaryimage\"},\"image\":{\"@id\":\"https:\\\/\\\/www.organisator.ch\\\/de\\\/allgemein\\\/2017-10-03\\\/affaere-am-arbeitsplatz-deutschschweizer-auf-spitzenposition\\\/#primaryimage\"},\"thumbnailUrl\":\"https:\\\/\\\/www.organisator.ch\\\/wp-content\\\/uploads\\\/2017\\\/10\\\/Affaere-am-Arbeitsplatz-Deutschschweizer-auf-Spitzenposition_Organisator.jpg\",\"datePublished\":\"2017-10-03T12:24:37+00:00\",\"description\":\"Das Arbeitsleben dreht sich l\u00e4ngst nicht nur um Sitzungen, Pr\u00e4sentationen usw. Auch im Internetzeitalter bleibt der Arbeitsplatz eine wichtige Partnerb\u00f6rse.\",\"breadcrumb\":{\"@id\":\"https:\\\/\\\/www.organisator.ch\\\/de\\\/allgemein\\\/2017-10-03\\\/affaere-am-arbeitsplatz-deutschschweizer-auf-spitzenposition\\\/#breadcrumb\"},\"inLanguage\":\"it-IT\",\"potentialAction\":[{\"@type\":\"ReadAction\",\"target\":[\"https:\\\/\\\/www.organisator.ch\\\/de\\\/allgemein\\\/2017-10-03\\\/affaere-am-arbeitsplatz-deutschschweizer-auf-spitzenposition\\\/\"]}]},{\"@type\":\"ImageObject\",\"inLanguage\":\"it-IT\",\"@id\":\"https:\\\/\\\/www.organisator.ch\\\/de\\\/allgemein\\\/2017-10-03\\\/affaere-am-arbeitsplatz-deutschschweizer-auf-spitzenposition\\\/#primaryimage\",\"url\":\"https:\\\/\\\/www.organisator.ch\\\/wp-content\\\/uploads\\\/2017\\\/10\\\/Affaere-am-Arbeitsplatz-Deutschschweizer-auf-Spitzenposition_Organisator.jpg\",\"contentUrl\":\"https:\\\/\\\/www.organisator.ch\\\/wp-content\\\/uploads\\\/2017\\\/10\\\/Affaere-am-Arbeitsplatz-Deutschschweizer-auf-Spitzenposition_Organisator.jpg\",\"width\":428,\"height\":281,\"caption\":\"Das Arbeitsleben ist immer noch eine wichtigste Partnerb\u00f6rse. Manche Aff\u00e4re entwickelte sich auch schon zu einer festen Beziehung. (Bild: Andrey Burmakin - Fotolia.com)\"},{\"@type\":\"BreadcrumbList\",\"@id\":\"https:\\\/\\\/www.organisator.ch\\\/de\\\/allgemein\\\/2017-10-03\\\/affaere-am-arbeitsplatz-deutschschweizer-auf-spitzenposition\\\/#breadcrumb\",\"itemListElement\":[{\"@type\":\"ListItem\",\"position\":1,\"name\":\"Home\",\"item\":\"https:\\\/\\\/www.organisator.ch\\\/\"},{\"@type\":\"ListItem\",\"position\":2,\"name\":\"Aff\u00e4re am Arbeitsplatz: Deutschschweizer auf Spitzenposition\"}]},{\"@type\":\"WebSite\",\"@id\":\"https:\\\/\\\/www.organisator.ch\\\/#website\",\"url\":\"https:\\\/\\\/www.organisator.ch\\\/\",\"name\":\"Organisator\",\"description\":\"Kompetent. Praxisnah. Der ORGANISATOR bereitet in 10 Ausgaben pro Jahr die wesentlichen Themen f\u00fcr F\u00fchrungskr\u00e4fte von KMU auf.\",\"publisher\":{\"@id\":\"https:\\\/\\\/www.organisator.ch\\\/#organization\"},\"potentialAction\":[{\"@type\":\"SearchAction\",\"target\":{\"@type\":\"EntryPoint\",\"urlTemplate\":\"https:\\\/\\\/www.organisator.ch\\\/?s={search_term_string}\"},\"query-input\":{\"@type\":\"PropertyValueSpecification\",\"valueRequired\":true,\"valueName\":\"search_term_string\"}}],\"inLanguage\":\"it-IT\"},{\"@type\":\"Organization\",\"@id\":\"https:\\\/\\\/www.organisator.ch\\\/#organization\",\"name\":\"Organisator\",\"url\":\"https:\\\/\\\/www.organisator.ch\\\/\",\"logo\":{\"@type\":\"ImageObject\",\"inLanguage\":\"it-IT\",\"@id\":\"https:\\\/\\\/www.organisator.ch\\\/#\\\/schema\\\/logo\\\/image\\\/\",\"url\":\"https:\\\/\\\/www.organisator.ch\\\/wp-content\\\/uploads\\\/2022\\\/01\\\/Logo_Organisator_Website.png\",\"contentUrl\":\"https:\\\/\\\/www.organisator.ch\\\/wp-content\\\/uploads\\\/2022\\\/01\\\/Logo_Organisator_Website.png\",\"width\":800,\"height\":77,\"caption\":\"Organisator\"},\"image\":{\"@id\":\"https:\\\/\\\/www.organisator.ch\\\/#\\\/schema\\\/logo\\\/image\\\/\"},\"sameAs\":[\"https:\\\/\\\/www.facebook.com\\\/OrganisatorFachmagazin\",\"https:\\\/\\\/www.linkedin.com\\\/showcase\\\/organisator-das-magazin-fr-kmu\",\"https:\\\/\\\/www.xing.com\\\/news\\\/pages\\\/organisator-ch-695\",\"https:\\\/\\\/www.youtube.com\\\/channel\\\/UCGP2Sq0iWaZwT3BdIAQFYpw\"]},{\"@type\":\"Person\",\"@id\":\"https:\\\/\\\/www.organisator.ch\\\/#\\\/schema\\\/person\\\/6f650f90b2842cd4c0cc334b4e36f67e\",\"name\":\"thomas.berner\",\"image\":{\"@type\":\"ImageObject\",\"inLanguage\":\"it-IT\",\"@id\":\"https:\\\/\\\/secure.gravatar.com\\\/avatar\\\/ac5001d2a36cb6c6cd3e50789007ffca834b477b74a2144564522e944eabff61?s=96&d=mm&r=g\",\"url\":\"https:\\\/\\\/secure.gravatar.com\\\/avatar\\\/ac5001d2a36cb6c6cd3e50789007ffca834b477b74a2144564522e944eabff61?s=96&d=mm&r=g\",\"contentUrl\":\"https:\\\/\\\/secure.gravatar.com\\\/avatar\\\/ac5001d2a36cb6c6cd3e50789007ffca834b477b74a2144564522e944eabff61?s=96&d=mm&r=g\",\"caption\":\"thomas.berner\"},\"url\":\"https:\\\/\\\/www.organisator.ch\\\/it\\\/author\\\/thomas-berner\\\/\"}]}<\/script>\n<!-- \/ Yoast SEO plugin. -->","yoast_head_json":{"title":"Affari sul posto di lavoro: gli svizzeri di lingua tedesca in prima posizione - Organizzatore","description":"Da tempo la vita lavorativa non si limita pi\u00f9 a riunioni, presentazioni, ecc. Anche nell'era di Internet, il luogo di lavoro rimane un importante scambio di partner.","robots":{"index":"index","follow":"follow","max-snippet":"max-snippet:-1","max-image-preview":"max-image-preview:large","max-video-preview":"max-video-preview:-1"},"canonical":"https:\/\/www.organisator.ch\/it\/generale\/2017-10-03\/affaere-am-arbeitsplatz-deutschschweizer-auf-spitzenposition\/","og_locale":"it_IT","og_type":"article","og_title":"Aff\u00e4re am Arbeitsplatz: Deutschschweizer auf Spitzenposition","og_description":"Das #Arbeitsleben dreht sich l\u00e4ngst nicht nur um Sitzungen, Pr\u00e4sentationen und Abgabefristen. Auch im Internetzeitalter bleibt der Arbeitsplatz eine der wichtigsten #Partnerb\u00f6rsen.","og_url":"https:\/\/www.organisator.ch\/it\/generale\/2017-10-03\/affaere-am-arbeitsplatz-deutschschweizer-auf-spitzenposition\/","og_site_name":"Organisator","article_publisher":"https:\/\/www.facebook.com\/OrganisatorFachmagazin","article_published_time":"2017-10-03T12:24:37+00:00","og_image":[{"width":428,"height":281,"url":"https:\/\/www.organisator.ch\/wp-content\/uploads\/2017\/10\/Affaere-am-Arbeitsplatz-Deutschschweizer-auf-Spitzenposition_Organisator.jpg","type":"image\/jpeg"}],"author":"thomas.berner","twitter_card":"summary_large_image","twitter_title":"#Aff\u00e4re am Arbeitsplatz: #Deutschschweizer auf Spitzenposition","twitter_description":"Das #Arbeitsleben dreht sich l\u00e4ngst nicht nur um Sitzungen, Pr\u00e4sentationen und Abgabefristen. Auch im Internetzeitalter bleibt der Arbeitsplatz eine der wichtigsten #Partnerb\u00f6rsen.","twitter_image":"https:\/\/www.organisator.ch\/wp-content\/uploads\/2017\/10\/Aff\u00e4re-am-Arbeitsplatz-Deutschschweizer-auf-Spitzenposition_Organisator.jpg","schema":{"@context":"https:\/\/schema.org","@graph":[{"@type":"Article","@id":"https:\/\/www.organisator.ch\/de\/allgemein\/2017-10-03\/affaere-am-arbeitsplatz-deutschschweizer-auf-spitzenposition\/#article","isPartOf":{"@id":"https:\/\/www.organisator.ch\/de\/allgemein\/2017-10-03\/affaere-am-arbeitsplatz-deutschschweizer-auf-spitzenposition\/"},"author":{"name":"thomas.berner","@id":"https:\/\/www.organisator.ch\/#\/schema\/person\/6f650f90b2842cd4c0cc334b4e36f67e"},"headline":"Aff\u00e4re am Arbeitsplatz: Deutschschweizer auf Spitzenposition","datePublished":"2017-10-03T12:24:37+00:00","mainEntityOfPage":{"@id":"https:\/\/www.organisator.ch\/de\/allgemein\/2017-10-03\/affaere-am-arbeitsplatz-deutschschweizer-auf-spitzenposition\/"},"wordCount":719,"commentCount":0,"publisher":{"@id":"https:\/\/www.organisator.ch\/#organization"},"image":{"@id":"https:\/\/www.organisator.ch\/de\/allgemein\/2017-10-03\/affaere-am-arbeitsplatz-deutschschweizer-auf-spitzenposition\/#primaryimage"},"thumbnailUrl":"https:\/\/www.organisator.ch\/wp-content\/uploads\/2017\/10\/Affaere-am-Arbeitsplatz-Deutschschweizer-auf-Spitzenposition_Organisator.jpg","keywords":["Arbeitsplatzgestaltung","HRM","Studie","Vermischtes"],"articleSection":["Allgemein"],"inLanguage":"it-IT"},{"@type":"WebPage","@id":"https:\/\/www.organisator.ch\/de\/allgemein\/2017-10-03\/affaere-am-arbeitsplatz-deutschschweizer-auf-spitzenposition\/","url":"https:\/\/www.organisator.ch\/de\/allgemein\/2017-10-03\/affaere-am-arbeitsplatz-deutschschweizer-auf-spitzenposition\/","name":"Affari sul posto di lavoro: gli svizzeri di lingua tedesca in prima posizione - Organizzatore","isPartOf":{"@id":"https:\/\/www.organisator.ch\/#website"},"primaryImageOfPage":{"@id":"https:\/\/www.organisator.ch\/de\/allgemein\/2017-10-03\/affaere-am-arbeitsplatz-deutschschweizer-auf-spitzenposition\/#primaryimage"},"image":{"@id":"https:\/\/www.organisator.ch\/de\/allgemein\/2017-10-03\/affaere-am-arbeitsplatz-deutschschweizer-auf-spitzenposition\/#primaryimage"},"thumbnailUrl":"https:\/\/www.organisator.ch\/wp-content\/uploads\/2017\/10\/Affaere-am-Arbeitsplatz-Deutschschweizer-auf-Spitzenposition_Organisator.jpg","datePublished":"2017-10-03T12:24:37+00:00","description":"Da tempo la vita lavorativa non si limita pi\u00f9 a riunioni, presentazioni, ecc. Anche nell'era di Internet, il luogo di lavoro rimane un importante scambio di partner.","breadcrumb":{"@id":"https:\/\/www.organisator.ch\/de\/allgemein\/2017-10-03\/affaere-am-arbeitsplatz-deutschschweizer-auf-spitzenposition\/#breadcrumb"},"inLanguage":"it-IT","potentialAction":[{"@type":"ReadAction","target":["https:\/\/www.organisator.ch\/de\/allgemein\/2017-10-03\/affaere-am-arbeitsplatz-deutschschweizer-auf-spitzenposition\/"]}]},{"@type":"ImageObject","inLanguage":"it-IT","@id":"https:\/\/www.organisator.ch\/de\/allgemein\/2017-10-03\/affaere-am-arbeitsplatz-deutschschweizer-auf-spitzenposition\/#primaryimage","url":"https:\/\/www.organisator.ch\/wp-content\/uploads\/2017\/10\/Affaere-am-Arbeitsplatz-Deutschschweizer-auf-Spitzenposition_Organisator.jpg","contentUrl":"https:\/\/www.organisator.ch\/wp-content\/uploads\/2017\/10\/Affaere-am-Arbeitsplatz-Deutschschweizer-auf-Spitzenposition_Organisator.jpg","width":428,"height":281,"caption":"Das Arbeitsleben ist immer noch eine wichtigste Partnerb\u00f6rse. Manche Aff\u00e4re entwickelte sich auch schon zu einer festen Beziehung. (Bild: Andrey Burmakin - Fotolia.com)"},{"@type":"BreadcrumbList","@id":"https:\/\/www.organisator.ch\/de\/allgemein\/2017-10-03\/affaere-am-arbeitsplatz-deutschschweizer-auf-spitzenposition\/#breadcrumb","itemListElement":[{"@type":"ListItem","position":1,"name":"Home","item":"https:\/\/www.organisator.ch\/"},{"@type":"ListItem","position":2,"name":"Aff\u00e4re am Arbeitsplatz: Deutschschweizer auf Spitzenposition"}]},{"@type":"WebSite","@id":"https:\/\/www.organisator.ch\/#website","url":"https:\/\/www.organisator.ch\/","name":"Organizzatore","description":"Competente. Pratico. In 10 numeri all'anno, ORGANISATOR presenta i temi essenziali per i manager delle PMI.","publisher":{"@id":"https:\/\/www.organisator.ch\/#organization"},"potentialAction":[{"@type":"SearchAction","target":{"@type":"EntryPoint","urlTemplate":"https:\/\/www.organisator.ch\/?s={search_term_string}"},"query-input":{"@type":"PropertyValueSpecification","valueRequired":true,"valueName":"search_term_string"}}],"inLanguage":"it-IT"},{"@type":"Organization","@id":"https:\/\/www.organisator.ch\/#organization","name":"Organizzatore","url":"https:\/\/www.organisator.ch\/","logo":{"@type":"ImageObject","inLanguage":"it-IT","@id":"https:\/\/www.organisator.ch\/#\/schema\/logo\/image\/","url":"https:\/\/www.organisator.ch\/wp-content\/uploads\/2022\/01\/Logo_Organisator_Website.png","contentUrl":"https:\/\/www.organisator.ch\/wp-content\/uploads\/2022\/01\/Logo_Organisator_Website.png","width":800,"height":77,"caption":"Organisator"},"image":{"@id":"https:\/\/www.organisator.ch\/#\/schema\/logo\/image\/"},"sameAs":["https:\/\/www.facebook.com\/OrganisatorFachmagazin","https:\/\/www.linkedin.com\/showcase\/organisator-das-magazin-fr-kmu","https:\/\/www.xing.com\/news\/pages\/organisator-ch-695","https:\/\/www.youtube.com\/channel\/UCGP2Sq0iWaZwT3BdIAQFYpw"]},{"@type":"Person","@id":"https:\/\/www.organisator.ch\/#\/schema\/person\/6f650f90b2842cd4c0cc334b4e36f67e","name":"Tommaso.berner","image":{"@type":"ImageObject","inLanguage":"it-IT","@id":"https:\/\/secure.gravatar.com\/avatar\/ac5001d2a36cb6c6cd3e50789007ffca834b477b74a2144564522e944eabff61?s=96&d=mm&r=g","url":"https:\/\/secure.gravatar.com\/avatar\/ac5001d2a36cb6c6cd3e50789007ffca834b477b74a2144564522e944eabff61?s=96&d=mm&r=g","contentUrl":"https:\/\/secure.gravatar.com\/avatar\/ac5001d2a36cb6c6cd3e50789007ffca834b477b74a2144564522e944eabff61?s=96&d=mm&r=g","caption":"thomas.berner"},"url":"https:\/\/www.organisator.ch\/it\/author\/thomas-berner\/"}]}},"_links":{"self":[{"href":"https:\/\/www.organisator.ch\/it\/wp-json\/wp\/v2\/posts\/2521","targetHints":{"allow":["GET"]}}],"collection":[{"href":"https:\/\/www.organisator.ch\/it\/wp-json\/wp\/v2\/posts"}],"about":[{"href":"https:\/\/www.organisator.ch\/it\/wp-json\/wp\/v2\/types\/post"}],"author":[{"embeddable":true,"href":"https:\/\/www.organisator.ch\/it\/wp-json\/wp\/v2\/users\/4"}],"replies":[{"embeddable":true,"href":"https:\/\/www.organisator.ch\/it\/wp-json\/wp\/v2\/comments?post=2521"}],"version-history":[{"count":0,"href":"https:\/\/www.organisator.ch\/it\/wp-json\/wp\/v2\/posts\/2521\/revisions"}],"wp:featuredmedia":[{"embeddable":true,"href":"https:\/\/www.organisator.ch\/it\/wp-json\/wp\/v2\/media\/2522"}],"wp:attachment":[{"href":"https:\/\/www.organisator.ch\/it\/wp-json\/wp\/v2\/media?parent=2521"}],"wp:term":[{"taxonomy":"category","embeddable":true,"href":"https:\/\/www.organisator.ch\/it\/wp-json\/wp\/v2\/categories?post=2521"},{"taxonomy":"post_tag","embeddable":true,"href":"https:\/\/www.organisator.ch\/it\/wp-json\/wp\/v2\/tags?post=2521"}],"curies":[{"name":"wp","href":"https:\/\/api.w.org\/{rel}","templated":true}]}}