{"id":2523,"date":"2019-10-07T17:23:12","date_gmt":"2019-10-07T15:23:12","guid":{"rendered":"https:\/\/www.umweltperspektiven.ch\/?p=2523"},"modified":"2019-10-07T17:23:12","modified_gmt":"2019-10-07T15:23:12","slug":"blinder-einsatz-des-insektengifts-cypermethrin-im-wald","status":"publish","type":"post","link":"https:\/\/www.organisator.ch\/it\/allgemein\/2019-10-07\/blinder-einsatz-des-insektengifts-cypermethrin-im-wald\/","title":{"rendered":"Uso \"cieco\" dell'insetticida cipermetrina nella foresta"},"content":{"rendered":"<figure id=\"attachment_2524\" aria-describedby=\"caption-attachment-2524\" style=\"width: 680px\" class=\"wp-caption alignnone\"><img loading=\"lazy\" decoding=\"async\" class=\"size-medium wp-image-2524\" src=\"\/\/www.umweltperspektiven.ch\/wp-content\/uploads\/2019\/10\/cristian-musolino-D00uNBEKCmc-unsplash.jpg\" alt=\"\" width=\"680\" height=\"907\" \/><figcaption id=\"caption-attachment-2524\" class=\"wp-caption-text\">L'AefU chiede l'applicazione coerente del divieto di cipermetrina nelle foreste. (Immagine simbolo: Unsplash)<\/figcaption><\/figure>\n<p>La legge sulle foreste proibisce l'uso di pesticidi, ma permette delle eccezioni. Questi sono diventati la regola: circa 700 chilogrammi di insetticidi altamente tossici sono stati spruzzati sui tronchi di abete rosso conservati nella foresta nel 2018, riferisce un comunicato stampa dei Medici per la protezione dell'ambiente (AefU). Questo perch\u00e9 i tronchi d'albero abbattuti con la corteccia attirano lo scarabeo della corteccia, per esempio. Come precauzione, sono trattati con insetticidi. Ora l'uso dei veleni \u00e8 destinato ad aumentare: Recentemente, il parlamento ha approvato impianti di stoccaggio del legno pi\u00f9 grandi nella foresta. Questo significa ancora pi\u00f9 insetticida. Se invece il legno abbattuto fosse scortecciato o accatastato fuori dalle foreste, non ci sarebbe bisogno del veleno.<\/p>\n<h2>Cipermetrina: approvazione senza test nella foresta<\/h2>\n<p>Oggi, l'insetticida altamente tossico cipermetrina \u00e8 usato principalmente per le scorte di legname nelle foreste svizzere. \u00c8 stato approvato per l'uso nella foresta senza che l'autorit\u00e0 di approvazione abbia chiarito come funziona il veleno nel sensibile ecosistema della foresta. L'Ufficio federale dell'agricoltura competente UFAG lo ha confermato all'AefU: \"Gli organismi forestali, cio\u00e8 le specie tipiche della foresta\" non sono stati \"specificamente testati\". In altre parole, l'UFAG ha concesso l'autorizzazione \"alla cieca\". Gli effetti della cipermetrina sugli organismi forestali sono ancora in gran parte sconosciuti.<\/p>\n<h2>Pochi nanogrammi sono dannosi<\/h2>\n<p>La tossina pu\u00f2 essere rilevata a lungo sulla corteccia dei tronchi trattati. Lo dimostra un'analisi commissionata dall'AefU. 20 microgrammi di cipermetrina per chilo di strato esterno della corteccia sono stati ancora rilevati dal laboratorio cantonale di Zurigo circa quattro mesi dopo l'applicazione del veleno su un deposito di legno nella Sernftal (GL). Tuttavia, poich\u00e9 la spruzzatura a mano non viene effettuata in modo uniforme, la concentrazione di veleno sulla corteccia pu\u00f2 fluttuare in modo massiccio.<\/p>\n<h2>Api, bombi e lombrichi in pericolo<\/h2>\n<p>Come insetticida ad ampio spettro, la cipermetrina non agisce solo contro il coleottero della corteccia: api, bombi e lombrichi che entrano in contatto con la superficie della corteccia spruzzata sono potenzialmente a rischio. Heinz K\u00f6hler, professore all'Istituto di ecologia ed evoluzione dell'Universit\u00e0 di Tubinga, dice: \"Anche un'assunzione di pochi nanogrammi per animale porta a danni neuronali e deficit comportamentali nelle api e nei bombi\". Heinz K\u00f6hler considera addirittura inaccettabile il rischio per i lombrichi. Non ci sono studi sui millepiedi. E le formiche della foresta? Alcune specie di formiche sono addirittura \"combattute attivamente\" con la cipermetrina, quindi le danneggia in modo massiccio. Il Servizio sanitario delle api svizzero scrive: \"Le formiche come le api sono imenotteri: ci\u00f2 che uccide le formiche \u00e8 mortale anche per le api\", il che \u00e8 naturalmente altrettanto vero al contrario.<\/p>\n<h2>Il Parlamento provoca l'uso di insetticidi<\/h2>\n<p>Ciononostante, il parlamento ha recentemente approvato depositi di tondame pi\u00f9 grandi nella foresta - senza il requisito che i tronchi siano preventivamente scortecciati. Il Parlamento provoca cos\u00ec l'uso di ancora pi\u00f9 insetticidi nella foresta e quindi in una delle nostre pi\u00f9 importanti risorse di acqua potabile.<\/p>\n<p>Questo \u00e8 il modo sbagliato di procedere. L'AefU chiede l'applicazione coerente del divieto di pesticidi nella foresta. I tronchi caduti dovrebbero essere rimossi immediatamente dalla foresta o scortecciati in modo consistente, il che \u00e8 comunque necessario prima della lavorazione. L'industria del legno deve dare questo contributo alla protezione delle foreste e dell'acqua potabile.<\/p>\n<p><a href=\"\/\/www.aefu.ch\">www.aefu.ch<\/a><\/p>","protected":false},"excerpt":{"rendered":"<p>Das Waldgesetz verbietet den Einsatz von Pestiziden, l\u00e4sst aber Ausnahmen zu. Diese wurden zur Regel: Rund 700 Kilogramm hochgiftige Insektizide wurden 2018 auf im Wald gelagerte Fichtenst\u00e4mme gespritzt, berichtet eine Medienmitteilung der \u00c4rztinnen und \u00c4rzte f\u00fcr Umweltschutz (AefU). Denn gef\u00e4llte Baumst\u00e4mme mit Rinde locken zum Beispiel den Borkenk\u00e4fer an. Dagegen werden sie vorsorglich mit Insektiziden [&hellip;]<\/p>\n","protected":false},"author":5,"featured_media":2524,"comment_status":"open","ping_status":"open","sticky":false,"template":"","format":"standard","meta":{"_acf_changed":false,"_yoast_wpseo_focuskw":"Cypermethrin","_yoast_wpseo_metadesc":"Das Insektengift Cypermethrin wird im Schweizer Wald in grossen Mengen auf geschlagene Baumst\u00e4mme gespritzt. Das k\u00f6nnte andere Lebensbereiche sch\u00e4digen.","articlekey":"","footnotes":""},"categories":[1],"tags":[959,1426,1894,2075,2499],"class_list":["post-2523","post","type-post","status-publish","format-standard","has-post-thumbnail","hentry","category-allgemein","tag-cypermethrin","tag-insektensterben","tag-pestizide","tag-schweizer","tag-wald"],"acf":[],"yoast_head":"<!-- This site is optimized with the Yoast SEO plugin v27.4 - https:\/\/yoast.com\/product\/yoast-seo-wordpress\/ -->\n<title>\u00abBlinder\u00bb Einsatz des Insektengifts Cypermethrin im Wald - Organisator<\/title>\n<meta name=\"description\" content=\"Das Insektengift Cypermethrin wird im Schweizer Wald in grossen Mengen auf geschlagene Baumst\u00e4mme gespritzt. Das k\u00f6nnte andere Lebensbereiche sch\u00e4digen.\" \/>\n<meta name=\"robots\" content=\"index, follow, max-snippet:-1, max-image-preview:large, max-video-preview:-1\" \/>\n<link rel=\"canonical\" href=\"https:\/\/www.organisator.ch\/it\/generale\/2019-10-07\/blinder-einsatz-des-insektengifts-cypermethrin-im-wald\/\" \/>\n<meta property=\"og:locale\" content=\"it_IT\" \/>\n<meta property=\"og:type\" content=\"article\" \/>\n<meta property=\"og:title\" content=\"\u00abBlinder\u00bb Einsatz des Insektengifts Cypermethrin im Wald - Organisator\" \/>\n<meta property=\"og:description\" content=\"Das Insektengift Cypermethrin wird im Schweizer Wald in grossen Mengen auf geschlagene Baumst\u00e4mme gespritzt. Das k\u00f6nnte andere Lebensbereiche sch\u00e4digen.\" \/>\n<meta property=\"og:url\" content=\"https:\/\/www.organisator.ch\/it\/generale\/2019-10-07\/blinder-einsatz-des-insektengifts-cypermethrin-im-wald\/\" \/>\n<meta property=\"og:site_name\" content=\"Organisator\" \/>\n<meta property=\"article:publisher\" content=\"https:\/\/www.facebook.com\/OrganisatorFachmagazin\" \/>\n<meta property=\"article:published_time\" content=\"2019-10-07T15:23:12+00:00\" \/>\n<meta property=\"og:image\" content=\"https:\/\/www.organisator.ch\/wp-content\/uploads\/2019\/10\/cristian-musolino-D00uNBEKCmc-unsplash-scaled.jpg\" \/>\n\t<meta property=\"og:image:width\" content=\"1920\" \/>\n\t<meta property=\"og:image:height\" content=\"2560\" \/>\n\t<meta property=\"og:image:type\" content=\"image\/jpeg\" \/>\n<meta name=\"author\" content=\"michael.merz\" \/>\n<meta name=\"twitter:card\" content=\"summary_large_image\" \/>\n<script type=\"application\/ld+json\" class=\"yoast-schema-graph\">{\"@context\":\"https:\\\/\\\/schema.org\",\"@graph\":[{\"@type\":\"Article\",\"@id\":\"https:\\\/\\\/www.organisator.ch\\\/it\\\/generale\\\/2019-10-07\\\/blinder-einsatz-des-insektengifts-cypermethrin-im-wald\\\/#article\",\"isPartOf\":{\"@id\":\"https:\\\/\\\/www.organisator.ch\\\/it\\\/generale\\\/2019-10-07\\\/blinder-einsatz-des-insektengifts-cypermethrin-im-wald\\\/\"},\"author\":{\"name\":\"michael.merz\",\"@id\":\"https:\\\/\\\/www.organisator.ch\\\/#\\\/schema\\\/person\\\/134708ca9321c57b0362cceb7948ffbd\"},\"headline\":\"\u00abBlinder\u00bb Einsatz des Insektengifts Cypermethrin im Wald\",\"datePublished\":\"2019-10-07T15:23:12+00:00\",\"mainEntityOfPage\":{\"@id\":\"https:\\\/\\\/www.organisator.ch\\\/it\\\/generale\\\/2019-10-07\\\/blinder-einsatz-des-insektengifts-cypermethrin-im-wald\\\/\"},\"wordCount\":534,\"commentCount\":0,\"publisher\":{\"@id\":\"https:\\\/\\\/www.organisator.ch\\\/#organization\"},\"image\":{\"@id\":\"https:\\\/\\\/www.organisator.ch\\\/it\\\/generale\\\/2019-10-07\\\/blinder-einsatz-des-insektengifts-cypermethrin-im-wald\\\/#primaryimage\"},\"thumbnailUrl\":\"https:\\\/\\\/www.organisator.ch\\\/wp-content\\\/uploads\\\/2019\\\/10\\\/cristian-musolino-D00uNBEKCmc-unsplash-scaled.jpg\",\"keywords\":[\"Cypermethrin\",\"Insektensterben\",\"Pestizide\",\"Schweizer\",\"Wald\"],\"articleSection\":[\"Allgemein\"],\"inLanguage\":\"it-IT\"},{\"@type\":\"WebPage\",\"@id\":\"https:\\\/\\\/www.organisator.ch\\\/it\\\/generale\\\/2019-10-07\\\/blinder-einsatz-des-insektengifts-cypermethrin-im-wald\\\/\",\"url\":\"https:\\\/\\\/www.organisator.ch\\\/it\\\/generale\\\/2019-10-07\\\/blinder-einsatz-des-insektengifts-cypermethrin-im-wald\\\/\",\"name\":\"\u00abBlinder\u00bb Einsatz des Insektengifts Cypermethrin im Wald - Organisator\",\"isPartOf\":{\"@id\":\"https:\\\/\\\/www.organisator.ch\\\/#website\"},\"primaryImageOfPage\":{\"@id\":\"https:\\\/\\\/www.organisator.ch\\\/it\\\/generale\\\/2019-10-07\\\/blinder-einsatz-des-insektengifts-cypermethrin-im-wald\\\/#primaryimage\"},\"image\":{\"@id\":\"https:\\\/\\\/www.organisator.ch\\\/it\\\/generale\\\/2019-10-07\\\/blinder-einsatz-des-insektengifts-cypermethrin-im-wald\\\/#primaryimage\"},\"thumbnailUrl\":\"https:\\\/\\\/www.organisator.ch\\\/wp-content\\\/uploads\\\/2019\\\/10\\\/cristian-musolino-D00uNBEKCmc-unsplash-scaled.jpg\",\"datePublished\":\"2019-10-07T15:23:12+00:00\",\"description\":\"Das Insektengift Cypermethrin wird im Schweizer Wald in grossen Mengen auf geschlagene Baumst\u00e4mme gespritzt. Das k\u00f6nnte andere Lebensbereiche sch\u00e4digen.\",\"breadcrumb\":{\"@id\":\"https:\\\/\\\/www.organisator.ch\\\/it\\\/generale\\\/2019-10-07\\\/blinder-einsatz-des-insektengifts-cypermethrin-im-wald\\\/#breadcrumb\"},\"inLanguage\":\"it-IT\",\"potentialAction\":[{\"@type\":\"ReadAction\",\"target\":[\"https:\\\/\\\/www.organisator.ch\\\/it\\\/generale\\\/2019-10-07\\\/blinder-einsatz-des-insektengifts-cypermethrin-im-wald\\\/\"]}]},{\"@type\":\"ImageObject\",\"inLanguage\":\"it-IT\",\"@id\":\"https:\\\/\\\/www.organisator.ch\\\/it\\\/generale\\\/2019-10-07\\\/blinder-einsatz-des-insektengifts-cypermethrin-im-wald\\\/#primaryimage\",\"url\":\"https:\\\/\\\/www.organisator.ch\\\/wp-content\\\/uploads\\\/2019\\\/10\\\/cristian-musolino-D00uNBEKCmc-unsplash-scaled.jpg\",\"contentUrl\":\"https:\\\/\\\/www.organisator.ch\\\/wp-content\\\/uploads\\\/2019\\\/10\\\/cristian-musolino-D00uNBEKCmc-unsplash-scaled.jpg\",\"width\":1920,\"height\":2560,\"caption\":\"Die AefU fordern die konsequente Durchsetzung des Verbots f\u00fcr im Wald. (Symbolbild: Unsplash)\"},{\"@type\":\"BreadcrumbList\",\"@id\":\"https:\\\/\\\/www.organisator.ch\\\/it\\\/generale\\\/2019-10-07\\\/blinder-einsatz-des-insektengifts-cypermethrin-im-wald\\\/#breadcrumb\",\"itemListElement\":[{\"@type\":\"ListItem\",\"position\":1,\"name\":\"Home\",\"item\":\"https:\\\/\\\/www.organisator.ch\\\/\"},{\"@type\":\"ListItem\",\"position\":2,\"name\":\"\u00abBlinder\u00bb Einsatz des Insektengifts Cypermethrin im Wald\"}]},{\"@type\":\"WebSite\",\"@id\":\"https:\\\/\\\/www.organisator.ch\\\/#website\",\"url\":\"https:\\\/\\\/www.organisator.ch\\\/\",\"name\":\"Organisator\",\"description\":\"Kompetent. Praxisnah. Der ORGANISATOR bereitet in 10 Ausgaben pro Jahr die wesentlichen Themen f\u00fcr F\u00fchrungskr\u00e4fte von KMU auf.\",\"publisher\":{\"@id\":\"https:\\\/\\\/www.organisator.ch\\\/#organization\"},\"potentialAction\":[{\"@type\":\"SearchAction\",\"target\":{\"@type\":\"EntryPoint\",\"urlTemplate\":\"https:\\\/\\\/www.organisator.ch\\\/?s={search_term_string}\"},\"query-input\":{\"@type\":\"PropertyValueSpecification\",\"valueRequired\":true,\"valueName\":\"search_term_string\"}}],\"inLanguage\":\"it-IT\"},{\"@type\":\"Organization\",\"@id\":\"https:\\\/\\\/www.organisator.ch\\\/#organization\",\"name\":\"Organisator\",\"url\":\"https:\\\/\\\/www.organisator.ch\\\/\",\"logo\":{\"@type\":\"ImageObject\",\"inLanguage\":\"it-IT\",\"@id\":\"https:\\\/\\\/www.organisator.ch\\\/#\\\/schema\\\/logo\\\/image\\\/\",\"url\":\"https:\\\/\\\/www.organisator.ch\\\/wp-content\\\/uploads\\\/2022\\\/01\\\/Logo_Organisator_Website.png\",\"contentUrl\":\"https:\\\/\\\/www.organisator.ch\\\/wp-content\\\/uploads\\\/2022\\\/01\\\/Logo_Organisator_Website.png\",\"width\":800,\"height\":77,\"caption\":\"Organisator\"},\"image\":{\"@id\":\"https:\\\/\\\/www.organisator.ch\\\/#\\\/schema\\\/logo\\\/image\\\/\"},\"sameAs\":[\"https:\\\/\\\/www.facebook.com\\\/OrganisatorFachmagazin\",\"https:\\\/\\\/www.linkedin.com\\\/showcase\\\/organisator-das-magazin-fr-kmu\",\"https:\\\/\\\/www.xing.com\\\/news\\\/pages\\\/organisator-ch-695\",\"https:\\\/\\\/www.youtube.com\\\/channel\\\/UCGP2Sq0iWaZwT3BdIAQFYpw\"]},{\"@type\":\"Person\",\"@id\":\"https:\\\/\\\/www.organisator.ch\\\/#\\\/schema\\\/person\\\/134708ca9321c57b0362cceb7948ffbd\",\"name\":\"michael.merz\",\"image\":{\"@type\":\"ImageObject\",\"inLanguage\":\"it-IT\",\"@id\":\"https:\\\/\\\/secure.gravatar.com\\\/avatar\\\/?s=96&d=mm&r=g\",\"url\":\"https:\\\/\\\/secure.gravatar.com\\\/avatar\\\/?s=96&d=mm&r=g\",\"contentUrl\":\"https:\\\/\\\/secure.gravatar.com\\\/avatar\\\/?s=96&d=mm&r=g\",\"caption\":\"michael.merz\"},\"url\":\"https:\\\/\\\/www.organisator.ch\\\/it\\\/author\\\/michael-merz\\\/\"}]}<\/script>\n<!-- \/ Yoast SEO plugin. -->","yoast_head_json":{"title":"Uso \"alla cieca\" dell'insetticida cipermetrina in foresta - Organizzatore","description":"L'insetticida cipermetrina viene spruzzato in grandi quantit\u00e0 sui tronchi degli alberi abbattuti nella foresta svizzera. Questo potrebbe danneggiare altre aree della vita.","robots":{"index":"index","follow":"follow","max-snippet":"max-snippet:-1","max-image-preview":"max-image-preview:large","max-video-preview":"max-video-preview:-1"},"canonical":"https:\/\/www.organisator.ch\/it\/generale\/2019-10-07\/blinder-einsatz-des-insektengifts-cypermethrin-im-wald\/","og_locale":"it_IT","og_type":"article","og_title":"\u00abBlinder\u00bb Einsatz des Insektengifts Cypermethrin im Wald - Organisator","og_description":"Das Insektengift Cypermethrin wird im Schweizer Wald in grossen Mengen auf geschlagene Baumst\u00e4mme gespritzt. Das k\u00f6nnte andere Lebensbereiche sch\u00e4digen.","og_url":"https:\/\/www.organisator.ch\/it\/generale\/2019-10-07\/blinder-einsatz-des-insektengifts-cypermethrin-im-wald\/","og_site_name":"Organisator","article_publisher":"https:\/\/www.facebook.com\/OrganisatorFachmagazin","article_published_time":"2019-10-07T15:23:12+00:00","og_image":[{"width":1920,"height":2560,"url":"https:\/\/www.organisator.ch\/wp-content\/uploads\/2019\/10\/cristian-musolino-D00uNBEKCmc-unsplash-scaled.jpg","type":"image\/jpeg"}],"author":"michael.merz","twitter_card":"summary_large_image","schema":{"@context":"https:\/\/schema.org","@graph":[{"@type":"Article","@id":"https:\/\/www.organisator.ch\/it\/generale\/2019-10-07\/blinder-einsatz-des-insektengifts-cypermethrin-im-wald\/#article","isPartOf":{"@id":"https:\/\/www.organisator.ch\/it\/generale\/2019-10-07\/blinder-einsatz-des-insektengifts-cypermethrin-im-wald\/"},"author":{"name":"michael.merz","@id":"https:\/\/www.organisator.ch\/#\/schema\/person\/134708ca9321c57b0362cceb7948ffbd"},"headline":"\u00abBlinder\u00bb Einsatz des Insektengifts Cypermethrin im Wald","datePublished":"2019-10-07T15:23:12+00:00","mainEntityOfPage":{"@id":"https:\/\/www.organisator.ch\/it\/generale\/2019-10-07\/blinder-einsatz-des-insektengifts-cypermethrin-im-wald\/"},"wordCount":534,"commentCount":0,"publisher":{"@id":"https:\/\/www.organisator.ch\/#organization"},"image":{"@id":"https:\/\/www.organisator.ch\/it\/generale\/2019-10-07\/blinder-einsatz-des-insektengifts-cypermethrin-im-wald\/#primaryimage"},"thumbnailUrl":"https:\/\/www.organisator.ch\/wp-content\/uploads\/2019\/10\/cristian-musolino-D00uNBEKCmc-unsplash-scaled.jpg","keywords":["Cypermethrin","Insektensterben","Pestizide","Schweizer","Wald"],"articleSection":["Allgemein"],"inLanguage":"it-IT"},{"@type":"WebPage","@id":"https:\/\/www.organisator.ch\/it\/generale\/2019-10-07\/blinder-einsatz-des-insektengifts-cypermethrin-im-wald\/","url":"https:\/\/www.organisator.ch\/it\/generale\/2019-10-07\/blinder-einsatz-des-insektengifts-cypermethrin-im-wald\/","name":"Uso \"alla cieca\" dell'insetticida cipermetrina in foresta - Organizzatore","isPartOf":{"@id":"https:\/\/www.organisator.ch\/#website"},"primaryImageOfPage":{"@id":"https:\/\/www.organisator.ch\/it\/generale\/2019-10-07\/blinder-einsatz-des-insektengifts-cypermethrin-im-wald\/#primaryimage"},"image":{"@id":"https:\/\/www.organisator.ch\/it\/generale\/2019-10-07\/blinder-einsatz-des-insektengifts-cypermethrin-im-wald\/#primaryimage"},"thumbnailUrl":"https:\/\/www.organisator.ch\/wp-content\/uploads\/2019\/10\/cristian-musolino-D00uNBEKCmc-unsplash-scaled.jpg","datePublished":"2019-10-07T15:23:12+00:00","description":"L'insetticida cipermetrina viene spruzzato in grandi quantit\u00e0 sui tronchi degli alberi abbattuti nella foresta svizzera. Questo potrebbe danneggiare altre aree della vita.","breadcrumb":{"@id":"https:\/\/www.organisator.ch\/it\/generale\/2019-10-07\/blinder-einsatz-des-insektengifts-cypermethrin-im-wald\/#breadcrumb"},"inLanguage":"it-IT","potentialAction":[{"@type":"ReadAction","target":["https:\/\/www.organisator.ch\/it\/generale\/2019-10-07\/blinder-einsatz-des-insektengifts-cypermethrin-im-wald\/"]}]},{"@type":"ImageObject","inLanguage":"it-IT","@id":"https:\/\/www.organisator.ch\/it\/generale\/2019-10-07\/blinder-einsatz-des-insektengifts-cypermethrin-im-wald\/#primaryimage","url":"https:\/\/www.organisator.ch\/wp-content\/uploads\/2019\/10\/cristian-musolino-D00uNBEKCmc-unsplash-scaled.jpg","contentUrl":"https:\/\/www.organisator.ch\/wp-content\/uploads\/2019\/10\/cristian-musolino-D00uNBEKCmc-unsplash-scaled.jpg","width":1920,"height":2560,"caption":"Die AefU fordern die konsequente Durchsetzung des Verbots f\u00fcr im Wald. (Symbolbild: Unsplash)"},{"@type":"BreadcrumbList","@id":"https:\/\/www.organisator.ch\/it\/generale\/2019-10-07\/blinder-einsatz-des-insektengifts-cypermethrin-im-wald\/#breadcrumb","itemListElement":[{"@type":"ListItem","position":1,"name":"Home","item":"https:\/\/www.organisator.ch\/"},{"@type":"ListItem","position":2,"name":"\u00abBlinder\u00bb Einsatz des Insektengifts Cypermethrin im Wald"}]},{"@type":"WebSite","@id":"https:\/\/www.organisator.ch\/#website","url":"https:\/\/www.organisator.ch\/","name":"Organizzatore","description":"Competente. Pratico. In 10 numeri all'anno, ORGANISATOR presenta i temi essenziali per i manager delle PMI.","publisher":{"@id":"https:\/\/www.organisator.ch\/#organization"},"potentialAction":[{"@type":"SearchAction","target":{"@type":"EntryPoint","urlTemplate":"https:\/\/www.organisator.ch\/?s={search_term_string}"},"query-input":{"@type":"PropertyValueSpecification","valueRequired":true,"valueName":"search_term_string"}}],"inLanguage":"it-IT"},{"@type":"Organization","@id":"https:\/\/www.organisator.ch\/#organization","name":"Organizzatore","url":"https:\/\/www.organisator.ch\/","logo":{"@type":"ImageObject","inLanguage":"it-IT","@id":"https:\/\/www.organisator.ch\/#\/schema\/logo\/image\/","url":"https:\/\/www.organisator.ch\/wp-content\/uploads\/2022\/01\/Logo_Organisator_Website.png","contentUrl":"https:\/\/www.organisator.ch\/wp-content\/uploads\/2022\/01\/Logo_Organisator_Website.png","width":800,"height":77,"caption":"Organisator"},"image":{"@id":"https:\/\/www.organisator.ch\/#\/schema\/logo\/image\/"},"sameAs":["https:\/\/www.facebook.com\/OrganisatorFachmagazin","https:\/\/www.linkedin.com\/showcase\/organisator-das-magazin-fr-kmu","https:\/\/www.xing.com\/news\/pages\/organisator-ch-695","https:\/\/www.youtube.com\/channel\/UCGP2Sq0iWaZwT3BdIAQFYpw"]},{"@type":"Person","@id":"https:\/\/www.organisator.ch\/#\/schema\/person\/134708ca9321c57b0362cceb7948ffbd","name":"michael.merz","image":{"@type":"ImageObject","inLanguage":"it-IT","@id":"https:\/\/secure.gravatar.com\/avatar\/?s=96&d=mm&r=g","url":"https:\/\/secure.gravatar.com\/avatar\/?s=96&d=mm&r=g","contentUrl":"https:\/\/secure.gravatar.com\/avatar\/?s=96&d=mm&r=g","caption":"michael.merz"},"url":"https:\/\/www.organisator.ch\/it\/author\/michael-merz\/"}]}},"_links":{"self":[{"href":"https:\/\/www.organisator.ch\/it\/wp-json\/wp\/v2\/posts\/2523","targetHints":{"allow":["GET"]}}],"collection":[{"href":"https:\/\/www.organisator.ch\/it\/wp-json\/wp\/v2\/posts"}],"about":[{"href":"https:\/\/www.organisator.ch\/it\/wp-json\/wp\/v2\/types\/post"}],"author":[{"embeddable":true,"href":"https:\/\/www.organisator.ch\/it\/wp-json\/wp\/v2\/users\/5"}],"replies":[{"embeddable":true,"href":"https:\/\/www.organisator.ch\/it\/wp-json\/wp\/v2\/comments?post=2523"}],"version-history":[{"count":0,"href":"https:\/\/www.organisator.ch\/it\/wp-json\/wp\/v2\/posts\/2523\/revisions"}],"wp:featuredmedia":[{"embeddable":true,"href":"https:\/\/www.organisator.ch\/it\/wp-json\/wp\/v2\/media\/2524"}],"wp:attachment":[{"href":"https:\/\/www.organisator.ch\/it\/wp-json\/wp\/v2\/media?parent=2523"}],"wp:term":[{"taxonomy":"category","embeddable":true,"href":"https:\/\/www.organisator.ch\/it\/wp-json\/wp\/v2\/categories?post=2523"},{"taxonomy":"post_tag","embeddable":true,"href":"https:\/\/www.organisator.ch\/it\/wp-json\/wp\/v2\/tags?post=2523"}],"curies":[{"name":"wp","href":"https:\/\/api.w.org\/{rel}","templated":true}]}}