{"id":253,"date":"2016-04-08T09:48:44","date_gmt":"2016-04-08T07:48:44","guid":{"rendered":"http:\/\/dev.organisator.ch\/?p=253"},"modified":"2016-04-08T09:48:44","modified_gmt":"2016-04-08T07:48:44","slug":"witzig-uebernimmt-den-businesspoint-in-bern","status":"publish","type":"post","link":"https:\/\/www.organisator.ch\/it\/human-resources\/hrm\/2016-04-08\/witzig-uebernimmt-den-businesspoint-in-bern\/","title":{"rendered":"Witzig rileva il \"BusinessPoint\" a Berna"},"content":{"rendered":"<figure id=\"attachment_254\" aria-describedby=\"caption-attachment-254\" style=\"width: 448px\" class=\"wp-caption alignnone\"><img loading=\"lazy\" decoding=\"async\" class=\"size-full wp-image-254\" src=\"https:\/\/www.organisator.ch\/wp-content\/uploads\/2016\/12\/Witzig-uebernimmt-den-BusinessPoint-in-Bern-organisator.jpg\" alt=\"\" width=\"448\" height=\"299\" srcset=\"https:\/\/www.organisator.ch\/wp-content\/uploads\/2016\/12\/Witzig-uebernimmt-den-BusinessPoint-in-Bern-organisator.jpg 448w, https:\/\/www.organisator.ch\/wp-content\/uploads\/2016\/12\/Witzig-uebernimmt-den-BusinessPoint-in-Bern-organisator-16x12.jpg 16w, https:\/\/www.organisator.ch\/wp-content\/uploads\/2016\/12\/Witzig-uebernimmt-den-BusinessPoint-in-Bern-organisator-262x175.jpg 262w, https:\/\/www.organisator.ch\/wp-content\/uploads\/2016\/12\/Witzig-uebernimmt-den-BusinessPoint-in-Bern-organisator-300x200.jpg 300w\" sizes=\"auto, (max-width: 448px) 100vw, 448px\" \/><figcaption id=\"caption-attachment-254\" class=\"wp-caption-text\">Il BusinessPoint alla stazione centrale di Berna \u00e8 ora gestito da Witzig The Office Company.<\/figcaption><\/figure>\n<p>Lo spazio di coworking \"BusinessPoint\" a Berna ha un nuovo gestore: lo specialista di uffici Witzig The Office Company ha rilevato dalle FFS le postazioni di lavoro flessibili per uomini d'affari a partire dal 1\u00b0 aprile nell'ambito della collaborazione all'iniziativa Work Smart e le svilupper\u00e0 gradualmente in \"nuovi mondi lavorativi\". Questo perch\u00e9 Witzig The Office Company non solo vuole progettare in futuro posti di lavoro flessibili per lavoratori della conoscenza mobili, ma anche offrirli e testarli direttamente sotto forma di \"Office as a Service\".<\/p>\n<p><strong>\"Office as a Service\" in una posizione centrale<\/strong><\/p>\n<p>Witzig offre ora \"Office as a Service\" nelle immediate vicinanze dei binari della stazione di Berna: 16 stanze offrono spazio da quattro a 40 persone per riunioni o incontri di progetto. In dodici postazioni di lavoro individuali, le persone possono concentrarsi sul loro lavoro e collegarsi in rete nella zona lounge e di incontro. Gli uomini d'affari beneficiano di un'infrastruttura d'ufficio allo \"stato dell'arte\" e di un servizio personale: Il prezzo include l'attrezzatura per le presentazioni nelle sale riunioni, WLAN veloce e catering come bevande e frutta. Una singola postazione di lavoro \u00e8 disponibile da 25 franchi all'ora, una sala riunioni per quattro persone o un ufficio privato da 84 franchi all'ora.<\/p>\n<p><strong>Il lavoro mobile nell'ufficio del futuro<\/strong><\/p>\n<p>Nel \"BusinessPoint\" di Berna, Witzig implementa i risultati dell'iniziativa Work Smart e combina il lavoro mobile con il comfort di un posto di lavoro fisso. Chi paga l'ufficio solo quando lo usa, risparmia anche i costi. Con questa offerta, l'azienda vuole attirare gli uomini d'affari mobili che hanno bisogno di un posto di lavoro arredato in modo ottimale o di una sala riunioni centrale immediatamente e per un tempo limitato. Nella progettazione delle postazioni di lavoro e delle sale riunioni, Witzig si affida agli ultimi concetti di ufficio. L'uso di tali \"BusinessPoints\" \u00e8 anche in linea con una tendenza crescente verso il coworking: secondo uno studio dell'Universit\u00e0 di Scienze Applicate della Svizzera nordoccidentale, un quarto degli occupati lavora gi\u00e0 su base mobile, e un altro 25 per cento potrebbe farlo anche dal punto di vista lavorativo.<\/p>\n<p><em>Ulteriori informazioni: <a href=\"http:\/\/www.witzig.ch\/businesspoint\" target=\"_blank\" data-cke-saved-href=\"http:\/\/www.witzig.ch\/businesspoint\" rel=\"noopener\">www.witzig.ch\/businesspoint<\/a><\/em><\/p>","protected":false},"excerpt":{"rendered":"<p>Der Coworking Space \u00abBusinessPoint\u00bb in Bern hat einen neuen Betreiber: Der B\u00fcrospezialist Witzig The Office Company hat die flexiblen Arbeitspl\u00e4tze f\u00fcr Gesch\u00e4ftsleute per 1. April von der SBB im Rahmen der Zusammenarbeit an der Work Smart Initiative \u00fcbernommen und wird sie schrittweise zu \u00abneuen Arbeitswelten\u00bb ausbauen. Denn Witzig The Office Company m\u00f6chte flexible Arbeitspl\u00e4tze f\u00fcr [&hellip;]<\/p>\n","protected":false},"author":1,"featured_media":254,"comment_status":"open","ping_status":"open","sticky":false,"template":"","format":"standard","meta":{"_acf_changed":false,"_yoast_wpseo_focuskw":"Witzig","_yoast_wpseo_metadesc":"Witzig The Office Company bietet im Hauptgeb\u00e4ude des Bahnhofs Bern neu \u00abOffice as a Service\u00bb an.","articlekey":"","footnotes":""},"categories":[26],"tags":[51,102,254,492],"class_list":["post-253","post","type-post","status-publish","format-standard","has-post-thumbnail","hentry","category-hrm","tag-arbeitsplatzgestaltung","tag-buero","tag-hrm","tag-unternehmen"],"acf":[],"yoast_head":"<!-- This site is optimized with the Yoast SEO plugin v27.4 - https:\/\/yoast.com\/product\/yoast-seo-wordpress\/ -->\n<title>Witzig \u00fcbernimmt den \u00abBusinessPoint\u00bb in Bern - Organisator<\/title>\n<meta name=\"description\" content=\"Witzig The Office Company bietet im Hauptgeb\u00e4ude des Bahnhofs Bern neu \u00abOffice as a Service\u00bb an.\" \/>\n<meta name=\"robots\" content=\"index, follow, max-snippet:-1, max-image-preview:large, max-video-preview:-1\" \/>\n<link rel=\"canonical\" href=\"https:\/\/www.organisator.ch\/it\/risorse-umane\/hrm\/2016-04-08\/witzig-uebernimmt-den-businesspoint-in-bern\/\" \/>\n<meta property=\"og:locale\" content=\"it_IT\" \/>\n<meta property=\"og:type\" content=\"article\" \/>\n<meta property=\"og:title\" content=\"Witzig \u00fcbernimmt den \u00abBusinessPoint\u00bb in Bern\" \/>\n<meta property=\"og:description\" content=\"Witzig The Office Company bietet im Hauptgeb\u00e4ude des Bahnhofs Bern neu \u00abOffice as a Service\u00bb an. Auf 550 Quadratmetern k\u00f6nnen Gesch\u00e4ftsleute kurzfristig Arbeitspl\u00e4tze und Sitzungszimmer mieten \u2013 und sind danach im Nu wieder auf dem Perron.\" \/>\n<meta property=\"og:url\" content=\"https:\/\/www.organisator.ch\/it\/risorse-umane\/hrm\/2016-04-08\/witzig-uebernimmt-den-businesspoint-in-bern\/\" \/>\n<meta property=\"og:site_name\" content=\"Organisator\" \/>\n<meta property=\"article:publisher\" content=\"https:\/\/www.facebook.com\/OrganisatorFachmagazin\" \/>\n<meta property=\"article:published_time\" content=\"2016-04-08T07:48:44+00:00\" \/>\n<meta name=\"author\" content=\"admin\" \/>\n<meta name=\"twitter:card\" content=\"summary_large_image\" \/>\n<meta name=\"twitter:image\" content=\"https:\/\/www.organisator.ch\/wp-content\/uploads\/2016\/12\/Witzig-uebernimmt-den-BusinessPoint-in-Bern-organisator.jpg\" \/>\n<script type=\"application\/ld+json\" class=\"yoast-schema-graph\">{\"@context\":\"https:\\\/\\\/schema.org\",\"@graph\":[{\"@type\":\"Article\",\"@id\":\"https:\\\/\\\/www.organisator.ch\\\/human-resources\\\/hrm\\\/2016-04-08\\\/witzig-uebernimmt-den-businesspoint-in-bern\\\/#article\",\"isPartOf\":{\"@id\":\"https:\\\/\\\/www.organisator.ch\\\/human-resources\\\/hrm\\\/2016-04-08\\\/witzig-uebernimmt-den-businesspoint-in-bern\\\/\"},\"author\":{\"name\":\"admin\",\"@id\":\"https:\\\/\\\/www.organisator.ch\\\/#\\\/schema\\\/person\\\/aa2bace6c5c5aad60102004a50c4eb1c\"},\"headline\":\"Witzig \u00fcbernimmt den \u00abBusinessPoint\u00bb in Bern\",\"datePublished\":\"2016-04-08T07:48:44+00:00\",\"mainEntityOfPage\":{\"@id\":\"https:\\\/\\\/www.organisator.ch\\\/human-resources\\\/hrm\\\/2016-04-08\\\/witzig-uebernimmt-den-businesspoint-in-bern\\\/\"},\"wordCount\":353,\"commentCount\":0,\"publisher\":{\"@id\":\"https:\\\/\\\/www.organisator.ch\\\/#organization\"},\"image\":{\"@id\":\"https:\\\/\\\/www.organisator.ch\\\/human-resources\\\/hrm\\\/2016-04-08\\\/witzig-uebernimmt-den-businesspoint-in-bern\\\/#primaryimage\"},\"thumbnailUrl\":\"https:\\\/\\\/www.organisator.ch\\\/wp-content\\\/uploads\\\/2016\\\/12\\\/Witzig-uebernimmt-den-BusinessPoint-in-Bern-organisator.jpg\",\"keywords\":[\"Arbeitsplatzgestaltung\",\"B\u00fcro\",\"HRM\",\"Unternehmen\"],\"articleSection\":[\"HRM\"],\"inLanguage\":\"it-IT\"},{\"@type\":\"WebPage\",\"@id\":\"https:\\\/\\\/www.organisator.ch\\\/human-resources\\\/hrm\\\/2016-04-08\\\/witzig-uebernimmt-den-businesspoint-in-bern\\\/\",\"url\":\"https:\\\/\\\/www.organisator.ch\\\/human-resources\\\/hrm\\\/2016-04-08\\\/witzig-uebernimmt-den-businesspoint-in-bern\\\/\",\"name\":\"Witzig \u00fcbernimmt den \u00abBusinessPoint\u00bb in Bern - Organisator\",\"isPartOf\":{\"@id\":\"https:\\\/\\\/www.organisator.ch\\\/#website\"},\"primaryImageOfPage\":{\"@id\":\"https:\\\/\\\/www.organisator.ch\\\/human-resources\\\/hrm\\\/2016-04-08\\\/witzig-uebernimmt-den-businesspoint-in-bern\\\/#primaryimage\"},\"image\":{\"@id\":\"https:\\\/\\\/www.organisator.ch\\\/human-resources\\\/hrm\\\/2016-04-08\\\/witzig-uebernimmt-den-businesspoint-in-bern\\\/#primaryimage\"},\"thumbnailUrl\":\"https:\\\/\\\/www.organisator.ch\\\/wp-content\\\/uploads\\\/2016\\\/12\\\/Witzig-uebernimmt-den-BusinessPoint-in-Bern-organisator.jpg\",\"datePublished\":\"2016-04-08T07:48:44+00:00\",\"description\":\"Witzig The Office Company bietet im Hauptgeb\u00e4ude des Bahnhofs Bern neu \u00abOffice as a Service\u00bb an.\",\"breadcrumb\":{\"@id\":\"https:\\\/\\\/www.organisator.ch\\\/human-resources\\\/hrm\\\/2016-04-08\\\/witzig-uebernimmt-den-businesspoint-in-bern\\\/#breadcrumb\"},\"inLanguage\":\"it-IT\",\"potentialAction\":[{\"@type\":\"ReadAction\",\"target\":[\"https:\\\/\\\/www.organisator.ch\\\/human-resources\\\/hrm\\\/2016-04-08\\\/witzig-uebernimmt-den-businesspoint-in-bern\\\/\"]}]},{\"@type\":\"ImageObject\",\"inLanguage\":\"it-IT\",\"@id\":\"https:\\\/\\\/www.organisator.ch\\\/human-resources\\\/hrm\\\/2016-04-08\\\/witzig-uebernimmt-den-businesspoint-in-bern\\\/#primaryimage\",\"url\":\"https:\\\/\\\/www.organisator.ch\\\/wp-content\\\/uploads\\\/2016\\\/12\\\/Witzig-uebernimmt-den-BusinessPoint-in-Bern-organisator.jpg\",\"contentUrl\":\"https:\\\/\\\/www.organisator.ch\\\/wp-content\\\/uploads\\\/2016\\\/12\\\/Witzig-uebernimmt-den-BusinessPoint-in-Bern-organisator.jpg\",\"width\":448,\"height\":299,\"caption\":\"Der BusinessPoint im Hauptbahnhof Bern wird neu von Witzig The Office Company betrieben.\"},{\"@type\":\"BreadcrumbList\",\"@id\":\"https:\\\/\\\/www.organisator.ch\\\/human-resources\\\/hrm\\\/2016-04-08\\\/witzig-uebernimmt-den-businesspoint-in-bern\\\/#breadcrumb\",\"itemListElement\":[{\"@type\":\"ListItem\",\"position\":1,\"name\":\"Home\",\"item\":\"https:\\\/\\\/www.organisator.ch\\\/\"},{\"@type\":\"ListItem\",\"position\":2,\"name\":\"Witzig \u00fcbernimmt den \u00abBusinessPoint\u00bb in Bern\"}]},{\"@type\":\"WebSite\",\"@id\":\"https:\\\/\\\/www.organisator.ch\\\/#website\",\"url\":\"https:\\\/\\\/www.organisator.ch\\\/\",\"name\":\"Organisator\",\"description\":\"Kompetent. Praxisnah. Der ORGANISATOR bereitet in 10 Ausgaben pro Jahr die wesentlichen Themen f\u00fcr F\u00fchrungskr\u00e4fte von KMU auf.\",\"publisher\":{\"@id\":\"https:\\\/\\\/www.organisator.ch\\\/#organization\"},\"potentialAction\":[{\"@type\":\"SearchAction\",\"target\":{\"@type\":\"EntryPoint\",\"urlTemplate\":\"https:\\\/\\\/www.organisator.ch\\\/?s={search_term_string}\"},\"query-input\":{\"@type\":\"PropertyValueSpecification\",\"valueRequired\":true,\"valueName\":\"search_term_string\"}}],\"inLanguage\":\"it-IT\"},{\"@type\":\"Organization\",\"@id\":\"https:\\\/\\\/www.organisator.ch\\\/#organization\",\"name\":\"Organisator\",\"url\":\"https:\\\/\\\/www.organisator.ch\\\/\",\"logo\":{\"@type\":\"ImageObject\",\"inLanguage\":\"it-IT\",\"@id\":\"https:\\\/\\\/www.organisator.ch\\\/#\\\/schema\\\/logo\\\/image\\\/\",\"url\":\"https:\\\/\\\/www.organisator.ch\\\/wp-content\\\/uploads\\\/2022\\\/01\\\/Logo_Organisator_Website.png\",\"contentUrl\":\"https:\\\/\\\/www.organisator.ch\\\/wp-content\\\/uploads\\\/2022\\\/01\\\/Logo_Organisator_Website.png\",\"width\":800,\"height\":77,\"caption\":\"Organisator\"},\"image\":{\"@id\":\"https:\\\/\\\/www.organisator.ch\\\/#\\\/schema\\\/logo\\\/image\\\/\"},\"sameAs\":[\"https:\\\/\\\/www.facebook.com\\\/OrganisatorFachmagazin\",\"https:\\\/\\\/www.linkedin.com\\\/showcase\\\/organisator-das-magazin-fr-kmu\",\"https:\\\/\\\/www.xing.com\\\/news\\\/pages\\\/organisator-ch-695\",\"https:\\\/\\\/www.youtube.com\\\/channel\\\/UCGP2Sq0iWaZwT3BdIAQFYpw\"]},{\"@type\":\"Person\",\"@id\":\"https:\\\/\\\/www.organisator.ch\\\/#\\\/schema\\\/person\\\/aa2bace6c5c5aad60102004a50c4eb1c\",\"name\":\"admin\",\"image\":{\"@type\":\"ImageObject\",\"inLanguage\":\"it-IT\",\"@id\":\"https:\\\/\\\/secure.gravatar.com\\\/avatar\\\/ae2f4d718e6c49043e314ce431e7e645d646302a24a5ef5a8bc8e3f5a032e319?s=96&d=mm&r=g\",\"url\":\"https:\\\/\\\/secure.gravatar.com\\\/avatar\\\/ae2f4d718e6c49043e314ce431e7e645d646302a24a5ef5a8bc8e3f5a032e319?s=96&d=mm&r=g\",\"contentUrl\":\"https:\\\/\\\/secure.gravatar.com\\\/avatar\\\/ae2f4d718e6c49043e314ce431e7e645d646302a24a5ef5a8bc8e3f5a032e319?s=96&d=mm&r=g\",\"caption\":\"admin\"},\"sameAs\":[\"https:\\\/\\\/www.organisator.ch\"],\"url\":\"https:\\\/\\\/www.organisator.ch\\\/it\\\/author\\\/admin\\\/\"}]}<\/script>\n<!-- \/ Yoast SEO plugin. -->","yoast_head_json":{"title":"Witzig rileva il \"BusinessPoint\" di Berna - Organizzatore","description":"Witzig The Office Company offre ora \"Office as a Service\" nell'edificio principale della stazione di Berna.","robots":{"index":"index","follow":"follow","max-snippet":"max-snippet:-1","max-image-preview":"max-image-preview:large","max-video-preview":"max-video-preview:-1"},"canonical":"https:\/\/www.organisator.ch\/it\/risorse-umane\/hrm\/2016-04-08\/witzig-uebernimmt-den-businesspoint-in-bern\/","og_locale":"it_IT","og_type":"article","og_title":"Witzig \u00fcbernimmt den \u00abBusinessPoint\u00bb in Bern","og_description":"Witzig The Office Company bietet im Hauptgeb\u00e4ude des Bahnhofs Bern neu \u00abOffice as a Service\u00bb an. Auf 550 Quadratmetern k\u00f6nnen Gesch\u00e4ftsleute kurzfristig Arbeitspl\u00e4tze und Sitzungszimmer mieten \u2013 und sind danach im Nu wieder auf dem Perron.","og_url":"https:\/\/www.organisator.ch\/it\/risorse-umane\/hrm\/2016-04-08\/witzig-uebernimmt-den-businesspoint-in-bern\/","og_site_name":"Organisator","article_publisher":"https:\/\/www.facebook.com\/OrganisatorFachmagazin","article_published_time":"2016-04-08T07:48:44+00:00","author":"admin","twitter_card":"summary_large_image","twitter_image":"https:\/\/www.organisator.ch\/wp-content\/uploads\/2016\/12\/Witzig-uebernimmt-den-BusinessPoint-in-Bern-organisator.jpg","schema":{"@context":"https:\/\/schema.org","@graph":[{"@type":"Article","@id":"https:\/\/www.organisator.ch\/human-resources\/hrm\/2016-04-08\/witzig-uebernimmt-den-businesspoint-in-bern\/#article","isPartOf":{"@id":"https:\/\/www.organisator.ch\/human-resources\/hrm\/2016-04-08\/witzig-uebernimmt-den-businesspoint-in-bern\/"},"author":{"name":"admin","@id":"https:\/\/www.organisator.ch\/#\/schema\/person\/aa2bace6c5c5aad60102004a50c4eb1c"},"headline":"Witzig \u00fcbernimmt den \u00abBusinessPoint\u00bb in Bern","datePublished":"2016-04-08T07:48:44+00:00","mainEntityOfPage":{"@id":"https:\/\/www.organisator.ch\/human-resources\/hrm\/2016-04-08\/witzig-uebernimmt-den-businesspoint-in-bern\/"},"wordCount":353,"commentCount":0,"publisher":{"@id":"https:\/\/www.organisator.ch\/#organization"},"image":{"@id":"https:\/\/www.organisator.ch\/human-resources\/hrm\/2016-04-08\/witzig-uebernimmt-den-businesspoint-in-bern\/#primaryimage"},"thumbnailUrl":"https:\/\/www.organisator.ch\/wp-content\/uploads\/2016\/12\/Witzig-uebernimmt-den-BusinessPoint-in-Bern-organisator.jpg","keywords":["Arbeitsplatzgestaltung","B\u00fcro","HRM","Unternehmen"],"articleSection":["HRM"],"inLanguage":"it-IT"},{"@type":"WebPage","@id":"https:\/\/www.organisator.ch\/human-resources\/hrm\/2016-04-08\/witzig-uebernimmt-den-businesspoint-in-bern\/","url":"https:\/\/www.organisator.ch\/human-resources\/hrm\/2016-04-08\/witzig-uebernimmt-den-businesspoint-in-bern\/","name":"Witzig rileva il \"BusinessPoint\" di Berna - Organizzatore","isPartOf":{"@id":"https:\/\/www.organisator.ch\/#website"},"primaryImageOfPage":{"@id":"https:\/\/www.organisator.ch\/human-resources\/hrm\/2016-04-08\/witzig-uebernimmt-den-businesspoint-in-bern\/#primaryimage"},"image":{"@id":"https:\/\/www.organisator.ch\/human-resources\/hrm\/2016-04-08\/witzig-uebernimmt-den-businesspoint-in-bern\/#primaryimage"},"thumbnailUrl":"https:\/\/www.organisator.ch\/wp-content\/uploads\/2016\/12\/Witzig-uebernimmt-den-BusinessPoint-in-Bern-organisator.jpg","datePublished":"2016-04-08T07:48:44+00:00","description":"Witzig The Office Company offre ora \"Office as a Service\" nell'edificio principale della stazione di Berna.","breadcrumb":{"@id":"https:\/\/www.organisator.ch\/human-resources\/hrm\/2016-04-08\/witzig-uebernimmt-den-businesspoint-in-bern\/#breadcrumb"},"inLanguage":"it-IT","potentialAction":[{"@type":"ReadAction","target":["https:\/\/www.organisator.ch\/human-resources\/hrm\/2016-04-08\/witzig-uebernimmt-den-businesspoint-in-bern\/"]}]},{"@type":"ImageObject","inLanguage":"it-IT","@id":"https:\/\/www.organisator.ch\/human-resources\/hrm\/2016-04-08\/witzig-uebernimmt-den-businesspoint-in-bern\/#primaryimage","url":"https:\/\/www.organisator.ch\/wp-content\/uploads\/2016\/12\/Witzig-uebernimmt-den-BusinessPoint-in-Bern-organisator.jpg","contentUrl":"https:\/\/www.organisator.ch\/wp-content\/uploads\/2016\/12\/Witzig-uebernimmt-den-BusinessPoint-in-Bern-organisator.jpg","width":448,"height":299,"caption":"Der BusinessPoint im Hauptbahnhof Bern wird neu von Witzig The Office Company betrieben."},{"@type":"BreadcrumbList","@id":"https:\/\/www.organisator.ch\/human-resources\/hrm\/2016-04-08\/witzig-uebernimmt-den-businesspoint-in-bern\/#breadcrumb","itemListElement":[{"@type":"ListItem","position":1,"name":"Home","item":"https:\/\/www.organisator.ch\/"},{"@type":"ListItem","position":2,"name":"Witzig \u00fcbernimmt den \u00abBusinessPoint\u00bb in Bern"}]},{"@type":"WebSite","@id":"https:\/\/www.organisator.ch\/#website","url":"https:\/\/www.organisator.ch\/","name":"Organizzatore","description":"Competente. Pratico. In 10 numeri all'anno, ORGANISATOR presenta i temi essenziali per i manager delle PMI.","publisher":{"@id":"https:\/\/www.organisator.ch\/#organization"},"potentialAction":[{"@type":"SearchAction","target":{"@type":"EntryPoint","urlTemplate":"https:\/\/www.organisator.ch\/?s={search_term_string}"},"query-input":{"@type":"PropertyValueSpecification","valueRequired":true,"valueName":"search_term_string"}}],"inLanguage":"it-IT"},{"@type":"Organization","@id":"https:\/\/www.organisator.ch\/#organization","name":"Organizzatore","url":"https:\/\/www.organisator.ch\/","logo":{"@type":"ImageObject","inLanguage":"it-IT","@id":"https:\/\/www.organisator.ch\/#\/schema\/logo\/image\/","url":"https:\/\/www.organisator.ch\/wp-content\/uploads\/2022\/01\/Logo_Organisator_Website.png","contentUrl":"https:\/\/www.organisator.ch\/wp-content\/uploads\/2022\/01\/Logo_Organisator_Website.png","width":800,"height":77,"caption":"Organisator"},"image":{"@id":"https:\/\/www.organisator.ch\/#\/schema\/logo\/image\/"},"sameAs":["https:\/\/www.facebook.com\/OrganisatorFachmagazin","https:\/\/www.linkedin.com\/showcase\/organisator-das-magazin-fr-kmu","https:\/\/www.xing.com\/news\/pages\/organisator-ch-695","https:\/\/www.youtube.com\/channel\/UCGP2Sq0iWaZwT3BdIAQFYpw"]},{"@type":"Person","@id":"https:\/\/www.organisator.ch\/#\/schema\/person\/aa2bace6c5c5aad60102004a50c4eb1c","name":"amministratore","image":{"@type":"ImageObject","inLanguage":"it-IT","@id":"https:\/\/secure.gravatar.com\/avatar\/ae2f4d718e6c49043e314ce431e7e645d646302a24a5ef5a8bc8e3f5a032e319?s=96&d=mm&r=g","url":"https:\/\/secure.gravatar.com\/avatar\/ae2f4d718e6c49043e314ce431e7e645d646302a24a5ef5a8bc8e3f5a032e319?s=96&d=mm&r=g","contentUrl":"https:\/\/secure.gravatar.com\/avatar\/ae2f4d718e6c49043e314ce431e7e645d646302a24a5ef5a8bc8e3f5a032e319?s=96&d=mm&r=g","caption":"admin"},"sameAs":["https:\/\/www.organisator.ch"],"url":"https:\/\/www.organisator.ch\/it\/author\/admin\/"}]}},"_links":{"self":[{"href":"https:\/\/www.organisator.ch\/it\/wp-json\/wp\/v2\/posts\/253","targetHints":{"allow":["GET"]}}],"collection":[{"href":"https:\/\/www.organisator.ch\/it\/wp-json\/wp\/v2\/posts"}],"about":[{"href":"https:\/\/www.organisator.ch\/it\/wp-json\/wp\/v2\/types\/post"}],"author":[{"embeddable":true,"href":"https:\/\/www.organisator.ch\/it\/wp-json\/wp\/v2\/users\/1"}],"replies":[{"embeddable":true,"href":"https:\/\/www.organisator.ch\/it\/wp-json\/wp\/v2\/comments?post=253"}],"version-history":[{"count":0,"href":"https:\/\/www.organisator.ch\/it\/wp-json\/wp\/v2\/posts\/253\/revisions"}],"wp:featuredmedia":[{"embeddable":true,"href":"https:\/\/www.organisator.ch\/it\/wp-json\/wp\/v2\/media\/254"}],"wp:attachment":[{"href":"https:\/\/www.organisator.ch\/it\/wp-json\/wp\/v2\/media?parent=253"}],"wp:term":[{"taxonomy":"category","embeddable":true,"href":"https:\/\/www.organisator.ch\/it\/wp-json\/wp\/v2\/categories?post=253"},{"taxonomy":"post_tag","embeddable":true,"href":"https:\/\/www.organisator.ch\/it\/wp-json\/wp\/v2\/tags?post=253"}],"curies":[{"name":"wp","href":"https:\/\/api.w.org\/{rel}","templated":true}]}}