{"id":25313,"date":"2024-02-22T13:51:49","date_gmt":"2024-02-22T12:51:49","guid":{"rendered":"https:\/\/www.werbewoche.ch\/?p=211008"},"modified":"2024-11-11T16:21:46","modified_gmt":"2024-11-11T15:21:46","slug":"region-zuerich-meldet-neuen-gaesterekord-doch-chinesische-gaeste-bleiben-fern","status":"publish","type":"post","link":"https:\/\/www.organisator.ch\/it\/marketing\/2024-02-22\/region-zuerich-meldet-neuen-gaesterekord-doch-chinesische-gaeste-bleiben-fern\/","title":{"rendered":"La regione di Zurigo registra un nuovo record di ospiti, ma i cinesi se ne stanno alla larga"},"content":{"rendered":"<figure id=\"attachment_211009\" class=\"wp-caption aligncenter\" style=\"width: 1024px\" aria-describedby=\"caption-attachment-211009\"><img class=\"aligncenter wp-image-211009 size-full\" src=\"https:\/\/www.werbewoche.ch\/wp-content\/uploads\/2024\/02\/Zuerich-Tourismus-Gaesterekord.jpg\" alt=\"Turismo Zurigo 2024\" width=\"1024\" height=\"768\" \/>\r\n<figcaption id=\"caption-attachment-211009\" class=\"wp-caption-text\">L'anno scorso, la regione di Zurigo ha registrato il 20% di viaggiatori in pi\u00f9 rispetto all'anno precedente. Tuttavia, la maggior parte dei viaggiatori cinesi non \u00e8 ancora tornata. (Immagine simbolica: Keystone\/Steffen Schmidt)<\/figcaption>\r\n<\/figure>\r\n<p>\"Non ci aspettavamo una ripresa cos\u00ec forte\", ha dichiarato gioved\u00ec ai media Thomas W\u00fcthrich, direttore di Zurigo Turismo. \"Siamo sorpresi noi stessi\".<\/p>\r\n<p>La maggior parte dei turisti che pernottano nella regione proviene attualmente dalla Svizzera. Invece di Londra o Parigi, molti svizzeri si recano sulla Limmat per una vacanza in citt\u00e0. Agli ospiti svizzeri seguono quelli provenienti dal Nord America, dalla Germania, dal Regno Unito e dal Sud-Est asiatico. Zurigo \u00e8 poi spesso il punto di partenza per viaggi in altre regioni.<\/p>\r\n<h3>Brit:innen venire a prendere il treno<\/h3>\r\n<p>Gli americani, in particolare, hanno molto da recuperare, ha proseguito W\u00fcthrich. Gli inglesi, invece, amano molto viaggiare in treno. Questo \u00e8 stato probabilmente favorito dal <a href=\"https:\/\/www.werbewoche.ch\/de\/werbung\/kampagnen\/2023-03-30\/schweiz-tourismus-wirbt-mit-roger-federer-und-trevor-noah\/\" rel=\"noopener\">Campagna pubblicitaria con Roger Federer e Trevor Noah<\/a>che ha promosso il \"Grand Train Tour of Switzerland\" nel 2023, una combinazione di tutti i pi\u00f9 noti itinerari panoramici. Questo viaggio passa anche per Zurigo, dove i viaggiatori in treno spesso pernottano.<\/p>\r\n<p>Chi sta alla larga, invece, sono gli ospiti cinesi: dopo la pandemia di coronavirus, non ci sono quasi pi\u00f9 gruppi che scattano foto nel centro di Zurigo.<\/p>\r\n<h3>Quasi nessun tour di gruppo in Cina<\/h3>\r\n<p>I primi segnali indicano che i cinesi stanno tornando a Zurigo, ma pi\u00f9 come turisti individuali che in gruppo. Zurigo Turismo sta effettivamente facendo pubblicit\u00e0 al mercato cinese, ma secondo W\u00fcthrich \"con il freno a mano tirato\".<\/p>\r\n<p>Chi non torna \u00e8 il tradizionale viaggiatore d'affari che si ferma una o due notti nella regione di Zurigo. Questo segmento \u00e8 andato definitivamente perso a causa degli incontri online che sono diventati comuni. \"I viaggi d'affari si fanno ormai solo per i congressi, quando si possono incontrare molte persone in poco tempo\".<\/p>\r\n<h3>Le cifre sono destinate a ristagnare<\/h3>\r\n<p>Per quanto riguarda l'anno in corso, Zurigo Turismo prevede una stagnazione dei pernottamenti. \"\u00c8 improbabile che l'andamento dell'anno scorso si ripeta nel 2024\", ha dichiarato W\u00fcthrich.<\/p>\r\n<p>Anche se la Svizzera \u00e8 ancora conosciuta all'estero soprattutto per le sue montagne, i pernottamenti nelle citt\u00e0 rappresentano ormai un terzo di tutti i pernottamenti. Il maggior numero di pernottamenti si registra a Zurigo, seguita da Ginevra, Basilea e Lucerna. <em>(SDA)<\/em><\/p>","protected":false},"excerpt":{"rendered":"<p>I turisti sono tornati: la regione di Zurigo ha registrato quasi sette milioni di pernottamenti lo scorso anno, circa il 20% in pi\u00f9 rispetto all'anno precedente. Ci\u00f2 significa che il 2023 ha addirittura superato il precedente anno record del 2019.<\/p>","protected":false},"author":8,"featured_media":0,"comment_status":"closed","ping_status":"closed","sticky":false,"template":"","format":"standard","meta":{"_acf_changed":false,"_yoast_wpseo_focuskw":"Tourismus Z\u00fcrich 2024","_yoast_wpseo_metadesc":"Z\u00fcrich verzeichnet 2023 einen Anstieg von 20% bei Reisenden. Chinesische G\u00e4ste fehlen weiterhin.","articlekey":"","footnotes":""},"categories":[29],"tags":[339,2317,542],"class_list":["post-25313","post","type-post","status-publish","format-standard","hentry","category-marketing","tag-marketing","tag-tourismus","tag-zuerich"],"acf":[],"yoast_head":"<!-- This site is optimized with the Yoast SEO plugin v27.4 - https:\/\/yoast.com\/product\/yoast-seo-wordpress\/ -->\n<title>Region Z\u00fcrich meldet neuen G\u00e4sterekord \u2013 doch chinesische G\u00e4ste bleiben fern - Organisator<\/title>\n<meta name=\"description\" content=\"Z\u00fcrich verzeichnet 2023 einen Anstieg von 20% bei Reisenden. Chinesische G\u00e4ste fehlen weiterhin.\" \/>\n<meta name=\"robots\" content=\"index, follow, max-snippet:-1, max-image-preview:large, max-video-preview:-1\" \/>\n<link rel=\"canonical\" href=\"https:\/\/www.organisator.ch\/it\/marketing\/2024-02-22\/region-zuerich-meldet-neuen-gaesterekord-doch-chinesische-gaeste-bleiben-fern\/\" \/>\n<meta property=\"og:locale\" content=\"it_IT\" \/>\n<meta property=\"og:type\" content=\"article\" \/>\n<meta property=\"og:title\" content=\"Region Z\u00fcrich meldet neuen G\u00e4sterekord \u2013 doch chinesische G\u00e4ste bleiben fern - Organisator\" \/>\n<meta property=\"og:description\" content=\"Z\u00fcrich verzeichnet 2023 einen Anstieg von 20% bei Reisenden. Chinesische G\u00e4ste fehlen weiterhin.\" \/>\n<meta property=\"og:url\" content=\"https:\/\/www.organisator.ch\/it\/marketing\/2024-02-22\/region-zuerich-meldet-neuen-gaesterekord-doch-chinesische-gaeste-bleiben-fern\/\" \/>\n<meta property=\"og:site_name\" content=\"Organisator\" \/>\n<meta property=\"article:publisher\" content=\"https:\/\/www.facebook.com\/OrganisatorFachmagazin\" \/>\n<meta property=\"article:published_time\" content=\"2024-02-22T12:51:49+00:00\" \/>\n<meta property=\"article:modified_time\" content=\"2024-11-11T15:21:46+00:00\" \/>\n<meta property=\"og:image\" content=\"https:\/\/www.werbewoche.ch\/wp-content\/uploads\/2024\/02\/Zuerich-Tourismus-Gaesterekord.jpg\" \/>\n<meta name=\"author\" content=\"galledia\" \/>\n<meta name=\"twitter:card\" content=\"summary_large_image\" \/>\n<meta name=\"twitter:creator\" content=\"@admin\" \/>\n<script type=\"application\/ld+json\" class=\"yoast-schema-graph\">{\"@context\":\"https:\\\/\\\/schema.org\",\"@graph\":[{\"@type\":\"Article\",\"@id\":\"https:\\\/\\\/www.organisator.ch\\\/marketing\\\/2024-02-22\\\/region-zuerich-meldet-neuen-gaesterekord-doch-chinesische-gaeste-bleiben-fern\\\/#article\",\"isPartOf\":{\"@id\":\"https:\\\/\\\/www.organisator.ch\\\/marketing\\\/2024-02-22\\\/region-zuerich-meldet-neuen-gaesterekord-doch-chinesische-gaeste-bleiben-fern\\\/\"},\"author\":{\"name\":\"galledia\",\"@id\":\"https:\\\/\\\/www.organisator.ch\\\/#\\\/schema\\\/person\\\/4e51799071cd2dd1232ac003643ef5f0\"},\"headline\":\"Region Z\u00fcrich meldet neuen G\u00e4sterekord \u2013 doch chinesische G\u00e4ste bleiben fern\",\"datePublished\":\"2024-02-22T12:51:49+00:00\",\"dateModified\":\"2024-11-11T15:21:46+00:00\",\"mainEntityOfPage\":{\"@id\":\"https:\\\/\\\/www.organisator.ch\\\/marketing\\\/2024-02-22\\\/region-zuerich-meldet-neuen-gaesterekord-doch-chinesische-gaeste-bleiben-fern\\\/\"},\"wordCount\":383,\"publisher\":{\"@id\":\"https:\\\/\\\/www.organisator.ch\\\/#organization\"},\"image\":{\"@id\":\"https:\\\/\\\/www.organisator.ch\\\/marketing\\\/2024-02-22\\\/region-zuerich-meldet-neuen-gaesterekord-doch-chinesische-gaeste-bleiben-fern\\\/#primaryimage\"},\"thumbnailUrl\":\"https:\\\/\\\/www.werbewoche.ch\\\/wp-content\\\/uploads\\\/2024\\\/02\\\/Zuerich-Tourismus-Gaesterekord.jpg\",\"keywords\":[\"Marketing\",\"Tourismus\",\"Z\u00fcrich\"],\"articleSection\":[\"MARKETING\"],\"inLanguage\":\"it-IT\"},{\"@type\":\"WebPage\",\"@id\":\"https:\\\/\\\/www.organisator.ch\\\/marketing\\\/2024-02-22\\\/region-zuerich-meldet-neuen-gaesterekord-doch-chinesische-gaeste-bleiben-fern\\\/\",\"url\":\"https:\\\/\\\/www.organisator.ch\\\/marketing\\\/2024-02-22\\\/region-zuerich-meldet-neuen-gaesterekord-doch-chinesische-gaeste-bleiben-fern\\\/\",\"name\":\"Region Z\u00fcrich meldet neuen G\u00e4sterekord \u2013 doch chinesische G\u00e4ste bleiben fern - Organisator\",\"isPartOf\":{\"@id\":\"https:\\\/\\\/www.organisator.ch\\\/#website\"},\"primaryImageOfPage\":{\"@id\":\"https:\\\/\\\/www.organisator.ch\\\/marketing\\\/2024-02-22\\\/region-zuerich-meldet-neuen-gaesterekord-doch-chinesische-gaeste-bleiben-fern\\\/#primaryimage\"},\"image\":{\"@id\":\"https:\\\/\\\/www.organisator.ch\\\/marketing\\\/2024-02-22\\\/region-zuerich-meldet-neuen-gaesterekord-doch-chinesische-gaeste-bleiben-fern\\\/#primaryimage\"},\"thumbnailUrl\":\"https:\\\/\\\/www.werbewoche.ch\\\/wp-content\\\/uploads\\\/2024\\\/02\\\/Zuerich-Tourismus-Gaesterekord.jpg\",\"datePublished\":\"2024-02-22T12:51:49+00:00\",\"dateModified\":\"2024-11-11T15:21:46+00:00\",\"description\":\"Z\u00fcrich verzeichnet 2023 einen Anstieg von 20% bei Reisenden. Chinesische G\u00e4ste fehlen weiterhin.\",\"breadcrumb\":{\"@id\":\"https:\\\/\\\/www.organisator.ch\\\/marketing\\\/2024-02-22\\\/region-zuerich-meldet-neuen-gaesterekord-doch-chinesische-gaeste-bleiben-fern\\\/#breadcrumb\"},\"inLanguage\":\"it-IT\",\"potentialAction\":[{\"@type\":\"ReadAction\",\"target\":[\"https:\\\/\\\/www.organisator.ch\\\/marketing\\\/2024-02-22\\\/region-zuerich-meldet-neuen-gaesterekord-doch-chinesische-gaeste-bleiben-fern\\\/\"]}]},{\"@type\":\"ImageObject\",\"inLanguage\":\"it-IT\",\"@id\":\"https:\\\/\\\/www.organisator.ch\\\/marketing\\\/2024-02-22\\\/region-zuerich-meldet-neuen-gaesterekord-doch-chinesische-gaeste-bleiben-fern\\\/#primaryimage\",\"url\":\"https:\\\/\\\/www.werbewoche.ch\\\/wp-content\\\/uploads\\\/2024\\\/02\\\/Zuerich-Tourismus-Gaesterekord.jpg\",\"contentUrl\":\"https:\\\/\\\/www.werbewoche.ch\\\/wp-content\\\/uploads\\\/2024\\\/02\\\/Zuerich-Tourismus-Gaesterekord.jpg\"},{\"@type\":\"BreadcrumbList\",\"@id\":\"https:\\\/\\\/www.organisator.ch\\\/marketing\\\/2024-02-22\\\/region-zuerich-meldet-neuen-gaesterekord-doch-chinesische-gaeste-bleiben-fern\\\/#breadcrumb\",\"itemListElement\":[{\"@type\":\"ListItem\",\"position\":1,\"name\":\"Home\",\"item\":\"https:\\\/\\\/www.organisator.ch\\\/\"},{\"@type\":\"ListItem\",\"position\":2,\"name\":\"Region Z\u00fcrich meldet neuen G\u00e4sterekord \u2013 doch chinesische G\u00e4ste bleiben fern\"}]},{\"@type\":\"WebSite\",\"@id\":\"https:\\\/\\\/www.organisator.ch\\\/#website\",\"url\":\"https:\\\/\\\/www.organisator.ch\\\/\",\"name\":\"Organisator\",\"description\":\"Kompetent. Praxisnah. Der ORGANISATOR bereitet in 10 Ausgaben pro Jahr die wesentlichen Themen f\u00fcr F\u00fchrungskr\u00e4fte von KMU auf.\",\"publisher\":{\"@id\":\"https:\\\/\\\/www.organisator.ch\\\/#organization\"},\"potentialAction\":[{\"@type\":\"SearchAction\",\"target\":{\"@type\":\"EntryPoint\",\"urlTemplate\":\"https:\\\/\\\/www.organisator.ch\\\/?s={search_term_string}\"},\"query-input\":{\"@type\":\"PropertyValueSpecification\",\"valueRequired\":true,\"valueName\":\"search_term_string\"}}],\"inLanguage\":\"it-IT\"},{\"@type\":\"Organization\",\"@id\":\"https:\\\/\\\/www.organisator.ch\\\/#organization\",\"name\":\"Organisator\",\"url\":\"https:\\\/\\\/www.organisator.ch\\\/\",\"logo\":{\"@type\":\"ImageObject\",\"inLanguage\":\"it-IT\",\"@id\":\"https:\\\/\\\/www.organisator.ch\\\/#\\\/schema\\\/logo\\\/image\\\/\",\"url\":\"https:\\\/\\\/www.organisator.ch\\\/wp-content\\\/uploads\\\/2022\\\/01\\\/Logo_Organisator_Website.png\",\"contentUrl\":\"https:\\\/\\\/www.organisator.ch\\\/wp-content\\\/uploads\\\/2022\\\/01\\\/Logo_Organisator_Website.png\",\"width\":800,\"height\":77,\"caption\":\"Organisator\"},\"image\":{\"@id\":\"https:\\\/\\\/www.organisator.ch\\\/#\\\/schema\\\/logo\\\/image\\\/\"},\"sameAs\":[\"https:\\\/\\\/www.facebook.com\\\/OrganisatorFachmagazin\",\"https:\\\/\\\/www.linkedin.com\\\/showcase\\\/organisator-das-magazin-fr-kmu\",\"https:\\\/\\\/www.xing.com\\\/news\\\/pages\\\/organisator-ch-695\",\"https:\\\/\\\/www.youtube.com\\\/channel\\\/UCGP2Sq0iWaZwT3BdIAQFYpw\"]},{\"@type\":\"Person\",\"@id\":\"https:\\\/\\\/www.organisator.ch\\\/#\\\/schema\\\/person\\\/4e51799071cd2dd1232ac003643ef5f0\",\"name\":\"galledia\",\"image\":{\"@type\":\"ImageObject\",\"inLanguage\":\"it-IT\",\"@id\":\"https:\\\/\\\/secure.gravatar.com\\\/avatar\\\/78a7f90c01fc2bfc875782a0d4922b37cde2cf184ce347b91316d23cd7f69a36?s=96&d=mm&r=g\",\"url\":\"https:\\\/\\\/secure.gravatar.com\\\/avatar\\\/78a7f90c01fc2bfc875782a0d4922b37cde2cf184ce347b91316d23cd7f69a36?s=96&d=mm&r=g\",\"contentUrl\":\"https:\\\/\\\/secure.gravatar.com\\\/avatar\\\/78a7f90c01fc2bfc875782a0d4922b37cde2cf184ce347b91316d23cd7f69a36?s=96&d=mm&r=g\",\"caption\":\"galledia\"},\"sameAs\":[\"https:\\\/\\\/x.com\\\/admin\"],\"url\":\"https:\\\/\\\/www.organisator.ch\\\/it\\\/author\\\/galledia\\\/\"}]}<\/script>\n<!-- \/ Yoast SEO plugin. -->","yoast_head_json":{"title":"La regione di Zurigo registra un nuovo record di ospiti, ma i cinesi restano lontani - Organizzatore","description":"Zurigo registra un aumento di 20% di viaggiatori nel 2023. Mancano ancora gli ospiti cinesi.","robots":{"index":"index","follow":"follow","max-snippet":"max-snippet:-1","max-image-preview":"max-image-preview:large","max-video-preview":"max-video-preview:-1"},"canonical":"https:\/\/www.organisator.ch\/it\/marketing\/2024-02-22\/region-zuerich-meldet-neuen-gaesterekord-doch-chinesische-gaeste-bleiben-fern\/","og_locale":"it_IT","og_type":"article","og_title":"Region Z\u00fcrich meldet neuen G\u00e4sterekord \u2013 doch chinesische G\u00e4ste bleiben fern - Organisator","og_description":"Z\u00fcrich verzeichnet 2023 einen Anstieg von 20% bei Reisenden. Chinesische G\u00e4ste fehlen weiterhin.","og_url":"https:\/\/www.organisator.ch\/it\/marketing\/2024-02-22\/region-zuerich-meldet-neuen-gaesterekord-doch-chinesische-gaeste-bleiben-fern\/","og_site_name":"Organisator","article_publisher":"https:\/\/www.facebook.com\/OrganisatorFachmagazin","article_published_time":"2024-02-22T12:51:49+00:00","article_modified_time":"2024-11-11T15:21:46+00:00","og_image":[{"url":"https:\/\/www.werbewoche.ch\/wp-content\/uploads\/2024\/02\/Zuerich-Tourismus-Gaesterekord.jpg","type":"","width":"","height":""}],"author":"galledia","twitter_card":"summary_large_image","twitter_creator":"@admin","schema":{"@context":"https:\/\/schema.org","@graph":[{"@type":"Article","@id":"https:\/\/www.organisator.ch\/marketing\/2024-02-22\/region-zuerich-meldet-neuen-gaesterekord-doch-chinesische-gaeste-bleiben-fern\/#article","isPartOf":{"@id":"https:\/\/www.organisator.ch\/marketing\/2024-02-22\/region-zuerich-meldet-neuen-gaesterekord-doch-chinesische-gaeste-bleiben-fern\/"},"author":{"name":"galledia","@id":"https:\/\/www.organisator.ch\/#\/schema\/person\/4e51799071cd2dd1232ac003643ef5f0"},"headline":"Region Z\u00fcrich meldet neuen G\u00e4sterekord \u2013 doch chinesische G\u00e4ste bleiben fern","datePublished":"2024-02-22T12:51:49+00:00","dateModified":"2024-11-11T15:21:46+00:00","mainEntityOfPage":{"@id":"https:\/\/www.organisator.ch\/marketing\/2024-02-22\/region-zuerich-meldet-neuen-gaesterekord-doch-chinesische-gaeste-bleiben-fern\/"},"wordCount":383,"publisher":{"@id":"https:\/\/www.organisator.ch\/#organization"},"image":{"@id":"https:\/\/www.organisator.ch\/marketing\/2024-02-22\/region-zuerich-meldet-neuen-gaesterekord-doch-chinesische-gaeste-bleiben-fern\/#primaryimage"},"thumbnailUrl":"https:\/\/www.werbewoche.ch\/wp-content\/uploads\/2024\/02\/Zuerich-Tourismus-Gaesterekord.jpg","keywords":["Marketing","Tourismus","Z\u00fcrich"],"articleSection":["MARKETING"],"inLanguage":"it-IT"},{"@type":"WebPage","@id":"https:\/\/www.organisator.ch\/marketing\/2024-02-22\/region-zuerich-meldet-neuen-gaesterekord-doch-chinesische-gaeste-bleiben-fern\/","url":"https:\/\/www.organisator.ch\/marketing\/2024-02-22\/region-zuerich-meldet-neuen-gaesterekord-doch-chinesische-gaeste-bleiben-fern\/","name":"La regione di Zurigo registra un nuovo record di ospiti, ma i cinesi restano lontani - Organizzatore","isPartOf":{"@id":"https:\/\/www.organisator.ch\/#website"},"primaryImageOfPage":{"@id":"https:\/\/www.organisator.ch\/marketing\/2024-02-22\/region-zuerich-meldet-neuen-gaesterekord-doch-chinesische-gaeste-bleiben-fern\/#primaryimage"},"image":{"@id":"https:\/\/www.organisator.ch\/marketing\/2024-02-22\/region-zuerich-meldet-neuen-gaesterekord-doch-chinesische-gaeste-bleiben-fern\/#primaryimage"},"thumbnailUrl":"https:\/\/www.werbewoche.ch\/wp-content\/uploads\/2024\/02\/Zuerich-Tourismus-Gaesterekord.jpg","datePublished":"2024-02-22T12:51:49+00:00","dateModified":"2024-11-11T15:21:46+00:00","description":"Zurigo registra un aumento di 20% di viaggiatori nel 2023. Mancano ancora gli ospiti cinesi.","breadcrumb":{"@id":"https:\/\/www.organisator.ch\/marketing\/2024-02-22\/region-zuerich-meldet-neuen-gaesterekord-doch-chinesische-gaeste-bleiben-fern\/#breadcrumb"},"inLanguage":"it-IT","potentialAction":[{"@type":"ReadAction","target":["https:\/\/www.organisator.ch\/marketing\/2024-02-22\/region-zuerich-meldet-neuen-gaesterekord-doch-chinesische-gaeste-bleiben-fern\/"]}]},{"@type":"ImageObject","inLanguage":"it-IT","@id":"https:\/\/www.organisator.ch\/marketing\/2024-02-22\/region-zuerich-meldet-neuen-gaesterekord-doch-chinesische-gaeste-bleiben-fern\/#primaryimage","url":"https:\/\/www.werbewoche.ch\/wp-content\/uploads\/2024\/02\/Zuerich-Tourismus-Gaesterekord.jpg","contentUrl":"https:\/\/www.werbewoche.ch\/wp-content\/uploads\/2024\/02\/Zuerich-Tourismus-Gaesterekord.jpg"},{"@type":"BreadcrumbList","@id":"https:\/\/www.organisator.ch\/marketing\/2024-02-22\/region-zuerich-meldet-neuen-gaesterekord-doch-chinesische-gaeste-bleiben-fern\/#breadcrumb","itemListElement":[{"@type":"ListItem","position":1,"name":"Home","item":"https:\/\/www.organisator.ch\/"},{"@type":"ListItem","position":2,"name":"Region Z\u00fcrich meldet neuen G\u00e4sterekord \u2013 doch chinesische G\u00e4ste bleiben fern"}]},{"@type":"WebSite","@id":"https:\/\/www.organisator.ch\/#website","url":"https:\/\/www.organisator.ch\/","name":"Organizzatore","description":"Competente. Pratico. In 10 numeri all'anno, ORGANISATOR presenta i temi essenziali per i manager delle PMI.","publisher":{"@id":"https:\/\/www.organisator.ch\/#organization"},"potentialAction":[{"@type":"SearchAction","target":{"@type":"EntryPoint","urlTemplate":"https:\/\/www.organisator.ch\/?s={search_term_string}"},"query-input":{"@type":"PropertyValueSpecification","valueRequired":true,"valueName":"search_term_string"}}],"inLanguage":"it-IT"},{"@type":"Organization","@id":"https:\/\/www.organisator.ch\/#organization","name":"Organizzatore","url":"https:\/\/www.organisator.ch\/","logo":{"@type":"ImageObject","inLanguage":"it-IT","@id":"https:\/\/www.organisator.ch\/#\/schema\/logo\/image\/","url":"https:\/\/www.organisator.ch\/wp-content\/uploads\/2022\/01\/Logo_Organisator_Website.png","contentUrl":"https:\/\/www.organisator.ch\/wp-content\/uploads\/2022\/01\/Logo_Organisator_Website.png","width":800,"height":77,"caption":"Organisator"},"image":{"@id":"https:\/\/www.organisator.ch\/#\/schema\/logo\/image\/"},"sameAs":["https:\/\/www.facebook.com\/OrganisatorFachmagazin","https:\/\/www.linkedin.com\/showcase\/organisator-das-magazin-fr-kmu","https:\/\/www.xing.com\/news\/pages\/organisator-ch-695","https:\/\/www.youtube.com\/channel\/UCGP2Sq0iWaZwT3BdIAQFYpw"]},{"@type":"Person","@id":"https:\/\/www.organisator.ch\/#\/schema\/person\/4e51799071cd2dd1232ac003643ef5f0","name":"galledia","image":{"@type":"ImageObject","inLanguage":"it-IT","@id":"https:\/\/secure.gravatar.com\/avatar\/78a7f90c01fc2bfc875782a0d4922b37cde2cf184ce347b91316d23cd7f69a36?s=96&d=mm&r=g","url":"https:\/\/secure.gravatar.com\/avatar\/78a7f90c01fc2bfc875782a0d4922b37cde2cf184ce347b91316d23cd7f69a36?s=96&d=mm&r=g","contentUrl":"https:\/\/secure.gravatar.com\/avatar\/78a7f90c01fc2bfc875782a0d4922b37cde2cf184ce347b91316d23cd7f69a36?s=96&d=mm&r=g","caption":"galledia"},"sameAs":["https:\/\/x.com\/admin"],"url":"https:\/\/www.organisator.ch\/it\/author\/galledia\/"}]}},"_links":{"self":[{"href":"https:\/\/www.organisator.ch\/it\/wp-json\/wp\/v2\/posts\/25313","targetHints":{"allow":["GET"]}}],"collection":[{"href":"https:\/\/www.organisator.ch\/it\/wp-json\/wp\/v2\/posts"}],"about":[{"href":"https:\/\/www.organisator.ch\/it\/wp-json\/wp\/v2\/types\/post"}],"author":[{"embeddable":true,"href":"https:\/\/www.organisator.ch\/it\/wp-json\/wp\/v2\/users\/8"}],"replies":[{"embeddable":true,"href":"https:\/\/www.organisator.ch\/it\/wp-json\/wp\/v2\/comments?post=25313"}],"version-history":[{"count":4,"href":"https:\/\/www.organisator.ch\/it\/wp-json\/wp\/v2\/posts\/25313\/revisions"}],"predecessor-version":[{"id":32468,"href":"https:\/\/www.organisator.ch\/it\/wp-json\/wp\/v2\/posts\/25313\/revisions\/32468"}],"wp:attachment":[{"href":"https:\/\/www.organisator.ch\/it\/wp-json\/wp\/v2\/media?parent=25313"}],"wp:term":[{"taxonomy":"category","embeddable":true,"href":"https:\/\/www.organisator.ch\/it\/wp-json\/wp\/v2\/categories?post=25313"},{"taxonomy":"post_tag","embeddable":true,"href":"https:\/\/www.organisator.ch\/it\/wp-json\/wp\/v2\/tags?post=25313"}],"curies":[{"name":"wp","href":"https:\/\/api.w.org\/{rel}","templated":true}]}}