{"id":2533,"date":"2019-10-17T12:38:30","date_gmt":"2019-10-17T10:38:30","guid":{"rendered":"https:\/\/www.umweltperspektiven.ch\/?p=2533"},"modified":"2022-02-09T11:10:03","modified_gmt":"2022-02-09T10:10:03","slug":"150000-franken-an-pre-seed-finanzierungen-ermoeglicht","status":"publish","type":"post","link":"https:\/\/www.organisator.ch\/it\/sustainability\/2019-10-17\/150000-franken-an-pre-seed-finanzierungen-ermoeglicht\/","title":{"rendered":"150.000 franchi svizzeri di finanziamento pre-seed reso possibile"},"content":{"rendered":"<figure id=\"attachment_2534\" aria-describedby=\"caption-attachment-2534\" style=\"width: 427px\" class=\"wp-caption alignnone\"><img loading=\"lazy\" decoding=\"async\" class=\"size-full wp-image-2534\" src=\"\/\/www.umweltperspektiven.ch\/wp-content\/uploads\/2019\/10\/Venture-Kick-vergibt-erneut-150\u2019000-Franken-an-Pre-Seed-Finanzierungen_UP-Umwelt-Perspektiven.jpg\" alt=\"\" width=\"427\" height=\"284\" \/><figcaption id=\"caption-attachment-2534\" class=\"wp-caption-text\">Etienne Jeoffroy (FenX AG) e Claudia Hoessbacher (Polariton Technologies AG) sono soddisfatti della sovvenzione di Venture Kick. (Immagine: Venture Kick)<\/figcaption><\/figure>\n<p>Le start-up hanno bisogno di un'infrastruttura adeguata e affidabile per la loro fondazione, crescita e internazionalizzazione.\u00a0<em>finanziamento, un cosiddetto \"pre-seed\". Le due start-up zurighesi FenX AG e Polariton Technologies AG stanno sviluppando i risultati della ricerca del Politecnico di Zurigo e hanno recentemente ricevuto un finanziamento pre-seed di 150.000 franchi.<\/em><\/p>\n<p>I modulatori in fibra ottica e l'isolamento degli edifici, pur essendo mercati multimiliardari, sono problemi \"nascosti\" fino a quando incendi devastanti di edifici o la frustrazione della lentezza delle comunicazioni non portano queste infrastrutture vitali all'attenzione del pubblico.<\/p>\n<h2>FenX AG: isolamento completamente riciclabile che massimizza la protezione antincendio e minimizza la CO2<\/h2>\n<p>L'industria edilizia moderna affronta la sfida di ridurre il suo consumo energetico e l'impronta di carbonio: gli edifici residenziali e commerciali rappresentano circa il 40% del consumo energetico mondiale e il 36% dei gas serra globali. Un isolamento migliore e pi\u00f9 verde pu\u00f2 ridurre di un quinto le emissioni totali di gas serra degli edifici. Sfortunatamente, l'isolamento di oggi ha un'impronta di carbonio relativamente alta o \u00e8 altamente infiammabile.<\/p>\n<p><a href=\"\/\/www.fenx.ch\">FenX<\/a>, spin-off del Politecnico di Zurigo, sta affrontando questo problema convertendo i rifiuti minerali industriali in pannelli di schiuma isolante sostenibili e ad alte prestazioni che garantiscono anche una protezione antincendio sicura negli edifici. Il mercato \u00e8 ampio: a livello mondiale, l'industria edilizia spende circa 22,4 miliardi di franchi per l'isolamento termico.<\/p>\n<p>\"Il nostro prodotto, completamente riciclabile, riduce al minimo le emissioni di CO2 e massimizza la protezione antincendio. Questa combinazione \u00e8 nuova per il mercato ed \u00e8 ottenuta dai rifiuti\", afferma il cofondatore Etienne Jeoffroy, il cui prodotto produce da tre a dieci volte meno CO2 nel corso della sua vita rispetto alle tecnologie attuali.<\/p>\n<p>FenX \u00e8 concentrata sul completamento della certificazione europea per i suoi pannelli isolanti prima di sviluppare progetti pilota. La startup \u00e8 stata recentemente accettata nel Business Develoment Accelerator di Swiss Prime Site, la pi\u00f9 grande societ\u00e0 immobiliare quotata in Svizzera. Jeoffroy e i co-fondatori Michele Zanini, Enrico Scoccimarro, Alessandro Dutto, Andr\u00e9 Studart ed Elena Tervoort prevedono di chiudere un round di finanziamento seed di circa CHF 1,5 milioni entro il 2020.<br \/>\nIl CEO ringrazia Venture Kick per il suo sostegno e la sua formazione imprenditoriale durante la fase di avvio: \"Venture Kick ci ha aiutato molto a mettere a fuoco e a perfezionare il nostro modello aziendale. In particolare, il Kickers Camp ci ha mostrato come migliorare il nostro percorso di go-to-market\".<\/p>\n<h2>Polariton Technologies AG: i modulatori elettro-ottici pi\u00f9 veloci e pi\u00f9 piccoli del mondo<\/h2>\n<p>Il nostro mondo si sta riempiendo di dispositivi digitali che hanno bisogno di comunicare tra loro, e gli stili di vita moderni fanno s\u00ec che le persone vogliano volumi di dati sempre pi\u00f9 elevati e disponibili in tempi rapidi. I modulatori, che convertono i segnali elettrici in segnali luminosi necessari per la trasmissione globale su cavi in fibra ottica, sono una parte essenziale della nostra moderna infrastruttura di comunicazione.<\/p>\n<p>Claudia Hoessbacher, borsista del Politecnico di Zurigo, e i cofondatori Wolfgang Heni e Benedikt B\u00e4uerle utilizzano la plasmonica a lunghezza d'onda inferiore anzich\u00e9 la luce normale per ridurre questi componenti su scala nanometrica. I modulatori di Polariton trasmettono fino a 500 GHz, dieci volte pi\u00f9 velocemente della tecnologia prevalente dei modulatori di fotoni.<\/p>\n<p><a href=\"\/\/www.polariton.com\">Polariton<\/a> ha utilizzato il finanziamento pre-seed di Venture Kick per convalidare le ipotesi di business e incontrare potenziali clienti e fornitori in tutto il mondo. Il team ha recentemente presentato la sua nanotecnologia - culmine di sei anni di ricerca - a esperti internazionali e ha assunto il suo quarto membro. La startup con sede a Zurigo ha contattato i suoi primi investitori: un round di avvio di 1-2 milioni di franchi svizzeri \u00e8 previsto per l'inizio del prossimo anno. Il capitale aiuter\u00e0 la startup ad assumere uno staff esperto di sviluppo commerciale e a perfezionare i modulatori per i primi clienti del settore dei test e delle misure.<\/p>\n<p>La startup ha ricevuto anche un sostegno finanziario da Innobooster ed \u00e8 stata lieta di ricevere una formazione imprenditoriale da Venture Kick: \"Il feedback molto concreto ci ha aiutato enormemente. \u00c8 anche prezioso poter scambiare idee con fondatori che si trovano in fasi simili\", afferma Hoessbacher, soddisfatta della sua trasformazione da ricercatrice a imprenditrice. \"Si tratta di portare la ricerca sul mercato. Questa \u00e8 la nostra creatura: mi piacerebbe vederla in giro\".<\/p>","protected":false},"excerpt":{"rendered":"<p>Start-ups ben\u00f6tigen f\u00fcr Gr\u00fcndung, Wachstum und Internationalisierung eine geeignete und zuverl\u00e4ssige\u00a0Finanzierung, ein so genanntes &#8222;Pre-Seed&#8220;.\u00a0Die beiden Z\u00fcrcher Startups FenX AG und Polariton Technologies AG entwickeln Forschungsergebnisse aus der ETH Z\u00fcrich und erhielten k\u00fcrzlich Pre-Seed-Finanzierungen in der H\u00f6he CHF 150\u2019000 Franken. Glasfasermodulatoren und Geb\u00e4uded\u00e4mmung, obwohl Multi-Milliarden-Dollar-M\u00e4rkte, sind \u201cverborgene\u201d Themen, bis verheerende Geb\u00e4udebr\u00e4nde oder die Frustration durch [&hellip;]<\/p>\n","protected":false},"author":5,"featured_media":9646,"comment_status":"open","ping_status":"open","sticky":false,"template":"","format":"standard","meta":{"_acf_changed":false,"_yoast_wpseo_focuskw":"Pre-Seed-Finanzierungen","_yoast_wpseo_metadesc":"Die Startup-F\u00f6rderungsinitiative Venture Kick vergibt den Firmen FenX und Polariton 150\u2019000 Franken an Pre-Seed-Finanzierungen.","articlekey":"","footnotes":""},"categories":[580],"tags":[1442,450,2385],"class_list":["post-2533","post","type-post","status-publish","format-standard","has-post-thumbnail","hentry","category-sustainability","tag-investment","tag-start-ups","tag-umwelttechnologie"],"acf":[],"yoast_head":"<!-- This site is optimized with the Yoast SEO plugin v27.5 - https:\/\/yoast.com\/product\/yoast-seo-wordpress\/ -->\n<title>150\u2019000 Franken an Pre-Seed-Finanzierungen erm\u00f6glicht - Organisator<\/title>\n<meta name=\"description\" content=\"Die Startup-F\u00f6rderungsinitiative Venture Kick vergibt den Firmen FenX und Polariton 150\u2019000 Franken an Pre-Seed-Finanzierungen.\" \/>\n<meta name=\"robots\" content=\"index, follow, max-snippet:-1, max-image-preview:large, max-video-preview:-1\" \/>\n<link rel=\"canonical\" href=\"https:\/\/www.organisator.ch\/it\/sostenibilita\/2019-10-17\/150000-franken-an-pre-seed-finanzierungen-ermoeglicht\/\" \/>\n<meta property=\"og:locale\" content=\"it_IT\" \/>\n<meta property=\"og:type\" content=\"article\" \/>\n<meta property=\"og:title\" content=\"150\u2019000 Franken an Pre-Seed-Finanzierungen erm\u00f6glicht - Organisator\" \/>\n<meta property=\"og:description\" content=\"Die Startup-F\u00f6rderungsinitiative Venture Kick vergibt den Firmen FenX und Polariton 150\u2019000 Franken an Pre-Seed-Finanzierungen.\" \/>\n<meta property=\"og:url\" content=\"https:\/\/www.organisator.ch\/it\/sostenibilita\/2019-10-17\/150000-franken-an-pre-seed-finanzierungen-ermoeglicht\/\" \/>\n<meta property=\"og:site_name\" content=\"Organisator\" \/>\n<meta property=\"article:publisher\" content=\"https:\/\/www.facebook.com\/OrganisatorFachmagazin\" \/>\n<meta property=\"article:published_time\" content=\"2019-10-17T10:38:30+00:00\" \/>\n<meta property=\"article:modified_time\" content=\"2022-02-09T10:10:03+00:00\" \/>\n<meta property=\"og:image\" content=\"https:\/\/www.organisator.ch\/wp-content\/uploads\/2019\/10\/Venture-Kick-vergibt-erneut-150000-Franken-an-Pre-Seed-Finanzierungen_UP-Umwelt-Perspektiven.jpg\" \/>\n\t<meta property=\"og:image:width\" content=\"427\" \/>\n\t<meta property=\"og:image:height\" content=\"284\" \/>\n\t<meta property=\"og:image:type\" content=\"image\/jpeg\" \/>\n<meta name=\"author\" content=\"michael.merz\" \/>\n<meta name=\"twitter:card\" content=\"summary_large_image\" \/>\n<script type=\"application\/ld+json\" class=\"yoast-schema-graph\">{\"@context\":\"https:\\\/\\\/schema.org\",\"@graph\":[{\"@type\":\"Article\",\"@id\":\"https:\\\/\\\/www.organisator.ch\\\/sustainability\\\/2019-10-17\\\/150000-franken-an-pre-seed-finanzierungen-ermoeglicht\\\/#article\",\"isPartOf\":{\"@id\":\"https:\\\/\\\/www.organisator.ch\\\/sustainability\\\/2019-10-17\\\/150000-franken-an-pre-seed-finanzierungen-ermoeglicht\\\/\"},\"author\":{\"name\":\"michael.merz\",\"@id\":\"https:\\\/\\\/www.organisator.ch\\\/#\\\/schema\\\/person\\\/134708ca9321c57b0362cceb7948ffbd\"},\"headline\":\"150\u2019000 Franken an Pre-Seed-Finanzierungen erm\u00f6glicht\",\"datePublished\":\"2019-10-17T10:38:30+00:00\",\"dateModified\":\"2022-02-09T10:10:03+00:00\",\"mainEntityOfPage\":{\"@id\":\"https:\\\/\\\/www.organisator.ch\\\/sustainability\\\/2019-10-17\\\/150000-franken-an-pre-seed-finanzierungen-ermoeglicht\\\/\"},\"wordCount\":681,\"commentCount\":0,\"publisher\":{\"@id\":\"https:\\\/\\\/www.organisator.ch\\\/#organization\"},\"image\":{\"@id\":\"https:\\\/\\\/www.organisator.ch\\\/sustainability\\\/2019-10-17\\\/150000-franken-an-pre-seed-finanzierungen-ermoeglicht\\\/#primaryimage\"},\"thumbnailUrl\":\"https:\\\/\\\/www.organisator.ch\\\/wp-content\\\/uploads\\\/2019\\\/10\\\/Venture-Kick-vergibt-erneut-150000-Franken-an-Pre-Seed-Finanzierungen_UP-Umwelt-Perspektiven.jpg\",\"keywords\":[\"Investment\",\"Start-ups\",\"Umwelttechnologie\"],\"articleSection\":[\"SUSTAINABILITY\"],\"inLanguage\":\"it-IT\"},{\"@type\":\"WebPage\",\"@id\":\"https:\\\/\\\/www.organisator.ch\\\/sustainability\\\/2019-10-17\\\/150000-franken-an-pre-seed-finanzierungen-ermoeglicht\\\/\",\"url\":\"https:\\\/\\\/www.organisator.ch\\\/sustainability\\\/2019-10-17\\\/150000-franken-an-pre-seed-finanzierungen-ermoeglicht\\\/\",\"name\":\"150\u2019000 Franken an Pre-Seed-Finanzierungen erm\u00f6glicht - Organisator\",\"isPartOf\":{\"@id\":\"https:\\\/\\\/www.organisator.ch\\\/#website\"},\"primaryImageOfPage\":{\"@id\":\"https:\\\/\\\/www.organisator.ch\\\/sustainability\\\/2019-10-17\\\/150000-franken-an-pre-seed-finanzierungen-ermoeglicht\\\/#primaryimage\"},\"image\":{\"@id\":\"https:\\\/\\\/www.organisator.ch\\\/sustainability\\\/2019-10-17\\\/150000-franken-an-pre-seed-finanzierungen-ermoeglicht\\\/#primaryimage\"},\"thumbnailUrl\":\"https:\\\/\\\/www.organisator.ch\\\/wp-content\\\/uploads\\\/2019\\\/10\\\/Venture-Kick-vergibt-erneut-150000-Franken-an-Pre-Seed-Finanzierungen_UP-Umwelt-Perspektiven.jpg\",\"datePublished\":\"2019-10-17T10:38:30+00:00\",\"dateModified\":\"2022-02-09T10:10:03+00:00\",\"description\":\"Die Startup-F\u00f6rderungsinitiative Venture Kick vergibt den Firmen FenX und Polariton 150\u2019000 Franken an Pre-Seed-Finanzierungen.\",\"breadcrumb\":{\"@id\":\"https:\\\/\\\/www.organisator.ch\\\/sustainability\\\/2019-10-17\\\/150000-franken-an-pre-seed-finanzierungen-ermoeglicht\\\/#breadcrumb\"},\"inLanguage\":\"it-IT\",\"potentialAction\":[{\"@type\":\"ReadAction\",\"target\":[\"https:\\\/\\\/www.organisator.ch\\\/sustainability\\\/2019-10-17\\\/150000-franken-an-pre-seed-finanzierungen-ermoeglicht\\\/\"]}]},{\"@type\":\"ImageObject\",\"inLanguage\":\"it-IT\",\"@id\":\"https:\\\/\\\/www.organisator.ch\\\/sustainability\\\/2019-10-17\\\/150000-franken-an-pre-seed-finanzierungen-ermoeglicht\\\/#primaryimage\",\"url\":\"https:\\\/\\\/www.organisator.ch\\\/wp-content\\\/uploads\\\/2019\\\/10\\\/Venture-Kick-vergibt-erneut-150000-Franken-an-Pre-Seed-Finanzierungen_UP-Umwelt-Perspektiven.jpg\",\"contentUrl\":\"https:\\\/\\\/www.organisator.ch\\\/wp-content\\\/uploads\\\/2019\\\/10\\\/Venture-Kick-vergibt-erneut-150000-Franken-an-Pre-Seed-Finanzierungen_UP-Umwelt-Perspektiven.jpg\",\"width\":427,\"height\":284,\"caption\":\"Etienne Jeoffroy (FenX AG) und Claudia Hoessbacher (Polariton Technologies AG) freuen sich \u00fcber die Pre-Seed-Finanzierungen von Venture Kick. (Bild: Venture Kick)\"},{\"@type\":\"BreadcrumbList\",\"@id\":\"https:\\\/\\\/www.organisator.ch\\\/sustainability\\\/2019-10-17\\\/150000-franken-an-pre-seed-finanzierungen-ermoeglicht\\\/#breadcrumb\",\"itemListElement\":[{\"@type\":\"ListItem\",\"position\":1,\"name\":\"Home\",\"item\":\"https:\\\/\\\/www.organisator.ch\\\/\"},{\"@type\":\"ListItem\",\"position\":2,\"name\":\"150\u2019000 Franken an Pre-Seed-Finanzierungen erm\u00f6glicht\"}]},{\"@type\":\"WebSite\",\"@id\":\"https:\\\/\\\/www.organisator.ch\\\/#website\",\"url\":\"https:\\\/\\\/www.organisator.ch\\\/\",\"name\":\"Organisator\",\"description\":\"Kompetent. Praxisnah. Der ORGANISATOR bereitet in 10 Ausgaben pro Jahr die wesentlichen Themen f\u00fcr F\u00fchrungskr\u00e4fte von KMU auf.\",\"publisher\":{\"@id\":\"https:\\\/\\\/www.organisator.ch\\\/#organization\"},\"potentialAction\":[{\"@type\":\"SearchAction\",\"target\":{\"@type\":\"EntryPoint\",\"urlTemplate\":\"https:\\\/\\\/www.organisator.ch\\\/?s={search_term_string}\"},\"query-input\":{\"@type\":\"PropertyValueSpecification\",\"valueRequired\":true,\"valueName\":\"search_term_string\"}}],\"inLanguage\":\"it-IT\"},{\"@type\":\"Organization\",\"@id\":\"https:\\\/\\\/www.organisator.ch\\\/#organization\",\"name\":\"Organisator\",\"url\":\"https:\\\/\\\/www.organisator.ch\\\/\",\"logo\":{\"@type\":\"ImageObject\",\"inLanguage\":\"it-IT\",\"@id\":\"https:\\\/\\\/www.organisator.ch\\\/#\\\/schema\\\/logo\\\/image\\\/\",\"url\":\"https:\\\/\\\/www.organisator.ch\\\/wp-content\\\/uploads\\\/2022\\\/01\\\/Logo_Organisator_Website.png\",\"contentUrl\":\"https:\\\/\\\/www.organisator.ch\\\/wp-content\\\/uploads\\\/2022\\\/01\\\/Logo_Organisator_Website.png\",\"width\":800,\"height\":77,\"caption\":\"Organisator\"},\"image\":{\"@id\":\"https:\\\/\\\/www.organisator.ch\\\/#\\\/schema\\\/logo\\\/image\\\/\"},\"sameAs\":[\"https:\\\/\\\/www.facebook.com\\\/OrganisatorFachmagazin\",\"https:\\\/\\\/www.linkedin.com\\\/showcase\\\/organisator-das-magazin-fr-kmu\",\"https:\\\/\\\/www.xing.com\\\/news\\\/pages\\\/organisator-ch-695\",\"https:\\\/\\\/www.youtube.com\\\/channel\\\/UCGP2Sq0iWaZwT3BdIAQFYpw\"]},{\"@type\":\"Person\",\"@id\":\"https:\\\/\\\/www.organisator.ch\\\/#\\\/schema\\\/person\\\/134708ca9321c57b0362cceb7948ffbd\",\"name\":\"michael.merz\",\"image\":{\"@type\":\"ImageObject\",\"inLanguage\":\"it-IT\",\"@id\":\"https:\\\/\\\/secure.gravatar.com\\\/avatar\\\/?s=96&d=mm&r=g\",\"url\":\"https:\\\/\\\/secure.gravatar.com\\\/avatar\\\/?s=96&d=mm&r=g\",\"contentUrl\":\"https:\\\/\\\/secure.gravatar.com\\\/avatar\\\/?s=96&d=mm&r=g\",\"caption\":\"michael.merz\"},\"url\":\"https:\\\/\\\/www.organisator.ch\\\/it\\\/author\\\/michael-merz\\\/\"}]}<\/script>\n<!-- \/ Yoast SEO plugin. -->","yoast_head_json":{"title":"150.000 franchi svizzeri di finanziamento pre-seed reso possibile - Organizzatore","description":"L'iniziativa di finanziamento delle start-up Venture Kick assegna 150.000 franchi svizzeri di finanziamento pre-seed alle societ\u00e0 FenX e Polariton.","robots":{"index":"index","follow":"follow","max-snippet":"max-snippet:-1","max-image-preview":"max-image-preview:large","max-video-preview":"max-video-preview:-1"},"canonical":"https:\/\/www.organisator.ch\/it\/sostenibilita\/2019-10-17\/150000-franken-an-pre-seed-finanzierungen-ermoeglicht\/","og_locale":"it_IT","og_type":"article","og_title":"150\u2019000 Franken an Pre-Seed-Finanzierungen erm\u00f6glicht - Organisator","og_description":"Die Startup-F\u00f6rderungsinitiative Venture Kick vergibt den Firmen FenX und Polariton 150\u2019000 Franken an Pre-Seed-Finanzierungen.","og_url":"https:\/\/www.organisator.ch\/it\/sostenibilita\/2019-10-17\/150000-franken-an-pre-seed-finanzierungen-ermoeglicht\/","og_site_name":"Organisator","article_publisher":"https:\/\/www.facebook.com\/OrganisatorFachmagazin","article_published_time":"2019-10-17T10:38:30+00:00","article_modified_time":"2022-02-09T10:10:03+00:00","og_image":[{"width":427,"height":284,"url":"https:\/\/www.organisator.ch\/wp-content\/uploads\/2019\/10\/Venture-Kick-vergibt-erneut-150000-Franken-an-Pre-Seed-Finanzierungen_UP-Umwelt-Perspektiven.jpg","type":"image\/jpeg"}],"author":"michael.merz","twitter_card":"summary_large_image","schema":{"@context":"https:\/\/schema.org","@graph":[{"@type":"Article","@id":"https:\/\/www.organisator.ch\/sustainability\/2019-10-17\/150000-franken-an-pre-seed-finanzierungen-ermoeglicht\/#article","isPartOf":{"@id":"https:\/\/www.organisator.ch\/sustainability\/2019-10-17\/150000-franken-an-pre-seed-finanzierungen-ermoeglicht\/"},"author":{"name":"michael.merz","@id":"https:\/\/www.organisator.ch\/#\/schema\/person\/134708ca9321c57b0362cceb7948ffbd"},"headline":"150\u2019000 Franken an Pre-Seed-Finanzierungen erm\u00f6glicht","datePublished":"2019-10-17T10:38:30+00:00","dateModified":"2022-02-09T10:10:03+00:00","mainEntityOfPage":{"@id":"https:\/\/www.organisator.ch\/sustainability\/2019-10-17\/150000-franken-an-pre-seed-finanzierungen-ermoeglicht\/"},"wordCount":681,"commentCount":0,"publisher":{"@id":"https:\/\/www.organisator.ch\/#organization"},"image":{"@id":"https:\/\/www.organisator.ch\/sustainability\/2019-10-17\/150000-franken-an-pre-seed-finanzierungen-ermoeglicht\/#primaryimage"},"thumbnailUrl":"https:\/\/www.organisator.ch\/wp-content\/uploads\/2019\/10\/Venture-Kick-vergibt-erneut-150000-Franken-an-Pre-Seed-Finanzierungen_UP-Umwelt-Perspektiven.jpg","keywords":["Investment","Start-ups","Umwelttechnologie"],"articleSection":["SUSTAINABILITY"],"inLanguage":"it-IT"},{"@type":"WebPage","@id":"https:\/\/www.organisator.ch\/sustainability\/2019-10-17\/150000-franken-an-pre-seed-finanzierungen-ermoeglicht\/","url":"https:\/\/www.organisator.ch\/sustainability\/2019-10-17\/150000-franken-an-pre-seed-finanzierungen-ermoeglicht\/","name":"150.000 franchi svizzeri di finanziamento pre-seed reso possibile - Organizzatore","isPartOf":{"@id":"https:\/\/www.organisator.ch\/#website"},"primaryImageOfPage":{"@id":"https:\/\/www.organisator.ch\/sustainability\/2019-10-17\/150000-franken-an-pre-seed-finanzierungen-ermoeglicht\/#primaryimage"},"image":{"@id":"https:\/\/www.organisator.ch\/sustainability\/2019-10-17\/150000-franken-an-pre-seed-finanzierungen-ermoeglicht\/#primaryimage"},"thumbnailUrl":"https:\/\/www.organisator.ch\/wp-content\/uploads\/2019\/10\/Venture-Kick-vergibt-erneut-150000-Franken-an-Pre-Seed-Finanzierungen_UP-Umwelt-Perspektiven.jpg","datePublished":"2019-10-17T10:38:30+00:00","dateModified":"2022-02-09T10:10:03+00:00","description":"L'iniziativa di finanziamento delle start-up Venture Kick assegna 150.000 franchi svizzeri di finanziamento pre-seed alle societ\u00e0 FenX e Polariton.","breadcrumb":{"@id":"https:\/\/www.organisator.ch\/sustainability\/2019-10-17\/150000-franken-an-pre-seed-finanzierungen-ermoeglicht\/#breadcrumb"},"inLanguage":"it-IT","potentialAction":[{"@type":"ReadAction","target":["https:\/\/www.organisator.ch\/sustainability\/2019-10-17\/150000-franken-an-pre-seed-finanzierungen-ermoeglicht\/"]}]},{"@type":"ImageObject","inLanguage":"it-IT","@id":"https:\/\/www.organisator.ch\/sustainability\/2019-10-17\/150000-franken-an-pre-seed-finanzierungen-ermoeglicht\/#primaryimage","url":"https:\/\/www.organisator.ch\/wp-content\/uploads\/2019\/10\/Venture-Kick-vergibt-erneut-150000-Franken-an-Pre-Seed-Finanzierungen_UP-Umwelt-Perspektiven.jpg","contentUrl":"https:\/\/www.organisator.ch\/wp-content\/uploads\/2019\/10\/Venture-Kick-vergibt-erneut-150000-Franken-an-Pre-Seed-Finanzierungen_UP-Umwelt-Perspektiven.jpg","width":427,"height":284,"caption":"Etienne Jeoffroy (FenX AG) und Claudia Hoessbacher (Polariton Technologies AG) freuen sich \u00fcber die Pre-Seed-Finanzierungen von Venture Kick. (Bild: Venture Kick)"},{"@type":"BreadcrumbList","@id":"https:\/\/www.organisator.ch\/sustainability\/2019-10-17\/150000-franken-an-pre-seed-finanzierungen-ermoeglicht\/#breadcrumb","itemListElement":[{"@type":"ListItem","position":1,"name":"Home","item":"https:\/\/www.organisator.ch\/"},{"@type":"ListItem","position":2,"name":"150\u2019000 Franken an Pre-Seed-Finanzierungen erm\u00f6glicht"}]},{"@type":"WebSite","@id":"https:\/\/www.organisator.ch\/#website","url":"https:\/\/www.organisator.ch\/","name":"Organizzatore","description":"Competente. Pratico. In 10 numeri all'anno, ORGANISATOR presenta i temi essenziali per i manager delle PMI.","publisher":{"@id":"https:\/\/www.organisator.ch\/#organization"},"potentialAction":[{"@type":"SearchAction","target":{"@type":"EntryPoint","urlTemplate":"https:\/\/www.organisator.ch\/?s={search_term_string}"},"query-input":{"@type":"PropertyValueSpecification","valueRequired":true,"valueName":"search_term_string"}}],"inLanguage":"it-IT"},{"@type":"Organization","@id":"https:\/\/www.organisator.ch\/#organization","name":"Organizzatore","url":"https:\/\/www.organisator.ch\/","logo":{"@type":"ImageObject","inLanguage":"it-IT","@id":"https:\/\/www.organisator.ch\/#\/schema\/logo\/image\/","url":"https:\/\/www.organisator.ch\/wp-content\/uploads\/2022\/01\/Logo_Organisator_Website.png","contentUrl":"https:\/\/www.organisator.ch\/wp-content\/uploads\/2022\/01\/Logo_Organisator_Website.png","width":800,"height":77,"caption":"Organisator"},"image":{"@id":"https:\/\/www.organisator.ch\/#\/schema\/logo\/image\/"},"sameAs":["https:\/\/www.facebook.com\/OrganisatorFachmagazin","https:\/\/www.linkedin.com\/showcase\/organisator-das-magazin-fr-kmu","https:\/\/www.xing.com\/news\/pages\/organisator-ch-695","https:\/\/www.youtube.com\/channel\/UCGP2Sq0iWaZwT3BdIAQFYpw"]},{"@type":"Person","@id":"https:\/\/www.organisator.ch\/#\/schema\/person\/134708ca9321c57b0362cceb7948ffbd","name":"michael.merz","image":{"@type":"ImageObject","inLanguage":"it-IT","@id":"https:\/\/secure.gravatar.com\/avatar\/?s=96&d=mm&r=g","url":"https:\/\/secure.gravatar.com\/avatar\/?s=96&d=mm&r=g","contentUrl":"https:\/\/secure.gravatar.com\/avatar\/?s=96&d=mm&r=g","caption":"michael.merz"},"url":"https:\/\/www.organisator.ch\/it\/author\/michael-merz\/"}]}},"_links":{"self":[{"href":"https:\/\/www.organisator.ch\/it\/wp-json\/wp\/v2\/posts\/2533","targetHints":{"allow":["GET"]}}],"collection":[{"href":"https:\/\/www.organisator.ch\/it\/wp-json\/wp\/v2\/posts"}],"about":[{"href":"https:\/\/www.organisator.ch\/it\/wp-json\/wp\/v2\/types\/post"}],"author":[{"embeddable":true,"href":"https:\/\/www.organisator.ch\/it\/wp-json\/wp\/v2\/users\/5"}],"replies":[{"embeddable":true,"href":"https:\/\/www.organisator.ch\/it\/wp-json\/wp\/v2\/comments?post=2533"}],"version-history":[{"count":1,"href":"https:\/\/www.organisator.ch\/it\/wp-json\/wp\/v2\/posts\/2533\/revisions"}],"predecessor-version":[{"id":10875,"href":"https:\/\/www.organisator.ch\/it\/wp-json\/wp\/v2\/posts\/2533\/revisions\/10875"}],"wp:featuredmedia":[{"embeddable":true,"href":"https:\/\/www.organisator.ch\/it\/wp-json\/wp\/v2\/media\/9646"}],"wp:attachment":[{"href":"https:\/\/www.organisator.ch\/it\/wp-json\/wp\/v2\/media?parent=2533"}],"wp:term":[{"taxonomy":"category","embeddable":true,"href":"https:\/\/www.organisator.ch\/it\/wp-json\/wp\/v2\/categories?post=2533"},{"taxonomy":"post_tag","embeddable":true,"href":"https:\/\/www.organisator.ch\/it\/wp-json\/wp\/v2\/tags?post=2533"}],"curies":[{"name":"wp","href":"https:\/\/api.w.org\/{rel}","templated":true}]}}