{"id":25405,"date":"2024-02-27T13:25:20","date_gmt":"2024-02-27T12:25:20","guid":{"rendered":"https:\/\/www.organisator.ch\/?p=25405"},"modified":"2024-03-04T14:54:17","modified_gmt":"2024-03-04T13:54:17","slug":"finalist-prix-svc-ostschweiz-2024-emil-egger-gruppe","status":"publish","type":"post","link":"https:\/\/www.organisator.ch\/it\/allgemein\/2024-02-27\/finalist-prix-svc-ostschweiz-2024-emil-egger-gruppe\/","title":{"rendered":"Finalista Premio SVC Svizzera orientale 2024: Gruppo Emil Egger"},"content":{"rendered":"<figure id=\"attachment_25406\" aria-describedby=\"caption-attachment-25406\" style=\"width: 680px\" class=\"wp-caption alignnone\"><img loading=\"lazy\" decoding=\"async\" class=\"size-full wp-image-25406\" src=\"https:\/\/www.organisator.ch\/wp-content\/uploads\/2024\/02\/Finalist-Prix-SVC-Ostschweiz-2024-Emil-Egger-Gruppe_Organisator.jpg\" alt=\"\" width=\"680\" height=\"455\" srcset=\"https:\/\/www.organisator.ch\/wp-content\/uploads\/2024\/02\/Finalist-Prix-SVC-Ostschweiz-2024-Emil-Egger-Gruppe_Organisator.jpg 680w, https:\/\/www.organisator.ch\/wp-content\/uploads\/2024\/02\/Finalist-Prix-SVC-Ostschweiz-2024-Emil-Egger-Gruppe_Organisator-18x12.jpg 18w, https:\/\/www.organisator.ch\/wp-content\/uploads\/2024\/02\/Finalist-Prix-SVC-Ostschweiz-2024-Emil-Egger-Gruppe_Organisator-375x251.jpg 375w, https:\/\/www.organisator.ch\/wp-content\/uploads\/2024\/02\/Finalist-Prix-SVC-Ostschweiz-2024-Emil-Egger-Gruppe_Organisator-523x350.jpg 523w\" sizes=\"auto, (max-width: 680px) 100vw, 680px\" \/><figcaption id=\"caption-attachment-25406\" class=\"wp-caption-text\">Trasportare una nave con un camion? Non \u00e8 un'impresa impossibile per il Gruppo Emil Egger. (Immagine: Emil Egger AG \/ www.ete.ch)<\/figcaption><\/figure>\n<p>Il Gruppo Emil Egger \u00e8 un'azienda familiare gestita dalla terza generazione della famiglia Egger, Michael e Markus Egger. L'azienda di logistica conta 800 dipendenti in undici sedi in tutta la Svizzera. Fin qui, poco spettacolare. Un fornitore di servizi logistici come tanti altri? No, non necessariamente. L'azienda si \u00e8 fatta un nome soprattutto con la movimentazione di merci fuori misura.\u00a0<\/p>\n<h3><strong>Quando una nave viaggia su strada<\/strong><\/h3>\n<p>Nessun percorso di trasporto \u00e8 troppo complicato e nessun carico troppo pesante: questa \u00e8 l'impressione che un osservatore neutrale riceve visitando il sito web dell'azienda. Come fa una nave ad andare dal lago di Zugo al lago di Walen, per esempio? No, non via acqua, ma via strada. Qualche mese fa, Emil Egger ha trasferito la \"MS Schwyz\", lunga 31,2 metri e larga al massimo 7 metri, nella sua nuova sede via terra, utilizzando mezzi di trasporto pesanti, soprattutto di notte. Il percorso era difficile, in quanto prevedeva l'attraversamento del passo di Hirzel e di una serie di altri passaggi stretti che attendevano gli specialisti della logistica. Di conseguenza, tutto doveva essere pianificato meticolosamente: La nave doveva essere divisa in due parti (ponte superiore e inferiore) e gli alberi e le siepi dovevano essere tagliati in anticipo lungo il percorso. \u00c8 stato inoltre necessario ottenere diverse autorizzazioni. Anche per loro, esperti di trasporti pesanti, le sfide erano grandi, ricorda Michael Egger, che dirige la divisione trasporti pesanti del Gruppo Emil Egger.<\/p>\n<h3><strong>Una gru per (quasi) tutti i carichi<\/strong><\/h3>\n<p>Quando si parla di trasporto di merci pesanti, Emil Egger \u00e8 sicuramente il numero uno in Svizzera. E l'azienda \u00e8 anche uno dei primi 20 fornitori di servizi di gru nel mondo di lingua tedesca. Dopo tutto, i carichi pesanti devono essere sollevati in qualche modo. Con la LR 11000, Emil Egger dispone di quella che sostiene essere la pi\u00f9 grande gru cingolata della Svizzera. Pu\u00f2 movimentare carichi fino a 1000 tonnellate. Oltre alle gru cingolate, la flotta comprende anche gru gommate e mobili, gru edili mobili, gru speciali, gru montate su autocarro e mini gru.<\/p>\n<h3><strong>Nulla \u00e8 troppo ingombrante, anche per i carichi generici e in magazzino<\/strong><\/h3>\n<p>Con tanto spettacolo, le altre aree di business passano quasi in secondo piano. Ma Emil Egger \u00e8 anche uno dei fornitori di servizi pi\u00f9 noti della Svizzera per quanto riguarda la logistica generale di carico e di magazzino. Anche in questo caso, il trasporto di merci di dimensioni speciali \u00e8 una delle specialit\u00e0 dell'azienda. A San Gallo, H\u00e4rkingen, Bassersdorf, Avenches, Friburgo, Romanel sur Morges, St. Margrethen e S. Antonino \u00e8 possibile trasportare merci di ogni dimensione, forma e contenitore. \"Dai lunghi tubi d'acciaio ai vagoni ferroviari: nessuna merce \u00e8 troppo grande, troppo pesante o troppo lunga per noi. La nostra infrastruttura e il nostro personale qualificato offrono sempre una soluzione, anche per i casi speciali\", afferma Pascal M\u00f6ller, responsabile della logistica di magazzino di San Gallo, sul sito web dell'azienda.<\/p>\n<h3><strong>Economico su strada<\/strong><\/h3>\n<p>E che dire della sostenibilit\u00e0? Anche qui Emil Egger mette un punto esclamativo. Per esempio, i conducenti e gli autisti sono addestrati a guidare a velocit\u00e0 particolarmente basse; la velocit\u00e0 massima \u00e8 limitata a 89 km\/h. I camion sono inoltre dotati di cabine particolarmente aerodinamiche per ridurre il consumo di gasolio. Gli autocarri sono inoltre dotati di cabine particolarmente aerodinamiche per ridurre il consumo di gasolio. Sono in fase di sperimentazione anche sistemi di trazione alternativi: Dal febbraio 2023, l'e-Actros, un modello della serie e-truck di Daimler Truck, \u00e8 in funzione come autocarro a trazione elettrica. Tuttavia, l'azienda \u00e8 ancora cauta quando si tratta di sistemi di propulsione a idrogeno, spesso visti come un'alternativa particolarmente adatta al trasporto merci. Poich\u00e9 l'infrastruttura di fornitura dell'idrogeno \u00e8 ancora poco sviluppata, \u00e8 probabile che Emil Egger si trattenga dal compiere passi pi\u00f9 concreti in questo settore.<\/p>\n<p><em>Ulteriori informazioni: <a href=\"https:\/\/www.ete.ch\/\">https:\/\/www.ete.ch\/<\/a> \/ <a href=\"http:\/\/www.svc.swiss\">www.svc.swiss<\/a><\/em><\/p>\n<p>&nbsp;<\/p>\n<blockquote>\n<h3>Prix SVC Svizzera Orientale 2024, gli altri finalisti (ordine alfabetico):<\/h3>\n<ul>\n<li><a href=\"https:\/\/www.organisator.ch\/de\/allgemein\/2024-02-28\/finalist-prix-svc-ostschweiz-2024-huber-fenster-ag\/\">Huber Fenster AG<\/a><\/li>\n<li><a href=\"https:\/\/www.organisator.ch\/de\/allgemein\/2024-02-29\/finalist-prix-svc-ostschweiz-2024-maerchenhotel-ag\/\">Hotel Fairytale AG<\/a><\/li>\n<li><a href=\"https:\/\/www.organisator.ch\/allgemein\/2024-03-01\/finalist-prix-svc-ostschweiz-2024-nussbaum-matzingen-ag\/\">Nussbaum Matzingen AG<\/a><\/li>\n<li><a href=\"https:\/\/www.organisator.ch\/de\/allgemein\/2024-03-04\/finalist-prix-svc-ostschweiz-2024-zindel-united\/\">Zindel United<\/a><\/li>\n<\/ul>\n<\/blockquote>","protected":false},"excerpt":{"rendered":"<p>Il Prix SVC Ostschweiz 2024 sar\u00e0 assegnato il 7 marzo 2024. Cinque aziende sono in finale, una delle quali \u00e8 il Gruppo Emil Egger, con sede a San Gallo. Un breve ritratto dell'azienda di logistica.<\/p>","protected":false},"author":4,"featured_media":25406,"comment_status":"closed","ping_status":"closed","sticky":false,"template":"","format":"standard","meta":{"_acf_changed":false,"_yoast_wpseo_focuskw":"Emil Egger Gruppe","_yoast_wpseo_metadesc":"Am 7. M\u00e4rz 2024 wird der Prix SVC Ostschweiz 2024 verliehen. Im Final steht auch die Emil Egger Gruppe mit Hauptsitz in St.Gallen.","articlekey":"","footnotes":""},"categories":[1],"tags":[66,4117,492],"class_list":["post-25405","post","type-post","status-publish","format-standard","has-post-thumbnail","hentry","category-allgemein","tag-awards","tag-prix-svc-ostschweiz","tag-unternehmen"],"acf":[],"yoast_head":"<!-- This site is optimized with the Yoast SEO plugin v27.5 - https:\/\/yoast.com\/product\/yoast-seo-wordpress\/ -->\n<title>Finalist Prix SVC Ostschweiz 2024: Emil Egger Gruppe - Organisator<\/title>\n<meta name=\"description\" content=\"Am 7. M\u00e4rz 2024 wird der Prix SVC Ostschweiz 2024 verliehen. Im Final steht auch die Emil Egger Gruppe mit Hauptsitz in St.Gallen.\" \/>\n<meta name=\"robots\" content=\"index, follow, max-snippet:-1, max-image-preview:large, max-video-preview:-1\" \/>\n<link rel=\"canonical\" href=\"https:\/\/www.organisator.ch\/it\/generale\/2024-02-27\/finalist-prix-svc-ostschweiz-2024-emil-egger-gruppe\/\" \/>\n<meta property=\"og:locale\" content=\"it_IT\" \/>\n<meta property=\"og:type\" content=\"article\" \/>\n<meta property=\"og:title\" content=\"Finalist Prix SVC Ostschweiz 2024: Emil Egger Gruppe\" \/>\n<meta property=\"og:description\" content=\"Am 7. M\u00e4rz 2024 wird der Prix SVC Ostschweiz 2024 verliehen. Im Final steht auch die Emil Egger Gruppe mit Hauptsitz in St.Gallen.\" \/>\n<meta property=\"og:url\" content=\"https:\/\/www.organisator.ch\/it\/generale\/2024-02-27\/finalist-prix-svc-ostschweiz-2024-emil-egger-gruppe\/\" \/>\n<meta property=\"og:site_name\" content=\"Organisator\" \/>\n<meta property=\"article:publisher\" content=\"https:\/\/www.facebook.com\/OrganisatorFachmagazin\" \/>\n<meta property=\"article:published_time\" content=\"2024-02-27T12:25:20+00:00\" \/>\n<meta property=\"article:modified_time\" content=\"2024-03-04T13:54:17+00:00\" \/>\n<meta property=\"og:image\" content=\"https:\/\/www.organisator.ch\/wp-content\/uploads\/2024\/02\/Finalist-Prix-SVC-Ostschweiz-2024-Emil-Egger-Gruppe_Organisator.jpg\" \/>\n\t<meta property=\"og:image:width\" content=\"680\" \/>\n\t<meta property=\"og:image:height\" content=\"455\" \/>\n\t<meta property=\"og:image:type\" content=\"image\/jpeg\" \/>\n<meta name=\"author\" content=\"thomas.berner\" \/>\n<meta name=\"twitter:card\" content=\"summary_large_image\" \/>\n<meta name=\"twitter:title\" content=\"Finalist Prix SVC Ostschweiz 2024: Emil Egger Gruppe\" \/>\n<meta name=\"twitter:description\" content=\"Am 7. M\u00e4rz 2024 wird der Prix SVC Ostschweiz 2024 verliehen. Im Final steht auch die Emil Egger Gruppe mit Hauptsitz in St.Gallen.\" \/>\n<meta name=\"twitter:image\" content=\"https:\/\/www.organisator.ch\/wp-content\/uploads\/2024\/02\/Finalist-Prix-SVC-Ostschweiz-2024-Emil-Egger-Gruppe_Organisator.jpg\" \/>\n<script type=\"application\/ld+json\" class=\"yoast-schema-graph\">{\"@context\":\"https:\\\/\\\/schema.org\",\"@graph\":[{\"@type\":\"Article\",\"@id\":\"https:\\\/\\\/www.organisator.ch\\\/allgemein\\\/2024-02-27\\\/finalist-prix-svc-ostschweiz-2024-emil-egger-gruppe\\\/#article\",\"isPartOf\":{\"@id\":\"https:\\\/\\\/www.organisator.ch\\\/allgemein\\\/2024-02-27\\\/finalist-prix-svc-ostschweiz-2024-emil-egger-gruppe\\\/\"},\"author\":{\"name\":\"thomas.berner\",\"@id\":\"https:\\\/\\\/www.organisator.ch\\\/#\\\/schema\\\/person\\\/6f650f90b2842cd4c0cc334b4e36f67e\"},\"headline\":\"Finalist Prix SVC Ostschweiz 2024: Emil Egger Gruppe\",\"datePublished\":\"2024-02-27T12:25:20+00:00\",\"dateModified\":\"2024-03-04T13:54:17+00:00\",\"mainEntityOfPage\":{\"@id\":\"https:\\\/\\\/www.organisator.ch\\\/allgemein\\\/2024-02-27\\\/finalist-prix-svc-ostschweiz-2024-emil-egger-gruppe\\\/\"},\"wordCount\":653,\"publisher\":{\"@id\":\"https:\\\/\\\/www.organisator.ch\\\/#organization\"},\"image\":{\"@id\":\"https:\\\/\\\/www.organisator.ch\\\/allgemein\\\/2024-02-27\\\/finalist-prix-svc-ostschweiz-2024-emil-egger-gruppe\\\/#primaryimage\"},\"thumbnailUrl\":\"https:\\\/\\\/www.organisator.ch\\\/wp-content\\\/uploads\\\/2024\\\/02\\\/Finalist-Prix-SVC-Ostschweiz-2024-Emil-Egger-Gruppe_Organisator.jpg\",\"keywords\":[\"Awards\",\"Prix SVC Ostschweiz\",\"Unternehmen\"],\"articleSection\":[\"Allgemein\"],\"inLanguage\":\"it-IT\"},{\"@type\":\"WebPage\",\"@id\":\"https:\\\/\\\/www.organisator.ch\\\/allgemein\\\/2024-02-27\\\/finalist-prix-svc-ostschweiz-2024-emil-egger-gruppe\\\/\",\"url\":\"https:\\\/\\\/www.organisator.ch\\\/allgemein\\\/2024-02-27\\\/finalist-prix-svc-ostschweiz-2024-emil-egger-gruppe\\\/\",\"name\":\"Finalist Prix SVC Ostschweiz 2024: Emil Egger Gruppe - Organisator\",\"isPartOf\":{\"@id\":\"https:\\\/\\\/www.organisator.ch\\\/#website\"},\"primaryImageOfPage\":{\"@id\":\"https:\\\/\\\/www.organisator.ch\\\/allgemein\\\/2024-02-27\\\/finalist-prix-svc-ostschweiz-2024-emil-egger-gruppe\\\/#primaryimage\"},\"image\":{\"@id\":\"https:\\\/\\\/www.organisator.ch\\\/allgemein\\\/2024-02-27\\\/finalist-prix-svc-ostschweiz-2024-emil-egger-gruppe\\\/#primaryimage\"},\"thumbnailUrl\":\"https:\\\/\\\/www.organisator.ch\\\/wp-content\\\/uploads\\\/2024\\\/02\\\/Finalist-Prix-SVC-Ostschweiz-2024-Emil-Egger-Gruppe_Organisator.jpg\",\"datePublished\":\"2024-02-27T12:25:20+00:00\",\"dateModified\":\"2024-03-04T13:54:17+00:00\",\"description\":\"Am 7. M\u00e4rz 2024 wird der Prix SVC Ostschweiz 2024 verliehen. Im Final steht auch die Emil Egger Gruppe mit Hauptsitz in St.Gallen.\",\"breadcrumb\":{\"@id\":\"https:\\\/\\\/www.organisator.ch\\\/allgemein\\\/2024-02-27\\\/finalist-prix-svc-ostschweiz-2024-emil-egger-gruppe\\\/#breadcrumb\"},\"inLanguage\":\"it-IT\",\"potentialAction\":[{\"@type\":\"ReadAction\",\"target\":[\"https:\\\/\\\/www.organisator.ch\\\/allgemein\\\/2024-02-27\\\/finalist-prix-svc-ostschweiz-2024-emil-egger-gruppe\\\/\"]}]},{\"@type\":\"ImageObject\",\"inLanguage\":\"it-IT\",\"@id\":\"https:\\\/\\\/www.organisator.ch\\\/allgemein\\\/2024-02-27\\\/finalist-prix-svc-ostschweiz-2024-emil-egger-gruppe\\\/#primaryimage\",\"url\":\"https:\\\/\\\/www.organisator.ch\\\/wp-content\\\/uploads\\\/2024\\\/02\\\/Finalist-Prix-SVC-Ostschweiz-2024-Emil-Egger-Gruppe_Organisator.jpg\",\"contentUrl\":\"https:\\\/\\\/www.organisator.ch\\\/wp-content\\\/uploads\\\/2024\\\/02\\\/Finalist-Prix-SVC-Ostschweiz-2024-Emil-Egger-Gruppe_Organisator.jpg\",\"width\":680,\"height\":455,\"caption\":\"Ein Schiff per LKW transportieren? Kein Ding der Unm\u00f6glichkeit f\u00fcr die Emil Egger Gruppe. (Bild: Emil Egger AG \\\/ www.ete.ch)\"},{\"@type\":\"BreadcrumbList\",\"@id\":\"https:\\\/\\\/www.organisator.ch\\\/allgemein\\\/2024-02-27\\\/finalist-prix-svc-ostschweiz-2024-emil-egger-gruppe\\\/#breadcrumb\",\"itemListElement\":[{\"@type\":\"ListItem\",\"position\":1,\"name\":\"Home\",\"item\":\"https:\\\/\\\/www.organisator.ch\\\/\"},{\"@type\":\"ListItem\",\"position\":2,\"name\":\"Finalist Prix SVC Ostschweiz 2024: Emil Egger Gruppe\"}]},{\"@type\":\"WebSite\",\"@id\":\"https:\\\/\\\/www.organisator.ch\\\/#website\",\"url\":\"https:\\\/\\\/www.organisator.ch\\\/\",\"name\":\"Organisator\",\"description\":\"Kompetent. Praxisnah. Der ORGANISATOR bereitet in 10 Ausgaben pro Jahr die wesentlichen Themen f\u00fcr F\u00fchrungskr\u00e4fte von KMU auf.\",\"publisher\":{\"@id\":\"https:\\\/\\\/www.organisator.ch\\\/#organization\"},\"potentialAction\":[{\"@type\":\"SearchAction\",\"target\":{\"@type\":\"EntryPoint\",\"urlTemplate\":\"https:\\\/\\\/www.organisator.ch\\\/?s={search_term_string}\"},\"query-input\":{\"@type\":\"PropertyValueSpecification\",\"valueRequired\":true,\"valueName\":\"search_term_string\"}}],\"inLanguage\":\"it-IT\"},{\"@type\":\"Organization\",\"@id\":\"https:\\\/\\\/www.organisator.ch\\\/#organization\",\"name\":\"Organisator\",\"url\":\"https:\\\/\\\/www.organisator.ch\\\/\",\"logo\":{\"@type\":\"ImageObject\",\"inLanguage\":\"it-IT\",\"@id\":\"https:\\\/\\\/www.organisator.ch\\\/#\\\/schema\\\/logo\\\/image\\\/\",\"url\":\"https:\\\/\\\/www.organisator.ch\\\/wp-content\\\/uploads\\\/2022\\\/01\\\/Logo_Organisator_Website.png\",\"contentUrl\":\"https:\\\/\\\/www.organisator.ch\\\/wp-content\\\/uploads\\\/2022\\\/01\\\/Logo_Organisator_Website.png\",\"width\":800,\"height\":77,\"caption\":\"Organisator\"},\"image\":{\"@id\":\"https:\\\/\\\/www.organisator.ch\\\/#\\\/schema\\\/logo\\\/image\\\/\"},\"sameAs\":[\"https:\\\/\\\/www.facebook.com\\\/OrganisatorFachmagazin\",\"https:\\\/\\\/www.linkedin.com\\\/showcase\\\/organisator-das-magazin-fr-kmu\",\"https:\\\/\\\/www.xing.com\\\/news\\\/pages\\\/organisator-ch-695\",\"https:\\\/\\\/www.youtube.com\\\/channel\\\/UCGP2Sq0iWaZwT3BdIAQFYpw\"]},{\"@type\":\"Person\",\"@id\":\"https:\\\/\\\/www.organisator.ch\\\/#\\\/schema\\\/person\\\/6f650f90b2842cd4c0cc334b4e36f67e\",\"name\":\"thomas.berner\",\"image\":{\"@type\":\"ImageObject\",\"inLanguage\":\"it-IT\",\"@id\":\"https:\\\/\\\/secure.gravatar.com\\\/avatar\\\/ac5001d2a36cb6c6cd3e50789007ffca834b477b74a2144564522e944eabff61?s=96&d=mm&r=g\",\"url\":\"https:\\\/\\\/secure.gravatar.com\\\/avatar\\\/ac5001d2a36cb6c6cd3e50789007ffca834b477b74a2144564522e944eabff61?s=96&d=mm&r=g\",\"contentUrl\":\"https:\\\/\\\/secure.gravatar.com\\\/avatar\\\/ac5001d2a36cb6c6cd3e50789007ffca834b477b74a2144564522e944eabff61?s=96&d=mm&r=g\",\"caption\":\"thomas.berner\"},\"url\":\"https:\\\/\\\/www.organisator.ch\\\/it\\\/author\\\/thomas-berner\\\/\"}]}<\/script>\n<!-- \/ Yoast SEO plugin. -->","yoast_head_json":{"title":"Finalista Prix SVC Svizzera Orientale 2024: Gruppo Emil Egger - Organizzatore","description":"Il Prix SVC Ostschweiz 2024 sar\u00e0 assegnato il 7 marzo 2024. Anche il Gruppo Emil Egger, con sede a San Gallo, \u00e8 in finale.","robots":{"index":"index","follow":"follow","max-snippet":"max-snippet:-1","max-image-preview":"max-image-preview:large","max-video-preview":"max-video-preview:-1"},"canonical":"https:\/\/www.organisator.ch\/it\/generale\/2024-02-27\/finalist-prix-svc-ostschweiz-2024-emil-egger-gruppe\/","og_locale":"it_IT","og_type":"article","og_title":"Finalist Prix SVC Ostschweiz 2024: Emil Egger Gruppe","og_description":"Am 7. M\u00e4rz 2024 wird der Prix SVC Ostschweiz 2024 verliehen. Im Final steht auch die Emil Egger Gruppe mit Hauptsitz in St.Gallen.","og_url":"https:\/\/www.organisator.ch\/it\/generale\/2024-02-27\/finalist-prix-svc-ostschweiz-2024-emil-egger-gruppe\/","og_site_name":"Organisator","article_publisher":"https:\/\/www.facebook.com\/OrganisatorFachmagazin","article_published_time":"2024-02-27T12:25:20+00:00","article_modified_time":"2024-03-04T13:54:17+00:00","og_image":[{"width":680,"height":455,"url":"https:\/\/www.organisator.ch\/wp-content\/uploads\/2024\/02\/Finalist-Prix-SVC-Ostschweiz-2024-Emil-Egger-Gruppe_Organisator.jpg","type":"image\/jpeg"}],"author":"thomas.berner","twitter_card":"summary_large_image","twitter_title":"Finalist Prix SVC Ostschweiz 2024: Emil Egger Gruppe","twitter_description":"Am 7. M\u00e4rz 2024 wird der Prix SVC Ostschweiz 2024 verliehen. Im Final steht auch die Emil Egger Gruppe mit Hauptsitz in St.Gallen.","twitter_image":"https:\/\/www.organisator.ch\/wp-content\/uploads\/2024\/02\/Finalist-Prix-SVC-Ostschweiz-2024-Emil-Egger-Gruppe_Organisator.jpg","schema":{"@context":"https:\/\/schema.org","@graph":[{"@type":"Article","@id":"https:\/\/www.organisator.ch\/allgemein\/2024-02-27\/finalist-prix-svc-ostschweiz-2024-emil-egger-gruppe\/#article","isPartOf":{"@id":"https:\/\/www.organisator.ch\/allgemein\/2024-02-27\/finalist-prix-svc-ostschweiz-2024-emil-egger-gruppe\/"},"author":{"name":"thomas.berner","@id":"https:\/\/www.organisator.ch\/#\/schema\/person\/6f650f90b2842cd4c0cc334b4e36f67e"},"headline":"Finalist Prix SVC Ostschweiz 2024: Emil Egger Gruppe","datePublished":"2024-02-27T12:25:20+00:00","dateModified":"2024-03-04T13:54:17+00:00","mainEntityOfPage":{"@id":"https:\/\/www.organisator.ch\/allgemein\/2024-02-27\/finalist-prix-svc-ostschweiz-2024-emil-egger-gruppe\/"},"wordCount":653,"publisher":{"@id":"https:\/\/www.organisator.ch\/#organization"},"image":{"@id":"https:\/\/www.organisator.ch\/allgemein\/2024-02-27\/finalist-prix-svc-ostschweiz-2024-emil-egger-gruppe\/#primaryimage"},"thumbnailUrl":"https:\/\/www.organisator.ch\/wp-content\/uploads\/2024\/02\/Finalist-Prix-SVC-Ostschweiz-2024-Emil-Egger-Gruppe_Organisator.jpg","keywords":["Awards","Prix SVC Ostschweiz","Unternehmen"],"articleSection":["Allgemein"],"inLanguage":"it-IT"},{"@type":"WebPage","@id":"https:\/\/www.organisator.ch\/allgemein\/2024-02-27\/finalist-prix-svc-ostschweiz-2024-emil-egger-gruppe\/","url":"https:\/\/www.organisator.ch\/allgemein\/2024-02-27\/finalist-prix-svc-ostschweiz-2024-emil-egger-gruppe\/","name":"Finalista Prix SVC Svizzera Orientale 2024: Gruppo Emil Egger - Organizzatore","isPartOf":{"@id":"https:\/\/www.organisator.ch\/#website"},"primaryImageOfPage":{"@id":"https:\/\/www.organisator.ch\/allgemein\/2024-02-27\/finalist-prix-svc-ostschweiz-2024-emil-egger-gruppe\/#primaryimage"},"image":{"@id":"https:\/\/www.organisator.ch\/allgemein\/2024-02-27\/finalist-prix-svc-ostschweiz-2024-emil-egger-gruppe\/#primaryimage"},"thumbnailUrl":"https:\/\/www.organisator.ch\/wp-content\/uploads\/2024\/02\/Finalist-Prix-SVC-Ostschweiz-2024-Emil-Egger-Gruppe_Organisator.jpg","datePublished":"2024-02-27T12:25:20+00:00","dateModified":"2024-03-04T13:54:17+00:00","description":"Il Prix SVC Ostschweiz 2024 sar\u00e0 assegnato il 7 marzo 2024. Anche il Gruppo Emil Egger, con sede a San Gallo, \u00e8 in finale.","breadcrumb":{"@id":"https:\/\/www.organisator.ch\/allgemein\/2024-02-27\/finalist-prix-svc-ostschweiz-2024-emil-egger-gruppe\/#breadcrumb"},"inLanguage":"it-IT","potentialAction":[{"@type":"ReadAction","target":["https:\/\/www.organisator.ch\/allgemein\/2024-02-27\/finalist-prix-svc-ostschweiz-2024-emil-egger-gruppe\/"]}]},{"@type":"ImageObject","inLanguage":"it-IT","@id":"https:\/\/www.organisator.ch\/allgemein\/2024-02-27\/finalist-prix-svc-ostschweiz-2024-emil-egger-gruppe\/#primaryimage","url":"https:\/\/www.organisator.ch\/wp-content\/uploads\/2024\/02\/Finalist-Prix-SVC-Ostschweiz-2024-Emil-Egger-Gruppe_Organisator.jpg","contentUrl":"https:\/\/www.organisator.ch\/wp-content\/uploads\/2024\/02\/Finalist-Prix-SVC-Ostschweiz-2024-Emil-Egger-Gruppe_Organisator.jpg","width":680,"height":455,"caption":"Ein Schiff per LKW transportieren? Kein Ding der Unm\u00f6glichkeit f\u00fcr die Emil Egger Gruppe. (Bild: Emil Egger AG \/ www.ete.ch)"},{"@type":"BreadcrumbList","@id":"https:\/\/www.organisator.ch\/allgemein\/2024-02-27\/finalist-prix-svc-ostschweiz-2024-emil-egger-gruppe\/#breadcrumb","itemListElement":[{"@type":"ListItem","position":1,"name":"Home","item":"https:\/\/www.organisator.ch\/"},{"@type":"ListItem","position":2,"name":"Finalist Prix SVC Ostschweiz 2024: Emil Egger Gruppe"}]},{"@type":"WebSite","@id":"https:\/\/www.organisator.ch\/#website","url":"https:\/\/www.organisator.ch\/","name":"Organizzatore","description":"Competente. Pratico. In 10 numeri all'anno, ORGANISATOR presenta i temi essenziali per i manager delle PMI.","publisher":{"@id":"https:\/\/www.organisator.ch\/#organization"},"potentialAction":[{"@type":"SearchAction","target":{"@type":"EntryPoint","urlTemplate":"https:\/\/www.organisator.ch\/?s={search_term_string}"},"query-input":{"@type":"PropertyValueSpecification","valueRequired":true,"valueName":"search_term_string"}}],"inLanguage":"it-IT"},{"@type":"Organization","@id":"https:\/\/www.organisator.ch\/#organization","name":"Organizzatore","url":"https:\/\/www.organisator.ch\/","logo":{"@type":"ImageObject","inLanguage":"it-IT","@id":"https:\/\/www.organisator.ch\/#\/schema\/logo\/image\/","url":"https:\/\/www.organisator.ch\/wp-content\/uploads\/2022\/01\/Logo_Organisator_Website.png","contentUrl":"https:\/\/www.organisator.ch\/wp-content\/uploads\/2022\/01\/Logo_Organisator_Website.png","width":800,"height":77,"caption":"Organisator"},"image":{"@id":"https:\/\/www.organisator.ch\/#\/schema\/logo\/image\/"},"sameAs":["https:\/\/www.facebook.com\/OrganisatorFachmagazin","https:\/\/www.linkedin.com\/showcase\/organisator-das-magazin-fr-kmu","https:\/\/www.xing.com\/news\/pages\/organisator-ch-695","https:\/\/www.youtube.com\/channel\/UCGP2Sq0iWaZwT3BdIAQFYpw"]},{"@type":"Person","@id":"https:\/\/www.organisator.ch\/#\/schema\/person\/6f650f90b2842cd4c0cc334b4e36f67e","name":"Tommaso.berner","image":{"@type":"ImageObject","inLanguage":"it-IT","@id":"https:\/\/secure.gravatar.com\/avatar\/ac5001d2a36cb6c6cd3e50789007ffca834b477b74a2144564522e944eabff61?s=96&d=mm&r=g","url":"https:\/\/secure.gravatar.com\/avatar\/ac5001d2a36cb6c6cd3e50789007ffca834b477b74a2144564522e944eabff61?s=96&d=mm&r=g","contentUrl":"https:\/\/secure.gravatar.com\/avatar\/ac5001d2a36cb6c6cd3e50789007ffca834b477b74a2144564522e944eabff61?s=96&d=mm&r=g","caption":"thomas.berner"},"url":"https:\/\/www.organisator.ch\/it\/author\/thomas-berner\/"}]}},"_links":{"self":[{"href":"https:\/\/www.organisator.ch\/it\/wp-json\/wp\/v2\/posts\/25405","targetHints":{"allow":["GET"]}}],"collection":[{"href":"https:\/\/www.organisator.ch\/it\/wp-json\/wp\/v2\/posts"}],"about":[{"href":"https:\/\/www.organisator.ch\/it\/wp-json\/wp\/v2\/types\/post"}],"author":[{"embeddable":true,"href":"https:\/\/www.organisator.ch\/it\/wp-json\/wp\/v2\/users\/4"}],"replies":[{"embeddable":true,"href":"https:\/\/www.organisator.ch\/it\/wp-json\/wp\/v2\/comments?post=25405"}],"version-history":[{"count":11,"href":"https:\/\/www.organisator.ch\/it\/wp-json\/wp\/v2\/posts\/25405\/revisions"}],"predecessor-version":[{"id":25597,"href":"https:\/\/www.organisator.ch\/it\/wp-json\/wp\/v2\/posts\/25405\/revisions\/25597"}],"wp:featuredmedia":[{"embeddable":true,"href":"https:\/\/www.organisator.ch\/it\/wp-json\/wp\/v2\/media\/25406"}],"wp:attachment":[{"href":"https:\/\/www.organisator.ch\/it\/wp-json\/wp\/v2\/media?parent=25405"}],"wp:term":[{"taxonomy":"category","embeddable":true,"href":"https:\/\/www.organisator.ch\/it\/wp-json\/wp\/v2\/categories?post=25405"},{"taxonomy":"post_tag","embeddable":true,"href":"https:\/\/www.organisator.ch\/it\/wp-json\/wp\/v2\/tags?post=25405"}],"curies":[{"name":"wp","href":"https:\/\/api.w.org\/{rel}","templated":true}]}}