{"id":25459,"date":"2024-03-04T13:45:11","date_gmt":"2024-03-04T12:45:11","guid":{"rendered":"https:\/\/www.organisator.ch\/?p=25459"},"modified":"2024-03-04T10:50:05","modified_gmt":"2024-03-04T09:50:05","slug":"finalist-prix-svc-ostschweiz-2024-zindel-united","status":"publish","type":"post","link":"https:\/\/www.organisator.ch\/it\/allgemein\/2024-03-04\/finalist-prix-svc-ostschweiz-2024-zindel-united\/","title":{"rendered":"Finalista Premio SVC Svizzera orientale 2024: Zindel United"},"content":{"rendered":"<figure id=\"attachment_25460\" aria-describedby=\"caption-attachment-25460\" style=\"width: 680px\" class=\"wp-caption alignnone\"><img loading=\"lazy\" decoding=\"async\" class=\"size-full wp-image-25460\" src=\"https:\/\/www.organisator.ch\/wp-content\/uploads\/2024\/02\/Finalist-Prix-SVC-Ostschweiz-2024-Zindel-United_Organisator.jpg\" alt=\"\" width=\"680\" height=\"356\" srcset=\"https:\/\/www.organisator.ch\/wp-content\/uploads\/2024\/02\/Finalist-Prix-SVC-Ostschweiz-2024-Zindel-United_Organisator.jpg 680w, https:\/\/www.organisator.ch\/wp-content\/uploads\/2024\/02\/Finalist-Prix-SVC-Ostschweiz-2024-Zindel-United_Organisator-18x9.jpg 18w, https:\/\/www.organisator.ch\/wp-content\/uploads\/2024\/02\/Finalist-Prix-SVC-Ostschweiz-2024-Zindel-United_Organisator-375x196.jpg 375w, https:\/\/www.organisator.ch\/wp-content\/uploads\/2024\/02\/Finalist-Prix-SVC-Ostschweiz-2024-Zindel-United_Organisator-669x350.jpg 669w\" sizes=\"auto, (max-width: 680px) 100vw, 680px\" \/><figcaption id=\"caption-attachment-25460\" class=\"wp-caption-text\">In finale per il Prix SVC Ostschweiz anche Zindel United di Maienfeld GR (Immagine: Screenshot www.zindel-united.swiss)<\/figcaption><\/figure>\n<p>Progettare, costruire, abitare: questa \u00e8 la triade dell'impresa di costruzioni a conduzione familiare Zindel United di Maienfeld. Andreas Zindel \u00e8 l'ottava generazione a capo dell'azienda, che copre tutte le fasi del ciclo di vita di un edificio. Si inizia con un'idea, si prosegue con il finanziamento e la pianificazione, la demolizione o la ristrutturazione di edifici esistenti e si termina con la nuova costruzione e la manutenzione.<\/p>\n<h3><strong>Oltre 200 anni di storia<\/strong><\/h3>\n<p>I 210 anni di storia risalgono al maestro muratore Johann Ulrich Zindel. Egli fond\u00f2 la propria attivit\u00e0 nel 1808. Agli albori dell'azienda, tuttavia, l'agricoltura era ancora una parte importante delle sue attivit\u00e0. Tuttavia, ci\u00f2 non precludeva una forte crescita: nel 1866, alla quarta generazione, si dice che Zindel fosse gi\u00e0 un'azienda importante, come si evince dalla storia aziendale. Infine, negli anni Venti, Zindel si trasform\u00f2 in una pura impresa di costruzioni e la parte agricola fu abbandonata. Tra i clienti c'era anche la Confederazione Svizzera, che fece costruire grandi fortificazioni nell'area di Sargans durante la Seconda Guerra Mondiale. Anche la messa in funzione e l'acquisizione di diverse opere di ghiaia e calcestruzzo contribuirono all'ulteriore crescita dell'azienda di famiglia. Negli anni '90 e dopo l'inizio del nuovo millennio sono state effettuate altre acquisizioni di aziende. Queste sono state fuse da Andreas Zindel-Schnell (settima generazione) per formare Zindel United.<\/p>\n<h3><strong>Calcestruzzo a zero emissioni di CO2<\/strong><\/h3>\n<p>Sotto l'attuale direzione di Andreas Zindel, l'azienda impiega circa 450 persone. Alla sede principale di Maienfeld si aggiungono altre otto sedi nei Grigioni, nel Walenstadt e nella Valle del Reno sangallese. Zindel United si concentra su servizi di costruzione innovativi, sostenibili e personalizzati. Attualmente l'azienda si sta concentrando anche sul tema della riduzione di CO2, ad esempio con il calcestruzzo. In collaborazione con aziende partner e con l'Universit\u00e0 di Scienze Applicate della Svizzera Orientale OST, \u00e8 stato sviluppato il primo calcestruzzo a zero emissioni di CO2 in Svizzera con il nome di \"Klark\". Secondo Zindel United, questo calcestruzzo \u00e8 gi\u00e0 stato utilizzato con successo e presenta le stesse propriet\u00e0 del calcestruzzo tradizionale.<\/p>\n<h3><strong>Torre dalla stampante 3D<\/strong><\/h3>\n<p>L'innovazione \u00e8 una priorit\u00e0 assoluta per Zindel United. Non solo si sviluppano nuovi tipi di calcestruzzo, ma si sperimentano attivamente anche nuovi metodi di costruzione. A Mulegns, ad esempio, si sta costruendo una torre alta 29 metri interamente con la stampa 3D, la cui inaugurazione \u00e8 prevista per il 2024. Zindel United \u00e8 inoltre attivamente coinvolta nel nuovo centro di innovazione \"InnoQube Swiss\" a Coira. Il centro promuover\u00e0 start-up per idee innovative, sostenibili e digitali. Da quest'anno, nel 2024, vi si svolgeranno anche attivit\u00e0 di ricerca, vita e lavoro, ancora una volta nello spirito della triade menzionata all'inizio.<\/p>\n<p><em>Ulteriori informazioni: <a href=\"https:\/\/www.zindel-united.swiss\/\">https:\/\/www.zindel-united.swiss\/<\/a> \/ <a href=\"http:\/\/www.svc.swiss\">www.svc.swiss<\/a><\/em><\/p>\n<p><em>\u00a0<\/em><\/p>\n<blockquote>\n<h3>Prix SVC Ostschweiz - gli altri finalisti (ordine alfabetico):<\/h3>\n<ul>\n<li><a href=\"https:\/\/www.organisator.ch\/de\/allgemein\/2024-02-27\/finalist-prix-svc-ostschweiz-2024-emil-egger-gruppe\/\">Gruppo Emil Egger<\/a><\/li>\n<li><a href=\"https:\/\/www.organisator.ch\/de\/allgemein\/2024-02-28\/finalist-prix-svc-ostschweiz-2024-huber-fenster-ag\/\">Huber Fenster AG<\/a><\/li>\n<li><a href=\"https:\/\/www.organisator.ch\/de\/allgemein\/2024-02-29\/finalist-prix-svc-ostschweiz-2024-maerchenhotel-ag\/\">Hotel Fairytale AG<\/a><\/li>\n<li><a href=\"https:\/\/www.organisator.ch\/de\/allgemein\/2024-03-01\/finalist-prix-svc-ostschweiz-2024-nussbaum-matzingen-ag\/\">Nussbaum Matzingen AG<\/a><\/li>\n<\/ul>\n<\/blockquote>","protected":false},"excerpt":{"rendered":"<p>Il Prix SVC Ostschweiz 2024 sar\u00e0 assegnato il 7 marzo 2024. Cinque aziende sono in finale, una delle quali \u00e8 Zindel United di Maienfeld, nei Grigioni. Ecco un breve ritratto dell'azienda, che ha 200 anni di storia.<\/p>","protected":false},"author":4,"featured_media":25460,"comment_status":"closed","ping_status":"closed","sticky":false,"template":"","format":"standard","meta":{"_acf_changed":false,"_yoast_wpseo_focuskw":"Zindel United","_yoast_wpseo_metadesc":"Am 7. M\u00e4rz 2024 wird der Prix SVC Ostschweiz 2024 verliehen. Im Final steht auch die Zindel United aus dem b\u00fcndnerischen Maienfeld.","articlekey":"","footnotes":""},"categories":[1],"tags":[66,4117,492],"class_list":["post-25459","post","type-post","status-publish","format-standard","has-post-thumbnail","hentry","category-allgemein","tag-awards","tag-prix-svc-ostschweiz","tag-unternehmen"],"acf":[],"yoast_head":"<!-- This site is optimized with the Yoast SEO plugin v27.5 - https:\/\/yoast.com\/product\/yoast-seo-wordpress\/ -->\n<title>Finalist Prix SVC Ostschweiz 2024: Zindel United - Organisator<\/title>\n<meta name=\"description\" content=\"Am 7. M\u00e4rz 2024 wird der Prix SVC Ostschweiz 2024 verliehen. Im Final steht auch die Zindel United aus dem b\u00fcndnerischen Maienfeld.\" \/>\n<meta name=\"robots\" content=\"index, follow, max-snippet:-1, max-image-preview:large, max-video-preview:-1\" \/>\n<link rel=\"canonical\" href=\"https:\/\/www.organisator.ch\/it\/generale\/2024-03-04\/finalist-prix-svc-ostschweiz-2024-zindel-united\/\" \/>\n<meta property=\"og:locale\" content=\"it_IT\" \/>\n<meta property=\"og:type\" content=\"article\" \/>\n<meta property=\"og:title\" content=\"Finalist Prix SVC Ostschweiz 2024: Zindel United\" \/>\n<meta property=\"og:description\" content=\"Am 7. M\u00e4rz 2024 wird der Prix SVC Ostschweiz 2024 verliehen. Im Final steht auch die Zindel United aus dem b\u00fcndnerischen Maienfeld.\" \/>\n<meta property=\"og:url\" content=\"https:\/\/www.organisator.ch\/it\/generale\/2024-03-04\/finalist-prix-svc-ostschweiz-2024-zindel-united\/\" \/>\n<meta property=\"og:site_name\" content=\"Organisator\" \/>\n<meta property=\"article:publisher\" content=\"https:\/\/www.facebook.com\/OrganisatorFachmagazin\" \/>\n<meta property=\"article:published_time\" content=\"2024-03-04T12:45:11+00:00\" \/>\n<meta property=\"og:image\" content=\"https:\/\/www.organisator.ch\/wp-content\/uploads\/2024\/02\/Finalist-Prix-SVC-Ostschweiz-2024-Zindel-United_Organisator.jpg\" \/>\n\t<meta property=\"og:image:width\" content=\"680\" \/>\n\t<meta property=\"og:image:height\" content=\"356\" \/>\n\t<meta property=\"og:image:type\" content=\"image\/jpeg\" \/>\n<meta name=\"author\" content=\"thomas.berner\" \/>\n<meta name=\"twitter:card\" content=\"summary_large_image\" \/>\n<meta name=\"twitter:title\" content=\"Finalist Prix #SVC Ostschweiz 2024: #Zindel United\" \/>\n<meta name=\"twitter:description\" content=\"Am 7. M\u00e4rz 2024 wird der Prix #SVC Ostschweiz 2024 verliehen. Im Final steht auch die #Zindel United aus dem b\u00fcndnerischen Maienfeld.\" \/>\n<meta name=\"twitter:image\" content=\"https:\/\/www.organisator.ch\/wp-content\/uploads\/2024\/02\/Finalist-Prix-SVC-Ostschweiz-2024-Zindel-United_Organisator.jpg\" \/>\n<script type=\"application\/ld+json\" class=\"yoast-schema-graph\">{\"@context\":\"https:\\\/\\\/schema.org\",\"@graph\":[{\"@type\":\"Article\",\"@id\":\"https:\\\/\\\/www.organisator.ch\\\/allgemein\\\/2024-03-04\\\/finalist-prix-svc-ostschweiz-2024-zindel-united\\\/#article\",\"isPartOf\":{\"@id\":\"https:\\\/\\\/www.organisator.ch\\\/allgemein\\\/2024-03-04\\\/finalist-prix-svc-ostschweiz-2024-zindel-united\\\/\"},\"author\":{\"name\":\"thomas.berner\",\"@id\":\"https:\\\/\\\/www.organisator.ch\\\/#\\\/schema\\\/person\\\/6f650f90b2842cd4c0cc334b4e36f67e\"},\"headline\":\"Finalist Prix SVC Ostschweiz 2024: Zindel United\",\"datePublished\":\"2024-03-04T12:45:11+00:00\",\"mainEntityOfPage\":{\"@id\":\"https:\\\/\\\/www.organisator.ch\\\/allgemein\\\/2024-03-04\\\/finalist-prix-svc-ostschweiz-2024-zindel-united\\\/\"},\"wordCount\":472,\"publisher\":{\"@id\":\"https:\\\/\\\/www.organisator.ch\\\/#organization\"},\"image\":{\"@id\":\"https:\\\/\\\/www.organisator.ch\\\/allgemein\\\/2024-03-04\\\/finalist-prix-svc-ostschweiz-2024-zindel-united\\\/#primaryimage\"},\"thumbnailUrl\":\"https:\\\/\\\/www.organisator.ch\\\/wp-content\\\/uploads\\\/2024\\\/02\\\/Finalist-Prix-SVC-Ostschweiz-2024-Zindel-United_Organisator.jpg\",\"keywords\":[\"Awards\",\"Prix SVC Ostschweiz\",\"Unternehmen\"],\"articleSection\":[\"Allgemein\"],\"inLanguage\":\"it-IT\"},{\"@type\":\"WebPage\",\"@id\":\"https:\\\/\\\/www.organisator.ch\\\/allgemein\\\/2024-03-04\\\/finalist-prix-svc-ostschweiz-2024-zindel-united\\\/\",\"url\":\"https:\\\/\\\/www.organisator.ch\\\/allgemein\\\/2024-03-04\\\/finalist-prix-svc-ostschweiz-2024-zindel-united\\\/\",\"name\":\"Finalist Prix SVC Ostschweiz 2024: Zindel United - Organisator\",\"isPartOf\":{\"@id\":\"https:\\\/\\\/www.organisator.ch\\\/#website\"},\"primaryImageOfPage\":{\"@id\":\"https:\\\/\\\/www.organisator.ch\\\/allgemein\\\/2024-03-04\\\/finalist-prix-svc-ostschweiz-2024-zindel-united\\\/#primaryimage\"},\"image\":{\"@id\":\"https:\\\/\\\/www.organisator.ch\\\/allgemein\\\/2024-03-04\\\/finalist-prix-svc-ostschweiz-2024-zindel-united\\\/#primaryimage\"},\"thumbnailUrl\":\"https:\\\/\\\/www.organisator.ch\\\/wp-content\\\/uploads\\\/2024\\\/02\\\/Finalist-Prix-SVC-Ostschweiz-2024-Zindel-United_Organisator.jpg\",\"datePublished\":\"2024-03-04T12:45:11+00:00\",\"description\":\"Am 7. M\u00e4rz 2024 wird der Prix SVC Ostschweiz 2024 verliehen. Im Final steht auch die Zindel United aus dem b\u00fcndnerischen Maienfeld.\",\"breadcrumb\":{\"@id\":\"https:\\\/\\\/www.organisator.ch\\\/allgemein\\\/2024-03-04\\\/finalist-prix-svc-ostschweiz-2024-zindel-united\\\/#breadcrumb\"},\"inLanguage\":\"it-IT\",\"potentialAction\":[{\"@type\":\"ReadAction\",\"target\":[\"https:\\\/\\\/www.organisator.ch\\\/allgemein\\\/2024-03-04\\\/finalist-prix-svc-ostschweiz-2024-zindel-united\\\/\"]}]},{\"@type\":\"ImageObject\",\"inLanguage\":\"it-IT\",\"@id\":\"https:\\\/\\\/www.organisator.ch\\\/allgemein\\\/2024-03-04\\\/finalist-prix-svc-ostschweiz-2024-zindel-united\\\/#primaryimage\",\"url\":\"https:\\\/\\\/www.organisator.ch\\\/wp-content\\\/uploads\\\/2024\\\/02\\\/Finalist-Prix-SVC-Ostschweiz-2024-Zindel-United_Organisator.jpg\",\"contentUrl\":\"https:\\\/\\\/www.organisator.ch\\\/wp-content\\\/uploads\\\/2024\\\/02\\\/Finalist-Prix-SVC-Ostschweiz-2024-Zindel-United_Organisator.jpg\",\"width\":680,\"height\":356,\"caption\":\"Ebenfalls im Final f\u00fcr den Prix SVC Ostschweiz: Zindel United aus Maienfeld GR (Bild: Screenshot www.zindel-united.swiss)\"},{\"@type\":\"BreadcrumbList\",\"@id\":\"https:\\\/\\\/www.organisator.ch\\\/allgemein\\\/2024-03-04\\\/finalist-prix-svc-ostschweiz-2024-zindel-united\\\/#breadcrumb\",\"itemListElement\":[{\"@type\":\"ListItem\",\"position\":1,\"name\":\"Home\",\"item\":\"https:\\\/\\\/www.organisator.ch\\\/\"},{\"@type\":\"ListItem\",\"position\":2,\"name\":\"Finalist Prix SVC Ostschweiz 2024: Zindel United\"}]},{\"@type\":\"WebSite\",\"@id\":\"https:\\\/\\\/www.organisator.ch\\\/#website\",\"url\":\"https:\\\/\\\/www.organisator.ch\\\/\",\"name\":\"Organisator\",\"description\":\"Kompetent. Praxisnah. Der ORGANISATOR bereitet in 10 Ausgaben pro Jahr die wesentlichen Themen f\u00fcr F\u00fchrungskr\u00e4fte von KMU auf.\",\"publisher\":{\"@id\":\"https:\\\/\\\/www.organisator.ch\\\/#organization\"},\"potentialAction\":[{\"@type\":\"SearchAction\",\"target\":{\"@type\":\"EntryPoint\",\"urlTemplate\":\"https:\\\/\\\/www.organisator.ch\\\/?s={search_term_string}\"},\"query-input\":{\"@type\":\"PropertyValueSpecification\",\"valueRequired\":true,\"valueName\":\"search_term_string\"}}],\"inLanguage\":\"it-IT\"},{\"@type\":\"Organization\",\"@id\":\"https:\\\/\\\/www.organisator.ch\\\/#organization\",\"name\":\"Organisator\",\"url\":\"https:\\\/\\\/www.organisator.ch\\\/\",\"logo\":{\"@type\":\"ImageObject\",\"inLanguage\":\"it-IT\",\"@id\":\"https:\\\/\\\/www.organisator.ch\\\/#\\\/schema\\\/logo\\\/image\\\/\",\"url\":\"https:\\\/\\\/www.organisator.ch\\\/wp-content\\\/uploads\\\/2022\\\/01\\\/Logo_Organisator_Website.png\",\"contentUrl\":\"https:\\\/\\\/www.organisator.ch\\\/wp-content\\\/uploads\\\/2022\\\/01\\\/Logo_Organisator_Website.png\",\"width\":800,\"height\":77,\"caption\":\"Organisator\"},\"image\":{\"@id\":\"https:\\\/\\\/www.organisator.ch\\\/#\\\/schema\\\/logo\\\/image\\\/\"},\"sameAs\":[\"https:\\\/\\\/www.facebook.com\\\/OrganisatorFachmagazin\",\"https:\\\/\\\/www.linkedin.com\\\/showcase\\\/organisator-das-magazin-fr-kmu\",\"https:\\\/\\\/www.xing.com\\\/news\\\/pages\\\/organisator-ch-695\",\"https:\\\/\\\/www.youtube.com\\\/channel\\\/UCGP2Sq0iWaZwT3BdIAQFYpw\"]},{\"@type\":\"Person\",\"@id\":\"https:\\\/\\\/www.organisator.ch\\\/#\\\/schema\\\/person\\\/6f650f90b2842cd4c0cc334b4e36f67e\",\"name\":\"thomas.berner\",\"image\":{\"@type\":\"ImageObject\",\"inLanguage\":\"it-IT\",\"@id\":\"https:\\\/\\\/secure.gravatar.com\\\/avatar\\\/ac5001d2a36cb6c6cd3e50789007ffca834b477b74a2144564522e944eabff61?s=96&d=mm&r=g\",\"url\":\"https:\\\/\\\/secure.gravatar.com\\\/avatar\\\/ac5001d2a36cb6c6cd3e50789007ffca834b477b74a2144564522e944eabff61?s=96&d=mm&r=g\",\"contentUrl\":\"https:\\\/\\\/secure.gravatar.com\\\/avatar\\\/ac5001d2a36cb6c6cd3e50789007ffca834b477b74a2144564522e944eabff61?s=96&d=mm&r=g\",\"caption\":\"thomas.berner\"},\"url\":\"https:\\\/\\\/www.organisator.ch\\\/it\\\/author\\\/thomas-berner\\\/\"}]}<\/script>\n<!-- \/ Yoast SEO plugin. -->","yoast_head_json":{"title":"Finalista Premio SVC Svizzera Orientale 2024: Zindel United - Organizzatore","description":"Il Prix SVC Ostschweiz 2024 sar\u00e0 assegnato il 7 marzo 2024. Anche lo Zindel United di Maienfeld nei Grigioni \u00e8 in finale.","robots":{"index":"index","follow":"follow","max-snippet":"max-snippet:-1","max-image-preview":"max-image-preview:large","max-video-preview":"max-video-preview:-1"},"canonical":"https:\/\/www.organisator.ch\/it\/generale\/2024-03-04\/finalist-prix-svc-ostschweiz-2024-zindel-united\/","og_locale":"it_IT","og_type":"article","og_title":"Finalist Prix SVC Ostschweiz 2024: Zindel United","og_description":"Am 7. M\u00e4rz 2024 wird der Prix SVC Ostschweiz 2024 verliehen. Im Final steht auch die Zindel United aus dem b\u00fcndnerischen Maienfeld.","og_url":"https:\/\/www.organisator.ch\/it\/generale\/2024-03-04\/finalist-prix-svc-ostschweiz-2024-zindel-united\/","og_site_name":"Organisator","article_publisher":"https:\/\/www.facebook.com\/OrganisatorFachmagazin","article_published_time":"2024-03-04T12:45:11+00:00","og_image":[{"width":680,"height":356,"url":"https:\/\/www.organisator.ch\/wp-content\/uploads\/2024\/02\/Finalist-Prix-SVC-Ostschweiz-2024-Zindel-United_Organisator.jpg","type":"image\/jpeg"}],"author":"thomas.berner","twitter_card":"summary_large_image","twitter_title":"Finalist Prix #SVC Ostschweiz 2024: #Zindel United","twitter_description":"Am 7. M\u00e4rz 2024 wird der Prix #SVC Ostschweiz 2024 verliehen. Im Final steht auch die #Zindel United aus dem b\u00fcndnerischen Maienfeld.","twitter_image":"https:\/\/www.organisator.ch\/wp-content\/uploads\/2024\/02\/Finalist-Prix-SVC-Ostschweiz-2024-Zindel-United_Organisator.jpg","schema":{"@context":"https:\/\/schema.org","@graph":[{"@type":"Article","@id":"https:\/\/www.organisator.ch\/allgemein\/2024-03-04\/finalist-prix-svc-ostschweiz-2024-zindel-united\/#article","isPartOf":{"@id":"https:\/\/www.organisator.ch\/allgemein\/2024-03-04\/finalist-prix-svc-ostschweiz-2024-zindel-united\/"},"author":{"name":"thomas.berner","@id":"https:\/\/www.organisator.ch\/#\/schema\/person\/6f650f90b2842cd4c0cc334b4e36f67e"},"headline":"Finalist Prix SVC Ostschweiz 2024: Zindel United","datePublished":"2024-03-04T12:45:11+00:00","mainEntityOfPage":{"@id":"https:\/\/www.organisator.ch\/allgemein\/2024-03-04\/finalist-prix-svc-ostschweiz-2024-zindel-united\/"},"wordCount":472,"publisher":{"@id":"https:\/\/www.organisator.ch\/#organization"},"image":{"@id":"https:\/\/www.organisator.ch\/allgemein\/2024-03-04\/finalist-prix-svc-ostschweiz-2024-zindel-united\/#primaryimage"},"thumbnailUrl":"https:\/\/www.organisator.ch\/wp-content\/uploads\/2024\/02\/Finalist-Prix-SVC-Ostschweiz-2024-Zindel-United_Organisator.jpg","keywords":["Awards","Prix SVC Ostschweiz","Unternehmen"],"articleSection":["Allgemein"],"inLanguage":"it-IT"},{"@type":"WebPage","@id":"https:\/\/www.organisator.ch\/allgemein\/2024-03-04\/finalist-prix-svc-ostschweiz-2024-zindel-united\/","url":"https:\/\/www.organisator.ch\/allgemein\/2024-03-04\/finalist-prix-svc-ostschweiz-2024-zindel-united\/","name":"Finalista Premio SVC Svizzera Orientale 2024: Zindel United - Organizzatore","isPartOf":{"@id":"https:\/\/www.organisator.ch\/#website"},"primaryImageOfPage":{"@id":"https:\/\/www.organisator.ch\/allgemein\/2024-03-04\/finalist-prix-svc-ostschweiz-2024-zindel-united\/#primaryimage"},"image":{"@id":"https:\/\/www.organisator.ch\/allgemein\/2024-03-04\/finalist-prix-svc-ostschweiz-2024-zindel-united\/#primaryimage"},"thumbnailUrl":"https:\/\/www.organisator.ch\/wp-content\/uploads\/2024\/02\/Finalist-Prix-SVC-Ostschweiz-2024-Zindel-United_Organisator.jpg","datePublished":"2024-03-04T12:45:11+00:00","description":"Il Prix SVC Ostschweiz 2024 sar\u00e0 assegnato il 7 marzo 2024. Anche lo Zindel United di Maienfeld nei Grigioni \u00e8 in finale.","breadcrumb":{"@id":"https:\/\/www.organisator.ch\/allgemein\/2024-03-04\/finalist-prix-svc-ostschweiz-2024-zindel-united\/#breadcrumb"},"inLanguage":"it-IT","potentialAction":[{"@type":"ReadAction","target":["https:\/\/www.organisator.ch\/allgemein\/2024-03-04\/finalist-prix-svc-ostschweiz-2024-zindel-united\/"]}]},{"@type":"ImageObject","inLanguage":"it-IT","@id":"https:\/\/www.organisator.ch\/allgemein\/2024-03-04\/finalist-prix-svc-ostschweiz-2024-zindel-united\/#primaryimage","url":"https:\/\/www.organisator.ch\/wp-content\/uploads\/2024\/02\/Finalist-Prix-SVC-Ostschweiz-2024-Zindel-United_Organisator.jpg","contentUrl":"https:\/\/www.organisator.ch\/wp-content\/uploads\/2024\/02\/Finalist-Prix-SVC-Ostschweiz-2024-Zindel-United_Organisator.jpg","width":680,"height":356,"caption":"Ebenfalls im Final f\u00fcr den Prix SVC Ostschweiz: Zindel United aus Maienfeld GR (Bild: Screenshot www.zindel-united.swiss)"},{"@type":"BreadcrumbList","@id":"https:\/\/www.organisator.ch\/allgemein\/2024-03-04\/finalist-prix-svc-ostschweiz-2024-zindel-united\/#breadcrumb","itemListElement":[{"@type":"ListItem","position":1,"name":"Home","item":"https:\/\/www.organisator.ch\/"},{"@type":"ListItem","position":2,"name":"Finalist Prix SVC Ostschweiz 2024: Zindel United"}]},{"@type":"WebSite","@id":"https:\/\/www.organisator.ch\/#website","url":"https:\/\/www.organisator.ch\/","name":"Organizzatore","description":"Competente. Pratico. In 10 numeri all'anno, ORGANISATOR presenta i temi essenziali per i manager delle PMI.","publisher":{"@id":"https:\/\/www.organisator.ch\/#organization"},"potentialAction":[{"@type":"SearchAction","target":{"@type":"EntryPoint","urlTemplate":"https:\/\/www.organisator.ch\/?s={search_term_string}"},"query-input":{"@type":"PropertyValueSpecification","valueRequired":true,"valueName":"search_term_string"}}],"inLanguage":"it-IT"},{"@type":"Organization","@id":"https:\/\/www.organisator.ch\/#organization","name":"Organizzatore","url":"https:\/\/www.organisator.ch\/","logo":{"@type":"ImageObject","inLanguage":"it-IT","@id":"https:\/\/www.organisator.ch\/#\/schema\/logo\/image\/","url":"https:\/\/www.organisator.ch\/wp-content\/uploads\/2022\/01\/Logo_Organisator_Website.png","contentUrl":"https:\/\/www.organisator.ch\/wp-content\/uploads\/2022\/01\/Logo_Organisator_Website.png","width":800,"height":77,"caption":"Organisator"},"image":{"@id":"https:\/\/www.organisator.ch\/#\/schema\/logo\/image\/"},"sameAs":["https:\/\/www.facebook.com\/OrganisatorFachmagazin","https:\/\/www.linkedin.com\/showcase\/organisator-das-magazin-fr-kmu","https:\/\/www.xing.com\/news\/pages\/organisator-ch-695","https:\/\/www.youtube.com\/channel\/UCGP2Sq0iWaZwT3BdIAQFYpw"]},{"@type":"Person","@id":"https:\/\/www.organisator.ch\/#\/schema\/person\/6f650f90b2842cd4c0cc334b4e36f67e","name":"Tommaso.berner","image":{"@type":"ImageObject","inLanguage":"it-IT","@id":"https:\/\/secure.gravatar.com\/avatar\/ac5001d2a36cb6c6cd3e50789007ffca834b477b74a2144564522e944eabff61?s=96&d=mm&r=g","url":"https:\/\/secure.gravatar.com\/avatar\/ac5001d2a36cb6c6cd3e50789007ffca834b477b74a2144564522e944eabff61?s=96&d=mm&r=g","contentUrl":"https:\/\/secure.gravatar.com\/avatar\/ac5001d2a36cb6c6cd3e50789007ffca834b477b74a2144564522e944eabff61?s=96&d=mm&r=g","caption":"thomas.berner"},"url":"https:\/\/www.organisator.ch\/it\/author\/thomas-berner\/"}]}},"_links":{"self":[{"href":"https:\/\/www.organisator.ch\/it\/wp-json\/wp\/v2\/posts\/25459","targetHints":{"allow":["GET"]}}],"collection":[{"href":"https:\/\/www.organisator.ch\/it\/wp-json\/wp\/v2\/posts"}],"about":[{"href":"https:\/\/www.organisator.ch\/it\/wp-json\/wp\/v2\/types\/post"}],"author":[{"embeddable":true,"href":"https:\/\/www.organisator.ch\/it\/wp-json\/wp\/v2\/users\/4"}],"replies":[{"embeddable":true,"href":"https:\/\/www.organisator.ch\/it\/wp-json\/wp\/v2\/comments?post=25459"}],"version-history":[{"count":5,"href":"https:\/\/www.organisator.ch\/it\/wp-json\/wp\/v2\/posts\/25459\/revisions"}],"predecessor-version":[{"id":25619,"href":"https:\/\/www.organisator.ch\/it\/wp-json\/wp\/v2\/posts\/25459\/revisions\/25619"}],"wp:featuredmedia":[{"embeddable":true,"href":"https:\/\/www.organisator.ch\/it\/wp-json\/wp\/v2\/media\/25460"}],"wp:attachment":[{"href":"https:\/\/www.organisator.ch\/it\/wp-json\/wp\/v2\/media?parent=25459"}],"wp:term":[{"taxonomy":"category","embeddable":true,"href":"https:\/\/www.organisator.ch\/it\/wp-json\/wp\/v2\/categories?post=25459"},{"taxonomy":"post_tag","embeddable":true,"href":"https:\/\/www.organisator.ch\/it\/wp-json\/wp\/v2\/tags?post=25459"}],"curies":[{"name":"wp","href":"https:\/\/api.w.org\/{rel}","templated":true}]}}