{"id":25497,"date":"2024-02-29T09:13:15","date_gmt":"2024-02-29T08:13:15","guid":{"rendered":"https:\/\/www.organisator.ch\/?p=25497"},"modified":"2024-02-29T09:13:15","modified_gmt":"2024-02-29T08:13:15","slug":"urs-ryffel-helene-budliger-artieda-und-andy-boeckli-neu-im-smg-vorstand","status":"publish","type":"post","link":"https:\/\/www.organisator.ch\/it\/management\/2024-02-29\/urs-ryffel-helene-budliger-artieda-und-andy-boeckli-neu-im-smg-vorstand\/","title":{"rendered":"Urs Ryffel, Helene Budliger Artieda e Andy B\u00f6ckli nuovi membri del Consiglio di amministrazione di SMG"},"content":{"rendered":"<figure id=\"attachment_25499\" aria-describedby=\"caption-attachment-25499\" style=\"width: 680px\" class=\"wp-caption alignnone\"><img loading=\"lazy\" decoding=\"async\" class=\"size-full wp-image-25499\" src=\"https:\/\/www.organisator.ch\/wp-content\/uploads\/2024\/02\/SMG_Bild1_ps.jpg\" alt=\"\" width=\"680\" height=\"260\" srcset=\"https:\/\/www.organisator.ch\/wp-content\/uploads\/2024\/02\/SMG_Bild1_ps.jpg 680w, https:\/\/www.organisator.ch\/wp-content\/uploads\/2024\/02\/SMG_Bild1_ps-18x7.jpg 18w, https:\/\/www.organisator.ch\/wp-content\/uploads\/2024\/02\/SMG_Bild1_ps-375x143.jpg 375w\" sizes=\"auto, (max-width: 680px) 100vw, 680px\" \/><figcaption id=\"caption-attachment-25499\" class=\"wp-caption-text\">Urs Ryffel, Helene Budliger Artieda e Andy B\u00f6ckli appena eletti nel Consiglio dell'Associazione Svizzera di Management (SMG). (Immagine: www.smg.ch)<\/figcaption><\/figure>\n<p>Sarah Kreienb\u00fchl, Presidente del SMG e membro del Consiglio di Amministrazione di K\u00fchne + Nagel International AG, si congratula con i tre nuovi membri del Consiglio di Amministrazione per la loro elezione. \"I miei pi\u00f9 sinceri ringraziamenti vanno a Martin Hirzel, Patrik Gisel, Yves Serra e Daniela Stoffel per il prezioso impegno profuso nel SMG negli ultimi anni e mi auguro una collaborazione di successo con Urs Ryffel, Helene Budliger Artieda e Andy B\u00f6ckli\".<\/p>\n<p>Urs Ryffel \u00e8 amministratore delegato di Huber+Suhner dal 2017. Ha studiato ingegneria meccanica al Politecnico di Zurigo e si \u00e8 laureato con un master in scienze della gestione e della produzione. Ha iniziato la sua carriera professionale presso ABB e Alstom nel settore delle centrali elettriche. \u00c8 entrato in Huber+Suhner nel 2002 ed \u00e8 stato responsabile della divisione fibre ottiche per 10 anni come membro della Direzione del Gruppo. Urs Ryffel \u00e8 anche membro del Consiglio di amministrazione di Bergbahnen Scuol AG e del Consiglio di amministrazione di Swissmem.<\/p>\n<p>Helene Budliger Artieda \u00e8 direttore della Segreteria di Stato per l'economia (SECO). In precedenza ha lavorato come ambasciatrice della Svizzera in vari Paesi. Dal 2008 al 2015, Helene Budliger Artieda \u00e8 stata direttrice della Direzione delle risorse del DFAE. Ha completato un programma di formazione interna al DFAE per diventare funzionario consolare e si \u00e8 laureata in economia aziendale presso l'Universidad Externado de Colombia a Bogot\u00e1.<\/p>\n<p>Andy B\u00f6ckli \u00e8 CEO del Gruppo N\u00fcssli dal 2020. In precedenza ha lavorato per diversi anni come imprenditore. Andy B\u00f6ckli ha iniziato la sua carriera nell'industria presso Honeywell, ITT e ABB prima di entrare in Oerlikon Balzers, dove \u00e8 stato responsabile per l'Europa. Andy B\u00f6ckli \u00e8 laureato in ingegneria alla FH e ha conseguito un Executive MBA. \u00c8 inoltre membro del Consiglio di amministrazione di V-Locker e Granovit e presidente del Consiglio di amministrazione di VZ Verm\u00f6genszentrum Sammelstiftung.<\/p>\n<p>La Swiss Management Association, nata dall'Istituto di Economia Aziendale (BWI) del Politecnico di Zurigo nel 1961, \u00e8 la pi\u00f9 importante associazione di leader decisionali dell'economia svizzera. Si impegna a garantire che i leader aziendali svizzeri si affermino in prima linea nella competizione globale attraverso un'eccellente gestione aziendale. Attraverso la sua funzione di rete e di piattaforma, la SMG funge da fonte di ispirazione per gli imprenditori, i dirigenti di livello C e i membri dei consigli di amministrazione che si occupano di questioni di gestione strategica e operativa. Le sue funzioni chiave sono la fornitura di impulsi, il dialogo e la gestione delle relazioni.<\/p>\n<p><em>Fonte: <a href=\"http:\/\/www.smg.ch\">www.smg.ch<\/a><\/em><\/p>","protected":false},"excerpt":{"rendered":"<p>Urs Ryffel, Helene Budliger Artieda e Andy B\u00f6ckli sono stati eletti nel Consiglio di amministrazione della Swiss Management Association (SMG) in occasione della 64a Assemblea generale. Martin Hirzel, Presidente di Swissmem, il Dr. Patrik Gisel, CEO di Jean Gallay SA, e Yves Serra, Presidente del Consiglio di Amministrazione di Georg Fischer AG, si sono dimessi dal Consiglio di Amministrazione della SMG per rotazione dopo due mandati per un totale di otto anni, cos\u00ec come la Dr.ssa Daniela Stoffel, Segretario di Stato per le questioni finanziarie internazionali presso il Dipartimento federale delle finanze (DFF), dopo un mandato di quattro anni. Il Dr. Felix Graf, CEO NZZ, \u00e8 stato confermato per un secondo mandato di quattro anni.<\/p>","protected":false},"author":58,"featured_media":25499,"comment_status":"closed","ping_status":"closed","sticky":false,"template":"","format":"standard","meta":{"_acf_changed":false,"_yoast_wpseo_focuskw":"SMG-Vorstand","_yoast_wpseo_metadesc":"Urs Ryffel, Helene Budliger Artieda und Andy B\u00f6ckli wurden neu in den Vorstand der Schweizerischen Managementgesellschaft (SMG) gew\u00e4hlt.","articlekey":"","footnotes":""},"categories":[28],"tags":[334,424,4121],"class_list":["post-25497","post","type-post","status-publish","format-standard","has-post-thumbnail","hentry","category-management","tag-management","tag-schweiz","tag-smg"],"acf":[],"yoast_head":"<!-- This site is optimized with the Yoast SEO plugin v27.5 - https:\/\/yoast.com\/product\/yoast-seo-wordpress\/ -->\n<title>Urs Ryffel, Helene Budliger Artieda und Andy B\u00f6ckli neu im SMG-Vorstand - Organisator<\/title>\n<meta name=\"description\" content=\"Urs Ryffel, Helene Budliger Artieda und Andy B\u00f6ckli wurden neu in den Vorstand der Schweizerischen Managementgesellschaft (SMG) gew\u00e4hlt.\" \/>\n<meta name=\"robots\" content=\"index, follow, max-snippet:-1, max-image-preview:large, max-video-preview:-1\" \/>\n<link rel=\"canonical\" href=\"https:\/\/www.organisator.ch\/it\/gestione-2\/2024-02-29\/urs-ryffel-helene-budliger-artieda-und-andy-boeckli-neu-im-smg-vorstand\/\" \/>\n<meta property=\"og:locale\" content=\"it_IT\" \/>\n<meta property=\"og:type\" content=\"article\" \/>\n<meta property=\"og:title\" content=\"Urs Ryffel, Helene Budliger Artieda und Andy B\u00f6ckli neu im SMG-Vorstand\" \/>\n<meta property=\"og:description\" content=\"Urs Ryffel, Helene Budliger Artieda und Andy B\u00f6ckli wurden neu in den Vorstand der Schweizerischen Managementgesellschaft (SMG) gew\u00e4hlt.\" \/>\n<meta property=\"og:url\" content=\"https:\/\/www.organisator.ch\/it\/gestione-2\/2024-02-29\/urs-ryffel-helene-budliger-artieda-und-andy-boeckli-neu-im-smg-vorstand\/\" \/>\n<meta property=\"og:site_name\" content=\"Organisator\" \/>\n<meta property=\"article:publisher\" content=\"https:\/\/www.facebook.com\/OrganisatorFachmagazin\" \/>\n<meta property=\"article:published_time\" content=\"2024-02-29T08:13:15+00:00\" \/>\n<meta property=\"og:image\" content=\"https:\/\/www.organisator.ch\/wp-content\/uploads\/2024\/02\/SMG_Bild1_ps.jpg\" \/>\n\t<meta property=\"og:image:width\" content=\"680\" \/>\n\t<meta property=\"og:image:height\" content=\"260\" \/>\n\t<meta property=\"og:image:type\" content=\"image\/jpeg\" \/>\n<meta name=\"author\" content=\"Adelisa Kalajdzini\" \/>\n<meta name=\"twitter:card\" content=\"summary_large_image\" \/>\n<meta name=\"twitter:title\" content=\"Urs Ryffel, Helene Budliger Artieda und Andy B\u00f6ckli neu im SMG-Vorstand\" \/>\n<meta name=\"twitter:description\" content=\"Urs Ryffel, Helene Budliger Artieda und Andy B\u00f6ckli wurden neu in den #Vorstand der #Schweizerischen #Managementgesellschaft #(SMG) gew\u00e4hlt.\" \/>\n<meta name=\"twitter:image\" content=\"https:\/\/www.organisator.ch\/wp-content\/uploads\/2024\/02\/SMG_Bild1_ps.jpg\" \/>\n<script type=\"application\/ld+json\" class=\"yoast-schema-graph\">{\"@context\":\"https:\\\/\\\/schema.org\",\"@graph\":[{\"@type\":\"Article\",\"@id\":\"https:\\\/\\\/www.organisator.ch\\\/management\\\/2024-02-29\\\/urs-ryffel-helene-budliger-artieda-und-andy-boeckli-neu-im-smg-vorstand\\\/#article\",\"isPartOf\":{\"@id\":\"https:\\\/\\\/www.organisator.ch\\\/management\\\/2024-02-29\\\/urs-ryffel-helene-budliger-artieda-und-andy-boeckli-neu-im-smg-vorstand\\\/\"},\"author\":{\"name\":\"Adelisa Kalajdzini\",\"@id\":\"https:\\\/\\\/www.organisator.ch\\\/#\\\/schema\\\/person\\\/2e1314a2172123f874db408d8911d3f3\"},\"headline\":\"Urs Ryffel, Helene Budliger Artieda und Andy B\u00f6ckli neu im SMG-Vorstand\",\"datePublished\":\"2024-02-29T08:13:15+00:00\",\"mainEntityOfPage\":{\"@id\":\"https:\\\/\\\/www.organisator.ch\\\/management\\\/2024-02-29\\\/urs-ryffel-helene-budliger-artieda-und-andy-boeckli-neu-im-smg-vorstand\\\/\"},\"wordCount\":413,\"publisher\":{\"@id\":\"https:\\\/\\\/www.organisator.ch\\\/#organization\"},\"image\":{\"@id\":\"https:\\\/\\\/www.organisator.ch\\\/management\\\/2024-02-29\\\/urs-ryffel-helene-budliger-artieda-und-andy-boeckli-neu-im-smg-vorstand\\\/#primaryimage\"},\"thumbnailUrl\":\"https:\\\/\\\/www.organisator.ch\\\/wp-content\\\/uploads\\\/2024\\\/02\\\/SMG_Bild1_ps.jpg\",\"keywords\":[\"Management\",\"Schweiz\",\"SMG\"],\"articleSection\":[\"MANAGEMENT\"],\"inLanguage\":\"it-IT\"},{\"@type\":\"WebPage\",\"@id\":\"https:\\\/\\\/www.organisator.ch\\\/management\\\/2024-02-29\\\/urs-ryffel-helene-budliger-artieda-und-andy-boeckli-neu-im-smg-vorstand\\\/\",\"url\":\"https:\\\/\\\/www.organisator.ch\\\/management\\\/2024-02-29\\\/urs-ryffel-helene-budliger-artieda-und-andy-boeckli-neu-im-smg-vorstand\\\/\",\"name\":\"Urs Ryffel, Helene Budliger Artieda und Andy B\u00f6ckli neu im SMG-Vorstand - Organisator\",\"isPartOf\":{\"@id\":\"https:\\\/\\\/www.organisator.ch\\\/#website\"},\"primaryImageOfPage\":{\"@id\":\"https:\\\/\\\/www.organisator.ch\\\/management\\\/2024-02-29\\\/urs-ryffel-helene-budliger-artieda-und-andy-boeckli-neu-im-smg-vorstand\\\/#primaryimage\"},\"image\":{\"@id\":\"https:\\\/\\\/www.organisator.ch\\\/management\\\/2024-02-29\\\/urs-ryffel-helene-budliger-artieda-und-andy-boeckli-neu-im-smg-vorstand\\\/#primaryimage\"},\"thumbnailUrl\":\"https:\\\/\\\/www.organisator.ch\\\/wp-content\\\/uploads\\\/2024\\\/02\\\/SMG_Bild1_ps.jpg\",\"datePublished\":\"2024-02-29T08:13:15+00:00\",\"description\":\"Urs Ryffel, Helene Budliger Artieda und Andy B\u00f6ckli wurden neu in den Vorstand der Schweizerischen Managementgesellschaft (SMG) gew\u00e4hlt.\",\"breadcrumb\":{\"@id\":\"https:\\\/\\\/www.organisator.ch\\\/management\\\/2024-02-29\\\/urs-ryffel-helene-budliger-artieda-und-andy-boeckli-neu-im-smg-vorstand\\\/#breadcrumb\"},\"inLanguage\":\"it-IT\",\"potentialAction\":[{\"@type\":\"ReadAction\",\"target\":[\"https:\\\/\\\/www.organisator.ch\\\/management\\\/2024-02-29\\\/urs-ryffel-helene-budliger-artieda-und-andy-boeckli-neu-im-smg-vorstand\\\/\"]}]},{\"@type\":\"ImageObject\",\"inLanguage\":\"it-IT\",\"@id\":\"https:\\\/\\\/www.organisator.ch\\\/management\\\/2024-02-29\\\/urs-ryffel-helene-budliger-artieda-und-andy-boeckli-neu-im-smg-vorstand\\\/#primaryimage\",\"url\":\"https:\\\/\\\/www.organisator.ch\\\/wp-content\\\/uploads\\\/2024\\\/02\\\/SMG_Bild1_ps.jpg\",\"contentUrl\":\"https:\\\/\\\/www.organisator.ch\\\/wp-content\\\/uploads\\\/2024\\\/02\\\/SMG_Bild1_ps.jpg\",\"width\":680,\"height\":260,\"caption\":\"Urs Ryffel, Helene Budliger Artieda und Andy B\u00f6ckli neu in den Vorstand der Schweizerischen Managementgesellschaft (SMG) gew\u00e4hlt. (Bild: www.smg.ch)\"},{\"@type\":\"BreadcrumbList\",\"@id\":\"https:\\\/\\\/www.organisator.ch\\\/management\\\/2024-02-29\\\/urs-ryffel-helene-budliger-artieda-und-andy-boeckli-neu-im-smg-vorstand\\\/#breadcrumb\",\"itemListElement\":[{\"@type\":\"ListItem\",\"position\":1,\"name\":\"Home\",\"item\":\"https:\\\/\\\/www.organisator.ch\\\/\"},{\"@type\":\"ListItem\",\"position\":2,\"name\":\"Urs Ryffel, Helene Budliger Artieda und Andy B\u00f6ckli neu im SMG-Vorstand\"}]},{\"@type\":\"WebSite\",\"@id\":\"https:\\\/\\\/www.organisator.ch\\\/#website\",\"url\":\"https:\\\/\\\/www.organisator.ch\\\/\",\"name\":\"Organisator\",\"description\":\"Kompetent. Praxisnah. Der ORGANISATOR bereitet in 10 Ausgaben pro Jahr die wesentlichen Themen f\u00fcr F\u00fchrungskr\u00e4fte von KMU auf.\",\"publisher\":{\"@id\":\"https:\\\/\\\/www.organisator.ch\\\/#organization\"},\"potentialAction\":[{\"@type\":\"SearchAction\",\"target\":{\"@type\":\"EntryPoint\",\"urlTemplate\":\"https:\\\/\\\/www.organisator.ch\\\/?s={search_term_string}\"},\"query-input\":{\"@type\":\"PropertyValueSpecification\",\"valueRequired\":true,\"valueName\":\"search_term_string\"}}],\"inLanguage\":\"it-IT\"},{\"@type\":\"Organization\",\"@id\":\"https:\\\/\\\/www.organisator.ch\\\/#organization\",\"name\":\"Organisator\",\"url\":\"https:\\\/\\\/www.organisator.ch\\\/\",\"logo\":{\"@type\":\"ImageObject\",\"inLanguage\":\"it-IT\",\"@id\":\"https:\\\/\\\/www.organisator.ch\\\/#\\\/schema\\\/logo\\\/image\\\/\",\"url\":\"https:\\\/\\\/www.organisator.ch\\\/wp-content\\\/uploads\\\/2022\\\/01\\\/Logo_Organisator_Website.png\",\"contentUrl\":\"https:\\\/\\\/www.organisator.ch\\\/wp-content\\\/uploads\\\/2022\\\/01\\\/Logo_Organisator_Website.png\",\"width\":800,\"height\":77,\"caption\":\"Organisator\"},\"image\":{\"@id\":\"https:\\\/\\\/www.organisator.ch\\\/#\\\/schema\\\/logo\\\/image\\\/\"},\"sameAs\":[\"https:\\\/\\\/www.facebook.com\\\/OrganisatorFachmagazin\",\"https:\\\/\\\/www.linkedin.com\\\/showcase\\\/organisator-das-magazin-fr-kmu\",\"https:\\\/\\\/www.xing.com\\\/news\\\/pages\\\/organisator-ch-695\",\"https:\\\/\\\/www.youtube.com\\\/channel\\\/UCGP2Sq0iWaZwT3BdIAQFYpw\"]},{\"@type\":\"Person\",\"@id\":\"https:\\\/\\\/www.organisator.ch\\\/#\\\/schema\\\/person\\\/2e1314a2172123f874db408d8911d3f3\",\"name\":\"Adelisa Kalajdzini\",\"image\":{\"@type\":\"ImageObject\",\"inLanguage\":\"it-IT\",\"@id\":\"https:\\\/\\\/secure.gravatar.com\\\/avatar\\\/09a397c22ac58cad6f160ee8306348599df9df58a8ede73696226897b9fa4b24?s=96&d=mm&r=g\",\"url\":\"https:\\\/\\\/secure.gravatar.com\\\/avatar\\\/09a397c22ac58cad6f160ee8306348599df9df58a8ede73696226897b9fa4b24?s=96&d=mm&r=g\",\"contentUrl\":\"https:\\\/\\\/secure.gravatar.com\\\/avatar\\\/09a397c22ac58cad6f160ee8306348599df9df58a8ede73696226897b9fa4b24?s=96&d=mm&r=g\",\"caption\":\"Adelisa Kalajdzini\"},\"url\":\"https:\\\/\\\/www.organisator.ch\\\/it\\\/author\\\/adelisa-kalajdzini\\\/\"}]}<\/script>\n<!-- \/ Yoast SEO plugin. -->","yoast_head_json":{"title":"Urs Ryffel, Helene Budliger Artieda e Andy B\u00f6ckli nuovi membri del Consiglio SMG - Organizzatore","description":"Urs Ryffel, Helene Budliger Artieda e Andy B\u00f6ckli sono stati recentemente eletti nel Consiglio dell'Associazione Svizzera di Management (SMG).","robots":{"index":"index","follow":"follow","max-snippet":"max-snippet:-1","max-image-preview":"max-image-preview:large","max-video-preview":"max-video-preview:-1"},"canonical":"https:\/\/www.organisator.ch\/it\/gestione-2\/2024-02-29\/urs-ryffel-helene-budliger-artieda-und-andy-boeckli-neu-im-smg-vorstand\/","og_locale":"it_IT","og_type":"article","og_title":"Urs Ryffel, Helene Budliger Artieda und Andy B\u00f6ckli neu im SMG-Vorstand","og_description":"Urs Ryffel, Helene Budliger Artieda und Andy B\u00f6ckli wurden neu in den Vorstand der Schweizerischen Managementgesellschaft (SMG) gew\u00e4hlt.","og_url":"https:\/\/www.organisator.ch\/it\/gestione-2\/2024-02-29\/urs-ryffel-helene-budliger-artieda-und-andy-boeckli-neu-im-smg-vorstand\/","og_site_name":"Organisator","article_publisher":"https:\/\/www.facebook.com\/OrganisatorFachmagazin","article_published_time":"2024-02-29T08:13:15+00:00","og_image":[{"width":680,"height":260,"url":"https:\/\/www.organisator.ch\/wp-content\/uploads\/2024\/02\/SMG_Bild1_ps.jpg","type":"image\/jpeg"}],"author":"Adelisa Kalajdzini","twitter_card":"summary_large_image","twitter_title":"Urs Ryffel, Helene Budliger Artieda und Andy B\u00f6ckli neu im SMG-Vorstand","twitter_description":"Urs Ryffel, Helene Budliger Artieda und Andy B\u00f6ckli wurden neu in den #Vorstand der #Schweizerischen #Managementgesellschaft #(SMG) gew\u00e4hlt.","twitter_image":"https:\/\/www.organisator.ch\/wp-content\/uploads\/2024\/02\/SMG_Bild1_ps.jpg","schema":{"@context":"https:\/\/schema.org","@graph":[{"@type":"Article","@id":"https:\/\/www.organisator.ch\/management\/2024-02-29\/urs-ryffel-helene-budliger-artieda-und-andy-boeckli-neu-im-smg-vorstand\/#article","isPartOf":{"@id":"https:\/\/www.organisator.ch\/management\/2024-02-29\/urs-ryffel-helene-budliger-artieda-und-andy-boeckli-neu-im-smg-vorstand\/"},"author":{"name":"Adelisa Kalajdzini","@id":"https:\/\/www.organisator.ch\/#\/schema\/person\/2e1314a2172123f874db408d8911d3f3"},"headline":"Urs Ryffel, Helene Budliger Artieda und Andy B\u00f6ckli neu im SMG-Vorstand","datePublished":"2024-02-29T08:13:15+00:00","mainEntityOfPage":{"@id":"https:\/\/www.organisator.ch\/management\/2024-02-29\/urs-ryffel-helene-budliger-artieda-und-andy-boeckli-neu-im-smg-vorstand\/"},"wordCount":413,"publisher":{"@id":"https:\/\/www.organisator.ch\/#organization"},"image":{"@id":"https:\/\/www.organisator.ch\/management\/2024-02-29\/urs-ryffel-helene-budliger-artieda-und-andy-boeckli-neu-im-smg-vorstand\/#primaryimage"},"thumbnailUrl":"https:\/\/www.organisator.ch\/wp-content\/uploads\/2024\/02\/SMG_Bild1_ps.jpg","keywords":["Management","Schweiz","SMG"],"articleSection":["MANAGEMENT"],"inLanguage":"it-IT"},{"@type":"WebPage","@id":"https:\/\/www.organisator.ch\/management\/2024-02-29\/urs-ryffel-helene-budliger-artieda-und-andy-boeckli-neu-im-smg-vorstand\/","url":"https:\/\/www.organisator.ch\/management\/2024-02-29\/urs-ryffel-helene-budliger-artieda-und-andy-boeckli-neu-im-smg-vorstand\/","name":"Urs Ryffel, Helene Budliger Artieda e Andy B\u00f6ckli nuovi membri del Consiglio SMG - Organizzatore","isPartOf":{"@id":"https:\/\/www.organisator.ch\/#website"},"primaryImageOfPage":{"@id":"https:\/\/www.organisator.ch\/management\/2024-02-29\/urs-ryffel-helene-budliger-artieda-und-andy-boeckli-neu-im-smg-vorstand\/#primaryimage"},"image":{"@id":"https:\/\/www.organisator.ch\/management\/2024-02-29\/urs-ryffel-helene-budliger-artieda-und-andy-boeckli-neu-im-smg-vorstand\/#primaryimage"},"thumbnailUrl":"https:\/\/www.organisator.ch\/wp-content\/uploads\/2024\/02\/SMG_Bild1_ps.jpg","datePublished":"2024-02-29T08:13:15+00:00","description":"Urs Ryffel, Helene Budliger Artieda e Andy B\u00f6ckli sono stati recentemente eletti nel Consiglio dell'Associazione Svizzera di Management (SMG).","breadcrumb":{"@id":"https:\/\/www.organisator.ch\/management\/2024-02-29\/urs-ryffel-helene-budliger-artieda-und-andy-boeckli-neu-im-smg-vorstand\/#breadcrumb"},"inLanguage":"it-IT","potentialAction":[{"@type":"ReadAction","target":["https:\/\/www.organisator.ch\/management\/2024-02-29\/urs-ryffel-helene-budliger-artieda-und-andy-boeckli-neu-im-smg-vorstand\/"]}]},{"@type":"ImageObject","inLanguage":"it-IT","@id":"https:\/\/www.organisator.ch\/management\/2024-02-29\/urs-ryffel-helene-budliger-artieda-und-andy-boeckli-neu-im-smg-vorstand\/#primaryimage","url":"https:\/\/www.organisator.ch\/wp-content\/uploads\/2024\/02\/SMG_Bild1_ps.jpg","contentUrl":"https:\/\/www.organisator.ch\/wp-content\/uploads\/2024\/02\/SMG_Bild1_ps.jpg","width":680,"height":260,"caption":"Urs Ryffel, Helene Budliger Artieda und Andy B\u00f6ckli neu in den Vorstand der Schweizerischen Managementgesellschaft (SMG) gew\u00e4hlt. (Bild: www.smg.ch)"},{"@type":"BreadcrumbList","@id":"https:\/\/www.organisator.ch\/management\/2024-02-29\/urs-ryffel-helene-budliger-artieda-und-andy-boeckli-neu-im-smg-vorstand\/#breadcrumb","itemListElement":[{"@type":"ListItem","position":1,"name":"Home","item":"https:\/\/www.organisator.ch\/"},{"@type":"ListItem","position":2,"name":"Urs Ryffel, Helene Budliger Artieda und Andy B\u00f6ckli neu im SMG-Vorstand"}]},{"@type":"WebSite","@id":"https:\/\/www.organisator.ch\/#website","url":"https:\/\/www.organisator.ch\/","name":"Organizzatore","description":"Competente. Pratico. In 10 numeri all'anno, ORGANISATOR presenta i temi essenziali per i manager delle PMI.","publisher":{"@id":"https:\/\/www.organisator.ch\/#organization"},"potentialAction":[{"@type":"SearchAction","target":{"@type":"EntryPoint","urlTemplate":"https:\/\/www.organisator.ch\/?s={search_term_string}"},"query-input":{"@type":"PropertyValueSpecification","valueRequired":true,"valueName":"search_term_string"}}],"inLanguage":"it-IT"},{"@type":"Organization","@id":"https:\/\/www.organisator.ch\/#organization","name":"Organizzatore","url":"https:\/\/www.organisator.ch\/","logo":{"@type":"ImageObject","inLanguage":"it-IT","@id":"https:\/\/www.organisator.ch\/#\/schema\/logo\/image\/","url":"https:\/\/www.organisator.ch\/wp-content\/uploads\/2022\/01\/Logo_Organisator_Website.png","contentUrl":"https:\/\/www.organisator.ch\/wp-content\/uploads\/2022\/01\/Logo_Organisator_Website.png","width":800,"height":77,"caption":"Organisator"},"image":{"@id":"https:\/\/www.organisator.ch\/#\/schema\/logo\/image\/"},"sameAs":["https:\/\/www.facebook.com\/OrganisatorFachmagazin","https:\/\/www.linkedin.com\/showcase\/organisator-das-magazin-fr-kmu","https:\/\/www.xing.com\/news\/pages\/organisator-ch-695","https:\/\/www.youtube.com\/channel\/UCGP2Sq0iWaZwT3BdIAQFYpw"]},{"@type":"Person","@id":"https:\/\/www.organisator.ch\/#\/schema\/person\/2e1314a2172123f874db408d8911d3f3","name":"Adelisa Kalajdzini","image":{"@type":"ImageObject","inLanguage":"it-IT","@id":"https:\/\/secure.gravatar.com\/avatar\/09a397c22ac58cad6f160ee8306348599df9df58a8ede73696226897b9fa4b24?s=96&d=mm&r=g","url":"https:\/\/secure.gravatar.com\/avatar\/09a397c22ac58cad6f160ee8306348599df9df58a8ede73696226897b9fa4b24?s=96&d=mm&r=g","contentUrl":"https:\/\/secure.gravatar.com\/avatar\/09a397c22ac58cad6f160ee8306348599df9df58a8ede73696226897b9fa4b24?s=96&d=mm&r=g","caption":"Adelisa Kalajdzini"},"url":"https:\/\/www.organisator.ch\/it\/author\/adelisa-kalajdzini\/"}]}},"_links":{"self":[{"href":"https:\/\/www.organisator.ch\/it\/wp-json\/wp\/v2\/posts\/25497","targetHints":{"allow":["GET"]}}],"collection":[{"href":"https:\/\/www.organisator.ch\/it\/wp-json\/wp\/v2\/posts"}],"about":[{"href":"https:\/\/www.organisator.ch\/it\/wp-json\/wp\/v2\/types\/post"}],"author":[{"embeddable":true,"href":"https:\/\/www.organisator.ch\/it\/wp-json\/wp\/v2\/users\/58"}],"replies":[{"embeddable":true,"href":"https:\/\/www.organisator.ch\/it\/wp-json\/wp\/v2\/comments?post=25497"}],"version-history":[{"count":6,"href":"https:\/\/www.organisator.ch\/it\/wp-json\/wp\/v2\/posts\/25497\/revisions"}],"predecessor-version":[{"id":25530,"href":"https:\/\/www.organisator.ch\/it\/wp-json\/wp\/v2\/posts\/25497\/revisions\/25530"}],"wp:featuredmedia":[{"embeddable":true,"href":"https:\/\/www.organisator.ch\/it\/wp-json\/wp\/v2\/media\/25499"}],"wp:attachment":[{"href":"https:\/\/www.organisator.ch\/it\/wp-json\/wp\/v2\/media?parent=25497"}],"wp:term":[{"taxonomy":"category","embeddable":true,"href":"https:\/\/www.organisator.ch\/it\/wp-json\/wp\/v2\/categories?post=25497"},{"taxonomy":"post_tag","embeddable":true,"href":"https:\/\/www.organisator.ch\/it\/wp-json\/wp\/v2\/tags?post=25497"}],"curies":[{"name":"wp","href":"https:\/\/api.w.org\/{rel}","templated":true}]}}